{"id":142614,"date":"2025-07-11T13:41:21","date_gmt":"2025-07-11T10:41:21","guid":{"rendered":"https:\/\/denizcankizil.tr\/uncategorized-tr\/antalya-alanya-otobaninda-yeni-gelisme-is-makineleri-kontak-cevirdi-calismalar-basladi\/"},"modified":"2025-07-11T13:41:21","modified_gmt":"2025-07-11T10:41:21","slug":"antalya-alanya-otobaninda-yeni-gelisme-is-makineleri-kontak-cevirdi-calismalar-basladi","status":"publish","type":"post","link":"http:\/\/denizcankizil.tr\/de\/haberler\/gundem\/antalya-alanya-otobaninda-yeni-gelisme-is-makineleri-kontak-cevirdi-calismalar-basladi\/","title":{"rendered":"Antalya-Alanya otoban\u0131nda yeni geli\u015fme: \u0130\u015f makineleri kontak \u00e7evirdi \u00e7al\u0131\u015fmalar ba\u015flad\u0131!"},"content":{"rendered":"<p>Antalya ile Alanya aras\u0131ndaki ula\u015f\u0131m\u0131 \u00f6nemli \u00f6l\u00e7\u00fcde rahatlatmas\u0131 beklenen Antalya-Alanya Otoyolu Projesi\u2019nde \u00e7al\u0131\u015fmalar s\u00fcratle devam ediyor. Proje kapsam\u0131nda arazileri istimlak edilen vatanda\u015flar i\u00e7in ge\u00e7ti\u011fimiz g\u00fcnlerde Karayollar\u0131 Genel M\u00fcd\u00fcrl\u00fc\u011f\u00fc yetkililerinin kat\u0131l\u0131m\u0131yla bilgilendirme toplant\u0131lar\u0131 yap\u0131lm\u0131\u015ft\u0131. O toplant\u0131lar\u0131n ard\u0131ndan bug\u00fcn Serik\u2019te i\u015f makineleri \u00e7al\u0131\u015fmaya ba\u015flad\u0131.<\/p>\n<p>BATI KAV\u015eA\u011eI\u2019NDA SON BULACAK<\/p>\n<p>Antalya-Alanya Otoyolu Projesi\u2019nin 84 kilometresi 2&#215;3 \u015feritli otoyol ve 38 kilometresi 2&#215;2 \u015feritli ba\u011flant\u0131 yolu olmak \u00fczere toplam 122 kilometrelik bir g\u00fczerg\u00e2h\u0131 kaps\u0131yor. Serik Kav\u015fa\u011f\u0131\u2019ndan ba\u015flayarak Toros Da\u011flar\u0131\u2019n\u0131n eteklerinden ilerleyen otoyol, Konakl\u0131\u2019n\u0131n kuzeyindeki Bat\u0131 Kav\u015fa\u011f\u0131\u2019nda son bulacak.<\/p>\n<p>TOPLAM UZUNLU\u011eU 11 B\u0130N METRE<\/p>\n<p>Ula\u015ft\u0131rma ve Altyap\u0131 Bakan\u0131 Abdulkadir Uralo\u011flu, otoyolun teknik detaylar\u0131n\u0131 daha \u00f6nce kamuoyuyla payla\u015fm\u0131\u015ft\u0131. Bakan Uralo\u011flu, \u201cProje kapsam\u0131nda 7 kav\u015fak (Serik, Ta\u015fa\u011f\u0131l, Manavgat, Manavgat Do\u011fu, Alarahan, Konakl\u0131, Alanya Bat\u0131), toplam uzunlu\u011fu 11 bin 300 metre olan 8 t\u00fcnel, 7 bin 30 metre uzunlu\u011funda 19 viyad\u00fck ve 4 otoyol hizmet tesisi yer alacak.\u201d demi\u015fti.<\/p>\n<p>6,6 M\u0130LYAR TL TASARRUF<\/p>\n<p>Antalya K\u00f6rfez Gazetesi muhabiri Ertu\u011frul G\u00fcn&#8217;\u00fcn haberine g\u00f6re; Uralo\u011flu, projenin tamamlanmas\u0131yla birlikte y\u0131ll\u0131k 6,6 milyar TL tasarruf sa\u011flanaca\u011f\u0131n\u0131 belirterek, bunun hem zaman kayb\u0131n\u0131n \u00f6n\u00fcne ge\u00e7ilmesi hem de akaryak\u0131t t\u00fcketiminin azalmas\u0131 sayesinde ger\u00e7ekle\u015fece\u011fini vurgulad\u0131.<\/p>\n<p>YAKIT MAL\u0130YETLER\u0130NDE D\u00dc\u015e\u00dc\u015e<\/p>\n<p>Antalya-Alanya Otoyolu Projesi\u2019nin, b\u00f6lgedeki turizmi ve ticareti olumlu y\u00f6nde etkilemesi bekleniyor. Yeni otoyol sayesinde \u015fehir i\u00e7i trafi\u011fe girmeden h\u0131zl\u0131 ve g\u00fcvenli bir ula\u015f\u0131m sa\u011flanacak. Ayr\u0131ca mevcut devlet yolundaki trafik yo\u011funlu\u011fu da \u00f6nemli \u00f6l\u00e7\u00fcde azalacak. B\u00f6ylece ara\u00e7lar\u0131n bak\u0131m, onar\u0131m ve yak\u0131t maliyetlerinde d\u00fc\u015f\u00fc\u015f ya\u015fanmas\u0131 \u00f6ng\u00f6r\u00fcl\u00fcrken, g\u00fcr\u00fclt\u00fc ve \u00e7evre kirlili\u011finin de en aza indirilece\u011fi belirtiliyor.<\/p>\n<p>\u0130\u015e MAK\u0130NELER\u0130 BA\u015eLADI<\/p>\n<p>Projede yeni bir a\u015fama bug\u00fcn sabah saatleri itibariyle ge\u00e7ildi. Manavgat Ta\u015fa\u011f\u0131l Mahallesinde g\u00fczerg\u00e2h \u00fczerinde i\u015f makineleri \u00e7al\u0131\u015fmaya ba\u015flad\u0131. \u0130\u015f makinelerinin ilk t\u00fcnel i\u00e7in haz\u0131rl\u0131k yapt\u0131\u011f\u0131 \u00f6\u011frenildi. \u0130\u015f makineleri g\u00fczerg\u00e2h \u00fczerinde temizlik \u00e7al\u0131\u015fmas\u0131 ger\u00e7ekle\u015ftirdi. \u00c7al\u0131\u015fmalar\u0131n g\u00fczerg\u00e2h boyunca devam edece\u011fi \u00f6\u011frenildi.<\/p>\n<p>\u200bAntalya ile Alanya aras\u0131ndaki ula\u015f\u0131m\u0131 \u00f6nemli \u00f6l\u00e7\u00fcde rahatlatmas\u0131 beklenen Antalya-Alanya Otoyolu Projesi\u2019nde yeni bir a\u015famaya ge\u00e7ildi. Bu kapsamda Manavgat\u2019ta i\u015f makineleri \u00e7al\u0131\u015fmaya ba\u015flad\u0131. \u0130\u015fte detaylar\u2026\u00a0<\/p>\n<p>\u200bHaberin Al\u0131nt\u0131land\u0131\u011f\u0131 Kaynak: www.antalyakorfez.com<\/p>","protected":false},"excerpt":{"rendered":"<p>Antalya ile Alanya aras\u0131ndaki ula\u015f\u0131m\u0131 \u00f6nemli \u00f6l\u00e7\u00fcde rahatlatmas\u0131 beklenen Antalya-Alanya Otoyolu Projesi\u2019nde \u00e7al\u0131\u015fmalar s\u00fcratle devam ediyor. Proje kapsam\u0131nda arazileri istimlak edilen vatanda\u015flar i\u00e7in ge\u00e7ti\u011fimiz g\u00fcnlerde Karayollar\u0131 Genel M\u00fcd\u00fcrl\u00fc\u011f\u00fc yetkililerinin kat\u0131l\u0131m\u0131yla bilgilendirme toplant\u0131lar\u0131 yap\u0131lm\u0131\u015ft\u0131. O toplant\u0131lar\u0131n ard\u0131ndan bug\u00fcn Serik\u2019te i\u015f makineleri \u00e7al\u0131\u015fmaya ba\u015flad\u0131. BATI KAV\u015eA\u011eI\u2019NDA SON BULACAK Antalya-Alanya Otoyolu Projesi\u2019nin 84 kilometresi 2&#215;3 \u015feritli otoyol ve 38 kilometresi 2&#215;2 \u015feritli ba\u011flant\u0131 yolu olmak \u00fczere toplam 122 kilometrelik bir g\u00fczerg\u00e2h\u0131 kaps\u0131yor. Serik Kav\u015fa\u011f\u0131\u2019ndan ba\u015flayarak Toros Da\u011flar\u0131\u2019n\u0131n eteklerinden ilerleyen otoyol, Konakl\u0131\u2019n\u0131n kuzeyindeki Bat\u0131 Kav\u015fa\u011f\u0131\u2019nda son bulacak. TOPLAM UZUNLU\u011eU 11 B\u0130N METRE Ula\u015ft\u0131rma ve Altyap\u0131 Bakan\u0131 Abdulkadir Uralo\u011flu, otoyolun teknik detaylar\u0131n\u0131 daha \u00f6nce kamuoyuyla payla\u015fm\u0131\u015ft\u0131. Bakan Uralo\u011flu, \u201cProje kapsam\u0131nda 7 kav\u015fak (Serik, Ta\u015fa\u011f\u0131l, Manavgat, Manavgat Do\u011fu, Alarahan, Konakl\u0131, Alanya Bat\u0131), toplam uzunlu\u011fu 11 bin 300 metre olan 8 t\u00fcnel, 7 bin 30 metre uzunlu\u011funda 19 viyad\u00fck ve 4 otoyol hizmet tesisi yer alacak.\u201d demi\u015fti. 6,6 M\u0130LYAR TL TASARRUF Antalya K\u00f6rfez Gazetesi muhabiri Ertu\u011frul G\u00fcn&#8217;\u00fcn haberine g\u00f6re; Uralo\u011flu, projenin tamamlanmas\u0131yla birlikte y\u0131ll\u0131k 6,6 milyar TL tasarruf sa\u011flanaca\u011f\u0131n\u0131 belirterek, bunun hem zaman kayb\u0131n\u0131n \u00f6n\u00fcne ge\u00e7ilmesi hem de akaryak\u0131t t\u00fcketiminin azalmas\u0131 sayesinde ger\u00e7ekle\u015fece\u011fini vurgulad\u0131. YAKIT MAL\u0130YETLER\u0130NDE D\u00dc\u015e\u00dc\u015e Antalya-Alanya Otoyolu Projesi\u2019nin, b\u00f6lgedeki turizmi ve ticareti olumlu y\u00f6nde etkilemesi bekleniyor. Yeni otoyol sayesinde \u015fehir i\u00e7i trafi\u011fe girmeden h\u0131zl\u0131 ve &hellip;<\/p>","protected":false},"author":5,"featured_media":0,"comment_status":"","ping_status":"open","sticky":false,"template":"","format":"standard","meta":{"_acf_changed":false,"footnotes":""},"categories":[24],"tags":[],"class_list":["post-142614","post","type-post","status-publish","format-standard","has-post-thumbnail","hentry","category-gundem"],"acf":[],"yoast_head":"<!-- This site is optimized with the Yoast SEO Premium plugin v26.6 (Yoast SEO v27.1.1) - https:\/\/yoast.com\/product\/yoast-seo-premium-wordpress\/ -->\n<title>Antalya-Alanya otoban\u0131nda yeni geli\u015fme: \u0130\u015f makineleri kontak \u00e7evirdi \u00e7al\u0131\u015fmalar ba\u015flad\u0131! - Av. Deniz Can K\u0131z\u0131l<\/title>\n<meta name=\"robots\" content=\"index, follow, max-snippet:-1, max-image-preview:large, max-video-preview:-1\" \/>\n<link rel=\"canonical\" href=\"http:\/\/denizcankizil.tr\/de\/haberler\/gundem\/antalya-alanya-otobaninda-yeni-gelisme-is-makineleri-kontak-cevirdi-calismalar-basladi\/\" \/>\n<meta property=\"og:locale\" content=\"de_DE\" \/>\n<meta property=\"og:type\" content=\"article\" \/>\n<meta property=\"og:title\" content=\"Antalya-Alanya otoban\u0131nda yeni geli\u015fme: \u0130\u015f makineleri kontak \u00e7evirdi \u00e7al\u0131\u015fmalar ba\u015flad\u0131!\" \/>\n<meta property=\"og:description\" content=\"Antalya ile Alanya aras\u0131ndaki ula\u015f\u0131m\u0131 \u00f6nemli \u00f6l\u00e7\u00fcde rahatlatmas\u0131 beklenen Antalya-Alanya Otoyolu Projesi\u2019nde \u00e7al\u0131\u015fmalar s\u00fcratle devam ediyor. Proje kapsam\u0131nda arazileri istimlak edilen vatanda\u015flar i\u00e7in ge\u00e7ti\u011fimiz g\u00fcnlerde Karayollar\u0131 Genel M\u00fcd\u00fcrl\u00fc\u011f\u00fc yetkililerinin kat\u0131l\u0131m\u0131yla bilgilendirme toplant\u0131lar\u0131 yap\u0131lm\u0131\u015ft\u0131. O toplant\u0131lar\u0131n ard\u0131ndan bug\u00fcn Serik\u2019te i\u015f makineleri \u00e7al\u0131\u015fmaya ba\u015flad\u0131. BATI KAV\u015eA\u011eI\u2019NDA SON BULACAK Antalya-Alanya Otoyolu Projesi\u2019nin 84 kilometresi 2&#215;3 \u015feritli otoyol ve 38 kilometresi 2&#215;2 \u015feritli ba\u011flant\u0131 yolu olmak \u00fczere toplam 122 kilometrelik bir g\u00fczerg\u00e2h\u0131 kaps\u0131yor. Serik Kav\u015fa\u011f\u0131\u2019ndan ba\u015flayarak Toros Da\u011flar\u0131\u2019n\u0131n eteklerinden ilerleyen otoyol, Konakl\u0131\u2019n\u0131n kuzeyindeki Bat\u0131 Kav\u015fa\u011f\u0131\u2019nda son bulacak. TOPLAM UZUNLU\u011eU 11 B\u0130N METRE Ula\u015ft\u0131rma ve Altyap\u0131 Bakan\u0131 Abdulkadir Uralo\u011flu, otoyolun teknik detaylar\u0131n\u0131 daha \u00f6nce kamuoyuyla payla\u015fm\u0131\u015ft\u0131. Bakan Uralo\u011flu, \u201cProje kapsam\u0131nda 7 kav\u015fak (Serik, Ta\u015fa\u011f\u0131l, Manavgat, Manavgat Do\u011fu, Alarahan, Konakl\u0131, Alanya Bat\u0131), toplam uzunlu\u011fu 11 bin 300 metre olan 8 t\u00fcnel, 7 bin 30 metre uzunlu\u011funda 19 viyad\u00fck ve 4 otoyol hizmet tesisi yer alacak.\u201d demi\u015fti. 6,6 M\u0130LYAR TL TASARRUF Antalya K\u00f6rfez Gazetesi muhabiri Ertu\u011frul G\u00fcn&#8217;\u00fcn haberine g\u00f6re; Uralo\u011flu, projenin tamamlanmas\u0131yla birlikte y\u0131ll\u0131k 6,6 milyar TL tasarruf sa\u011flanaca\u011f\u0131n\u0131 belirterek, bunun hem zaman kayb\u0131n\u0131n \u00f6n\u00fcne ge\u00e7ilmesi hem de akaryak\u0131t t\u00fcketiminin azalmas\u0131 sayesinde ger\u00e7ekle\u015fece\u011fini vurgulad\u0131. YAKIT MAL\u0130YETLER\u0130NDE D\u00dc\u015e\u00dc\u015e Antalya-Alanya Otoyolu Projesi\u2019nin, b\u00f6lgedeki turizmi ve ticareti olumlu y\u00f6nde etkilemesi bekleniyor. Yeni otoyol sayesinde \u015fehir i\u00e7i trafi\u011fe girmeden h\u0131zl\u0131 ve &hellip;\" \/>\n<meta property=\"og:url\" content=\"http:\/\/denizcankizil.tr\/de\/haberler\/gundem\/antalya-alanya-otobaninda-yeni-gelisme-is-makineleri-kontak-cevirdi-calismalar-basladi\/\" \/>\n<meta property=\"og:site_name\" content=\"Av. Deniz Can K\u0131z\u0131l\" \/>\n<meta property=\"article:published_time\" content=\"2025-07-11T10:41:21+00:00\" \/>\n<meta name=\"author\" content=\"Antalya K\u00f6rfez\" \/>\n<meta name=\"twitter:card\" content=\"summary_large_image\" \/>\n<meta name=\"twitter:label1\" content=\"Verfasst von\" \/>\n\t<meta name=\"twitter:data1\" content=\"Antalya K\u00f6rfez\" \/>\n\t<meta name=\"twitter:label2\" content=\"Gesch\u00e4tzte Lesezeit\" \/>\n\t<meta name=\"twitter:data2\" content=\"2\u00a0Minuten\" \/>\n<script type=\"application\/ld+json\" class=\"yoast-schema-graph\">{\"@context\":\"https:\/\/schema.org\",\"@graph\":[{\"@type\":\"Article\",\"@id\":\"http:\/\/denizcankizil.tr\/de\/haberler\/gundem\/antalya-alanya-otobaninda-yeni-gelisme-is-makineleri-kontak-cevirdi-calismalar-basladi\/#article\",\"isPartOf\":{\"@id\":\"http:\/\/denizcankizil.tr\/de\/haberler\/gundem\/antalya-alanya-otobaninda-yeni-gelisme-is-makineleri-kontak-cevirdi-calismalar-basladi\/\"},\"author\":{\"name\":\"Antalya K\u00f6rfez\",\"@id\":\"https:\/\/denizcankizil.tr\/de\/#\/schema\/person\/e1eb71bb4dd684d46563f0af307e1234\"},\"headline\":\"Antalya-Alanya otoban\u0131nda yeni geli\u015fme: \u0130\u015f makineleri kontak \u00e7evirdi \u00e7al\u0131\u015fmalar ba\u015flad\u0131!\",\"datePublished\":\"2025-07-11T10:41:21+00:00\",\"mainEntityOfPage\":{\"@id\":\"http:\/\/denizcankizil.tr\/de\/haberler\/gundem\/antalya-alanya-otobaninda-yeni-gelisme-is-makineleri-kontak-cevirdi-calismalar-basladi\/\"},\"wordCount\":452,\"publisher\":{\"@id\":\"https:\/\/denizcankizil.tr\/de\/#organization\"},\"articleSection\":[\"G\u00fcndem\"],\"inLanguage\":\"de\"},{\"@type\":\"WebPage\",\"@id\":\"http:\/\/denizcankizil.tr\/de\/haberler\/gundem\/antalya-alanya-otobaninda-yeni-gelisme-is-makineleri-kontak-cevirdi-calismalar-basladi\/\",\"url\":\"http:\/\/denizcankizil.tr\/de\/haberler\/gundem\/antalya-alanya-otobaninda-yeni-gelisme-is-makineleri-kontak-cevirdi-calismalar-basladi\/\",\"name\":\"Antalya-Alanya otoban\u0131nda yeni geli\u015fme: \u0130\u015f makineleri kontak \u00e7evirdi \u00e7al\u0131\u015fmalar ba\u015flad\u0131! - Av. Deniz Can K\u0131z\u0131l\",\"isPartOf\":{\"@id\":\"https:\/\/denizcankizil.tr\/de\/#website\"},\"datePublished\":\"2025-07-11T10:41:21+00:00\",\"breadcrumb\":{\"@id\":\"http:\/\/denizcankizil.tr\/de\/haberler\/gundem\/antalya-alanya-otobaninda-yeni-gelisme-is-makineleri-kontak-cevirdi-calismalar-basladi\/#breadcrumb\"},\"inLanguage\":\"de\",\"potentialAction\":[{\"@type\":\"ReadAction\",\"target\":[\"http:\/\/denizcankizil.tr\/de\/haberler\/gundem\/antalya-alanya-otobaninda-yeni-gelisme-is-makineleri-kontak-cevirdi-calismalar-basladi\/\"]}]},{\"@type\":\"BreadcrumbList\",\"@id\":\"http:\/\/denizcankizil.tr\/de\/haberler\/gundem\/antalya-alanya-otobaninda-yeni-gelisme-is-makineleri-kontak-cevirdi-calismalar-basladi\/#breadcrumb\",\"itemListElement\":[{\"@type\":\"ListItem\",\"position\":1,\"name\":\"Home\",\"item\":\"https:\/\/denizcankizil.tr\/de\/\"},{\"@type\":\"ListItem\",\"position\":2,\"name\":\"Antalya-Alanya otoban\u0131nda yeni geli\u015fme: \u0130\u015f makineleri kontak \u00e7evirdi \u00e7al\u0131\u015fmalar ba\u015flad\u0131!\"}]},{\"@type\":\"WebSite\",\"@id\":\"https:\/\/denizcankizil.tr\/de\/#website\",\"url\":\"https:\/\/denizcankizil.tr\/de\/\",\"name\":\"Av. Deniz Can K\u0131z\u0131l\",\"description\":\"Avukat Deniz Can K\u0131z\u0131l Antalya Barosu\",\"publisher\":{\"@id\":\"https:\/\/denizcankizil.tr\/de\/#organization\"},\"potentialAction\":[{\"@type\":\"SearchAction\",\"target\":{\"@type\":\"EntryPoint\",\"urlTemplate\":\"https:\/\/denizcankizil.tr\/de\/?s={search_term_string}\"},\"query-input\":{\"@type\":\"PropertyValueSpecification\",\"valueRequired\":true,\"valueName\":\"search_term_string\"}}],\"inLanguage\":\"de\"},{\"@type\":\"Organization\",\"@id\":\"https:\/\/denizcankizil.tr\/de\/#organization\",\"name\":\"Av. Deniz Can K\u0131z\u0131l\",\"url\":\"https:\/\/denizcankizil.tr\/de\/\",\"logo\":{\"@type\":\"ImageObject\",\"inLanguage\":\"de\",\"@id\":\"https:\/\/denizcankizil.tr\/de\/#\/schema\/logo\/image\/\",\"url\":\"http:\/\/denizcankizil.tr\/wp-content\/uploads\/2024\/10\/siyah-logo-svg.svg\",\"contentUrl\":\"http:\/\/denizcankizil.tr\/wp-content\/uploads\/2024\/10\/siyah-logo-svg.svg\",\"width\":1080,\"height\":1080,\"caption\":\"Av. Deniz Can K\u0131z\u0131l\"},\"image\":{\"@id\":\"https:\/\/denizcankizil.tr\/de\/#\/schema\/logo\/image\/\"}},{\"@type\":\"Person\",\"@id\":\"https:\/\/denizcankizil.tr\/de\/#\/schema\/person\/e1eb71bb4dd684d46563f0af307e1234\",\"name\":\"Antalya K\u00f6rfez\",\"image\":{\"@type\":\"ImageObject\",\"inLanguage\":\"de\",\"@id\":\"https:\/\/denizcankizil.tr\/de\/#\/schema\/person\/image\/\",\"url\":\"https:\/\/secure.gravatar.com\/avatar\/42b01982558a48a0b501fdcab6a408d3717ea5919095ee2e67b0e521799c5905?s=96&d=mm&r=g\",\"contentUrl\":\"https:\/\/secure.gravatar.com\/avatar\/42b01982558a48a0b501fdcab6a408d3717ea5919095ee2e67b0e521799c5905?s=96&d=mm&r=g\",\"caption\":\"Antalya K\u00f6rfez\"},\"sameAs\":[\"http:\/\/www.antalyakorfez.com\"],\"url\":\"https:\/\/www.antalyakorfez.com\/antalya-alanya-otobaninda-yeni-gelisme-is-makineleri-kontak-cevirdi-calismalar-basladi\"}]}<\/script>\n<!-- \/ Yoast SEO Premium plugin. -->","yoast_head_json":{"title":"Antalya-Alanya otoban\u0131nda yeni geli\u015fme: \u0130\u015f makineleri kontak \u00e7evirdi \u00e7al\u0131\u015fmalar ba\u015flad\u0131! - Av. Deniz Can K\u0131z\u0131l","robots":{"index":"index","follow":"follow","max-snippet":"max-snippet:-1","max-image-preview":"max-image-preview:large","max-video-preview":"max-video-preview:-1"},"canonical":"http:\/\/denizcankizil.tr\/de\/haberler\/gundem\/antalya-alanya-otobaninda-yeni-gelisme-is-makineleri-kontak-cevirdi-calismalar-basladi\/","og_locale":"de_DE","og_type":"article","og_title":"Antalya-Alanya otoban\u0131nda yeni geli\u015fme: \u0130\u015f makineleri kontak \u00e7evirdi \u00e7al\u0131\u015fmalar ba\u015flad\u0131!","og_description":"Antalya ile Alanya aras\u0131ndaki ula\u015f\u0131m\u0131 \u00f6nemli \u00f6l\u00e7\u00fcde rahatlatmas\u0131 beklenen Antalya-Alanya Otoyolu Projesi\u2019nde \u00e7al\u0131\u015fmalar s\u00fcratle devam ediyor. Proje kapsam\u0131nda arazileri istimlak edilen vatanda\u015flar i\u00e7in ge\u00e7ti\u011fimiz g\u00fcnlerde Karayollar\u0131 Genel M\u00fcd\u00fcrl\u00fc\u011f\u00fc yetkililerinin kat\u0131l\u0131m\u0131yla bilgilendirme toplant\u0131lar\u0131 yap\u0131lm\u0131\u015ft\u0131. O toplant\u0131lar\u0131n ard\u0131ndan bug\u00fcn Serik\u2019te i\u015f makineleri \u00e7al\u0131\u015fmaya ba\u015flad\u0131. BATI KAV\u015eA\u011eI\u2019NDA SON BULACAK Antalya-Alanya Otoyolu Projesi\u2019nin 84 kilometresi 2&#215;3 \u015feritli otoyol ve 38 kilometresi 2&#215;2 \u015feritli ba\u011flant\u0131 yolu olmak \u00fczere toplam 122 kilometrelik bir g\u00fczerg\u00e2h\u0131 kaps\u0131yor. Serik Kav\u015fa\u011f\u0131\u2019ndan ba\u015flayarak Toros Da\u011flar\u0131\u2019n\u0131n eteklerinden ilerleyen otoyol, Konakl\u0131\u2019n\u0131n kuzeyindeki Bat\u0131 Kav\u015fa\u011f\u0131\u2019nda son bulacak. TOPLAM UZUNLU\u011eU 11 B\u0130N METRE Ula\u015ft\u0131rma ve Altyap\u0131 Bakan\u0131 Abdulkadir Uralo\u011flu, otoyolun teknik detaylar\u0131n\u0131 daha \u00f6nce kamuoyuyla payla\u015fm\u0131\u015ft\u0131. Bakan Uralo\u011flu, \u201cProje kapsam\u0131nda 7 kav\u015fak (Serik, Ta\u015fa\u011f\u0131l, Manavgat, Manavgat Do\u011fu, Alarahan, Konakl\u0131, Alanya Bat\u0131), toplam uzunlu\u011fu 11 bin 300 metre olan 8 t\u00fcnel, 7 bin 30 metre uzunlu\u011funda 19 viyad\u00fck ve 4 otoyol hizmet tesisi yer alacak.\u201d demi\u015fti. 6,6 M\u0130LYAR TL TASARRUF Antalya K\u00f6rfez Gazetesi muhabiri Ertu\u011frul G\u00fcn&#8217;\u00fcn haberine g\u00f6re; Uralo\u011flu, projenin tamamlanmas\u0131yla birlikte y\u0131ll\u0131k 6,6 milyar TL tasarruf sa\u011flanaca\u011f\u0131n\u0131 belirterek, bunun hem zaman kayb\u0131n\u0131n \u00f6n\u00fcne ge\u00e7ilmesi hem de akaryak\u0131t t\u00fcketiminin azalmas\u0131 sayesinde ger\u00e7ekle\u015fece\u011fini vurgulad\u0131. YAKIT MAL\u0130YETLER\u0130NDE D\u00dc\u015e\u00dc\u015e Antalya-Alanya Otoyolu Projesi\u2019nin, b\u00f6lgedeki turizmi ve ticareti olumlu y\u00f6nde etkilemesi bekleniyor. Yeni otoyol sayesinde \u015fehir i\u00e7i trafi\u011fe girmeden h\u0131zl\u0131 ve &hellip;","og_url":"http:\/\/denizcankizil.tr\/de\/haberler\/gundem\/antalya-alanya-otobaninda-yeni-gelisme-is-makineleri-kontak-cevirdi-calismalar-basladi\/","og_site_name":"Av. Deniz Can K\u0131z\u0131l","article_published_time":"2025-07-11T10:41:21+00:00","author":"Antalya K\u00f6rfez","twitter_card":"summary_large_image","twitter_misc":{"Verfasst von":"Antalya K\u00f6rfez","Gesch\u00e4tzte Lesezeit":"2\u00a0Minuten"},"schema":{"@context":"https:\/\/schema.org","@graph":[{"@type":"Article","@id":"http:\/\/denizcankizil.tr\/de\/haberler\/gundem\/antalya-alanya-otobaninda-yeni-gelisme-is-makineleri-kontak-cevirdi-calismalar-basladi\/#article","isPartOf":{"@id":"http:\/\/denizcankizil.tr\/de\/haberler\/gundem\/antalya-alanya-otobaninda-yeni-gelisme-is-makineleri-kontak-cevirdi-calismalar-basladi\/"},"author":{"name":"Antalya K\u00f6rfez","@id":"https:\/\/denizcankizil.tr\/de\/#\/schema\/person\/e1eb71bb4dd684d46563f0af307e1234"},"headline":"Antalya-Alanya otoban\u0131nda yeni geli\u015fme: \u0130\u015f makineleri kontak \u00e7evirdi \u00e7al\u0131\u015fmalar ba\u015flad\u0131!","datePublished":"2025-07-11T10:41:21+00:00","mainEntityOfPage":{"@id":"http:\/\/denizcankizil.tr\/de\/haberler\/gundem\/antalya-alanya-otobaninda-yeni-gelisme-is-makineleri-kontak-cevirdi-calismalar-basladi\/"},"wordCount":452,"publisher":{"@id":"https:\/\/denizcankizil.tr\/de\/#organization"},"articleSection":["G\u00fcndem"],"inLanguage":"de"},{"@type":"WebPage","@id":"http:\/\/denizcankizil.tr\/de\/haberler\/gundem\/antalya-alanya-otobaninda-yeni-gelisme-is-makineleri-kontak-cevirdi-calismalar-basladi\/","url":"http:\/\/denizcankizil.tr\/de\/haberler\/gundem\/antalya-alanya-otobaninda-yeni-gelisme-is-makineleri-kontak-cevirdi-calismalar-basladi\/","name":"Antalya-Alanya otoban\u0131nda yeni geli\u015fme: \u0130\u015f makineleri kontak \u00e7evirdi \u00e7al\u0131\u015fmalar ba\u015flad\u0131! - Av. Deniz Can K\u0131z\u0131l","isPartOf":{"@id":"https:\/\/denizcankizil.tr\/de\/#website"},"datePublished":"2025-07-11T10:41:21+00:00","breadcrumb":{"@id":"http:\/\/denizcankizil.tr\/de\/haberler\/gundem\/antalya-alanya-otobaninda-yeni-gelisme-is-makineleri-kontak-cevirdi-calismalar-basladi\/#breadcrumb"},"inLanguage":"de","potentialAction":[{"@type":"ReadAction","target":["http:\/\/denizcankizil.tr\/de\/haberler\/gundem\/antalya-alanya-otobaninda-yeni-gelisme-is-makineleri-kontak-cevirdi-calismalar-basladi\/"]}]},{"@type":"BreadcrumbList","@id":"http:\/\/denizcankizil.tr\/de\/haberler\/gundem\/antalya-alanya-otobaninda-yeni-gelisme-is-makineleri-kontak-cevirdi-calismalar-basladi\/#breadcrumb","itemListElement":[{"@type":"ListItem","position":1,"name":"Home","item":"https:\/\/denizcankizil.tr\/de\/"},{"@type":"ListItem","position":2,"name":"Antalya-Alanya otoban\u0131nda yeni geli\u015fme: \u0130\u015f makineleri kontak \u00e7evirdi \u00e7al\u0131\u015fmalar ba\u015flad\u0131!"}]},{"@type":"WebSite","@id":"https:\/\/denizcankizil.tr\/de\/#website","url":"https:\/\/denizcankizil.tr\/de\/","name":"Av. Deniz Can K\u0131z\u0131l","description":"Avukat Deniz Can K\u0131z\u0131l Antalya Barosu","publisher":{"@id":"https:\/\/denizcankizil.tr\/de\/#organization"},"potentialAction":[{"@type":"SearchAction","target":{"@type":"EntryPoint","urlTemplate":"https:\/\/denizcankizil.tr\/de\/?s={search_term_string}"},"query-input":{"@type":"PropertyValueSpecification","valueRequired":true,"valueName":"search_term_string"}}],"inLanguage":"de"},{"@type":"Organization","@id":"https:\/\/denizcankizil.tr\/de\/#organization","name":"Av. Deniz Can K\u0131z\u0131l","url":"https:\/\/denizcankizil.tr\/de\/","logo":{"@type":"ImageObject","inLanguage":"de","@id":"https:\/\/denizcankizil.tr\/de\/#\/schema\/logo\/image\/","url":"http:\/\/denizcankizil.tr\/wp-content\/uploads\/2024\/10\/siyah-logo-svg.svg","contentUrl":"http:\/\/denizcankizil.tr\/wp-content\/uploads\/2024\/10\/siyah-logo-svg.svg","width":1080,"height":1080,"caption":"Av. Deniz Can K\u0131z\u0131l"},"image":{"@id":"https:\/\/denizcankizil.tr\/de\/#\/schema\/logo\/image\/"}},{"@type":"Person","@id":"https:\/\/denizcankizil.tr\/de\/#\/schema\/person\/e1eb71bb4dd684d46563f0af307e1234","name":"Antalya K\u00f6rfez","image":{"@type":"ImageObject","inLanguage":"de","@id":"https:\/\/denizcankizil.tr\/de\/#\/schema\/person\/image\/","url":"https:\/\/secure.gravatar.com\/avatar\/42b01982558a48a0b501fdcab6a408d3717ea5919095ee2e67b0e521799c5905?s=96&d=mm&r=g","contentUrl":"https:\/\/secure.gravatar.com\/avatar\/42b01982558a48a0b501fdcab6a408d3717ea5919095ee2e67b0e521799c5905?s=96&d=mm&r=g","caption":"Antalya K\u00f6rfez"},"sameAs":["http:\/\/www.antalyakorfez.com"],"url":"https:\/\/www.antalyakorfez.com\/antalya-alanya-otobaninda-yeni-gelisme-is-makineleri-kontak-cevirdi-calismalar-basladi"}]}},"_links":{"self":[{"href":"http:\/\/denizcankizil.tr\/de\/wp-json\/wp\/v2\/posts\/142614","targetHints":{"allow":["GET"]}}],"collection":[{"href":"http:\/\/denizcankizil.tr\/de\/wp-json\/wp\/v2\/posts"}],"about":[{"href":"http:\/\/denizcankizil.tr\/de\/wp-json\/wp\/v2\/types\/post"}],"author":[{"embeddable":true,"href":"http:\/\/denizcankizil.tr\/de\/wp-json\/wp\/v2\/users\/5"}],"replies":[{"embeddable":true,"href":"http:\/\/denizcankizil.tr\/de\/wp-json\/wp\/v2\/comments?post=142614"}],"version-history":[{"count":0,"href":"http:\/\/denizcankizil.tr\/de\/wp-json\/wp\/v2\/posts\/142614\/revisions"}],"wp:attachment":[{"href":"http:\/\/denizcankizil.tr\/de\/wp-json\/wp\/v2\/media?parent=142614"}],"wp:term":[{"taxonomy":"category","embeddable":true,"href":"http:\/\/denizcankizil.tr\/de\/wp-json\/wp\/v2\/categories?post=142614"},{"taxonomy":"post_tag","embeddable":true,"href":"http:\/\/denizcankizil.tr\/de\/wp-json\/wp\/v2\/tags?post=142614"}],"curies":[{"name":"wp","href":"https:\/\/api.w.org\/{rel}","templated":true}]}}