{"id":141691,"date":"2025-07-10T14:41:18","date_gmt":"2025-07-10T11:41:18","guid":{"rendered":"https:\/\/denizcankizil.tr\/uncategorized-tr\/chpden-ortak-tepki-saray-rejimi-secim-hakkinda-darbe-yapmistir\/"},"modified":"2025-07-10T14:41:18","modified_gmt":"2025-07-10T11:41:18","slug":"chpden-ortak-tepki-saray-rejimi-secim-hakkinda-darbe-yapmistir","status":"publish","type":"post","link":"http:\/\/denizcankizil.tr\/de\/haberler\/gundem\/chpden-ortak-tepki-saray-rejimi-secim-hakkinda-darbe-yapmistir\/","title":{"rendered":"CHP&#8217;den ortak tepki: &#8220;Saray rejimi se\u00e7im hakk\u0131nda darbe yapm\u0131\u015ft\u0131r&#8221;"},"content":{"rendered":"<p>Cumhuriyet Halk Partisi (CHP) T\u00fcrkiye B\u00fcy\u00fck Millet Meclis Grubu, son d\u00f6nemde belediye ba\u015fkanlar\u0131na y\u00f6nelik ba\u015flat\u0131lan g\u00f6zalt\u0131 ve tutuklama s\u00fcre\u00e7lerine kar\u015f\u0131 yaz\u0131l\u0131 bir a\u00e7\u0131klamaya yay\u0131mlayarak sert tepki g\u00f6sterdi. CHP&#8217;li milletvekillerinin imzas\u0131yla yay\u0131mlanan ortak bildiride, 19 Mart&#8217;ta ba\u015flayan s\u00fcrecin, &#8220;Do\u011frudan yurtta\u015f\u0131n se\u00e7me ve se\u00e7ilme hakk\u0131na darbe&#8221; oldu\u011fu vurguland\u0131. A\u00e7\u0131klamada, &#8220;Bu darbe sadece belediye ba\u015fkanlar\u0131m\u0131za de\u011fil, ba\u015fkanlar\u0131 se\u00e7en milyonlarca yurtta\u015f\u0131m\u0131z\u0131n iradesine, yani milletin egemenli\u011fine yap\u0131lm\u0131\u015ft\u0131r&#8221; ifadeleri kullan\u0131ld\u0131.<\/p>\n<p>&#8220;HALKIN \u0130RADES\u0130 HUKUKSUZ B\u0130\u00c7\u0130MDE \u00c7\u0130\u011eNEN\u0130YOR&#8221;<\/p>\n<p>A\u00e7\u0131klamada, se\u00e7imle iktidarda kalman\u0131n m\u00fcmk\u00fcn olmad\u0131\u011f\u0131n\u0131 g\u00f6ren saray rejiminin, halk\u0131n iradesini yok sayarak belediye ba\u015fkanlar\u0131n\u0131 hedef ald\u0131\u011f\u0131 belirtilerek \u015f\u00f6yle denildi:<\/p>\n<p>&#8220;Se\u00e7ilmi\u015f belediye ba\u015fkanlar\u0131 hukuksuz \u015fekilde g\u00f6zalt\u0131na al\u0131n\u0131yor ve tutuklan\u0131yor. Bu sald\u0131r\u0131lar sadece partimize de\u011fil, Cumhuriyetimize, demokrasi gelene\u011fimize ve kazan\u0131mlar\u0131m\u0131za y\u00f6neliktir.&#8221;<\/p>\n<p>&#8220;BU K\u0130RL\u0130 D\u00dcZENE TESL\u0130M OLMAYACA\u011eIZ&#8221;<\/p>\n<p>CHP Grubu a\u00e7\u0131klamas\u0131nda, parti lideri \u00d6zg\u00fcr \u00d6zel ve Cumhurba\u015fkan\u0131 Aday\u0131 Ekrem \u0130mamo\u011flu&#8217;nun da isimleri zikredilerek destek mesaj\u0131 verdi. A\u00e7\u0131klamada \u015fu ifadelere yer verildi:<\/p>\n<p>&#8220;Bu kirli d\u00fczene teslim olmayaca\u011f\u0131z. Halk\u0131n iradesine en g\u00fc\u00e7l\u00fc bi\u00e7imde sahip \u00e7\u0131kaca\u011f\u0131z. Demokrasi ve adaletin t\u00fcm kurum ve kurullar\u0131yla birlikte mutlaka tesis edilece\u011fine olan inanc\u0131m\u0131z tamd\u0131r. Saray rejimine kar\u015f\u0131, Cumhuriyet Halk Partisi&#8217;ne ve demokrasiye sald\u0131r\u0131lar kar\u015f\u0131s\u0131nda milletvekilleri olarak dimdik ayaktay\u0131z, asla \u00f6d\u00fcn vermeyece\u011fiz. Genel Ba\u015fkan\u0131m\u0131z \u00d6zg\u00fcr \u00d6zel&#8217;in, Cumhurba\u015fkan\u0131 Aday\u0131m\u0131z Ekrem \u0130mamo\u011flu&#8217;nun ve hukuksuz bir bi\u00e7imde g\u00f6zalt\u0131na al\u0131nan\/tutuklanan se\u00e7ilmi\u015f t\u00fcm belediye ba\u015fkanlar\u0131m\u0131z\u0131n yan\u0131nday\u0131z.&#8221;<\/p>\n<p>\u200bCHP TBMM Grubu, belediye ba\u015fkanlar\u0131na y\u00f6nelik operasyonlara kar\u015f\u0131 ortak bildiri yay\u0131mlad\u0131. CHP, &#8220;Bu sald\u0131r\u0131lar sadece partimize de\u011fil, demokrasiye ve millet iradesine y\u00f6neliktir. Saray rejimi se\u00e7im hakk\u0131nda darbe yapm\u0131\u015ft\u0131r&#8221; dedi.\u00a0<\/p>\n<p>\u200bHaberin Al\u0131nt\u0131land\u0131\u011f\u0131 Kaynak: www.antalyakorfez.com<\/p>","protected":false},"excerpt":{"rendered":"<p>Cumhuriyet Halk Partisi (CHP) T\u00fcrkiye B\u00fcy\u00fck Millet Meclis Grubu, son d\u00f6nemde belediye ba\u015fkanlar\u0131na y\u00f6nelik ba\u015flat\u0131lan g\u00f6zalt\u0131 ve tutuklama s\u00fcre\u00e7lerine kar\u015f\u0131 yaz\u0131l\u0131 bir a\u00e7\u0131klamaya yay\u0131mlayarak sert tepki g\u00f6sterdi. CHP&#8217;li milletvekillerinin imzas\u0131yla yay\u0131mlanan ortak bildiride, 19 Mart&#8217;ta ba\u015flayan s\u00fcrecin, &#8220;Do\u011frudan yurtta\u015f\u0131n se\u00e7me ve se\u00e7ilme hakk\u0131na darbe&#8221; oldu\u011fu vurguland\u0131. A\u00e7\u0131klamada, &#8220;Bu darbe sadece belediye ba\u015fkanlar\u0131m\u0131za de\u011fil, ba\u015fkanlar\u0131 se\u00e7en milyonlarca yurtta\u015f\u0131m\u0131z\u0131n iradesine, yani milletin egemenli\u011fine yap\u0131lm\u0131\u015ft\u0131r&#8221; ifadeleri kullan\u0131ld\u0131. &#8220;HALKIN \u0130RADES\u0130 HUKUKSUZ B\u0130\u00c7\u0130MDE \u00c7\u0130\u011eNEN\u0130YOR&#8221; A\u00e7\u0131klamada, se\u00e7imle iktidarda kalman\u0131n m\u00fcmk\u00fcn olmad\u0131\u011f\u0131n\u0131 g\u00f6ren saray rejiminin, halk\u0131n iradesini yok sayarak belediye ba\u015fkanlar\u0131n\u0131 hedef ald\u0131\u011f\u0131 belirtilerek \u015f\u00f6yle denildi: &#8220;Se\u00e7ilmi\u015f belediye ba\u015fkanlar\u0131 hukuksuz \u015fekilde g\u00f6zalt\u0131na al\u0131n\u0131yor ve tutuklan\u0131yor. Bu sald\u0131r\u0131lar sadece partimize de\u011fil, Cumhuriyetimize, demokrasi gelene\u011fimize ve kazan\u0131mlar\u0131m\u0131za y\u00f6neliktir.&#8221; &#8220;BU K\u0130RL\u0130 D\u00dcZENE TESL\u0130M OLMAYACA\u011eIZ&#8221; CHP Grubu a\u00e7\u0131klamas\u0131nda, parti lideri \u00d6zg\u00fcr \u00d6zel ve Cumhurba\u015fkan\u0131 Aday\u0131 Ekrem \u0130mamo\u011flu&#8217;nun da isimleri zikredilerek destek mesaj\u0131 verdi. A\u00e7\u0131klamada \u015fu ifadelere yer verildi: &#8220;Bu kirli d\u00fczene teslim olmayaca\u011f\u0131z. Halk\u0131n iradesine en g\u00fc\u00e7l\u00fc bi\u00e7imde sahip \u00e7\u0131kaca\u011f\u0131z. Demokrasi ve adaletin t\u00fcm kurum ve kurullar\u0131yla birlikte mutlaka tesis edilece\u011fine olan inanc\u0131m\u0131z tamd\u0131r. Saray rejimine kar\u015f\u0131, Cumhuriyet Halk Partisi&#8217;ne ve demokrasiye sald\u0131r\u0131lar kar\u015f\u0131s\u0131nda milletvekilleri olarak dimdik ayaktay\u0131z, asla \u00f6d\u00fcn vermeyece\u011fiz. Genel Ba\u015fkan\u0131m\u0131z \u00d6zg\u00fcr \u00d6zel&#8217;in, Cumhurba\u015fkan\u0131 Aday\u0131m\u0131z Ekrem \u0130mamo\u011flu&#8217;nun ve hukuksuz bir bi\u00e7imde g\u00f6zalt\u0131na al\u0131nan\/tutuklanan se\u00e7ilmi\u015f t\u00fcm belediye ba\u015fkanlar\u0131m\u0131z\u0131n yan\u0131nday\u0131z.&#8221; \u200bCHP &hellip;<\/p>","protected":false},"author":5,"featured_media":0,"comment_status":"","ping_status":"open","sticky":false,"template":"","format":"standard","meta":{"_acf_changed":false,"footnotes":""},"categories":[24],"tags":[],"class_list":["post-141691","post","type-post","status-publish","format-standard","has-post-thumbnail","hentry","category-gundem"],"acf":[],"yoast_head":"<!-- This site is optimized with the Yoast SEO Premium plugin v26.6 (Yoast SEO v27.1.1) - https:\/\/yoast.com\/product\/yoast-seo-premium-wordpress\/ -->\n<title>CHP&#039;den ortak tepki: &quot;Saray rejimi se\u00e7im hakk\u0131nda darbe yapm\u0131\u015ft\u0131r&quot; - Av. Deniz Can K\u0131z\u0131l<\/title>\n<meta name=\"robots\" content=\"index, follow, max-snippet:-1, max-image-preview:large, max-video-preview:-1\" \/>\n<link rel=\"canonical\" href=\"http:\/\/denizcankizil.tr\/de\/haberler\/gundem\/chpden-ortak-tepki-saray-rejimi-secim-hakkinda-darbe-yapmistir\/\" \/>\n<meta property=\"og:locale\" content=\"de_DE\" \/>\n<meta property=\"og:type\" content=\"article\" \/>\n<meta property=\"og:title\" content=\"CHP&#039;den ortak tepki: &quot;Saray rejimi se\u00e7im hakk\u0131nda darbe yapm\u0131\u015ft\u0131r&quot;\" \/>\n<meta property=\"og:description\" content=\"Cumhuriyet Halk Partisi (CHP) T\u00fcrkiye B\u00fcy\u00fck Millet Meclis Grubu, son d\u00f6nemde belediye ba\u015fkanlar\u0131na y\u00f6nelik ba\u015flat\u0131lan g\u00f6zalt\u0131 ve tutuklama s\u00fcre\u00e7lerine kar\u015f\u0131 yaz\u0131l\u0131 bir a\u00e7\u0131klamaya yay\u0131mlayarak sert tepki g\u00f6sterdi. CHP&#8217;li milletvekillerinin imzas\u0131yla yay\u0131mlanan ortak bildiride, 19 Mart&#8217;ta ba\u015flayan s\u00fcrecin, &#8220;Do\u011frudan yurtta\u015f\u0131n se\u00e7me ve se\u00e7ilme hakk\u0131na darbe&#8221; oldu\u011fu vurguland\u0131. A\u00e7\u0131klamada, &#8220;Bu darbe sadece belediye ba\u015fkanlar\u0131m\u0131za de\u011fil, ba\u015fkanlar\u0131 se\u00e7en milyonlarca yurtta\u015f\u0131m\u0131z\u0131n iradesine, yani milletin egemenli\u011fine yap\u0131lm\u0131\u015ft\u0131r&#8221; ifadeleri kullan\u0131ld\u0131. &#8220;HALKIN \u0130RADES\u0130 HUKUKSUZ B\u0130\u00c7\u0130MDE \u00c7\u0130\u011eNEN\u0130YOR&#8221; A\u00e7\u0131klamada, se\u00e7imle iktidarda kalman\u0131n m\u00fcmk\u00fcn olmad\u0131\u011f\u0131n\u0131 g\u00f6ren saray rejiminin, halk\u0131n iradesini yok sayarak belediye ba\u015fkanlar\u0131n\u0131 hedef ald\u0131\u011f\u0131 belirtilerek \u015f\u00f6yle denildi: &#8220;Se\u00e7ilmi\u015f belediye ba\u015fkanlar\u0131 hukuksuz \u015fekilde g\u00f6zalt\u0131na al\u0131n\u0131yor ve tutuklan\u0131yor. Bu sald\u0131r\u0131lar sadece partimize de\u011fil, Cumhuriyetimize, demokrasi gelene\u011fimize ve kazan\u0131mlar\u0131m\u0131za y\u00f6neliktir.&#8221; &#8220;BU K\u0130RL\u0130 D\u00dcZENE TESL\u0130M OLMAYACA\u011eIZ&#8221; CHP Grubu a\u00e7\u0131klamas\u0131nda, parti lideri \u00d6zg\u00fcr \u00d6zel ve Cumhurba\u015fkan\u0131 Aday\u0131 Ekrem \u0130mamo\u011flu&#8217;nun da isimleri zikredilerek destek mesaj\u0131 verdi. A\u00e7\u0131klamada \u015fu ifadelere yer verildi: &#8220;Bu kirli d\u00fczene teslim olmayaca\u011f\u0131z. Halk\u0131n iradesine en g\u00fc\u00e7l\u00fc bi\u00e7imde sahip \u00e7\u0131kaca\u011f\u0131z. Demokrasi ve adaletin t\u00fcm kurum ve kurullar\u0131yla birlikte mutlaka tesis edilece\u011fine olan inanc\u0131m\u0131z tamd\u0131r. Saray rejimine kar\u015f\u0131, Cumhuriyet Halk Partisi&#8217;ne ve demokrasiye sald\u0131r\u0131lar kar\u015f\u0131s\u0131nda milletvekilleri olarak dimdik ayaktay\u0131z, asla \u00f6d\u00fcn vermeyece\u011fiz. Genel Ba\u015fkan\u0131m\u0131z \u00d6zg\u00fcr \u00d6zel&#8217;in, Cumhurba\u015fkan\u0131 Aday\u0131m\u0131z Ekrem \u0130mamo\u011flu&#8217;nun ve hukuksuz bir bi\u00e7imde g\u00f6zalt\u0131na al\u0131nan\/tutuklanan se\u00e7ilmi\u015f t\u00fcm belediye ba\u015fkanlar\u0131m\u0131z\u0131n yan\u0131nday\u0131z.&#8221; \u200bCHP &hellip;\" \/>\n<meta property=\"og:url\" content=\"http:\/\/denizcankizil.tr\/de\/haberler\/gundem\/chpden-ortak-tepki-saray-rejimi-secim-hakkinda-darbe-yapmistir\/\" \/>\n<meta property=\"og:site_name\" content=\"Av. Deniz Can K\u0131z\u0131l\" \/>\n<meta property=\"article:published_time\" content=\"2025-07-10T11:41:18+00:00\" \/>\n<meta name=\"author\" content=\"Antalya K\u00f6rfez\" \/>\n<meta name=\"twitter:card\" content=\"summary_large_image\" \/>\n<meta name=\"twitter:label1\" content=\"Verfasst von\" \/>\n\t<meta name=\"twitter:data1\" content=\"Antalya K\u00f6rfez\" \/>\n\t<meta name=\"twitter:label2\" content=\"Gesch\u00e4tzte Lesezeit\" \/>\n\t<meta name=\"twitter:data2\" content=\"2\u00a0Minuten\" \/>\n<script type=\"application\/ld+json\" class=\"yoast-schema-graph\">{\"@context\":\"https:\/\/schema.org\",\"@graph\":[{\"@type\":\"Article\",\"@id\":\"http:\/\/denizcankizil.tr\/de\/haberler\/gundem\/chpden-ortak-tepki-saray-rejimi-secim-hakkinda-darbe-yapmistir\/#article\",\"isPartOf\":{\"@id\":\"http:\/\/denizcankizil.tr\/de\/haberler\/gundem\/chpden-ortak-tepki-saray-rejimi-secim-hakkinda-darbe-yapmistir\/\"},\"author\":{\"name\":\"Antalya K\u00f6rfez\",\"@id\":\"https:\/\/denizcankizil.tr\/de\/#\/schema\/person\/e1eb71bb4dd684d46563f0af307e1234\"},\"headline\":\"CHP&#8217;den ortak tepki: &#8220;Saray rejimi se\u00e7im hakk\u0131nda darbe yapm\u0131\u015ft\u0131r&#8221;\",\"datePublished\":\"2025-07-10T11:41:18+00:00\",\"mainEntityOfPage\":{\"@id\":\"http:\/\/denizcankizil.tr\/de\/haberler\/gundem\/chpden-ortak-tepki-saray-rejimi-secim-hakkinda-darbe-yapmistir\/\"},\"wordCount\":385,\"publisher\":{\"@id\":\"https:\/\/denizcankizil.tr\/de\/#organization\"},\"articleSection\":[\"G\u00fcndem\"],\"inLanguage\":\"de\"},{\"@type\":\"WebPage\",\"@id\":\"http:\/\/denizcankizil.tr\/de\/haberler\/gundem\/chpden-ortak-tepki-saray-rejimi-secim-hakkinda-darbe-yapmistir\/\",\"url\":\"http:\/\/denizcankizil.tr\/de\/haberler\/gundem\/chpden-ortak-tepki-saray-rejimi-secim-hakkinda-darbe-yapmistir\/\",\"name\":\"CHP'den ortak tepki: \\\"Saray rejimi se\u00e7im hakk\u0131nda darbe yapm\u0131\u015ft\u0131r\\\" - Av. Deniz Can K\u0131z\u0131l\",\"isPartOf\":{\"@id\":\"https:\/\/denizcankizil.tr\/de\/#website\"},\"datePublished\":\"2025-07-10T11:41:18+00:00\",\"breadcrumb\":{\"@id\":\"http:\/\/denizcankizil.tr\/de\/haberler\/gundem\/chpden-ortak-tepki-saray-rejimi-secim-hakkinda-darbe-yapmistir\/#breadcrumb\"},\"inLanguage\":\"de\",\"potentialAction\":[{\"@type\":\"ReadAction\",\"target\":[\"http:\/\/denizcankizil.tr\/de\/haberler\/gundem\/chpden-ortak-tepki-saray-rejimi-secim-hakkinda-darbe-yapmistir\/\"]}]},{\"@type\":\"BreadcrumbList\",\"@id\":\"http:\/\/denizcankizil.tr\/de\/haberler\/gundem\/chpden-ortak-tepki-saray-rejimi-secim-hakkinda-darbe-yapmistir\/#breadcrumb\",\"itemListElement\":[{\"@type\":\"ListItem\",\"position\":1,\"name\":\"Home\",\"item\":\"https:\/\/denizcankizil.tr\/de\/\"},{\"@type\":\"ListItem\",\"position\":2,\"name\":\"CHP&#8217;den ortak tepki: &#8220;Saray rejimi se\u00e7im hakk\u0131nda darbe yapm\u0131\u015ft\u0131r&#8221;\"}]},{\"@type\":\"WebSite\",\"@id\":\"https:\/\/denizcankizil.tr\/de\/#website\",\"url\":\"https:\/\/denizcankizil.tr\/de\/\",\"name\":\"Av. Deniz Can K\u0131z\u0131l\",\"description\":\"Avukat Deniz Can K\u0131z\u0131l Antalya Barosu\",\"publisher\":{\"@id\":\"https:\/\/denizcankizil.tr\/de\/#organization\"},\"potentialAction\":[{\"@type\":\"SearchAction\",\"target\":{\"@type\":\"EntryPoint\",\"urlTemplate\":\"https:\/\/denizcankizil.tr\/de\/?s={search_term_string}\"},\"query-input\":{\"@type\":\"PropertyValueSpecification\",\"valueRequired\":true,\"valueName\":\"search_term_string\"}}],\"inLanguage\":\"de\"},{\"@type\":\"Organization\",\"@id\":\"https:\/\/denizcankizil.tr\/de\/#organization\",\"name\":\"Av. Deniz Can K\u0131z\u0131l\",\"url\":\"https:\/\/denizcankizil.tr\/de\/\",\"logo\":{\"@type\":\"ImageObject\",\"inLanguage\":\"de\",\"@id\":\"https:\/\/denizcankizil.tr\/de\/#\/schema\/logo\/image\/\",\"url\":\"http:\/\/denizcankizil.tr\/wp-content\/uploads\/2024\/10\/siyah-logo-svg.svg\",\"contentUrl\":\"http:\/\/denizcankizil.tr\/wp-content\/uploads\/2024\/10\/siyah-logo-svg.svg\",\"width\":1080,\"height\":1080,\"caption\":\"Av. Deniz Can K\u0131z\u0131l\"},\"image\":{\"@id\":\"https:\/\/denizcankizil.tr\/de\/#\/schema\/logo\/image\/\"}},{\"@type\":\"Person\",\"@id\":\"https:\/\/denizcankizil.tr\/de\/#\/schema\/person\/e1eb71bb4dd684d46563f0af307e1234\",\"name\":\"Antalya K\u00f6rfez\",\"image\":{\"@type\":\"ImageObject\",\"inLanguage\":\"de\",\"@id\":\"https:\/\/denizcankizil.tr\/de\/#\/schema\/person\/image\/\",\"url\":\"https:\/\/secure.gravatar.com\/avatar\/42b01982558a48a0b501fdcab6a408d3717ea5919095ee2e67b0e521799c5905?s=96&d=mm&r=g\",\"contentUrl\":\"https:\/\/secure.gravatar.com\/avatar\/42b01982558a48a0b501fdcab6a408d3717ea5919095ee2e67b0e521799c5905?s=96&d=mm&r=g\",\"caption\":\"Antalya K\u00f6rfez\"},\"sameAs\":[\"http:\/\/www.antalyakorfez.com\"],\"url\":\"https:\/\/www.antalyakorfez.com\/chpden-ortak-tepki-saray-rejimi-secim-hakkinda-darbe-yapmistir\"}]}<\/script>\n<!-- \/ Yoast SEO Premium plugin. -->","yoast_head_json":{"title":"CHP'den ortak tepki: \"Saray rejimi se\u00e7im hakk\u0131nda darbe yapm\u0131\u015ft\u0131r\" - Av. Deniz Can K\u0131z\u0131l","robots":{"index":"index","follow":"follow","max-snippet":"max-snippet:-1","max-image-preview":"max-image-preview:large","max-video-preview":"max-video-preview:-1"},"canonical":"http:\/\/denizcankizil.tr\/de\/haberler\/gundem\/chpden-ortak-tepki-saray-rejimi-secim-hakkinda-darbe-yapmistir\/","og_locale":"de_DE","og_type":"article","og_title":"CHP'den ortak tepki: \"Saray rejimi se\u00e7im hakk\u0131nda darbe yapm\u0131\u015ft\u0131r\"","og_description":"Cumhuriyet Halk Partisi (CHP) T\u00fcrkiye B\u00fcy\u00fck Millet Meclis Grubu, son d\u00f6nemde belediye ba\u015fkanlar\u0131na y\u00f6nelik ba\u015flat\u0131lan g\u00f6zalt\u0131 ve tutuklama s\u00fcre\u00e7lerine kar\u015f\u0131 yaz\u0131l\u0131 bir a\u00e7\u0131klamaya yay\u0131mlayarak sert tepki g\u00f6sterdi. CHP&#8217;li milletvekillerinin imzas\u0131yla yay\u0131mlanan ortak bildiride, 19 Mart&#8217;ta ba\u015flayan s\u00fcrecin, &#8220;Do\u011frudan yurtta\u015f\u0131n se\u00e7me ve se\u00e7ilme hakk\u0131na darbe&#8221; oldu\u011fu vurguland\u0131. A\u00e7\u0131klamada, &#8220;Bu darbe sadece belediye ba\u015fkanlar\u0131m\u0131za de\u011fil, ba\u015fkanlar\u0131 se\u00e7en milyonlarca yurtta\u015f\u0131m\u0131z\u0131n iradesine, yani milletin egemenli\u011fine yap\u0131lm\u0131\u015ft\u0131r&#8221; ifadeleri kullan\u0131ld\u0131. &#8220;HALKIN \u0130RADES\u0130 HUKUKSUZ B\u0130\u00c7\u0130MDE \u00c7\u0130\u011eNEN\u0130YOR&#8221; A\u00e7\u0131klamada, se\u00e7imle iktidarda kalman\u0131n m\u00fcmk\u00fcn olmad\u0131\u011f\u0131n\u0131 g\u00f6ren saray rejiminin, halk\u0131n iradesini yok sayarak belediye ba\u015fkanlar\u0131n\u0131 hedef ald\u0131\u011f\u0131 belirtilerek \u015f\u00f6yle denildi: &#8220;Se\u00e7ilmi\u015f belediye ba\u015fkanlar\u0131 hukuksuz \u015fekilde g\u00f6zalt\u0131na al\u0131n\u0131yor ve tutuklan\u0131yor. Bu sald\u0131r\u0131lar sadece partimize de\u011fil, Cumhuriyetimize, demokrasi gelene\u011fimize ve kazan\u0131mlar\u0131m\u0131za y\u00f6neliktir.&#8221; &#8220;BU K\u0130RL\u0130 D\u00dcZENE TESL\u0130M OLMAYACA\u011eIZ&#8221; CHP Grubu a\u00e7\u0131klamas\u0131nda, parti lideri \u00d6zg\u00fcr \u00d6zel ve Cumhurba\u015fkan\u0131 Aday\u0131 Ekrem \u0130mamo\u011flu&#8217;nun da isimleri zikredilerek destek mesaj\u0131 verdi. A\u00e7\u0131klamada \u015fu ifadelere yer verildi: &#8220;Bu kirli d\u00fczene teslim olmayaca\u011f\u0131z. Halk\u0131n iradesine en g\u00fc\u00e7l\u00fc bi\u00e7imde sahip \u00e7\u0131kaca\u011f\u0131z. Demokrasi ve adaletin t\u00fcm kurum ve kurullar\u0131yla birlikte mutlaka tesis edilece\u011fine olan inanc\u0131m\u0131z tamd\u0131r. Saray rejimine kar\u015f\u0131, Cumhuriyet Halk Partisi&#8217;ne ve demokrasiye sald\u0131r\u0131lar kar\u015f\u0131s\u0131nda milletvekilleri olarak dimdik ayaktay\u0131z, asla \u00f6d\u00fcn vermeyece\u011fiz. Genel Ba\u015fkan\u0131m\u0131z \u00d6zg\u00fcr \u00d6zel&#8217;in, Cumhurba\u015fkan\u0131 Aday\u0131m\u0131z Ekrem \u0130mamo\u011flu&#8217;nun ve hukuksuz bir bi\u00e7imde g\u00f6zalt\u0131na al\u0131nan\/tutuklanan se\u00e7ilmi\u015f t\u00fcm belediye ba\u015fkanlar\u0131m\u0131z\u0131n yan\u0131nday\u0131z.&#8221; \u200bCHP &hellip;","og_url":"http:\/\/denizcankizil.tr\/de\/haberler\/gundem\/chpden-ortak-tepki-saray-rejimi-secim-hakkinda-darbe-yapmistir\/","og_site_name":"Av. Deniz Can K\u0131z\u0131l","article_published_time":"2025-07-10T11:41:18+00:00","author":"Antalya K\u00f6rfez","twitter_card":"summary_large_image","twitter_misc":{"Verfasst von":"Antalya K\u00f6rfez","Gesch\u00e4tzte Lesezeit":"2\u00a0Minuten"},"schema":{"@context":"https:\/\/schema.org","@graph":[{"@type":"Article","@id":"http:\/\/denizcankizil.tr\/de\/haberler\/gundem\/chpden-ortak-tepki-saray-rejimi-secim-hakkinda-darbe-yapmistir\/#article","isPartOf":{"@id":"http:\/\/denizcankizil.tr\/de\/haberler\/gundem\/chpden-ortak-tepki-saray-rejimi-secim-hakkinda-darbe-yapmistir\/"},"author":{"name":"Antalya K\u00f6rfez","@id":"https:\/\/denizcankizil.tr\/de\/#\/schema\/person\/e1eb71bb4dd684d46563f0af307e1234"},"headline":"CHP&#8217;den ortak tepki: &#8220;Saray rejimi se\u00e7im hakk\u0131nda darbe yapm\u0131\u015ft\u0131r&#8221;","datePublished":"2025-07-10T11:41:18+00:00","mainEntityOfPage":{"@id":"http:\/\/denizcankizil.tr\/de\/haberler\/gundem\/chpden-ortak-tepki-saray-rejimi-secim-hakkinda-darbe-yapmistir\/"},"wordCount":385,"publisher":{"@id":"https:\/\/denizcankizil.tr\/de\/#organization"},"articleSection":["G\u00fcndem"],"inLanguage":"de"},{"@type":"WebPage","@id":"http:\/\/denizcankizil.tr\/de\/haberler\/gundem\/chpden-ortak-tepki-saray-rejimi-secim-hakkinda-darbe-yapmistir\/","url":"http:\/\/denizcankizil.tr\/de\/haberler\/gundem\/chpden-ortak-tepki-saray-rejimi-secim-hakkinda-darbe-yapmistir\/","name":"CHP'den ortak tepki: \"Saray rejimi se\u00e7im hakk\u0131nda darbe yapm\u0131\u015ft\u0131r\" - Av. Deniz Can K\u0131z\u0131l","isPartOf":{"@id":"https:\/\/denizcankizil.tr\/de\/#website"},"datePublished":"2025-07-10T11:41:18+00:00","breadcrumb":{"@id":"http:\/\/denizcankizil.tr\/de\/haberler\/gundem\/chpden-ortak-tepki-saray-rejimi-secim-hakkinda-darbe-yapmistir\/#breadcrumb"},"inLanguage":"de","potentialAction":[{"@type":"ReadAction","target":["http:\/\/denizcankizil.tr\/de\/haberler\/gundem\/chpden-ortak-tepki-saray-rejimi-secim-hakkinda-darbe-yapmistir\/"]}]},{"@type":"BreadcrumbList","@id":"http:\/\/denizcankizil.tr\/de\/haberler\/gundem\/chpden-ortak-tepki-saray-rejimi-secim-hakkinda-darbe-yapmistir\/#breadcrumb","itemListElement":[{"@type":"ListItem","position":1,"name":"Home","item":"https:\/\/denizcankizil.tr\/de\/"},{"@type":"ListItem","position":2,"name":"CHP&#8217;den ortak tepki: &#8220;Saray rejimi se\u00e7im hakk\u0131nda darbe yapm\u0131\u015ft\u0131r&#8221;"}]},{"@type":"WebSite","@id":"https:\/\/denizcankizil.tr\/de\/#website","url":"https:\/\/denizcankizil.tr\/de\/","name":"Av. Deniz Can K\u0131z\u0131l","description":"Avukat Deniz Can K\u0131z\u0131l Antalya Barosu","publisher":{"@id":"https:\/\/denizcankizil.tr\/de\/#organization"},"potentialAction":[{"@type":"SearchAction","target":{"@type":"EntryPoint","urlTemplate":"https:\/\/denizcankizil.tr\/de\/?s={search_term_string}"},"query-input":{"@type":"PropertyValueSpecification","valueRequired":true,"valueName":"search_term_string"}}],"inLanguage":"de"},{"@type":"Organization","@id":"https:\/\/denizcankizil.tr\/de\/#organization","name":"Av. Deniz Can K\u0131z\u0131l","url":"https:\/\/denizcankizil.tr\/de\/","logo":{"@type":"ImageObject","inLanguage":"de","@id":"https:\/\/denizcankizil.tr\/de\/#\/schema\/logo\/image\/","url":"http:\/\/denizcankizil.tr\/wp-content\/uploads\/2024\/10\/siyah-logo-svg.svg","contentUrl":"http:\/\/denizcankizil.tr\/wp-content\/uploads\/2024\/10\/siyah-logo-svg.svg","width":1080,"height":1080,"caption":"Av. Deniz Can K\u0131z\u0131l"},"image":{"@id":"https:\/\/denizcankizil.tr\/de\/#\/schema\/logo\/image\/"}},{"@type":"Person","@id":"https:\/\/denizcankizil.tr\/de\/#\/schema\/person\/e1eb71bb4dd684d46563f0af307e1234","name":"Antalya K\u00f6rfez","image":{"@type":"ImageObject","inLanguage":"de","@id":"https:\/\/denizcankizil.tr\/de\/#\/schema\/person\/image\/","url":"https:\/\/secure.gravatar.com\/avatar\/42b01982558a48a0b501fdcab6a408d3717ea5919095ee2e67b0e521799c5905?s=96&d=mm&r=g","contentUrl":"https:\/\/secure.gravatar.com\/avatar\/42b01982558a48a0b501fdcab6a408d3717ea5919095ee2e67b0e521799c5905?s=96&d=mm&r=g","caption":"Antalya K\u00f6rfez"},"sameAs":["http:\/\/www.antalyakorfez.com"],"url":"https:\/\/www.antalyakorfez.com\/chpden-ortak-tepki-saray-rejimi-secim-hakkinda-darbe-yapmistir"}]}},"_links":{"self":[{"href":"http:\/\/denizcankizil.tr\/de\/wp-json\/wp\/v2\/posts\/141691","targetHints":{"allow":["GET"]}}],"collection":[{"href":"http:\/\/denizcankizil.tr\/de\/wp-json\/wp\/v2\/posts"}],"about":[{"href":"http:\/\/denizcankizil.tr\/de\/wp-json\/wp\/v2\/types\/post"}],"author":[{"embeddable":true,"href":"http:\/\/denizcankizil.tr\/de\/wp-json\/wp\/v2\/users\/5"}],"replies":[{"embeddable":true,"href":"http:\/\/denizcankizil.tr\/de\/wp-json\/wp\/v2\/comments?post=141691"}],"version-history":[{"count":0,"href":"http:\/\/denizcankizil.tr\/de\/wp-json\/wp\/v2\/posts\/141691\/revisions"}],"wp:attachment":[{"href":"http:\/\/denizcankizil.tr\/de\/wp-json\/wp\/v2\/media?parent=141691"}],"wp:term":[{"taxonomy":"category","embeddable":true,"href":"http:\/\/denizcankizil.tr\/de\/wp-json\/wp\/v2\/categories?post=141691"},{"taxonomy":"post_tag","embeddable":true,"href":"http:\/\/denizcankizil.tr\/de\/wp-json\/wp\/v2\/tags?post=141691"}],"curies":[{"name":"wp","href":"https:\/\/api.w.org\/{rel}","templated":true}]}}