{"id":136764,"date":"2025-07-05T14:41:19","date_gmt":"2025-07-05T11:41:19","guid":{"rendered":"https:\/\/denizcankizil.tr\/uncategorized-tr\/antalya-arkeoloji-muzesinin-yikim-kararina-tepkiler-buyuyor\/"},"modified":"2025-07-05T14:41:19","modified_gmt":"2025-07-05T11:41:19","slug":"antalya-arkeoloji-muzesinin-yikim-kararina-tepkiler-buyuyor","status":"publish","type":"post","link":"http:\/\/denizcankizil.tr\/de\/haberler\/gundem\/antalya-arkeoloji-muzesinin-yikim-kararina-tepkiler-buyuyor\/","title":{"rendered":"Antalya Arkeoloji M\u00fczesi&#8217;nin y\u0131k\u0131m karar\u0131na tepkiler b\u00fcy\u00fcyor!"},"content":{"rendered":"<p>Antalya Arkeoloji M\u00fczesi&#8217;nin y\u0131k\u0131m karar\u0131na kar\u015f\u0131 kamuoyunda y\u00fckselen tepkiler devam ediyor. M\u00fcze \u00c7al\u0131\u015fma Grubu, karar\u0131n derhal geri \u00e7ekilmesini ve m\u00fczenin restore edilerek korunmas\u0131n\u0131 talep etti. Antalya Arkeoloji M\u00fczesi \u00f6n\u00fcnde yap\u0131lan bas\u0131n a\u00e7\u0131klamas\u0131nda, K\u00fclt\u00fcr ve Turizm Bakanl\u0131\u011f\u0131&#8217;n\u0131n m\u00fczeyi y\u0131kma karar\u0131na kar\u015f\u0131 g\u00fc\u00e7l\u00fc bir duru\u015f sergilendi. M\u00fcze \u00c7al\u0131\u015fma Grubu ad\u0131na konu\u015fan Prof. Dr. G\u00fcl I\u015f\u0131n, Antalya Arkeoloji M\u00fczesi&#8217;nin yaln\u0131zca bir bina olmad\u0131\u011f\u0131n\u0131, ayn\u0131 zamanda T\u00fcrkiye&#8217;nin ulusal mimari yar\u0131\u015fmas\u0131 sonucu in\u015fa edilen ilk m\u00fczesi ve \u00f6zg\u00fcn mimari kimli\u011fiyle ulusal k\u00fclt\u00fcrel miras oldu\u011funu vurgulad\u0131.<\/p>\n<p>&#8220;YILIN M\u00dcZES\u0130&#8221; \u00d6D\u00dcLL\u00dc YAPININ KORUNMASI \u00c7A\u011eRISI<\/p>\n<p>Prof. Dr. G\u00fcl I\u015f\u0131n, m\u00fczeye verilen &#8220;Y\u0131l\u0131n M\u00fczesi&#8221; \u00f6d\u00fcl\u00fcne ve binan\u0131n Akdeniz mimarisinin modern yorumunu ta\u015f\u0131yan yap\u0131s\u0131na dikkat \u00e7ekerek, yap\u0131n\u0131n y\u0131k\u0131lmas\u0131 yerine k\u00fclt\u00fcrel i\u015flevlerini koruyacak \u015fekilde restore edilmesi gerekti\u011fini belirtti. I\u015f\u0131n, K\u00fclt\u00fcr ve Turizm Bakanl\u0131\u011f\u0131&#8217;n\u0131n 20 Mart 2025&#8217;te ald\u0131\u011f\u0131 y\u0131k\u0131m karar\u0131n\u0131n ard\u0131ndan, 5 Haziran&#8217;da ta\u015f\u0131ma ve y\u0131k\u0131m ihalesi yap\u0131ld\u0131\u011f\u0131n\u0131 ve hen\u00fcz itiraz s\u00fcreci tamamlanmam\u0131\u015fken m\u00fczenin 8 Temmuz Pazartesi g\u00fcn\u00fc ziyarete kapat\u0131laca\u011f\u0131n\u0131n \u00f6\u011frenildi\u011fini hat\u0131rlatt\u0131. I\u015f\u0131n, bu s\u00fcrecin \u015feffafl\u0131ktan uzak ve &#8220;oldu-bitti&#8221; mant\u0131\u011f\u0131yla ilerletildi\u011fini ifade etti.<\/p>\n<p>UZMANLARLA \u00c7ALI\u015eTAY TALEB\u0130<\/p>\n<p>M\u00fcze \u00c7al\u0131\u015fma Grubu, y\u0131k\u0131m karar\u0131n\u0131n derhal ertelenmesini ve t\u00fcm uzmanlar\u0131n kat\u0131l\u0131m\u0131yla, yap\u0131n\u0131n gelece\u011finin tart\u0131\u015f\u0131laca\u011f\u0131 bir \u00e7al\u0131\u015ftay\u0131n d\u00fczenlenmesini talep etti. Bas\u0131n a\u00e7\u0131klamas\u0131na Antalya Barosu, ANKA\u2013Antalya K\u00fclt\u00fcrel Miras Platformu, Akdeniz \u00dcniversitesi \u00d6\u011fretim Elemanlar\u0131 Derne\u011fi, Arkeologlar Derne\u011fi Antalya \u015eubesi, \u0130n\u015faat M\u00fchendisleri Odas\u0131 Antalya \u015eubesi, M\u00fclkiyeliler Birli\u011fi, AKDEN\u0130Z SMD, E\u011fitim-Sen Antalya \u015eubesi, K\u00fclt\u00fcr Sanat-Sen Antalya \u015eubesi, E\u011fitim-\u0130\u015f Antalya \u015eubesi, \u0130HD Antalya \u015eubesi, T\u00fcm \u00d6\u011fretim Elemanlar\u0131 Derne\u011fi, AK\u0130P\u2013Akdeniz Kent \u0130zleme Platformu, Koruma ve Restorasyon Uzmanlar\u0131 Derne\u011fi (KORDER) ve DOCOMOMO_TR Antalya \u015eubesi gibi sivil toplum kurulu\u015flar\u0131 ve meslek \u00f6rg\u00fctleri destek verdi. Ayr\u0131ca SOL Parti Antalya \u0130l \u00d6rg\u00fct\u00fc ve T\u00fcrkiye \u0130\u015f\u00e7i Partisi (T\u0130P) Antalya \u0130l \u00d6rg\u00fct\u00fc de bas\u0131n a\u00e7\u0131klamas\u0131na desteklerini sundu.<\/p>\n<p>\u200bM\u00fcze \u00c7al\u0131\u015fma Grubu, Antalya Arkeoloji M\u00fczesi&#8217;nin y\u0131k\u0131m karar\u0131na kar\u015f\u0131 tepki g\u00f6sterdi. M\u00fcze \u00c7al\u0131\u015fma Grubu ad\u0131na konu\u015fan Prof. Dr. G\u00fcl I\u015f\u0131n, t\u00fcm Antalya halk\u0131n\u0131 m\u00fczesine sahip \u00e7\u0131kmaya ve bu y\u0131k\u0131m\u0131 durdurmaya davet etti.\u00a0<\/p>\n<p>\u200bHaberin Al\u0131nt\u0131land\u0131\u011f\u0131 Kaynak: www.antalyakorfez.com<\/p>","protected":false},"excerpt":{"rendered":"<p>Antalya Arkeoloji M\u00fczesi&#8217;nin y\u0131k\u0131m karar\u0131na kar\u015f\u0131 kamuoyunda y\u00fckselen tepkiler devam ediyor. M\u00fcze \u00c7al\u0131\u015fma Grubu, karar\u0131n derhal geri \u00e7ekilmesini ve m\u00fczenin restore edilerek korunmas\u0131n\u0131 talep etti. Antalya Arkeoloji M\u00fczesi \u00f6n\u00fcnde yap\u0131lan bas\u0131n a\u00e7\u0131klamas\u0131nda, K\u00fclt\u00fcr ve Turizm Bakanl\u0131\u011f\u0131&#8217;n\u0131n m\u00fczeyi y\u0131kma karar\u0131na kar\u015f\u0131 g\u00fc\u00e7l\u00fc bir duru\u015f sergilendi. M\u00fcze \u00c7al\u0131\u015fma Grubu ad\u0131na konu\u015fan Prof. Dr. G\u00fcl I\u015f\u0131n, Antalya Arkeoloji M\u00fczesi&#8217;nin yaln\u0131zca bir bina olmad\u0131\u011f\u0131n\u0131, ayn\u0131 zamanda T\u00fcrkiye&#8217;nin ulusal mimari yar\u0131\u015fmas\u0131 sonucu in\u015fa edilen ilk m\u00fczesi ve \u00f6zg\u00fcn mimari kimli\u011fiyle ulusal k\u00fclt\u00fcrel miras oldu\u011funu vurgulad\u0131. &#8220;YILIN M\u00dcZES\u0130&#8221; \u00d6D\u00dcLL\u00dc YAPININ KORUNMASI \u00c7A\u011eRISI Prof. Dr. G\u00fcl I\u015f\u0131n, m\u00fczeye verilen &#8220;Y\u0131l\u0131n M\u00fczesi&#8221; \u00f6d\u00fcl\u00fcne ve binan\u0131n Akdeniz mimarisinin modern yorumunu ta\u015f\u0131yan yap\u0131s\u0131na dikkat \u00e7ekerek, yap\u0131n\u0131n y\u0131k\u0131lmas\u0131 yerine k\u00fclt\u00fcrel i\u015flevlerini koruyacak \u015fekilde restore edilmesi gerekti\u011fini belirtti. I\u015f\u0131n, K\u00fclt\u00fcr ve Turizm Bakanl\u0131\u011f\u0131&#8217;n\u0131n 20 Mart 2025&#8217;te ald\u0131\u011f\u0131 y\u0131k\u0131m karar\u0131n\u0131n ard\u0131ndan, 5 Haziran&#8217;da ta\u015f\u0131ma ve y\u0131k\u0131m ihalesi yap\u0131ld\u0131\u011f\u0131n\u0131 ve hen\u00fcz itiraz s\u00fcreci tamamlanmam\u0131\u015fken m\u00fczenin 8 Temmuz Pazartesi g\u00fcn\u00fc ziyarete kapat\u0131laca\u011f\u0131n\u0131n \u00f6\u011frenildi\u011fini hat\u0131rlatt\u0131. I\u015f\u0131n, bu s\u00fcrecin \u015feffafl\u0131ktan uzak ve &#8220;oldu-bitti&#8221; mant\u0131\u011f\u0131yla ilerletildi\u011fini ifade etti. UZMANLARLA \u00c7ALI\u015eTAY TALEB\u0130 M\u00fcze \u00c7al\u0131\u015fma Grubu, y\u0131k\u0131m karar\u0131n\u0131n derhal ertelenmesini ve t\u00fcm uzmanlar\u0131n kat\u0131l\u0131m\u0131yla, yap\u0131n\u0131n gelece\u011finin tart\u0131\u015f\u0131laca\u011f\u0131 bir \u00e7al\u0131\u015ftay\u0131n d\u00fczenlenmesini talep etti. Bas\u0131n a\u00e7\u0131klamas\u0131na Antalya Barosu, ANKA\u2013Antalya K\u00fclt\u00fcrel Miras Platformu, Akdeniz \u00dcniversitesi \u00d6\u011fretim Elemanlar\u0131 Derne\u011fi, Arkeologlar Derne\u011fi Antalya \u015eubesi, \u0130n\u015faat &hellip;<\/p>","protected":false},"author":5,"featured_media":0,"comment_status":"","ping_status":"open","sticky":false,"template":"","format":"standard","meta":{"_acf_changed":false,"footnotes":""},"categories":[24],"tags":[],"class_list":["post-136764","post","type-post","status-publish","format-standard","has-post-thumbnail","hentry","category-gundem"],"acf":[],"yoast_head":"<!-- This site is optimized with the Yoast SEO Premium plugin v26.6 (Yoast SEO v27.1.1) - https:\/\/yoast.com\/product\/yoast-seo-premium-wordpress\/ -->\n<title>Antalya Arkeoloji M\u00fczesi&#039;nin y\u0131k\u0131m karar\u0131na tepkiler b\u00fcy\u00fcyor! - Av. Deniz Can K\u0131z\u0131l<\/title>\n<meta name=\"robots\" content=\"index, follow, max-snippet:-1, max-image-preview:large, max-video-preview:-1\" \/>\n<link rel=\"canonical\" href=\"http:\/\/denizcankizil.tr\/de\/haberler\/gundem\/antalya-arkeoloji-muzesinin-yikim-kararina-tepkiler-buyuyor\/\" \/>\n<meta property=\"og:locale\" content=\"de_DE\" \/>\n<meta property=\"og:type\" content=\"article\" \/>\n<meta property=\"og:title\" content=\"Antalya Arkeoloji M\u00fczesi&#039;nin y\u0131k\u0131m karar\u0131na tepkiler b\u00fcy\u00fcyor!\" \/>\n<meta property=\"og:description\" content=\"Antalya Arkeoloji M\u00fczesi&#8217;nin y\u0131k\u0131m karar\u0131na kar\u015f\u0131 kamuoyunda y\u00fckselen tepkiler devam ediyor. M\u00fcze \u00c7al\u0131\u015fma Grubu, karar\u0131n derhal geri \u00e7ekilmesini ve m\u00fczenin restore edilerek korunmas\u0131n\u0131 talep etti. Antalya Arkeoloji M\u00fczesi \u00f6n\u00fcnde yap\u0131lan bas\u0131n a\u00e7\u0131klamas\u0131nda, K\u00fclt\u00fcr ve Turizm Bakanl\u0131\u011f\u0131&#8217;n\u0131n m\u00fczeyi y\u0131kma karar\u0131na kar\u015f\u0131 g\u00fc\u00e7l\u00fc bir duru\u015f sergilendi. M\u00fcze \u00c7al\u0131\u015fma Grubu ad\u0131na konu\u015fan Prof. Dr. G\u00fcl I\u015f\u0131n, Antalya Arkeoloji M\u00fczesi&#8217;nin yaln\u0131zca bir bina olmad\u0131\u011f\u0131n\u0131, ayn\u0131 zamanda T\u00fcrkiye&#8217;nin ulusal mimari yar\u0131\u015fmas\u0131 sonucu in\u015fa edilen ilk m\u00fczesi ve \u00f6zg\u00fcn mimari kimli\u011fiyle ulusal k\u00fclt\u00fcrel miras oldu\u011funu vurgulad\u0131. &#8220;YILIN M\u00dcZES\u0130&#8221; \u00d6D\u00dcLL\u00dc YAPININ KORUNMASI \u00c7A\u011eRISI Prof. Dr. G\u00fcl I\u015f\u0131n, m\u00fczeye verilen &#8220;Y\u0131l\u0131n M\u00fczesi&#8221; \u00f6d\u00fcl\u00fcne ve binan\u0131n Akdeniz mimarisinin modern yorumunu ta\u015f\u0131yan yap\u0131s\u0131na dikkat \u00e7ekerek, yap\u0131n\u0131n y\u0131k\u0131lmas\u0131 yerine k\u00fclt\u00fcrel i\u015flevlerini koruyacak \u015fekilde restore edilmesi gerekti\u011fini belirtti. I\u015f\u0131n, K\u00fclt\u00fcr ve Turizm Bakanl\u0131\u011f\u0131&#8217;n\u0131n 20 Mart 2025&#8217;te ald\u0131\u011f\u0131 y\u0131k\u0131m karar\u0131n\u0131n ard\u0131ndan, 5 Haziran&#8217;da ta\u015f\u0131ma ve y\u0131k\u0131m ihalesi yap\u0131ld\u0131\u011f\u0131n\u0131 ve hen\u00fcz itiraz s\u00fcreci tamamlanmam\u0131\u015fken m\u00fczenin 8 Temmuz Pazartesi g\u00fcn\u00fc ziyarete kapat\u0131laca\u011f\u0131n\u0131n \u00f6\u011frenildi\u011fini hat\u0131rlatt\u0131. I\u015f\u0131n, bu s\u00fcrecin \u015feffafl\u0131ktan uzak ve &#8220;oldu-bitti&#8221; mant\u0131\u011f\u0131yla ilerletildi\u011fini ifade etti. UZMANLARLA \u00c7ALI\u015eTAY TALEB\u0130 M\u00fcze \u00c7al\u0131\u015fma Grubu, y\u0131k\u0131m karar\u0131n\u0131n derhal ertelenmesini ve t\u00fcm uzmanlar\u0131n kat\u0131l\u0131m\u0131yla, yap\u0131n\u0131n gelece\u011finin tart\u0131\u015f\u0131laca\u011f\u0131 bir \u00e7al\u0131\u015ftay\u0131n d\u00fczenlenmesini talep etti. Bas\u0131n a\u00e7\u0131klamas\u0131na Antalya Barosu, ANKA\u2013Antalya K\u00fclt\u00fcrel Miras Platformu, Akdeniz \u00dcniversitesi \u00d6\u011fretim Elemanlar\u0131 Derne\u011fi, Arkeologlar Derne\u011fi Antalya \u015eubesi, \u0130n\u015faat &hellip;\" \/>\n<meta property=\"og:url\" content=\"http:\/\/denizcankizil.tr\/de\/haberler\/gundem\/antalya-arkeoloji-muzesinin-yikim-kararina-tepkiler-buyuyor\/\" \/>\n<meta property=\"og:site_name\" content=\"Av. Deniz Can K\u0131z\u0131l\" \/>\n<meta property=\"article:published_time\" content=\"2025-07-05T11:41:19+00:00\" \/>\n<meta name=\"author\" content=\"Antalya K\u00f6rfez\" \/>\n<meta name=\"twitter:card\" content=\"summary_large_image\" \/>\n<meta name=\"twitter:label1\" content=\"Verfasst von\" \/>\n\t<meta name=\"twitter:data1\" content=\"Antalya K\u00f6rfez\" \/>\n\t<meta name=\"twitter:label2\" content=\"Gesch\u00e4tzte Lesezeit\" \/>\n\t<meta name=\"twitter:data2\" content=\"2\u00a0Minuten\" \/>\n<script type=\"application\/ld+json\" class=\"yoast-schema-graph\">{\"@context\":\"https:\/\/schema.org\",\"@graph\":[{\"@type\":\"Article\",\"@id\":\"http:\/\/denizcankizil.tr\/de\/haberler\/gundem\/antalya-arkeoloji-muzesinin-yikim-kararina-tepkiler-buyuyor\/#article\",\"isPartOf\":{\"@id\":\"http:\/\/denizcankizil.tr\/de\/haberler\/gundem\/antalya-arkeoloji-muzesinin-yikim-kararina-tepkiler-buyuyor\/\"},\"author\":{\"name\":\"Antalya K\u00f6rfez\",\"@id\":\"https:\/\/denizcankizil.tr\/de\/#\/schema\/person\/e1eb71bb4dd684d46563f0af307e1234\"},\"headline\":\"Antalya Arkeoloji M\u00fczesi&#8217;nin y\u0131k\u0131m karar\u0131na tepkiler b\u00fcy\u00fcyor!\",\"datePublished\":\"2025-07-05T11:41:19+00:00\",\"mainEntityOfPage\":{\"@id\":\"http:\/\/denizcankizil.tr\/de\/haberler\/gundem\/antalya-arkeoloji-muzesinin-yikim-kararina-tepkiler-buyuyor\/\"},\"wordCount\":488,\"publisher\":{\"@id\":\"https:\/\/denizcankizil.tr\/de\/#organization\"},\"articleSection\":[\"G\u00fcndem\"],\"inLanguage\":\"de\"},{\"@type\":\"WebPage\",\"@id\":\"http:\/\/denizcankizil.tr\/de\/haberler\/gundem\/antalya-arkeoloji-muzesinin-yikim-kararina-tepkiler-buyuyor\/\",\"url\":\"http:\/\/denizcankizil.tr\/de\/haberler\/gundem\/antalya-arkeoloji-muzesinin-yikim-kararina-tepkiler-buyuyor\/\",\"name\":\"Antalya Arkeoloji M\u00fczesi'nin y\u0131k\u0131m karar\u0131na tepkiler b\u00fcy\u00fcyor! - Av. Deniz Can K\u0131z\u0131l\",\"isPartOf\":{\"@id\":\"https:\/\/denizcankizil.tr\/de\/#website\"},\"datePublished\":\"2025-07-05T11:41:19+00:00\",\"breadcrumb\":{\"@id\":\"http:\/\/denizcankizil.tr\/de\/haberler\/gundem\/antalya-arkeoloji-muzesinin-yikim-kararina-tepkiler-buyuyor\/#breadcrumb\"},\"inLanguage\":\"de\",\"potentialAction\":[{\"@type\":\"ReadAction\",\"target\":[\"http:\/\/denizcankizil.tr\/de\/haberler\/gundem\/antalya-arkeoloji-muzesinin-yikim-kararina-tepkiler-buyuyor\/\"]}]},{\"@type\":\"BreadcrumbList\",\"@id\":\"http:\/\/denizcankizil.tr\/de\/haberler\/gundem\/antalya-arkeoloji-muzesinin-yikim-kararina-tepkiler-buyuyor\/#breadcrumb\",\"itemListElement\":[{\"@type\":\"ListItem\",\"position\":1,\"name\":\"Home\",\"item\":\"https:\/\/denizcankizil.tr\/de\/\"},{\"@type\":\"ListItem\",\"position\":2,\"name\":\"Antalya Arkeoloji M\u00fczesi&#8217;nin y\u0131k\u0131m karar\u0131na tepkiler b\u00fcy\u00fcyor!\"}]},{\"@type\":\"WebSite\",\"@id\":\"https:\/\/denizcankizil.tr\/de\/#website\",\"url\":\"https:\/\/denizcankizil.tr\/de\/\",\"name\":\"Av. Deniz Can K\u0131z\u0131l\",\"description\":\"Avukat Deniz Can K\u0131z\u0131l Antalya Barosu\",\"publisher\":{\"@id\":\"https:\/\/denizcankizil.tr\/de\/#organization\"},\"potentialAction\":[{\"@type\":\"SearchAction\",\"target\":{\"@type\":\"EntryPoint\",\"urlTemplate\":\"https:\/\/denizcankizil.tr\/de\/?s={search_term_string}\"},\"query-input\":{\"@type\":\"PropertyValueSpecification\",\"valueRequired\":true,\"valueName\":\"search_term_string\"}}],\"inLanguage\":\"de\"},{\"@type\":\"Organization\",\"@id\":\"https:\/\/denizcankizil.tr\/de\/#organization\",\"name\":\"Av. Deniz Can K\u0131z\u0131l\",\"url\":\"https:\/\/denizcankizil.tr\/de\/\",\"logo\":{\"@type\":\"ImageObject\",\"inLanguage\":\"de\",\"@id\":\"https:\/\/denizcankizil.tr\/de\/#\/schema\/logo\/image\/\",\"url\":\"http:\/\/denizcankizil.tr\/wp-content\/uploads\/2024\/10\/siyah-logo-svg.svg\",\"contentUrl\":\"http:\/\/denizcankizil.tr\/wp-content\/uploads\/2024\/10\/siyah-logo-svg.svg\",\"width\":1080,\"height\":1080,\"caption\":\"Av. Deniz Can K\u0131z\u0131l\"},\"image\":{\"@id\":\"https:\/\/denizcankizil.tr\/de\/#\/schema\/logo\/image\/\"}},{\"@type\":\"Person\",\"@id\":\"https:\/\/denizcankizil.tr\/de\/#\/schema\/person\/e1eb71bb4dd684d46563f0af307e1234\",\"name\":\"Antalya K\u00f6rfez\",\"image\":{\"@type\":\"ImageObject\",\"inLanguage\":\"de\",\"@id\":\"https:\/\/denizcankizil.tr\/de\/#\/schema\/person\/image\/\",\"url\":\"https:\/\/secure.gravatar.com\/avatar\/42b01982558a48a0b501fdcab6a408d3717ea5919095ee2e67b0e521799c5905?s=96&d=mm&r=g\",\"contentUrl\":\"https:\/\/secure.gravatar.com\/avatar\/42b01982558a48a0b501fdcab6a408d3717ea5919095ee2e67b0e521799c5905?s=96&d=mm&r=g\",\"caption\":\"Antalya K\u00f6rfez\"},\"sameAs\":[\"http:\/\/www.antalyakorfez.com\"],\"url\":\"https:\/\/www.antalyakorfez.com\/antalya-arkeoloji-muzesinin-yikim-kararina-tepkiler-buyuyor\"}]}<\/script>\n<!-- \/ Yoast SEO Premium plugin. -->","yoast_head_json":{"title":"Antalya Arkeoloji M\u00fczesi'nin y\u0131k\u0131m karar\u0131na tepkiler b\u00fcy\u00fcyor! - Av. Deniz Can K\u0131z\u0131l","robots":{"index":"index","follow":"follow","max-snippet":"max-snippet:-1","max-image-preview":"max-image-preview:large","max-video-preview":"max-video-preview:-1"},"canonical":"http:\/\/denizcankizil.tr\/de\/haberler\/gundem\/antalya-arkeoloji-muzesinin-yikim-kararina-tepkiler-buyuyor\/","og_locale":"de_DE","og_type":"article","og_title":"Antalya Arkeoloji M\u00fczesi'nin y\u0131k\u0131m karar\u0131na tepkiler b\u00fcy\u00fcyor!","og_description":"Antalya Arkeoloji M\u00fczesi&#8217;nin y\u0131k\u0131m karar\u0131na kar\u015f\u0131 kamuoyunda y\u00fckselen tepkiler devam ediyor. M\u00fcze \u00c7al\u0131\u015fma Grubu, karar\u0131n derhal geri \u00e7ekilmesini ve m\u00fczenin restore edilerek korunmas\u0131n\u0131 talep etti. Antalya Arkeoloji M\u00fczesi \u00f6n\u00fcnde yap\u0131lan bas\u0131n a\u00e7\u0131klamas\u0131nda, K\u00fclt\u00fcr ve Turizm Bakanl\u0131\u011f\u0131&#8217;n\u0131n m\u00fczeyi y\u0131kma karar\u0131na kar\u015f\u0131 g\u00fc\u00e7l\u00fc bir duru\u015f sergilendi. M\u00fcze \u00c7al\u0131\u015fma Grubu ad\u0131na konu\u015fan Prof. Dr. G\u00fcl I\u015f\u0131n, Antalya Arkeoloji M\u00fczesi&#8217;nin yaln\u0131zca bir bina olmad\u0131\u011f\u0131n\u0131, ayn\u0131 zamanda T\u00fcrkiye&#8217;nin ulusal mimari yar\u0131\u015fmas\u0131 sonucu in\u015fa edilen ilk m\u00fczesi ve \u00f6zg\u00fcn mimari kimli\u011fiyle ulusal k\u00fclt\u00fcrel miras oldu\u011funu vurgulad\u0131. &#8220;YILIN M\u00dcZES\u0130&#8221; \u00d6D\u00dcLL\u00dc YAPININ KORUNMASI \u00c7A\u011eRISI Prof. Dr. G\u00fcl I\u015f\u0131n, m\u00fczeye verilen &#8220;Y\u0131l\u0131n M\u00fczesi&#8221; \u00f6d\u00fcl\u00fcne ve binan\u0131n Akdeniz mimarisinin modern yorumunu ta\u015f\u0131yan yap\u0131s\u0131na dikkat \u00e7ekerek, yap\u0131n\u0131n y\u0131k\u0131lmas\u0131 yerine k\u00fclt\u00fcrel i\u015flevlerini koruyacak \u015fekilde restore edilmesi gerekti\u011fini belirtti. I\u015f\u0131n, K\u00fclt\u00fcr ve Turizm Bakanl\u0131\u011f\u0131&#8217;n\u0131n 20 Mart 2025&#8217;te ald\u0131\u011f\u0131 y\u0131k\u0131m karar\u0131n\u0131n ard\u0131ndan, 5 Haziran&#8217;da ta\u015f\u0131ma ve y\u0131k\u0131m ihalesi yap\u0131ld\u0131\u011f\u0131n\u0131 ve hen\u00fcz itiraz s\u00fcreci tamamlanmam\u0131\u015fken m\u00fczenin 8 Temmuz Pazartesi g\u00fcn\u00fc ziyarete kapat\u0131laca\u011f\u0131n\u0131n \u00f6\u011frenildi\u011fini hat\u0131rlatt\u0131. I\u015f\u0131n, bu s\u00fcrecin \u015feffafl\u0131ktan uzak ve &#8220;oldu-bitti&#8221; mant\u0131\u011f\u0131yla ilerletildi\u011fini ifade etti. UZMANLARLA \u00c7ALI\u015eTAY TALEB\u0130 M\u00fcze \u00c7al\u0131\u015fma Grubu, y\u0131k\u0131m karar\u0131n\u0131n derhal ertelenmesini ve t\u00fcm uzmanlar\u0131n kat\u0131l\u0131m\u0131yla, yap\u0131n\u0131n gelece\u011finin tart\u0131\u015f\u0131laca\u011f\u0131 bir \u00e7al\u0131\u015ftay\u0131n d\u00fczenlenmesini talep etti. Bas\u0131n a\u00e7\u0131klamas\u0131na Antalya Barosu, ANKA\u2013Antalya K\u00fclt\u00fcrel Miras Platformu, Akdeniz \u00dcniversitesi \u00d6\u011fretim Elemanlar\u0131 Derne\u011fi, Arkeologlar Derne\u011fi Antalya \u015eubesi, \u0130n\u015faat &hellip;","og_url":"http:\/\/denizcankizil.tr\/de\/haberler\/gundem\/antalya-arkeoloji-muzesinin-yikim-kararina-tepkiler-buyuyor\/","og_site_name":"Av. Deniz Can K\u0131z\u0131l","article_published_time":"2025-07-05T11:41:19+00:00","author":"Antalya K\u00f6rfez","twitter_card":"summary_large_image","twitter_misc":{"Verfasst von":"Antalya K\u00f6rfez","Gesch\u00e4tzte Lesezeit":"2\u00a0Minuten"},"schema":{"@context":"https:\/\/schema.org","@graph":[{"@type":"Article","@id":"http:\/\/denizcankizil.tr\/de\/haberler\/gundem\/antalya-arkeoloji-muzesinin-yikim-kararina-tepkiler-buyuyor\/#article","isPartOf":{"@id":"http:\/\/denizcankizil.tr\/de\/haberler\/gundem\/antalya-arkeoloji-muzesinin-yikim-kararina-tepkiler-buyuyor\/"},"author":{"name":"Antalya K\u00f6rfez","@id":"https:\/\/denizcankizil.tr\/de\/#\/schema\/person\/e1eb71bb4dd684d46563f0af307e1234"},"headline":"Antalya Arkeoloji M\u00fczesi&#8217;nin y\u0131k\u0131m karar\u0131na tepkiler b\u00fcy\u00fcyor!","datePublished":"2025-07-05T11:41:19+00:00","mainEntityOfPage":{"@id":"http:\/\/denizcankizil.tr\/de\/haberler\/gundem\/antalya-arkeoloji-muzesinin-yikim-kararina-tepkiler-buyuyor\/"},"wordCount":488,"publisher":{"@id":"https:\/\/denizcankizil.tr\/de\/#organization"},"articleSection":["G\u00fcndem"],"inLanguage":"de"},{"@type":"WebPage","@id":"http:\/\/denizcankizil.tr\/de\/haberler\/gundem\/antalya-arkeoloji-muzesinin-yikim-kararina-tepkiler-buyuyor\/","url":"http:\/\/denizcankizil.tr\/de\/haberler\/gundem\/antalya-arkeoloji-muzesinin-yikim-kararina-tepkiler-buyuyor\/","name":"Antalya Arkeoloji M\u00fczesi'nin y\u0131k\u0131m karar\u0131na tepkiler b\u00fcy\u00fcyor! - Av. Deniz Can K\u0131z\u0131l","isPartOf":{"@id":"https:\/\/denizcankizil.tr\/de\/#website"},"datePublished":"2025-07-05T11:41:19+00:00","breadcrumb":{"@id":"http:\/\/denizcankizil.tr\/de\/haberler\/gundem\/antalya-arkeoloji-muzesinin-yikim-kararina-tepkiler-buyuyor\/#breadcrumb"},"inLanguage":"de","potentialAction":[{"@type":"ReadAction","target":["http:\/\/denizcankizil.tr\/de\/haberler\/gundem\/antalya-arkeoloji-muzesinin-yikim-kararina-tepkiler-buyuyor\/"]}]},{"@type":"BreadcrumbList","@id":"http:\/\/denizcankizil.tr\/de\/haberler\/gundem\/antalya-arkeoloji-muzesinin-yikim-kararina-tepkiler-buyuyor\/#breadcrumb","itemListElement":[{"@type":"ListItem","position":1,"name":"Home","item":"https:\/\/denizcankizil.tr\/de\/"},{"@type":"ListItem","position":2,"name":"Antalya Arkeoloji M\u00fczesi&#8217;nin y\u0131k\u0131m karar\u0131na tepkiler b\u00fcy\u00fcyor!"}]},{"@type":"WebSite","@id":"https:\/\/denizcankizil.tr\/de\/#website","url":"https:\/\/denizcankizil.tr\/de\/","name":"Av. Deniz Can K\u0131z\u0131l","description":"Avukat Deniz Can K\u0131z\u0131l Antalya Barosu","publisher":{"@id":"https:\/\/denizcankizil.tr\/de\/#organization"},"potentialAction":[{"@type":"SearchAction","target":{"@type":"EntryPoint","urlTemplate":"https:\/\/denizcankizil.tr\/de\/?s={search_term_string}"},"query-input":{"@type":"PropertyValueSpecification","valueRequired":true,"valueName":"search_term_string"}}],"inLanguage":"de"},{"@type":"Organization","@id":"https:\/\/denizcankizil.tr\/de\/#organization","name":"Av. Deniz Can K\u0131z\u0131l","url":"https:\/\/denizcankizil.tr\/de\/","logo":{"@type":"ImageObject","inLanguage":"de","@id":"https:\/\/denizcankizil.tr\/de\/#\/schema\/logo\/image\/","url":"http:\/\/denizcankizil.tr\/wp-content\/uploads\/2024\/10\/siyah-logo-svg.svg","contentUrl":"http:\/\/denizcankizil.tr\/wp-content\/uploads\/2024\/10\/siyah-logo-svg.svg","width":1080,"height":1080,"caption":"Av. Deniz Can K\u0131z\u0131l"},"image":{"@id":"https:\/\/denizcankizil.tr\/de\/#\/schema\/logo\/image\/"}},{"@type":"Person","@id":"https:\/\/denizcankizil.tr\/de\/#\/schema\/person\/e1eb71bb4dd684d46563f0af307e1234","name":"Antalya K\u00f6rfez","image":{"@type":"ImageObject","inLanguage":"de","@id":"https:\/\/denizcankizil.tr\/de\/#\/schema\/person\/image\/","url":"https:\/\/secure.gravatar.com\/avatar\/42b01982558a48a0b501fdcab6a408d3717ea5919095ee2e67b0e521799c5905?s=96&d=mm&r=g","contentUrl":"https:\/\/secure.gravatar.com\/avatar\/42b01982558a48a0b501fdcab6a408d3717ea5919095ee2e67b0e521799c5905?s=96&d=mm&r=g","caption":"Antalya K\u00f6rfez"},"sameAs":["http:\/\/www.antalyakorfez.com"],"url":"https:\/\/www.antalyakorfez.com\/antalya-arkeoloji-muzesinin-yikim-kararina-tepkiler-buyuyor"}]}},"_links":{"self":[{"href":"http:\/\/denizcankizil.tr\/de\/wp-json\/wp\/v2\/posts\/136764","targetHints":{"allow":["GET"]}}],"collection":[{"href":"http:\/\/denizcankizil.tr\/de\/wp-json\/wp\/v2\/posts"}],"about":[{"href":"http:\/\/denizcankizil.tr\/de\/wp-json\/wp\/v2\/types\/post"}],"author":[{"embeddable":true,"href":"http:\/\/denizcankizil.tr\/de\/wp-json\/wp\/v2\/users\/5"}],"replies":[{"embeddable":true,"href":"http:\/\/denizcankizil.tr\/de\/wp-json\/wp\/v2\/comments?post=136764"}],"version-history":[{"count":0,"href":"http:\/\/denizcankizil.tr\/de\/wp-json\/wp\/v2\/posts\/136764\/revisions"}],"wp:attachment":[{"href":"http:\/\/denizcankizil.tr\/de\/wp-json\/wp\/v2\/media?parent=136764"}],"wp:term":[{"taxonomy":"category","embeddable":true,"href":"http:\/\/denizcankizil.tr\/de\/wp-json\/wp\/v2\/categories?post=136764"},{"taxonomy":"post_tag","embeddable":true,"href":"http:\/\/denizcankizil.tr\/de\/wp-json\/wp\/v2\/tags?post=136764"}],"curies":[{"name":"wp","href":"https:\/\/api.w.org\/{rel}","templated":true}]}}