{"id":136084,"date":"2025-07-04T22:41:21","date_gmt":"2025-07-04T19:41:21","guid":{"rendered":"https:\/\/denizcankizil.tr\/uncategorized-tr\/icisleri-bakanindan-yangin-aciklamasi-12-ilde-65-yangin-44-gozalti\/"},"modified":"2025-07-04T22:41:21","modified_gmt":"2025-07-04T19:41:21","slug":"icisleri-bakanindan-yangin-aciklamasi-12-ilde-65-yangin-44-gozalti","status":"publish","type":"post","link":"http:\/\/denizcankizil.tr\/de\/haberler\/gundem\/icisleri-bakanindan-yangin-aciklamasi-12-ilde-65-yangin-44-gozalti\/","title":{"rendered":"\u0130\u00e7i\u015fleri Bakan\u0131\u2019ndan yang\u0131n a\u00e7\u0131klamas\u0131: 12 ilde 65 yang\u0131n, 44 g\u00f6zalt\u0131"},"content":{"rendered":"<p>26 Haziran-4 Temmuz tarihlerinden bu yana T\u00fcrkiye genelinde \u00e7\u0131kan orman yang\u0131nlar\u0131n\u0131n bir k\u0131sm\u0131 s\u00f6nd\u00fcr\u00fcl\u00fcrken baz\u0131lar\u0131nda ise s\u00f6nd\u00fcr\u00fclme \u00e7al\u0131\u015fmalar\u0131 devam ediyor. \u0130\u00e7i\u015fleri Bakan\u0131 Ali Yerlikaya, T\u00fcrkiye&#8217;nin 12 farkl\u0131 ilinde meydana gelen 65 orman yang\u0131n\u0131na ili\u015fkin y\u00fcr\u00fct\u00fclen adli s\u00fcre\u00e7ler hakk\u0131nda kamuoyunu bilgilendirdi.<\/p>\n<p>65 AYRI ORMAN YANGINI<\/p>\n<p>12 ilde toplam 65 ayr\u0131 orman yang\u0131n\u0131n\u0131n \u00e7\u0131kt\u0131\u011f\u0131n\u0131 duyuran Bakan Yerlikaya, yang\u0131nlar\u0131n b\u00fcy\u00fck bir b\u00f6l\u00fcm\u00fcn\u00fcn insan kaynakl\u0131 oldu\u011funu belirtti. \u0130\u015fte Yerlikaya\u2019n\u0131n yapt\u0131\u011f\u0131 a\u00e7\u0131klama:<\/p>\n<p>\u201c26 Haziran-04 Temmuz 2025 tarihleri aras\u0131nda 12 ilimizde meydana gelen 65 orman yang\u0131n\u0131yla ilgili olarak; 44 \u015f\u00fcpheli \u015fah\u0131s g\u00f6zalt\u0131na al\u0131nd\u0131. Bunlar\u0131n 10\u2019u tutukland\u0131; 6\u2019s\u0131 hakk\u0131nda adli kontrol karar\u0131 uyguland\u0131. 13 \u015f\u00fcpheli \u015fahs\u0131n ifadelerine ba\u015fvuruldu, 15 \u015f\u00fcphelinin ise adli i\u015flemleri devam ediyor.<\/p>\n<p>\u0130zmir-Alia\u011fa Bozk\u00f6y Mahallesinde; 26 Haziran\u2019da ba\u015flay\u0131p ayn\u0131 g\u00fcn s\u00f6nd\u00fcr\u00fclen orman yang\u0131n\u0131n; bah\u00e7e temizli\u011fi yap\u0131ld\u0131\u011f\u0131 esnada yak\u0131lan ate\u015fin ormanl\u0131k alana s\u0131\u00e7ramas\u0131 nedeniyle meydana geldi\u011fi belirlendi. G\u00f6zalt\u0131na al\u0131nan 6 \u015fah\u0131stan M.E. tutukland\u0131. \u0130.B., E.\u0130., S.\u0130., R.E., L.N. ifadelerinin al\u0131nmas\u0131n\u0131n ard\u0131ndan serbest b\u0131rak\u0131ld\u0131.<\/p>\n<p>Sakarya-Tarakl\u0131 il\u00e7esi Hac\u0131yakup Mahallesinde; 27 Haziran\u2019da ba\u015flayan yang\u0131n 2 g\u00fcn s\u00fcren \u00e7al\u0131\u015fmalar sonucu s\u00f6nd\u00fcr\u00fcld\u00fc. R.N., Y.N. ve N.\u0130. isimli \u015fah\u0131slar\u0131n yang\u0131n\u0131n \u00e7\u0131k\u0131\u015f noktas\u0131nda tarla s\u00fcrd\u00fcklerinin tespiti sonucu; 3 \u015fah\u0131s g\u00f6zalt\u0131na al\u0131nd\u0131. 2&#8217;si adli kontrol \u015fart\u0131yla, 1&#8217;i ifadesini al\u0131nmas\u0131n\u0131 m\u00fcteakip serbest b\u0131rak\u0131ld\u0131.<\/p>\n<p>\u0130zmir-Bornova Yakak\u00f6y Mahallesinde; 27 Haziran\u2019da ba\u015flay\u0131p ayn\u0131 g\u00fcn s\u00f6nd\u00fcr\u00fclen yang\u0131n kapsam\u0131nda 5 \u015f\u00fcpheli \u015fah\u0131s hakk\u0131nda adli i\u015flem yap\u0131ld\u0131. N.N., L.B., E.\u00dc., E.K., R.N. isimli \u015fah\u0131slar\u0131n kaynak makinesi ve spiral makinesi ile \u00e7al\u0131\u015ft\u0131\u011f\u0131 esnada \u00e7\u0131kan k\u0131v\u0131lc\u0131mlar nedeniyle yang\u0131n \u00e7\u0131kt\u0131\u011f\u0131 anla\u015f\u0131ld\u0131. 3 \u015fah\u0131s tutukland\u0131. 2 \u015f\u00fcpheli adli kontrol \u015fart\u0131yla serbest b\u0131rak\u0131ld\u0131.<\/p>\n<p>Manisa-Akhisar Musaca Mahallesinde; 28 Haziran\u2019da ba\u015flay\u0131p halen s\u00fcren orman yang\u0131n\u0131 kapsam\u0131nda; 1 \u015f\u00fcpheli \u015fah\u0131s hakk\u0131nda adli i\u015flem yap\u0131ld\u0131. D.A. isimli \u015fahs\u0131n ar\u0131 kovanlar\u0131n\u0131 temizlemek maksad\u0131yla yakt\u0131\u011f\u0131 ate\u015fin ormanl\u0131k alana s\u0131\u00e7ramas\u0131 neticesinde yang\u0131n \u00e7\u0131kt\u0131\u011f\u0131 belirlendi. 1 \u015fah\u0131s tutukland\u0131.<\/p>\n<p>Bal\u0131kesir- Havran Hal\u0131ca Mahallesinde; 28 Haziran\u2019da ba\u015flay\u0131p 29 Haziran\u2019da s\u00f6nd\u00fcr\u00fclen orman yang\u0131n\u0131 kapsam\u0131nda; 1 \u015f\u00fcpheli \u015fah\u0131s hakk\u0131nda adli i\u015flem yap\u0131ld\u0131. M.N. isimli \u015fahs\u0131n kullanm\u0131\u015f oldu\u011fu kaynak makinas\u0131ndan \u00e7\u0131kan k\u0131v\u0131lc\u0131mlar\u0131n ormanl\u0131k alana s\u0131\u00e7ramas\u0131 sonucu yang\u0131n \u00e7\u0131kt\u0131\u011f\u0131 anla\u015f\u0131ld\u0131. 1 \u015fah\u0131s ifadesinin al\u0131nmas\u0131n\u0131 m\u00fcteakip serbest b\u0131rak\u0131ld\u0131.<\/p>\n<p>Bal\u0131kesir- Bigadi\u00e7 \u00c7amk\u00f6y Mahallesinde; 26 Haziran\u2019da ba\u015flay\u0131p ayn\u0131 g\u00fcn s\u00f6nd\u00fcr\u00fclen orman yang\u0131n\u0131n; tarlada ba\u015flayan yang\u0131n\u0131n ormanl\u0131k alana s\u0131\u00e7ramas\u0131 neticesinde meydana geldi\u011fi belirlendi. 3 \u015f\u00fcpheli \u015fah\u0131s hakk\u0131nda adli i\u015flem yap\u0131ld\u0131. Olay ile ilgili \u0130.\u00c7., A.\u00c7. ve F.I. isimli \u015f\u00fcpheliler ifadelerinin al\u0131nmas\u0131n\u0131 m\u00fcteakip serbest b\u0131rak\u0131ld\u0131.<\/p>\n<p>Bal\u0131kesir- Alt\u0131eyl\u00fcl G\u00f6k\u00e7e\u00f6ren Mahallesinde; 1 Temmuz\u2019da ba\u015flay\u0131p ayn\u0131 g\u00fcn s\u00f6nd\u00fcr\u00fclen orman yang\u0131n\u0131n; bi\u00e7erd\u00f6ver makinas\u0131ndan \u00e7\u0131kan k\u0131v\u0131lc\u0131mlar\u0131n ormanl\u0131k alana s\u0131\u00e7ramas\u0131 sonucu ba\u015flad\u0131\u011f\u0131 belirlendi. 1 \u015f\u00fcpheli hakk\u0131nda i\u015flem yap\u0131ld\u0131. M.T. isimli \u015fah\u0131s tutukland\u0131.<\/p>\n<p>K\u00fctahya-Gediz Yenikent beldesinde; 1 Temmuz\u2019da ba\u015flay\u0131p 2 Temmuz\u2019da s\u00f6nd\u00fcr\u00fclen orman yang\u0131n\u0131n; bi\u00e7erd\u00f6ver makinas\u0131ndan \u00e7\u0131kan k\u0131v\u0131lc\u0131mlar\u0131n ormanl\u0131k alana s\u0131\u00e7ramas\u0131 sonucu meydana geldi\u011fi belirlendi. 1 \u015f\u00fcpheli hakk\u0131nda i\u015flem yap\u0131ld\u0131. R.A. isimli \u015fah\u0131s adli kontrol \u015fart\u0131yla serbest b\u0131rak\u0131ld\u0131.<\/p>\n<p>Bursa-Mustafa Kemalpa\u015fa Alacaat Mahallesinde; 1 Temmuz\u2019da ba\u015flay\u0131p 2 Temmuz\u2019da s\u00f6nd\u00fcr\u00fclen orman yang\u0131n\u0131 kapsam\u0131nda; orman kesim faaliyeti yapan 9 \u015f\u00fcpheli g\u00f6zalt\u0131na al\u0131nd\u0131. 9 \u015f\u00fcphelinin adli i\u015flemleri devam ediyor.<\/p>\n<p>\u0130zmir-Buca Zafer Mahallesinde; 3 Temmuz\u2019da ba\u015flay\u0131p ayn\u0131 g\u00fcn s\u00f6nd\u00fcr\u00fclen yang\u0131n\u0131n; kaynak makinesi ile \u00e7al\u0131\u015fma yap\u0131ld\u0131\u011f\u0131 esnada olu\u015fan k\u0131v\u0131lc\u0131mlar sebebiyle \u00e7\u0131kt\u0131\u011f\u0131 belirlendi. Yang\u0131na sebebiyet veren N.I., S.R., Y.N. ve B.N. isimli 4 \u015fah\u0131s g\u00f6zalt\u0131na al\u0131nd\u0131. \u015e\u00fcphelilerin adli i\u015flemleri devam ediyor.<\/p>\n<p>U\u015fak-E\u015fme Balabanc\u0131 K\u00f6y\u00fcnde; 3 Temmuz\u2019da ba\u015flay\u0131p ayn\u0131 g\u00fcn s\u00f6nd\u00fcr\u00fclen yang\u0131n\u0131n; tarlada balya makinesi ile \u00e7al\u0131\u015fma yap\u0131ld\u0131\u011f\u0131 esnada \u00e7\u0131kan k\u0131v\u0131lc\u0131mlar nedeniyle meydana geldi\u011fi belirlendi. R.S. ve B.S. isimli \u015fah\u0131slar g\u00f6zalt\u0131na al\u0131nd\u0131 ve tutukland\u0131.<\/p>\n<p>Kahramanmara\u015f-Pazarc\u0131k Karab\u0131y\u0131k Mahallesinde; 3 Temmuz\u2019da ba\u015flay\u0131p ayn\u0131 g\u00fcn s\u00f6nd\u00fcr\u00fclen yang\u0131n\u0131n; piknik ate\u015finden \u00e7\u0131kan k\u0131v\u0131lc\u0131mlar\u0131n ormanl\u0131k alana s\u0131\u00e7ramas\u0131 nedeniyle meydana geldi\u011fi belirlendi. M.N. isimli \u015f\u00fcpheli adli kontrol \u015fart\u0131yla serbest b\u0131rak\u0131ld\u0131.<\/p>\n<p>Eski\u015fehir-Seyitgazi Bardak\u00e7\u0131 Mahallesinde; 4 Temmuz\u2019da ba\u015flay\u0131p ayn\u0131 g\u00fcn s\u00f6nd\u00fcr\u00fclen yang\u0131n; orman kesim i\u015f\u00e7ilerinin \u00e7al\u0131\u015fma yapt\u0131\u011f\u0131 b\u00f6lgede meydana geldi\u011fi belirlendi. 2 \u015f\u00fcpheli g\u00f6zalt\u0131na al\u0131nd\u0131. \u015e\u00fcphelilerin adli i\u015flemleri devam ediyor.<\/p>\n<p>Mersin &#8211; Mut Hisark\u00f6y Mahallesinde; 3 Temmuz&#8217;da ba\u015flay\u0131p ayn\u0131 g\u00fcn s\u00f6nd\u00fcr\u00fclen yang\u0131n; elektrik dire\u011finden \u00e7\u0131kt\u0131\u011f\u0131 de\u011ferlendirilmi\u015f olup, 1 \u015f\u00fcpheli g\u00f6zalt\u0131na al\u0131nd\u0131. \u015e\u00fcphelinin ifadesinin al\u0131nmas\u0131n\u0131 m\u00fcteakip serbest b\u0131rak\u0131ld\u0131.<\/p>\n<p>K\u0131rklareli &#8211; Merkez Kar\u0131ncak K\u00f6y\u00fcnde; 3 Temmuz&#8217;da ba\u015flay\u0131p ayn\u0131 g\u00fcn s\u00f6nd\u00fcr\u00fclen yang\u0131n kapsam\u0131nda; yang\u0131n\u0131n \u00e7\u0131k\u0131\u015f noktas\u0131nda yakalanan A.S. ve. D.\u00c7. isimli \u015fah\u0131slar ifadelerinin al\u0131nmas\u0131n\u0131 m\u00fcteakip serbest b\u0131rak\u0131ld\u0131.<\/p>\n<p>\u0130stanbul &#8211; Silivri \u00c7anta Balan Mahallesinde; 3 Temmuz&#8217;da ba\u015flay\u0131p ayn\u0131 g\u00fcn s\u00f6nd\u00fcr\u00fclen yang\u0131n\u0131n; kaynak makinesi ile \u00e7al\u0131\u015fma yap\u0131ld\u0131\u011f\u0131 esnada \u00e7\u0131kan k\u0131v\u0131lc\u0131mlar sebebiyle \u00e7\u0131kt\u0131\u011f\u0131 belirlendi. Yang\u0131na sebebiyet veren V.S., N.K.B. isimli 2 \u015f\u00fcpheli g\u00f6zalt\u0131na al\u0131nd\u0131 ve tutukland\u0131. \u00d6zellikle s\u0131cak yaz g\u00fcnlerinde ormanlar\u0131m\u0131z\u0131 korumak ad\u0131na vatanda\u015flar\u0131m\u0131z\u0131n \u00e7ok daha temkinli ve tedbirli olmalar\u0131 b\u00fcy\u00fck \u00f6nem ta\u015f\u0131yor. Allah her t\u00fcrl\u00fc afetten \u00fclkemizi ve milletimizi korusun.<\/p>\n<p>\u200b\u0130\u00e7i\u015fleri Bakan\u0131 Ali Yerlikaya 26 Haziran tarihinden bu yana 12 ilde \u00e7\u0131kan orman yang\u0131nlar\u0131n\u0131n \u00e7\u0131k\u0131\u015f nedenini ve yang\u0131nlarla ba\u011flant\u0131l\u0131 olarak 44 \u015f\u00fcphelinin g\u00f6zalt\u0131na al\u0131nd\u0131\u011f\u0131n\u0131 a\u00e7\u0131klad\u0131.\u00a0<\/p>\n<p>\u200bHaberin Al\u0131nt\u0131land\u0131\u011f\u0131 Kaynak: www.antalyakorfez.com<\/p>","protected":false},"excerpt":{"rendered":"<p>26 Haziran-4 Temmuz tarihlerinden bu yana T\u00fcrkiye genelinde \u00e7\u0131kan orman yang\u0131nlar\u0131n\u0131n bir k\u0131sm\u0131 s\u00f6nd\u00fcr\u00fcl\u00fcrken baz\u0131lar\u0131nda ise s\u00f6nd\u00fcr\u00fclme \u00e7al\u0131\u015fmalar\u0131 devam ediyor. \u0130\u00e7i\u015fleri Bakan\u0131 Ali Yerlikaya, T\u00fcrkiye&#8217;nin 12 farkl\u0131 ilinde meydana gelen 65 orman yang\u0131n\u0131na ili\u015fkin y\u00fcr\u00fct\u00fclen adli s\u00fcre\u00e7ler hakk\u0131nda kamuoyunu bilgilendirdi. 65 AYRI ORMAN YANGINI 12 ilde toplam 65 ayr\u0131 orman yang\u0131n\u0131n\u0131n \u00e7\u0131kt\u0131\u011f\u0131n\u0131 duyuran Bakan Yerlikaya, yang\u0131nlar\u0131n b\u00fcy\u00fck bir b\u00f6l\u00fcm\u00fcn\u00fcn insan kaynakl\u0131 oldu\u011funu belirtti. \u0130\u015fte Yerlikaya\u2019n\u0131n yapt\u0131\u011f\u0131 a\u00e7\u0131klama: \u201c26 Haziran-04 Temmuz 2025 tarihleri aras\u0131nda 12 ilimizde meydana gelen 65 orman yang\u0131n\u0131yla ilgili olarak; 44 \u015f\u00fcpheli \u015fah\u0131s g\u00f6zalt\u0131na al\u0131nd\u0131. Bunlar\u0131n 10\u2019u tutukland\u0131; 6\u2019s\u0131 hakk\u0131nda adli kontrol karar\u0131 uyguland\u0131. 13 \u015f\u00fcpheli \u015fahs\u0131n ifadelerine ba\u015fvuruldu, 15 \u015f\u00fcphelinin ise adli i\u015flemleri devam ediyor. \u0130zmir-Alia\u011fa Bozk\u00f6y Mahallesinde; 26 Haziran\u2019da ba\u015flay\u0131p ayn\u0131 g\u00fcn s\u00f6nd\u00fcr\u00fclen orman yang\u0131n\u0131n; bah\u00e7e temizli\u011fi yap\u0131ld\u0131\u011f\u0131 esnada yak\u0131lan ate\u015fin ormanl\u0131k alana s\u0131\u00e7ramas\u0131 nedeniyle meydana geldi\u011fi belirlendi. G\u00f6zalt\u0131na al\u0131nan 6 \u015fah\u0131stan M.E. tutukland\u0131. \u0130.B., E.\u0130., S.\u0130., R.E., L.N. ifadelerinin al\u0131nmas\u0131n\u0131n ard\u0131ndan serbest b\u0131rak\u0131ld\u0131. Sakarya-Tarakl\u0131 il\u00e7esi Hac\u0131yakup Mahallesinde; 27 Haziran\u2019da ba\u015flayan yang\u0131n 2 g\u00fcn s\u00fcren \u00e7al\u0131\u015fmalar sonucu s\u00f6nd\u00fcr\u00fcld\u00fc. R.N., Y.N. ve N.\u0130. isimli \u015fah\u0131slar\u0131n yang\u0131n\u0131n \u00e7\u0131k\u0131\u015f noktas\u0131nda tarla s\u00fcrd\u00fcklerinin tespiti sonucu; 3 \u015fah\u0131s g\u00f6zalt\u0131na al\u0131nd\u0131. 2&#8217;si adli kontrol \u015fart\u0131yla, 1&#8217;i ifadesini al\u0131nmas\u0131n\u0131 m\u00fcteakip serbest b\u0131rak\u0131ld\u0131. \u0130zmir-Bornova Yakak\u00f6y Mahallesinde; 27 Haziran\u2019da ba\u015flay\u0131p ayn\u0131 g\u00fcn s\u00f6nd\u00fcr\u00fclen yang\u0131n kapsam\u0131nda &hellip;<\/p>","protected":false},"author":5,"featured_media":0,"comment_status":"","ping_status":"open","sticky":false,"template":"","format":"standard","meta":{"_acf_changed":false,"footnotes":""},"categories":[24],"tags":[],"class_list":["post-136084","post","type-post","status-publish","format-standard","has-post-thumbnail","hentry","category-gundem"],"acf":[],"yoast_head":"<!-- This site is optimized with the Yoast SEO Premium plugin v26.6 (Yoast SEO v27.1.1) - https:\/\/yoast.com\/product\/yoast-seo-premium-wordpress\/ -->\n<title>\u0130\u00e7i\u015fleri Bakan\u0131\u2019ndan yang\u0131n a\u00e7\u0131klamas\u0131: 12 ilde 65 yang\u0131n, 44 g\u00f6zalt\u0131 - Av. Deniz Can K\u0131z\u0131l<\/title>\n<meta name=\"robots\" content=\"index, follow, max-snippet:-1, max-image-preview:large, max-video-preview:-1\" \/>\n<link rel=\"canonical\" href=\"https:\/\/denizcankizil.tr\/de\/haberler\/gundem\/icisleri-bakanindan-yangin-aciklamasi-12-ilde-65-yangin-44-gozalti\/\" \/>\n<meta property=\"og:locale\" content=\"de_DE\" \/>\n<meta property=\"og:type\" content=\"article\" \/>\n<meta property=\"og:title\" content=\"\u0130\u00e7i\u015fleri Bakan\u0131\u2019ndan yang\u0131n a\u00e7\u0131klamas\u0131: 12 ilde 65 yang\u0131n, 44 g\u00f6zalt\u0131\" \/>\n<meta property=\"og:description\" content=\"26 Haziran-4 Temmuz tarihlerinden bu yana T\u00fcrkiye genelinde \u00e7\u0131kan orman yang\u0131nlar\u0131n\u0131n bir k\u0131sm\u0131 s\u00f6nd\u00fcr\u00fcl\u00fcrken baz\u0131lar\u0131nda ise s\u00f6nd\u00fcr\u00fclme \u00e7al\u0131\u015fmalar\u0131 devam ediyor. \u0130\u00e7i\u015fleri Bakan\u0131 Ali Yerlikaya, T\u00fcrkiye&#8217;nin 12 farkl\u0131 ilinde meydana gelen 65 orman yang\u0131n\u0131na ili\u015fkin y\u00fcr\u00fct\u00fclen adli s\u00fcre\u00e7ler hakk\u0131nda kamuoyunu bilgilendirdi. 65 AYRI ORMAN YANGINI 12 ilde toplam 65 ayr\u0131 orman yang\u0131n\u0131n\u0131n \u00e7\u0131kt\u0131\u011f\u0131n\u0131 duyuran Bakan Yerlikaya, yang\u0131nlar\u0131n b\u00fcy\u00fck bir b\u00f6l\u00fcm\u00fcn\u00fcn insan kaynakl\u0131 oldu\u011funu belirtti. \u0130\u015fte Yerlikaya\u2019n\u0131n yapt\u0131\u011f\u0131 a\u00e7\u0131klama: \u201c26 Haziran-04 Temmuz 2025 tarihleri aras\u0131nda 12 ilimizde meydana gelen 65 orman yang\u0131n\u0131yla ilgili olarak; 44 \u015f\u00fcpheli \u015fah\u0131s g\u00f6zalt\u0131na al\u0131nd\u0131. Bunlar\u0131n 10\u2019u tutukland\u0131; 6\u2019s\u0131 hakk\u0131nda adli kontrol karar\u0131 uyguland\u0131. 13 \u015f\u00fcpheli \u015fahs\u0131n ifadelerine ba\u015fvuruldu, 15 \u015f\u00fcphelinin ise adli i\u015flemleri devam ediyor. \u0130zmir-Alia\u011fa Bozk\u00f6y Mahallesinde; 26 Haziran\u2019da ba\u015flay\u0131p ayn\u0131 g\u00fcn s\u00f6nd\u00fcr\u00fclen orman yang\u0131n\u0131n; bah\u00e7e temizli\u011fi yap\u0131ld\u0131\u011f\u0131 esnada yak\u0131lan ate\u015fin ormanl\u0131k alana s\u0131\u00e7ramas\u0131 nedeniyle meydana geldi\u011fi belirlendi. G\u00f6zalt\u0131na al\u0131nan 6 \u015fah\u0131stan M.E. tutukland\u0131. \u0130.B., E.\u0130., S.\u0130., R.E., L.N. ifadelerinin al\u0131nmas\u0131n\u0131n ard\u0131ndan serbest b\u0131rak\u0131ld\u0131. Sakarya-Tarakl\u0131 il\u00e7esi Hac\u0131yakup Mahallesinde; 27 Haziran\u2019da ba\u015flayan yang\u0131n 2 g\u00fcn s\u00fcren \u00e7al\u0131\u015fmalar sonucu s\u00f6nd\u00fcr\u00fcld\u00fc. R.N., Y.N. ve N.\u0130. isimli \u015fah\u0131slar\u0131n yang\u0131n\u0131n \u00e7\u0131k\u0131\u015f noktas\u0131nda tarla s\u00fcrd\u00fcklerinin tespiti sonucu; 3 \u015fah\u0131s g\u00f6zalt\u0131na al\u0131nd\u0131. 2&#8217;si adli kontrol \u015fart\u0131yla, 1&#8217;i ifadesini al\u0131nmas\u0131n\u0131 m\u00fcteakip serbest b\u0131rak\u0131ld\u0131. \u0130zmir-Bornova Yakak\u00f6y Mahallesinde; 27 Haziran\u2019da ba\u015flay\u0131p ayn\u0131 g\u00fcn s\u00f6nd\u00fcr\u00fclen yang\u0131n kapsam\u0131nda &hellip;\" \/>\n<meta property=\"og:url\" content=\"https:\/\/denizcankizil.tr\/de\/haberler\/gundem\/icisleri-bakanindan-yangin-aciklamasi-12-ilde-65-yangin-44-gozalti\/\" \/>\n<meta property=\"og:site_name\" content=\"Av. Deniz Can K\u0131z\u0131l\" \/>\n<meta property=\"article:published_time\" content=\"2025-07-04T19:41:21+00:00\" \/>\n<meta name=\"author\" content=\"Antalya K\u00f6rfez\" \/>\n<meta name=\"twitter:card\" content=\"summary_large_image\" \/>\n<meta name=\"twitter:label1\" content=\"Verfasst von\" \/>\n\t<meta name=\"twitter:data1\" content=\"Antalya K\u00f6rfez\" \/>\n\t<meta name=\"twitter:label2\" content=\"Gesch\u00e4tzte Lesezeit\" \/>\n\t<meta name=\"twitter:data2\" content=\"6\u00a0Minuten\" \/>\n<script type=\"application\/ld+json\" class=\"yoast-schema-graph\">{\"@context\":\"https:\/\/schema.org\",\"@graph\":[{\"@type\":\"Article\",\"@id\":\"https:\/\/denizcankizil.tr\/uk\/haberler\/gundem\/icisleri-bakanindan-yangin-aciklamasi-12-ilde-65-yangin-44-gozalti\/#article\",\"isPartOf\":{\"@id\":\"https:\/\/denizcankizil.tr\/uk\/haberler\/gundem\/icisleri-bakanindan-yangin-aciklamasi-12-ilde-65-yangin-44-gozalti\/\"},\"author\":{\"name\":\"Antalya K\u00f6rfez\",\"@id\":\"https:\/\/denizcankizil.tr\/de\/#\/schema\/person\/e1eb71bb4dd684d46563f0af307e1234\"},\"headline\":\"\u0130\u00e7i\u015fleri Bakan\u0131\u2019ndan yang\u0131n a\u00e7\u0131klamas\u0131: 12 ilde 65 yang\u0131n, 44 g\u00f6zalt\u0131\",\"datePublished\":\"2025-07-04T19:41:21+00:00\",\"mainEntityOfPage\":{\"@id\":\"https:\/\/denizcankizil.tr\/uk\/haberler\/gundem\/icisleri-bakanindan-yangin-aciklamasi-12-ilde-65-yangin-44-gozalti\/\"},\"wordCount\":1166,\"publisher\":{\"@id\":\"https:\/\/denizcankizil.tr\/de\/#organization\"},\"articleSection\":[\"G\u00fcndem\"],\"inLanguage\":\"de\"},{\"@type\":\"WebPage\",\"@id\":\"https:\/\/denizcankizil.tr\/uk\/haberler\/gundem\/icisleri-bakanindan-yangin-aciklamasi-12-ilde-65-yangin-44-gozalti\/\",\"url\":\"https:\/\/denizcankizil.tr\/uk\/haberler\/gundem\/icisleri-bakanindan-yangin-aciklamasi-12-ilde-65-yangin-44-gozalti\/\",\"name\":\"\u0130\u00e7i\u015fleri Bakan\u0131\u2019ndan yang\u0131n a\u00e7\u0131klamas\u0131: 12 ilde 65 yang\u0131n, 44 g\u00f6zalt\u0131 - Av. Deniz Can K\u0131z\u0131l\",\"isPartOf\":{\"@id\":\"https:\/\/denizcankizil.tr\/de\/#website\"},\"datePublished\":\"2025-07-04T19:41:21+00:00\",\"breadcrumb\":{\"@id\":\"https:\/\/denizcankizil.tr\/uk\/haberler\/gundem\/icisleri-bakanindan-yangin-aciklamasi-12-ilde-65-yangin-44-gozalti\/#breadcrumb\"},\"inLanguage\":\"de\",\"potentialAction\":[{\"@type\":\"ReadAction\",\"target\":[\"https:\/\/denizcankizil.tr\/uk\/haberler\/gundem\/icisleri-bakanindan-yangin-aciklamasi-12-ilde-65-yangin-44-gozalti\/\"]}]},{\"@type\":\"BreadcrumbList\",\"@id\":\"https:\/\/denizcankizil.tr\/uk\/haberler\/gundem\/icisleri-bakanindan-yangin-aciklamasi-12-ilde-65-yangin-44-gozalti\/#breadcrumb\",\"itemListElement\":[{\"@type\":\"ListItem\",\"position\":1,\"name\":\"Home\",\"item\":\"https:\/\/denizcankizil.tr\/de\/\"},{\"@type\":\"ListItem\",\"position\":2,\"name\":\"\u0130\u00e7i\u015fleri Bakan\u0131\u2019ndan yang\u0131n a\u00e7\u0131klamas\u0131: 12 ilde 65 yang\u0131n, 44 g\u00f6zalt\u0131\"}]},{\"@type\":\"WebSite\",\"@id\":\"https:\/\/denizcankizil.tr\/de\/#website\",\"url\":\"https:\/\/denizcankizil.tr\/de\/\",\"name\":\"Av. Deniz Can K\u0131z\u0131l\",\"description\":\"Avukat Deniz Can K\u0131z\u0131l Antalya Barosu\",\"publisher\":{\"@id\":\"https:\/\/denizcankizil.tr\/de\/#organization\"},\"potentialAction\":[{\"@type\":\"SearchAction\",\"target\":{\"@type\":\"EntryPoint\",\"urlTemplate\":\"https:\/\/denizcankizil.tr\/de\/?s={search_term_string}\"},\"query-input\":{\"@type\":\"PropertyValueSpecification\",\"valueRequired\":true,\"valueName\":\"search_term_string\"}}],\"inLanguage\":\"de\"},{\"@type\":\"Organization\",\"@id\":\"https:\/\/denizcankizil.tr\/de\/#organization\",\"name\":\"Av. Deniz Can K\u0131z\u0131l\",\"url\":\"https:\/\/denizcankizil.tr\/de\/\",\"logo\":{\"@type\":\"ImageObject\",\"inLanguage\":\"de\",\"@id\":\"https:\/\/denizcankizil.tr\/de\/#\/schema\/logo\/image\/\",\"url\":\"http:\/\/denizcankizil.tr\/wp-content\/uploads\/2024\/10\/siyah-logo-svg.svg\",\"contentUrl\":\"http:\/\/denizcankizil.tr\/wp-content\/uploads\/2024\/10\/siyah-logo-svg.svg\",\"width\":1080,\"height\":1080,\"caption\":\"Av. Deniz Can K\u0131z\u0131l\"},\"image\":{\"@id\":\"https:\/\/denizcankizil.tr\/de\/#\/schema\/logo\/image\/\"}},{\"@type\":\"Person\",\"@id\":\"https:\/\/denizcankizil.tr\/de\/#\/schema\/person\/e1eb71bb4dd684d46563f0af307e1234\",\"name\":\"Antalya K\u00f6rfez\",\"image\":{\"@type\":\"ImageObject\",\"inLanguage\":\"de\",\"@id\":\"https:\/\/denizcankizil.tr\/de\/#\/schema\/person\/image\/\",\"url\":\"https:\/\/secure.gravatar.com\/avatar\/42b01982558a48a0b501fdcab6a408d3717ea5919095ee2e67b0e521799c5905?s=96&d=mm&r=g\",\"contentUrl\":\"https:\/\/secure.gravatar.com\/avatar\/42b01982558a48a0b501fdcab6a408d3717ea5919095ee2e67b0e521799c5905?s=96&d=mm&r=g\",\"caption\":\"Antalya K\u00f6rfez\"},\"sameAs\":[\"http:\/\/www.antalyakorfez.com\"],\"url\":\"https:\/\/www.antalyakorfez.com\/icisleri-bakanindan-yangin-aciklamasi-12-ilde-65-yangin-44-gozalti\"}]}<\/script>\n<!-- \/ Yoast SEO Premium plugin. -->","yoast_head_json":{"title":"\u0130\u00e7i\u015fleri Bakan\u0131\u2019ndan yang\u0131n a\u00e7\u0131klamas\u0131: 12 ilde 65 yang\u0131n, 44 g\u00f6zalt\u0131 - Av. Deniz Can K\u0131z\u0131l","robots":{"index":"index","follow":"follow","max-snippet":"max-snippet:-1","max-image-preview":"max-image-preview:large","max-video-preview":"max-video-preview:-1"},"canonical":"https:\/\/denizcankizil.tr\/de\/haberler\/gundem\/icisleri-bakanindan-yangin-aciklamasi-12-ilde-65-yangin-44-gozalti\/","og_locale":"de_DE","og_type":"article","og_title":"\u0130\u00e7i\u015fleri Bakan\u0131\u2019ndan yang\u0131n a\u00e7\u0131klamas\u0131: 12 ilde 65 yang\u0131n, 44 g\u00f6zalt\u0131","og_description":"26 Haziran-4 Temmuz tarihlerinden bu yana T\u00fcrkiye genelinde \u00e7\u0131kan orman yang\u0131nlar\u0131n\u0131n bir k\u0131sm\u0131 s\u00f6nd\u00fcr\u00fcl\u00fcrken baz\u0131lar\u0131nda ise s\u00f6nd\u00fcr\u00fclme \u00e7al\u0131\u015fmalar\u0131 devam ediyor. \u0130\u00e7i\u015fleri Bakan\u0131 Ali Yerlikaya, T\u00fcrkiye&#8217;nin 12 farkl\u0131 ilinde meydana gelen 65 orman yang\u0131n\u0131na ili\u015fkin y\u00fcr\u00fct\u00fclen adli s\u00fcre\u00e7ler hakk\u0131nda kamuoyunu bilgilendirdi. 65 AYRI ORMAN YANGINI 12 ilde toplam 65 ayr\u0131 orman yang\u0131n\u0131n\u0131n \u00e7\u0131kt\u0131\u011f\u0131n\u0131 duyuran Bakan Yerlikaya, yang\u0131nlar\u0131n b\u00fcy\u00fck bir b\u00f6l\u00fcm\u00fcn\u00fcn insan kaynakl\u0131 oldu\u011funu belirtti. \u0130\u015fte Yerlikaya\u2019n\u0131n yapt\u0131\u011f\u0131 a\u00e7\u0131klama: \u201c26 Haziran-04 Temmuz 2025 tarihleri aras\u0131nda 12 ilimizde meydana gelen 65 orman yang\u0131n\u0131yla ilgili olarak; 44 \u015f\u00fcpheli \u015fah\u0131s g\u00f6zalt\u0131na al\u0131nd\u0131. Bunlar\u0131n 10\u2019u tutukland\u0131; 6\u2019s\u0131 hakk\u0131nda adli kontrol karar\u0131 uyguland\u0131. 13 \u015f\u00fcpheli \u015fahs\u0131n ifadelerine ba\u015fvuruldu, 15 \u015f\u00fcphelinin ise adli i\u015flemleri devam ediyor. \u0130zmir-Alia\u011fa Bozk\u00f6y Mahallesinde; 26 Haziran\u2019da ba\u015flay\u0131p ayn\u0131 g\u00fcn s\u00f6nd\u00fcr\u00fclen orman yang\u0131n\u0131n; bah\u00e7e temizli\u011fi yap\u0131ld\u0131\u011f\u0131 esnada yak\u0131lan ate\u015fin ormanl\u0131k alana s\u0131\u00e7ramas\u0131 nedeniyle meydana geldi\u011fi belirlendi. G\u00f6zalt\u0131na al\u0131nan 6 \u015fah\u0131stan M.E. tutukland\u0131. \u0130.B., E.\u0130., S.\u0130., R.E., L.N. ifadelerinin al\u0131nmas\u0131n\u0131n ard\u0131ndan serbest b\u0131rak\u0131ld\u0131. Sakarya-Tarakl\u0131 il\u00e7esi Hac\u0131yakup Mahallesinde; 27 Haziran\u2019da ba\u015flayan yang\u0131n 2 g\u00fcn s\u00fcren \u00e7al\u0131\u015fmalar sonucu s\u00f6nd\u00fcr\u00fcld\u00fc. R.N., Y.N. ve N.\u0130. isimli \u015fah\u0131slar\u0131n yang\u0131n\u0131n \u00e7\u0131k\u0131\u015f noktas\u0131nda tarla s\u00fcrd\u00fcklerinin tespiti sonucu; 3 \u015fah\u0131s g\u00f6zalt\u0131na al\u0131nd\u0131. 2&#8217;si adli kontrol \u015fart\u0131yla, 1&#8217;i ifadesini al\u0131nmas\u0131n\u0131 m\u00fcteakip serbest b\u0131rak\u0131ld\u0131. \u0130zmir-Bornova Yakak\u00f6y Mahallesinde; 27 Haziran\u2019da ba\u015flay\u0131p ayn\u0131 g\u00fcn s\u00f6nd\u00fcr\u00fclen yang\u0131n kapsam\u0131nda &hellip;","og_url":"https:\/\/denizcankizil.tr\/de\/haberler\/gundem\/icisleri-bakanindan-yangin-aciklamasi-12-ilde-65-yangin-44-gozalti\/","og_site_name":"Av. Deniz Can K\u0131z\u0131l","article_published_time":"2025-07-04T19:41:21+00:00","author":"Antalya K\u00f6rfez","twitter_card":"summary_large_image","twitter_misc":{"Verfasst von":"Antalya K\u00f6rfez","Gesch\u00e4tzte Lesezeit":"6\u00a0Minuten"},"schema":{"@context":"https:\/\/schema.org","@graph":[{"@type":"Article","@id":"https:\/\/denizcankizil.tr\/uk\/haberler\/gundem\/icisleri-bakanindan-yangin-aciklamasi-12-ilde-65-yangin-44-gozalti\/#article","isPartOf":{"@id":"https:\/\/denizcankizil.tr\/uk\/haberler\/gundem\/icisleri-bakanindan-yangin-aciklamasi-12-ilde-65-yangin-44-gozalti\/"},"author":{"name":"Antalya K\u00f6rfez","@id":"https:\/\/denizcankizil.tr\/de\/#\/schema\/person\/e1eb71bb4dd684d46563f0af307e1234"},"headline":"\u0130\u00e7i\u015fleri Bakan\u0131\u2019ndan yang\u0131n a\u00e7\u0131klamas\u0131: 12 ilde 65 yang\u0131n, 44 g\u00f6zalt\u0131","datePublished":"2025-07-04T19:41:21+00:00","mainEntityOfPage":{"@id":"https:\/\/denizcankizil.tr\/uk\/haberler\/gundem\/icisleri-bakanindan-yangin-aciklamasi-12-ilde-65-yangin-44-gozalti\/"},"wordCount":1166,"publisher":{"@id":"https:\/\/denizcankizil.tr\/de\/#organization"},"articleSection":["G\u00fcndem"],"inLanguage":"de"},{"@type":"WebPage","@id":"https:\/\/denizcankizil.tr\/uk\/haberler\/gundem\/icisleri-bakanindan-yangin-aciklamasi-12-ilde-65-yangin-44-gozalti\/","url":"https:\/\/denizcankizil.tr\/uk\/haberler\/gundem\/icisleri-bakanindan-yangin-aciklamasi-12-ilde-65-yangin-44-gozalti\/","name":"\u0130\u00e7i\u015fleri Bakan\u0131\u2019ndan yang\u0131n a\u00e7\u0131klamas\u0131: 12 ilde 65 yang\u0131n, 44 g\u00f6zalt\u0131 - Av. Deniz Can K\u0131z\u0131l","isPartOf":{"@id":"https:\/\/denizcankizil.tr\/de\/#website"},"datePublished":"2025-07-04T19:41:21+00:00","breadcrumb":{"@id":"https:\/\/denizcankizil.tr\/uk\/haberler\/gundem\/icisleri-bakanindan-yangin-aciklamasi-12-ilde-65-yangin-44-gozalti\/#breadcrumb"},"inLanguage":"de","potentialAction":[{"@type":"ReadAction","target":["https:\/\/denizcankizil.tr\/uk\/haberler\/gundem\/icisleri-bakanindan-yangin-aciklamasi-12-ilde-65-yangin-44-gozalti\/"]}]},{"@type":"BreadcrumbList","@id":"https:\/\/denizcankizil.tr\/uk\/haberler\/gundem\/icisleri-bakanindan-yangin-aciklamasi-12-ilde-65-yangin-44-gozalti\/#breadcrumb","itemListElement":[{"@type":"ListItem","position":1,"name":"Home","item":"https:\/\/denizcankizil.tr\/de\/"},{"@type":"ListItem","position":2,"name":"\u0130\u00e7i\u015fleri Bakan\u0131\u2019ndan yang\u0131n a\u00e7\u0131klamas\u0131: 12 ilde 65 yang\u0131n, 44 g\u00f6zalt\u0131"}]},{"@type":"WebSite","@id":"https:\/\/denizcankizil.tr\/de\/#website","url":"https:\/\/denizcankizil.tr\/de\/","name":"Av. Deniz Can K\u0131z\u0131l","description":"Avukat Deniz Can K\u0131z\u0131l Antalya Barosu","publisher":{"@id":"https:\/\/denizcankizil.tr\/de\/#organization"},"potentialAction":[{"@type":"SearchAction","target":{"@type":"EntryPoint","urlTemplate":"https:\/\/denizcankizil.tr\/de\/?s={search_term_string}"},"query-input":{"@type":"PropertyValueSpecification","valueRequired":true,"valueName":"search_term_string"}}],"inLanguage":"de"},{"@type":"Organization","@id":"https:\/\/denizcankizil.tr\/de\/#organization","name":"Av. Deniz Can K\u0131z\u0131l","url":"https:\/\/denizcankizil.tr\/de\/","logo":{"@type":"ImageObject","inLanguage":"de","@id":"https:\/\/denizcankizil.tr\/de\/#\/schema\/logo\/image\/","url":"http:\/\/denizcankizil.tr\/wp-content\/uploads\/2024\/10\/siyah-logo-svg.svg","contentUrl":"http:\/\/denizcankizil.tr\/wp-content\/uploads\/2024\/10\/siyah-logo-svg.svg","width":1080,"height":1080,"caption":"Av. Deniz Can K\u0131z\u0131l"},"image":{"@id":"https:\/\/denizcankizil.tr\/de\/#\/schema\/logo\/image\/"}},{"@type":"Person","@id":"https:\/\/denizcankizil.tr\/de\/#\/schema\/person\/e1eb71bb4dd684d46563f0af307e1234","name":"Antalya K\u00f6rfez","image":{"@type":"ImageObject","inLanguage":"de","@id":"https:\/\/denizcankizil.tr\/de\/#\/schema\/person\/image\/","url":"https:\/\/secure.gravatar.com\/avatar\/42b01982558a48a0b501fdcab6a408d3717ea5919095ee2e67b0e521799c5905?s=96&d=mm&r=g","contentUrl":"https:\/\/secure.gravatar.com\/avatar\/42b01982558a48a0b501fdcab6a408d3717ea5919095ee2e67b0e521799c5905?s=96&d=mm&r=g","caption":"Antalya K\u00f6rfez"},"sameAs":["http:\/\/www.antalyakorfez.com"],"url":"https:\/\/www.antalyakorfez.com\/icisleri-bakanindan-yangin-aciklamasi-12-ilde-65-yangin-44-gozalti"}]}},"_links":{"self":[{"href":"http:\/\/denizcankizil.tr\/de\/wp-json\/wp\/v2\/posts\/136084","targetHints":{"allow":["GET"]}}],"collection":[{"href":"http:\/\/denizcankizil.tr\/de\/wp-json\/wp\/v2\/posts"}],"about":[{"href":"http:\/\/denizcankizil.tr\/de\/wp-json\/wp\/v2\/types\/post"}],"author":[{"embeddable":true,"href":"http:\/\/denizcankizil.tr\/de\/wp-json\/wp\/v2\/users\/5"}],"replies":[{"embeddable":true,"href":"http:\/\/denizcankizil.tr\/de\/wp-json\/wp\/v2\/comments?post=136084"}],"version-history":[{"count":0,"href":"http:\/\/denizcankizil.tr\/de\/wp-json\/wp\/v2\/posts\/136084\/revisions"}],"wp:attachment":[{"href":"http:\/\/denizcankizil.tr\/de\/wp-json\/wp\/v2\/media?parent=136084"}],"wp:term":[{"taxonomy":"category","embeddable":true,"href":"http:\/\/denizcankizil.tr\/de\/wp-json\/wp\/v2\/categories?post=136084"},{"taxonomy":"post_tag","embeddable":true,"href":"http:\/\/denizcankizil.tr\/de\/wp-json\/wp\/v2\/tags?post=136084"}],"curies":[{"name":"wp","href":"https:\/\/api.w.org\/{rel}","templated":true}]}}