{"id":135920,"date":"2025-07-04T17:43:39","date_gmt":"2025-07-04T14:43:39","guid":{"rendered":"https:\/\/denizcankizil.tr\/uncategorized-tr\/bursa-valiliginden-sicaklik-uyarisi\/"},"modified":"2025-07-04T17:43:39","modified_gmt":"2025-07-04T14:43:39","slug":"bursa-valiliginden-sicaklik-uyarisi","status":"publish","type":"post","link":"http:\/\/denizcankizil.tr\/de\/haberler\/gundem\/bursa-valiliginden-sicaklik-uyarisi\/","title":{"rendered":"Bursa Valili\u011fi\u2019nden s\u0131cakl\u0131k uyar\u0131s\u0131!"},"content":{"rendered":"<p>Bursa Valili\u011fi, 5 Temmuz\u2019dan itibaren hava s\u0131cakl\u0131klar\u0131n\u0131n mevsim normallerinin 6-8 derece \u00fczerine \u00e7\u0131kaca\u011f\u0131n\u0131 duyurdu, vatanda\u015flara 11.00-16.00 saatleri aras\u0131nda dikkatli olmalar\u0131 \u00e7a\u011fr\u0131s\u0131 yapt\u0131.BURSA (\u0130GFA) &#8211; Bursa Valili\u011fi, Meteoroloji Genel M\u00fcd\u00fcrl\u00fc\u011f\u00fc\u2019n\u00fcn verilerine dayanarak, 5 Temmuz 2025 Cumartesi g\u00fcn\u00fcnden itibaren il genelinde hava s\u0131cakl\u0131klar\u0131n\u0131n hissedilir derecede artaca\u011f\u0131n\u0131 a\u00e7\u0131klad\u0131.<br \/>\nS\u0131cakl\u0131klar\u0131n mevsim normallerinin 6 ila 8 derece \u00fczerine \u00e7\u0131kmas\u0131 bekleniyor.Valilik taraf\u0131ndan yap\u0131lan sosyal medya payla\u015f\u0131m\u0131nda, \u201cY\u00fcksek s\u0131cakl\u0131klar nedeniyle kronik rahats\u0131zl\u0131\u011f\u0131 olanlar, ya\u015fl\u0131lar ve \u00e7ocuklar ba\u015fta olmak \u00fczere vatanda\u015flar\u0131m\u0131z\u0131n g\u00fcn\u00fcn en s\u0131cak saatleri olan 11.00 ile 16.00 aras\u0131nda a\u00e7\u0131k alanda bulunmamalar\u0131 hususunda dikkatli ve tedbirli olmalar\u0131 \u00f6nem arz etmektedir\u201d denildi.<br \/>\nUyar\u0131, 5 Temmuz 2025 saat 10.00\u2019dan 9 Temmuz 2025 saat 18.00\u2019e kadar ge\u00e7erli olacak.<\/p>\n<p>\u200bBursa Valili\u011fi, 5 Temmuz\u2019dan itibaren hava s\u0131cakl\u0131klar\u0131n\u0131n mevsim normallerinin 6-8 derece \u00fczerine \u00e7\u0131kaca\u011f\u0131n\u0131 duyurdu, vatanda\u015flara 11.00-16.00 saatleri aras\u0131nda dikkatli olmalar\u0131 \u00e7a\u011fr\u0131s\u0131 yapt\u0131.BURSA (\u0130GFA) &#8211; Bursa Valili\u011fi, Meteoroloji Genel M\u00fcd\u00fcrl\u00fc\u011f\u00fc\u2019n\u00fcn verilerine dayanarak, 5 Temmuz 2025 Cumartesi g\u00fcn\u00fcnden itibaren il genelinde hava s\u0131cakl\u0131klar\u0131n\u0131n hissedilir derecede artaca\u011f\u0131n\u0131 a\u00e7\u0131klad\u0131.<br \/>\nS\u0131cakl\u0131klar\u0131n mevsim normallerinin 6 ila 8 derece \u00fczerine \u00e7\u0131kmas\u0131 bekleniyor.Valilik taraf\u0131ndan yap\u0131lan sosyal medya payla\u015f\u0131m\u0131nda, \u201cY\u00fcksek s\u0131cakl\u0131klar nedeniyle kronik rahats\u0131zl\u0131\u011f\u0131 olanlar, ya\u015fl\u0131lar ve \u00e7ocuklar ba\u015fta olmak \u00fczere vatanda\u015flar\u0131m\u0131z\u0131n g\u00fcn\u00fcn en s\u0131cak saatleri olan 11.00 ile 16.00 aras\u0131nda a\u00e7\u0131k alanda bulunmamalar\u0131 hususunda dikkatli ve tedbirli olmalar\u0131 \u00f6nem arz etmektedir\u201d denildi.<br \/>\nUyar\u0131, 5 Temmuz 2025 saat 10.00\u2019dan 9 Temmuz 2025 saat 18.00\u2019e kadar ge\u00e7erli olacak.\u00a0<\/p>\n<p>\u200bHaberin Al\u0131nt\u0131land\u0131\u011f\u0131 Kaynak: www.iskenderun.org<\/p>","protected":false},"excerpt":{"rendered":"<p>Bursa Valili\u011fi, 5 Temmuz\u2019dan itibaren hava s\u0131cakl\u0131klar\u0131n\u0131n mevsim normallerinin 6-8 derece \u00fczerine \u00e7\u0131kaca\u011f\u0131n\u0131 duyurdu, vatanda\u015flara 11.00-16.00 saatleri aras\u0131nda dikkatli olmalar\u0131 \u00e7a\u011fr\u0131s\u0131 yapt\u0131.BURSA (\u0130GFA) &#8211; Bursa Valili\u011fi, Meteoroloji Genel M\u00fcd\u00fcrl\u00fc\u011f\u00fc\u2019n\u00fcn verilerine dayanarak, 5 Temmuz 2025 Cumartesi g\u00fcn\u00fcnden itibaren il genelinde hava s\u0131cakl\u0131klar\u0131n\u0131n hissedilir derecede artaca\u011f\u0131n\u0131 a\u00e7\u0131klad\u0131. S\u0131cakl\u0131klar\u0131n mevsim normallerinin 6 ila 8 derece \u00fczerine \u00e7\u0131kmas\u0131 bekleniyor.Valilik taraf\u0131ndan yap\u0131lan sosyal medya payla\u015f\u0131m\u0131nda, \u201cY\u00fcksek s\u0131cakl\u0131klar nedeniyle kronik rahats\u0131zl\u0131\u011f\u0131 olanlar, ya\u015fl\u0131lar ve \u00e7ocuklar ba\u015fta olmak \u00fczere vatanda\u015flar\u0131m\u0131z\u0131n g\u00fcn\u00fcn en s\u0131cak saatleri olan 11.00 ile 16.00 aras\u0131nda a\u00e7\u0131k alanda bulunmamalar\u0131 hususunda dikkatli ve tedbirli olmalar\u0131 \u00f6nem arz etmektedir\u201d denildi. Uyar\u0131, 5 Temmuz 2025 saat 10.00\u2019dan 9 Temmuz 2025 saat 18.00\u2019e kadar ge\u00e7erli olacak. \u200bBursa Valili\u011fi, 5 Temmuz\u2019dan itibaren hava s\u0131cakl\u0131klar\u0131n\u0131n mevsim normallerinin 6-8 derece \u00fczerine \u00e7\u0131kaca\u011f\u0131n\u0131 duyurdu, vatanda\u015flara 11.00-16.00 saatleri aras\u0131nda dikkatli olmalar\u0131 \u00e7a\u011fr\u0131s\u0131 yapt\u0131.BURSA (\u0130GFA) &#8211; Bursa Valili\u011fi, Meteoroloji Genel M\u00fcd\u00fcrl\u00fc\u011f\u00fc\u2019n\u00fcn verilerine dayanarak, 5 Temmuz 2025 Cumartesi g\u00fcn\u00fcnden itibaren il genelinde hava s\u0131cakl\u0131klar\u0131n\u0131n hissedilir derecede artaca\u011f\u0131n\u0131 a\u00e7\u0131klad\u0131. S\u0131cakl\u0131klar\u0131n mevsim normallerinin 6 ila 8 derece \u00fczerine \u00e7\u0131kmas\u0131 bekleniyor.Valilik taraf\u0131ndan yap\u0131lan sosyal medya payla\u015f\u0131m\u0131nda, \u201cY\u00fcksek s\u0131cakl\u0131klar nedeniyle kronik rahats\u0131zl\u0131\u011f\u0131 olanlar, ya\u015fl\u0131lar ve \u00e7ocuklar ba\u015fta olmak \u00fczere vatanda\u015flar\u0131m\u0131z\u0131n g\u00fcn\u00fcn en s\u0131cak saatleri olan 11.00 ile 16.00 aras\u0131nda a\u00e7\u0131k alanda bulunmamalar\u0131 hususunda dikkatli ve tedbirli olmalar\u0131 \u00f6nem arz &hellip;<\/p>","protected":false},"author":1,"featured_media":0,"comment_status":"","ping_status":"open","sticky":false,"template":"","format":"standard","meta":{"_acf_changed":false,"footnotes":""},"categories":[24],"tags":[],"class_list":["post-135920","post","type-post","status-publish","format-standard","has-post-thumbnail","hentry","category-gundem"],"acf":[],"yoast_head":"<!-- This site is optimized with the Yoast SEO Premium plugin v26.6 (Yoast SEO v27.1.1) - https:\/\/yoast.com\/product\/yoast-seo-premium-wordpress\/ -->\n<title>Bursa Valili\u011fi\u2019nden s\u0131cakl\u0131k uyar\u0131s\u0131! - Av. Deniz Can K\u0131z\u0131l<\/title>\n<meta name=\"robots\" content=\"index, follow, max-snippet:-1, max-image-preview:large, max-video-preview:-1\" \/>\n<link rel=\"canonical\" href=\"http:\/\/denizcankizil.tr\/de\/haberler\/gundem\/bursa-valiliginden-sicaklik-uyarisi\/\" \/>\n<meta property=\"og:locale\" content=\"de_DE\" \/>\n<meta property=\"og:type\" content=\"article\" \/>\n<meta property=\"og:title\" content=\"Bursa Valili\u011fi\u2019nden s\u0131cakl\u0131k uyar\u0131s\u0131!\" \/>\n<meta property=\"og:description\" content=\"Bursa Valili\u011fi, 5 Temmuz\u2019dan itibaren hava s\u0131cakl\u0131klar\u0131n\u0131n mevsim normallerinin 6-8 derece \u00fczerine \u00e7\u0131kaca\u011f\u0131n\u0131 duyurdu, vatanda\u015flara 11.00-16.00 saatleri aras\u0131nda dikkatli olmalar\u0131 \u00e7a\u011fr\u0131s\u0131 yapt\u0131.BURSA (\u0130GFA) &#8211; Bursa Valili\u011fi, Meteoroloji Genel M\u00fcd\u00fcrl\u00fc\u011f\u00fc\u2019n\u00fcn verilerine dayanarak, 5 Temmuz 2025 Cumartesi g\u00fcn\u00fcnden itibaren il genelinde hava s\u0131cakl\u0131klar\u0131n\u0131n hissedilir derecede artaca\u011f\u0131n\u0131 a\u00e7\u0131klad\u0131. S\u0131cakl\u0131klar\u0131n mevsim normallerinin 6 ila 8 derece \u00fczerine \u00e7\u0131kmas\u0131 bekleniyor.Valilik taraf\u0131ndan yap\u0131lan sosyal medya payla\u015f\u0131m\u0131nda, \u201cY\u00fcksek s\u0131cakl\u0131klar nedeniyle kronik rahats\u0131zl\u0131\u011f\u0131 olanlar, ya\u015fl\u0131lar ve \u00e7ocuklar ba\u015fta olmak \u00fczere vatanda\u015flar\u0131m\u0131z\u0131n g\u00fcn\u00fcn en s\u0131cak saatleri olan 11.00 ile 16.00 aras\u0131nda a\u00e7\u0131k alanda bulunmamalar\u0131 hususunda dikkatli ve tedbirli olmalar\u0131 \u00f6nem arz etmektedir\u201d denildi. Uyar\u0131, 5 Temmuz 2025 saat 10.00\u2019dan 9 Temmuz 2025 saat 18.00\u2019e kadar ge\u00e7erli olacak. \u200bBursa Valili\u011fi, 5 Temmuz\u2019dan itibaren hava s\u0131cakl\u0131klar\u0131n\u0131n mevsim normallerinin 6-8 derece \u00fczerine \u00e7\u0131kaca\u011f\u0131n\u0131 duyurdu, vatanda\u015flara 11.00-16.00 saatleri aras\u0131nda dikkatli olmalar\u0131 \u00e7a\u011fr\u0131s\u0131 yapt\u0131.BURSA (\u0130GFA) &#8211; Bursa Valili\u011fi, Meteoroloji Genel M\u00fcd\u00fcrl\u00fc\u011f\u00fc\u2019n\u00fcn verilerine dayanarak, 5 Temmuz 2025 Cumartesi g\u00fcn\u00fcnden itibaren il genelinde hava s\u0131cakl\u0131klar\u0131n\u0131n hissedilir derecede artaca\u011f\u0131n\u0131 a\u00e7\u0131klad\u0131. S\u0131cakl\u0131klar\u0131n mevsim normallerinin 6 ila 8 derece \u00fczerine \u00e7\u0131kmas\u0131 bekleniyor.Valilik taraf\u0131ndan yap\u0131lan sosyal medya payla\u015f\u0131m\u0131nda, \u201cY\u00fcksek s\u0131cakl\u0131klar nedeniyle kronik rahats\u0131zl\u0131\u011f\u0131 olanlar, ya\u015fl\u0131lar ve \u00e7ocuklar ba\u015fta olmak \u00fczere vatanda\u015flar\u0131m\u0131z\u0131n g\u00fcn\u00fcn en s\u0131cak saatleri olan 11.00 ile 16.00 aras\u0131nda a\u00e7\u0131k alanda bulunmamalar\u0131 hususunda dikkatli ve tedbirli olmalar\u0131 \u00f6nem arz &hellip;\" \/>\n<meta property=\"og:url\" content=\"http:\/\/denizcankizil.tr\/de\/haberler\/gundem\/bursa-valiliginden-sicaklik-uyarisi\/\" \/>\n<meta property=\"og:site_name\" content=\"Av. Deniz Can K\u0131z\u0131l\" \/>\n<meta property=\"article:published_time\" content=\"2025-07-04T14:43:39+00:00\" \/>\n<meta name=\"author\" content=\"admin\" \/>\n<meta name=\"twitter:card\" content=\"summary_large_image\" \/>\n<meta name=\"twitter:label1\" content=\"Verfasst von\" \/>\n\t<meta name=\"twitter:data1\" content=\"admin\" \/>\n\t<meta name=\"twitter:label2\" content=\"Gesch\u00e4tzte Lesezeit\" \/>\n\t<meta name=\"twitter:data2\" content=\"2\u00a0Minuten\" \/>\n<script type=\"application\/ld+json\" class=\"yoast-schema-graph\">{\"@context\":\"https:\/\/schema.org\",\"@graph\":[{\"@type\":\"Article\",\"@id\":\"http:\/\/denizcankizil.tr\/de\/haberler\/gundem\/bursa-valiliginden-sicaklik-uyarisi\/#article\",\"isPartOf\":{\"@id\":\"http:\/\/denizcankizil.tr\/de\/haberler\/gundem\/bursa-valiliginden-sicaklik-uyarisi\/\"},\"author\":{\"name\":\"admin\",\"@id\":\"https:\/\/denizcankizil.tr\/de\/#\/schema\/person\/be3c05fe6a12686905512445d8185489\"},\"headline\":\"Bursa Valili\u011fi\u2019nden s\u0131cakl\u0131k uyar\u0131s\u0131!\",\"datePublished\":\"2025-07-04T14:43:39+00:00\",\"mainEntityOfPage\":{\"@id\":\"http:\/\/denizcankizil.tr\/de\/haberler\/gundem\/bursa-valiliginden-sicaklik-uyarisi\/\"},\"wordCount\":311,\"publisher\":{\"@id\":\"https:\/\/denizcankizil.tr\/de\/#organization\"},\"articleSection\":[\"G\u00fcndem\"],\"inLanguage\":\"de\"},{\"@type\":\"WebPage\",\"@id\":\"http:\/\/denizcankizil.tr\/de\/haberler\/gundem\/bursa-valiliginden-sicaklik-uyarisi\/\",\"url\":\"http:\/\/denizcankizil.tr\/de\/haberler\/gundem\/bursa-valiliginden-sicaklik-uyarisi\/\",\"name\":\"Bursa Valili\u011fi\u2019nden s\u0131cakl\u0131k uyar\u0131s\u0131! - Av. Deniz Can K\u0131z\u0131l\",\"isPartOf\":{\"@id\":\"https:\/\/denizcankizil.tr\/de\/#website\"},\"datePublished\":\"2025-07-04T14:43:39+00:00\",\"breadcrumb\":{\"@id\":\"http:\/\/denizcankizil.tr\/de\/haberler\/gundem\/bursa-valiliginden-sicaklik-uyarisi\/#breadcrumb\"},\"inLanguage\":\"de\",\"potentialAction\":[{\"@type\":\"ReadAction\",\"target\":[\"http:\/\/denizcankizil.tr\/de\/haberler\/gundem\/bursa-valiliginden-sicaklik-uyarisi\/\"]}]},{\"@type\":\"BreadcrumbList\",\"@id\":\"http:\/\/denizcankizil.tr\/de\/haberler\/gundem\/bursa-valiliginden-sicaklik-uyarisi\/#breadcrumb\",\"itemListElement\":[{\"@type\":\"ListItem\",\"position\":1,\"name\":\"Home\",\"item\":\"https:\/\/denizcankizil.tr\/de\/\"},{\"@type\":\"ListItem\",\"position\":2,\"name\":\"Bursa Valili\u011fi\u2019nden s\u0131cakl\u0131k uyar\u0131s\u0131!\"}]},{\"@type\":\"WebSite\",\"@id\":\"https:\/\/denizcankizil.tr\/de\/#website\",\"url\":\"https:\/\/denizcankizil.tr\/de\/\",\"name\":\"Av. Deniz Can K\u0131z\u0131l\",\"description\":\"Avukat Deniz Can K\u0131z\u0131l Antalya Barosu\",\"publisher\":{\"@id\":\"https:\/\/denizcankizil.tr\/de\/#organization\"},\"potentialAction\":[{\"@type\":\"SearchAction\",\"target\":{\"@type\":\"EntryPoint\",\"urlTemplate\":\"https:\/\/denizcankizil.tr\/de\/?s={search_term_string}\"},\"query-input\":{\"@type\":\"PropertyValueSpecification\",\"valueRequired\":true,\"valueName\":\"search_term_string\"}}],\"inLanguage\":\"de\"},{\"@type\":\"Organization\",\"@id\":\"https:\/\/denizcankizil.tr\/de\/#organization\",\"name\":\"Av. Deniz Can K\u0131z\u0131l\",\"url\":\"https:\/\/denizcankizil.tr\/de\/\",\"logo\":{\"@type\":\"ImageObject\",\"inLanguage\":\"de\",\"@id\":\"https:\/\/denizcankizil.tr\/de\/#\/schema\/logo\/image\/\",\"url\":\"http:\/\/denizcankizil.tr\/wp-content\/uploads\/2024\/10\/siyah-logo-svg.svg\",\"contentUrl\":\"http:\/\/denizcankizil.tr\/wp-content\/uploads\/2024\/10\/siyah-logo-svg.svg\",\"width\":1080,\"height\":1080,\"caption\":\"Av. Deniz Can K\u0131z\u0131l\"},\"image\":{\"@id\":\"https:\/\/denizcankizil.tr\/de\/#\/schema\/logo\/image\/\"}},{\"@type\":\"Person\",\"@id\":\"https:\/\/denizcankizil.tr\/de\/#\/schema\/person\/be3c05fe6a12686905512445d8185489\",\"name\":\"admin\",\"image\":{\"@type\":\"ImageObject\",\"inLanguage\":\"de\",\"@id\":\"https:\/\/denizcankizil.tr\/de\/#\/schema\/person\/image\/\",\"url\":\"https:\/\/secure.gravatar.com\/avatar\/c1fce94c830dc79107e174f890d7210541c4a63e8e5d816341794a2151c9d58c?s=96&d=mm&r=g\",\"contentUrl\":\"https:\/\/secure.gravatar.com\/avatar\/c1fce94c830dc79107e174f890d7210541c4a63e8e5d816341794a2151c9d58c?s=96&d=mm&r=g\",\"caption\":\"admin\"},\"sameAs\":[\"http:\/\/denizcankizil.tr\"],\"url\":\"https:\/\/www.iskenderun.org\/bursa-valiliginden-sicaklik-uyarisi\"}]}<\/script>\n<!-- \/ Yoast SEO Premium plugin. -->","yoast_head_json":{"title":"Bursa Valili\u011fi\u2019nden s\u0131cakl\u0131k uyar\u0131s\u0131! - Av. Deniz Can K\u0131z\u0131l","robots":{"index":"index","follow":"follow","max-snippet":"max-snippet:-1","max-image-preview":"max-image-preview:large","max-video-preview":"max-video-preview:-1"},"canonical":"http:\/\/denizcankizil.tr\/de\/haberler\/gundem\/bursa-valiliginden-sicaklik-uyarisi\/","og_locale":"de_DE","og_type":"article","og_title":"Bursa Valili\u011fi\u2019nden s\u0131cakl\u0131k uyar\u0131s\u0131!","og_description":"Bursa Valili\u011fi, 5 Temmuz\u2019dan itibaren hava s\u0131cakl\u0131klar\u0131n\u0131n mevsim normallerinin 6-8 derece \u00fczerine \u00e7\u0131kaca\u011f\u0131n\u0131 duyurdu, vatanda\u015flara 11.00-16.00 saatleri aras\u0131nda dikkatli olmalar\u0131 \u00e7a\u011fr\u0131s\u0131 yapt\u0131.BURSA (\u0130GFA) &#8211; Bursa Valili\u011fi, Meteoroloji Genel M\u00fcd\u00fcrl\u00fc\u011f\u00fc\u2019n\u00fcn verilerine dayanarak, 5 Temmuz 2025 Cumartesi g\u00fcn\u00fcnden itibaren il genelinde hava s\u0131cakl\u0131klar\u0131n\u0131n hissedilir derecede artaca\u011f\u0131n\u0131 a\u00e7\u0131klad\u0131. S\u0131cakl\u0131klar\u0131n mevsim normallerinin 6 ila 8 derece \u00fczerine \u00e7\u0131kmas\u0131 bekleniyor.Valilik taraf\u0131ndan yap\u0131lan sosyal medya payla\u015f\u0131m\u0131nda, \u201cY\u00fcksek s\u0131cakl\u0131klar nedeniyle kronik rahats\u0131zl\u0131\u011f\u0131 olanlar, ya\u015fl\u0131lar ve \u00e7ocuklar ba\u015fta olmak \u00fczere vatanda\u015flar\u0131m\u0131z\u0131n g\u00fcn\u00fcn en s\u0131cak saatleri olan 11.00 ile 16.00 aras\u0131nda a\u00e7\u0131k alanda bulunmamalar\u0131 hususunda dikkatli ve tedbirli olmalar\u0131 \u00f6nem arz etmektedir\u201d denildi. Uyar\u0131, 5 Temmuz 2025 saat 10.00\u2019dan 9 Temmuz 2025 saat 18.00\u2019e kadar ge\u00e7erli olacak. \u200bBursa Valili\u011fi, 5 Temmuz\u2019dan itibaren hava s\u0131cakl\u0131klar\u0131n\u0131n mevsim normallerinin 6-8 derece \u00fczerine \u00e7\u0131kaca\u011f\u0131n\u0131 duyurdu, vatanda\u015flara 11.00-16.00 saatleri aras\u0131nda dikkatli olmalar\u0131 \u00e7a\u011fr\u0131s\u0131 yapt\u0131.BURSA (\u0130GFA) &#8211; Bursa Valili\u011fi, Meteoroloji Genel M\u00fcd\u00fcrl\u00fc\u011f\u00fc\u2019n\u00fcn verilerine dayanarak, 5 Temmuz 2025 Cumartesi g\u00fcn\u00fcnden itibaren il genelinde hava s\u0131cakl\u0131klar\u0131n\u0131n hissedilir derecede artaca\u011f\u0131n\u0131 a\u00e7\u0131klad\u0131. S\u0131cakl\u0131klar\u0131n mevsim normallerinin 6 ila 8 derece \u00fczerine \u00e7\u0131kmas\u0131 bekleniyor.Valilik taraf\u0131ndan yap\u0131lan sosyal medya payla\u015f\u0131m\u0131nda, \u201cY\u00fcksek s\u0131cakl\u0131klar nedeniyle kronik rahats\u0131zl\u0131\u011f\u0131 olanlar, ya\u015fl\u0131lar ve \u00e7ocuklar ba\u015fta olmak \u00fczere vatanda\u015flar\u0131m\u0131z\u0131n g\u00fcn\u00fcn en s\u0131cak saatleri olan 11.00 ile 16.00 aras\u0131nda a\u00e7\u0131k alanda bulunmamalar\u0131 hususunda dikkatli ve tedbirli olmalar\u0131 \u00f6nem arz &hellip;","og_url":"http:\/\/denizcankizil.tr\/de\/haberler\/gundem\/bursa-valiliginden-sicaklik-uyarisi\/","og_site_name":"Av. Deniz Can K\u0131z\u0131l","article_published_time":"2025-07-04T14:43:39+00:00","author":"admin","twitter_card":"summary_large_image","twitter_misc":{"Verfasst von":"admin","Gesch\u00e4tzte Lesezeit":"2\u00a0Minuten"},"schema":{"@context":"https:\/\/schema.org","@graph":[{"@type":"Article","@id":"http:\/\/denizcankizil.tr\/de\/haberler\/gundem\/bursa-valiliginden-sicaklik-uyarisi\/#article","isPartOf":{"@id":"http:\/\/denizcankizil.tr\/de\/haberler\/gundem\/bursa-valiliginden-sicaklik-uyarisi\/"},"author":{"name":"admin","@id":"https:\/\/denizcankizil.tr\/de\/#\/schema\/person\/be3c05fe6a12686905512445d8185489"},"headline":"Bursa Valili\u011fi\u2019nden s\u0131cakl\u0131k uyar\u0131s\u0131!","datePublished":"2025-07-04T14:43:39+00:00","mainEntityOfPage":{"@id":"http:\/\/denizcankizil.tr\/de\/haberler\/gundem\/bursa-valiliginden-sicaklik-uyarisi\/"},"wordCount":311,"publisher":{"@id":"https:\/\/denizcankizil.tr\/de\/#organization"},"articleSection":["G\u00fcndem"],"inLanguage":"de"},{"@type":"WebPage","@id":"http:\/\/denizcankizil.tr\/de\/haberler\/gundem\/bursa-valiliginden-sicaklik-uyarisi\/","url":"http:\/\/denizcankizil.tr\/de\/haberler\/gundem\/bursa-valiliginden-sicaklik-uyarisi\/","name":"Bursa Valili\u011fi\u2019nden s\u0131cakl\u0131k uyar\u0131s\u0131! - Av. Deniz Can K\u0131z\u0131l","isPartOf":{"@id":"https:\/\/denizcankizil.tr\/de\/#website"},"datePublished":"2025-07-04T14:43:39+00:00","breadcrumb":{"@id":"http:\/\/denizcankizil.tr\/de\/haberler\/gundem\/bursa-valiliginden-sicaklik-uyarisi\/#breadcrumb"},"inLanguage":"de","potentialAction":[{"@type":"ReadAction","target":["http:\/\/denizcankizil.tr\/de\/haberler\/gundem\/bursa-valiliginden-sicaklik-uyarisi\/"]}]},{"@type":"BreadcrumbList","@id":"http:\/\/denizcankizil.tr\/de\/haberler\/gundem\/bursa-valiliginden-sicaklik-uyarisi\/#breadcrumb","itemListElement":[{"@type":"ListItem","position":1,"name":"Home","item":"https:\/\/denizcankizil.tr\/de\/"},{"@type":"ListItem","position":2,"name":"Bursa Valili\u011fi\u2019nden s\u0131cakl\u0131k uyar\u0131s\u0131!"}]},{"@type":"WebSite","@id":"https:\/\/denizcankizil.tr\/de\/#website","url":"https:\/\/denizcankizil.tr\/de\/","name":"Av. Deniz Can K\u0131z\u0131l","description":"Avukat Deniz Can K\u0131z\u0131l Antalya Barosu","publisher":{"@id":"https:\/\/denizcankizil.tr\/de\/#organization"},"potentialAction":[{"@type":"SearchAction","target":{"@type":"EntryPoint","urlTemplate":"https:\/\/denizcankizil.tr\/de\/?s={search_term_string}"},"query-input":{"@type":"PropertyValueSpecification","valueRequired":true,"valueName":"search_term_string"}}],"inLanguage":"de"},{"@type":"Organization","@id":"https:\/\/denizcankizil.tr\/de\/#organization","name":"Av. Deniz Can K\u0131z\u0131l","url":"https:\/\/denizcankizil.tr\/de\/","logo":{"@type":"ImageObject","inLanguage":"de","@id":"https:\/\/denizcankizil.tr\/de\/#\/schema\/logo\/image\/","url":"http:\/\/denizcankizil.tr\/wp-content\/uploads\/2024\/10\/siyah-logo-svg.svg","contentUrl":"http:\/\/denizcankizil.tr\/wp-content\/uploads\/2024\/10\/siyah-logo-svg.svg","width":1080,"height":1080,"caption":"Av. Deniz Can K\u0131z\u0131l"},"image":{"@id":"https:\/\/denizcankizil.tr\/de\/#\/schema\/logo\/image\/"}},{"@type":"Person","@id":"https:\/\/denizcankizil.tr\/de\/#\/schema\/person\/be3c05fe6a12686905512445d8185489","name":"Administrator","image":{"@type":"ImageObject","inLanguage":"de","@id":"https:\/\/denizcankizil.tr\/de\/#\/schema\/person\/image\/","url":"https:\/\/secure.gravatar.com\/avatar\/c1fce94c830dc79107e174f890d7210541c4a63e8e5d816341794a2151c9d58c?s=96&d=mm&r=g","contentUrl":"https:\/\/secure.gravatar.com\/avatar\/c1fce94c830dc79107e174f890d7210541c4a63e8e5d816341794a2151c9d58c?s=96&d=mm&r=g","caption":"admin"},"sameAs":["http:\/\/denizcankizil.tr"],"url":"https:\/\/www.iskenderun.org\/bursa-valiliginden-sicaklik-uyarisi"}]}},"_links":{"self":[{"href":"http:\/\/denizcankizil.tr\/de\/wp-json\/wp\/v2\/posts\/135920","targetHints":{"allow":["GET"]}}],"collection":[{"href":"http:\/\/denizcankizil.tr\/de\/wp-json\/wp\/v2\/posts"}],"about":[{"href":"http:\/\/denizcankizil.tr\/de\/wp-json\/wp\/v2\/types\/post"}],"author":[{"embeddable":true,"href":"http:\/\/denizcankizil.tr\/de\/wp-json\/wp\/v2\/users\/1"}],"replies":[{"embeddable":true,"href":"http:\/\/denizcankizil.tr\/de\/wp-json\/wp\/v2\/comments?post=135920"}],"version-history":[{"count":0,"href":"http:\/\/denizcankizil.tr\/de\/wp-json\/wp\/v2\/posts\/135920\/revisions"}],"wp:attachment":[{"href":"http:\/\/denizcankizil.tr\/de\/wp-json\/wp\/v2\/media?parent=135920"}],"wp:term":[{"taxonomy":"category","embeddable":true,"href":"http:\/\/denizcankizil.tr\/de\/wp-json\/wp\/v2\/categories?post=135920"},{"taxonomy":"post_tag","embeddable":true,"href":"http:\/\/denizcankizil.tr\/de\/wp-json\/wp\/v2\/tags?post=135920"}],"curies":[{"name":"wp","href":"https:\/\/api.w.org\/{rel}","templated":true}]}}