{"id":135880,"date":"2025-07-04T17:42:29","date_gmt":"2025-07-04T14:42:29","guid":{"rendered":"https:\/\/denizcankizil.tr\/uncategorized-tr\/cem-kotan-uyarmisti-antalyada-gozaltilar-basladi\/"},"modified":"2025-07-04T17:42:29","modified_gmt":"2025-07-04T14:42:29","slug":"cem-kotan-uyarmisti-antalyada-gozaltilar-basladi","status":"publish","type":"post","link":"http:\/\/denizcankizil.tr\/de\/haberler\/gundem\/cem-kotan-uyarmisti-antalyada-gozaltilar-basladi\/","title":{"rendered":"Cem Kotan uyarm\u0131\u015ft\u0131! Antalya\u2019da g\u00f6zalt\u0131lar ba\u015flad\u0131"},"content":{"rendered":"<p>Antalya Konyaalt\u0131 Belediye Ba\u015fkan\u0131 Cem Kotan, ge\u00e7ti\u011fimiz g\u00fcn (3 Temmuz 2025 Per\u015fembe g\u00fcn\u00fc) kat\u0131ld\u0131\u011f\u0131 televizyon program\u0131nda \u00f6nemli a\u00e7\u0131klamalarda bulunmu\u015ftu. Ba\u015fkan Kotan, \u201cCumhuriyet Halk Partisi\u2019nin b\u00fct\u00fcn ba\u015fkanlar\u0131 tehdit alt\u0131nda! Her sabah kap\u0131m\u0131z\u0131 t\u0131klat\u0131p, \u2018Sizleri emniyete davet ediyoruz\u2019 c\u00fcmlesi ile kar\u0131\u015f\u0131labiliriz\u201d demi\u015fti. Kotan\u2019\u0131n bu s\u00f6zleri \u00fczerine bug\u00fcn \u00f6\u011fle saatlerinde Manavgat Belediyesi\u2019ne operasyon ger\u00e7ekle\u015ftirildi.<\/p>\n<p>MANAVGAT BELED\u0130YES\u0130\u2019NE OPERASYON<\/p>\n<p>Antalya \u0130l Emniyet M\u00fcd\u00fcrl\u00fc\u011f\u00fc Ka\u00e7ak\u00e7\u0131l\u0131k ve Organize Su\u00e7larla M\u00fccadele \u015eube M\u00fcd\u00fcrl\u00fc\u011f\u00fc\u2019n\u00fcn koordinasyonunda Manavgat Belediyesi\u2019ne operasyon ger\u00e7ekle\u015ftirildi. \u00c7ok say\u0131da ki\u015finin g\u00f6zalt\u0131na al\u0131nd\u0131\u011f\u0131 bilgisi geldi. Edinilen bilgiye g\u00f6re; d\u00fcn gece Ankara&#8217;dan d\u00f6nen Manavgat Belediye Ba\u015fkan\u0131 Niyazi Nefi Kara g\u00f6zalt\u0131na al\u0131nd\u0131. Bunun yan\u0131 s\u0131ra bir ba\u015fkan yard\u0131mc\u0131s\u0131n\u0131n al\u0131nd\u0131\u011f\u0131 ileri s\u00fcr\u00fcld\u00fc.<\/p>\n<p>BA\u015eKAN N\u0130YAZ\u0130 NEF\u0130 KARA G\u00d6ZALTINA ALINDI<\/p>\n<p>Operasyonda g\u00f6zalt\u0131na al\u0131nan ki\u015filerin KOM \u015eube M\u00fcd\u00fcrl\u00fc\u011f\u00fcne g\u00f6t\u00fcr\u00fcld\u00fc\u011f\u00fc \u00f6\u011frenildi. Operasyonda Belediye Ba\u015fkan\u0131 Niyazi Nefi Kara ba\u015fta olmak \u00fczere \u00d6zel Kalem M\u00fcd\u00fcr\u00fc B.\u015e, Yap\u0131 Kontrol M\u00fcd\u00fcr\u00fc H.K, \u0130mar M\u00fcd\u00fcr\u00fc M.K, \u0130mardan Sorumlu Ba\u015fkan Yard\u0131mc\u0131s\u0131 S.C. ve G.\u00d6 ekipler taraf\u0131ndan al\u0131narak ifade i\u00e7in merkeze g\u00f6t\u00fcr\u00fcld\u00fc.<\/p>\n<p>CEM KOTAN NE DEM\u0130\u015eT\u0130?<\/p>\n<p>[related-posts id=&#8221;18104931&#8243; color=&#8221;bg-danger&#8221;][\/related-posts]<\/p>\n<p>Cem Kotan ge\u00e7ti\u011fimiz g\u00fcn kat\u0131ld\u0131\u011f\u0131 televizyon program\u0131nda, \u201cKendimi halka emanet ettim&#8221; s\u00f6z\u00fc pek \u00e7ok ki\u015fi taraf\u0131ndan farkl\u0131 \u015fekilde yorumland\u0131. CHP\u2019li her ba\u015fkan\u0131n bir g\u00fcn g\u00f6zalt\u0131na al\u0131nma tehlikesi alt\u0131nda oldu\u011funu ama bu s\u00f6z\u00fc onu kastederek s\u00f6ylemedi\u011fini belirten Kotan, \u201cCumhuriyet Halk Partisi\u2019nin b\u00fct\u00fcn ba\u015fkanlar\u0131 tehdit alt\u0131nda! Her sabah kap\u0131m\u0131z\u0131 t\u0131klat\u0131p, \u2018Sizleri emniyete davet ediyoruz\u2019 c\u00fcmlesi ile kar\u0131\u015f\u0131labiliriz. Bunlar al\u0131\u015ft\u0131\u011f\u0131m\u0131z \u015feyler ama bu c\u00fcmlenin ya\u015fad\u0131\u011f\u0131m\u0131z olaylarla alakas\u0131 yok. Bu r\u00f6portaj\u0131n i\u00e7inde yaz\u0131yor. Bir tercih yapmak zorundayd\u0131m. Ya siyasi olarak mevcut belediyenin ko\u015fullar\u0131n\u0131n siyasi noktada devam etmesi laz\u0131md\u0131 ya da ger\u00e7ekten belediyecilik ilkleri \u00fczerinden belediyeyi y\u00f6netmem gerekiyordu. Bunun karar\u0131n\u0131 vermem laz\u0131md\u0131. Ben de liyakatli ve belediyenin kurumsal de\u011ferlerine d\u00f6nmesi i\u00e7in bir tav\u0131r ald\u0131m. Siyasette \u00f6rselenece\u011fim bir s\u00fcrece girecektim ama Konyaalt\u0131 Belediyesi\u2019ni sa\u011flam zeminlere oturtmam laz\u0131md\u0131. Kendimizi Konyaalt\u0131 Belediyesi olarak kendimizi halka emanet ettim\u201d s\u00f6zlerini kullanm\u0131\u015ft\u0131.<\/p>\n<p>\u200bKonyaalt\u0131 Belediye Ba\u015fkan\u0131 Cem Kotan ge\u00e7ti\u011fimiz g\u00fcnlerde kat\u0131ld\u0131\u011f\u0131 televizyon program\u0131nda, \u201cCHP\u2019li belediye ba\u015fkanlar\u0131 her sabah karakola g\u00f6t\u00fcr\u00fclme tehlikesi ile kar\u015f\u0131 kar\u015f\u0131ya\u201d a\u00e7\u0131klamas\u0131nda bulunmu\u015ftu. Bu s\u00f6zlerin \u00fczerinden daha 24 saat ge\u00e7meden Manavgat Belediye Ba\u015fkan\u0131 Niyazi Nefi Kara g\u00f6zalt\u0131na al\u0131nd\u0131.\u00a0<\/p>\n<p>\u200bHaberin Al\u0131nt\u0131land\u0131\u011f\u0131 Kaynak: www.antalyakorfez.com<\/p>","protected":false},"excerpt":{"rendered":"<p>Antalya Konyaalt\u0131 Belediye Ba\u015fkan\u0131 Cem Kotan, ge\u00e7ti\u011fimiz g\u00fcn (3 Temmuz 2025 Per\u015fembe g\u00fcn\u00fc) kat\u0131ld\u0131\u011f\u0131 televizyon program\u0131nda \u00f6nemli a\u00e7\u0131klamalarda bulunmu\u015ftu. Ba\u015fkan Kotan, \u201cCumhuriyet Halk Partisi\u2019nin b\u00fct\u00fcn ba\u015fkanlar\u0131 tehdit alt\u0131nda! Her sabah kap\u0131m\u0131z\u0131 t\u0131klat\u0131p, \u2018Sizleri emniyete davet ediyoruz\u2019 c\u00fcmlesi ile kar\u0131\u015f\u0131labiliriz\u201d demi\u015fti. Kotan\u2019\u0131n bu s\u00f6zleri \u00fczerine bug\u00fcn \u00f6\u011fle saatlerinde Manavgat Belediyesi\u2019ne operasyon ger\u00e7ekle\u015ftirildi. MANAVGAT BELED\u0130YES\u0130\u2019NE OPERASYON Antalya \u0130l Emniyet M\u00fcd\u00fcrl\u00fc\u011f\u00fc Ka\u00e7ak\u00e7\u0131l\u0131k ve Organize Su\u00e7larla M\u00fccadele \u015eube M\u00fcd\u00fcrl\u00fc\u011f\u00fc\u2019n\u00fcn koordinasyonunda Manavgat Belediyesi\u2019ne operasyon ger\u00e7ekle\u015ftirildi. \u00c7ok say\u0131da ki\u015finin g\u00f6zalt\u0131na al\u0131nd\u0131\u011f\u0131 bilgisi geldi. Edinilen bilgiye g\u00f6re; d\u00fcn gece Ankara&#8217;dan d\u00f6nen Manavgat Belediye Ba\u015fkan\u0131 Niyazi Nefi Kara g\u00f6zalt\u0131na al\u0131nd\u0131. Bunun yan\u0131 s\u0131ra bir ba\u015fkan yard\u0131mc\u0131s\u0131n\u0131n al\u0131nd\u0131\u011f\u0131 ileri s\u00fcr\u00fcld\u00fc. BA\u015eKAN N\u0130YAZ\u0130 NEF\u0130 KARA G\u00d6ZALTINA ALINDI Operasyonda g\u00f6zalt\u0131na al\u0131nan ki\u015filerin KOM \u015eube M\u00fcd\u00fcrl\u00fc\u011f\u00fcne g\u00f6t\u00fcr\u00fcld\u00fc\u011f\u00fc \u00f6\u011frenildi. Operasyonda Belediye Ba\u015fkan\u0131 Niyazi Nefi Kara ba\u015fta olmak \u00fczere \u00d6zel Kalem M\u00fcd\u00fcr\u00fc B.\u015e, Yap\u0131 Kontrol M\u00fcd\u00fcr\u00fc H.K, \u0130mar M\u00fcd\u00fcr\u00fc M.K, \u0130mardan Sorumlu Ba\u015fkan Yard\u0131mc\u0131s\u0131 S.C. ve G.\u00d6 ekipler taraf\u0131ndan al\u0131narak ifade i\u00e7in merkeze g\u00f6t\u00fcr\u00fcld\u00fc. CEM KOTAN NE DEM\u0130\u015eT\u0130? [related-posts id=&#8221;18104931&#8243; color=&#8221;bg-danger&#8221;][\/related-posts] Cem Kotan ge\u00e7ti\u011fimiz g\u00fcn kat\u0131ld\u0131\u011f\u0131 televizyon program\u0131nda, \u201cKendimi halka emanet ettim&#8221; s\u00f6z\u00fc pek \u00e7ok ki\u015fi taraf\u0131ndan farkl\u0131 \u015fekilde yorumland\u0131. CHP\u2019li her ba\u015fkan\u0131n bir g\u00fcn g\u00f6zalt\u0131na al\u0131nma tehlikesi alt\u0131nda oldu\u011funu ama bu s\u00f6z\u00fc onu kastederek s\u00f6ylemedi\u011fini belirten Kotan, \u201cCumhuriyet Halk Partisi\u2019nin b\u00fct\u00fcn ba\u015fkanlar\u0131 tehdit &hellip;<\/p>\n","protected":false},"author":5,"featured_media":0,"comment_status":"","ping_status":"open","sticky":false,"template":"","format":"standard","meta":{"_acf_changed":false,"footnotes":""},"categories":[24],"tags":[],"class_list":["post-135880","post","type-post","status-publish","format-standard","has-post-thumbnail","hentry","category-gundem"],"acf":[],"yoast_head":"<!-- This site is optimized with the Yoast SEO Premium plugin v26.6 (Yoast SEO v27.1.1) - https:\/\/yoast.com\/product\/yoast-seo-premium-wordpress\/ -->\n<title>Cem Kotan uyarm\u0131\u015ft\u0131! Antalya\u2019da g\u00f6zalt\u0131lar ba\u015flad\u0131 - Av. Deniz Can K\u0131z\u0131l<\/title>\n<meta name=\"robots\" content=\"index, follow, max-snippet:-1, max-image-preview:large, max-video-preview:-1\" \/>\n<link rel=\"canonical\" href=\"http:\/\/denizcankizil.tr\/de\/haberler\/gundem\/cem-kotan-uyarmisti-antalyada-gozaltilar-basladi\/\" \/>\n<meta property=\"og:locale\" content=\"de_DE\" \/>\n<meta property=\"og:type\" content=\"article\" \/>\n<meta property=\"og:title\" content=\"Cem Kotan uyarm\u0131\u015ft\u0131! Antalya\u2019da g\u00f6zalt\u0131lar ba\u015flad\u0131\" \/>\n<meta property=\"og:description\" content=\"Antalya Konyaalt\u0131 Belediye Ba\u015fkan\u0131 Cem Kotan, ge\u00e7ti\u011fimiz g\u00fcn (3 Temmuz 2025 Per\u015fembe g\u00fcn\u00fc) kat\u0131ld\u0131\u011f\u0131 televizyon program\u0131nda \u00f6nemli a\u00e7\u0131klamalarda bulunmu\u015ftu. Ba\u015fkan Kotan, \u201cCumhuriyet Halk Partisi\u2019nin b\u00fct\u00fcn ba\u015fkanlar\u0131 tehdit alt\u0131nda! Her sabah kap\u0131m\u0131z\u0131 t\u0131klat\u0131p, \u2018Sizleri emniyete davet ediyoruz\u2019 c\u00fcmlesi ile kar\u0131\u015f\u0131labiliriz\u201d demi\u015fti. Kotan\u2019\u0131n bu s\u00f6zleri \u00fczerine bug\u00fcn \u00f6\u011fle saatlerinde Manavgat Belediyesi\u2019ne operasyon ger\u00e7ekle\u015ftirildi. MANAVGAT BELED\u0130YES\u0130\u2019NE OPERASYON Antalya \u0130l Emniyet M\u00fcd\u00fcrl\u00fc\u011f\u00fc Ka\u00e7ak\u00e7\u0131l\u0131k ve Organize Su\u00e7larla M\u00fccadele \u015eube M\u00fcd\u00fcrl\u00fc\u011f\u00fc\u2019n\u00fcn koordinasyonunda Manavgat Belediyesi\u2019ne operasyon ger\u00e7ekle\u015ftirildi. \u00c7ok say\u0131da ki\u015finin g\u00f6zalt\u0131na al\u0131nd\u0131\u011f\u0131 bilgisi geldi. Edinilen bilgiye g\u00f6re; d\u00fcn gece Ankara&#8217;dan d\u00f6nen Manavgat Belediye Ba\u015fkan\u0131 Niyazi Nefi Kara g\u00f6zalt\u0131na al\u0131nd\u0131. Bunun yan\u0131 s\u0131ra bir ba\u015fkan yard\u0131mc\u0131s\u0131n\u0131n al\u0131nd\u0131\u011f\u0131 ileri s\u00fcr\u00fcld\u00fc. BA\u015eKAN N\u0130YAZ\u0130 NEF\u0130 KARA G\u00d6ZALTINA ALINDI Operasyonda g\u00f6zalt\u0131na al\u0131nan ki\u015filerin KOM \u015eube M\u00fcd\u00fcrl\u00fc\u011f\u00fcne g\u00f6t\u00fcr\u00fcld\u00fc\u011f\u00fc \u00f6\u011frenildi. Operasyonda Belediye Ba\u015fkan\u0131 Niyazi Nefi Kara ba\u015fta olmak \u00fczere \u00d6zel Kalem M\u00fcd\u00fcr\u00fc B.\u015e, Yap\u0131 Kontrol M\u00fcd\u00fcr\u00fc H.K, \u0130mar M\u00fcd\u00fcr\u00fc M.K, \u0130mardan Sorumlu Ba\u015fkan Yard\u0131mc\u0131s\u0131 S.C. ve G.\u00d6 ekipler taraf\u0131ndan al\u0131narak ifade i\u00e7in merkeze g\u00f6t\u00fcr\u00fcld\u00fc. CEM KOTAN NE DEM\u0130\u015eT\u0130? [related-posts id=&#8221;18104931&#8243; color=&#8221;bg-danger&#8221;][\/related-posts] Cem Kotan ge\u00e7ti\u011fimiz g\u00fcn kat\u0131ld\u0131\u011f\u0131 televizyon program\u0131nda, \u201cKendimi halka emanet ettim&#8221; s\u00f6z\u00fc pek \u00e7ok ki\u015fi taraf\u0131ndan farkl\u0131 \u015fekilde yorumland\u0131. CHP\u2019li her ba\u015fkan\u0131n bir g\u00fcn g\u00f6zalt\u0131na al\u0131nma tehlikesi alt\u0131nda oldu\u011funu ama bu s\u00f6z\u00fc onu kastederek s\u00f6ylemedi\u011fini belirten Kotan, \u201cCumhuriyet Halk Partisi\u2019nin b\u00fct\u00fcn ba\u015fkanlar\u0131 tehdit &hellip;\" \/>\n<meta property=\"og:url\" content=\"http:\/\/denizcankizil.tr\/de\/haberler\/gundem\/cem-kotan-uyarmisti-antalyada-gozaltilar-basladi\/\" \/>\n<meta property=\"og:site_name\" content=\"Av. Deniz Can K\u0131z\u0131l\" \/>\n<meta property=\"article:published_time\" content=\"2025-07-04T14:42:29+00:00\" \/>\n<meta name=\"author\" content=\"Antalya K\u00f6rfez\" \/>\n<meta name=\"twitter:card\" content=\"summary_large_image\" \/>\n<meta name=\"twitter:label1\" content=\"Verfasst von\" \/>\n\t<meta name=\"twitter:data1\" content=\"Antalya K\u00f6rfez\" \/>\n\t<meta name=\"twitter:label2\" content=\"Gesch\u00e4tzte Lesezeit\" \/>\n\t<meta name=\"twitter:data2\" content=\"3\u00a0Minuten\" \/>\n<script type=\"application\/ld+json\" class=\"yoast-schema-graph\">{\"@context\":\"https:\/\/schema.org\",\"@graph\":[{\"@type\":\"Article\",\"@id\":\"http:\/\/denizcankizil.tr\/de\/haberler\/gundem\/cem-kotan-uyarmisti-antalyada-gozaltilar-basladi\/#article\",\"isPartOf\":{\"@id\":\"http:\/\/denizcankizil.tr\/de\/haberler\/gundem\/cem-kotan-uyarmisti-antalyada-gozaltilar-basladi\/\"},\"author\":{\"name\":\"Antalya K\u00f6rfez\",\"@id\":\"https:\/\/denizcankizil.tr\/de\/#\/schema\/person\/e1eb71bb4dd684d46563f0af307e1234\"},\"headline\":\"Cem Kotan uyarm\u0131\u015ft\u0131! Antalya\u2019da g\u00f6zalt\u0131lar ba\u015flad\u0131\",\"datePublished\":\"2025-07-04T14:42:29+00:00\",\"mainEntityOfPage\":{\"@id\":\"http:\/\/denizcankizil.tr\/de\/haberler\/gundem\/cem-kotan-uyarmisti-antalyada-gozaltilar-basladi\/\"},\"wordCount\":529,\"publisher\":{\"@id\":\"https:\/\/denizcankizil.tr\/de\/#organization\"},\"articleSection\":[\"G\u00fcndem\"],\"inLanguage\":\"de\"},{\"@type\":\"WebPage\",\"@id\":\"http:\/\/denizcankizil.tr\/de\/haberler\/gundem\/cem-kotan-uyarmisti-antalyada-gozaltilar-basladi\/\",\"url\":\"http:\/\/denizcankizil.tr\/de\/haberler\/gundem\/cem-kotan-uyarmisti-antalyada-gozaltilar-basladi\/\",\"name\":\"Cem Kotan uyarm\u0131\u015ft\u0131! Antalya\u2019da g\u00f6zalt\u0131lar ba\u015flad\u0131 - Av. Deniz Can K\u0131z\u0131l\",\"isPartOf\":{\"@id\":\"https:\/\/denizcankizil.tr\/de\/#website\"},\"datePublished\":\"2025-07-04T14:42:29+00:00\",\"breadcrumb\":{\"@id\":\"http:\/\/denizcankizil.tr\/de\/haberler\/gundem\/cem-kotan-uyarmisti-antalyada-gozaltilar-basladi\/#breadcrumb\"},\"inLanguage\":\"de\",\"potentialAction\":[{\"@type\":\"ReadAction\",\"target\":[\"http:\/\/denizcankizil.tr\/de\/haberler\/gundem\/cem-kotan-uyarmisti-antalyada-gozaltilar-basladi\/\"]}]},{\"@type\":\"BreadcrumbList\",\"@id\":\"http:\/\/denizcankizil.tr\/de\/haberler\/gundem\/cem-kotan-uyarmisti-antalyada-gozaltilar-basladi\/#breadcrumb\",\"itemListElement\":[{\"@type\":\"ListItem\",\"position\":1,\"name\":\"Home\",\"item\":\"https:\/\/denizcankizil.tr\/de\/\"},{\"@type\":\"ListItem\",\"position\":2,\"name\":\"Cem Kotan uyarm\u0131\u015ft\u0131! Antalya\u2019da g\u00f6zalt\u0131lar ba\u015flad\u0131\"}]},{\"@type\":\"WebSite\",\"@id\":\"https:\/\/denizcankizil.tr\/de\/#website\",\"url\":\"https:\/\/denizcankizil.tr\/de\/\",\"name\":\"Av. Deniz Can K\u0131z\u0131l\",\"description\":\"Avukat Deniz Can K\u0131z\u0131l Antalya Barosu\",\"publisher\":{\"@id\":\"https:\/\/denizcankizil.tr\/de\/#organization\"},\"potentialAction\":[{\"@type\":\"SearchAction\",\"target\":{\"@type\":\"EntryPoint\",\"urlTemplate\":\"https:\/\/denizcankizil.tr\/de\/?s={search_term_string}\"},\"query-input\":{\"@type\":\"PropertyValueSpecification\",\"valueRequired\":true,\"valueName\":\"search_term_string\"}}],\"inLanguage\":\"de\"},{\"@type\":\"Organization\",\"@id\":\"https:\/\/denizcankizil.tr\/de\/#organization\",\"name\":\"Av. Deniz Can K\u0131z\u0131l\",\"url\":\"https:\/\/denizcankizil.tr\/de\/\",\"logo\":{\"@type\":\"ImageObject\",\"inLanguage\":\"de\",\"@id\":\"https:\/\/denizcankizil.tr\/de\/#\/schema\/logo\/image\/\",\"url\":\"http:\/\/denizcankizil.tr\/wp-content\/uploads\/2024\/10\/siyah-logo-svg.svg\",\"contentUrl\":\"http:\/\/denizcankizil.tr\/wp-content\/uploads\/2024\/10\/siyah-logo-svg.svg\",\"width\":1080,\"height\":1080,\"caption\":\"Av. Deniz Can K\u0131z\u0131l\"},\"image\":{\"@id\":\"https:\/\/denizcankizil.tr\/de\/#\/schema\/logo\/image\/\"}},{\"@type\":\"Person\",\"@id\":\"https:\/\/denizcankizil.tr\/de\/#\/schema\/person\/e1eb71bb4dd684d46563f0af307e1234\",\"name\":\"Antalya K\u00f6rfez\",\"image\":{\"@type\":\"ImageObject\",\"inLanguage\":\"de\",\"@id\":\"https:\/\/denizcankizil.tr\/de\/#\/schema\/person\/image\/\",\"url\":\"https:\/\/secure.gravatar.com\/avatar\/42b01982558a48a0b501fdcab6a408d3717ea5919095ee2e67b0e521799c5905?s=96&d=mm&r=g\",\"contentUrl\":\"https:\/\/secure.gravatar.com\/avatar\/42b01982558a48a0b501fdcab6a408d3717ea5919095ee2e67b0e521799c5905?s=96&d=mm&r=g\",\"caption\":\"Antalya K\u00f6rfez\"},\"sameAs\":[\"http:\/\/www.antalyakorfez.com\"],\"url\":\"https:\/\/www.antalyakorfez.com\/cem-kotan-uyarmisti-antalyada-gozaltilar-basladi\"}]}<\/script>\n<!-- \/ Yoast SEO Premium plugin. -->","yoast_head_json":{"title":"Cem Kotan uyarm\u0131\u015ft\u0131! Antalya\u2019da g\u00f6zalt\u0131lar ba\u015flad\u0131 - Av. Deniz Can K\u0131z\u0131l","robots":{"index":"index","follow":"follow","max-snippet":"max-snippet:-1","max-image-preview":"max-image-preview:large","max-video-preview":"max-video-preview:-1"},"canonical":"http:\/\/denizcankizil.tr\/de\/haberler\/gundem\/cem-kotan-uyarmisti-antalyada-gozaltilar-basladi\/","og_locale":"de_DE","og_type":"article","og_title":"Cem Kotan uyarm\u0131\u015ft\u0131! Antalya\u2019da g\u00f6zalt\u0131lar ba\u015flad\u0131","og_description":"Antalya Konyaalt\u0131 Belediye Ba\u015fkan\u0131 Cem Kotan, ge\u00e7ti\u011fimiz g\u00fcn (3 Temmuz 2025 Per\u015fembe g\u00fcn\u00fc) kat\u0131ld\u0131\u011f\u0131 televizyon program\u0131nda \u00f6nemli a\u00e7\u0131klamalarda bulunmu\u015ftu. Ba\u015fkan Kotan, \u201cCumhuriyet Halk Partisi\u2019nin b\u00fct\u00fcn ba\u015fkanlar\u0131 tehdit alt\u0131nda! Her sabah kap\u0131m\u0131z\u0131 t\u0131klat\u0131p, \u2018Sizleri emniyete davet ediyoruz\u2019 c\u00fcmlesi ile kar\u0131\u015f\u0131labiliriz\u201d demi\u015fti. Kotan\u2019\u0131n bu s\u00f6zleri \u00fczerine bug\u00fcn \u00f6\u011fle saatlerinde Manavgat Belediyesi\u2019ne operasyon ger\u00e7ekle\u015ftirildi. MANAVGAT BELED\u0130YES\u0130\u2019NE OPERASYON Antalya \u0130l Emniyet M\u00fcd\u00fcrl\u00fc\u011f\u00fc Ka\u00e7ak\u00e7\u0131l\u0131k ve Organize Su\u00e7larla M\u00fccadele \u015eube M\u00fcd\u00fcrl\u00fc\u011f\u00fc\u2019n\u00fcn koordinasyonunda Manavgat Belediyesi\u2019ne operasyon ger\u00e7ekle\u015ftirildi. \u00c7ok say\u0131da ki\u015finin g\u00f6zalt\u0131na al\u0131nd\u0131\u011f\u0131 bilgisi geldi. Edinilen bilgiye g\u00f6re; d\u00fcn gece Ankara&#8217;dan d\u00f6nen Manavgat Belediye Ba\u015fkan\u0131 Niyazi Nefi Kara g\u00f6zalt\u0131na al\u0131nd\u0131. Bunun yan\u0131 s\u0131ra bir ba\u015fkan yard\u0131mc\u0131s\u0131n\u0131n al\u0131nd\u0131\u011f\u0131 ileri s\u00fcr\u00fcld\u00fc. BA\u015eKAN N\u0130YAZ\u0130 NEF\u0130 KARA G\u00d6ZALTINA ALINDI Operasyonda g\u00f6zalt\u0131na al\u0131nan ki\u015filerin KOM \u015eube M\u00fcd\u00fcrl\u00fc\u011f\u00fcne g\u00f6t\u00fcr\u00fcld\u00fc\u011f\u00fc \u00f6\u011frenildi. Operasyonda Belediye Ba\u015fkan\u0131 Niyazi Nefi Kara ba\u015fta olmak \u00fczere \u00d6zel Kalem M\u00fcd\u00fcr\u00fc B.\u015e, Yap\u0131 Kontrol M\u00fcd\u00fcr\u00fc H.K, \u0130mar M\u00fcd\u00fcr\u00fc M.K, \u0130mardan Sorumlu Ba\u015fkan Yard\u0131mc\u0131s\u0131 S.C. ve G.\u00d6 ekipler taraf\u0131ndan al\u0131narak ifade i\u00e7in merkeze g\u00f6t\u00fcr\u00fcld\u00fc. CEM KOTAN NE DEM\u0130\u015eT\u0130? [related-posts id=&#8221;18104931&#8243; color=&#8221;bg-danger&#8221;][\/related-posts] Cem Kotan ge\u00e7ti\u011fimiz g\u00fcn kat\u0131ld\u0131\u011f\u0131 televizyon program\u0131nda, \u201cKendimi halka emanet ettim&#8221; s\u00f6z\u00fc pek \u00e7ok ki\u015fi taraf\u0131ndan farkl\u0131 \u015fekilde yorumland\u0131. CHP\u2019li her ba\u015fkan\u0131n bir g\u00fcn g\u00f6zalt\u0131na al\u0131nma tehlikesi alt\u0131nda oldu\u011funu ama bu s\u00f6z\u00fc onu kastederek s\u00f6ylemedi\u011fini belirten Kotan, \u201cCumhuriyet Halk Partisi\u2019nin b\u00fct\u00fcn ba\u015fkanlar\u0131 tehdit &hellip;","og_url":"http:\/\/denizcankizil.tr\/de\/haberler\/gundem\/cem-kotan-uyarmisti-antalyada-gozaltilar-basladi\/","og_site_name":"Av. Deniz Can K\u0131z\u0131l","article_published_time":"2025-07-04T14:42:29+00:00","author":"Antalya K\u00f6rfez","twitter_card":"summary_large_image","twitter_misc":{"Verfasst von":"Antalya K\u00f6rfez","Gesch\u00e4tzte Lesezeit":"3\u00a0Minuten"},"schema":{"@context":"https:\/\/schema.org","@graph":[{"@type":"Article","@id":"http:\/\/denizcankizil.tr\/de\/haberler\/gundem\/cem-kotan-uyarmisti-antalyada-gozaltilar-basladi\/#article","isPartOf":{"@id":"http:\/\/denizcankizil.tr\/de\/haberler\/gundem\/cem-kotan-uyarmisti-antalyada-gozaltilar-basladi\/"},"author":{"name":"Antalya K\u00f6rfez","@id":"https:\/\/denizcankizil.tr\/de\/#\/schema\/person\/e1eb71bb4dd684d46563f0af307e1234"},"headline":"Cem Kotan uyarm\u0131\u015ft\u0131! Antalya\u2019da g\u00f6zalt\u0131lar ba\u015flad\u0131","datePublished":"2025-07-04T14:42:29+00:00","mainEntityOfPage":{"@id":"http:\/\/denizcankizil.tr\/de\/haberler\/gundem\/cem-kotan-uyarmisti-antalyada-gozaltilar-basladi\/"},"wordCount":529,"publisher":{"@id":"https:\/\/denizcankizil.tr\/de\/#organization"},"articleSection":["G\u00fcndem"],"inLanguage":"de"},{"@type":"WebPage","@id":"http:\/\/denizcankizil.tr\/de\/haberler\/gundem\/cem-kotan-uyarmisti-antalyada-gozaltilar-basladi\/","url":"http:\/\/denizcankizil.tr\/de\/haberler\/gundem\/cem-kotan-uyarmisti-antalyada-gozaltilar-basladi\/","name":"Cem Kotan uyarm\u0131\u015ft\u0131! Antalya\u2019da g\u00f6zalt\u0131lar ba\u015flad\u0131 - Av. Deniz Can K\u0131z\u0131l","isPartOf":{"@id":"https:\/\/denizcankizil.tr\/de\/#website"},"datePublished":"2025-07-04T14:42:29+00:00","breadcrumb":{"@id":"http:\/\/denizcankizil.tr\/de\/haberler\/gundem\/cem-kotan-uyarmisti-antalyada-gozaltilar-basladi\/#breadcrumb"},"inLanguage":"de","potentialAction":[{"@type":"ReadAction","target":["http:\/\/denizcankizil.tr\/de\/haberler\/gundem\/cem-kotan-uyarmisti-antalyada-gozaltilar-basladi\/"]}]},{"@type":"BreadcrumbList","@id":"http:\/\/denizcankizil.tr\/de\/haberler\/gundem\/cem-kotan-uyarmisti-antalyada-gozaltilar-basladi\/#breadcrumb","itemListElement":[{"@type":"ListItem","position":1,"name":"Home","item":"https:\/\/denizcankizil.tr\/de\/"},{"@type":"ListItem","position":2,"name":"Cem Kotan uyarm\u0131\u015ft\u0131! Antalya\u2019da g\u00f6zalt\u0131lar ba\u015flad\u0131"}]},{"@type":"WebSite","@id":"https:\/\/denizcankizil.tr\/de\/#website","url":"https:\/\/denizcankizil.tr\/de\/","name":"Av. Deniz Can K\u0131z\u0131l","description":"Avukat Deniz Can K\u0131z\u0131l Antalya Barosu","publisher":{"@id":"https:\/\/denizcankizil.tr\/de\/#organization"},"potentialAction":[{"@type":"SearchAction","target":{"@type":"EntryPoint","urlTemplate":"https:\/\/denizcankizil.tr\/de\/?s={search_term_string}"},"query-input":{"@type":"PropertyValueSpecification","valueRequired":true,"valueName":"search_term_string"}}],"inLanguage":"de"},{"@type":"Organization","@id":"https:\/\/denizcankizil.tr\/de\/#organization","name":"Av. Deniz Can K\u0131z\u0131l","url":"https:\/\/denizcankizil.tr\/de\/","logo":{"@type":"ImageObject","inLanguage":"de","@id":"https:\/\/denizcankizil.tr\/de\/#\/schema\/logo\/image\/","url":"http:\/\/denizcankizil.tr\/wp-content\/uploads\/2024\/10\/siyah-logo-svg.svg","contentUrl":"http:\/\/denizcankizil.tr\/wp-content\/uploads\/2024\/10\/siyah-logo-svg.svg","width":1080,"height":1080,"caption":"Av. Deniz Can K\u0131z\u0131l"},"image":{"@id":"https:\/\/denizcankizil.tr\/de\/#\/schema\/logo\/image\/"}},{"@type":"Person","@id":"https:\/\/denizcankizil.tr\/de\/#\/schema\/person\/e1eb71bb4dd684d46563f0af307e1234","name":"Antalya K\u00f6rfez","image":{"@type":"ImageObject","inLanguage":"de","@id":"https:\/\/denizcankizil.tr\/de\/#\/schema\/person\/image\/","url":"https:\/\/secure.gravatar.com\/avatar\/42b01982558a48a0b501fdcab6a408d3717ea5919095ee2e67b0e521799c5905?s=96&d=mm&r=g","contentUrl":"https:\/\/secure.gravatar.com\/avatar\/42b01982558a48a0b501fdcab6a408d3717ea5919095ee2e67b0e521799c5905?s=96&d=mm&r=g","caption":"Antalya K\u00f6rfez"},"sameAs":["http:\/\/www.antalyakorfez.com"],"url":"https:\/\/www.antalyakorfez.com\/cem-kotan-uyarmisti-antalyada-gozaltilar-basladi"}]}},"_links":{"self":[{"href":"http:\/\/denizcankizil.tr\/de\/wp-json\/wp\/v2\/posts\/135880","targetHints":{"allow":["GET"]}}],"collection":[{"href":"http:\/\/denizcankizil.tr\/de\/wp-json\/wp\/v2\/posts"}],"about":[{"href":"http:\/\/denizcankizil.tr\/de\/wp-json\/wp\/v2\/types\/post"}],"author":[{"embeddable":true,"href":"http:\/\/denizcankizil.tr\/de\/wp-json\/wp\/v2\/users\/5"}],"replies":[{"embeddable":true,"href":"http:\/\/denizcankizil.tr\/de\/wp-json\/wp\/v2\/comments?post=135880"}],"version-history":[{"count":0,"href":"http:\/\/denizcankizil.tr\/de\/wp-json\/wp\/v2\/posts\/135880\/revisions"}],"wp:attachment":[{"href":"http:\/\/denizcankizil.tr\/de\/wp-json\/wp\/v2\/media?parent=135880"}],"wp:term":[{"taxonomy":"category","embeddable":true,"href":"http:\/\/denizcankizil.tr\/de\/wp-json\/wp\/v2\/categories?post=135880"},{"taxonomy":"post_tag","embeddable":true,"href":"http:\/\/denizcankizil.tr\/de\/wp-json\/wp\/v2\/tags?post=135880"}],"curies":[{"name":"wp","href":"https:\/\/api.w.org\/{rel}","templated":true}]}}