{"id":133422,"date":"2025-07-02T11:41:19","date_gmt":"2025-07-02T08:41:19","guid":{"rendered":"https:\/\/denizcankizil.tr\/uncategorized-tr\/orhan-okulu-kirkpinara-antalya-lezzetleriyle-ugurlandi\/"},"modified":"2025-07-02T11:41:19","modified_gmt":"2025-07-02T08:41:19","slug":"orhan-okulu-kirkpinara-antalya-lezzetleriyle-ugurlandi","status":"publish","type":"post","link":"http:\/\/denizcankizil.tr\/de\/haberler\/gundem\/orhan-okulu-kirkpinara-antalya-lezzetleriyle-ugurlandi\/","title":{"rendered":"Orhan Okulu, K\u0131rkp\u0131nar&#8217;a Antalya lezzetleriyle u\u011furland\u0131"},"content":{"rendered":"<p>664\u2019\u00fcnc\u00fc Tarihi K\u0131rkp\u0131nar Ya\u011fl\u0131 G\u00fcre\u015fleri \u00f6ncesi Ba\u015fpehlivan Orhan Okulu Antalya\u2019n\u0131n me\u015fhur lezzet \u00fc\u00e7l\u00fcs\u00fc \u015fi\u015f k\u00f6fte, piyaz ve tahinli kabak tatl\u0131s\u0131yla Edirne\u2019ye u\u011furland\u0131.<\/p>\n<p>ANTALYA LEZZETLER\u0130YLE U\u011eURLANDI <\/p>\n<p>Edirne\u2019de bu y\u0131l 664\u2019\u00fcnc\u00fcs\u00fc d\u00fczenlenecek Tarihi K\u0131rkp\u0131nar Ya\u011fl\u0131 G\u00fcre\u015fleri\u2019nde Muratpa\u015fa Belediyespor, 2015 ve 2018 y\u0131llar\u0131nda K\u0131rkp\u0131nar\u2019da alt\u0131n kemer kazanarak ad\u0131n\u0131 T\u00fcrk g\u00fcre\u015f tarihine yazd\u0131ran ba\u015fpehlivan Orhan Okulu\u2019nun liderli\u011finde Furkan Durmu\u015f Alt\u0131n ve K\u00fcr\u015fat \u015eevki Korkmaz ile m\u00fccadele edecek. K\u0131rkp\u0131nar \u00f6ncesi haz\u0131rl\u0131klar\u0131n\u0131 Elmal\u0131\u2019da, antren\u00f6r Kemal Y\u0131lmaz y\u00f6netiminde ger\u00e7ekle\u015ftiren ekip, Edirne yolculu\u011fu \u00f6ncesi Ba\u015fkan Uysal\u2019la, belediyenin Antalya Lokantas\u0131\u2019nda bir araya geldi. Antalya\u2019n\u0131n tescilli tatlar\u0131 e\u015fli\u011finde ger\u00e7ekle\u015fen yemekte Ba\u015fkan Uysal, sporculara ba\u015far\u0131lar diledi.<\/p>\n<p>&#8220;ALTIN KEMER\u0130 ANTALYA&#8217;YA GET\u0130RECE\u011e\u0130Z&#8221;<\/p>\n<p>Kul\u00fcp Ba\u015fkan\u0131 \u00d6zcan Y\u0131lmaz\u2019\u0131n da yer ald\u0131\u011f\u0131 yemekte Ba\u015fkan Uysal, Muratpa\u015fa\u2019n\u0131n ata sporu ya\u011fl\u0131 g\u00fcre\u015fe verdi\u011fi \u00f6nemi vurgulayarak, &#8220;K\u0131rkp\u0131nar\u2019da Orhan Okulu ba\u015fpehlivan\u0131m\u0131z\u0131n liderli\u011finde \u00e7ok iddial\u0131y\u0131z. Bu y\u0131l kadromuza kat\u0131lan K\u00fcr\u015fat \u015eevki Korkmaz ve Furkan Durmu\u015f Alt\u0131n&#8217;la birlikte g\u00fc\u00e7l\u00fc bir ekip kurduk. M\u00fccadele edecek t\u00fcm sporcular\u0131m\u0131za, hakemlerimize ve g\u00fcre\u015f camiam\u0131za ba\u015far\u0131lar diliyorum. Antalya\u2019m\u0131z\u0131 en iyi \u015fekilde temsil edece\u011fimize inanc\u0131m tam. Alt\u0131n kemeri yeniden Antalya\u2019ya getirece\u011fiz&#8221; dedi. Ba\u015fpehlivan Orhan Okulu ise desteklerinden dolay\u0131 Ba\u015fkan Uysal\u2019a te\u015fekk\u00fcr ederek, &#8220;Hedefimiz net, alt\u0131n kemeri Muratpa\u015fa\u2019ya, Antalya\u2019ya getirece\u011fiz&#8221; s\u00f6zleriyle iddias\u0131n\u0131 yineledi.<\/p>\n<p>\u200b664&#8217;\u00fcnc\u00fc Tarihi K\u0131rkp\u0131nar Ya\u011fl\u0131 G\u00fcre\u015fleri \u00f6ncesi Antalya&#8217;y\u0131 temsil edecek Ba\u015fpehlivan Orhan Okulu, Muratpa\u015fa Belediyespor ekibiyle Edirne&#8217;ye u\u011furland\u0131. Alt\u0131n kemer hedefiyle yola \u00e7\u0131kan ekip, Antalya&#8217;n\u0131n me\u015fhur \u015fi\u015f k\u00f6fte, piyaz ve tahinli kabak tatl\u0131s\u0131yla moral depolad\u0131.\u00a0<\/p>\n<p>\u200bHaberin Al\u0131nt\u0131land\u0131\u011f\u0131 Kaynak: www.antalyakorfez.com<\/p>","protected":false},"excerpt":{"rendered":"<p>664\u2019\u00fcnc\u00fc Tarihi K\u0131rkp\u0131nar Ya\u011fl\u0131 G\u00fcre\u015fleri \u00f6ncesi Ba\u015fpehlivan Orhan Okulu Antalya\u2019n\u0131n me\u015fhur lezzet \u00fc\u00e7l\u00fcs\u00fc \u015fi\u015f k\u00f6fte, piyaz ve tahinli kabak tatl\u0131s\u0131yla Edirne\u2019ye u\u011furland\u0131. ANTALYA LEZZETLER\u0130YLE U\u011eURLANDI Edirne\u2019de bu y\u0131l 664\u2019\u00fcnc\u00fcs\u00fc d\u00fczenlenecek Tarihi K\u0131rkp\u0131nar Ya\u011fl\u0131 G\u00fcre\u015fleri\u2019nde Muratpa\u015fa Belediyespor, 2015 ve 2018 y\u0131llar\u0131nda K\u0131rkp\u0131nar\u2019da alt\u0131n kemer kazanarak ad\u0131n\u0131 T\u00fcrk g\u00fcre\u015f tarihine yazd\u0131ran ba\u015fpehlivan Orhan Okulu\u2019nun liderli\u011finde Furkan Durmu\u015f Alt\u0131n ve K\u00fcr\u015fat \u015eevki Korkmaz ile m\u00fccadele edecek. K\u0131rkp\u0131nar \u00f6ncesi haz\u0131rl\u0131klar\u0131n\u0131 Elmal\u0131\u2019da, antren\u00f6r Kemal Y\u0131lmaz y\u00f6netiminde ger\u00e7ekle\u015ftiren ekip, Edirne yolculu\u011fu \u00f6ncesi Ba\u015fkan Uysal\u2019la, belediyenin Antalya Lokantas\u0131\u2019nda bir araya geldi. Antalya\u2019n\u0131n tescilli tatlar\u0131 e\u015fli\u011finde ger\u00e7ekle\u015fen yemekte Ba\u015fkan Uysal, sporculara ba\u015far\u0131lar diledi. &#8220;ALTIN KEMER\u0130 ANTALYA&#8217;YA GET\u0130RECE\u011e\u0130Z&#8221; Kul\u00fcp Ba\u015fkan\u0131 \u00d6zcan Y\u0131lmaz\u2019\u0131n da yer ald\u0131\u011f\u0131 yemekte Ba\u015fkan Uysal, Muratpa\u015fa\u2019n\u0131n ata sporu ya\u011fl\u0131 g\u00fcre\u015fe verdi\u011fi \u00f6nemi vurgulayarak, &#8220;K\u0131rkp\u0131nar\u2019da Orhan Okulu ba\u015fpehlivan\u0131m\u0131z\u0131n liderli\u011finde \u00e7ok iddial\u0131y\u0131z. Bu y\u0131l kadromuza kat\u0131lan K\u00fcr\u015fat \u015eevki Korkmaz ve Furkan Durmu\u015f Alt\u0131n&#8217;la birlikte g\u00fc\u00e7l\u00fc bir ekip kurduk. M\u00fccadele edecek t\u00fcm sporcular\u0131m\u0131za, hakemlerimize ve g\u00fcre\u015f camiam\u0131za ba\u015far\u0131lar diliyorum. Antalya\u2019m\u0131z\u0131 en iyi \u015fekilde temsil edece\u011fimize inanc\u0131m tam. Alt\u0131n kemeri yeniden Antalya\u2019ya getirece\u011fiz&#8221; dedi. Ba\u015fpehlivan Orhan Okulu ise desteklerinden dolay\u0131 Ba\u015fkan Uysal\u2019a te\u015fekk\u00fcr ederek, &#8220;Hedefimiz net, alt\u0131n kemeri Muratpa\u015fa\u2019ya, Antalya\u2019ya getirece\u011fiz&#8221; s\u00f6zleriyle iddias\u0131n\u0131 yineledi. \u200b664&#8217;\u00fcnc\u00fc Tarihi K\u0131rkp\u0131nar Ya\u011fl\u0131 G\u00fcre\u015fleri \u00f6ncesi Antalya&#8217;y\u0131 temsil edecek Ba\u015fpehlivan Orhan Okulu, Muratpa\u015fa Belediyespor ekibiyle Edirne&#8217;ye &hellip;<\/p>","protected":false},"author":5,"featured_media":0,"comment_status":"","ping_status":"open","sticky":false,"template":"","format":"standard","meta":{"_acf_changed":false,"footnotes":""},"categories":[24],"tags":[],"class_list":["post-133422","post","type-post","status-publish","format-standard","has-post-thumbnail","hentry","category-gundem"],"acf":[],"yoast_head":"<!-- This site is optimized with the Yoast SEO Premium plugin v26.6 (Yoast SEO v27.1.1) - https:\/\/yoast.com\/product\/yoast-seo-premium-wordpress\/ -->\n<title>Orhan Okulu, K\u0131rkp\u0131nar&#039;a Antalya lezzetleriyle u\u011furland\u0131 - Av. Deniz Can K\u0131z\u0131l<\/title>\n<meta name=\"robots\" content=\"index, follow, max-snippet:-1, max-image-preview:large, max-video-preview:-1\" \/>\n<link rel=\"canonical\" href=\"http:\/\/denizcankizil.tr\/de\/haberler\/gundem\/orhan-okulu-kirkpinara-antalya-lezzetleriyle-ugurlandi\/\" \/>\n<meta property=\"og:locale\" content=\"de_DE\" \/>\n<meta property=\"og:type\" content=\"article\" \/>\n<meta property=\"og:title\" content=\"Orhan Okulu, K\u0131rkp\u0131nar&#039;a Antalya lezzetleriyle u\u011furland\u0131\" \/>\n<meta property=\"og:description\" content=\"664\u2019\u00fcnc\u00fc Tarihi K\u0131rkp\u0131nar Ya\u011fl\u0131 G\u00fcre\u015fleri \u00f6ncesi Ba\u015fpehlivan Orhan Okulu Antalya\u2019n\u0131n me\u015fhur lezzet \u00fc\u00e7l\u00fcs\u00fc \u015fi\u015f k\u00f6fte, piyaz ve tahinli kabak tatl\u0131s\u0131yla Edirne\u2019ye u\u011furland\u0131. ANTALYA LEZZETLER\u0130YLE U\u011eURLANDI Edirne\u2019de bu y\u0131l 664\u2019\u00fcnc\u00fcs\u00fc d\u00fczenlenecek Tarihi K\u0131rkp\u0131nar Ya\u011fl\u0131 G\u00fcre\u015fleri\u2019nde Muratpa\u015fa Belediyespor, 2015 ve 2018 y\u0131llar\u0131nda K\u0131rkp\u0131nar\u2019da alt\u0131n kemer kazanarak ad\u0131n\u0131 T\u00fcrk g\u00fcre\u015f tarihine yazd\u0131ran ba\u015fpehlivan Orhan Okulu\u2019nun liderli\u011finde Furkan Durmu\u015f Alt\u0131n ve K\u00fcr\u015fat \u015eevki Korkmaz ile m\u00fccadele edecek. K\u0131rkp\u0131nar \u00f6ncesi haz\u0131rl\u0131klar\u0131n\u0131 Elmal\u0131\u2019da, antren\u00f6r Kemal Y\u0131lmaz y\u00f6netiminde ger\u00e7ekle\u015ftiren ekip, Edirne yolculu\u011fu \u00f6ncesi Ba\u015fkan Uysal\u2019la, belediyenin Antalya Lokantas\u0131\u2019nda bir araya geldi. Antalya\u2019n\u0131n tescilli tatlar\u0131 e\u015fli\u011finde ger\u00e7ekle\u015fen yemekte Ba\u015fkan Uysal, sporculara ba\u015far\u0131lar diledi. &#8220;ALTIN KEMER\u0130 ANTALYA&#8217;YA GET\u0130RECE\u011e\u0130Z&#8221; Kul\u00fcp Ba\u015fkan\u0131 \u00d6zcan Y\u0131lmaz\u2019\u0131n da yer ald\u0131\u011f\u0131 yemekte Ba\u015fkan Uysal, Muratpa\u015fa\u2019n\u0131n ata sporu ya\u011fl\u0131 g\u00fcre\u015fe verdi\u011fi \u00f6nemi vurgulayarak, &#8220;K\u0131rkp\u0131nar\u2019da Orhan Okulu ba\u015fpehlivan\u0131m\u0131z\u0131n liderli\u011finde \u00e7ok iddial\u0131y\u0131z. Bu y\u0131l kadromuza kat\u0131lan K\u00fcr\u015fat \u015eevki Korkmaz ve Furkan Durmu\u015f Alt\u0131n&#8217;la birlikte g\u00fc\u00e7l\u00fc bir ekip kurduk. M\u00fccadele edecek t\u00fcm sporcular\u0131m\u0131za, hakemlerimize ve g\u00fcre\u015f camiam\u0131za ba\u015far\u0131lar diliyorum. Antalya\u2019m\u0131z\u0131 en iyi \u015fekilde temsil edece\u011fimize inanc\u0131m tam. Alt\u0131n kemeri yeniden Antalya\u2019ya getirece\u011fiz&#8221; dedi. Ba\u015fpehlivan Orhan Okulu ise desteklerinden dolay\u0131 Ba\u015fkan Uysal\u2019a te\u015fekk\u00fcr ederek, &#8220;Hedefimiz net, alt\u0131n kemeri Muratpa\u015fa\u2019ya, Antalya\u2019ya getirece\u011fiz&#8221; s\u00f6zleriyle iddias\u0131n\u0131 yineledi. \u200b664&#8217;\u00fcnc\u00fc Tarihi K\u0131rkp\u0131nar Ya\u011fl\u0131 G\u00fcre\u015fleri \u00f6ncesi Antalya&#8217;y\u0131 temsil edecek Ba\u015fpehlivan Orhan Okulu, Muratpa\u015fa Belediyespor ekibiyle Edirne&#8217;ye &hellip;\" \/>\n<meta property=\"og:url\" content=\"http:\/\/denizcankizil.tr\/de\/haberler\/gundem\/orhan-okulu-kirkpinara-antalya-lezzetleriyle-ugurlandi\/\" \/>\n<meta property=\"og:site_name\" content=\"Av. Deniz Can K\u0131z\u0131l\" \/>\n<meta property=\"article:published_time\" content=\"2025-07-02T08:41:19+00:00\" \/>\n<meta name=\"author\" content=\"Antalya K\u00f6rfez\" \/>\n<meta name=\"twitter:card\" content=\"summary_large_image\" \/>\n<meta name=\"twitter:label1\" content=\"Verfasst von\" \/>\n\t<meta name=\"twitter:data1\" content=\"Antalya K\u00f6rfez\" \/>\n\t<meta name=\"twitter:label2\" content=\"Gesch\u00e4tzte Lesezeit\" \/>\n\t<meta name=\"twitter:data2\" content=\"2\u00a0Minuten\" \/>\n<script type=\"application\/ld+json\" class=\"yoast-schema-graph\">{\"@context\":\"https:\/\/schema.org\",\"@graph\":[{\"@type\":\"Article\",\"@id\":\"http:\/\/denizcankizil.tr\/de\/haberler\/gundem\/orhan-okulu-kirkpinara-antalya-lezzetleriyle-ugurlandi\/#article\",\"isPartOf\":{\"@id\":\"http:\/\/denizcankizil.tr\/de\/haberler\/gundem\/orhan-okulu-kirkpinara-antalya-lezzetleriyle-ugurlandi\/\"},\"author\":{\"name\":\"Antalya K\u00f6rfez\",\"@id\":\"https:\/\/denizcankizil.tr\/de\/#\/schema\/person\/e1eb71bb4dd684d46563f0af307e1234\"},\"headline\":\"Orhan Okulu, K\u0131rkp\u0131nar&#8217;a Antalya lezzetleriyle u\u011furland\u0131\",\"datePublished\":\"2025-07-02T08:41:19+00:00\",\"mainEntityOfPage\":{\"@id\":\"http:\/\/denizcankizil.tr\/de\/haberler\/gundem\/orhan-okulu-kirkpinara-antalya-lezzetleriyle-ugurlandi\/\"},\"wordCount\":379,\"publisher\":{\"@id\":\"https:\/\/denizcankizil.tr\/de\/#organization\"},\"articleSection\":[\"G\u00fcndem\"],\"inLanguage\":\"de\"},{\"@type\":\"WebPage\",\"@id\":\"http:\/\/denizcankizil.tr\/de\/haberler\/gundem\/orhan-okulu-kirkpinara-antalya-lezzetleriyle-ugurlandi\/\",\"url\":\"http:\/\/denizcankizil.tr\/de\/haberler\/gundem\/orhan-okulu-kirkpinara-antalya-lezzetleriyle-ugurlandi\/\",\"name\":\"Orhan Okulu, K\u0131rkp\u0131nar'a Antalya lezzetleriyle u\u011furland\u0131 - Av. Deniz Can K\u0131z\u0131l\",\"isPartOf\":{\"@id\":\"https:\/\/denizcankizil.tr\/de\/#website\"},\"datePublished\":\"2025-07-02T08:41:19+00:00\",\"breadcrumb\":{\"@id\":\"http:\/\/denizcankizil.tr\/de\/haberler\/gundem\/orhan-okulu-kirkpinara-antalya-lezzetleriyle-ugurlandi\/#breadcrumb\"},\"inLanguage\":\"de\",\"potentialAction\":[{\"@type\":\"ReadAction\",\"target\":[\"http:\/\/denizcankizil.tr\/de\/haberler\/gundem\/orhan-okulu-kirkpinara-antalya-lezzetleriyle-ugurlandi\/\"]}]},{\"@type\":\"BreadcrumbList\",\"@id\":\"http:\/\/denizcankizil.tr\/de\/haberler\/gundem\/orhan-okulu-kirkpinara-antalya-lezzetleriyle-ugurlandi\/#breadcrumb\",\"itemListElement\":[{\"@type\":\"ListItem\",\"position\":1,\"name\":\"Home\",\"item\":\"https:\/\/denizcankizil.tr\/de\/\"},{\"@type\":\"ListItem\",\"position\":2,\"name\":\"Orhan Okulu, K\u0131rkp\u0131nar&#8217;a Antalya lezzetleriyle u\u011furland\u0131\"}]},{\"@type\":\"WebSite\",\"@id\":\"https:\/\/denizcankizil.tr\/de\/#website\",\"url\":\"https:\/\/denizcankizil.tr\/de\/\",\"name\":\"Av. Deniz Can K\u0131z\u0131l\",\"description\":\"Avukat Deniz Can K\u0131z\u0131l Antalya Barosu\",\"publisher\":{\"@id\":\"https:\/\/denizcankizil.tr\/de\/#organization\"},\"potentialAction\":[{\"@type\":\"SearchAction\",\"target\":{\"@type\":\"EntryPoint\",\"urlTemplate\":\"https:\/\/denizcankizil.tr\/de\/?s={search_term_string}\"},\"query-input\":{\"@type\":\"PropertyValueSpecification\",\"valueRequired\":true,\"valueName\":\"search_term_string\"}}],\"inLanguage\":\"de\"},{\"@type\":\"Organization\",\"@id\":\"https:\/\/denizcankizil.tr\/de\/#organization\",\"name\":\"Av. Deniz Can K\u0131z\u0131l\",\"url\":\"https:\/\/denizcankizil.tr\/de\/\",\"logo\":{\"@type\":\"ImageObject\",\"inLanguage\":\"de\",\"@id\":\"https:\/\/denizcankizil.tr\/de\/#\/schema\/logo\/image\/\",\"url\":\"http:\/\/denizcankizil.tr\/wp-content\/uploads\/2024\/10\/siyah-logo-svg.svg\",\"contentUrl\":\"http:\/\/denizcankizil.tr\/wp-content\/uploads\/2024\/10\/siyah-logo-svg.svg\",\"width\":1080,\"height\":1080,\"caption\":\"Av. Deniz Can K\u0131z\u0131l\"},\"image\":{\"@id\":\"https:\/\/denizcankizil.tr\/de\/#\/schema\/logo\/image\/\"}},{\"@type\":\"Person\",\"@id\":\"https:\/\/denizcankizil.tr\/de\/#\/schema\/person\/e1eb71bb4dd684d46563f0af307e1234\",\"name\":\"Antalya K\u00f6rfez\",\"image\":{\"@type\":\"ImageObject\",\"inLanguage\":\"de\",\"@id\":\"https:\/\/denizcankizil.tr\/de\/#\/schema\/person\/image\/\",\"url\":\"https:\/\/secure.gravatar.com\/avatar\/42b01982558a48a0b501fdcab6a408d3717ea5919095ee2e67b0e521799c5905?s=96&d=mm&r=g\",\"contentUrl\":\"https:\/\/secure.gravatar.com\/avatar\/42b01982558a48a0b501fdcab6a408d3717ea5919095ee2e67b0e521799c5905?s=96&d=mm&r=g\",\"caption\":\"Antalya K\u00f6rfez\"},\"sameAs\":[\"http:\/\/www.antalyakorfez.com\"],\"url\":\"https:\/\/www.antalyakorfez.com\/orhan-okulu-kirkpinara-antalya-lezzetleriyle-ugurlandi\"}]}<\/script>\n<!-- \/ Yoast SEO Premium plugin. -->","yoast_head_json":{"title":"Orhan Okulu, K\u0131rkp\u0131nar'a Antalya lezzetleriyle u\u011furland\u0131 - Av. Deniz Can K\u0131z\u0131l","robots":{"index":"index","follow":"follow","max-snippet":"max-snippet:-1","max-image-preview":"max-image-preview:large","max-video-preview":"max-video-preview:-1"},"canonical":"http:\/\/denizcankizil.tr\/de\/haberler\/gundem\/orhan-okulu-kirkpinara-antalya-lezzetleriyle-ugurlandi\/","og_locale":"de_DE","og_type":"article","og_title":"Orhan Okulu, K\u0131rkp\u0131nar'a Antalya lezzetleriyle u\u011furland\u0131","og_description":"664\u2019\u00fcnc\u00fc Tarihi K\u0131rkp\u0131nar Ya\u011fl\u0131 G\u00fcre\u015fleri \u00f6ncesi Ba\u015fpehlivan Orhan Okulu Antalya\u2019n\u0131n me\u015fhur lezzet \u00fc\u00e7l\u00fcs\u00fc \u015fi\u015f k\u00f6fte, piyaz ve tahinli kabak tatl\u0131s\u0131yla Edirne\u2019ye u\u011furland\u0131. ANTALYA LEZZETLER\u0130YLE U\u011eURLANDI Edirne\u2019de bu y\u0131l 664\u2019\u00fcnc\u00fcs\u00fc d\u00fczenlenecek Tarihi K\u0131rkp\u0131nar Ya\u011fl\u0131 G\u00fcre\u015fleri\u2019nde Muratpa\u015fa Belediyespor, 2015 ve 2018 y\u0131llar\u0131nda K\u0131rkp\u0131nar\u2019da alt\u0131n kemer kazanarak ad\u0131n\u0131 T\u00fcrk g\u00fcre\u015f tarihine yazd\u0131ran ba\u015fpehlivan Orhan Okulu\u2019nun liderli\u011finde Furkan Durmu\u015f Alt\u0131n ve K\u00fcr\u015fat \u015eevki Korkmaz ile m\u00fccadele edecek. K\u0131rkp\u0131nar \u00f6ncesi haz\u0131rl\u0131klar\u0131n\u0131 Elmal\u0131\u2019da, antren\u00f6r Kemal Y\u0131lmaz y\u00f6netiminde ger\u00e7ekle\u015ftiren ekip, Edirne yolculu\u011fu \u00f6ncesi Ba\u015fkan Uysal\u2019la, belediyenin Antalya Lokantas\u0131\u2019nda bir araya geldi. Antalya\u2019n\u0131n tescilli tatlar\u0131 e\u015fli\u011finde ger\u00e7ekle\u015fen yemekte Ba\u015fkan Uysal, sporculara ba\u015far\u0131lar diledi. &#8220;ALTIN KEMER\u0130 ANTALYA&#8217;YA GET\u0130RECE\u011e\u0130Z&#8221; Kul\u00fcp Ba\u015fkan\u0131 \u00d6zcan Y\u0131lmaz\u2019\u0131n da yer ald\u0131\u011f\u0131 yemekte Ba\u015fkan Uysal, Muratpa\u015fa\u2019n\u0131n ata sporu ya\u011fl\u0131 g\u00fcre\u015fe verdi\u011fi \u00f6nemi vurgulayarak, &#8220;K\u0131rkp\u0131nar\u2019da Orhan Okulu ba\u015fpehlivan\u0131m\u0131z\u0131n liderli\u011finde \u00e7ok iddial\u0131y\u0131z. Bu y\u0131l kadromuza kat\u0131lan K\u00fcr\u015fat \u015eevki Korkmaz ve Furkan Durmu\u015f Alt\u0131n&#8217;la birlikte g\u00fc\u00e7l\u00fc bir ekip kurduk. M\u00fccadele edecek t\u00fcm sporcular\u0131m\u0131za, hakemlerimize ve g\u00fcre\u015f camiam\u0131za ba\u015far\u0131lar diliyorum. Antalya\u2019m\u0131z\u0131 en iyi \u015fekilde temsil edece\u011fimize inanc\u0131m tam. Alt\u0131n kemeri yeniden Antalya\u2019ya getirece\u011fiz&#8221; dedi. Ba\u015fpehlivan Orhan Okulu ise desteklerinden dolay\u0131 Ba\u015fkan Uysal\u2019a te\u015fekk\u00fcr ederek, &#8220;Hedefimiz net, alt\u0131n kemeri Muratpa\u015fa\u2019ya, Antalya\u2019ya getirece\u011fiz&#8221; s\u00f6zleriyle iddias\u0131n\u0131 yineledi. \u200b664&#8217;\u00fcnc\u00fc Tarihi K\u0131rkp\u0131nar Ya\u011fl\u0131 G\u00fcre\u015fleri \u00f6ncesi Antalya&#8217;y\u0131 temsil edecek Ba\u015fpehlivan Orhan Okulu, Muratpa\u015fa Belediyespor ekibiyle Edirne&#8217;ye &hellip;","og_url":"http:\/\/denizcankizil.tr\/de\/haberler\/gundem\/orhan-okulu-kirkpinara-antalya-lezzetleriyle-ugurlandi\/","og_site_name":"Av. Deniz Can K\u0131z\u0131l","article_published_time":"2025-07-02T08:41:19+00:00","author":"Antalya K\u00f6rfez","twitter_card":"summary_large_image","twitter_misc":{"Verfasst von":"Antalya K\u00f6rfez","Gesch\u00e4tzte Lesezeit":"2\u00a0Minuten"},"schema":{"@context":"https:\/\/schema.org","@graph":[{"@type":"Article","@id":"http:\/\/denizcankizil.tr\/de\/haberler\/gundem\/orhan-okulu-kirkpinara-antalya-lezzetleriyle-ugurlandi\/#article","isPartOf":{"@id":"http:\/\/denizcankizil.tr\/de\/haberler\/gundem\/orhan-okulu-kirkpinara-antalya-lezzetleriyle-ugurlandi\/"},"author":{"name":"Antalya K\u00f6rfez","@id":"https:\/\/denizcankizil.tr\/de\/#\/schema\/person\/e1eb71bb4dd684d46563f0af307e1234"},"headline":"Orhan Okulu, K\u0131rkp\u0131nar&#8217;a Antalya lezzetleriyle u\u011furland\u0131","datePublished":"2025-07-02T08:41:19+00:00","mainEntityOfPage":{"@id":"http:\/\/denizcankizil.tr\/de\/haberler\/gundem\/orhan-okulu-kirkpinara-antalya-lezzetleriyle-ugurlandi\/"},"wordCount":379,"publisher":{"@id":"https:\/\/denizcankizil.tr\/de\/#organization"},"articleSection":["G\u00fcndem"],"inLanguage":"de"},{"@type":"WebPage","@id":"http:\/\/denizcankizil.tr\/de\/haberler\/gundem\/orhan-okulu-kirkpinara-antalya-lezzetleriyle-ugurlandi\/","url":"http:\/\/denizcankizil.tr\/de\/haberler\/gundem\/orhan-okulu-kirkpinara-antalya-lezzetleriyle-ugurlandi\/","name":"Orhan Okulu, K\u0131rkp\u0131nar'a Antalya lezzetleriyle u\u011furland\u0131 - Av. Deniz Can K\u0131z\u0131l","isPartOf":{"@id":"https:\/\/denizcankizil.tr\/de\/#website"},"datePublished":"2025-07-02T08:41:19+00:00","breadcrumb":{"@id":"http:\/\/denizcankizil.tr\/de\/haberler\/gundem\/orhan-okulu-kirkpinara-antalya-lezzetleriyle-ugurlandi\/#breadcrumb"},"inLanguage":"de","potentialAction":[{"@type":"ReadAction","target":["http:\/\/denizcankizil.tr\/de\/haberler\/gundem\/orhan-okulu-kirkpinara-antalya-lezzetleriyle-ugurlandi\/"]}]},{"@type":"BreadcrumbList","@id":"http:\/\/denizcankizil.tr\/de\/haberler\/gundem\/orhan-okulu-kirkpinara-antalya-lezzetleriyle-ugurlandi\/#breadcrumb","itemListElement":[{"@type":"ListItem","position":1,"name":"Home","item":"https:\/\/denizcankizil.tr\/de\/"},{"@type":"ListItem","position":2,"name":"Orhan Okulu, K\u0131rkp\u0131nar&#8217;a Antalya lezzetleriyle u\u011furland\u0131"}]},{"@type":"WebSite","@id":"https:\/\/denizcankizil.tr\/de\/#website","url":"https:\/\/denizcankizil.tr\/de\/","name":"Av. Deniz Can K\u0131z\u0131l","description":"Avukat Deniz Can K\u0131z\u0131l Antalya Barosu","publisher":{"@id":"https:\/\/denizcankizil.tr\/de\/#organization"},"potentialAction":[{"@type":"SearchAction","target":{"@type":"EntryPoint","urlTemplate":"https:\/\/denizcankizil.tr\/de\/?s={search_term_string}"},"query-input":{"@type":"PropertyValueSpecification","valueRequired":true,"valueName":"search_term_string"}}],"inLanguage":"de"},{"@type":"Organization","@id":"https:\/\/denizcankizil.tr\/de\/#organization","name":"Av. Deniz Can K\u0131z\u0131l","url":"https:\/\/denizcankizil.tr\/de\/","logo":{"@type":"ImageObject","inLanguage":"de","@id":"https:\/\/denizcankizil.tr\/de\/#\/schema\/logo\/image\/","url":"http:\/\/denizcankizil.tr\/wp-content\/uploads\/2024\/10\/siyah-logo-svg.svg","contentUrl":"http:\/\/denizcankizil.tr\/wp-content\/uploads\/2024\/10\/siyah-logo-svg.svg","width":1080,"height":1080,"caption":"Av. Deniz Can K\u0131z\u0131l"},"image":{"@id":"https:\/\/denizcankizil.tr\/de\/#\/schema\/logo\/image\/"}},{"@type":"Person","@id":"https:\/\/denizcankizil.tr\/de\/#\/schema\/person\/e1eb71bb4dd684d46563f0af307e1234","name":"Antalya K\u00f6rfez","image":{"@type":"ImageObject","inLanguage":"de","@id":"https:\/\/denizcankizil.tr\/de\/#\/schema\/person\/image\/","url":"https:\/\/secure.gravatar.com\/avatar\/42b01982558a48a0b501fdcab6a408d3717ea5919095ee2e67b0e521799c5905?s=96&d=mm&r=g","contentUrl":"https:\/\/secure.gravatar.com\/avatar\/42b01982558a48a0b501fdcab6a408d3717ea5919095ee2e67b0e521799c5905?s=96&d=mm&r=g","caption":"Antalya K\u00f6rfez"},"sameAs":["http:\/\/www.antalyakorfez.com"],"url":"https:\/\/www.antalyakorfez.com\/orhan-okulu-kirkpinara-antalya-lezzetleriyle-ugurlandi"}]}},"_links":{"self":[{"href":"http:\/\/denizcankizil.tr\/de\/wp-json\/wp\/v2\/posts\/133422","targetHints":{"allow":["GET"]}}],"collection":[{"href":"http:\/\/denizcankizil.tr\/de\/wp-json\/wp\/v2\/posts"}],"about":[{"href":"http:\/\/denizcankizil.tr\/de\/wp-json\/wp\/v2\/types\/post"}],"author":[{"embeddable":true,"href":"http:\/\/denizcankizil.tr\/de\/wp-json\/wp\/v2\/users\/5"}],"replies":[{"embeddable":true,"href":"http:\/\/denizcankizil.tr\/de\/wp-json\/wp\/v2\/comments?post=133422"}],"version-history":[{"count":0,"href":"http:\/\/denizcankizil.tr\/de\/wp-json\/wp\/v2\/posts\/133422\/revisions"}],"wp:attachment":[{"href":"http:\/\/denizcankizil.tr\/de\/wp-json\/wp\/v2\/media?parent=133422"}],"wp:term":[{"taxonomy":"category","embeddable":true,"href":"http:\/\/denizcankizil.tr\/de\/wp-json\/wp\/v2\/categories?post=133422"},{"taxonomy":"post_tag","embeddable":true,"href":"http:\/\/denizcankizil.tr\/de\/wp-json\/wp\/v2\/tags?post=133422"}],"curies":[{"name":"wp","href":"https:\/\/api.w.org\/{rel}","templated":true}]}}