{"id":132573,"date":"2025-07-01T16:41:38","date_gmt":"2025-07-01T13:41:38","guid":{"rendered":"https:\/\/denizcankizil.tr\/uncategorized-tr\/temmuz-zammi-kapida-akaryakit-sigara-ve-bedelli-askerlik-ucretleri-artis\/"},"modified":"2025-07-01T16:41:38","modified_gmt":"2025-07-01T13:41:38","slug":"temmuz-zammi-kapida-akaryakit-sigara-ve-bedelli-askerlik-ucretleri-artis","status":"publish","type":"post","link":"http:\/\/denizcankizil.tr\/de\/haberler\/gundem\/temmuz-zammi-kapida-akaryakit-sigara-ve-bedelli-askerlik-ucretleri-artis\/","title":{"rendered":"Temmuz zamm\u0131 kap\u0131da: Akaryak\u0131t, sigara ve bedelli askerlik \u00fccretleri art\u0131\u015f!"},"content":{"rendered":"<p>T\u00fcrkiye \u0130statistik Kurumu\u2019nun (T\u00dc\u0130K) bu hafta a\u00e7\u0131klayaca\u011f\u0131 haziran ay\u0131 enflasyon verileriyle birlikte bir\u00e7ok mal ve hizmet kaleminde fiyat art\u0131\u015f\u0131 ya\u015fanmas\u0131 bekleniyor. \u00d6zellikle yurti\u00e7i \u00fcretici fiyat endeksinin (Y\u0130-\u00dcFE) a\u00e7\u0131klanmas\u0131n\u0131n ard\u0131ndan, akaryak\u0131t, alkoll\u00fc i\u00e7ecekler ve sigara gibi \u00fcr\u00fcnlerde \u00d6zel T\u00fcketim Vergisi (\u00d6TV) art\u0131\u015f\u0131 otomatik olarak devreye girecek.<\/p>\n<p>3 TEMMUZ&#8217;DA \u00d6TV G\u00dcNCELLEMES\u0130 BA\u015eLIYOR<\/p>\n<p>Her y\u0131l ocak ve temmuz aylar\u0131nda uygulanan otomatik \u00d6TV g\u00fcncellemesi, bu y\u0131l 3 Temmuz&#8217;da y\u00fcr\u00fcrl\u00fc\u011fe girecek. Y\u0130-\u00dcFE\u2019nin y\u00fczde 1 artmas\u0131 durumunda akaryak\u0131ta 2,2 TL civar\u0131nda zam gelebilece\u011fi tahmin ediliyor. E\u011fer art\u0131\u015f y\u00fczde 2 seviyesinde ger\u00e7ekle\u015firse, fiyatlar\u0131n 2,5 TL\u2019ye kadar y\u00fckselebilece\u011fi belirtiliyor.<\/p>\n<p>\u00d6TV ARTI\u015eINA CUMHURBA\u015eKANI M\u00dcDAHALES\u0130 M\u00dcMK\u00dcN<\/p>\n<p>\u00d6TV art\u0131\u015flar\u0131 otomatik olarak uygulanacak olsa da, Cumhurba\u015fkan\u0131 karar\u0131yla bu zamlar\u0131n s\u0131n\u0131rland\u0131r\u0131lmas\u0131 da m\u00fcmk\u00fcn. Daha \u00f6nce ocak ay\u0131nda yap\u0131lmas\u0131 beklenen \u00d6TV art\u0131\u015f\u0131 Cumhurba\u015fkan\u0131 karar\u0131yla y\u00fczde 6 ile s\u0131n\u0131rland\u0131r\u0131lm\u0131\u015ft\u0131. Hazine ve Maliye Bakan\u0131 Mehmet \u015eim\u015fek\u2019in ge\u00e7ti\u011fimiz haftalarda yapt\u0131\u011f\u0131 a\u00e7\u0131klamada \u201ckamunun belirledi\u011fi fiyatlarda hedef enflasyonu g\u00f6zetece\u011fiz\u201d ifadelerini kullanmas\u0131, yeni bir m\u00fcdahale olas\u0131l\u0131\u011f\u0131n\u0131 g\u00fcndeme getirdi.<\/p>\n<p>1 TEMMUZ \u0130T\u0130BARIYLA BEDELL\u0130 ASKERL\u0130K \u00dcCRET\u0130 G\u00dcNCELLENECEK <\/p>\n<p>Temmuz ay\u0131nda yaln\u0131zca \u00d6TV de\u011fil, bedelli askerlik \u00fccreti gibi kalemlerde de art\u0131\u015f bekleniyor. Milli Savunma Bakanl\u0131\u011f\u0131, 1 Temmuz 2025 itibar\u0131yla bedelli askerlik \u00fccretinin, memur maa\u015f katsay\u0131s\u0131na ba\u011fl\u0131 olarak g\u00fcncellenece\u011fini duyurdu.<\/p>\n<p>Mevcut durumda 243 bin 13 TL olarak uygulanan bedelli askerlik \u00fccreti, yoklama ka\u00e7a\u011f\u0131 ve bakaya stat\u00fcs\u00fcndeki ki\u015filer i\u00e7in 3 bin 543 TL ek \u00f6deme ile birlikte tahsil ediliyor. Temmuz zamm\u0131 ile birlikte bu tutar\u0131n da artmas\u0131 bekleniyor.<\/p>\n<p>ELEKTR\u0130K VE DO\u011eALGAZA ZAM GELECEK M\u0130?<\/p>\n<p>\u00d6te yandan, elektrik ve do\u011falgaz gibi temel t\u00fcketim kalemlerine zam yap\u0131l\u0131p yap\u0131lmayaca\u011f\u0131 ise BOTA\u015e ve Enerji Piyasas\u0131 D\u00fczenleme Kurumu&#8217;nun (EPDK) kararlar\u0131yla netle\u015fecek.<\/p>\n<p>\u200bEnflasyon verileriyle birlikte Temmuz ay\u0131nda bir\u00e7ok \u00fcr\u00fcn ve hizmete zam geliyor. Akaryak\u0131ttan sigaraya, bedelli askerlik \u00fccretinden \u00d6TV oranlar\u0131na kadar bir\u00e7ok kalemde otomatik art\u0131\u015f bekleniyor. Vatanda\u015flar\u0131n temel harcamalar\u0131 yeniden g\u00fcndemde\u00a0<\/p>\n<p>\u200bHaberin Al\u0131nt\u0131land\u0131\u011f\u0131 Kaynak: www.antalyakorfez.com<\/p>","protected":false},"excerpt":{"rendered":"<p>T\u00fcrkiye \u0130statistik Kurumu\u2019nun (T\u00dc\u0130K) bu hafta a\u00e7\u0131klayaca\u011f\u0131 haziran ay\u0131 enflasyon verileriyle birlikte bir\u00e7ok mal ve hizmet kaleminde fiyat art\u0131\u015f\u0131 ya\u015fanmas\u0131 bekleniyor. \u00d6zellikle yurti\u00e7i \u00fcretici fiyat endeksinin (Y\u0130-\u00dcFE) a\u00e7\u0131klanmas\u0131n\u0131n ard\u0131ndan, akaryak\u0131t, alkoll\u00fc i\u00e7ecekler ve sigara gibi \u00fcr\u00fcnlerde \u00d6zel T\u00fcketim Vergisi (\u00d6TV) art\u0131\u015f\u0131 otomatik olarak devreye girecek. 3 TEMMUZ&#8217;DA \u00d6TV G\u00dcNCELLEMES\u0130 BA\u015eLIYOR Her y\u0131l ocak ve temmuz aylar\u0131nda uygulanan otomatik \u00d6TV g\u00fcncellemesi, bu y\u0131l 3 Temmuz&#8217;da y\u00fcr\u00fcrl\u00fc\u011fe girecek. Y\u0130-\u00dcFE\u2019nin y\u00fczde 1 artmas\u0131 durumunda akaryak\u0131ta 2,2 TL civar\u0131nda zam gelebilece\u011fi tahmin ediliyor. E\u011fer art\u0131\u015f y\u00fczde 2 seviyesinde ger\u00e7ekle\u015firse, fiyatlar\u0131n 2,5 TL\u2019ye kadar y\u00fckselebilece\u011fi belirtiliyor. \u00d6TV ARTI\u015eINA CUMHURBA\u015eKANI M\u00dcDAHALES\u0130 M\u00dcMK\u00dcN \u00d6TV art\u0131\u015flar\u0131 otomatik olarak uygulanacak olsa da, Cumhurba\u015fkan\u0131 karar\u0131yla bu zamlar\u0131n s\u0131n\u0131rland\u0131r\u0131lmas\u0131 da m\u00fcmk\u00fcn. Daha \u00f6nce ocak ay\u0131nda yap\u0131lmas\u0131 beklenen \u00d6TV art\u0131\u015f\u0131 Cumhurba\u015fkan\u0131 karar\u0131yla y\u00fczde 6 ile s\u0131n\u0131rland\u0131r\u0131lm\u0131\u015ft\u0131. Hazine ve Maliye Bakan\u0131 Mehmet \u015eim\u015fek\u2019in ge\u00e7ti\u011fimiz haftalarda yapt\u0131\u011f\u0131 a\u00e7\u0131klamada \u201ckamunun belirledi\u011fi fiyatlarda hedef enflasyonu g\u00f6zetece\u011fiz\u201d ifadelerini kullanmas\u0131, yeni bir m\u00fcdahale olas\u0131l\u0131\u011f\u0131n\u0131 g\u00fcndeme getirdi. 1 TEMMUZ \u0130T\u0130BARIYLA BEDELL\u0130 ASKERL\u0130K \u00dcCRET\u0130 G\u00dcNCELLENECEK Temmuz ay\u0131nda yaln\u0131zca \u00d6TV de\u011fil, bedelli askerlik \u00fccreti gibi kalemlerde de art\u0131\u015f bekleniyor. Milli Savunma Bakanl\u0131\u011f\u0131, 1 Temmuz 2025 itibar\u0131yla bedelli askerlik \u00fccretinin, memur maa\u015f katsay\u0131s\u0131na ba\u011fl\u0131 olarak g\u00fcncellenece\u011fini duyurdu. Mevcut durumda 243 bin 13 TL olarak uygulanan bedelli askerlik \u00fccreti, yoklama ka\u00e7a\u011f\u0131 ve bakaya &hellip;<\/p>","protected":false},"author":5,"featured_media":0,"comment_status":"","ping_status":"open","sticky":false,"template":"","format":"standard","meta":{"_acf_changed":false,"footnotes":""},"categories":[24],"tags":[],"class_list":["post-132573","post","type-post","status-publish","format-standard","has-post-thumbnail","hentry","category-gundem"],"acf":[],"yoast_head":"<!-- This site is optimized with the Yoast SEO Premium plugin v26.6 (Yoast SEO v27.1.1) - https:\/\/yoast.com\/product\/yoast-seo-premium-wordpress\/ -->\n<title>Temmuz zamm\u0131 kap\u0131da: Akaryak\u0131t, sigara ve bedelli askerlik \u00fccretleri art\u0131\u015f! - Av. Deniz Can K\u0131z\u0131l<\/title>\n<meta name=\"robots\" content=\"index, follow, max-snippet:-1, max-image-preview:large, max-video-preview:-1\" \/>\n<link rel=\"canonical\" href=\"http:\/\/denizcankizil.tr\/de\/haberler\/gundem\/temmuz-zammi-kapida-akaryakit-sigara-ve-bedelli-askerlik-ucretleri-artis\/\" \/>\n<meta property=\"og:locale\" content=\"de_DE\" \/>\n<meta property=\"og:type\" content=\"article\" \/>\n<meta property=\"og:title\" content=\"Temmuz zamm\u0131 kap\u0131da: Akaryak\u0131t, sigara ve bedelli askerlik \u00fccretleri art\u0131\u015f!\" \/>\n<meta property=\"og:description\" content=\"T\u00fcrkiye \u0130statistik Kurumu\u2019nun (T\u00dc\u0130K) bu hafta a\u00e7\u0131klayaca\u011f\u0131 haziran ay\u0131 enflasyon verileriyle birlikte bir\u00e7ok mal ve hizmet kaleminde fiyat art\u0131\u015f\u0131 ya\u015fanmas\u0131 bekleniyor. \u00d6zellikle yurti\u00e7i \u00fcretici fiyat endeksinin (Y\u0130-\u00dcFE) a\u00e7\u0131klanmas\u0131n\u0131n ard\u0131ndan, akaryak\u0131t, alkoll\u00fc i\u00e7ecekler ve sigara gibi \u00fcr\u00fcnlerde \u00d6zel T\u00fcketim Vergisi (\u00d6TV) art\u0131\u015f\u0131 otomatik olarak devreye girecek. 3 TEMMUZ&#8217;DA \u00d6TV G\u00dcNCELLEMES\u0130 BA\u015eLIYOR Her y\u0131l ocak ve temmuz aylar\u0131nda uygulanan otomatik \u00d6TV g\u00fcncellemesi, bu y\u0131l 3 Temmuz&#8217;da y\u00fcr\u00fcrl\u00fc\u011fe girecek. Y\u0130-\u00dcFE\u2019nin y\u00fczde 1 artmas\u0131 durumunda akaryak\u0131ta 2,2 TL civar\u0131nda zam gelebilece\u011fi tahmin ediliyor. E\u011fer art\u0131\u015f y\u00fczde 2 seviyesinde ger\u00e7ekle\u015firse, fiyatlar\u0131n 2,5 TL\u2019ye kadar y\u00fckselebilece\u011fi belirtiliyor. \u00d6TV ARTI\u015eINA CUMHURBA\u015eKANI M\u00dcDAHALES\u0130 M\u00dcMK\u00dcN \u00d6TV art\u0131\u015flar\u0131 otomatik olarak uygulanacak olsa da, Cumhurba\u015fkan\u0131 karar\u0131yla bu zamlar\u0131n s\u0131n\u0131rland\u0131r\u0131lmas\u0131 da m\u00fcmk\u00fcn. Daha \u00f6nce ocak ay\u0131nda yap\u0131lmas\u0131 beklenen \u00d6TV art\u0131\u015f\u0131 Cumhurba\u015fkan\u0131 karar\u0131yla y\u00fczde 6 ile s\u0131n\u0131rland\u0131r\u0131lm\u0131\u015ft\u0131. Hazine ve Maliye Bakan\u0131 Mehmet \u015eim\u015fek\u2019in ge\u00e7ti\u011fimiz haftalarda yapt\u0131\u011f\u0131 a\u00e7\u0131klamada \u201ckamunun belirledi\u011fi fiyatlarda hedef enflasyonu g\u00f6zetece\u011fiz\u201d ifadelerini kullanmas\u0131, yeni bir m\u00fcdahale olas\u0131l\u0131\u011f\u0131n\u0131 g\u00fcndeme getirdi. 1 TEMMUZ \u0130T\u0130BARIYLA BEDELL\u0130 ASKERL\u0130K \u00dcCRET\u0130 G\u00dcNCELLENECEK Temmuz ay\u0131nda yaln\u0131zca \u00d6TV de\u011fil, bedelli askerlik \u00fccreti gibi kalemlerde de art\u0131\u015f bekleniyor. Milli Savunma Bakanl\u0131\u011f\u0131, 1 Temmuz 2025 itibar\u0131yla bedelli askerlik \u00fccretinin, memur maa\u015f katsay\u0131s\u0131na ba\u011fl\u0131 olarak g\u00fcncellenece\u011fini duyurdu. Mevcut durumda 243 bin 13 TL olarak uygulanan bedelli askerlik \u00fccreti, yoklama ka\u00e7a\u011f\u0131 ve bakaya &hellip;\" \/>\n<meta property=\"og:url\" content=\"http:\/\/denizcankizil.tr\/de\/haberler\/gundem\/temmuz-zammi-kapida-akaryakit-sigara-ve-bedelli-askerlik-ucretleri-artis\/\" \/>\n<meta property=\"og:site_name\" content=\"Av. Deniz Can K\u0131z\u0131l\" \/>\n<meta property=\"article:published_time\" content=\"2025-07-01T13:41:38+00:00\" \/>\n<meta name=\"author\" content=\"Antalya K\u00f6rfez\" \/>\n<meta name=\"twitter:card\" content=\"summary_large_image\" \/>\n<meta name=\"twitter:label1\" content=\"Verfasst von\" \/>\n\t<meta name=\"twitter:data1\" content=\"Antalya K\u00f6rfez\" \/>\n\t<meta name=\"twitter:label2\" content=\"Gesch\u00e4tzte Lesezeit\" \/>\n\t<meta name=\"twitter:data2\" content=\"2\u00a0Minuten\" \/>\n<script type=\"application\/ld+json\" class=\"yoast-schema-graph\">{\"@context\":\"https:\/\/schema.org\",\"@graph\":[{\"@type\":\"Article\",\"@id\":\"http:\/\/denizcankizil.tr\/de\/haberler\/gundem\/temmuz-zammi-kapida-akaryakit-sigara-ve-bedelli-askerlik-ucretleri-artis\/#article\",\"isPartOf\":{\"@id\":\"http:\/\/denizcankizil.tr\/de\/haberler\/gundem\/temmuz-zammi-kapida-akaryakit-sigara-ve-bedelli-askerlik-ucretleri-artis\/\"},\"author\":{\"name\":\"Antalya K\u00f6rfez\",\"@id\":\"https:\/\/denizcankizil.tr\/de\/#\/schema\/person\/e1eb71bb4dd684d46563f0af307e1234\"},\"headline\":\"Temmuz zamm\u0131 kap\u0131da: Akaryak\u0131t, sigara ve bedelli askerlik \u00fccretleri art\u0131\u015f!\",\"datePublished\":\"2025-07-01T13:41:38+00:00\",\"mainEntityOfPage\":{\"@id\":\"http:\/\/denizcankizil.tr\/de\/haberler\/gundem\/temmuz-zammi-kapida-akaryakit-sigara-ve-bedelli-askerlik-ucretleri-artis\/\"},\"wordCount\":403,\"publisher\":{\"@id\":\"https:\/\/denizcankizil.tr\/de\/#organization\"},\"articleSection\":[\"G\u00fcndem\"],\"inLanguage\":\"de\"},{\"@type\":\"WebPage\",\"@id\":\"http:\/\/denizcankizil.tr\/de\/haberler\/gundem\/temmuz-zammi-kapida-akaryakit-sigara-ve-bedelli-askerlik-ucretleri-artis\/\",\"url\":\"http:\/\/denizcankizil.tr\/de\/haberler\/gundem\/temmuz-zammi-kapida-akaryakit-sigara-ve-bedelli-askerlik-ucretleri-artis\/\",\"name\":\"Temmuz zamm\u0131 kap\u0131da: Akaryak\u0131t, sigara ve bedelli askerlik \u00fccretleri art\u0131\u015f! - Av. Deniz Can K\u0131z\u0131l\",\"isPartOf\":{\"@id\":\"https:\/\/denizcankizil.tr\/de\/#website\"},\"datePublished\":\"2025-07-01T13:41:38+00:00\",\"breadcrumb\":{\"@id\":\"http:\/\/denizcankizil.tr\/de\/haberler\/gundem\/temmuz-zammi-kapida-akaryakit-sigara-ve-bedelli-askerlik-ucretleri-artis\/#breadcrumb\"},\"inLanguage\":\"de\",\"potentialAction\":[{\"@type\":\"ReadAction\",\"target\":[\"http:\/\/denizcankizil.tr\/de\/haberler\/gundem\/temmuz-zammi-kapida-akaryakit-sigara-ve-bedelli-askerlik-ucretleri-artis\/\"]}]},{\"@type\":\"BreadcrumbList\",\"@id\":\"http:\/\/denizcankizil.tr\/de\/haberler\/gundem\/temmuz-zammi-kapida-akaryakit-sigara-ve-bedelli-askerlik-ucretleri-artis\/#breadcrumb\",\"itemListElement\":[{\"@type\":\"ListItem\",\"position\":1,\"name\":\"Home\",\"item\":\"https:\/\/denizcankizil.tr\/de\/\"},{\"@type\":\"ListItem\",\"position\":2,\"name\":\"Temmuz zamm\u0131 kap\u0131da: Akaryak\u0131t, sigara ve bedelli askerlik \u00fccretleri art\u0131\u015f!\"}]},{\"@type\":\"WebSite\",\"@id\":\"https:\/\/denizcankizil.tr\/de\/#website\",\"url\":\"https:\/\/denizcankizil.tr\/de\/\",\"name\":\"Av. Deniz Can K\u0131z\u0131l\",\"description\":\"Avukat Deniz Can K\u0131z\u0131l Antalya Barosu\",\"publisher\":{\"@id\":\"https:\/\/denizcankizil.tr\/de\/#organization\"},\"potentialAction\":[{\"@type\":\"SearchAction\",\"target\":{\"@type\":\"EntryPoint\",\"urlTemplate\":\"https:\/\/denizcankizil.tr\/de\/?s={search_term_string}\"},\"query-input\":{\"@type\":\"PropertyValueSpecification\",\"valueRequired\":true,\"valueName\":\"search_term_string\"}}],\"inLanguage\":\"de\"},{\"@type\":\"Organization\",\"@id\":\"https:\/\/denizcankizil.tr\/de\/#organization\",\"name\":\"Av. Deniz Can K\u0131z\u0131l\",\"url\":\"https:\/\/denizcankizil.tr\/de\/\",\"logo\":{\"@type\":\"ImageObject\",\"inLanguage\":\"de\",\"@id\":\"https:\/\/denizcankizil.tr\/de\/#\/schema\/logo\/image\/\",\"url\":\"http:\/\/denizcankizil.tr\/wp-content\/uploads\/2024\/10\/siyah-logo-svg.svg\",\"contentUrl\":\"http:\/\/denizcankizil.tr\/wp-content\/uploads\/2024\/10\/siyah-logo-svg.svg\",\"width\":1080,\"height\":1080,\"caption\":\"Av. Deniz Can K\u0131z\u0131l\"},\"image\":{\"@id\":\"https:\/\/denizcankizil.tr\/de\/#\/schema\/logo\/image\/\"}},{\"@type\":\"Person\",\"@id\":\"https:\/\/denizcankizil.tr\/de\/#\/schema\/person\/e1eb71bb4dd684d46563f0af307e1234\",\"name\":\"Antalya K\u00f6rfez\",\"image\":{\"@type\":\"ImageObject\",\"inLanguage\":\"de\",\"@id\":\"https:\/\/denizcankizil.tr\/de\/#\/schema\/person\/image\/\",\"url\":\"https:\/\/secure.gravatar.com\/avatar\/42b01982558a48a0b501fdcab6a408d3717ea5919095ee2e67b0e521799c5905?s=96&d=mm&r=g\",\"contentUrl\":\"https:\/\/secure.gravatar.com\/avatar\/42b01982558a48a0b501fdcab6a408d3717ea5919095ee2e67b0e521799c5905?s=96&d=mm&r=g\",\"caption\":\"Antalya K\u00f6rfez\"},\"sameAs\":[\"http:\/\/www.antalyakorfez.com\"],\"url\":\"https:\/\/www.antalyakorfez.com\/temmuz-zammi-kapida-akaryakit-sigara-ve-bedelli-askerlik-ucretleri-artis\"}]}<\/script>\n<!-- \/ Yoast SEO Premium plugin. -->","yoast_head_json":{"title":"Temmuz zamm\u0131 kap\u0131da: Akaryak\u0131t, sigara ve bedelli askerlik \u00fccretleri art\u0131\u015f! - Av. Deniz Can K\u0131z\u0131l","robots":{"index":"index","follow":"follow","max-snippet":"max-snippet:-1","max-image-preview":"max-image-preview:large","max-video-preview":"max-video-preview:-1"},"canonical":"http:\/\/denizcankizil.tr\/de\/haberler\/gundem\/temmuz-zammi-kapida-akaryakit-sigara-ve-bedelli-askerlik-ucretleri-artis\/","og_locale":"de_DE","og_type":"article","og_title":"Temmuz zamm\u0131 kap\u0131da: Akaryak\u0131t, sigara ve bedelli askerlik \u00fccretleri art\u0131\u015f!","og_description":"T\u00fcrkiye \u0130statistik Kurumu\u2019nun (T\u00dc\u0130K) bu hafta a\u00e7\u0131klayaca\u011f\u0131 haziran ay\u0131 enflasyon verileriyle birlikte bir\u00e7ok mal ve hizmet kaleminde fiyat art\u0131\u015f\u0131 ya\u015fanmas\u0131 bekleniyor. \u00d6zellikle yurti\u00e7i \u00fcretici fiyat endeksinin (Y\u0130-\u00dcFE) a\u00e7\u0131klanmas\u0131n\u0131n ard\u0131ndan, akaryak\u0131t, alkoll\u00fc i\u00e7ecekler ve sigara gibi \u00fcr\u00fcnlerde \u00d6zel T\u00fcketim Vergisi (\u00d6TV) art\u0131\u015f\u0131 otomatik olarak devreye girecek. 3 TEMMUZ&#8217;DA \u00d6TV G\u00dcNCELLEMES\u0130 BA\u015eLIYOR Her y\u0131l ocak ve temmuz aylar\u0131nda uygulanan otomatik \u00d6TV g\u00fcncellemesi, bu y\u0131l 3 Temmuz&#8217;da y\u00fcr\u00fcrl\u00fc\u011fe girecek. Y\u0130-\u00dcFE\u2019nin y\u00fczde 1 artmas\u0131 durumunda akaryak\u0131ta 2,2 TL civar\u0131nda zam gelebilece\u011fi tahmin ediliyor. E\u011fer art\u0131\u015f y\u00fczde 2 seviyesinde ger\u00e7ekle\u015firse, fiyatlar\u0131n 2,5 TL\u2019ye kadar y\u00fckselebilece\u011fi belirtiliyor. \u00d6TV ARTI\u015eINA CUMHURBA\u015eKANI M\u00dcDAHALES\u0130 M\u00dcMK\u00dcN \u00d6TV art\u0131\u015flar\u0131 otomatik olarak uygulanacak olsa da, Cumhurba\u015fkan\u0131 karar\u0131yla bu zamlar\u0131n s\u0131n\u0131rland\u0131r\u0131lmas\u0131 da m\u00fcmk\u00fcn. Daha \u00f6nce ocak ay\u0131nda yap\u0131lmas\u0131 beklenen \u00d6TV art\u0131\u015f\u0131 Cumhurba\u015fkan\u0131 karar\u0131yla y\u00fczde 6 ile s\u0131n\u0131rland\u0131r\u0131lm\u0131\u015ft\u0131. Hazine ve Maliye Bakan\u0131 Mehmet \u015eim\u015fek\u2019in ge\u00e7ti\u011fimiz haftalarda yapt\u0131\u011f\u0131 a\u00e7\u0131klamada \u201ckamunun belirledi\u011fi fiyatlarda hedef enflasyonu g\u00f6zetece\u011fiz\u201d ifadelerini kullanmas\u0131, yeni bir m\u00fcdahale olas\u0131l\u0131\u011f\u0131n\u0131 g\u00fcndeme getirdi. 1 TEMMUZ \u0130T\u0130BARIYLA BEDELL\u0130 ASKERL\u0130K \u00dcCRET\u0130 G\u00dcNCELLENECEK Temmuz ay\u0131nda yaln\u0131zca \u00d6TV de\u011fil, bedelli askerlik \u00fccreti gibi kalemlerde de art\u0131\u015f bekleniyor. Milli Savunma Bakanl\u0131\u011f\u0131, 1 Temmuz 2025 itibar\u0131yla bedelli askerlik \u00fccretinin, memur maa\u015f katsay\u0131s\u0131na ba\u011fl\u0131 olarak g\u00fcncellenece\u011fini duyurdu. Mevcut durumda 243 bin 13 TL olarak uygulanan bedelli askerlik \u00fccreti, yoklama ka\u00e7a\u011f\u0131 ve bakaya &hellip;","og_url":"http:\/\/denizcankizil.tr\/de\/haberler\/gundem\/temmuz-zammi-kapida-akaryakit-sigara-ve-bedelli-askerlik-ucretleri-artis\/","og_site_name":"Av. Deniz Can K\u0131z\u0131l","article_published_time":"2025-07-01T13:41:38+00:00","author":"Antalya K\u00f6rfez","twitter_card":"summary_large_image","twitter_misc":{"Verfasst von":"Antalya K\u00f6rfez","Gesch\u00e4tzte Lesezeit":"2\u00a0Minuten"},"schema":{"@context":"https:\/\/schema.org","@graph":[{"@type":"Article","@id":"http:\/\/denizcankizil.tr\/de\/haberler\/gundem\/temmuz-zammi-kapida-akaryakit-sigara-ve-bedelli-askerlik-ucretleri-artis\/#article","isPartOf":{"@id":"http:\/\/denizcankizil.tr\/de\/haberler\/gundem\/temmuz-zammi-kapida-akaryakit-sigara-ve-bedelli-askerlik-ucretleri-artis\/"},"author":{"name":"Antalya K\u00f6rfez","@id":"https:\/\/denizcankizil.tr\/de\/#\/schema\/person\/e1eb71bb4dd684d46563f0af307e1234"},"headline":"Temmuz zamm\u0131 kap\u0131da: Akaryak\u0131t, sigara ve bedelli askerlik \u00fccretleri art\u0131\u015f!","datePublished":"2025-07-01T13:41:38+00:00","mainEntityOfPage":{"@id":"http:\/\/denizcankizil.tr\/de\/haberler\/gundem\/temmuz-zammi-kapida-akaryakit-sigara-ve-bedelli-askerlik-ucretleri-artis\/"},"wordCount":403,"publisher":{"@id":"https:\/\/denizcankizil.tr\/de\/#organization"},"articleSection":["G\u00fcndem"],"inLanguage":"de"},{"@type":"WebPage","@id":"http:\/\/denizcankizil.tr\/de\/haberler\/gundem\/temmuz-zammi-kapida-akaryakit-sigara-ve-bedelli-askerlik-ucretleri-artis\/","url":"http:\/\/denizcankizil.tr\/de\/haberler\/gundem\/temmuz-zammi-kapida-akaryakit-sigara-ve-bedelli-askerlik-ucretleri-artis\/","name":"Temmuz zamm\u0131 kap\u0131da: Akaryak\u0131t, sigara ve bedelli askerlik \u00fccretleri art\u0131\u015f! - Av. Deniz Can K\u0131z\u0131l","isPartOf":{"@id":"https:\/\/denizcankizil.tr\/de\/#website"},"datePublished":"2025-07-01T13:41:38+00:00","breadcrumb":{"@id":"http:\/\/denizcankizil.tr\/de\/haberler\/gundem\/temmuz-zammi-kapida-akaryakit-sigara-ve-bedelli-askerlik-ucretleri-artis\/#breadcrumb"},"inLanguage":"de","potentialAction":[{"@type":"ReadAction","target":["http:\/\/denizcankizil.tr\/de\/haberler\/gundem\/temmuz-zammi-kapida-akaryakit-sigara-ve-bedelli-askerlik-ucretleri-artis\/"]}]},{"@type":"BreadcrumbList","@id":"http:\/\/denizcankizil.tr\/de\/haberler\/gundem\/temmuz-zammi-kapida-akaryakit-sigara-ve-bedelli-askerlik-ucretleri-artis\/#breadcrumb","itemListElement":[{"@type":"ListItem","position":1,"name":"Home","item":"https:\/\/denizcankizil.tr\/de\/"},{"@type":"ListItem","position":2,"name":"Temmuz zamm\u0131 kap\u0131da: Akaryak\u0131t, sigara ve bedelli askerlik \u00fccretleri art\u0131\u015f!"}]},{"@type":"WebSite","@id":"https:\/\/denizcankizil.tr\/de\/#website","url":"https:\/\/denizcankizil.tr\/de\/","name":"Av. Deniz Can K\u0131z\u0131l","description":"Avukat Deniz Can K\u0131z\u0131l Antalya Barosu","publisher":{"@id":"https:\/\/denizcankizil.tr\/de\/#organization"},"potentialAction":[{"@type":"SearchAction","target":{"@type":"EntryPoint","urlTemplate":"https:\/\/denizcankizil.tr\/de\/?s={search_term_string}"},"query-input":{"@type":"PropertyValueSpecification","valueRequired":true,"valueName":"search_term_string"}}],"inLanguage":"de"},{"@type":"Organization","@id":"https:\/\/denizcankizil.tr\/de\/#organization","name":"Av. Deniz Can K\u0131z\u0131l","url":"https:\/\/denizcankizil.tr\/de\/","logo":{"@type":"ImageObject","inLanguage":"de","@id":"https:\/\/denizcankizil.tr\/de\/#\/schema\/logo\/image\/","url":"http:\/\/denizcankizil.tr\/wp-content\/uploads\/2024\/10\/siyah-logo-svg.svg","contentUrl":"http:\/\/denizcankizil.tr\/wp-content\/uploads\/2024\/10\/siyah-logo-svg.svg","width":1080,"height":1080,"caption":"Av. Deniz Can K\u0131z\u0131l"},"image":{"@id":"https:\/\/denizcankizil.tr\/de\/#\/schema\/logo\/image\/"}},{"@type":"Person","@id":"https:\/\/denizcankizil.tr\/de\/#\/schema\/person\/e1eb71bb4dd684d46563f0af307e1234","name":"Antalya K\u00f6rfez","image":{"@type":"ImageObject","inLanguage":"de","@id":"https:\/\/denizcankizil.tr\/de\/#\/schema\/person\/image\/","url":"https:\/\/secure.gravatar.com\/avatar\/42b01982558a48a0b501fdcab6a408d3717ea5919095ee2e67b0e521799c5905?s=96&d=mm&r=g","contentUrl":"https:\/\/secure.gravatar.com\/avatar\/42b01982558a48a0b501fdcab6a408d3717ea5919095ee2e67b0e521799c5905?s=96&d=mm&r=g","caption":"Antalya K\u00f6rfez"},"sameAs":["http:\/\/www.antalyakorfez.com"],"url":"https:\/\/www.antalyakorfez.com\/temmuz-zammi-kapida-akaryakit-sigara-ve-bedelli-askerlik-ucretleri-artis"}]}},"_links":{"self":[{"href":"http:\/\/denizcankizil.tr\/de\/wp-json\/wp\/v2\/posts\/132573","targetHints":{"allow":["GET"]}}],"collection":[{"href":"http:\/\/denizcankizil.tr\/de\/wp-json\/wp\/v2\/posts"}],"about":[{"href":"http:\/\/denizcankizil.tr\/de\/wp-json\/wp\/v2\/types\/post"}],"author":[{"embeddable":true,"href":"http:\/\/denizcankizil.tr\/de\/wp-json\/wp\/v2\/users\/5"}],"replies":[{"embeddable":true,"href":"http:\/\/denizcankizil.tr\/de\/wp-json\/wp\/v2\/comments?post=132573"}],"version-history":[{"count":0,"href":"http:\/\/denizcankizil.tr\/de\/wp-json\/wp\/v2\/posts\/132573\/revisions"}],"wp:attachment":[{"href":"http:\/\/denizcankizil.tr\/de\/wp-json\/wp\/v2\/media?parent=132573"}],"wp:term":[{"taxonomy":"category","embeddable":true,"href":"http:\/\/denizcankizil.tr\/de\/wp-json\/wp\/v2\/categories?post=132573"},{"taxonomy":"post_tag","embeddable":true,"href":"http:\/\/denizcankizil.tr\/de\/wp-json\/wp\/v2\/tags?post=132573"}],"curies":[{"name":"wp","href":"https:\/\/api.w.org\/{rel}","templated":true}]}}