{"id":132521,"date":"2025-07-01T14:43:02","date_gmt":"2025-07-01T11:43:02","guid":{"rendered":"https:\/\/denizcankizil.tr\/uncategorized-tr\/bursada-harita-teknikerinden-ozel-hastanelere-karsi-mucadele-110-bin-tl-iade-aldi\/"},"modified":"2025-07-01T14:43:02","modified_gmt":"2025-07-01T11:43:02","slug":"bursada-harita-teknikerinden-ozel-hastanelere-karsi-mucadele-110-bin-tl-iade-aldi","status":"publish","type":"post","link":"http:\/\/denizcankizil.tr\/de\/haberler\/gundem\/bursada-harita-teknikerinden-ozel-hastanelere-karsi-mucadele-110-bin-tl-iade-aldi\/","title":{"rendered":"Bursa\u2019da Harita Teknikeri&#8217;nden \u00f6zel hastanelere kar\u015f\u0131 m\u00fccadele: 110 bin TL iade ald\u0131"},"content":{"rendered":"<p>Bursa&#8217;n\u0131n Osmangazi il\u00e7esinde ya\u015fayan \u00dcnal K\u0131l\u0131\u00e7, \u00f6zel hastanelerin y\u00fcksek muayene \u00fccretlerine kar\u015f\u0131 verdi\u011fi m\u00fccadeleyle dikkat \u00e7ekti. Son 3 ayda 110 bin TL iade alan vatanda\u015f K\u0131l\u0131\u00e7, di\u011fer vatanda\u015flar\u0131 da haklar\u0131n\u0131 aramaya davet etti.BURSA (\u0130GFA) &#8211; Bursa\u2019n\u0131n Osmangazi il\u00e7esinde kamuda harita teknikeri olarak \u00e7al\u0131\u015fan \u00dcnal K\u0131l\u0131\u00e7, \u00f6zel hastanelerin fahi\u015f muayene \u00fccretlerine kar\u015f\u0131 y\u00fcr\u00fctt\u00fc\u011f\u00fc m\u00fccadeleyle \u00f6rnek oluyor.<br \/>\nY\u0131llard\u0131r \u00f6zel hastanelerden sa\u011fl\u0131k hizmeti alan K\u0131l\u0131\u00e7, fazla al\u0131nan \u00fccretlerin y\u00fczde 80\u2019ine kadar iade al\u0131nabilece\u011fini fark ederek, d\u00f6rt y\u0131l \u00f6nce bu konuda harekete ge\u00e7ti.<br \/>\nYasal s\u00fcreci tek ba\u015f\u0131na y\u00f6neten K\u0131l\u0131\u00e7, sistemdeki a\u00e7\u0131klar\u0131 tespit ederek vatanda\u015flar\u0131n ma\u011fduriyetini \u00f6nlemeyi hedefledi.<\/p>\n<p>\u00dcCRETS\u0130Z E\u011e\u0130T\u0130MLERLE FARKINDALIK YARATIYOR<br \/>\n\u00dcnal K\u0131l\u0131\u00e7, bilgisini payla\u015fmak i\u00e7in \u00fccretsiz e\u011fitimler d\u00fczenleyerek vatanda\u015flar\u0131 bilin\u00e7lendiriyor. Son 3 ayda \u00f6zel hastanelerden yakla\u015f\u0131k 110 bin TL iade ald\u0131\u011f\u0131n\u0131 belirten K\u0131l\u0131\u00e7, \u201cAmac\u0131m, herkesin hakk\u0131n\u0131 aramas\u0131n\u0131 sa\u011flamak. Sa\u011fl\u0131k Uygulama Tebli\u011fi ve \u00d6zel Hastaneler Y\u00f6netmeli\u011fi\u2019ni inceleyen herkes yasal haklar\u0131n\u0131 \u00f6\u011frenebilir\u201d dedi.<\/p>\n<p>\u201cHERKES HAKKINI ARAMALI\u201d<br \/>\nVatanda\u015flar\u0131n ma\u011fdur olmamas\u0131 i\u00e7in m\u00fccadelesini kararl\u0131l\u0131kla s\u00fcrd\u00fcren K\u0131l\u0131\u00e7, fark\u0131ndal\u0131\u011f\u0131 art\u0131rmak i\u00e7in \u00e7al\u0131\u015fmalar\u0131na devam edece\u011fini vurgulad\u0131.<br \/>\nK\u0131l\u0131\u00e7, \u201cHerkesi yasal haklar\u0131n\u0131 \u00f6\u011frenmeye ve talep etmeye davet ediyorum\u201d diyerek vatanda\u015flara \u00e7a\u011fr\u0131da bulundu.<\/p>\n<p>\u200bBursa&#8217;n\u0131n Osmangazi il\u00e7esinde ya\u015fayan \u00dcnal K\u0131l\u0131\u00e7, \u00f6zel hastanelerin y\u00fcksek muayene \u00fccretlerine kar\u015f\u0131 verdi\u011fi m\u00fccadeleyle dikkat \u00e7ekti. Son 3 ayda 110 bin TL iade alan vatanda\u015f K\u0131l\u0131\u00e7, di\u011fer vatanda\u015flar\u0131 da haklar\u0131n\u0131 aramaya davet etti.BURSA (\u0130GFA) &#8211; Bursa\u2019n\u0131n Osmangazi il\u00e7esinde kamuda harita teknikeri olarak \u00e7al\u0131\u015fan \u00dcnal K\u0131l\u0131\u00e7, \u00f6zel hastanelerin fahi\u015f muayene \u00fccretlerine kar\u015f\u0131 y\u00fcr\u00fctt\u00fc\u011f\u00fc m\u00fccadeleyle \u00f6rnek oluyor.<br \/>\nY\u0131llard\u0131r \u00f6zel hastanelerden sa\u011fl\u0131k hizmeti alan K\u0131l\u0131\u00e7, fazla al\u0131nan \u00fccretlerin y\u00fczde 80\u2019ine kadar iade al\u0131nabilece\u011fini fark ederek, d\u00f6rt y\u0131l \u00f6nce bu konuda harekete ge\u00e7ti.<br \/>\nYasal s\u00fcreci tek ba\u015f\u0131na y\u00f6neten K\u0131l\u0131\u00e7, sistemdeki a\u00e7\u0131klar\u0131 tespit ederek vatanda\u015flar\u0131n ma\u011fduriyetini \u00f6nlemeyi hedefledi.<\/p>\n<p>\u00dcCRETS\u0130Z E\u011e\u0130T\u0130MLERLE FARKINDALIK YARATIYOR<br \/>\n\u00dcnal K\u0131l\u0131\u00e7, bilgisini payla\u015fmak i\u00e7in \u00fccretsiz e\u011fitimler d\u00fczenleyerek vatanda\u015flar\u0131 bilin\u00e7lendiriyor. Son 3 ayda \u00f6zel hastanelerden yakla\u015f\u0131k 110 bin TL iade ald\u0131\u011f\u0131n\u0131 belirten K\u0131l\u0131\u00e7, \u201cAmac\u0131m, herkesin hakk\u0131n\u0131 aramas\u0131n\u0131 sa\u011flamak. Sa\u011fl\u0131k Uygulama Tebli\u011fi ve \u00d6zel Hastaneler Y\u00f6netmeli\u011fi\u2019ni inceleyen herkes yasal haklar\u0131n\u0131 \u00f6\u011frenebilir\u201d dedi.<\/p>\n<p>\u201cHERKES HAKKINI ARAMALI\u201d<br \/>\nVatanda\u015flar\u0131n ma\u011fdur olmamas\u0131 i\u00e7in m\u00fccadelesini kararl\u0131l\u0131kla s\u00fcrd\u00fcren K\u0131l\u0131\u00e7, fark\u0131ndal\u0131\u011f\u0131 art\u0131rmak i\u00e7in \u00e7al\u0131\u015fmalar\u0131na devam edece\u011fini vurgulad\u0131.<br \/>\nK\u0131l\u0131\u00e7, \u201cHerkesi yasal haklar\u0131n\u0131 \u00f6\u011frenmeye ve talep etmeye davet ediyorum\u201d diyerek vatanda\u015flara \u00e7a\u011fr\u0131da bulundu.\u00a0<\/p>\n<p>\u200bHaberin Al\u0131nt\u0131land\u0131\u011f\u0131 Kaynak: www.iskenderun.org<\/p>","protected":false},"excerpt":{"rendered":"<p>Bursa&#8217;n\u0131n Osmangazi il\u00e7esinde ya\u015fayan \u00dcnal K\u0131l\u0131\u00e7, \u00f6zel hastanelerin y\u00fcksek muayene \u00fccretlerine kar\u015f\u0131 verdi\u011fi m\u00fccadeleyle dikkat \u00e7ekti. Son 3 ayda 110 bin TL iade alan vatanda\u015f K\u0131l\u0131\u00e7, di\u011fer vatanda\u015flar\u0131 da haklar\u0131n\u0131 aramaya davet etti.BURSA (\u0130GFA) &#8211; Bursa\u2019n\u0131n Osmangazi il\u00e7esinde kamuda harita teknikeri olarak \u00e7al\u0131\u015fan \u00dcnal K\u0131l\u0131\u00e7, \u00f6zel hastanelerin fahi\u015f muayene \u00fccretlerine kar\u015f\u0131 y\u00fcr\u00fctt\u00fc\u011f\u00fc m\u00fccadeleyle \u00f6rnek oluyor. Y\u0131llard\u0131r \u00f6zel hastanelerden sa\u011fl\u0131k hizmeti alan K\u0131l\u0131\u00e7, fazla al\u0131nan \u00fccretlerin y\u00fczde 80\u2019ine kadar iade al\u0131nabilece\u011fini fark ederek, d\u00f6rt y\u0131l \u00f6nce bu konuda harekete ge\u00e7ti. Yasal s\u00fcreci tek ba\u015f\u0131na y\u00f6neten K\u0131l\u0131\u00e7, sistemdeki a\u00e7\u0131klar\u0131 tespit ederek vatanda\u015flar\u0131n ma\u011fduriyetini \u00f6nlemeyi hedefledi. \u00dcCRETS\u0130Z E\u011e\u0130T\u0130MLERLE FARKINDALIK YARATIYOR \u00dcnal K\u0131l\u0131\u00e7, bilgisini payla\u015fmak i\u00e7in \u00fccretsiz e\u011fitimler d\u00fczenleyerek vatanda\u015flar\u0131 bilin\u00e7lendiriyor. Son 3 ayda \u00f6zel hastanelerden yakla\u015f\u0131k 110 bin TL iade ald\u0131\u011f\u0131n\u0131 belirten K\u0131l\u0131\u00e7, \u201cAmac\u0131m, herkesin hakk\u0131n\u0131 aramas\u0131n\u0131 sa\u011flamak. Sa\u011fl\u0131k Uygulama Tebli\u011fi ve \u00d6zel Hastaneler Y\u00f6netmeli\u011fi\u2019ni inceleyen herkes yasal haklar\u0131n\u0131 \u00f6\u011frenebilir\u201d dedi. \u201cHERKES HAKKINI ARAMALI\u201d Vatanda\u015flar\u0131n ma\u011fdur olmamas\u0131 i\u00e7in m\u00fccadelesini kararl\u0131l\u0131kla s\u00fcrd\u00fcren K\u0131l\u0131\u00e7, fark\u0131ndal\u0131\u011f\u0131 art\u0131rmak i\u00e7in \u00e7al\u0131\u015fmalar\u0131na devam edece\u011fini vurgulad\u0131. K\u0131l\u0131\u00e7, \u201cHerkesi yasal haklar\u0131n\u0131 \u00f6\u011frenmeye ve talep etmeye davet ediyorum\u201d diyerek vatanda\u015flara \u00e7a\u011fr\u0131da bulundu. \u200bBursa&#8217;n\u0131n Osmangazi il\u00e7esinde ya\u015fayan \u00dcnal K\u0131l\u0131\u00e7, \u00f6zel hastanelerin y\u00fcksek muayene \u00fccretlerine kar\u015f\u0131 verdi\u011fi m\u00fccadeleyle dikkat \u00e7ekti. Son 3 ayda 110 bin TL iade alan vatanda\u015f K\u0131l\u0131\u00e7, di\u011fer vatanda\u015flar\u0131 da haklar\u0131n\u0131 &hellip;<\/p>","protected":false},"author":1,"featured_media":0,"comment_status":"","ping_status":"open","sticky":false,"template":"","format":"standard","meta":{"_acf_changed":false,"footnotes":""},"categories":[24],"tags":[],"class_list":["post-132521","post","type-post","status-publish","format-standard","has-post-thumbnail","hentry","category-gundem"],"acf":[],"yoast_head":"<!-- This site is optimized with the Yoast SEO Premium plugin v26.6 (Yoast SEO v27.1.1) - https:\/\/yoast.com\/product\/yoast-seo-premium-wordpress\/ -->\n<title>Bursa\u2019da Harita Teknikeri&#039;nden \u00f6zel hastanelere kar\u015f\u0131 m\u00fccadele: 110 bin TL iade ald\u0131 - Av. Deniz Can K\u0131z\u0131l<\/title>\n<meta name=\"robots\" content=\"index, follow, max-snippet:-1, max-image-preview:large, max-video-preview:-1\" \/>\n<link rel=\"canonical\" href=\"http:\/\/denizcankizil.tr\/de\/haberler\/gundem\/bursada-harita-teknikerinden-ozel-hastanelere-karsi-mucadele-110-bin-tl-iade-aldi\/\" \/>\n<meta property=\"og:locale\" content=\"de_DE\" \/>\n<meta property=\"og:type\" content=\"article\" \/>\n<meta property=\"og:title\" content=\"Bursa\u2019da Harita Teknikeri&#039;nden \u00f6zel hastanelere kar\u015f\u0131 m\u00fccadele: 110 bin TL iade ald\u0131\" \/>\n<meta property=\"og:description\" content=\"Bursa&#8217;n\u0131n Osmangazi il\u00e7esinde ya\u015fayan \u00dcnal K\u0131l\u0131\u00e7, \u00f6zel hastanelerin y\u00fcksek muayene \u00fccretlerine kar\u015f\u0131 verdi\u011fi m\u00fccadeleyle dikkat \u00e7ekti. Son 3 ayda 110 bin TL iade alan vatanda\u015f K\u0131l\u0131\u00e7, di\u011fer vatanda\u015flar\u0131 da haklar\u0131n\u0131 aramaya davet etti.BURSA (\u0130GFA) &#8211; Bursa\u2019n\u0131n Osmangazi il\u00e7esinde kamuda harita teknikeri olarak \u00e7al\u0131\u015fan \u00dcnal K\u0131l\u0131\u00e7, \u00f6zel hastanelerin fahi\u015f muayene \u00fccretlerine kar\u015f\u0131 y\u00fcr\u00fctt\u00fc\u011f\u00fc m\u00fccadeleyle \u00f6rnek oluyor. Y\u0131llard\u0131r \u00f6zel hastanelerden sa\u011fl\u0131k hizmeti alan K\u0131l\u0131\u00e7, fazla al\u0131nan \u00fccretlerin y\u00fczde 80\u2019ine kadar iade al\u0131nabilece\u011fini fark ederek, d\u00f6rt y\u0131l \u00f6nce bu konuda harekete ge\u00e7ti. Yasal s\u00fcreci tek ba\u015f\u0131na y\u00f6neten K\u0131l\u0131\u00e7, sistemdeki a\u00e7\u0131klar\u0131 tespit ederek vatanda\u015flar\u0131n ma\u011fduriyetini \u00f6nlemeyi hedefledi. \u00dcCRETS\u0130Z E\u011e\u0130T\u0130MLERLE FARKINDALIK YARATIYOR \u00dcnal K\u0131l\u0131\u00e7, bilgisini payla\u015fmak i\u00e7in \u00fccretsiz e\u011fitimler d\u00fczenleyerek vatanda\u015flar\u0131 bilin\u00e7lendiriyor. Son 3 ayda \u00f6zel hastanelerden yakla\u015f\u0131k 110 bin TL iade ald\u0131\u011f\u0131n\u0131 belirten K\u0131l\u0131\u00e7, \u201cAmac\u0131m, herkesin hakk\u0131n\u0131 aramas\u0131n\u0131 sa\u011flamak. Sa\u011fl\u0131k Uygulama Tebli\u011fi ve \u00d6zel Hastaneler Y\u00f6netmeli\u011fi\u2019ni inceleyen herkes yasal haklar\u0131n\u0131 \u00f6\u011frenebilir\u201d dedi. \u201cHERKES HAKKINI ARAMALI\u201d Vatanda\u015flar\u0131n ma\u011fdur olmamas\u0131 i\u00e7in m\u00fccadelesini kararl\u0131l\u0131kla s\u00fcrd\u00fcren K\u0131l\u0131\u00e7, fark\u0131ndal\u0131\u011f\u0131 art\u0131rmak i\u00e7in \u00e7al\u0131\u015fmalar\u0131na devam edece\u011fini vurgulad\u0131. K\u0131l\u0131\u00e7, \u201cHerkesi yasal haklar\u0131n\u0131 \u00f6\u011frenmeye ve talep etmeye davet ediyorum\u201d diyerek vatanda\u015flara \u00e7a\u011fr\u0131da bulundu. \u200bBursa&#8217;n\u0131n Osmangazi il\u00e7esinde ya\u015fayan \u00dcnal K\u0131l\u0131\u00e7, \u00f6zel hastanelerin y\u00fcksek muayene \u00fccretlerine kar\u015f\u0131 verdi\u011fi m\u00fccadeleyle dikkat \u00e7ekti. Son 3 ayda 110 bin TL iade alan vatanda\u015f K\u0131l\u0131\u00e7, di\u011fer vatanda\u015flar\u0131 da haklar\u0131n\u0131 &hellip;\" \/>\n<meta property=\"og:url\" content=\"http:\/\/denizcankizil.tr\/de\/haberler\/gundem\/bursada-harita-teknikerinden-ozel-hastanelere-karsi-mucadele-110-bin-tl-iade-aldi\/\" \/>\n<meta property=\"og:site_name\" content=\"Av. Deniz Can K\u0131z\u0131l\" \/>\n<meta property=\"article:published_time\" content=\"2025-07-01T11:43:02+00:00\" \/>\n<meta name=\"author\" content=\"admin\" \/>\n<meta name=\"twitter:card\" content=\"summary_large_image\" \/>\n<meta name=\"twitter:label1\" content=\"Verfasst von\" \/>\n\t<meta name=\"twitter:data1\" content=\"admin\" \/>\n\t<meta name=\"twitter:label2\" content=\"Gesch\u00e4tzte Lesezeit\" \/>\n\t<meta name=\"twitter:data2\" content=\"3\u00a0Minuten\" \/>\n<script type=\"application\/ld+json\" class=\"yoast-schema-graph\">{\"@context\":\"https:\/\/schema.org\",\"@graph\":[{\"@type\":\"Article\",\"@id\":\"http:\/\/denizcankizil.tr\/de\/haberler\/gundem\/bursada-harita-teknikerinden-ozel-hastanelere-karsi-mucadele-110-bin-tl-iade-aldi\/#article\",\"isPartOf\":{\"@id\":\"http:\/\/denizcankizil.tr\/de\/haberler\/gundem\/bursada-harita-teknikerinden-ozel-hastanelere-karsi-mucadele-110-bin-tl-iade-aldi\/\"},\"author\":{\"name\":\"admin\",\"@id\":\"https:\/\/denizcankizil.tr\/de\/#\/schema\/person\/be3c05fe6a12686905512445d8185489\"},\"headline\":\"Bursa\u2019da Harita Teknikeri&#8217;nden \u00f6zel hastanelere kar\u015f\u0131 m\u00fccadele: 110 bin TL iade ald\u0131\",\"datePublished\":\"2025-07-01T11:43:02+00:00\",\"mainEntityOfPage\":{\"@id\":\"http:\/\/denizcankizil.tr\/de\/haberler\/gundem\/bursada-harita-teknikerinden-ozel-hastanelere-karsi-mucadele-110-bin-tl-iade-aldi\/\"},\"wordCount\":526,\"publisher\":{\"@id\":\"https:\/\/denizcankizil.tr\/de\/#organization\"},\"articleSection\":[\"G\u00fcndem\"],\"inLanguage\":\"de\"},{\"@type\":\"WebPage\",\"@id\":\"http:\/\/denizcankizil.tr\/de\/haberler\/gundem\/bursada-harita-teknikerinden-ozel-hastanelere-karsi-mucadele-110-bin-tl-iade-aldi\/\",\"url\":\"http:\/\/denizcankizil.tr\/de\/haberler\/gundem\/bursada-harita-teknikerinden-ozel-hastanelere-karsi-mucadele-110-bin-tl-iade-aldi\/\",\"name\":\"Bursa\u2019da Harita Teknikeri'nden \u00f6zel hastanelere kar\u015f\u0131 m\u00fccadele: 110 bin TL iade ald\u0131 - Av. Deniz Can K\u0131z\u0131l\",\"isPartOf\":{\"@id\":\"https:\/\/denizcankizil.tr\/de\/#website\"},\"datePublished\":\"2025-07-01T11:43:02+00:00\",\"breadcrumb\":{\"@id\":\"http:\/\/denizcankizil.tr\/de\/haberler\/gundem\/bursada-harita-teknikerinden-ozel-hastanelere-karsi-mucadele-110-bin-tl-iade-aldi\/#breadcrumb\"},\"inLanguage\":\"de\",\"potentialAction\":[{\"@type\":\"ReadAction\",\"target\":[\"http:\/\/denizcankizil.tr\/de\/haberler\/gundem\/bursada-harita-teknikerinden-ozel-hastanelere-karsi-mucadele-110-bin-tl-iade-aldi\/\"]}]},{\"@type\":\"BreadcrumbList\",\"@id\":\"http:\/\/denizcankizil.tr\/de\/haberler\/gundem\/bursada-harita-teknikerinden-ozel-hastanelere-karsi-mucadele-110-bin-tl-iade-aldi\/#breadcrumb\",\"itemListElement\":[{\"@type\":\"ListItem\",\"position\":1,\"name\":\"Home\",\"item\":\"https:\/\/denizcankizil.tr\/de\/\"},{\"@type\":\"ListItem\",\"position\":2,\"name\":\"Bursa\u2019da Harita Teknikeri&#8217;nden \u00f6zel hastanelere kar\u015f\u0131 m\u00fccadele: 110 bin TL iade ald\u0131\"}]},{\"@type\":\"WebSite\",\"@id\":\"https:\/\/denizcankizil.tr\/de\/#website\",\"url\":\"https:\/\/denizcankizil.tr\/de\/\",\"name\":\"Av. Deniz Can K\u0131z\u0131l\",\"description\":\"Avukat Deniz Can K\u0131z\u0131l Antalya Barosu\",\"publisher\":{\"@id\":\"https:\/\/denizcankizil.tr\/de\/#organization\"},\"potentialAction\":[{\"@type\":\"SearchAction\",\"target\":{\"@type\":\"EntryPoint\",\"urlTemplate\":\"https:\/\/denizcankizil.tr\/de\/?s={search_term_string}\"},\"query-input\":{\"@type\":\"PropertyValueSpecification\",\"valueRequired\":true,\"valueName\":\"search_term_string\"}}],\"inLanguage\":\"de\"},{\"@type\":\"Organization\",\"@id\":\"https:\/\/denizcankizil.tr\/de\/#organization\",\"name\":\"Av. Deniz Can K\u0131z\u0131l\",\"url\":\"https:\/\/denizcankizil.tr\/de\/\",\"logo\":{\"@type\":\"ImageObject\",\"inLanguage\":\"de\",\"@id\":\"https:\/\/denizcankizil.tr\/de\/#\/schema\/logo\/image\/\",\"url\":\"http:\/\/denizcankizil.tr\/wp-content\/uploads\/2024\/10\/siyah-logo-svg.svg\",\"contentUrl\":\"http:\/\/denizcankizil.tr\/wp-content\/uploads\/2024\/10\/siyah-logo-svg.svg\",\"width\":1080,\"height\":1080,\"caption\":\"Av. Deniz Can K\u0131z\u0131l\"},\"image\":{\"@id\":\"https:\/\/denizcankizil.tr\/de\/#\/schema\/logo\/image\/\"}},{\"@type\":\"Person\",\"@id\":\"https:\/\/denizcankizil.tr\/de\/#\/schema\/person\/be3c05fe6a12686905512445d8185489\",\"name\":\"admin\",\"image\":{\"@type\":\"ImageObject\",\"inLanguage\":\"de\",\"@id\":\"https:\/\/denizcankizil.tr\/de\/#\/schema\/person\/image\/\",\"url\":\"https:\/\/secure.gravatar.com\/avatar\/c1fce94c830dc79107e174f890d7210541c4a63e8e5d816341794a2151c9d58c?s=96&d=mm&r=g\",\"contentUrl\":\"https:\/\/secure.gravatar.com\/avatar\/c1fce94c830dc79107e174f890d7210541c4a63e8e5d816341794a2151c9d58c?s=96&d=mm&r=g\",\"caption\":\"admin\"},\"sameAs\":[\"http:\/\/denizcankizil.tr\"],\"url\":\"https:\/\/www.iskenderun.org\/bursada-harita-teknikerinden-ozel-hastanelere-karsi-mucadele-110-bin-tl-iade-aldi\"}]}<\/script>\n<!-- \/ Yoast SEO Premium plugin. -->","yoast_head_json":{"title":"Bursa\u2019da Harita Teknikeri'nden \u00f6zel hastanelere kar\u015f\u0131 m\u00fccadele: 110 bin TL iade ald\u0131 - Av. Deniz Can K\u0131z\u0131l","robots":{"index":"index","follow":"follow","max-snippet":"max-snippet:-1","max-image-preview":"max-image-preview:large","max-video-preview":"max-video-preview:-1"},"canonical":"http:\/\/denizcankizil.tr\/de\/haberler\/gundem\/bursada-harita-teknikerinden-ozel-hastanelere-karsi-mucadele-110-bin-tl-iade-aldi\/","og_locale":"de_DE","og_type":"article","og_title":"Bursa\u2019da Harita Teknikeri'nden \u00f6zel hastanelere kar\u015f\u0131 m\u00fccadele: 110 bin TL iade ald\u0131","og_description":"Bursa&#8217;n\u0131n Osmangazi il\u00e7esinde ya\u015fayan \u00dcnal K\u0131l\u0131\u00e7, \u00f6zel hastanelerin y\u00fcksek muayene \u00fccretlerine kar\u015f\u0131 verdi\u011fi m\u00fccadeleyle dikkat \u00e7ekti. Son 3 ayda 110 bin TL iade alan vatanda\u015f K\u0131l\u0131\u00e7, di\u011fer vatanda\u015flar\u0131 da haklar\u0131n\u0131 aramaya davet etti.BURSA (\u0130GFA) &#8211; Bursa\u2019n\u0131n Osmangazi il\u00e7esinde kamuda harita teknikeri olarak \u00e7al\u0131\u015fan \u00dcnal K\u0131l\u0131\u00e7, \u00f6zel hastanelerin fahi\u015f muayene \u00fccretlerine kar\u015f\u0131 y\u00fcr\u00fctt\u00fc\u011f\u00fc m\u00fccadeleyle \u00f6rnek oluyor. Y\u0131llard\u0131r \u00f6zel hastanelerden sa\u011fl\u0131k hizmeti alan K\u0131l\u0131\u00e7, fazla al\u0131nan \u00fccretlerin y\u00fczde 80\u2019ine kadar iade al\u0131nabilece\u011fini fark ederek, d\u00f6rt y\u0131l \u00f6nce bu konuda harekete ge\u00e7ti. Yasal s\u00fcreci tek ba\u015f\u0131na y\u00f6neten K\u0131l\u0131\u00e7, sistemdeki a\u00e7\u0131klar\u0131 tespit ederek vatanda\u015flar\u0131n ma\u011fduriyetini \u00f6nlemeyi hedefledi. \u00dcCRETS\u0130Z E\u011e\u0130T\u0130MLERLE FARKINDALIK YARATIYOR \u00dcnal K\u0131l\u0131\u00e7, bilgisini payla\u015fmak i\u00e7in \u00fccretsiz e\u011fitimler d\u00fczenleyerek vatanda\u015flar\u0131 bilin\u00e7lendiriyor. Son 3 ayda \u00f6zel hastanelerden yakla\u015f\u0131k 110 bin TL iade ald\u0131\u011f\u0131n\u0131 belirten K\u0131l\u0131\u00e7, \u201cAmac\u0131m, herkesin hakk\u0131n\u0131 aramas\u0131n\u0131 sa\u011flamak. Sa\u011fl\u0131k Uygulama Tebli\u011fi ve \u00d6zel Hastaneler Y\u00f6netmeli\u011fi\u2019ni inceleyen herkes yasal haklar\u0131n\u0131 \u00f6\u011frenebilir\u201d dedi. \u201cHERKES HAKKINI ARAMALI\u201d Vatanda\u015flar\u0131n ma\u011fdur olmamas\u0131 i\u00e7in m\u00fccadelesini kararl\u0131l\u0131kla s\u00fcrd\u00fcren K\u0131l\u0131\u00e7, fark\u0131ndal\u0131\u011f\u0131 art\u0131rmak i\u00e7in \u00e7al\u0131\u015fmalar\u0131na devam edece\u011fini vurgulad\u0131. K\u0131l\u0131\u00e7, \u201cHerkesi yasal haklar\u0131n\u0131 \u00f6\u011frenmeye ve talep etmeye davet ediyorum\u201d diyerek vatanda\u015flara \u00e7a\u011fr\u0131da bulundu. \u200bBursa&#8217;n\u0131n Osmangazi il\u00e7esinde ya\u015fayan \u00dcnal K\u0131l\u0131\u00e7, \u00f6zel hastanelerin y\u00fcksek muayene \u00fccretlerine kar\u015f\u0131 verdi\u011fi m\u00fccadeleyle dikkat \u00e7ekti. Son 3 ayda 110 bin TL iade alan vatanda\u015f K\u0131l\u0131\u00e7, di\u011fer vatanda\u015flar\u0131 da haklar\u0131n\u0131 &hellip;","og_url":"http:\/\/denizcankizil.tr\/de\/haberler\/gundem\/bursada-harita-teknikerinden-ozel-hastanelere-karsi-mucadele-110-bin-tl-iade-aldi\/","og_site_name":"Av. Deniz Can K\u0131z\u0131l","article_published_time":"2025-07-01T11:43:02+00:00","author":"admin","twitter_card":"summary_large_image","twitter_misc":{"Verfasst von":"admin","Gesch\u00e4tzte Lesezeit":"3\u00a0Minuten"},"schema":{"@context":"https:\/\/schema.org","@graph":[{"@type":"Article","@id":"http:\/\/denizcankizil.tr\/de\/haberler\/gundem\/bursada-harita-teknikerinden-ozel-hastanelere-karsi-mucadele-110-bin-tl-iade-aldi\/#article","isPartOf":{"@id":"http:\/\/denizcankizil.tr\/de\/haberler\/gundem\/bursada-harita-teknikerinden-ozel-hastanelere-karsi-mucadele-110-bin-tl-iade-aldi\/"},"author":{"name":"admin","@id":"https:\/\/denizcankizil.tr\/de\/#\/schema\/person\/be3c05fe6a12686905512445d8185489"},"headline":"Bursa\u2019da Harita Teknikeri&#8217;nden \u00f6zel hastanelere kar\u015f\u0131 m\u00fccadele: 110 bin TL iade ald\u0131","datePublished":"2025-07-01T11:43:02+00:00","mainEntityOfPage":{"@id":"http:\/\/denizcankizil.tr\/de\/haberler\/gundem\/bursada-harita-teknikerinden-ozel-hastanelere-karsi-mucadele-110-bin-tl-iade-aldi\/"},"wordCount":526,"publisher":{"@id":"https:\/\/denizcankizil.tr\/de\/#organization"},"articleSection":["G\u00fcndem"],"inLanguage":"de"},{"@type":"WebPage","@id":"http:\/\/denizcankizil.tr\/de\/haberler\/gundem\/bursada-harita-teknikerinden-ozel-hastanelere-karsi-mucadele-110-bin-tl-iade-aldi\/","url":"http:\/\/denizcankizil.tr\/de\/haberler\/gundem\/bursada-harita-teknikerinden-ozel-hastanelere-karsi-mucadele-110-bin-tl-iade-aldi\/","name":"Bursa\u2019da Harita Teknikeri'nden \u00f6zel hastanelere kar\u015f\u0131 m\u00fccadele: 110 bin TL iade ald\u0131 - Av. Deniz Can K\u0131z\u0131l","isPartOf":{"@id":"https:\/\/denizcankizil.tr\/de\/#website"},"datePublished":"2025-07-01T11:43:02+00:00","breadcrumb":{"@id":"http:\/\/denizcankizil.tr\/de\/haberler\/gundem\/bursada-harita-teknikerinden-ozel-hastanelere-karsi-mucadele-110-bin-tl-iade-aldi\/#breadcrumb"},"inLanguage":"de","potentialAction":[{"@type":"ReadAction","target":["http:\/\/denizcankizil.tr\/de\/haberler\/gundem\/bursada-harita-teknikerinden-ozel-hastanelere-karsi-mucadele-110-bin-tl-iade-aldi\/"]}]},{"@type":"BreadcrumbList","@id":"http:\/\/denizcankizil.tr\/de\/haberler\/gundem\/bursada-harita-teknikerinden-ozel-hastanelere-karsi-mucadele-110-bin-tl-iade-aldi\/#breadcrumb","itemListElement":[{"@type":"ListItem","position":1,"name":"Home","item":"https:\/\/denizcankizil.tr\/de\/"},{"@type":"ListItem","position":2,"name":"Bursa\u2019da Harita Teknikeri&#8217;nden \u00f6zel hastanelere kar\u015f\u0131 m\u00fccadele: 110 bin TL iade ald\u0131"}]},{"@type":"WebSite","@id":"https:\/\/denizcankizil.tr\/de\/#website","url":"https:\/\/denizcankizil.tr\/de\/","name":"Av. Deniz Can K\u0131z\u0131l","description":"Avukat Deniz Can K\u0131z\u0131l Antalya Barosu","publisher":{"@id":"https:\/\/denizcankizil.tr\/de\/#organization"},"potentialAction":[{"@type":"SearchAction","target":{"@type":"EntryPoint","urlTemplate":"https:\/\/denizcankizil.tr\/de\/?s={search_term_string}"},"query-input":{"@type":"PropertyValueSpecification","valueRequired":true,"valueName":"search_term_string"}}],"inLanguage":"de"},{"@type":"Organization","@id":"https:\/\/denizcankizil.tr\/de\/#organization","name":"Av. Deniz Can K\u0131z\u0131l","url":"https:\/\/denizcankizil.tr\/de\/","logo":{"@type":"ImageObject","inLanguage":"de","@id":"https:\/\/denizcankizil.tr\/de\/#\/schema\/logo\/image\/","url":"http:\/\/denizcankizil.tr\/wp-content\/uploads\/2024\/10\/siyah-logo-svg.svg","contentUrl":"http:\/\/denizcankizil.tr\/wp-content\/uploads\/2024\/10\/siyah-logo-svg.svg","width":1080,"height":1080,"caption":"Av. Deniz Can K\u0131z\u0131l"},"image":{"@id":"https:\/\/denizcankizil.tr\/de\/#\/schema\/logo\/image\/"}},{"@type":"Person","@id":"https:\/\/denizcankizil.tr\/de\/#\/schema\/person\/be3c05fe6a12686905512445d8185489","name":"Administrator","image":{"@type":"ImageObject","inLanguage":"de","@id":"https:\/\/denizcankizil.tr\/de\/#\/schema\/person\/image\/","url":"https:\/\/secure.gravatar.com\/avatar\/c1fce94c830dc79107e174f890d7210541c4a63e8e5d816341794a2151c9d58c?s=96&d=mm&r=g","contentUrl":"https:\/\/secure.gravatar.com\/avatar\/c1fce94c830dc79107e174f890d7210541c4a63e8e5d816341794a2151c9d58c?s=96&d=mm&r=g","caption":"admin"},"sameAs":["http:\/\/denizcankizil.tr"],"url":"https:\/\/www.iskenderun.org\/bursada-harita-teknikerinden-ozel-hastanelere-karsi-mucadele-110-bin-tl-iade-aldi"}]}},"_links":{"self":[{"href":"http:\/\/denizcankizil.tr\/de\/wp-json\/wp\/v2\/posts\/132521","targetHints":{"allow":["GET"]}}],"collection":[{"href":"http:\/\/denizcankizil.tr\/de\/wp-json\/wp\/v2\/posts"}],"about":[{"href":"http:\/\/denizcankizil.tr\/de\/wp-json\/wp\/v2\/types\/post"}],"author":[{"embeddable":true,"href":"http:\/\/denizcankizil.tr\/de\/wp-json\/wp\/v2\/users\/1"}],"replies":[{"embeddable":true,"href":"http:\/\/denizcankizil.tr\/de\/wp-json\/wp\/v2\/comments?post=132521"}],"version-history":[{"count":0,"href":"http:\/\/denizcankizil.tr\/de\/wp-json\/wp\/v2\/posts\/132521\/revisions"}],"wp:attachment":[{"href":"http:\/\/denizcankizil.tr\/de\/wp-json\/wp\/v2\/media?parent=132521"}],"wp:term":[{"taxonomy":"category","embeddable":true,"href":"http:\/\/denizcankizil.tr\/de\/wp-json\/wp\/v2\/categories?post=132521"},{"taxonomy":"post_tag","embeddable":true,"href":"http:\/\/denizcankizil.tr\/de\/wp-json\/wp\/v2\/tags?post=132521"}],"curies":[{"name":"wp","href":"https:\/\/api.w.org\/{rel}","templated":true}]}}