{"id":13100,"date":"2024-11-05T21:41:23","date_gmt":"2024-11-05T18:41:23","guid":{"rendered":"https:\/\/denizcankizil.tr\/uncategorized-tr\/didimde-agac-budama-calismalari-suruyor\/"},"modified":"2024-11-05T21:41:23","modified_gmt":"2024-11-05T18:41:23","slug":"didimde-agac-budama-calismalari-suruyor","status":"publish","type":"post","link":"http:\/\/denizcankizil.tr\/de\/haberler\/gundem\/didimde-agac-budama-calismalari-suruyor\/","title":{"rendered":"Didim\u2019de A\u011fa\u00e7 Budama \u00c7al\u0131\u015fmalar\u0131 S\u00fcr\u00fcyor"},"content":{"rendered":"<p>K\u0131\u015f aylar\u0131n\u0131n yakla\u015fmas\u0131 ile kent genelinde hummal\u0131 bir \u00e7al\u0131\u015fma i\u00e7erisine giren Didim Belediyesi, il\u00e7ede bulunan a\u011fa\u00e7lar\u0131n budamas\u0131n\u0131 ger\u00e7ekle\u015ftirdi.\u00a0<\/p>\n<p>\u200bK\u0131\u015f aylar\u0131n\u0131n yakla\u015fmas\u0131 ile kent genelinde hummal\u0131 bir \u00e7al\u0131\u015fma i\u00e7erisine giren Didim Belediyesi, il\u00e7ede bulunan a\u011fa\u00e7lar\u0131n budamas\u0131n\u0131 ger\u00e7ekle\u015ftirdi.\u00a0\u00a0<\/p>\n<p>\u200bHaberin Al\u0131nt\u0131land\u0131\u011f\u0131 Kaynak: www.iskenderun.org<\/p>","protected":false},"excerpt":{"rendered":"<p>K\u0131\u015f aylar\u0131n\u0131n yakla\u015fmas\u0131 ile kent genelinde hummal\u0131 bir \u00e7al\u0131\u015fma i\u00e7erisine giren Didim Belediyesi, il\u00e7ede bulunan a\u011fa\u00e7lar\u0131n budamas\u0131n\u0131 ger\u00e7ekle\u015ftirdi.\u00a0 \u200bK\u0131\u015f aylar\u0131n\u0131n yakla\u015fmas\u0131 ile kent genelinde hummal\u0131 bir \u00e7al\u0131\u015fma i\u00e7erisine giren Didim Belediyesi, il\u00e7ede bulunan a\u011fa\u00e7lar\u0131n budamas\u0131n\u0131 ger\u00e7ekle\u015ftirdi.\u00a0\u00a0 \u200bHaberin Al\u0131nt\u0131land\u0131\u011f\u0131 Kaynak: www.iskenderun.org<\/p>","protected":false},"author":0,"featured_media":0,"comment_status":"open","ping_status":"open","sticky":false,"template":"","format":"standard","meta":{"_acf_changed":false,"footnotes":""},"categories":[24,535],"tags":[],"class_list":["post-13100","post","type-post","status-publish","format-standard","has-post-thumbnail","hentry","category-gundem","category-uncategorized-tr"],"acf":[],"yoast_head":"<!-- This site is optimized with the Yoast SEO Premium plugin v26.6 (Yoast SEO v27.1.1) - https:\/\/yoast.com\/product\/yoast-seo-premium-wordpress\/ -->\n<title>Didim\u2019de A\u011fa\u00e7 Budama \u00c7al\u0131\u015fmalar\u0131 S\u00fcr\u00fcyor - Av. Deniz Can K\u0131z\u0131l<\/title>\n<meta name=\"robots\" content=\"index, follow, max-snippet:-1, max-image-preview:large, max-video-preview:-1\" \/>\n<link rel=\"canonical\" href=\"https:\/\/denizcankizil.tr\/de\/haberler\/gundem\/didimde-agac-budama-calismalari-suruyor\/\" \/>\n<meta property=\"og:locale\" content=\"de_DE\" \/>\n<meta property=\"og:type\" content=\"article\" \/>\n<meta property=\"og:title\" content=\"Didim\u2019de A\u011fa\u00e7 Budama \u00c7al\u0131\u015fmalar\u0131 S\u00fcr\u00fcyor\" \/>\n<meta property=\"og:description\" content=\"K\u0131\u015f aylar\u0131n\u0131n yakla\u015fmas\u0131 ile kent genelinde hummal\u0131 bir \u00e7al\u0131\u015fma i\u00e7erisine giren Didim Belediyesi, il\u00e7ede bulunan a\u011fa\u00e7lar\u0131n budamas\u0131n\u0131 ger\u00e7ekle\u015ftirdi.\u00a0 \u200bK\u0131\u015f aylar\u0131n\u0131n yakla\u015fmas\u0131 ile kent genelinde hummal\u0131 bir \u00e7al\u0131\u015fma i\u00e7erisine giren Didim Belediyesi, il\u00e7ede bulunan a\u011fa\u00e7lar\u0131n budamas\u0131n\u0131 ger\u00e7ekle\u015ftirdi.\u00a0\u00a0 \u200bHaberin Al\u0131nt\u0131land\u0131\u011f\u0131 Kaynak: www.iskenderun.org\" \/>\n<meta property=\"og:url\" content=\"https:\/\/denizcankizil.tr\/de\/haberler\/gundem\/didimde-agac-budama-calismalari-suruyor\/\" \/>\n<meta property=\"og:site_name\" content=\"Av. Deniz Can K\u0131z\u0131l\" \/>\n<meta property=\"article:published_time\" content=\"2024-11-05T18:41:23+00:00\" \/>\n<meta name=\"twitter:card\" content=\"summary_large_image\" \/>\n<script type=\"application\/ld+json\" class=\"yoast-schema-graph\">{\"@context\":\"https:\/\/schema.org\",\"@graph\":[{\"@type\":\"Article\",\"@id\":\"https:\/\/denizcankizil.tr\/en\/haberler\/gundem\/didimde-agac-budama-calismalari-suruyor\/#article\",\"isPartOf\":{\"@id\":\"https:\/\/denizcankizil.tr\/en\/haberler\/gundem\/didimde-agac-budama-calismalari-suruyor\/\"},\"author\":{\"name\":\"\",\"@id\":\"\"},\"headline\":\"Didim\u2019de A\u011fa\u00e7 Budama \u00c7al\u0131\u015fmalar\u0131 S\u00fcr\u00fcyor\",\"datePublished\":\"2024-11-05T18:41:23+00:00\",\"mainEntityOfPage\":{\"@id\":\"https:\/\/denizcankizil.tr\/en\/haberler\/gundem\/didimde-agac-budama-calismalari-suruyor\/\"},\"wordCount\":78,\"commentCount\":0,\"publisher\":{\"@id\":\"https:\/\/denizcankizil.tr\/#organization\"},\"articleSection\":[\"G\u00fcndem\",\"Uncategorized\"],\"inLanguage\":\"de\",\"potentialAction\":[{\"@type\":\"CommentAction\",\"name\":\"Comment\",\"target\":[\"https:\/\/denizcankizil.tr\/en\/haberler\/gundem\/didimde-agac-budama-calismalari-suruyor\/#respond\"]}]},{\"@type\":\"WebPage\",\"@id\":\"https:\/\/denizcankizil.tr\/en\/haberler\/gundem\/didimde-agac-budama-calismalari-suruyor\/\",\"url\":\"https:\/\/denizcankizil.tr\/en\/haberler\/gundem\/didimde-agac-budama-calismalari-suruyor\/\",\"name\":\"Didim\u2019de A\u011fa\u00e7 Budama \u00c7al\u0131\u015fmalar\u0131 S\u00fcr\u00fcyor - Av. Deniz Can K\u0131z\u0131l\",\"isPartOf\":{\"@id\":\"https:\/\/denizcankizil.tr\/#website\"},\"datePublished\":\"2024-11-05T18:41:23+00:00\",\"breadcrumb\":{\"@id\":\"https:\/\/denizcankizil.tr\/en\/haberler\/gundem\/didimde-agac-budama-calismalari-suruyor\/#breadcrumb\"},\"inLanguage\":\"de\",\"potentialAction\":[{\"@type\":\"ReadAction\",\"target\":[\"https:\/\/denizcankizil.tr\/en\/haberler\/gundem\/didimde-agac-budama-calismalari-suruyor\/\"]}]},{\"@type\":\"BreadcrumbList\",\"@id\":\"https:\/\/denizcankizil.tr\/en\/haberler\/gundem\/didimde-agac-budama-calismalari-suruyor\/#breadcrumb\",\"itemListElement\":[{\"@type\":\"ListItem\",\"position\":1,\"name\":\"Home\",\"item\":\"https:\/\/denizcankizil.tr\/de\/\"},{\"@type\":\"ListItem\",\"position\":2,\"name\":\"Didim\u2019de A\u011fa\u00e7 Budama \u00c7al\u0131\u015fmalar\u0131 S\u00fcr\u00fcyor\"}]},{\"@type\":\"WebSite\",\"@id\":\"https:\/\/denizcankizil.tr\/#website\",\"url\":\"https:\/\/denizcankizil.tr\/\",\"name\":\"Av. Deniz Can K\u0131z\u0131l\",\"description\":\"Avukat Deniz Can K\u0131z\u0131l Antalya Barosu\",\"publisher\":{\"@id\":\"https:\/\/denizcankizil.tr\/#organization\"},\"potentialAction\":[{\"@type\":\"SearchAction\",\"target\":{\"@type\":\"EntryPoint\",\"urlTemplate\":\"https:\/\/denizcankizil.tr\/?s={search_term_string}\"},\"query-input\":{\"@type\":\"PropertyValueSpecification\",\"valueRequired\":true,\"valueName\":\"search_term_string\"}}],\"inLanguage\":\"de\"},{\"@type\":\"Organization\",\"@id\":\"https:\/\/denizcankizil.tr\/#organization\",\"name\":\"Av. Deniz Can K\u0131z\u0131l\",\"url\":\"https:\/\/denizcankizil.tr\/\",\"logo\":{\"@type\":\"ImageObject\",\"inLanguage\":\"de\",\"@id\":\"https:\/\/denizcankizil.tr\/#\/schema\/logo\/image\/\",\"url\":\"http:\/\/denizcankizil.tr\/wp-content\/uploads\/2024\/10\/siyah-logo-svg.svg\",\"contentUrl\":\"http:\/\/denizcankizil.tr\/wp-content\/uploads\/2024\/10\/siyah-logo-svg.svg\",\"width\":1080,\"height\":1080,\"caption\":\"Av. Deniz Can K\u0131z\u0131l\"},\"image\":{\"@id\":\"https:\/\/denizcankizil.tr\/#\/schema\/logo\/image\/\"}}]}<\/script>\n<!-- \/ Yoast SEO Premium plugin. -->","yoast_head_json":{"title":"Didim\u2019de A\u011fa\u00e7 Budama \u00c7al\u0131\u015fmalar\u0131 S\u00fcr\u00fcyor - Av. Deniz Can K\u0131z\u0131l","robots":{"index":"index","follow":"follow","max-snippet":"max-snippet:-1","max-image-preview":"max-image-preview:large","max-video-preview":"max-video-preview:-1"},"canonical":"https:\/\/denizcankizil.tr\/de\/haberler\/gundem\/didimde-agac-budama-calismalari-suruyor\/","og_locale":"de_DE","og_type":"article","og_title":"Didim\u2019de A\u011fa\u00e7 Budama \u00c7al\u0131\u015fmalar\u0131 S\u00fcr\u00fcyor","og_description":"K\u0131\u015f aylar\u0131n\u0131n yakla\u015fmas\u0131 ile kent genelinde hummal\u0131 bir \u00e7al\u0131\u015fma i\u00e7erisine giren Didim Belediyesi, il\u00e7ede bulunan a\u011fa\u00e7lar\u0131n budamas\u0131n\u0131 ger\u00e7ekle\u015ftirdi.\u00a0 \u200bK\u0131\u015f aylar\u0131n\u0131n yakla\u015fmas\u0131 ile kent genelinde hummal\u0131 bir \u00e7al\u0131\u015fma i\u00e7erisine giren Didim Belediyesi, il\u00e7ede bulunan a\u011fa\u00e7lar\u0131n budamas\u0131n\u0131 ger\u00e7ekle\u015ftirdi.\u00a0\u00a0 \u200bHaberin Al\u0131nt\u0131land\u0131\u011f\u0131 Kaynak: www.iskenderun.org","og_url":"https:\/\/denizcankizil.tr\/de\/haberler\/gundem\/didimde-agac-budama-calismalari-suruyor\/","og_site_name":"Av. Deniz Can K\u0131z\u0131l","article_published_time":"2024-11-05T18:41:23+00:00","twitter_card":"summary_large_image","schema":{"@context":"https:\/\/schema.org","@graph":[{"@type":"Article","@id":"https:\/\/denizcankizil.tr\/en\/haberler\/gundem\/didimde-agac-budama-calismalari-suruyor\/#article","isPartOf":{"@id":"https:\/\/denizcankizil.tr\/en\/haberler\/gundem\/didimde-agac-budama-calismalari-suruyor\/"},"author":{"name":"","@id":""},"headline":"Didim\u2019de A\u011fa\u00e7 Budama \u00c7al\u0131\u015fmalar\u0131 S\u00fcr\u00fcyor","datePublished":"2024-11-05T18:41:23+00:00","mainEntityOfPage":{"@id":"https:\/\/denizcankizil.tr\/en\/haberler\/gundem\/didimde-agac-budama-calismalari-suruyor\/"},"wordCount":78,"commentCount":0,"publisher":{"@id":"https:\/\/denizcankizil.tr\/#organization"},"articleSection":["G\u00fcndem","Uncategorized"],"inLanguage":"de","potentialAction":[{"@type":"CommentAction","name":"Comment","target":["https:\/\/denizcankizil.tr\/en\/haberler\/gundem\/didimde-agac-budama-calismalari-suruyor\/#respond"]}]},{"@type":"WebPage","@id":"https:\/\/denizcankizil.tr\/en\/haberler\/gundem\/didimde-agac-budama-calismalari-suruyor\/","url":"https:\/\/denizcankizil.tr\/en\/haberler\/gundem\/didimde-agac-budama-calismalari-suruyor\/","name":"Didim\u2019de A\u011fa\u00e7 Budama \u00c7al\u0131\u015fmalar\u0131 S\u00fcr\u00fcyor - Av. Deniz Can K\u0131z\u0131l","isPartOf":{"@id":"https:\/\/denizcankizil.tr\/#website"},"datePublished":"2024-11-05T18:41:23+00:00","breadcrumb":{"@id":"https:\/\/denizcankizil.tr\/en\/haberler\/gundem\/didimde-agac-budama-calismalari-suruyor\/#breadcrumb"},"inLanguage":"de","potentialAction":[{"@type":"ReadAction","target":["https:\/\/denizcankizil.tr\/en\/haberler\/gundem\/didimde-agac-budama-calismalari-suruyor\/"]}]},{"@type":"BreadcrumbList","@id":"https:\/\/denizcankizil.tr\/en\/haberler\/gundem\/didimde-agac-budama-calismalari-suruyor\/#breadcrumb","itemListElement":[{"@type":"ListItem","position":1,"name":"Home","item":"https:\/\/denizcankizil.tr\/de\/"},{"@type":"ListItem","position":2,"name":"Didim\u2019de A\u011fa\u00e7 Budama \u00c7al\u0131\u015fmalar\u0131 S\u00fcr\u00fcyor"}]},{"@type":"WebSite","@id":"https:\/\/denizcankizil.tr\/#website","url":"https:\/\/denizcankizil.tr\/","name":"Av. Deniz Can K\u0131z\u0131l","description":"Avukat Deniz Can K\u0131z\u0131l Antalya Barosu","publisher":{"@id":"https:\/\/denizcankizil.tr\/#organization"},"potentialAction":[{"@type":"SearchAction","target":{"@type":"EntryPoint","urlTemplate":"https:\/\/denizcankizil.tr\/?s={search_term_string}"},"query-input":{"@type":"PropertyValueSpecification","valueRequired":true,"valueName":"search_term_string"}}],"inLanguage":"de"},{"@type":"Organization","@id":"https:\/\/denizcankizil.tr\/#organization","name":"Av. Deniz Can K\u0131z\u0131l","url":"https:\/\/denizcankizil.tr\/","logo":{"@type":"ImageObject","inLanguage":"de","@id":"https:\/\/denizcankizil.tr\/#\/schema\/logo\/image\/","url":"http:\/\/denizcankizil.tr\/wp-content\/uploads\/2024\/10\/siyah-logo-svg.svg","contentUrl":"http:\/\/denizcankizil.tr\/wp-content\/uploads\/2024\/10\/siyah-logo-svg.svg","width":1080,"height":1080,"caption":"Av. Deniz Can K\u0131z\u0131l"},"image":{"@id":"https:\/\/denizcankizil.tr\/#\/schema\/logo\/image\/"}}]}},"_links":{"self":[{"href":"http:\/\/denizcankizil.tr\/de\/wp-json\/wp\/v2\/posts\/13100","targetHints":{"allow":["GET"]}}],"collection":[{"href":"http:\/\/denizcankizil.tr\/de\/wp-json\/wp\/v2\/posts"}],"about":[{"href":"http:\/\/denizcankizil.tr\/de\/wp-json\/wp\/v2\/types\/post"}],"replies":[{"embeddable":true,"href":"http:\/\/denizcankizil.tr\/de\/wp-json\/wp\/v2\/comments?post=13100"}],"version-history":[{"count":0,"href":"http:\/\/denizcankizil.tr\/de\/wp-json\/wp\/v2\/posts\/13100\/revisions"}],"wp:attachment":[{"href":"http:\/\/denizcankizil.tr\/de\/wp-json\/wp\/v2\/media?parent=13100"}],"wp:term":[{"taxonomy":"category","embeddable":true,"href":"http:\/\/denizcankizil.tr\/de\/wp-json\/wp\/v2\/categories?post=13100"},{"taxonomy":"post_tag","embeddable":true,"href":"http:\/\/denizcankizil.tr\/de\/wp-json\/wp\/v2\/tags?post=13100"}],"curies":[{"name":"wp","href":"https:\/\/api.w.org\/{rel}","templated":true}]}}