{"id":13081,"date":"2024-11-05T20:41:35","date_gmt":"2024-11-05T17:41:35","guid":{"rendered":"https:\/\/denizcankizil.tr\/uncategorized-tr\/dostum-kupasi-oryantiring-yarislari-basliyor\/"},"modified":"2024-11-05T20:41:35","modified_gmt":"2024-11-05T17:41:35","slug":"dostum-kupasi-oryantiring-yarislari-basliyor","status":"publish","type":"post","link":"http:\/\/denizcankizil.tr\/de\/haberler\/gundem\/dostum-kupasi-oryantiring-yarislari-basliyor\/","title":{"rendered":"Dostum Kupas\u0131 Oryantiring Yar\u0131\u015flar\u0131 Ba\u015fl\u0131yor"},"content":{"rendered":"<p>\u0130neg\u00f6l Belediyesi Do\u011fa Sporlar\u0131 ve Turizm Merkezi (DOSTUM) ev sahipli\u011finde bu y\u0131l 4\u2019\u00fcnc\u00fcs\u00fc yap\u0131lacak DOSTUM Kupas\u0131 Oryantiring Yar\u0131\u015flar\u0131 Cuma, Cumartesi ve Pazar g\u00fcn\u00fc 15 farkl\u0131 \u015fehirden 450 sporcunun kat\u0131l\u0131m\u0131yla \u0130neg\u00f6l\u2019de ger\u00e7ekle\u015ftirilecek.<\/p>\n<p>\u200b\u0130neg\u00f6l Belediyesi Do\u011fa Sporlar\u0131 ve Turizm Merkezi (DOSTUM) ev sahipli\u011finde bu y\u0131l 4\u2019\u00fcnc\u00fcs\u00fc yap\u0131lacak DOSTUM Kupas\u0131 Oryantiring Yar\u0131\u015flar\u0131 Cuma, Cumartesi ve Pazar g\u00fcn\u00fc 15 farkl\u0131 \u015fehirden 450 sporcunun kat\u0131l\u0131m\u0131yla \u0130neg\u00f6l\u2019de ger\u00e7ekle\u015ftirilecek.\u00a0<\/p>\n<p>\u200bHaberin Al\u0131nt\u0131land\u0131\u011f\u0131 Kaynak: www.iskenderun.org<\/p>","protected":false},"excerpt":{"rendered":"<p>\u0130neg\u00f6l Belediyesi Do\u011fa Sporlar\u0131 ve Turizm Merkezi (DOSTUM) ev sahipli\u011finde bu y\u0131l 4\u2019\u00fcnc\u00fcs\u00fc yap\u0131lacak DOSTUM Kupas\u0131 Oryantiring Yar\u0131\u015flar\u0131 Cuma, Cumartesi ve Pazar g\u00fcn\u00fc 15 farkl\u0131 \u015fehirden 450 sporcunun kat\u0131l\u0131m\u0131yla \u0130neg\u00f6l\u2019de ger\u00e7ekle\u015ftirilecek. \u200b\u0130neg\u00f6l Belediyesi Do\u011fa Sporlar\u0131 ve Turizm Merkezi (DOSTUM) ev sahipli\u011finde bu y\u0131l 4\u2019\u00fcnc\u00fcs\u00fc yap\u0131lacak DOSTUM Kupas\u0131 Oryantiring Yar\u0131\u015flar\u0131 Cuma, Cumartesi ve Pazar g\u00fcn\u00fc 15 farkl\u0131 \u015fehirden 450 sporcunun kat\u0131l\u0131m\u0131yla \u0130neg\u00f6l\u2019de ger\u00e7ekle\u015ftirilecek.\u00a0 \u200bHaberin Al\u0131nt\u0131land\u0131\u011f\u0131 Kaynak: www.iskenderun.org<\/p>","protected":false},"author":0,"featured_media":0,"comment_status":"open","ping_status":"open","sticky":false,"template":"","format":"standard","meta":{"_acf_changed":false,"footnotes":""},"categories":[24,535],"tags":[],"class_list":["post-13081","post","type-post","status-publish","format-standard","has-post-thumbnail","hentry","category-gundem","category-uncategorized-tr"],"acf":[],"yoast_head":"<!-- This site is optimized with the Yoast SEO Premium plugin v26.6 (Yoast SEO v27.1.1) - https:\/\/yoast.com\/product\/yoast-seo-premium-wordpress\/ -->\n<title>Dostum Kupas\u0131 Oryantiring Yar\u0131\u015flar\u0131 Ba\u015fl\u0131yor - Av. Deniz Can K\u0131z\u0131l<\/title>\n<meta name=\"robots\" content=\"index, follow, max-snippet:-1, max-image-preview:large, max-video-preview:-1\" \/>\n<link rel=\"canonical\" href=\"http:\/\/denizcankizil.tr\/de\/haberler\/gundem\/dostum-kupasi-oryantiring-yarislari-basliyor\/\" \/>\n<meta property=\"og:locale\" content=\"de_DE\" \/>\n<meta property=\"og:type\" content=\"article\" \/>\n<meta property=\"og:title\" content=\"Dostum Kupas\u0131 Oryantiring Yar\u0131\u015flar\u0131 Ba\u015fl\u0131yor\" \/>\n<meta property=\"og:description\" content=\"\u0130neg\u00f6l Belediyesi Do\u011fa Sporlar\u0131 ve Turizm Merkezi (DOSTUM) ev sahipli\u011finde bu y\u0131l 4\u2019\u00fcnc\u00fcs\u00fc yap\u0131lacak DOSTUM Kupas\u0131 Oryantiring Yar\u0131\u015flar\u0131 Cuma, Cumartesi ve Pazar g\u00fcn\u00fc 15 farkl\u0131 \u015fehirden 450 sporcunun kat\u0131l\u0131m\u0131yla \u0130neg\u00f6l\u2019de ger\u00e7ekle\u015ftirilecek. \u200b\u0130neg\u00f6l Belediyesi Do\u011fa Sporlar\u0131 ve Turizm Merkezi (DOSTUM) ev sahipli\u011finde bu y\u0131l 4\u2019\u00fcnc\u00fcs\u00fc yap\u0131lacak DOSTUM Kupas\u0131 Oryantiring Yar\u0131\u015flar\u0131 Cuma, Cumartesi ve Pazar g\u00fcn\u00fc 15 farkl\u0131 \u015fehirden 450 sporcunun kat\u0131l\u0131m\u0131yla \u0130neg\u00f6l\u2019de ger\u00e7ekle\u015ftirilecek.\u00a0 \u200bHaberin Al\u0131nt\u0131land\u0131\u011f\u0131 Kaynak: www.iskenderun.org\" \/>\n<meta property=\"og:url\" content=\"http:\/\/denizcankizil.tr\/de\/haberler\/gundem\/dostum-kupasi-oryantiring-yarislari-basliyor\/\" \/>\n<meta property=\"og:site_name\" content=\"Av. Deniz Can K\u0131z\u0131l\" \/>\n<meta property=\"article:published_time\" content=\"2024-11-05T17:41:35+00:00\" \/>\n<meta name=\"twitter:card\" content=\"summary_large_image\" \/>\n<script type=\"application\/ld+json\" class=\"yoast-schema-graph\">{\"@context\":\"https:\/\/schema.org\",\"@graph\":[{\"@type\":\"Article\",\"@id\":\"http:\/\/denizcankizil.tr\/de\/haberler\/gundem\/dostum-kupasi-oryantiring-yarislari-basliyor\/#article\",\"isPartOf\":{\"@id\":\"http:\/\/denizcankizil.tr\/de\/haberler\/gundem\/dostum-kupasi-oryantiring-yarislari-basliyor\/\"},\"author\":{\"name\":\"\",\"@id\":\"\"},\"headline\":\"Dostum Kupas\u0131 Oryantiring Yar\u0131\u015flar\u0131 Ba\u015fl\u0131yor\",\"datePublished\":\"2024-11-05T17:41:35+00:00\",\"mainEntityOfPage\":{\"@id\":\"http:\/\/denizcankizil.tr\/de\/haberler\/gundem\/dostum-kupasi-oryantiring-yarislari-basliyor\/\"},\"wordCount\":104,\"commentCount\":0,\"publisher\":{\"@id\":\"https:\/\/denizcankizil.tr\/de\/#organization\"},\"articleSection\":[\"G\u00fcndem\",\"Uncategorized\"],\"inLanguage\":\"de\",\"potentialAction\":[{\"@type\":\"CommentAction\",\"name\":\"Comment\",\"target\":[\"http:\/\/denizcankizil.tr\/de\/haberler\/gundem\/dostum-kupasi-oryantiring-yarislari-basliyor\/#respond\"]}]},{\"@type\":\"WebPage\",\"@id\":\"http:\/\/denizcankizil.tr\/de\/haberler\/gundem\/dostum-kupasi-oryantiring-yarislari-basliyor\/\",\"url\":\"http:\/\/denizcankizil.tr\/de\/haberler\/gundem\/dostum-kupasi-oryantiring-yarislari-basliyor\/\",\"name\":\"Dostum Kupas\u0131 Oryantiring Yar\u0131\u015flar\u0131 Ba\u015fl\u0131yor - Av. Deniz Can K\u0131z\u0131l\",\"isPartOf\":{\"@id\":\"https:\/\/denizcankizil.tr\/de\/#website\"},\"datePublished\":\"2024-11-05T17:41:35+00:00\",\"breadcrumb\":{\"@id\":\"http:\/\/denizcankizil.tr\/de\/haberler\/gundem\/dostum-kupasi-oryantiring-yarislari-basliyor\/#breadcrumb\"},\"inLanguage\":\"de\",\"potentialAction\":[{\"@type\":\"ReadAction\",\"target\":[\"http:\/\/denizcankizil.tr\/de\/haberler\/gundem\/dostum-kupasi-oryantiring-yarislari-basliyor\/\"]}]},{\"@type\":\"BreadcrumbList\",\"@id\":\"http:\/\/denizcankizil.tr\/de\/haberler\/gundem\/dostum-kupasi-oryantiring-yarislari-basliyor\/#breadcrumb\",\"itemListElement\":[{\"@type\":\"ListItem\",\"position\":1,\"name\":\"Home\",\"item\":\"https:\/\/denizcankizil.tr\/de\/\"},{\"@type\":\"ListItem\",\"position\":2,\"name\":\"Dostum Kupas\u0131 Oryantiring Yar\u0131\u015flar\u0131 Ba\u015fl\u0131yor\"}]},{\"@type\":\"WebSite\",\"@id\":\"https:\/\/denizcankizil.tr\/de\/#website\",\"url\":\"https:\/\/denizcankizil.tr\/de\/\",\"name\":\"Av. Deniz Can K\u0131z\u0131l\",\"description\":\"Avukat Deniz Can K\u0131z\u0131l Antalya Barosu\",\"publisher\":{\"@id\":\"https:\/\/denizcankizil.tr\/de\/#organization\"},\"potentialAction\":[{\"@type\":\"SearchAction\",\"target\":{\"@type\":\"EntryPoint\",\"urlTemplate\":\"https:\/\/denizcankizil.tr\/de\/?s={search_term_string}\"},\"query-input\":{\"@type\":\"PropertyValueSpecification\",\"valueRequired\":true,\"valueName\":\"search_term_string\"}}],\"inLanguage\":\"de\"},{\"@type\":\"Organization\",\"@id\":\"https:\/\/denizcankizil.tr\/de\/#organization\",\"name\":\"Av. Deniz Can K\u0131z\u0131l\",\"url\":\"https:\/\/denizcankizil.tr\/de\/\",\"logo\":{\"@type\":\"ImageObject\",\"inLanguage\":\"de\",\"@id\":\"https:\/\/denizcankizil.tr\/de\/#\/schema\/logo\/image\/\",\"url\":\"http:\/\/denizcankizil.tr\/wp-content\/uploads\/2024\/10\/siyah-logo-svg.svg\",\"contentUrl\":\"http:\/\/denizcankizil.tr\/wp-content\/uploads\/2024\/10\/siyah-logo-svg.svg\",\"width\":1080,\"height\":1080,\"caption\":\"Av. Deniz Can K\u0131z\u0131l\"},\"image\":{\"@id\":\"https:\/\/denizcankizil.tr\/de\/#\/schema\/logo\/image\/\"}}]}<\/script>\n<!-- \/ Yoast SEO Premium plugin. -->","yoast_head_json":{"title":"Dostum Kupas\u0131 Oryantiring Yar\u0131\u015flar\u0131 Ba\u015fl\u0131yor - Av. Deniz Can K\u0131z\u0131l","robots":{"index":"index","follow":"follow","max-snippet":"max-snippet:-1","max-image-preview":"max-image-preview:large","max-video-preview":"max-video-preview:-1"},"canonical":"http:\/\/denizcankizil.tr\/de\/haberler\/gundem\/dostum-kupasi-oryantiring-yarislari-basliyor\/","og_locale":"de_DE","og_type":"article","og_title":"Dostum Kupas\u0131 Oryantiring Yar\u0131\u015flar\u0131 Ba\u015fl\u0131yor","og_description":"\u0130neg\u00f6l Belediyesi Do\u011fa Sporlar\u0131 ve Turizm Merkezi (DOSTUM) ev sahipli\u011finde bu y\u0131l 4\u2019\u00fcnc\u00fcs\u00fc yap\u0131lacak DOSTUM Kupas\u0131 Oryantiring Yar\u0131\u015flar\u0131 Cuma, Cumartesi ve Pazar g\u00fcn\u00fc 15 farkl\u0131 \u015fehirden 450 sporcunun kat\u0131l\u0131m\u0131yla \u0130neg\u00f6l\u2019de ger\u00e7ekle\u015ftirilecek. \u200b\u0130neg\u00f6l Belediyesi Do\u011fa Sporlar\u0131 ve Turizm Merkezi (DOSTUM) ev sahipli\u011finde bu y\u0131l 4\u2019\u00fcnc\u00fcs\u00fc yap\u0131lacak DOSTUM Kupas\u0131 Oryantiring Yar\u0131\u015flar\u0131 Cuma, Cumartesi ve Pazar g\u00fcn\u00fc 15 farkl\u0131 \u015fehirden 450 sporcunun kat\u0131l\u0131m\u0131yla \u0130neg\u00f6l\u2019de ger\u00e7ekle\u015ftirilecek.\u00a0 \u200bHaberin Al\u0131nt\u0131land\u0131\u011f\u0131 Kaynak: www.iskenderun.org","og_url":"http:\/\/denizcankizil.tr\/de\/haberler\/gundem\/dostum-kupasi-oryantiring-yarislari-basliyor\/","og_site_name":"Av. Deniz Can K\u0131z\u0131l","article_published_time":"2024-11-05T17:41:35+00:00","twitter_card":"summary_large_image","schema":{"@context":"https:\/\/schema.org","@graph":[{"@type":"Article","@id":"http:\/\/denizcankizil.tr\/de\/haberler\/gundem\/dostum-kupasi-oryantiring-yarislari-basliyor\/#article","isPartOf":{"@id":"http:\/\/denizcankizil.tr\/de\/haberler\/gundem\/dostum-kupasi-oryantiring-yarislari-basliyor\/"},"author":{"name":"","@id":""},"headline":"Dostum Kupas\u0131 Oryantiring Yar\u0131\u015flar\u0131 Ba\u015fl\u0131yor","datePublished":"2024-11-05T17:41:35+00:00","mainEntityOfPage":{"@id":"http:\/\/denizcankizil.tr\/de\/haberler\/gundem\/dostum-kupasi-oryantiring-yarislari-basliyor\/"},"wordCount":104,"commentCount":0,"publisher":{"@id":"https:\/\/denizcankizil.tr\/de\/#organization"},"articleSection":["G\u00fcndem","Uncategorized"],"inLanguage":"de","potentialAction":[{"@type":"CommentAction","name":"Comment","target":["http:\/\/denizcankizil.tr\/de\/haberler\/gundem\/dostum-kupasi-oryantiring-yarislari-basliyor\/#respond"]}]},{"@type":"WebPage","@id":"http:\/\/denizcankizil.tr\/de\/haberler\/gundem\/dostum-kupasi-oryantiring-yarislari-basliyor\/","url":"http:\/\/denizcankizil.tr\/de\/haberler\/gundem\/dostum-kupasi-oryantiring-yarislari-basliyor\/","name":"Dostum Kupas\u0131 Oryantiring Yar\u0131\u015flar\u0131 Ba\u015fl\u0131yor - Av. Deniz Can K\u0131z\u0131l","isPartOf":{"@id":"https:\/\/denizcankizil.tr\/de\/#website"},"datePublished":"2024-11-05T17:41:35+00:00","breadcrumb":{"@id":"http:\/\/denizcankizil.tr\/de\/haberler\/gundem\/dostum-kupasi-oryantiring-yarislari-basliyor\/#breadcrumb"},"inLanguage":"de","potentialAction":[{"@type":"ReadAction","target":["http:\/\/denizcankizil.tr\/de\/haberler\/gundem\/dostum-kupasi-oryantiring-yarislari-basliyor\/"]}]},{"@type":"BreadcrumbList","@id":"http:\/\/denizcankizil.tr\/de\/haberler\/gundem\/dostum-kupasi-oryantiring-yarislari-basliyor\/#breadcrumb","itemListElement":[{"@type":"ListItem","position":1,"name":"Home","item":"https:\/\/denizcankizil.tr\/de\/"},{"@type":"ListItem","position":2,"name":"Dostum Kupas\u0131 Oryantiring Yar\u0131\u015flar\u0131 Ba\u015fl\u0131yor"}]},{"@type":"WebSite","@id":"https:\/\/denizcankizil.tr\/de\/#website","url":"https:\/\/denizcankizil.tr\/de\/","name":"Av. Deniz Can K\u0131z\u0131l","description":"Avukat Deniz Can K\u0131z\u0131l Antalya Barosu","publisher":{"@id":"https:\/\/denizcankizil.tr\/de\/#organization"},"potentialAction":[{"@type":"SearchAction","target":{"@type":"EntryPoint","urlTemplate":"https:\/\/denizcankizil.tr\/de\/?s={search_term_string}"},"query-input":{"@type":"PropertyValueSpecification","valueRequired":true,"valueName":"search_term_string"}}],"inLanguage":"de"},{"@type":"Organization","@id":"https:\/\/denizcankizil.tr\/de\/#organization","name":"Av. Deniz Can K\u0131z\u0131l","url":"https:\/\/denizcankizil.tr\/de\/","logo":{"@type":"ImageObject","inLanguage":"de","@id":"https:\/\/denizcankizil.tr\/de\/#\/schema\/logo\/image\/","url":"http:\/\/denizcankizil.tr\/wp-content\/uploads\/2024\/10\/siyah-logo-svg.svg","contentUrl":"http:\/\/denizcankizil.tr\/wp-content\/uploads\/2024\/10\/siyah-logo-svg.svg","width":1080,"height":1080,"caption":"Av. Deniz Can K\u0131z\u0131l"},"image":{"@id":"https:\/\/denizcankizil.tr\/de\/#\/schema\/logo\/image\/"}}]}},"_links":{"self":[{"href":"http:\/\/denizcankizil.tr\/de\/wp-json\/wp\/v2\/posts\/13081","targetHints":{"allow":["GET"]}}],"collection":[{"href":"http:\/\/denizcankizil.tr\/de\/wp-json\/wp\/v2\/posts"}],"about":[{"href":"http:\/\/denizcankizil.tr\/de\/wp-json\/wp\/v2\/types\/post"}],"replies":[{"embeddable":true,"href":"http:\/\/denizcankizil.tr\/de\/wp-json\/wp\/v2\/comments?post=13081"}],"version-history":[{"count":0,"href":"http:\/\/denizcankizil.tr\/de\/wp-json\/wp\/v2\/posts\/13081\/revisions"}],"wp:attachment":[{"href":"http:\/\/denizcankizil.tr\/de\/wp-json\/wp\/v2\/media?parent=13081"}],"wp:term":[{"taxonomy":"category","embeddable":true,"href":"http:\/\/denizcankizil.tr\/de\/wp-json\/wp\/v2\/categories?post=13081"},{"taxonomy":"post_tag","embeddable":true,"href":"http:\/\/denizcankizil.tr\/de\/wp-json\/wp\/v2\/tags?post=13081"}],"curies":[{"name":"wp","href":"https:\/\/api.w.org\/{rel}","templated":true}]}}