{"id":13080,"date":"2024-11-05T20:41:34","date_gmt":"2024-11-05T17:41:34","guid":{"rendered":"https:\/\/denizcankizil.tr\/uncategorized-tr\/bayrampasada-depreme-karsi-hizli-cozum-hak-temelli-yerinde-kentsel-donusum\/"},"modified":"2024-11-05T20:41:34","modified_gmt":"2024-11-05T17:41:34","slug":"bayrampasada-depreme-karsi-hizli-cozum-hak-temelli-yerinde-kentsel-donusum","status":"publish","type":"post","link":"http:\/\/denizcankizil.tr\/de\/haberler\/gundem\/bayrampasada-depreme-karsi-hizli-cozum-hak-temelli-yerinde-kentsel-donusum\/","title":{"rendered":"Bayrampa\u015fa\u2019da depreme kar\u015f\u0131 h\u0131zl\u0131 \u00e7\u00f6z\u00fcm: Hak temelli, yerinde kentsel d\u00f6n\u00fc\u015f\u00fcm"},"content":{"rendered":"<p>Beklenen b\u00fcy\u00fck \u0130stanbul depremine kar\u015f\u0131 Bayrampa\u015fa\u2019n\u0131n diren\u00e7li ve g\u00fcvenli bir il\u00e7e haline getirilmesi i\u00e7in y\u00fcr\u00fct\u00fclen \u00e7al\u0131\u015fmalar t\u00fcm h\u0131z\u0131yla devam ediyor.<\/p>\n<p>\u200bBeklenen b\u00fcy\u00fck \u0130stanbul depremine kar\u015f\u0131 Bayrampa\u015fa\u2019n\u0131n diren\u00e7li ve g\u00fcvenli bir il\u00e7e haline getirilmesi i\u00e7in y\u00fcr\u00fct\u00fclen \u00e7al\u0131\u015fmalar t\u00fcm h\u0131z\u0131yla devam ediyor.\u00a0<\/p>\n<p>\u200bHaberin Al\u0131nt\u0131land\u0131\u011f\u0131 Kaynak: www.iskenderun.org<\/p>","protected":false},"excerpt":{"rendered":"<p>Beklenen b\u00fcy\u00fck \u0130stanbul depremine kar\u015f\u0131 Bayrampa\u015fa\u2019n\u0131n diren\u00e7li ve g\u00fcvenli bir il\u00e7e haline getirilmesi i\u00e7in y\u00fcr\u00fct\u00fclen \u00e7al\u0131\u015fmalar t\u00fcm h\u0131z\u0131yla devam ediyor. \u200bBeklenen b\u00fcy\u00fck \u0130stanbul depremine kar\u015f\u0131 Bayrampa\u015fa\u2019n\u0131n diren\u00e7li ve g\u00fcvenli bir il\u00e7e haline getirilmesi i\u00e7in y\u00fcr\u00fct\u00fclen \u00e7al\u0131\u015fmalar t\u00fcm h\u0131z\u0131yla devam ediyor.\u00a0 \u200bHaberin Al\u0131nt\u0131land\u0131\u011f\u0131 Kaynak: www.iskenderun.org<\/p>","protected":false},"author":0,"featured_media":0,"comment_status":"open","ping_status":"open","sticky":false,"template":"","format":"standard","meta":{"_acf_changed":false,"footnotes":""},"categories":[24,535],"tags":[],"class_list":["post-13080","post","type-post","status-publish","format-standard","has-post-thumbnail","hentry","category-gundem","category-uncategorized-tr"],"acf":[],"yoast_head":"<!-- This site is optimized with the Yoast SEO Premium plugin v26.6 (Yoast SEO v27.1.1) - https:\/\/yoast.com\/product\/yoast-seo-premium-wordpress\/ -->\n<title>Bayrampa\u015fa\u2019da depreme kar\u015f\u0131 h\u0131zl\u0131 \u00e7\u00f6z\u00fcm: Hak temelli, yerinde kentsel d\u00f6n\u00fc\u015f\u00fcm - Av. Deniz Can K\u0131z\u0131l<\/title>\n<meta name=\"robots\" content=\"index, follow, max-snippet:-1, max-image-preview:large, max-video-preview:-1\" \/>\n<link rel=\"canonical\" href=\"http:\/\/denizcankizil.tr\/de\/haberler\/gundem\/bayrampasada-depreme-karsi-hizli-cozum-hak-temelli-yerinde-kentsel-donusum\/\" \/>\n<meta property=\"og:locale\" content=\"de_DE\" \/>\n<meta property=\"og:type\" content=\"article\" \/>\n<meta property=\"og:title\" content=\"Bayrampa\u015fa\u2019da depreme kar\u015f\u0131 h\u0131zl\u0131 \u00e7\u00f6z\u00fcm: Hak temelli, yerinde kentsel d\u00f6n\u00fc\u015f\u00fcm\" \/>\n<meta property=\"og:description\" content=\"Beklenen b\u00fcy\u00fck \u0130stanbul depremine kar\u015f\u0131 Bayrampa\u015fa\u2019n\u0131n diren\u00e7li ve g\u00fcvenli bir il\u00e7e haline getirilmesi i\u00e7in y\u00fcr\u00fct\u00fclen \u00e7al\u0131\u015fmalar t\u00fcm h\u0131z\u0131yla devam ediyor. \u200bBeklenen b\u00fcy\u00fck \u0130stanbul depremine kar\u015f\u0131 Bayrampa\u015fa\u2019n\u0131n diren\u00e7li ve g\u00fcvenli bir il\u00e7e haline getirilmesi i\u00e7in y\u00fcr\u00fct\u00fclen \u00e7al\u0131\u015fmalar t\u00fcm h\u0131z\u0131yla devam ediyor.\u00a0 \u200bHaberin Al\u0131nt\u0131land\u0131\u011f\u0131 Kaynak: www.iskenderun.org\" \/>\n<meta property=\"og:url\" content=\"http:\/\/denizcankizil.tr\/de\/haberler\/gundem\/bayrampasada-depreme-karsi-hizli-cozum-hak-temelli-yerinde-kentsel-donusum\/\" \/>\n<meta property=\"og:site_name\" content=\"Av. Deniz Can K\u0131z\u0131l\" \/>\n<meta property=\"article:published_time\" content=\"2024-11-05T17:41:34+00:00\" \/>\n<meta name=\"twitter:card\" content=\"summary_large_image\" \/>\n<script type=\"application\/ld+json\" class=\"yoast-schema-graph\">{\"@context\":\"https:\/\/schema.org\",\"@graph\":[{\"@type\":\"Article\",\"@id\":\"http:\/\/denizcankizil.tr\/de\/haberler\/gundem\/bayrampasada-depreme-karsi-hizli-cozum-hak-temelli-yerinde-kentsel-donusum\/#article\",\"isPartOf\":{\"@id\":\"http:\/\/denizcankizil.tr\/de\/haberler\/gundem\/bayrampasada-depreme-karsi-hizli-cozum-hak-temelli-yerinde-kentsel-donusum\/\"},\"author\":{\"name\":\"\",\"@id\":\"\"},\"headline\":\"Bayrampa\u015fa\u2019da depreme kar\u015f\u0131 h\u0131zl\u0131 \u00e7\u00f6z\u00fcm: Hak temelli, yerinde kentsel d\u00f6n\u00fc\u015f\u00fcm\",\"datePublished\":\"2024-11-05T17:41:34+00:00\",\"mainEntityOfPage\":{\"@id\":\"http:\/\/denizcankizil.tr\/de\/haberler\/gundem\/bayrampasada-depreme-karsi-hizli-cozum-hak-temelli-yerinde-kentsel-donusum\/\"},\"wordCount\":96,\"commentCount\":0,\"publisher\":{\"@id\":\"https:\/\/denizcankizil.tr\/#organization\"},\"articleSection\":[\"G\u00fcndem\",\"Uncategorized\"],\"inLanguage\":\"de\",\"potentialAction\":[{\"@type\":\"CommentAction\",\"name\":\"Comment\",\"target\":[\"http:\/\/denizcankizil.tr\/de\/haberler\/gundem\/bayrampasada-depreme-karsi-hizli-cozum-hak-temelli-yerinde-kentsel-donusum\/#respond\"]}]},{\"@type\":\"WebPage\",\"@id\":\"http:\/\/denizcankizil.tr\/de\/haberler\/gundem\/bayrampasada-depreme-karsi-hizli-cozum-hak-temelli-yerinde-kentsel-donusum\/\",\"url\":\"http:\/\/denizcankizil.tr\/de\/haberler\/gundem\/bayrampasada-depreme-karsi-hizli-cozum-hak-temelli-yerinde-kentsel-donusum\/\",\"name\":\"Bayrampa\u015fa\u2019da depreme kar\u015f\u0131 h\u0131zl\u0131 \u00e7\u00f6z\u00fcm: Hak temelli, yerinde kentsel d\u00f6n\u00fc\u015f\u00fcm - Av. Deniz Can K\u0131z\u0131l\",\"isPartOf\":{\"@id\":\"https:\/\/denizcankizil.tr\/#website\"},\"datePublished\":\"2024-11-05T17:41:34+00:00\",\"breadcrumb\":{\"@id\":\"http:\/\/denizcankizil.tr\/de\/haberler\/gundem\/bayrampasada-depreme-karsi-hizli-cozum-hak-temelli-yerinde-kentsel-donusum\/#breadcrumb\"},\"inLanguage\":\"de\",\"potentialAction\":[{\"@type\":\"ReadAction\",\"target\":[\"http:\/\/denizcankizil.tr\/de\/haberler\/gundem\/bayrampasada-depreme-karsi-hizli-cozum-hak-temelli-yerinde-kentsel-donusum\/\"]}]},{\"@type\":\"BreadcrumbList\",\"@id\":\"http:\/\/denizcankizil.tr\/de\/haberler\/gundem\/bayrampasada-depreme-karsi-hizli-cozum-hak-temelli-yerinde-kentsel-donusum\/#breadcrumb\",\"itemListElement\":[{\"@type\":\"ListItem\",\"position\":1,\"name\":\"Home\",\"item\":\"https:\/\/denizcankizil.tr\/de\/\"},{\"@type\":\"ListItem\",\"position\":2,\"name\":\"Bayrampa\u015fa\u2019da depreme kar\u015f\u0131 h\u0131zl\u0131 \u00e7\u00f6z\u00fcm: Hak temelli, yerinde kentsel d\u00f6n\u00fc\u015f\u00fcm\"}]},{\"@type\":\"WebSite\",\"@id\":\"https:\/\/denizcankizil.tr\/#website\",\"url\":\"https:\/\/denizcankizil.tr\/\",\"name\":\"Av. Deniz Can K\u0131z\u0131l\",\"description\":\"Avukat Deniz Can K\u0131z\u0131l Antalya Barosu\",\"publisher\":{\"@id\":\"https:\/\/denizcankizil.tr\/#organization\"},\"potentialAction\":[{\"@type\":\"SearchAction\",\"target\":{\"@type\":\"EntryPoint\",\"urlTemplate\":\"https:\/\/denizcankizil.tr\/?s={search_term_string}\"},\"query-input\":{\"@type\":\"PropertyValueSpecification\",\"valueRequired\":true,\"valueName\":\"search_term_string\"}}],\"inLanguage\":\"de\"},{\"@type\":\"Organization\",\"@id\":\"https:\/\/denizcankizil.tr\/#organization\",\"name\":\"Av. Deniz Can K\u0131z\u0131l\",\"url\":\"https:\/\/denizcankizil.tr\/\",\"logo\":{\"@type\":\"ImageObject\",\"inLanguage\":\"de\",\"@id\":\"https:\/\/denizcankizil.tr\/#\/schema\/logo\/image\/\",\"url\":\"http:\/\/denizcankizil.tr\/wp-content\/uploads\/2024\/10\/siyah-logo-svg.svg\",\"contentUrl\":\"http:\/\/denizcankizil.tr\/wp-content\/uploads\/2024\/10\/siyah-logo-svg.svg\",\"width\":1080,\"height\":1080,\"caption\":\"Av. Deniz Can K\u0131z\u0131l\"},\"image\":{\"@id\":\"https:\/\/denizcankizil.tr\/#\/schema\/logo\/image\/\"}}]}<\/script>\n<!-- \/ Yoast SEO Premium plugin. -->","yoast_head_json":{"title":"Bayrampa\u015fa\u2019da depreme kar\u015f\u0131 h\u0131zl\u0131 \u00e7\u00f6z\u00fcm: Hak temelli, yerinde kentsel d\u00f6n\u00fc\u015f\u00fcm - Av. Deniz Can K\u0131z\u0131l","robots":{"index":"index","follow":"follow","max-snippet":"max-snippet:-1","max-image-preview":"max-image-preview:large","max-video-preview":"max-video-preview:-1"},"canonical":"http:\/\/denizcankizil.tr\/de\/haberler\/gundem\/bayrampasada-depreme-karsi-hizli-cozum-hak-temelli-yerinde-kentsel-donusum\/","og_locale":"de_DE","og_type":"article","og_title":"Bayrampa\u015fa\u2019da depreme kar\u015f\u0131 h\u0131zl\u0131 \u00e7\u00f6z\u00fcm: Hak temelli, yerinde kentsel d\u00f6n\u00fc\u015f\u00fcm","og_description":"Beklenen b\u00fcy\u00fck \u0130stanbul depremine kar\u015f\u0131 Bayrampa\u015fa\u2019n\u0131n diren\u00e7li ve g\u00fcvenli bir il\u00e7e haline getirilmesi i\u00e7in y\u00fcr\u00fct\u00fclen \u00e7al\u0131\u015fmalar t\u00fcm h\u0131z\u0131yla devam ediyor. \u200bBeklenen b\u00fcy\u00fck \u0130stanbul depremine kar\u015f\u0131 Bayrampa\u015fa\u2019n\u0131n diren\u00e7li ve g\u00fcvenli bir il\u00e7e haline getirilmesi i\u00e7in y\u00fcr\u00fct\u00fclen \u00e7al\u0131\u015fmalar t\u00fcm h\u0131z\u0131yla devam ediyor.\u00a0 \u200bHaberin Al\u0131nt\u0131land\u0131\u011f\u0131 Kaynak: www.iskenderun.org","og_url":"http:\/\/denizcankizil.tr\/de\/haberler\/gundem\/bayrampasada-depreme-karsi-hizli-cozum-hak-temelli-yerinde-kentsel-donusum\/","og_site_name":"Av. Deniz Can K\u0131z\u0131l","article_published_time":"2024-11-05T17:41:34+00:00","twitter_card":"summary_large_image","schema":{"@context":"https:\/\/schema.org","@graph":[{"@type":"Article","@id":"http:\/\/denizcankizil.tr\/de\/haberler\/gundem\/bayrampasada-depreme-karsi-hizli-cozum-hak-temelli-yerinde-kentsel-donusum\/#article","isPartOf":{"@id":"http:\/\/denizcankizil.tr\/de\/haberler\/gundem\/bayrampasada-depreme-karsi-hizli-cozum-hak-temelli-yerinde-kentsel-donusum\/"},"author":{"name":"","@id":""},"headline":"Bayrampa\u015fa\u2019da depreme kar\u015f\u0131 h\u0131zl\u0131 \u00e7\u00f6z\u00fcm: Hak temelli, yerinde kentsel d\u00f6n\u00fc\u015f\u00fcm","datePublished":"2024-11-05T17:41:34+00:00","mainEntityOfPage":{"@id":"http:\/\/denizcankizil.tr\/de\/haberler\/gundem\/bayrampasada-depreme-karsi-hizli-cozum-hak-temelli-yerinde-kentsel-donusum\/"},"wordCount":96,"commentCount":0,"publisher":{"@id":"https:\/\/denizcankizil.tr\/#organization"},"articleSection":["G\u00fcndem","Uncategorized"],"inLanguage":"de","potentialAction":[{"@type":"CommentAction","name":"Comment","target":["http:\/\/denizcankizil.tr\/de\/haberler\/gundem\/bayrampasada-depreme-karsi-hizli-cozum-hak-temelli-yerinde-kentsel-donusum\/#respond"]}]},{"@type":"WebPage","@id":"http:\/\/denizcankizil.tr\/de\/haberler\/gundem\/bayrampasada-depreme-karsi-hizli-cozum-hak-temelli-yerinde-kentsel-donusum\/","url":"http:\/\/denizcankizil.tr\/de\/haberler\/gundem\/bayrampasada-depreme-karsi-hizli-cozum-hak-temelli-yerinde-kentsel-donusum\/","name":"Bayrampa\u015fa\u2019da depreme kar\u015f\u0131 h\u0131zl\u0131 \u00e7\u00f6z\u00fcm: Hak temelli, yerinde kentsel d\u00f6n\u00fc\u015f\u00fcm - Av. Deniz Can K\u0131z\u0131l","isPartOf":{"@id":"https:\/\/denizcankizil.tr\/#website"},"datePublished":"2024-11-05T17:41:34+00:00","breadcrumb":{"@id":"http:\/\/denizcankizil.tr\/de\/haberler\/gundem\/bayrampasada-depreme-karsi-hizli-cozum-hak-temelli-yerinde-kentsel-donusum\/#breadcrumb"},"inLanguage":"de","potentialAction":[{"@type":"ReadAction","target":["http:\/\/denizcankizil.tr\/de\/haberler\/gundem\/bayrampasada-depreme-karsi-hizli-cozum-hak-temelli-yerinde-kentsel-donusum\/"]}]},{"@type":"BreadcrumbList","@id":"http:\/\/denizcankizil.tr\/de\/haberler\/gundem\/bayrampasada-depreme-karsi-hizli-cozum-hak-temelli-yerinde-kentsel-donusum\/#breadcrumb","itemListElement":[{"@type":"ListItem","position":1,"name":"Home","item":"https:\/\/denizcankizil.tr\/de\/"},{"@type":"ListItem","position":2,"name":"Bayrampa\u015fa\u2019da depreme kar\u015f\u0131 h\u0131zl\u0131 \u00e7\u00f6z\u00fcm: Hak temelli, yerinde kentsel d\u00f6n\u00fc\u015f\u00fcm"}]},{"@type":"WebSite","@id":"https:\/\/denizcankizil.tr\/#website","url":"https:\/\/denizcankizil.tr\/","name":"Av. Deniz Can K\u0131z\u0131l","description":"Avukat Deniz Can K\u0131z\u0131l Antalya Barosu","publisher":{"@id":"https:\/\/denizcankizil.tr\/#organization"},"potentialAction":[{"@type":"SearchAction","target":{"@type":"EntryPoint","urlTemplate":"https:\/\/denizcankizil.tr\/?s={search_term_string}"},"query-input":{"@type":"PropertyValueSpecification","valueRequired":true,"valueName":"search_term_string"}}],"inLanguage":"de"},{"@type":"Organization","@id":"https:\/\/denizcankizil.tr\/#organization","name":"Av. Deniz Can K\u0131z\u0131l","url":"https:\/\/denizcankizil.tr\/","logo":{"@type":"ImageObject","inLanguage":"de","@id":"https:\/\/denizcankizil.tr\/#\/schema\/logo\/image\/","url":"http:\/\/denizcankizil.tr\/wp-content\/uploads\/2024\/10\/siyah-logo-svg.svg","contentUrl":"http:\/\/denizcankizil.tr\/wp-content\/uploads\/2024\/10\/siyah-logo-svg.svg","width":1080,"height":1080,"caption":"Av. Deniz Can K\u0131z\u0131l"},"image":{"@id":"https:\/\/denizcankizil.tr\/#\/schema\/logo\/image\/"}}]}},"_links":{"self":[{"href":"http:\/\/denizcankizil.tr\/de\/wp-json\/wp\/v2\/posts\/13080","targetHints":{"allow":["GET"]}}],"collection":[{"href":"http:\/\/denizcankizil.tr\/de\/wp-json\/wp\/v2\/posts"}],"about":[{"href":"http:\/\/denizcankizil.tr\/de\/wp-json\/wp\/v2\/types\/post"}],"replies":[{"embeddable":true,"href":"http:\/\/denizcankizil.tr\/de\/wp-json\/wp\/v2\/comments?post=13080"}],"version-history":[{"count":0,"href":"http:\/\/denizcankizil.tr\/de\/wp-json\/wp\/v2\/posts\/13080\/revisions"}],"wp:attachment":[{"href":"http:\/\/denizcankizil.tr\/de\/wp-json\/wp\/v2\/media?parent=13080"}],"wp:term":[{"taxonomy":"category","embeddable":true,"href":"http:\/\/denizcankizil.tr\/de\/wp-json\/wp\/v2\/categories?post=13080"},{"taxonomy":"post_tag","embeddable":true,"href":"http:\/\/denizcankizil.tr\/de\/wp-json\/wp\/v2\/tags?post=13080"}],"curies":[{"name":"wp","href":"https:\/\/api.w.org\/{rel}","templated":true}]}}