{"id":127067,"date":"2025-06-26T12:41:20","date_gmt":"2025-06-26T09:41:20","guid":{"rendered":"https:\/\/denizcankizil.tr\/uncategorized-tr\/buyuksehirin-kent-lokantasi-aciliyor\/"},"modified":"2025-06-26T12:41:20","modified_gmt":"2025-06-26T09:41:20","slug":"buyuksehirin-kent-lokantasi-aciliyor","status":"publish","type":"post","link":"http:\/\/denizcankizil.tr\/de\/haberler\/antalya\/buyuksehirin-kent-lokantasi-aciliyor\/","title":{"rendered":"B\u00fcy\u00fck\u015fehir&#8217;in Kent Lokantas\u0131 a\u00e7\u0131l\u0131yor"},"content":{"rendered":"<p>Antalya B\u00fcy\u00fck\u015fehir Belediyesi, dar gelirli kent sakinleri, \u00f6\u011frenciler ve emeklilere y\u00f6nelik olarak, uygun fiyatl\u0131, sa\u011fl\u0131kl\u0131 ve kaliteli yemek hizmeti sunacak Kent Lokantas\u0131&#8217;n\u0131 hayata ge\u00e7iriyor. Antalya B\u00fcy\u00fck\u015fehir Belediyesi&#8217;nin i\u015ftiraklerinden olan EKDA\u011e A.\u015e. taraf\u0131ndan i\u015fletilecek Kent Lokantas\u0131, Kepez il\u00e7esi 5 Temmuz Kurtulu\u015f Caddesi \u00fczerinde, Sur Yap\u0131 100. Y\u0131l Park\u0131 i\u00e7erisinde hizmet verecek. Antalya B\u00fcy\u00fck\u015fehir Belediyesi&#8217;nin ekonomik zorluklar nedeniyle \u00f6\u011f\u00fcn atlamak zorunda kalan ya da d\u0131\u015far\u0131da yemek yemeyi l\u00fcks haline getirmi\u015f yurtta\u015flara destek olmay\u0131 hedefledi\u011fi Kent Lokantas\u0131 projesinin sadece Sur Yap\u0131 Kent Lokantas\u0131&#8217;yla s\u0131n\u0131rl\u0131 kalmayaca\u011f\u0131, ilerleyen g\u00fcnlerde, \u015fehrin farkl\u0131 noktalar\u0131nda yeni Kent Lokantalar\u0131 a\u00e7\u0131lmas\u0131 planland\u0131\u011f\u0131 belirtildi.<\/p>\n<p>&#8216;T\u00dcM ANTALYALILARI BEKL\u0130YORUZ&#8217;<\/p>\n<p>EKDA\u011e A.\u015e. Genel M\u00fcd\u00fcr\u00fc Ahmet Ayd\u0131n, &#8220;Sosyal belediyecili\u011fin en g\u00fczel \u00f6rneklerini, Muhittin B\u00f6cek Ba\u015fkan\u0131m\u0131zla birlikte, Antalya&#8217;da bir\u00e7ok defa g\u00f6rd\u00fck. Halk Ekmek, halk mama, halk s\u00fct, sosyal tesisler ve plajlar gibi bir\u00e7ok projeyi hayata ge\u00e7irdi. Buna \u015fimdi bir yenisini daha eklemenin mutlulu\u011funu ya\u015f\u0131yoruz. T\u00fcrkiye&#8217;mizin i\u00e7inde bulundu\u011fu ekonomik durum belli. \u0130nsanlar\u0131m\u0131z, ihtiya\u00e7lar\u0131n\u0131 kar\u015f\u0131lamakta zorlan\u0131yor. Hijyenik ve uygun ekonomik ko\u015fullarda hizmet verecek Kent Lokantam\u0131zda hafta i\u00e7i her g\u00fcn 4 \u00e7e\u015fit s\u0131cak yemek 90 TL&#8217;den vatanda\u015f\u0131m\u0131zla sunulacak. Kent Lokantam\u0131z \u015fimdiden hay\u0131rl\u0131 olsun&#8221; diye konu\u015ftu.<\/p>\n<p>Kaynak: www.kanalv.com.tr Haber Sitesinden Al\u0131nm\u0131\u015ft\u0131r.<\/p>","protected":false},"excerpt":{"rendered":"<p>Antalya B\u00fcy\u00fck\u015fehir Belediyesi, dar gelirli kent sakinleri, \u00f6\u011frenciler ve emeklilere y\u00f6nelik olarak, uygun fiyatl\u0131, sa\u011fl\u0131kl\u0131 ve kaliteli yemek hizmeti sunacak Kent Lokantas\u0131&#8217;n\u0131 hayata ge\u00e7iriyor. Antalya B\u00fcy\u00fck\u015fehir Belediyesi&#8217;nin i\u015ftiraklerinden olan EKDA\u011e A.\u015e. taraf\u0131ndan i\u015fletilecek Kent Lokantas\u0131, Kepez il\u00e7esi 5 Temmuz Kurtulu\u015f Caddesi \u00fczerinde, Sur Yap\u0131 100. Y\u0131l Park\u0131 i\u00e7erisinde hizmet verecek. Antalya B\u00fcy\u00fck\u015fehir Belediyesi&#8217;nin ekonomik zorluklar nedeniyle \u00f6\u011f\u00fcn atlamak zorunda kalan ya da d\u0131\u015far\u0131da yemek yemeyi l\u00fcks haline getirmi\u015f yurtta\u015flara destek olmay\u0131 hedefledi\u011fi Kent Lokantas\u0131 projesinin sadece Sur Yap\u0131 Kent Lokantas\u0131&#8217;yla s\u0131n\u0131rl\u0131 kalmayaca\u011f\u0131, ilerleyen g\u00fcnlerde, \u015fehrin farkl\u0131 noktalar\u0131nda yeni Kent Lokantalar\u0131 a\u00e7\u0131lmas\u0131 planland\u0131\u011f\u0131 belirtildi. &#8216;T\u00dcM ANTALYALILARI BEKL\u0130YORUZ&#8217; EKDA\u011e A.\u015e. Genel M\u00fcd\u00fcr\u00fc Ahmet Ayd\u0131n, &#8220;Sosyal belediyecili\u011fin en g\u00fczel \u00f6rneklerini, Muhittin B\u00f6cek Ba\u015fkan\u0131m\u0131zla birlikte, Antalya&#8217;da bir\u00e7ok defa g\u00f6rd\u00fck. Halk Ekmek, halk mama, halk s\u00fct, sosyal tesisler ve plajlar gibi bir\u00e7ok projeyi hayata ge\u00e7irdi. Buna \u015fimdi bir yenisini daha eklemenin mutlulu\u011funu ya\u015f\u0131yoruz. T\u00fcrkiye&#8217;mizin i\u00e7inde bulundu\u011fu ekonomik durum belli. \u0130nsanlar\u0131m\u0131z, ihtiya\u00e7lar\u0131n\u0131 kar\u015f\u0131lamakta zorlan\u0131yor. Hijyenik ve uygun ekonomik ko\u015fullarda hizmet verecek Kent Lokantam\u0131zda hafta i\u00e7i her g\u00fcn 4 \u00e7e\u015fit s\u0131cak yemek 90 TL&#8217;den vatanda\u015f\u0131m\u0131zla sunulacak. Kent Lokantam\u0131z \u015fimdiden hay\u0131rl\u0131 olsun&#8221; diye konu\u015ftu. Kaynak: www.kanalv.com.tr Haber Sitesinden Al\u0131nm\u0131\u015ft\u0131r.<\/p>","protected":false},"author":4,"featured_media":0,"comment_status":"","ping_status":"open","sticky":false,"template":"","format":"standard","meta":{"_acf_changed":false,"footnotes":""},"categories":[26],"tags":[],"class_list":["post-127067","post","type-post","status-publish","format-standard","hentry","category-antalya"],"acf":[],"yoast_head":"<!-- This site is optimized with the Yoast SEO Premium plugin v26.6 (Yoast SEO v27.1.1) - https:\/\/yoast.com\/product\/yoast-seo-premium-wordpress\/ -->\n<title>B\u00fcy\u00fck\u015fehir&#039;in Kent Lokantas\u0131 a\u00e7\u0131l\u0131yor - Av. Deniz Can K\u0131z\u0131l<\/title>\n<meta name=\"robots\" content=\"index, follow, max-snippet:-1, max-image-preview:large, max-video-preview:-1\" \/>\n<link rel=\"canonical\" href=\"http:\/\/denizcankizil.tr\/de\/haberler\/antalya\/buyuksehirin-kent-lokantasi-aciliyor\/\" \/>\n<meta property=\"og:locale\" content=\"de_DE\" \/>\n<meta property=\"og:type\" content=\"article\" \/>\n<meta property=\"og:title\" content=\"B\u00fcy\u00fck\u015fehir&#039;in Kent Lokantas\u0131 a\u00e7\u0131l\u0131yor\" \/>\n<meta property=\"og:description\" content=\"Antalya B\u00fcy\u00fck\u015fehir Belediyesi, dar gelirli kent sakinleri, \u00f6\u011frenciler ve emeklilere y\u00f6nelik olarak, uygun fiyatl\u0131, sa\u011fl\u0131kl\u0131 ve kaliteli yemek hizmeti sunacak Kent Lokantas\u0131&#8217;n\u0131 hayata ge\u00e7iriyor. Antalya B\u00fcy\u00fck\u015fehir Belediyesi&#8217;nin i\u015ftiraklerinden olan EKDA\u011e A.\u015e. taraf\u0131ndan i\u015fletilecek Kent Lokantas\u0131, Kepez il\u00e7esi 5 Temmuz Kurtulu\u015f Caddesi \u00fczerinde, Sur Yap\u0131 100. Y\u0131l Park\u0131 i\u00e7erisinde hizmet verecek. Antalya B\u00fcy\u00fck\u015fehir Belediyesi&#8217;nin ekonomik zorluklar nedeniyle \u00f6\u011f\u00fcn atlamak zorunda kalan ya da d\u0131\u015far\u0131da yemek yemeyi l\u00fcks haline getirmi\u015f yurtta\u015flara destek olmay\u0131 hedefledi\u011fi Kent Lokantas\u0131 projesinin sadece Sur Yap\u0131 Kent Lokantas\u0131&#8217;yla s\u0131n\u0131rl\u0131 kalmayaca\u011f\u0131, ilerleyen g\u00fcnlerde, \u015fehrin farkl\u0131 noktalar\u0131nda yeni Kent Lokantalar\u0131 a\u00e7\u0131lmas\u0131 planland\u0131\u011f\u0131 belirtildi. &#8216;T\u00dcM ANTALYALILARI BEKL\u0130YORUZ&#8217; EKDA\u011e A.\u015e. Genel M\u00fcd\u00fcr\u00fc Ahmet Ayd\u0131n, &#8220;Sosyal belediyecili\u011fin en g\u00fczel \u00f6rneklerini, Muhittin B\u00f6cek Ba\u015fkan\u0131m\u0131zla birlikte, Antalya&#8217;da bir\u00e7ok defa g\u00f6rd\u00fck. Halk Ekmek, halk mama, halk s\u00fct, sosyal tesisler ve plajlar gibi bir\u00e7ok projeyi hayata ge\u00e7irdi. Buna \u015fimdi bir yenisini daha eklemenin mutlulu\u011funu ya\u015f\u0131yoruz. T\u00fcrkiye&#8217;mizin i\u00e7inde bulundu\u011fu ekonomik durum belli. \u0130nsanlar\u0131m\u0131z, ihtiya\u00e7lar\u0131n\u0131 kar\u015f\u0131lamakta zorlan\u0131yor. Hijyenik ve uygun ekonomik ko\u015fullarda hizmet verecek Kent Lokantam\u0131zda hafta i\u00e7i her g\u00fcn 4 \u00e7e\u015fit s\u0131cak yemek 90 TL&#8217;den vatanda\u015f\u0131m\u0131zla sunulacak. Kent Lokantam\u0131z \u015fimdiden hay\u0131rl\u0131 olsun&#8221; diye konu\u015ftu. Kaynak: www.kanalv.com.tr Haber Sitesinden Al\u0131nm\u0131\u015ft\u0131r.\" \/>\n<meta property=\"og:url\" content=\"http:\/\/denizcankizil.tr\/de\/haberler\/antalya\/buyuksehirin-kent-lokantasi-aciliyor\/\" \/>\n<meta property=\"og:site_name\" content=\"Av. Deniz Can K\u0131z\u0131l\" \/>\n<meta property=\"article:published_time\" content=\"2025-06-26T09:41:20+00:00\" \/>\n<meta name=\"author\" content=\"Av. Deniz Can K\u0131z\u0131l\" \/>\n<meta name=\"twitter:card\" content=\"summary_large_image\" \/>\n<meta name=\"twitter:label1\" content=\"Verfasst von\" \/>\n\t<meta name=\"twitter:data1\" content=\"Av. Deniz Can K\u0131z\u0131l\" \/>\n\t<meta name=\"twitter:label2\" content=\"Gesch\u00e4tzte Lesezeit\" \/>\n\t<meta name=\"twitter:data2\" content=\"1\u00a0Minute\" \/>\n<script type=\"application\/ld+json\" class=\"yoast-schema-graph\">{\"@context\":\"https:\/\/schema.org\",\"@graph\":[{\"@type\":\"Article\",\"@id\":\"http:\/\/denizcankizil.tr\/ru\/haberler\/antalya\/buyuksehirin-kent-lokantasi-aciliyor\/#article\",\"isPartOf\":{\"@id\":\"http:\/\/denizcankizil.tr\/ru\/haberler\/antalya\/buyuksehirin-kent-lokantasi-aciliyor\/\"},\"author\":{\"name\":\"Av. Deniz Can K\u0131z\u0131l\",\"@id\":\"https:\/\/denizcankizil.tr\/de\/#\/schema\/person\/5dc1b22991bd7ac833867c10afc9b0ff\"},\"headline\":\"B\u00fcy\u00fck\u015fehir&#8217;in Kent Lokantas\u0131 a\u00e7\u0131l\u0131yor\",\"datePublished\":\"2025-06-26T09:41:20+00:00\",\"mainEntityOfPage\":{\"@id\":\"http:\/\/denizcankizil.tr\/ru\/haberler\/antalya\/buyuksehirin-kent-lokantasi-aciliyor\/\"},\"wordCount\":268,\"publisher\":{\"@id\":\"https:\/\/denizcankizil.tr\/de\/#organization\"},\"articleSection\":[\"Antalya\"],\"inLanguage\":\"de\"},{\"@type\":\"WebPage\",\"@id\":\"http:\/\/denizcankizil.tr\/ru\/haberler\/antalya\/buyuksehirin-kent-lokantasi-aciliyor\/\",\"url\":\"http:\/\/denizcankizil.tr\/ru\/haberler\/antalya\/buyuksehirin-kent-lokantasi-aciliyor\/\",\"name\":\"B\u00fcy\u00fck\u015fehir'in Kent Lokantas\u0131 a\u00e7\u0131l\u0131yor - Av. Deniz Can K\u0131z\u0131l\",\"isPartOf\":{\"@id\":\"https:\/\/denizcankizil.tr\/de\/#website\"},\"datePublished\":\"2025-06-26T09:41:20+00:00\",\"breadcrumb\":{\"@id\":\"http:\/\/denizcankizil.tr\/ru\/haberler\/antalya\/buyuksehirin-kent-lokantasi-aciliyor\/#breadcrumb\"},\"inLanguage\":\"de\",\"potentialAction\":[{\"@type\":\"ReadAction\",\"target\":[\"http:\/\/denizcankizil.tr\/ru\/haberler\/antalya\/buyuksehirin-kent-lokantasi-aciliyor\/\"]}]},{\"@type\":\"BreadcrumbList\",\"@id\":\"http:\/\/denizcankizil.tr\/ru\/haberler\/antalya\/buyuksehirin-kent-lokantasi-aciliyor\/#breadcrumb\",\"itemListElement\":[{\"@type\":\"ListItem\",\"position\":1,\"name\":\"Home\",\"item\":\"https:\/\/denizcankizil.tr\/de\/\"},{\"@type\":\"ListItem\",\"position\":2,\"name\":\"B\u00fcy\u00fck\u015fehir&#8217;in Kent Lokantas\u0131 a\u00e7\u0131l\u0131yor\"}]},{\"@type\":\"WebSite\",\"@id\":\"https:\/\/denizcankizil.tr\/de\/#website\",\"url\":\"https:\/\/denizcankizil.tr\/de\/\",\"name\":\"Av. Deniz Can K\u0131z\u0131l\",\"description\":\"Avukat Deniz Can K\u0131z\u0131l Antalya Barosu\",\"publisher\":{\"@id\":\"https:\/\/denizcankizil.tr\/de\/#organization\"},\"potentialAction\":[{\"@type\":\"SearchAction\",\"target\":{\"@type\":\"EntryPoint\",\"urlTemplate\":\"https:\/\/denizcankizil.tr\/de\/?s={search_term_string}\"},\"query-input\":{\"@type\":\"PropertyValueSpecification\",\"valueRequired\":true,\"valueName\":\"search_term_string\"}}],\"inLanguage\":\"de\"},{\"@type\":\"Organization\",\"@id\":\"https:\/\/denizcankizil.tr\/de\/#organization\",\"name\":\"Av. Deniz Can K\u0131z\u0131l\",\"url\":\"https:\/\/denizcankizil.tr\/de\/\",\"logo\":{\"@type\":\"ImageObject\",\"inLanguage\":\"de\",\"@id\":\"https:\/\/denizcankizil.tr\/de\/#\/schema\/logo\/image\/\",\"url\":\"http:\/\/denizcankizil.tr\/wp-content\/uploads\/2024\/10\/siyah-logo-svg.svg\",\"contentUrl\":\"http:\/\/denizcankizil.tr\/wp-content\/uploads\/2024\/10\/siyah-logo-svg.svg\",\"width\":1080,\"height\":1080,\"caption\":\"Av. Deniz Can K\u0131z\u0131l\"},\"image\":{\"@id\":\"https:\/\/denizcankizil.tr\/de\/#\/schema\/logo\/image\/\"}},{\"@type\":\"Person\",\"@id\":\"https:\/\/denizcankizil.tr\/de\/#\/schema\/person\/5dc1b22991bd7ac833867c10afc9b0ff\",\"name\":\"Av. Deniz Can K\u0131z\u0131l\",\"image\":{\"@type\":\"ImageObject\",\"inLanguage\":\"de\",\"@id\":\"https:\/\/denizcankizil.tr\/de\/#\/schema\/person\/image\/\",\"url\":\"https:\/\/secure.gravatar.com\/avatar\/a0b128fb9855c79efc976d5640eedb31dc35ec297594d6016d2cf7c60e975bb6?s=96&d=mm&r=g\",\"contentUrl\":\"https:\/\/secure.gravatar.com\/avatar\/a0b128fb9855c79efc976d5640eedb31dc35ec297594d6016d2cf7c60e975bb6?s=96&d=mm&r=g\",\"caption\":\"Av. Deniz Can K\u0131z\u0131l\"},\"sameAs\":[\"http:\/\/www.denizcankizil.tr\"],\"url\":\"http:\/\/denizcankizil.tr\/de\/author\/denizcankizil\/\"}]}<\/script>\n<!-- \/ Yoast SEO Premium plugin. -->","yoast_head_json":{"title":"B\u00fcy\u00fck\u015fehir'in Kent Lokantas\u0131 a\u00e7\u0131l\u0131yor - Av. Deniz Can K\u0131z\u0131l","robots":{"index":"index","follow":"follow","max-snippet":"max-snippet:-1","max-image-preview":"max-image-preview:large","max-video-preview":"max-video-preview:-1"},"canonical":"http:\/\/denizcankizil.tr\/de\/haberler\/antalya\/buyuksehirin-kent-lokantasi-aciliyor\/","og_locale":"de_DE","og_type":"article","og_title":"B\u00fcy\u00fck\u015fehir'in Kent Lokantas\u0131 a\u00e7\u0131l\u0131yor","og_description":"Antalya B\u00fcy\u00fck\u015fehir Belediyesi, dar gelirli kent sakinleri, \u00f6\u011frenciler ve emeklilere y\u00f6nelik olarak, uygun fiyatl\u0131, sa\u011fl\u0131kl\u0131 ve kaliteli yemek hizmeti sunacak Kent Lokantas\u0131&#8217;n\u0131 hayata ge\u00e7iriyor. Antalya B\u00fcy\u00fck\u015fehir Belediyesi&#8217;nin i\u015ftiraklerinden olan EKDA\u011e A.\u015e. taraf\u0131ndan i\u015fletilecek Kent Lokantas\u0131, Kepez il\u00e7esi 5 Temmuz Kurtulu\u015f Caddesi \u00fczerinde, Sur Yap\u0131 100. Y\u0131l Park\u0131 i\u00e7erisinde hizmet verecek. Antalya B\u00fcy\u00fck\u015fehir Belediyesi&#8217;nin ekonomik zorluklar nedeniyle \u00f6\u011f\u00fcn atlamak zorunda kalan ya da d\u0131\u015far\u0131da yemek yemeyi l\u00fcks haline getirmi\u015f yurtta\u015flara destek olmay\u0131 hedefledi\u011fi Kent Lokantas\u0131 projesinin sadece Sur Yap\u0131 Kent Lokantas\u0131&#8217;yla s\u0131n\u0131rl\u0131 kalmayaca\u011f\u0131, ilerleyen g\u00fcnlerde, \u015fehrin farkl\u0131 noktalar\u0131nda yeni Kent Lokantalar\u0131 a\u00e7\u0131lmas\u0131 planland\u0131\u011f\u0131 belirtildi. &#8216;T\u00dcM ANTALYALILARI BEKL\u0130YORUZ&#8217; EKDA\u011e A.\u015e. Genel M\u00fcd\u00fcr\u00fc Ahmet Ayd\u0131n, &#8220;Sosyal belediyecili\u011fin en g\u00fczel \u00f6rneklerini, Muhittin B\u00f6cek Ba\u015fkan\u0131m\u0131zla birlikte, Antalya&#8217;da bir\u00e7ok defa g\u00f6rd\u00fck. Halk Ekmek, halk mama, halk s\u00fct, sosyal tesisler ve plajlar gibi bir\u00e7ok projeyi hayata ge\u00e7irdi. Buna \u015fimdi bir yenisini daha eklemenin mutlulu\u011funu ya\u015f\u0131yoruz. T\u00fcrkiye&#8217;mizin i\u00e7inde bulundu\u011fu ekonomik durum belli. \u0130nsanlar\u0131m\u0131z, ihtiya\u00e7lar\u0131n\u0131 kar\u015f\u0131lamakta zorlan\u0131yor. Hijyenik ve uygun ekonomik ko\u015fullarda hizmet verecek Kent Lokantam\u0131zda hafta i\u00e7i her g\u00fcn 4 \u00e7e\u015fit s\u0131cak yemek 90 TL&#8217;den vatanda\u015f\u0131m\u0131zla sunulacak. Kent Lokantam\u0131z \u015fimdiden hay\u0131rl\u0131 olsun&#8221; diye konu\u015ftu. Kaynak: www.kanalv.com.tr Haber Sitesinden Al\u0131nm\u0131\u015ft\u0131r.","og_url":"http:\/\/denizcankizil.tr\/de\/haberler\/antalya\/buyuksehirin-kent-lokantasi-aciliyor\/","og_site_name":"Av. Deniz Can K\u0131z\u0131l","article_published_time":"2025-06-26T09:41:20+00:00","author":"Av. Deniz Can K\u0131z\u0131l","twitter_card":"summary_large_image","twitter_misc":{"Verfasst von":"Av. Deniz Can K\u0131z\u0131l","Gesch\u00e4tzte Lesezeit":"1\u00a0Minute"},"schema":{"@context":"https:\/\/schema.org","@graph":[{"@type":"Article","@id":"http:\/\/denizcankizil.tr\/ru\/haberler\/antalya\/buyuksehirin-kent-lokantasi-aciliyor\/#article","isPartOf":{"@id":"http:\/\/denizcankizil.tr\/ru\/haberler\/antalya\/buyuksehirin-kent-lokantasi-aciliyor\/"},"author":{"name":"Av. Deniz Can K\u0131z\u0131l","@id":"https:\/\/denizcankizil.tr\/de\/#\/schema\/person\/5dc1b22991bd7ac833867c10afc9b0ff"},"headline":"B\u00fcy\u00fck\u015fehir&#8217;in Kent Lokantas\u0131 a\u00e7\u0131l\u0131yor","datePublished":"2025-06-26T09:41:20+00:00","mainEntityOfPage":{"@id":"http:\/\/denizcankizil.tr\/ru\/haberler\/antalya\/buyuksehirin-kent-lokantasi-aciliyor\/"},"wordCount":268,"publisher":{"@id":"https:\/\/denizcankizil.tr\/de\/#organization"},"articleSection":["Antalya"],"inLanguage":"de"},{"@type":"WebPage","@id":"http:\/\/denizcankizil.tr\/ru\/haberler\/antalya\/buyuksehirin-kent-lokantasi-aciliyor\/","url":"http:\/\/denizcankizil.tr\/ru\/haberler\/antalya\/buyuksehirin-kent-lokantasi-aciliyor\/","name":"B\u00fcy\u00fck\u015fehir'in Kent Lokantas\u0131 a\u00e7\u0131l\u0131yor - Av. Deniz Can K\u0131z\u0131l","isPartOf":{"@id":"https:\/\/denizcankizil.tr\/de\/#website"},"datePublished":"2025-06-26T09:41:20+00:00","breadcrumb":{"@id":"http:\/\/denizcankizil.tr\/ru\/haberler\/antalya\/buyuksehirin-kent-lokantasi-aciliyor\/#breadcrumb"},"inLanguage":"de","potentialAction":[{"@type":"ReadAction","target":["http:\/\/denizcankizil.tr\/ru\/haberler\/antalya\/buyuksehirin-kent-lokantasi-aciliyor\/"]}]},{"@type":"BreadcrumbList","@id":"http:\/\/denizcankizil.tr\/ru\/haberler\/antalya\/buyuksehirin-kent-lokantasi-aciliyor\/#breadcrumb","itemListElement":[{"@type":"ListItem","position":1,"name":"Home","item":"https:\/\/denizcankizil.tr\/de\/"},{"@type":"ListItem","position":2,"name":"B\u00fcy\u00fck\u015fehir&#8217;in Kent Lokantas\u0131 a\u00e7\u0131l\u0131yor"}]},{"@type":"WebSite","@id":"https:\/\/denizcankizil.tr\/de\/#website","url":"https:\/\/denizcankizil.tr\/de\/","name":"Av. Deniz Can K\u0131z\u0131l","description":"Avukat Deniz Can K\u0131z\u0131l Antalya Barosu","publisher":{"@id":"https:\/\/denizcankizil.tr\/de\/#organization"},"potentialAction":[{"@type":"SearchAction","target":{"@type":"EntryPoint","urlTemplate":"https:\/\/denizcankizil.tr\/de\/?s={search_term_string}"},"query-input":{"@type":"PropertyValueSpecification","valueRequired":true,"valueName":"search_term_string"}}],"inLanguage":"de"},{"@type":"Organization","@id":"https:\/\/denizcankizil.tr\/de\/#organization","name":"Av. Deniz Can K\u0131z\u0131l","url":"https:\/\/denizcankizil.tr\/de\/","logo":{"@type":"ImageObject","inLanguage":"de","@id":"https:\/\/denizcankizil.tr\/de\/#\/schema\/logo\/image\/","url":"http:\/\/denizcankizil.tr\/wp-content\/uploads\/2024\/10\/siyah-logo-svg.svg","contentUrl":"http:\/\/denizcankizil.tr\/wp-content\/uploads\/2024\/10\/siyah-logo-svg.svg","width":1080,"height":1080,"caption":"Av. Deniz Can K\u0131z\u0131l"},"image":{"@id":"https:\/\/denizcankizil.tr\/de\/#\/schema\/logo\/image\/"}},{"@type":"Person","@id":"https:\/\/denizcankizil.tr\/de\/#\/schema\/person\/5dc1b22991bd7ac833867c10afc9b0ff","name":"Av. Deniz Can K\u0131z\u0131l","image":{"@type":"ImageObject","inLanguage":"de","@id":"https:\/\/denizcankizil.tr\/de\/#\/schema\/person\/image\/","url":"https:\/\/secure.gravatar.com\/avatar\/a0b128fb9855c79efc976d5640eedb31dc35ec297594d6016d2cf7c60e975bb6?s=96&d=mm&r=g","contentUrl":"https:\/\/secure.gravatar.com\/avatar\/a0b128fb9855c79efc976d5640eedb31dc35ec297594d6016d2cf7c60e975bb6?s=96&d=mm&r=g","caption":"Av. Deniz Can K\u0131z\u0131l"},"sameAs":["http:\/\/www.denizcankizil.tr"],"url":"http:\/\/denizcankizil.tr\/de\/author\/denizcankizil\/"}]}},"_links":{"self":[{"href":"http:\/\/denizcankizil.tr\/de\/wp-json\/wp\/v2\/posts\/127067","targetHints":{"allow":["GET"]}}],"collection":[{"href":"http:\/\/denizcankizil.tr\/de\/wp-json\/wp\/v2\/posts"}],"about":[{"href":"http:\/\/denizcankizil.tr\/de\/wp-json\/wp\/v2\/types\/post"}],"author":[{"embeddable":true,"href":"http:\/\/denizcankizil.tr\/de\/wp-json\/wp\/v2\/users\/4"}],"replies":[{"embeddable":true,"href":"http:\/\/denizcankizil.tr\/de\/wp-json\/wp\/v2\/comments?post=127067"}],"version-history":[{"count":0,"href":"http:\/\/denizcankizil.tr\/de\/wp-json\/wp\/v2\/posts\/127067\/revisions"}],"wp:attachment":[{"href":"http:\/\/denizcankizil.tr\/de\/wp-json\/wp\/v2\/media?parent=127067"}],"wp:term":[{"taxonomy":"category","embeddable":true,"href":"http:\/\/denizcankizil.tr\/de\/wp-json\/wp\/v2\/categories?post=127067"},{"taxonomy":"post_tag","embeddable":true,"href":"http:\/\/denizcankizil.tr\/de\/wp-json\/wp\/v2\/tags?post=127067"}],"curies":[{"name":"wp","href":"https:\/\/api.w.org\/{rel}","templated":true}]}}