{"id":125059,"date":"2025-06-24T11:42:19","date_gmt":"2025-06-24T08:42:19","guid":{"rendered":"https:\/\/denizcankizil.tr\/uncategorized-tr\/izmir-buyuksehir-magdur-aileyi-yalniz-birakmadi\/"},"modified":"2025-06-24T11:42:19","modified_gmt":"2025-06-24T08:42:19","slug":"izmir-buyuksehir-magdur-aileyi-yalniz-birakmadi","status":"publish","type":"post","link":"http:\/\/denizcankizil.tr\/de\/haberler\/gundem\/izmir-buyuksehir-magdur-aileyi-yalniz-birakmadi\/","title":{"rendered":"\u0130zmir B\u00fcy\u00fck\u015fehir ma\u011fdur aileyi yaln\u0131z b\u0131rakmad\u0131"},"content":{"rendered":"<p>\u0130zmir B\u00fcy\u00fck\u015fehir Belediyesi  Buca Onat T\u00fcneli in\u015faat\u0131 s\u0131ras\u0131nda evi zarar g\u00f6ren aileyi Uzundere konutlar\u0131na ta\u015f\u0131d\u0131\u0130ZM\u0130R (\u0130GFA) &#8211; \u0130zmir B\u00fcy\u00fck\u015fehir Belediyesi, Buca Onat T\u00fcneli in\u015faat\u0131 s\u0131ras\u0131nda evi zarar g\u00f6ren aileyi, Karaba\u011flar Uzundere\u2019deki konutlara ta\u015f\u0131d\u0131. Aile 12 ay boyunca burada kira \u00f6demeden oturabilecek.<br \/>\n\u0130zmir B\u00fcy\u00fck\u015fehir Belediyesi, Buca ile Bornova\u2019y\u0131 birbirine ba\u011flamas\u0131 planlanan Buca Onat T\u00fcneli\u2019nin in\u015faat\u0131 s\u0131ras\u0131nda evinin duvar\u0131 y\u0131k\u0131lan aileye yard\u0131m eli uzatt\u0131. Konak Atamer Mahallesi 2613 Sokak, 23 numaral\u0131 yap\u0131n\u0131n zemin kat\u0131nda ya\u015fayan Fahriye ve Ersen K\u0131l\u0131\u00e7 ile g\u00f6r\u00fc\u015fen B\u00fcy\u00fck\u015fehir ekipleri, ailenin evden ta\u015f\u0131nmas\u0131 konusunda uzla\u015fmaya vard\u0131. \u0130zmir B\u00fcy\u00fck\u015fehir Belediyesi ekipleri, evdeki e\u015fyalar\u0131 toplayarak nakliye arac\u0131na yerle\u015ftirdi. Ard\u0131ndan aileyi belediyenin Uzundere konutlar\u0131ndaki bo\u015f  daireye ta\u015f\u0131d\u0131.<br \/>\nBir y\u0131l s\u00fcreyle oturabilecekler<br \/>\nAile, bir y\u0131l s\u00fcreyle konutta kira \u00f6demeden oturabilecek. \u0130zmir B\u00fcy\u00fck\u015fehir Belediyesi zarar g\u00f6ren evin kamula\u015ft\u0131rma \u00e7al\u0131\u015fmalar\u0131n\u0131 s\u00fcrd\u00fcr\u00fcyor.<\/p>\n<p>\u200b\u0130zmir B\u00fcy\u00fck\u015fehir Belediyesi  Buca Onat T\u00fcneli in\u015faat\u0131 s\u0131ras\u0131nda evi zarar g\u00f6ren aileyi Uzundere konutlar\u0131na ta\u015f\u0131d\u0131\u0130ZM\u0130R (\u0130GFA) &#8211; \u0130zmir B\u00fcy\u00fck\u015fehir Belediyesi, Buca Onat T\u00fcneli in\u015faat\u0131 s\u0131ras\u0131nda evi zarar g\u00f6ren aileyi, Karaba\u011flar Uzundere\u2019deki konutlara ta\u015f\u0131d\u0131. Aile 12 ay boyunca burada kira \u00f6demeden oturabilecek.<br \/>\n\u0130zmir B\u00fcy\u00fck\u015fehir Belediyesi, Buca ile Bornova\u2019y\u0131 birbirine ba\u011flamas\u0131 planlanan Buca Onat T\u00fcneli\u2019nin in\u015faat\u0131 s\u0131ras\u0131nda evinin duvar\u0131 y\u0131k\u0131lan aileye yard\u0131m eli uzatt\u0131. Konak Atamer Mahallesi 2613 Sokak, 23 numaral\u0131 yap\u0131n\u0131n zemin kat\u0131nda ya\u015fayan Fahriye ve Ersen K\u0131l\u0131\u00e7 ile g\u00f6r\u00fc\u015fen B\u00fcy\u00fck\u015fehir ekipleri, ailenin evden ta\u015f\u0131nmas\u0131 konusunda uzla\u015fmaya vard\u0131. \u0130zmir B\u00fcy\u00fck\u015fehir Belediyesi ekipleri, evdeki e\u015fyalar\u0131 toplayarak nakliye arac\u0131na yerle\u015ftirdi. Ard\u0131ndan aileyi belediyenin Uzundere konutlar\u0131ndaki bo\u015f  daireye ta\u015f\u0131d\u0131.<br \/>\nBir y\u0131l s\u00fcreyle oturabilecekler<br \/>\nAile, bir y\u0131l s\u00fcreyle konutta kira \u00f6demeden oturabilecek. \u0130zmir B\u00fcy\u00fck\u015fehir Belediyesi zarar g\u00f6ren evin kamula\u015ft\u0131rma \u00e7al\u0131\u015fmalar\u0131n\u0131 s\u00fcrd\u00fcr\u00fcyor.\u00a0<\/p>\n<p>\u200bHaberin Al\u0131nt\u0131land\u0131\u011f\u0131 Kaynak: www.iskenderun.org<\/p>","protected":false},"excerpt":{"rendered":"<p>\u0130zmir B\u00fcy\u00fck\u015fehir Belediyesi Buca Onat T\u00fcneli in\u015faat\u0131 s\u0131ras\u0131nda evi zarar g\u00f6ren aileyi Uzundere konutlar\u0131na ta\u015f\u0131d\u0131\u0130ZM\u0130R (\u0130GFA) &#8211; \u0130zmir B\u00fcy\u00fck\u015fehir Belediyesi, Buca Onat T\u00fcneli in\u015faat\u0131 s\u0131ras\u0131nda evi zarar g\u00f6ren aileyi, Karaba\u011flar Uzundere\u2019deki konutlara ta\u015f\u0131d\u0131. Aile 12 ay boyunca burada kira \u00f6demeden oturabilecek. \u0130zmir B\u00fcy\u00fck\u015fehir Belediyesi, Buca ile Bornova\u2019y\u0131 birbirine ba\u011flamas\u0131 planlanan Buca Onat T\u00fcneli\u2019nin in\u015faat\u0131 s\u0131ras\u0131nda evinin duvar\u0131 y\u0131k\u0131lan aileye yard\u0131m eli uzatt\u0131. Konak Atamer Mahallesi 2613 Sokak, 23 numaral\u0131 yap\u0131n\u0131n zemin kat\u0131nda ya\u015fayan Fahriye ve Ersen K\u0131l\u0131\u00e7 ile g\u00f6r\u00fc\u015fen B\u00fcy\u00fck\u015fehir ekipleri, ailenin evden ta\u015f\u0131nmas\u0131 konusunda uzla\u015fmaya vard\u0131. \u0130zmir B\u00fcy\u00fck\u015fehir Belediyesi ekipleri, evdeki e\u015fyalar\u0131 toplayarak nakliye arac\u0131na yerle\u015ftirdi. Ard\u0131ndan aileyi belediyenin Uzundere konutlar\u0131ndaki bo\u015f daireye ta\u015f\u0131d\u0131. Bir y\u0131l s\u00fcreyle oturabilecekler Aile, bir y\u0131l s\u00fcreyle konutta kira \u00f6demeden oturabilecek. \u0130zmir B\u00fcy\u00fck\u015fehir Belediyesi zarar g\u00f6ren evin kamula\u015ft\u0131rma \u00e7al\u0131\u015fmalar\u0131n\u0131 s\u00fcrd\u00fcr\u00fcyor. \u200b\u0130zmir B\u00fcy\u00fck\u015fehir Belediyesi Buca Onat T\u00fcneli in\u015faat\u0131 s\u0131ras\u0131nda evi zarar g\u00f6ren aileyi Uzundere konutlar\u0131na ta\u015f\u0131d\u0131\u0130ZM\u0130R (\u0130GFA) &#8211; \u0130zmir B\u00fcy\u00fck\u015fehir Belediyesi, Buca Onat T\u00fcneli in\u015faat\u0131 s\u0131ras\u0131nda evi zarar g\u00f6ren aileyi, Karaba\u011flar Uzundere\u2019deki konutlara ta\u015f\u0131d\u0131. Aile 12 ay boyunca burada kira \u00f6demeden oturabilecek. \u0130zmir B\u00fcy\u00fck\u015fehir Belediyesi, Buca ile Bornova\u2019y\u0131 birbirine ba\u011flamas\u0131 planlanan Buca Onat T\u00fcneli\u2019nin in\u015faat\u0131 s\u0131ras\u0131nda evinin duvar\u0131 y\u0131k\u0131lan aileye yard\u0131m eli uzatt\u0131. Konak Atamer Mahallesi 2613 Sokak, 23 numaral\u0131 yap\u0131n\u0131n zemin kat\u0131nda ya\u015fayan Fahriye &hellip;<\/p>","protected":false},"author":1,"featured_media":0,"comment_status":"","ping_status":"open","sticky":false,"template":"","format":"standard","meta":{"_acf_changed":false,"footnotes":""},"categories":[24],"tags":[],"class_list":["post-125059","post","type-post","status-publish","format-standard","has-post-thumbnail","hentry","category-gundem"],"acf":[],"yoast_head":"<!-- This site is optimized with the Yoast SEO Premium plugin v26.6 (Yoast SEO v27.1.1) - https:\/\/yoast.com\/product\/yoast-seo-premium-wordpress\/ -->\n<title>\u0130zmir B\u00fcy\u00fck\u015fehir ma\u011fdur aileyi yaln\u0131z b\u0131rakmad\u0131 - Av. Deniz Can K\u0131z\u0131l<\/title>\n<meta name=\"robots\" content=\"index, follow, max-snippet:-1, max-image-preview:large, max-video-preview:-1\" \/>\n<link rel=\"canonical\" href=\"https:\/\/denizcankizil.tr\/de\/haberler\/gundem\/izmir-buyuksehir-magdur-aileyi-yalniz-birakmadi\/\" \/>\n<meta property=\"og:locale\" content=\"de_DE\" \/>\n<meta property=\"og:type\" content=\"article\" \/>\n<meta property=\"og:title\" content=\"\u0130zmir B\u00fcy\u00fck\u015fehir ma\u011fdur aileyi yaln\u0131z b\u0131rakmad\u0131\" \/>\n<meta property=\"og:description\" content=\"\u0130zmir B\u00fcy\u00fck\u015fehir Belediyesi Buca Onat T\u00fcneli in\u015faat\u0131 s\u0131ras\u0131nda evi zarar g\u00f6ren aileyi Uzundere konutlar\u0131na ta\u015f\u0131d\u0131\u0130ZM\u0130R (\u0130GFA) &#8211; \u0130zmir B\u00fcy\u00fck\u015fehir Belediyesi, Buca Onat T\u00fcneli in\u015faat\u0131 s\u0131ras\u0131nda evi zarar g\u00f6ren aileyi, Karaba\u011flar Uzundere\u2019deki konutlara ta\u015f\u0131d\u0131. Aile 12 ay boyunca burada kira \u00f6demeden oturabilecek. \u0130zmir B\u00fcy\u00fck\u015fehir Belediyesi, Buca ile Bornova\u2019y\u0131 birbirine ba\u011flamas\u0131 planlanan Buca Onat T\u00fcneli\u2019nin in\u015faat\u0131 s\u0131ras\u0131nda evinin duvar\u0131 y\u0131k\u0131lan aileye yard\u0131m eli uzatt\u0131. Konak Atamer Mahallesi 2613 Sokak, 23 numaral\u0131 yap\u0131n\u0131n zemin kat\u0131nda ya\u015fayan Fahriye ve Ersen K\u0131l\u0131\u00e7 ile g\u00f6r\u00fc\u015fen B\u00fcy\u00fck\u015fehir ekipleri, ailenin evden ta\u015f\u0131nmas\u0131 konusunda uzla\u015fmaya vard\u0131. \u0130zmir B\u00fcy\u00fck\u015fehir Belediyesi ekipleri, evdeki e\u015fyalar\u0131 toplayarak nakliye arac\u0131na yerle\u015ftirdi. Ard\u0131ndan aileyi belediyenin Uzundere konutlar\u0131ndaki bo\u015f daireye ta\u015f\u0131d\u0131. Bir y\u0131l s\u00fcreyle oturabilecekler Aile, bir y\u0131l s\u00fcreyle konutta kira \u00f6demeden oturabilecek. \u0130zmir B\u00fcy\u00fck\u015fehir Belediyesi zarar g\u00f6ren evin kamula\u015ft\u0131rma \u00e7al\u0131\u015fmalar\u0131n\u0131 s\u00fcrd\u00fcr\u00fcyor. \u200b\u0130zmir B\u00fcy\u00fck\u015fehir Belediyesi Buca Onat T\u00fcneli in\u015faat\u0131 s\u0131ras\u0131nda evi zarar g\u00f6ren aileyi Uzundere konutlar\u0131na ta\u015f\u0131d\u0131\u0130ZM\u0130R (\u0130GFA) &#8211; \u0130zmir B\u00fcy\u00fck\u015fehir Belediyesi, Buca Onat T\u00fcneli in\u015faat\u0131 s\u0131ras\u0131nda evi zarar g\u00f6ren aileyi, Karaba\u011flar Uzundere\u2019deki konutlara ta\u015f\u0131d\u0131. Aile 12 ay boyunca burada kira \u00f6demeden oturabilecek. \u0130zmir B\u00fcy\u00fck\u015fehir Belediyesi, Buca ile Bornova\u2019y\u0131 birbirine ba\u011flamas\u0131 planlanan Buca Onat T\u00fcneli\u2019nin in\u015faat\u0131 s\u0131ras\u0131nda evinin duvar\u0131 y\u0131k\u0131lan aileye yard\u0131m eli uzatt\u0131. Konak Atamer Mahallesi 2613 Sokak, 23 numaral\u0131 yap\u0131n\u0131n zemin kat\u0131nda ya\u015fayan Fahriye &hellip;\" \/>\n<meta property=\"og:url\" content=\"https:\/\/denizcankizil.tr\/de\/haberler\/gundem\/izmir-buyuksehir-magdur-aileyi-yalniz-birakmadi\/\" \/>\n<meta property=\"og:site_name\" content=\"Av. Deniz Can K\u0131z\u0131l\" \/>\n<meta property=\"article:published_time\" content=\"2025-06-24T08:42:19+00:00\" \/>\n<meta name=\"author\" content=\"admin\" \/>\n<meta name=\"twitter:card\" content=\"summary_large_image\" \/>\n<meta name=\"twitter:label1\" content=\"Verfasst von\" \/>\n\t<meta name=\"twitter:data1\" content=\"admin\" \/>\n\t<meta name=\"twitter:label2\" content=\"Gesch\u00e4tzte Lesezeit\" \/>\n\t<meta name=\"twitter:data2\" content=\"2\u00a0Minuten\" \/>\n<script type=\"application\/ld+json\" class=\"yoast-schema-graph\">{\"@context\":\"https:\/\/schema.org\",\"@graph\":[{\"@type\":\"Article\",\"@id\":\"https:\/\/denizcankizil.tr\/ru\/haberler\/gundem\/izmir-buyuksehir-magdur-aileyi-yalniz-birakmadi\/#article\",\"isPartOf\":{\"@id\":\"https:\/\/denizcankizil.tr\/ru\/haberler\/gundem\/izmir-buyuksehir-magdur-aileyi-yalniz-birakmadi\/\"},\"author\":{\"name\":\"admin\",\"@id\":\"https:\/\/denizcankizil.tr\/de\/#\/schema\/person\/be3c05fe6a12686905512445d8185489\"},\"headline\":\"\u0130zmir B\u00fcy\u00fck\u015fehir ma\u011fdur aileyi yaln\u0131z b\u0131rakmad\u0131\",\"datePublished\":\"2025-06-24T08:42:19+00:00\",\"mainEntityOfPage\":{\"@id\":\"https:\/\/denizcankizil.tr\/ru\/haberler\/gundem\/izmir-buyuksehir-magdur-aileyi-yalniz-birakmadi\/\"},\"wordCount\":410,\"publisher\":{\"@id\":\"https:\/\/denizcankizil.tr\/de\/#organization\"},\"articleSection\":[\"G\u00fcndem\"],\"inLanguage\":\"de\"},{\"@type\":\"WebPage\",\"@id\":\"https:\/\/denizcankizil.tr\/ru\/haberler\/gundem\/izmir-buyuksehir-magdur-aileyi-yalniz-birakmadi\/\",\"url\":\"https:\/\/denizcankizil.tr\/ru\/haberler\/gundem\/izmir-buyuksehir-magdur-aileyi-yalniz-birakmadi\/\",\"name\":\"\u0130zmir B\u00fcy\u00fck\u015fehir ma\u011fdur aileyi yaln\u0131z b\u0131rakmad\u0131 - Av. Deniz Can K\u0131z\u0131l\",\"isPartOf\":{\"@id\":\"https:\/\/denizcankizil.tr\/de\/#website\"},\"datePublished\":\"2025-06-24T08:42:19+00:00\",\"breadcrumb\":{\"@id\":\"https:\/\/denizcankizil.tr\/ru\/haberler\/gundem\/izmir-buyuksehir-magdur-aileyi-yalniz-birakmadi\/#breadcrumb\"},\"inLanguage\":\"de\",\"potentialAction\":[{\"@type\":\"ReadAction\",\"target\":[\"https:\/\/denizcankizil.tr\/ru\/haberler\/gundem\/izmir-buyuksehir-magdur-aileyi-yalniz-birakmadi\/\"]}]},{\"@type\":\"BreadcrumbList\",\"@id\":\"https:\/\/denizcankizil.tr\/ru\/haberler\/gundem\/izmir-buyuksehir-magdur-aileyi-yalniz-birakmadi\/#breadcrumb\",\"itemListElement\":[{\"@type\":\"ListItem\",\"position\":1,\"name\":\"Home\",\"item\":\"https:\/\/denizcankizil.tr\/de\/\"},{\"@type\":\"ListItem\",\"position\":2,\"name\":\"\u0130zmir B\u00fcy\u00fck\u015fehir ma\u011fdur aileyi yaln\u0131z b\u0131rakmad\u0131\"}]},{\"@type\":\"WebSite\",\"@id\":\"https:\/\/denizcankizil.tr\/de\/#website\",\"url\":\"https:\/\/denizcankizil.tr\/de\/\",\"name\":\"Av. Deniz Can K\u0131z\u0131l\",\"description\":\"Avukat Deniz Can K\u0131z\u0131l Antalya Barosu\",\"publisher\":{\"@id\":\"https:\/\/denizcankizil.tr\/de\/#organization\"},\"potentialAction\":[{\"@type\":\"SearchAction\",\"target\":{\"@type\":\"EntryPoint\",\"urlTemplate\":\"https:\/\/denizcankizil.tr\/de\/?s={search_term_string}\"},\"query-input\":{\"@type\":\"PropertyValueSpecification\",\"valueRequired\":true,\"valueName\":\"search_term_string\"}}],\"inLanguage\":\"de\"},{\"@type\":\"Organization\",\"@id\":\"https:\/\/denizcankizil.tr\/de\/#organization\",\"name\":\"Av. Deniz Can K\u0131z\u0131l\",\"url\":\"https:\/\/denizcankizil.tr\/de\/\",\"logo\":{\"@type\":\"ImageObject\",\"inLanguage\":\"de\",\"@id\":\"https:\/\/denizcankizil.tr\/de\/#\/schema\/logo\/image\/\",\"url\":\"http:\/\/denizcankizil.tr\/wp-content\/uploads\/2024\/10\/siyah-logo-svg.svg\",\"contentUrl\":\"http:\/\/denizcankizil.tr\/wp-content\/uploads\/2024\/10\/siyah-logo-svg.svg\",\"width\":1080,\"height\":1080,\"caption\":\"Av. Deniz Can K\u0131z\u0131l\"},\"image\":{\"@id\":\"https:\/\/denizcankizil.tr\/de\/#\/schema\/logo\/image\/\"}},{\"@type\":\"Person\",\"@id\":\"https:\/\/denizcankizil.tr\/de\/#\/schema\/person\/be3c05fe6a12686905512445d8185489\",\"name\":\"admin\",\"image\":{\"@type\":\"ImageObject\",\"inLanguage\":\"de\",\"@id\":\"https:\/\/denizcankizil.tr\/de\/#\/schema\/person\/image\/\",\"url\":\"https:\/\/secure.gravatar.com\/avatar\/c1fce94c830dc79107e174f890d7210541c4a63e8e5d816341794a2151c9d58c?s=96&d=mm&r=g\",\"contentUrl\":\"https:\/\/secure.gravatar.com\/avatar\/c1fce94c830dc79107e174f890d7210541c4a63e8e5d816341794a2151c9d58c?s=96&d=mm&r=g\",\"caption\":\"admin\"},\"sameAs\":[\"http:\/\/denizcankizil.tr\"],\"url\":\"https:\/\/www.iskenderun.org\/izmir-buyuksehir-magdur-aileyi-yalniz-birakmadi\"}]}<\/script>\n<!-- \/ Yoast SEO Premium plugin. -->","yoast_head_json":{"title":"\u0130zmir B\u00fcy\u00fck\u015fehir ma\u011fdur aileyi yaln\u0131z b\u0131rakmad\u0131 - Av. Deniz Can K\u0131z\u0131l","robots":{"index":"index","follow":"follow","max-snippet":"max-snippet:-1","max-image-preview":"max-image-preview:large","max-video-preview":"max-video-preview:-1"},"canonical":"https:\/\/denizcankizil.tr\/de\/haberler\/gundem\/izmir-buyuksehir-magdur-aileyi-yalniz-birakmadi\/","og_locale":"de_DE","og_type":"article","og_title":"\u0130zmir B\u00fcy\u00fck\u015fehir ma\u011fdur aileyi yaln\u0131z b\u0131rakmad\u0131","og_description":"\u0130zmir B\u00fcy\u00fck\u015fehir Belediyesi Buca Onat T\u00fcneli in\u015faat\u0131 s\u0131ras\u0131nda evi zarar g\u00f6ren aileyi Uzundere konutlar\u0131na ta\u015f\u0131d\u0131\u0130ZM\u0130R (\u0130GFA) &#8211; \u0130zmir B\u00fcy\u00fck\u015fehir Belediyesi, Buca Onat T\u00fcneli in\u015faat\u0131 s\u0131ras\u0131nda evi zarar g\u00f6ren aileyi, Karaba\u011flar Uzundere\u2019deki konutlara ta\u015f\u0131d\u0131. Aile 12 ay boyunca burada kira \u00f6demeden oturabilecek. \u0130zmir B\u00fcy\u00fck\u015fehir Belediyesi, Buca ile Bornova\u2019y\u0131 birbirine ba\u011flamas\u0131 planlanan Buca Onat T\u00fcneli\u2019nin in\u015faat\u0131 s\u0131ras\u0131nda evinin duvar\u0131 y\u0131k\u0131lan aileye yard\u0131m eli uzatt\u0131. Konak Atamer Mahallesi 2613 Sokak, 23 numaral\u0131 yap\u0131n\u0131n zemin kat\u0131nda ya\u015fayan Fahriye ve Ersen K\u0131l\u0131\u00e7 ile g\u00f6r\u00fc\u015fen B\u00fcy\u00fck\u015fehir ekipleri, ailenin evden ta\u015f\u0131nmas\u0131 konusunda uzla\u015fmaya vard\u0131. \u0130zmir B\u00fcy\u00fck\u015fehir Belediyesi ekipleri, evdeki e\u015fyalar\u0131 toplayarak nakliye arac\u0131na yerle\u015ftirdi. Ard\u0131ndan aileyi belediyenin Uzundere konutlar\u0131ndaki bo\u015f daireye ta\u015f\u0131d\u0131. Bir y\u0131l s\u00fcreyle oturabilecekler Aile, bir y\u0131l s\u00fcreyle konutta kira \u00f6demeden oturabilecek. \u0130zmir B\u00fcy\u00fck\u015fehir Belediyesi zarar g\u00f6ren evin kamula\u015ft\u0131rma \u00e7al\u0131\u015fmalar\u0131n\u0131 s\u00fcrd\u00fcr\u00fcyor. \u200b\u0130zmir B\u00fcy\u00fck\u015fehir Belediyesi Buca Onat T\u00fcneli in\u015faat\u0131 s\u0131ras\u0131nda evi zarar g\u00f6ren aileyi Uzundere konutlar\u0131na ta\u015f\u0131d\u0131\u0130ZM\u0130R (\u0130GFA) &#8211; \u0130zmir B\u00fcy\u00fck\u015fehir Belediyesi, Buca Onat T\u00fcneli in\u015faat\u0131 s\u0131ras\u0131nda evi zarar g\u00f6ren aileyi, Karaba\u011flar Uzundere\u2019deki konutlara ta\u015f\u0131d\u0131. Aile 12 ay boyunca burada kira \u00f6demeden oturabilecek. \u0130zmir B\u00fcy\u00fck\u015fehir Belediyesi, Buca ile Bornova\u2019y\u0131 birbirine ba\u011flamas\u0131 planlanan Buca Onat T\u00fcneli\u2019nin in\u015faat\u0131 s\u0131ras\u0131nda evinin duvar\u0131 y\u0131k\u0131lan aileye yard\u0131m eli uzatt\u0131. Konak Atamer Mahallesi 2613 Sokak, 23 numaral\u0131 yap\u0131n\u0131n zemin kat\u0131nda ya\u015fayan Fahriye &hellip;","og_url":"https:\/\/denizcankizil.tr\/de\/haberler\/gundem\/izmir-buyuksehir-magdur-aileyi-yalniz-birakmadi\/","og_site_name":"Av. Deniz Can K\u0131z\u0131l","article_published_time":"2025-06-24T08:42:19+00:00","author":"admin","twitter_card":"summary_large_image","twitter_misc":{"Verfasst von":"admin","Gesch\u00e4tzte Lesezeit":"2\u00a0Minuten"},"schema":{"@context":"https:\/\/schema.org","@graph":[{"@type":"Article","@id":"https:\/\/denizcankizil.tr\/ru\/haberler\/gundem\/izmir-buyuksehir-magdur-aileyi-yalniz-birakmadi\/#article","isPartOf":{"@id":"https:\/\/denizcankizil.tr\/ru\/haberler\/gundem\/izmir-buyuksehir-magdur-aileyi-yalniz-birakmadi\/"},"author":{"name":"admin","@id":"https:\/\/denizcankizil.tr\/de\/#\/schema\/person\/be3c05fe6a12686905512445d8185489"},"headline":"\u0130zmir B\u00fcy\u00fck\u015fehir ma\u011fdur aileyi yaln\u0131z b\u0131rakmad\u0131","datePublished":"2025-06-24T08:42:19+00:00","mainEntityOfPage":{"@id":"https:\/\/denizcankizil.tr\/ru\/haberler\/gundem\/izmir-buyuksehir-magdur-aileyi-yalniz-birakmadi\/"},"wordCount":410,"publisher":{"@id":"https:\/\/denizcankizil.tr\/de\/#organization"},"articleSection":["G\u00fcndem"],"inLanguage":"de"},{"@type":"WebPage","@id":"https:\/\/denizcankizil.tr\/ru\/haberler\/gundem\/izmir-buyuksehir-magdur-aileyi-yalniz-birakmadi\/","url":"https:\/\/denizcankizil.tr\/ru\/haberler\/gundem\/izmir-buyuksehir-magdur-aileyi-yalniz-birakmadi\/","name":"\u0130zmir B\u00fcy\u00fck\u015fehir ma\u011fdur aileyi yaln\u0131z b\u0131rakmad\u0131 - Av. Deniz Can K\u0131z\u0131l","isPartOf":{"@id":"https:\/\/denizcankizil.tr\/de\/#website"},"datePublished":"2025-06-24T08:42:19+00:00","breadcrumb":{"@id":"https:\/\/denizcankizil.tr\/ru\/haberler\/gundem\/izmir-buyuksehir-magdur-aileyi-yalniz-birakmadi\/#breadcrumb"},"inLanguage":"de","potentialAction":[{"@type":"ReadAction","target":["https:\/\/denizcankizil.tr\/ru\/haberler\/gundem\/izmir-buyuksehir-magdur-aileyi-yalniz-birakmadi\/"]}]},{"@type":"BreadcrumbList","@id":"https:\/\/denizcankizil.tr\/ru\/haberler\/gundem\/izmir-buyuksehir-magdur-aileyi-yalniz-birakmadi\/#breadcrumb","itemListElement":[{"@type":"ListItem","position":1,"name":"Home","item":"https:\/\/denizcankizil.tr\/de\/"},{"@type":"ListItem","position":2,"name":"\u0130zmir B\u00fcy\u00fck\u015fehir ma\u011fdur aileyi yaln\u0131z b\u0131rakmad\u0131"}]},{"@type":"WebSite","@id":"https:\/\/denizcankizil.tr\/de\/#website","url":"https:\/\/denizcankizil.tr\/de\/","name":"Av. Deniz Can K\u0131z\u0131l","description":"Avukat Deniz Can K\u0131z\u0131l Antalya Barosu","publisher":{"@id":"https:\/\/denizcankizil.tr\/de\/#organization"},"potentialAction":[{"@type":"SearchAction","target":{"@type":"EntryPoint","urlTemplate":"https:\/\/denizcankizil.tr\/de\/?s={search_term_string}"},"query-input":{"@type":"PropertyValueSpecification","valueRequired":true,"valueName":"search_term_string"}}],"inLanguage":"de"},{"@type":"Organization","@id":"https:\/\/denizcankizil.tr\/de\/#organization","name":"Av. Deniz Can K\u0131z\u0131l","url":"https:\/\/denizcankizil.tr\/de\/","logo":{"@type":"ImageObject","inLanguage":"de","@id":"https:\/\/denizcankizil.tr\/de\/#\/schema\/logo\/image\/","url":"http:\/\/denizcankizil.tr\/wp-content\/uploads\/2024\/10\/siyah-logo-svg.svg","contentUrl":"http:\/\/denizcankizil.tr\/wp-content\/uploads\/2024\/10\/siyah-logo-svg.svg","width":1080,"height":1080,"caption":"Av. Deniz Can K\u0131z\u0131l"},"image":{"@id":"https:\/\/denizcankizil.tr\/de\/#\/schema\/logo\/image\/"}},{"@type":"Person","@id":"https:\/\/denizcankizil.tr\/de\/#\/schema\/person\/be3c05fe6a12686905512445d8185489","name":"Administrator","image":{"@type":"ImageObject","inLanguage":"de","@id":"https:\/\/denizcankizil.tr\/de\/#\/schema\/person\/image\/","url":"https:\/\/secure.gravatar.com\/avatar\/c1fce94c830dc79107e174f890d7210541c4a63e8e5d816341794a2151c9d58c?s=96&d=mm&r=g","contentUrl":"https:\/\/secure.gravatar.com\/avatar\/c1fce94c830dc79107e174f890d7210541c4a63e8e5d816341794a2151c9d58c?s=96&d=mm&r=g","caption":"admin"},"sameAs":["http:\/\/denizcankizil.tr"],"url":"https:\/\/www.iskenderun.org\/izmir-buyuksehir-magdur-aileyi-yalniz-birakmadi"}]}},"_links":{"self":[{"href":"http:\/\/denizcankizil.tr\/de\/wp-json\/wp\/v2\/posts\/125059","targetHints":{"allow":["GET"]}}],"collection":[{"href":"http:\/\/denizcankizil.tr\/de\/wp-json\/wp\/v2\/posts"}],"about":[{"href":"http:\/\/denizcankizil.tr\/de\/wp-json\/wp\/v2\/types\/post"}],"author":[{"embeddable":true,"href":"http:\/\/denizcankizil.tr\/de\/wp-json\/wp\/v2\/users\/1"}],"replies":[{"embeddable":true,"href":"http:\/\/denizcankizil.tr\/de\/wp-json\/wp\/v2\/comments?post=125059"}],"version-history":[{"count":0,"href":"http:\/\/denizcankizil.tr\/de\/wp-json\/wp\/v2\/posts\/125059\/revisions"}],"wp:attachment":[{"href":"http:\/\/denizcankizil.tr\/de\/wp-json\/wp\/v2\/media?parent=125059"}],"wp:term":[{"taxonomy":"category","embeddable":true,"href":"http:\/\/denizcankizil.tr\/de\/wp-json\/wp\/v2\/categories?post=125059"},{"taxonomy":"post_tag","embeddable":true,"href":"http:\/\/denizcankizil.tr\/de\/wp-json\/wp\/v2\/tags?post=125059"}],"curies":[{"name":"wp","href":"https:\/\/api.w.org\/{rel}","templated":true}]}}