{"id":122076,"date":"2025-06-21T10:42:33","date_gmt":"2025-06-21T07:42:33","guid":{"rendered":"https:\/\/denizcankizil.tr\/uncategorized-tr\/akaryakita-buyuk-zam-yolda\/"},"modified":"2025-06-21T10:42:33","modified_gmt":"2025-06-21T07:42:33","slug":"akaryakita-buyuk-zam-yolda","status":"publish","type":"post","link":"http:\/\/denizcankizil.tr\/de\/haberler\/gundem\/akaryakita-buyuk-zam-yolda\/","title":{"rendered":"Akaryak\u0131ta b\u00fcy\u00fck zam yolda!"},"content":{"rendered":"<p>T\u00fcrkiye&#8217;de akaryak\u0131t fiyatlar\u0131na zam geliyor. Benzine 1,51 TL, motorine ise 3,30 TL zam bekleniyor. Motorin fiyatlar\u0131 baz\u0131 illerde 55 TL&#8217;yi ge\u00e7ebilir.\u0130STANBUL (\u0130GFA) &#8211; T\u00fcrkiye\u2019de akaryak\u0131t fiyatlar\u0131 bir kez daha zamlan\u0131yor.<br \/>\nSekt\u00f6r kaynaklar\u0131ndan al\u0131nan bilgiye g\u00f6re, 20 Haziran Cuma&#8217;y\u0131 21 Haziran Cumartesi&#8217;ye ba\u011flayan gece yar\u0131s\u0131ndan itibaren benzinin litre fiyat\u0131na 1,51 TL, motorinin litre fiyat\u0131na ise 3,30 TL zam bekleniyor.<br \/>\nBu art\u0131\u015fla birlikte, motorinin litre fiyat\u0131 baz\u0131 illerde 55 TL\u2019yi ge\u00e7ebilir.<br \/>\nDaha \u00f6nce de 19 Haziran&#8217;da benzin ve motorine zam gelmi\u015f, motorin fiyatlar\u0131 baz\u0131 b\u00f6lgelerde 53 TL\u2019yi a\u015fm\u0131\u015ft\u0131.<\/p>\n<p>\u200bT\u00fcrkiye&#8217;de akaryak\u0131t fiyatlar\u0131na zam geliyor. Benzine 1,51 TL, motorine ise 3,30 TL zam bekleniyor. Motorin fiyatlar\u0131 baz\u0131 illerde 55 TL&#8217;yi ge\u00e7ebilir.\u0130STANBUL (\u0130GFA) &#8211; T\u00fcrkiye\u2019de akaryak\u0131t fiyatlar\u0131 bir kez daha zamlan\u0131yor.<br \/>\nSekt\u00f6r kaynaklar\u0131ndan al\u0131nan bilgiye g\u00f6re, 20 Haziran Cuma&#8217;y\u0131 21 Haziran Cumartesi&#8217;ye ba\u011flayan gece yar\u0131s\u0131ndan itibaren benzinin litre fiyat\u0131na 1,51 TL, motorinin litre fiyat\u0131na ise 3,30 TL zam bekleniyor.<br \/>\nBu art\u0131\u015fla birlikte, motorinin litre fiyat\u0131 baz\u0131 illerde 55 TL\u2019yi ge\u00e7ebilir.<br \/>\nDaha \u00f6nce de 19 Haziran&#8217;da benzin ve motorine zam gelmi\u015f, motorin fiyatlar\u0131 baz\u0131 b\u00f6lgelerde 53 TL\u2019yi a\u015fm\u0131\u015ft\u0131.\u00a0<\/p>\n<p>\u200bHaberin Al\u0131nt\u0131land\u0131\u011f\u0131 Kaynak: www.iskenderun.org<\/p>","protected":false},"excerpt":{"rendered":"<p>T\u00fcrkiye&#8217;de akaryak\u0131t fiyatlar\u0131na zam geliyor. Benzine 1,51 TL, motorine ise 3,30 TL zam bekleniyor. Motorin fiyatlar\u0131 baz\u0131 illerde 55 TL&#8217;yi ge\u00e7ebilir.\u0130STANBUL (\u0130GFA) &#8211; T\u00fcrkiye\u2019de akaryak\u0131t fiyatlar\u0131 bir kez daha zamlan\u0131yor. Sekt\u00f6r kaynaklar\u0131ndan al\u0131nan bilgiye g\u00f6re, 20 Haziran Cuma&#8217;y\u0131 21 Haziran Cumartesi&#8217;ye ba\u011flayan gece yar\u0131s\u0131ndan itibaren benzinin litre fiyat\u0131na 1,51 TL, motorinin litre fiyat\u0131na ise 3,30 TL zam bekleniyor. Bu art\u0131\u015fla birlikte, motorinin litre fiyat\u0131 baz\u0131 illerde 55 TL\u2019yi ge\u00e7ebilir. Daha \u00f6nce de 19 Haziran&#8217;da benzin ve motorine zam gelmi\u015f, motorin fiyatlar\u0131 baz\u0131 b\u00f6lgelerde 53 TL\u2019yi a\u015fm\u0131\u015ft\u0131. \u200bT\u00fcrkiye&#8217;de akaryak\u0131t fiyatlar\u0131na zam geliyor. Benzine 1,51 TL, motorine ise 3,30 TL zam bekleniyor. Motorin fiyatlar\u0131 baz\u0131 illerde 55 TL&#8217;yi ge\u00e7ebilir.\u0130STANBUL (\u0130GFA) &#8211; T\u00fcrkiye\u2019de akaryak\u0131t fiyatlar\u0131 bir kez daha zamlan\u0131yor. Sekt\u00f6r kaynaklar\u0131ndan al\u0131nan bilgiye g\u00f6re, 20 Haziran Cuma&#8217;y\u0131 21 Haziran Cumartesi&#8217;ye ba\u011flayan gece yar\u0131s\u0131ndan itibaren benzinin litre fiyat\u0131na 1,51 TL, motorinin litre fiyat\u0131na ise 3,30 TL zam bekleniyor. Bu art\u0131\u015fla birlikte, motorinin litre fiyat\u0131 baz\u0131 illerde 55 TL\u2019yi ge\u00e7ebilir. Daha \u00f6nce de 19 Haziran&#8217;da benzin ve motorine zam gelmi\u015f, motorin fiyatlar\u0131 baz\u0131 b\u00f6lgelerde 53 TL\u2019yi a\u015fm\u0131\u015ft\u0131.\u00a0 \u200bHaberin Al\u0131nt\u0131land\u0131\u011f\u0131 Kaynak: www.iskenderun.org<\/p>","protected":false},"author":1,"featured_media":0,"comment_status":"","ping_status":"open","sticky":false,"template":"","format":"standard","meta":{"_acf_changed":false,"footnotes":""},"categories":[24],"tags":[],"class_list":["post-122076","post","type-post","status-publish","format-standard","has-post-thumbnail","hentry","category-gundem"],"acf":[],"yoast_head":"<!-- This site is optimized with the Yoast SEO Premium plugin v26.6 (Yoast SEO v27.1.1) - https:\/\/yoast.com\/product\/yoast-seo-premium-wordpress\/ -->\n<title>Akaryak\u0131ta b\u00fcy\u00fck zam yolda! - Av. Deniz Can K\u0131z\u0131l<\/title>\n<meta name=\"robots\" content=\"index, follow, max-snippet:-1, max-image-preview:large, max-video-preview:-1\" \/>\n<link rel=\"canonical\" href=\"http:\/\/denizcankizil.tr\/de\/haberler\/gundem\/akaryakita-buyuk-zam-yolda\/\" \/>\n<meta property=\"og:locale\" content=\"de_DE\" \/>\n<meta property=\"og:type\" content=\"article\" \/>\n<meta property=\"og:title\" content=\"Akaryak\u0131ta b\u00fcy\u00fck zam yolda!\" \/>\n<meta property=\"og:description\" content=\"T\u00fcrkiye&#8217;de akaryak\u0131t fiyatlar\u0131na zam geliyor. Benzine 1,51 TL, motorine ise 3,30 TL zam bekleniyor. Motorin fiyatlar\u0131 baz\u0131 illerde 55 TL&#8217;yi ge\u00e7ebilir.\u0130STANBUL (\u0130GFA) &#8211; T\u00fcrkiye\u2019de akaryak\u0131t fiyatlar\u0131 bir kez daha zamlan\u0131yor. Sekt\u00f6r kaynaklar\u0131ndan al\u0131nan bilgiye g\u00f6re, 20 Haziran Cuma&#8217;y\u0131 21 Haziran Cumartesi&#8217;ye ba\u011flayan gece yar\u0131s\u0131ndan itibaren benzinin litre fiyat\u0131na 1,51 TL, motorinin litre fiyat\u0131na ise 3,30 TL zam bekleniyor. Bu art\u0131\u015fla birlikte, motorinin litre fiyat\u0131 baz\u0131 illerde 55 TL\u2019yi ge\u00e7ebilir. Daha \u00f6nce de 19 Haziran&#8217;da benzin ve motorine zam gelmi\u015f, motorin fiyatlar\u0131 baz\u0131 b\u00f6lgelerde 53 TL\u2019yi a\u015fm\u0131\u015ft\u0131. \u200bT\u00fcrkiye&#8217;de akaryak\u0131t fiyatlar\u0131na zam geliyor. Benzine 1,51 TL, motorine ise 3,30 TL zam bekleniyor. Motorin fiyatlar\u0131 baz\u0131 illerde 55 TL&#8217;yi ge\u00e7ebilir.\u0130STANBUL (\u0130GFA) &#8211; T\u00fcrkiye\u2019de akaryak\u0131t fiyatlar\u0131 bir kez daha zamlan\u0131yor. Sekt\u00f6r kaynaklar\u0131ndan al\u0131nan bilgiye g\u00f6re, 20 Haziran Cuma&#8217;y\u0131 21 Haziran Cumartesi&#8217;ye ba\u011flayan gece yar\u0131s\u0131ndan itibaren benzinin litre fiyat\u0131na 1,51 TL, motorinin litre fiyat\u0131na ise 3,30 TL zam bekleniyor. Bu art\u0131\u015fla birlikte, motorinin litre fiyat\u0131 baz\u0131 illerde 55 TL\u2019yi ge\u00e7ebilir. Daha \u00f6nce de 19 Haziran&#8217;da benzin ve motorine zam gelmi\u015f, motorin fiyatlar\u0131 baz\u0131 b\u00f6lgelerde 53 TL\u2019yi a\u015fm\u0131\u015ft\u0131.\u00a0 \u200bHaberin Al\u0131nt\u0131land\u0131\u011f\u0131 Kaynak: www.iskenderun.org\" \/>\n<meta property=\"og:url\" content=\"http:\/\/denizcankizil.tr\/de\/haberler\/gundem\/akaryakita-buyuk-zam-yolda\/\" \/>\n<meta property=\"og:site_name\" content=\"Av. Deniz Can K\u0131z\u0131l\" \/>\n<meta property=\"article:published_time\" content=\"2025-06-21T07:42:33+00:00\" \/>\n<meta name=\"author\" content=\"admin\" \/>\n<meta name=\"twitter:card\" content=\"summary_large_image\" \/>\n<meta name=\"twitter:label1\" content=\"Verfasst von\" \/>\n\t<meta name=\"twitter:data1\" content=\"admin\" \/>\n\t<meta name=\"twitter:label2\" content=\"Gesch\u00e4tzte Lesezeit\" \/>\n\t<meta name=\"twitter:data2\" content=\"1\u00a0Minute\" \/>\n<script type=\"application\/ld+json\" class=\"yoast-schema-graph\">{\"@context\":\"https:\/\/schema.org\",\"@graph\":[{\"@type\":\"Article\",\"@id\":\"http:\/\/denizcankizil.tr\/de\/haberler\/gundem\/akaryakita-buyuk-zam-yolda\/#article\",\"isPartOf\":{\"@id\":\"http:\/\/denizcankizil.tr\/de\/haberler\/gundem\/akaryakita-buyuk-zam-yolda\/\"},\"author\":{\"name\":\"admin\",\"@id\":\"https:\/\/denizcankizil.tr\/de\/#\/schema\/person\/be3c05fe6a12686905512445d8185489\"},\"headline\":\"Akaryak\u0131ta b\u00fcy\u00fck zam yolda!\",\"datePublished\":\"2025-06-21T07:42:33+00:00\",\"mainEntityOfPage\":{\"@id\":\"http:\/\/denizcankizil.tr\/de\/haberler\/gundem\/akaryakita-buyuk-zam-yolda\/\"},\"wordCount\":227,\"publisher\":{\"@id\":\"https:\/\/denizcankizil.tr\/de\/#organization\"},\"articleSection\":[\"G\u00fcndem\"],\"inLanguage\":\"de\"},{\"@type\":\"WebPage\",\"@id\":\"http:\/\/denizcankizil.tr\/de\/haberler\/gundem\/akaryakita-buyuk-zam-yolda\/\",\"url\":\"http:\/\/denizcankizil.tr\/de\/haberler\/gundem\/akaryakita-buyuk-zam-yolda\/\",\"name\":\"Akaryak\u0131ta b\u00fcy\u00fck zam yolda! - Av. Deniz Can K\u0131z\u0131l\",\"isPartOf\":{\"@id\":\"https:\/\/denizcankizil.tr\/de\/#website\"},\"datePublished\":\"2025-06-21T07:42:33+00:00\",\"breadcrumb\":{\"@id\":\"http:\/\/denizcankizil.tr\/de\/haberler\/gundem\/akaryakita-buyuk-zam-yolda\/#breadcrumb\"},\"inLanguage\":\"de\",\"potentialAction\":[{\"@type\":\"ReadAction\",\"target\":[\"http:\/\/denizcankizil.tr\/de\/haberler\/gundem\/akaryakita-buyuk-zam-yolda\/\"]}]},{\"@type\":\"BreadcrumbList\",\"@id\":\"http:\/\/denizcankizil.tr\/de\/haberler\/gundem\/akaryakita-buyuk-zam-yolda\/#breadcrumb\",\"itemListElement\":[{\"@type\":\"ListItem\",\"position\":1,\"name\":\"Home\",\"item\":\"https:\/\/denizcankizil.tr\/de\/\"},{\"@type\":\"ListItem\",\"position\":2,\"name\":\"Akaryak\u0131ta b\u00fcy\u00fck zam yolda!\"}]},{\"@type\":\"WebSite\",\"@id\":\"https:\/\/denizcankizil.tr\/de\/#website\",\"url\":\"https:\/\/denizcankizil.tr\/de\/\",\"name\":\"Av. Deniz Can K\u0131z\u0131l\",\"description\":\"Avukat Deniz Can K\u0131z\u0131l Antalya Barosu\",\"publisher\":{\"@id\":\"https:\/\/denizcankizil.tr\/de\/#organization\"},\"potentialAction\":[{\"@type\":\"SearchAction\",\"target\":{\"@type\":\"EntryPoint\",\"urlTemplate\":\"https:\/\/denizcankizil.tr\/de\/?s={search_term_string}\"},\"query-input\":{\"@type\":\"PropertyValueSpecification\",\"valueRequired\":true,\"valueName\":\"search_term_string\"}}],\"inLanguage\":\"de\"},{\"@type\":\"Organization\",\"@id\":\"https:\/\/denizcankizil.tr\/de\/#organization\",\"name\":\"Av. Deniz Can K\u0131z\u0131l\",\"url\":\"https:\/\/denizcankizil.tr\/de\/\",\"logo\":{\"@type\":\"ImageObject\",\"inLanguage\":\"de\",\"@id\":\"https:\/\/denizcankizil.tr\/de\/#\/schema\/logo\/image\/\",\"url\":\"http:\/\/denizcankizil.tr\/wp-content\/uploads\/2024\/10\/siyah-logo-svg.svg\",\"contentUrl\":\"http:\/\/denizcankizil.tr\/wp-content\/uploads\/2024\/10\/siyah-logo-svg.svg\",\"width\":1080,\"height\":1080,\"caption\":\"Av. Deniz Can K\u0131z\u0131l\"},\"image\":{\"@id\":\"https:\/\/denizcankizil.tr\/de\/#\/schema\/logo\/image\/\"}},{\"@type\":\"Person\",\"@id\":\"https:\/\/denizcankizil.tr\/de\/#\/schema\/person\/be3c05fe6a12686905512445d8185489\",\"name\":\"admin\",\"image\":{\"@type\":\"ImageObject\",\"inLanguage\":\"de\",\"@id\":\"https:\/\/denizcankizil.tr\/de\/#\/schema\/person\/image\/\",\"url\":\"https:\/\/secure.gravatar.com\/avatar\/c1fce94c830dc79107e174f890d7210541c4a63e8e5d816341794a2151c9d58c?s=96&d=mm&r=g\",\"contentUrl\":\"https:\/\/secure.gravatar.com\/avatar\/c1fce94c830dc79107e174f890d7210541c4a63e8e5d816341794a2151c9d58c?s=96&d=mm&r=g\",\"caption\":\"admin\"},\"sameAs\":[\"http:\/\/denizcankizil.tr\"],\"url\":\"https:\/\/www.iskenderun.org\/akaryakita-buyuk-zam-yolda\"}]}<\/script>\n<!-- \/ Yoast SEO Premium plugin. -->","yoast_head_json":{"title":"Akaryak\u0131ta b\u00fcy\u00fck zam yolda! - Av. Deniz Can K\u0131z\u0131l","robots":{"index":"index","follow":"follow","max-snippet":"max-snippet:-1","max-image-preview":"max-image-preview:large","max-video-preview":"max-video-preview:-1"},"canonical":"http:\/\/denizcankizil.tr\/de\/haberler\/gundem\/akaryakita-buyuk-zam-yolda\/","og_locale":"de_DE","og_type":"article","og_title":"Akaryak\u0131ta b\u00fcy\u00fck zam yolda!","og_description":"T\u00fcrkiye&#8217;de akaryak\u0131t fiyatlar\u0131na zam geliyor. Benzine 1,51 TL, motorine ise 3,30 TL zam bekleniyor. Motorin fiyatlar\u0131 baz\u0131 illerde 55 TL&#8217;yi ge\u00e7ebilir.\u0130STANBUL (\u0130GFA) &#8211; T\u00fcrkiye\u2019de akaryak\u0131t fiyatlar\u0131 bir kez daha zamlan\u0131yor. Sekt\u00f6r kaynaklar\u0131ndan al\u0131nan bilgiye g\u00f6re, 20 Haziran Cuma&#8217;y\u0131 21 Haziran Cumartesi&#8217;ye ba\u011flayan gece yar\u0131s\u0131ndan itibaren benzinin litre fiyat\u0131na 1,51 TL, motorinin litre fiyat\u0131na ise 3,30 TL zam bekleniyor. Bu art\u0131\u015fla birlikte, motorinin litre fiyat\u0131 baz\u0131 illerde 55 TL\u2019yi ge\u00e7ebilir. Daha \u00f6nce de 19 Haziran&#8217;da benzin ve motorine zam gelmi\u015f, motorin fiyatlar\u0131 baz\u0131 b\u00f6lgelerde 53 TL\u2019yi a\u015fm\u0131\u015ft\u0131. \u200bT\u00fcrkiye&#8217;de akaryak\u0131t fiyatlar\u0131na zam geliyor. Benzine 1,51 TL, motorine ise 3,30 TL zam bekleniyor. Motorin fiyatlar\u0131 baz\u0131 illerde 55 TL&#8217;yi ge\u00e7ebilir.\u0130STANBUL (\u0130GFA) &#8211; T\u00fcrkiye\u2019de akaryak\u0131t fiyatlar\u0131 bir kez daha zamlan\u0131yor. Sekt\u00f6r kaynaklar\u0131ndan al\u0131nan bilgiye g\u00f6re, 20 Haziran Cuma&#8217;y\u0131 21 Haziran Cumartesi&#8217;ye ba\u011flayan gece yar\u0131s\u0131ndan itibaren benzinin litre fiyat\u0131na 1,51 TL, motorinin litre fiyat\u0131na ise 3,30 TL zam bekleniyor. Bu art\u0131\u015fla birlikte, motorinin litre fiyat\u0131 baz\u0131 illerde 55 TL\u2019yi ge\u00e7ebilir. Daha \u00f6nce de 19 Haziran&#8217;da benzin ve motorine zam gelmi\u015f, motorin fiyatlar\u0131 baz\u0131 b\u00f6lgelerde 53 TL\u2019yi a\u015fm\u0131\u015ft\u0131.\u00a0 \u200bHaberin Al\u0131nt\u0131land\u0131\u011f\u0131 Kaynak: www.iskenderun.org","og_url":"http:\/\/denizcankizil.tr\/de\/haberler\/gundem\/akaryakita-buyuk-zam-yolda\/","og_site_name":"Av. Deniz Can K\u0131z\u0131l","article_published_time":"2025-06-21T07:42:33+00:00","author":"admin","twitter_card":"summary_large_image","twitter_misc":{"Verfasst von":"admin","Gesch\u00e4tzte Lesezeit":"1\u00a0Minute"},"schema":{"@context":"https:\/\/schema.org","@graph":[{"@type":"Article","@id":"http:\/\/denizcankizil.tr\/de\/haberler\/gundem\/akaryakita-buyuk-zam-yolda\/#article","isPartOf":{"@id":"http:\/\/denizcankizil.tr\/de\/haberler\/gundem\/akaryakita-buyuk-zam-yolda\/"},"author":{"name":"admin","@id":"https:\/\/denizcankizil.tr\/de\/#\/schema\/person\/be3c05fe6a12686905512445d8185489"},"headline":"Akaryak\u0131ta b\u00fcy\u00fck zam yolda!","datePublished":"2025-06-21T07:42:33+00:00","mainEntityOfPage":{"@id":"http:\/\/denizcankizil.tr\/de\/haberler\/gundem\/akaryakita-buyuk-zam-yolda\/"},"wordCount":227,"publisher":{"@id":"https:\/\/denizcankizil.tr\/de\/#organization"},"articleSection":["G\u00fcndem"],"inLanguage":"de"},{"@type":"WebPage","@id":"http:\/\/denizcankizil.tr\/de\/haberler\/gundem\/akaryakita-buyuk-zam-yolda\/","url":"http:\/\/denizcankizil.tr\/de\/haberler\/gundem\/akaryakita-buyuk-zam-yolda\/","name":"Akaryak\u0131ta b\u00fcy\u00fck zam yolda! - Av. Deniz Can K\u0131z\u0131l","isPartOf":{"@id":"https:\/\/denizcankizil.tr\/de\/#website"},"datePublished":"2025-06-21T07:42:33+00:00","breadcrumb":{"@id":"http:\/\/denizcankizil.tr\/de\/haberler\/gundem\/akaryakita-buyuk-zam-yolda\/#breadcrumb"},"inLanguage":"de","potentialAction":[{"@type":"ReadAction","target":["http:\/\/denizcankizil.tr\/de\/haberler\/gundem\/akaryakita-buyuk-zam-yolda\/"]}]},{"@type":"BreadcrumbList","@id":"http:\/\/denizcankizil.tr\/de\/haberler\/gundem\/akaryakita-buyuk-zam-yolda\/#breadcrumb","itemListElement":[{"@type":"ListItem","position":1,"name":"Home","item":"https:\/\/denizcankizil.tr\/de\/"},{"@type":"ListItem","position":2,"name":"Akaryak\u0131ta b\u00fcy\u00fck zam yolda!"}]},{"@type":"WebSite","@id":"https:\/\/denizcankizil.tr\/de\/#website","url":"https:\/\/denizcankizil.tr\/de\/","name":"Av. Deniz Can K\u0131z\u0131l","description":"Avukat Deniz Can K\u0131z\u0131l Antalya Barosu","publisher":{"@id":"https:\/\/denizcankizil.tr\/de\/#organization"},"potentialAction":[{"@type":"SearchAction","target":{"@type":"EntryPoint","urlTemplate":"https:\/\/denizcankizil.tr\/de\/?s={search_term_string}"},"query-input":{"@type":"PropertyValueSpecification","valueRequired":true,"valueName":"search_term_string"}}],"inLanguage":"de"},{"@type":"Organization","@id":"https:\/\/denizcankizil.tr\/de\/#organization","name":"Av. Deniz Can K\u0131z\u0131l","url":"https:\/\/denizcankizil.tr\/de\/","logo":{"@type":"ImageObject","inLanguage":"de","@id":"https:\/\/denizcankizil.tr\/de\/#\/schema\/logo\/image\/","url":"http:\/\/denizcankizil.tr\/wp-content\/uploads\/2024\/10\/siyah-logo-svg.svg","contentUrl":"http:\/\/denizcankizil.tr\/wp-content\/uploads\/2024\/10\/siyah-logo-svg.svg","width":1080,"height":1080,"caption":"Av. Deniz Can K\u0131z\u0131l"},"image":{"@id":"https:\/\/denizcankizil.tr\/de\/#\/schema\/logo\/image\/"}},{"@type":"Person","@id":"https:\/\/denizcankizil.tr\/de\/#\/schema\/person\/be3c05fe6a12686905512445d8185489","name":"Administrator","image":{"@type":"ImageObject","inLanguage":"de","@id":"https:\/\/denizcankizil.tr\/de\/#\/schema\/person\/image\/","url":"https:\/\/secure.gravatar.com\/avatar\/c1fce94c830dc79107e174f890d7210541c4a63e8e5d816341794a2151c9d58c?s=96&d=mm&r=g","contentUrl":"https:\/\/secure.gravatar.com\/avatar\/c1fce94c830dc79107e174f890d7210541c4a63e8e5d816341794a2151c9d58c?s=96&d=mm&r=g","caption":"admin"},"sameAs":["http:\/\/denizcankizil.tr"],"url":"https:\/\/www.iskenderun.org\/akaryakita-buyuk-zam-yolda"}]}},"_links":{"self":[{"href":"http:\/\/denizcankizil.tr\/de\/wp-json\/wp\/v2\/posts\/122076","targetHints":{"allow":["GET"]}}],"collection":[{"href":"http:\/\/denizcankizil.tr\/de\/wp-json\/wp\/v2\/posts"}],"about":[{"href":"http:\/\/denizcankizil.tr\/de\/wp-json\/wp\/v2\/types\/post"}],"author":[{"embeddable":true,"href":"http:\/\/denizcankizil.tr\/de\/wp-json\/wp\/v2\/users\/1"}],"replies":[{"embeddable":true,"href":"http:\/\/denizcankizil.tr\/de\/wp-json\/wp\/v2\/comments?post=122076"}],"version-history":[{"count":0,"href":"http:\/\/denizcankizil.tr\/de\/wp-json\/wp\/v2\/posts\/122076\/revisions"}],"wp:attachment":[{"href":"http:\/\/denizcankizil.tr\/de\/wp-json\/wp\/v2\/media?parent=122076"}],"wp:term":[{"taxonomy":"category","embeddable":true,"href":"http:\/\/denizcankizil.tr\/de\/wp-json\/wp\/v2\/categories?post=122076"},{"taxonomy":"post_tag","embeddable":true,"href":"http:\/\/denizcankizil.tr\/de\/wp-json\/wp\/v2\/tags?post=122076"}],"curies":[{"name":"wp","href":"https:\/\/api.w.org\/{rel}","templated":true}]}}