{"id":121373,"date":"2025-06-20T16:42:36","date_gmt":"2025-06-20T13:42:36","guid":{"rendered":"https:\/\/denizcankizil.tr\/uncategorized-tr\/sapanca-samekte-yilsonu-sergisi-heyecani-yasandi\/"},"modified":"2025-06-20T16:42:36","modified_gmt":"2025-06-20T13:42:36","slug":"sapanca-samekte-yilsonu-sergisi-heyecani-yasandi","status":"publish","type":"post","link":"http:\/\/denizcankizil.tr\/de\/haberler\/gundem\/sapanca-samekte-yilsonu-sergisi-heyecani-yasandi\/","title":{"rendered":"Sapanca SAMEK\u2019te y\u0131lsonu sergisi heyecan\u0131 ya\u015fand\u0131"},"content":{"rendered":"<p>Sapanca SAMEK\u2019te y\u0131lsonu sergisinin a\u00e7\u0131l\u0131\u015f\u0131 b\u00fcy\u00fck ilgi g\u00f6rd\u00fc.SAKARYA (\u0130GFA) &#8211; S9 &#8211; akarya B\u00fcy\u00fck\u015fehir Belediyesi Sanat ve Meslek E\u011fitim Kurslar\u0131n\u0131n (SAMEK) y\u0131lsonu sergileri Sapanca\u2019da b\u00fcy\u00fck ilgiyle kar\u015f\u0131land\u0131. Sapanca SAMEK merkezinde e\u011fitim g\u00f6ren 683 kursiyerin y\u0131l boyunca emek vererek haz\u0131rlad\u0131\u011f\u0131 4 bin 204 eser, ziyaret\u00e7ilerin be\u011fenisine sunuldu.<br \/>\nHER B\u0130R ESER D\u0130KKAT \u00c7EKT\u0130<br \/>\nKent Orkestras\u0131\u2019n\u0131n ezgileri ve halk oyunlar\u0131 g\u00f6sterisiyle ba\u015flayan a\u00e7\u0131l\u0131\u015f program\u0131, protokol konu\u015fmalar\u0131, sertifika da\u011f\u0131t\u0131m\u0131 ve kurdele kesimiyle devam etti. Giyim tasar\u0131m\u0131, \u00e7ini, seramik, filografi ve el sanatlar\u0131 gibi pek \u00e7ok alanda haz\u0131rlanan eserler sergide b\u00fcy\u00fck ilgi g\u00f6rd\u00fc. Her bir eser, kursiyerlerin g\u00f6sterdi\u011fi eme\u011fi ve \u00f6zveriyi yans\u0131tmas\u0131 a\u00e7\u0131s\u0131ndan dikkat \u00e7ekti.<br \/>\nYO\u011eUN KATILIMLA A\u00c7ILDI<br \/>\nSerginin a\u00e7\u0131l\u0131\u015f\u0131na B\u00fcy\u00fck\u015fehir Belediyesi K\u00fclt\u00fcr ve Sosyal \u0130\u015fler Dairesi Ba\u015fkan\u0131 Alpay \u015eirin,  \u0130l\u00e7e Milli E\u011fitim M\u00fcd\u00fcr\u00fc Serkan Korkmaz, AK Parti Sapanca \u0130l\u00e7e Ba\u015fkan\u0131 \u015eafak Ba\u015fo\u011flu, kursiyerler, e\u011fitmenler ve \u00e7ok say\u0131da misafir kat\u0131ld\u0131.<br \/>\nSANAT VE EMEKLE B\u00dcY\u00dcLEYEN B\u0130R SERG\u0130<br \/>\n22 farkl\u0131 bran\u015fta y\u0131l boyunca e\u011fitim alan kursiyerlerin el eme\u011fi g\u00f6z nuru eserleri, sergiyi ziyaret eden sanatseverleri adeta b\u00fcy\u00fcledi. Sergide yer alan \u00e7al\u0131\u015fmalar hem kursiyerlerin yeteneklerini hem de y\u0131l boyunca g\u00f6sterdikleri \u00e7aban\u0131n somut birer \u00f6rne\u011fi oldu.<br \/>\n\u201cBUG\u00dcN AZM\u0130N, SABIRIN VE YETENE\u011e\u0130N G\u00dcN\u00dc\u201d<br \/>\nProgramda konu\u015fan K\u00fclt\u00fcr ve Sosyal \u0130\u015fler Daire Ba\u015fkan\u0131 Alpay \u015eirin, SAMEK kurslar\u0131n\u0131n bireylere sadece meslek kazand\u0131rmakla kalmad\u0131\u011f\u0131n\u0131, ayn\u0131 zamanda ki\u015fisel geli\u015fimlerine de katk\u0131 sundu\u011funu belirtti. \u015eirin, \u201cSAMEK \u00e7at\u0131s\u0131 alt\u0131ndaki meslek edindirme kurslar\u0131m\u0131z; bireyin \u00f6zg\u00fcvenini art\u0131ran, \u00fcretkenli\u011fini geli\u015ftiren ve toplumsal hayata kat\u0131l\u0131m\u0131n\u0131 g\u00fc\u00e7lendiren \u00f6nemli sosyal projelerdir. Her ya\u015ftan vatanda\u015f\u0131m\u0131za ula\u015fan bu e\u011fitimlerle hem geleneksel el sanatlar\u0131m\u0131z\u0131 ya\u015fat\u0131yor hem de yeni meslek alanlar\u0131nda uzman bireyler yeti\u015ftiriyoruz. Bug\u00fcn, bir y\u0131l boyunca g\u00f6sterilen azmin, sabr\u0131n ve yetene\u011fin g\u00fcn\u00fcd\u00fcr. T\u00fcm kursiyerlerimizi g\u00f6n\u00fclden kutluyorum\u201d ifadelerini kulland\u0131.<\/p>\n<p>\u200bSapanca SAMEK\u2019te y\u0131lsonu sergisinin a\u00e7\u0131l\u0131\u015f\u0131 b\u00fcy\u00fck ilgi g\u00f6rd\u00fc.SAKARYA (\u0130GFA) &#8211; S9 &#8211; akarya B\u00fcy\u00fck\u015fehir Belediyesi Sanat ve Meslek E\u011fitim Kurslar\u0131n\u0131n (SAMEK) y\u0131lsonu sergileri Sapanca\u2019da b\u00fcy\u00fck ilgiyle kar\u015f\u0131land\u0131. Sapanca SAMEK merkezinde e\u011fitim g\u00f6ren 683 kursiyerin y\u0131l boyunca emek vererek haz\u0131rlad\u0131\u011f\u0131 4 bin 204 eser, ziyaret\u00e7ilerin be\u011fenisine sunuldu.<br \/>\nHER B\u0130R ESER D\u0130KKAT \u00c7EKT\u0130<br \/>\nKent Orkestras\u0131\u2019n\u0131n ezgileri ve halk oyunlar\u0131 g\u00f6sterisiyle ba\u015flayan a\u00e7\u0131l\u0131\u015f program\u0131, protokol konu\u015fmalar\u0131, sertifika da\u011f\u0131t\u0131m\u0131 ve kurdele kesimiyle devam etti. Giyim tasar\u0131m\u0131, \u00e7ini, seramik, filografi ve el sanatlar\u0131 gibi pek \u00e7ok alanda haz\u0131rlanan eserler sergide b\u00fcy\u00fck ilgi g\u00f6rd\u00fc. Her bir eser, kursiyerlerin g\u00f6sterdi\u011fi eme\u011fi ve \u00f6zveriyi yans\u0131tmas\u0131 a\u00e7\u0131s\u0131ndan dikkat \u00e7ekti.<br \/>\nYO\u011eUN KATILIMLA A\u00c7ILDI<br \/>\nSerginin a\u00e7\u0131l\u0131\u015f\u0131na B\u00fcy\u00fck\u015fehir Belediyesi K\u00fclt\u00fcr ve Sosyal \u0130\u015fler Dairesi Ba\u015fkan\u0131 Alpay \u015eirin,  \u0130l\u00e7e Milli E\u011fitim M\u00fcd\u00fcr\u00fc Serkan Korkmaz, AK Parti Sapanca \u0130l\u00e7e Ba\u015fkan\u0131 \u015eafak Ba\u015fo\u011flu, kursiyerler, e\u011fitmenler ve \u00e7ok say\u0131da misafir kat\u0131ld\u0131.<br \/>\nSANAT VE EMEKLE B\u00dcY\u00dcLEYEN B\u0130R SERG\u0130<br \/>\n22 farkl\u0131 bran\u015fta y\u0131l boyunca e\u011fitim alan kursiyerlerin el eme\u011fi g\u00f6z nuru eserleri, sergiyi ziyaret eden sanatseverleri adeta b\u00fcy\u00fcledi. Sergide yer alan \u00e7al\u0131\u015fmalar hem kursiyerlerin yeteneklerini hem de y\u0131l boyunca g\u00f6sterdikleri \u00e7aban\u0131n somut birer \u00f6rne\u011fi oldu.<br \/>\n\u201cBUG\u00dcN AZM\u0130N, SABIRIN VE YETENE\u011e\u0130N G\u00dcN\u00dc\u201d<br \/>\nProgramda konu\u015fan K\u00fclt\u00fcr ve Sosyal \u0130\u015fler Daire Ba\u015fkan\u0131 Alpay \u015eirin, SAMEK kurslar\u0131n\u0131n bireylere sadece meslek kazand\u0131rmakla kalmad\u0131\u011f\u0131n\u0131, ayn\u0131 zamanda ki\u015fisel geli\u015fimlerine de katk\u0131 sundu\u011funu belirtti. \u015eirin, \u201cSAMEK \u00e7at\u0131s\u0131 alt\u0131ndaki meslek edindirme kurslar\u0131m\u0131z; bireyin \u00f6zg\u00fcvenini art\u0131ran, \u00fcretkenli\u011fini geli\u015ftiren ve toplumsal hayata kat\u0131l\u0131m\u0131n\u0131 g\u00fc\u00e7lendiren \u00f6nemli sosyal projelerdir. Her ya\u015ftan vatanda\u015f\u0131m\u0131za ula\u015fan bu e\u011fitimlerle hem geleneksel el sanatlar\u0131m\u0131z\u0131 ya\u015fat\u0131yor hem de yeni meslek alanlar\u0131nda uzman bireyler yeti\u015ftiriyoruz. Bug\u00fcn, bir y\u0131l boyunca g\u00f6sterilen azmin, sabr\u0131n ve yetene\u011fin g\u00fcn\u00fcd\u00fcr. T\u00fcm kursiyerlerimizi g\u00f6n\u00fclden kutluyorum\u201d ifadelerini kulland\u0131.\u00a0<\/p>\n<p>\u200bHaberin Al\u0131nt\u0131land\u0131\u011f\u0131 Kaynak: www.iskenderun.org<\/p>","protected":false},"excerpt":{"rendered":"<p>Sapanca SAMEK\u2019te y\u0131lsonu sergisinin a\u00e7\u0131l\u0131\u015f\u0131 b\u00fcy\u00fck ilgi g\u00f6rd\u00fc.SAKARYA (\u0130GFA) &#8211; S9 &#8211; akarya B\u00fcy\u00fck\u015fehir Belediyesi Sanat ve Meslek E\u011fitim Kurslar\u0131n\u0131n (SAMEK) y\u0131lsonu sergileri Sapanca\u2019da b\u00fcy\u00fck ilgiyle kar\u015f\u0131land\u0131. Sapanca SAMEK merkezinde e\u011fitim g\u00f6ren 683 kursiyerin y\u0131l boyunca emek vererek haz\u0131rlad\u0131\u011f\u0131 4 bin 204 eser, ziyaret\u00e7ilerin be\u011fenisine sunuldu. HER B\u0130R ESER D\u0130KKAT \u00c7EKT\u0130 Kent Orkestras\u0131\u2019n\u0131n ezgileri ve halk oyunlar\u0131 g\u00f6sterisiyle ba\u015flayan a\u00e7\u0131l\u0131\u015f program\u0131, protokol konu\u015fmalar\u0131, sertifika da\u011f\u0131t\u0131m\u0131 ve kurdele kesimiyle devam etti. Giyim tasar\u0131m\u0131, \u00e7ini, seramik, filografi ve el sanatlar\u0131 gibi pek \u00e7ok alanda haz\u0131rlanan eserler sergide b\u00fcy\u00fck ilgi g\u00f6rd\u00fc. Her bir eser, kursiyerlerin g\u00f6sterdi\u011fi eme\u011fi ve \u00f6zveriyi yans\u0131tmas\u0131 a\u00e7\u0131s\u0131ndan dikkat \u00e7ekti. YO\u011eUN KATILIMLA A\u00c7ILDI Serginin a\u00e7\u0131l\u0131\u015f\u0131na B\u00fcy\u00fck\u015fehir Belediyesi K\u00fclt\u00fcr ve Sosyal \u0130\u015fler Dairesi Ba\u015fkan\u0131 Alpay \u015eirin, \u0130l\u00e7e Milli E\u011fitim M\u00fcd\u00fcr\u00fc Serkan Korkmaz, AK Parti Sapanca \u0130l\u00e7e Ba\u015fkan\u0131 \u015eafak Ba\u015fo\u011flu, kursiyerler, e\u011fitmenler ve \u00e7ok say\u0131da misafir kat\u0131ld\u0131. SANAT VE EMEKLE B\u00dcY\u00dcLEYEN B\u0130R SERG\u0130 22 farkl\u0131 bran\u015fta y\u0131l boyunca e\u011fitim alan kursiyerlerin el eme\u011fi g\u00f6z nuru eserleri, sergiyi ziyaret eden sanatseverleri adeta b\u00fcy\u00fcledi. Sergide yer alan \u00e7al\u0131\u015fmalar hem kursiyerlerin yeteneklerini hem de y\u0131l boyunca g\u00f6sterdikleri \u00e7aban\u0131n somut birer \u00f6rne\u011fi oldu. \u201cBUG\u00dcN AZM\u0130N, SABIRIN VE YETENE\u011e\u0130N G\u00dcN\u00dc\u201d Programda konu\u015fan K\u00fclt\u00fcr ve Sosyal \u0130\u015fler Daire Ba\u015fkan\u0131 Alpay \u015eirin, SAMEK kurslar\u0131n\u0131n bireylere sadece meslek kazand\u0131rmakla kalmad\u0131\u011f\u0131n\u0131, &hellip;<\/p>","protected":false},"author":1,"featured_media":0,"comment_status":"","ping_status":"open","sticky":false,"template":"","format":"standard","meta":{"_acf_changed":false,"footnotes":""},"categories":[24],"tags":[],"class_list":["post-121373","post","type-post","status-publish","format-standard","has-post-thumbnail","hentry","category-gundem"],"acf":[],"yoast_head":"<!-- This site is optimized with the Yoast SEO Premium plugin v26.6 (Yoast SEO v27.1.1) - https:\/\/yoast.com\/product\/yoast-seo-premium-wordpress\/ -->\n<title>Sapanca SAMEK\u2019te y\u0131lsonu sergisi heyecan\u0131 ya\u015fand\u0131 - Av. Deniz Can K\u0131z\u0131l<\/title>\n<meta name=\"robots\" content=\"index, follow, max-snippet:-1, max-image-preview:large, max-video-preview:-1\" \/>\n<link rel=\"canonical\" href=\"http:\/\/denizcankizil.tr\/de\/haberler\/gundem\/sapanca-samekte-yilsonu-sergisi-heyecani-yasandi\/\" \/>\n<meta property=\"og:locale\" content=\"de_DE\" \/>\n<meta property=\"og:type\" content=\"article\" \/>\n<meta property=\"og:title\" content=\"Sapanca SAMEK\u2019te y\u0131lsonu sergisi heyecan\u0131 ya\u015fand\u0131\" \/>\n<meta property=\"og:description\" content=\"Sapanca SAMEK\u2019te y\u0131lsonu sergisinin a\u00e7\u0131l\u0131\u015f\u0131 b\u00fcy\u00fck ilgi g\u00f6rd\u00fc.SAKARYA (\u0130GFA) &#8211; S9 &#8211; akarya B\u00fcy\u00fck\u015fehir Belediyesi Sanat ve Meslek E\u011fitim Kurslar\u0131n\u0131n (SAMEK) y\u0131lsonu sergileri Sapanca\u2019da b\u00fcy\u00fck ilgiyle kar\u015f\u0131land\u0131. Sapanca SAMEK merkezinde e\u011fitim g\u00f6ren 683 kursiyerin y\u0131l boyunca emek vererek haz\u0131rlad\u0131\u011f\u0131 4 bin 204 eser, ziyaret\u00e7ilerin be\u011fenisine sunuldu. HER B\u0130R ESER D\u0130KKAT \u00c7EKT\u0130 Kent Orkestras\u0131\u2019n\u0131n ezgileri ve halk oyunlar\u0131 g\u00f6sterisiyle ba\u015flayan a\u00e7\u0131l\u0131\u015f program\u0131, protokol konu\u015fmalar\u0131, sertifika da\u011f\u0131t\u0131m\u0131 ve kurdele kesimiyle devam etti. Giyim tasar\u0131m\u0131, \u00e7ini, seramik, filografi ve el sanatlar\u0131 gibi pek \u00e7ok alanda haz\u0131rlanan eserler sergide b\u00fcy\u00fck ilgi g\u00f6rd\u00fc. Her bir eser, kursiyerlerin g\u00f6sterdi\u011fi eme\u011fi ve \u00f6zveriyi yans\u0131tmas\u0131 a\u00e7\u0131s\u0131ndan dikkat \u00e7ekti. YO\u011eUN KATILIMLA A\u00c7ILDI Serginin a\u00e7\u0131l\u0131\u015f\u0131na B\u00fcy\u00fck\u015fehir Belediyesi K\u00fclt\u00fcr ve Sosyal \u0130\u015fler Dairesi Ba\u015fkan\u0131 Alpay \u015eirin, \u0130l\u00e7e Milli E\u011fitim M\u00fcd\u00fcr\u00fc Serkan Korkmaz, AK Parti Sapanca \u0130l\u00e7e Ba\u015fkan\u0131 \u015eafak Ba\u015fo\u011flu, kursiyerler, e\u011fitmenler ve \u00e7ok say\u0131da misafir kat\u0131ld\u0131. SANAT VE EMEKLE B\u00dcY\u00dcLEYEN B\u0130R SERG\u0130 22 farkl\u0131 bran\u015fta y\u0131l boyunca e\u011fitim alan kursiyerlerin el eme\u011fi g\u00f6z nuru eserleri, sergiyi ziyaret eden sanatseverleri adeta b\u00fcy\u00fcledi. Sergide yer alan \u00e7al\u0131\u015fmalar hem kursiyerlerin yeteneklerini hem de y\u0131l boyunca g\u00f6sterdikleri \u00e7aban\u0131n somut birer \u00f6rne\u011fi oldu. \u201cBUG\u00dcN AZM\u0130N, SABIRIN VE YETENE\u011e\u0130N G\u00dcN\u00dc\u201d Programda konu\u015fan K\u00fclt\u00fcr ve Sosyal \u0130\u015fler Daire Ba\u015fkan\u0131 Alpay \u015eirin, SAMEK kurslar\u0131n\u0131n bireylere sadece meslek kazand\u0131rmakla kalmad\u0131\u011f\u0131n\u0131, &hellip;\" \/>\n<meta property=\"og:url\" content=\"http:\/\/denizcankizil.tr\/de\/haberler\/gundem\/sapanca-samekte-yilsonu-sergisi-heyecani-yasandi\/\" \/>\n<meta property=\"og:site_name\" content=\"Av. Deniz Can K\u0131z\u0131l\" \/>\n<meta property=\"article:published_time\" content=\"2025-06-20T13:42:36+00:00\" \/>\n<meta name=\"author\" content=\"admin\" \/>\n<meta name=\"twitter:card\" content=\"summary_large_image\" \/>\n<meta name=\"twitter:label1\" content=\"Verfasst von\" \/>\n\t<meta name=\"twitter:data1\" content=\"admin\" \/>\n\t<meta name=\"twitter:label2\" content=\"Gesch\u00e4tzte Lesezeit\" \/>\n\t<meta name=\"twitter:data2\" content=\"4\u00a0Minuten\" \/>\n<script type=\"application\/ld+json\" class=\"yoast-schema-graph\">{\"@context\":\"https:\/\/schema.org\",\"@graph\":[{\"@type\":\"Article\",\"@id\":\"http:\/\/denizcankizil.tr\/de\/haberler\/gundem\/sapanca-samekte-yilsonu-sergisi-heyecani-yasandi\/#article\",\"isPartOf\":{\"@id\":\"http:\/\/denizcankizil.tr\/de\/haberler\/gundem\/sapanca-samekte-yilsonu-sergisi-heyecani-yasandi\/\"},\"author\":{\"name\":\"admin\",\"@id\":\"https:\/\/denizcankizil.tr\/de\/#\/schema\/person\/be3c05fe6a12686905512445d8185489\"},\"headline\":\"Sapanca SAMEK\u2019te y\u0131lsonu sergisi heyecan\u0131 ya\u015fand\u0131\",\"datePublished\":\"2025-06-20T13:42:36+00:00\",\"mainEntityOfPage\":{\"@id\":\"http:\/\/denizcankizil.tr\/de\/haberler\/gundem\/sapanca-samekte-yilsonu-sergisi-heyecani-yasandi\/\"},\"wordCount\":795,\"publisher\":{\"@id\":\"https:\/\/denizcankizil.tr\/de\/#organization\"},\"articleSection\":[\"G\u00fcndem\"],\"inLanguage\":\"de\"},{\"@type\":\"WebPage\",\"@id\":\"http:\/\/denizcankizil.tr\/de\/haberler\/gundem\/sapanca-samekte-yilsonu-sergisi-heyecani-yasandi\/\",\"url\":\"http:\/\/denizcankizil.tr\/de\/haberler\/gundem\/sapanca-samekte-yilsonu-sergisi-heyecani-yasandi\/\",\"name\":\"Sapanca SAMEK\u2019te y\u0131lsonu sergisi heyecan\u0131 ya\u015fand\u0131 - Av. Deniz Can K\u0131z\u0131l\",\"isPartOf\":{\"@id\":\"https:\/\/denizcankizil.tr\/de\/#website\"},\"datePublished\":\"2025-06-20T13:42:36+00:00\",\"breadcrumb\":{\"@id\":\"http:\/\/denizcankizil.tr\/de\/haberler\/gundem\/sapanca-samekte-yilsonu-sergisi-heyecani-yasandi\/#breadcrumb\"},\"inLanguage\":\"de\",\"potentialAction\":[{\"@type\":\"ReadAction\",\"target\":[\"http:\/\/denizcankizil.tr\/de\/haberler\/gundem\/sapanca-samekte-yilsonu-sergisi-heyecani-yasandi\/\"]}]},{\"@type\":\"BreadcrumbList\",\"@id\":\"http:\/\/denizcankizil.tr\/de\/haberler\/gundem\/sapanca-samekte-yilsonu-sergisi-heyecani-yasandi\/#breadcrumb\",\"itemListElement\":[{\"@type\":\"ListItem\",\"position\":1,\"name\":\"Home\",\"item\":\"https:\/\/denizcankizil.tr\/de\/\"},{\"@type\":\"ListItem\",\"position\":2,\"name\":\"Sapanca SAMEK\u2019te y\u0131lsonu sergisi heyecan\u0131 ya\u015fand\u0131\"}]},{\"@type\":\"WebSite\",\"@id\":\"https:\/\/denizcankizil.tr\/de\/#website\",\"url\":\"https:\/\/denizcankizil.tr\/de\/\",\"name\":\"Av. Deniz Can K\u0131z\u0131l\",\"description\":\"Avukat Deniz Can K\u0131z\u0131l Antalya Barosu\",\"publisher\":{\"@id\":\"https:\/\/denizcankizil.tr\/de\/#organization\"},\"potentialAction\":[{\"@type\":\"SearchAction\",\"target\":{\"@type\":\"EntryPoint\",\"urlTemplate\":\"https:\/\/denizcankizil.tr\/de\/?s={search_term_string}\"},\"query-input\":{\"@type\":\"PropertyValueSpecification\",\"valueRequired\":true,\"valueName\":\"search_term_string\"}}],\"inLanguage\":\"de\"},{\"@type\":\"Organization\",\"@id\":\"https:\/\/denizcankizil.tr\/de\/#organization\",\"name\":\"Av. Deniz Can K\u0131z\u0131l\",\"url\":\"https:\/\/denizcankizil.tr\/de\/\",\"logo\":{\"@type\":\"ImageObject\",\"inLanguage\":\"de\",\"@id\":\"https:\/\/denizcankizil.tr\/de\/#\/schema\/logo\/image\/\",\"url\":\"http:\/\/denizcankizil.tr\/wp-content\/uploads\/2024\/10\/siyah-logo-svg.svg\",\"contentUrl\":\"http:\/\/denizcankizil.tr\/wp-content\/uploads\/2024\/10\/siyah-logo-svg.svg\",\"width\":1080,\"height\":1080,\"caption\":\"Av. Deniz Can K\u0131z\u0131l\"},\"image\":{\"@id\":\"https:\/\/denizcankizil.tr\/de\/#\/schema\/logo\/image\/\"}},{\"@type\":\"Person\",\"@id\":\"https:\/\/denizcankizil.tr\/de\/#\/schema\/person\/be3c05fe6a12686905512445d8185489\",\"name\":\"admin\",\"image\":{\"@type\":\"ImageObject\",\"inLanguage\":\"de\",\"@id\":\"https:\/\/denizcankizil.tr\/de\/#\/schema\/person\/image\/\",\"url\":\"https:\/\/secure.gravatar.com\/avatar\/c1fce94c830dc79107e174f890d7210541c4a63e8e5d816341794a2151c9d58c?s=96&d=mm&r=g\",\"contentUrl\":\"https:\/\/secure.gravatar.com\/avatar\/c1fce94c830dc79107e174f890d7210541c4a63e8e5d816341794a2151c9d58c?s=96&d=mm&r=g\",\"caption\":\"admin\"},\"sameAs\":[\"http:\/\/denizcankizil.tr\"],\"url\":\"https:\/\/www.iskenderun.org\/sapanca-samekte-yilsonu-sergisi-heyecani-yasandi\"}]}<\/script>\n<!-- \/ Yoast SEO Premium plugin. -->","yoast_head_json":{"title":"Sapanca SAMEK\u2019te y\u0131lsonu sergisi heyecan\u0131 ya\u015fand\u0131 - Av. Deniz Can K\u0131z\u0131l","robots":{"index":"index","follow":"follow","max-snippet":"max-snippet:-1","max-image-preview":"max-image-preview:large","max-video-preview":"max-video-preview:-1"},"canonical":"http:\/\/denizcankizil.tr\/de\/haberler\/gundem\/sapanca-samekte-yilsonu-sergisi-heyecani-yasandi\/","og_locale":"de_DE","og_type":"article","og_title":"Sapanca SAMEK\u2019te y\u0131lsonu sergisi heyecan\u0131 ya\u015fand\u0131","og_description":"Sapanca SAMEK\u2019te y\u0131lsonu sergisinin a\u00e7\u0131l\u0131\u015f\u0131 b\u00fcy\u00fck ilgi g\u00f6rd\u00fc.SAKARYA (\u0130GFA) &#8211; S9 &#8211; akarya B\u00fcy\u00fck\u015fehir Belediyesi Sanat ve Meslek E\u011fitim Kurslar\u0131n\u0131n (SAMEK) y\u0131lsonu sergileri Sapanca\u2019da b\u00fcy\u00fck ilgiyle kar\u015f\u0131land\u0131. Sapanca SAMEK merkezinde e\u011fitim g\u00f6ren 683 kursiyerin y\u0131l boyunca emek vererek haz\u0131rlad\u0131\u011f\u0131 4 bin 204 eser, ziyaret\u00e7ilerin be\u011fenisine sunuldu. HER B\u0130R ESER D\u0130KKAT \u00c7EKT\u0130 Kent Orkestras\u0131\u2019n\u0131n ezgileri ve halk oyunlar\u0131 g\u00f6sterisiyle ba\u015flayan a\u00e7\u0131l\u0131\u015f program\u0131, protokol konu\u015fmalar\u0131, sertifika da\u011f\u0131t\u0131m\u0131 ve kurdele kesimiyle devam etti. Giyim tasar\u0131m\u0131, \u00e7ini, seramik, filografi ve el sanatlar\u0131 gibi pek \u00e7ok alanda haz\u0131rlanan eserler sergide b\u00fcy\u00fck ilgi g\u00f6rd\u00fc. Her bir eser, kursiyerlerin g\u00f6sterdi\u011fi eme\u011fi ve \u00f6zveriyi yans\u0131tmas\u0131 a\u00e7\u0131s\u0131ndan dikkat \u00e7ekti. YO\u011eUN KATILIMLA A\u00c7ILDI Serginin a\u00e7\u0131l\u0131\u015f\u0131na B\u00fcy\u00fck\u015fehir Belediyesi K\u00fclt\u00fcr ve Sosyal \u0130\u015fler Dairesi Ba\u015fkan\u0131 Alpay \u015eirin, \u0130l\u00e7e Milli E\u011fitim M\u00fcd\u00fcr\u00fc Serkan Korkmaz, AK Parti Sapanca \u0130l\u00e7e Ba\u015fkan\u0131 \u015eafak Ba\u015fo\u011flu, kursiyerler, e\u011fitmenler ve \u00e7ok say\u0131da misafir kat\u0131ld\u0131. SANAT VE EMEKLE B\u00dcY\u00dcLEYEN B\u0130R SERG\u0130 22 farkl\u0131 bran\u015fta y\u0131l boyunca e\u011fitim alan kursiyerlerin el eme\u011fi g\u00f6z nuru eserleri, sergiyi ziyaret eden sanatseverleri adeta b\u00fcy\u00fcledi. Sergide yer alan \u00e7al\u0131\u015fmalar hem kursiyerlerin yeteneklerini hem de y\u0131l boyunca g\u00f6sterdikleri \u00e7aban\u0131n somut birer \u00f6rne\u011fi oldu. \u201cBUG\u00dcN AZM\u0130N, SABIRIN VE YETENE\u011e\u0130N G\u00dcN\u00dc\u201d Programda konu\u015fan K\u00fclt\u00fcr ve Sosyal \u0130\u015fler Daire Ba\u015fkan\u0131 Alpay \u015eirin, SAMEK kurslar\u0131n\u0131n bireylere sadece meslek kazand\u0131rmakla kalmad\u0131\u011f\u0131n\u0131, &hellip;","og_url":"http:\/\/denizcankizil.tr\/de\/haberler\/gundem\/sapanca-samekte-yilsonu-sergisi-heyecani-yasandi\/","og_site_name":"Av. Deniz Can K\u0131z\u0131l","article_published_time":"2025-06-20T13:42:36+00:00","author":"admin","twitter_card":"summary_large_image","twitter_misc":{"Verfasst von":"admin","Gesch\u00e4tzte Lesezeit":"4\u00a0Minuten"},"schema":{"@context":"https:\/\/schema.org","@graph":[{"@type":"Article","@id":"http:\/\/denizcankizil.tr\/de\/haberler\/gundem\/sapanca-samekte-yilsonu-sergisi-heyecani-yasandi\/#article","isPartOf":{"@id":"http:\/\/denizcankizil.tr\/de\/haberler\/gundem\/sapanca-samekte-yilsonu-sergisi-heyecani-yasandi\/"},"author":{"name":"admin","@id":"https:\/\/denizcankizil.tr\/de\/#\/schema\/person\/be3c05fe6a12686905512445d8185489"},"headline":"Sapanca SAMEK\u2019te y\u0131lsonu sergisi heyecan\u0131 ya\u015fand\u0131","datePublished":"2025-06-20T13:42:36+00:00","mainEntityOfPage":{"@id":"http:\/\/denizcankizil.tr\/de\/haberler\/gundem\/sapanca-samekte-yilsonu-sergisi-heyecani-yasandi\/"},"wordCount":795,"publisher":{"@id":"https:\/\/denizcankizil.tr\/de\/#organization"},"articleSection":["G\u00fcndem"],"inLanguage":"de"},{"@type":"WebPage","@id":"http:\/\/denizcankizil.tr\/de\/haberler\/gundem\/sapanca-samekte-yilsonu-sergisi-heyecani-yasandi\/","url":"http:\/\/denizcankizil.tr\/de\/haberler\/gundem\/sapanca-samekte-yilsonu-sergisi-heyecani-yasandi\/","name":"Sapanca SAMEK\u2019te y\u0131lsonu sergisi heyecan\u0131 ya\u015fand\u0131 - Av. Deniz Can K\u0131z\u0131l","isPartOf":{"@id":"https:\/\/denizcankizil.tr\/de\/#website"},"datePublished":"2025-06-20T13:42:36+00:00","breadcrumb":{"@id":"http:\/\/denizcankizil.tr\/de\/haberler\/gundem\/sapanca-samekte-yilsonu-sergisi-heyecani-yasandi\/#breadcrumb"},"inLanguage":"de","potentialAction":[{"@type":"ReadAction","target":["http:\/\/denizcankizil.tr\/de\/haberler\/gundem\/sapanca-samekte-yilsonu-sergisi-heyecani-yasandi\/"]}]},{"@type":"BreadcrumbList","@id":"http:\/\/denizcankizil.tr\/de\/haberler\/gundem\/sapanca-samekte-yilsonu-sergisi-heyecani-yasandi\/#breadcrumb","itemListElement":[{"@type":"ListItem","position":1,"name":"Home","item":"https:\/\/denizcankizil.tr\/de\/"},{"@type":"ListItem","position":2,"name":"Sapanca SAMEK\u2019te y\u0131lsonu sergisi heyecan\u0131 ya\u015fand\u0131"}]},{"@type":"WebSite","@id":"https:\/\/denizcankizil.tr\/de\/#website","url":"https:\/\/denizcankizil.tr\/de\/","name":"Av. Deniz Can K\u0131z\u0131l","description":"Avukat Deniz Can K\u0131z\u0131l Antalya Barosu","publisher":{"@id":"https:\/\/denizcankizil.tr\/de\/#organization"},"potentialAction":[{"@type":"SearchAction","target":{"@type":"EntryPoint","urlTemplate":"https:\/\/denizcankizil.tr\/de\/?s={search_term_string}"},"query-input":{"@type":"PropertyValueSpecification","valueRequired":true,"valueName":"search_term_string"}}],"inLanguage":"de"},{"@type":"Organization","@id":"https:\/\/denizcankizil.tr\/de\/#organization","name":"Av. Deniz Can K\u0131z\u0131l","url":"https:\/\/denizcankizil.tr\/de\/","logo":{"@type":"ImageObject","inLanguage":"de","@id":"https:\/\/denizcankizil.tr\/de\/#\/schema\/logo\/image\/","url":"http:\/\/denizcankizil.tr\/wp-content\/uploads\/2024\/10\/siyah-logo-svg.svg","contentUrl":"http:\/\/denizcankizil.tr\/wp-content\/uploads\/2024\/10\/siyah-logo-svg.svg","width":1080,"height":1080,"caption":"Av. Deniz Can K\u0131z\u0131l"},"image":{"@id":"https:\/\/denizcankizil.tr\/de\/#\/schema\/logo\/image\/"}},{"@type":"Person","@id":"https:\/\/denizcankizil.tr\/de\/#\/schema\/person\/be3c05fe6a12686905512445d8185489","name":"Administrator","image":{"@type":"ImageObject","inLanguage":"de","@id":"https:\/\/denizcankizil.tr\/de\/#\/schema\/person\/image\/","url":"https:\/\/secure.gravatar.com\/avatar\/c1fce94c830dc79107e174f890d7210541c4a63e8e5d816341794a2151c9d58c?s=96&d=mm&r=g","contentUrl":"https:\/\/secure.gravatar.com\/avatar\/c1fce94c830dc79107e174f890d7210541c4a63e8e5d816341794a2151c9d58c?s=96&d=mm&r=g","caption":"admin"},"sameAs":["http:\/\/denizcankizil.tr"],"url":"https:\/\/www.iskenderun.org\/sapanca-samekte-yilsonu-sergisi-heyecani-yasandi"}]}},"_links":{"self":[{"href":"http:\/\/denizcankizil.tr\/de\/wp-json\/wp\/v2\/posts\/121373","targetHints":{"allow":["GET"]}}],"collection":[{"href":"http:\/\/denizcankizil.tr\/de\/wp-json\/wp\/v2\/posts"}],"about":[{"href":"http:\/\/denizcankizil.tr\/de\/wp-json\/wp\/v2\/types\/post"}],"author":[{"embeddable":true,"href":"http:\/\/denizcankizil.tr\/de\/wp-json\/wp\/v2\/users\/1"}],"replies":[{"embeddable":true,"href":"http:\/\/denizcankizil.tr\/de\/wp-json\/wp\/v2\/comments?post=121373"}],"version-history":[{"count":0,"href":"http:\/\/denizcankizil.tr\/de\/wp-json\/wp\/v2\/posts\/121373\/revisions"}],"wp:attachment":[{"href":"http:\/\/denizcankizil.tr\/de\/wp-json\/wp\/v2\/media?parent=121373"}],"wp:term":[{"taxonomy":"category","embeddable":true,"href":"http:\/\/denizcankizil.tr\/de\/wp-json\/wp\/v2\/categories?post=121373"},{"taxonomy":"post_tag","embeddable":true,"href":"http:\/\/denizcankizil.tr\/de\/wp-json\/wp\/v2\/tags?post=121373"}],"curies":[{"name":"wp","href":"https:\/\/api.w.org\/{rel}","templated":true}]}}