{"id":120571,"date":"2025-06-19T20:41:57","date_gmt":"2025-06-19T17:41:57","guid":{"rendered":"https:\/\/denizcankizil.tr\/uncategorized-tr\/hatayda-21-bin-114-konutun-kurasi-cekildi\/"},"modified":"2025-06-19T20:41:57","modified_gmt":"2025-06-19T17:41:57","slug":"hatayda-21-bin-114-konutun-kurasi-cekildi","status":"publish","type":"post","link":"http:\/\/denizcankizil.tr\/de\/haberler\/gundem\/hatayda-21-bin-114-konutun-kurasi-cekildi\/","title":{"rendered":"Hatay\u2019da 21 Bin 114 Konutun Kuras\u0131 \u00c7ekildi"},"content":{"rendered":"<p>Hatay&#8217;da 22 Bin 239 Ba\u011f\u0131ms\u0131z B\u00f6l\u00fcm\u00fcn Hak Sahibi Belirlendi<\/p>\n<p>T\u00f6rende Hatay\u2019da 21 bin 114 konut ve 1.125 i\u015f yerinin kuras\u0131 \u00e7ekilerek toplamda 22 bin 239 ba\u011f\u0131ms\u0131z b\u00f6l\u00fcm hak sahiplerine teslim edildi. B\u00f6ylece 7. kura ile birlikte Hatay genelinde teslim edilen toplam ba\u011f\u0131ms\u0131z b\u00f6l\u00fcm say\u0131s\u0131 68 bin 406\u2019ya ula\u015ft\u0131. \u0130l genelinde teslim edilen 67 bin 254 konut ve 1.152 i\u015f yerinin ard\u0131ndan Hatay, afet b\u00f6lgesinde en y\u00fcksek teslimat\u0131n yap\u0131ld\u0131\u011f\u0131 il oldu.<\/p>\n<p>Cumhurba\u015fkan\u0131 Erdo\u011fan: Avrupa \u00dclkesi B\u00fcy\u00fckl\u00fc\u011f\u00fcnde Alan \u0130mar Ettik<\/p>\n<p>Cumhurba\u015fkan\u0131 Erdo\u011fan t\u00f6rende yapt\u0131\u011f\u0131 a\u00e7\u0131klamada, \u201cHi\u00e7bir \u00fclke bu denli b\u00fcy\u00fck bir afetin alt\u0131ndan bu h\u0131zla kalkamazd\u0131. Felaketin ilk g\u00fcn\u00fcnden itibaren adeta bir Avrupa \u00fclkesi b\u00fcy\u00fckl\u00fc\u011f\u00fcnde alan\u0131 yeniden in\u015fa ettik. 11 ilimizde kurulan \u015fantiyelerde y\u00fcz binlerce mimar, m\u00fchendis ve i\u015f\u00e7i karde\u015fimiz gece g\u00fcnd\u00fcz \u00e7al\u0131\u015ft\u0131. Asr\u0131n in\u015fas\u0131 faaliyetlerinde teslim etti\u011fimiz yuvalar\u0131n say\u0131s\u0131 her ge\u00e7en g\u00fcn art\u0131yor,\u201d ifadelerini kulland\u0131.<\/p>\n<p>Hatay\u2019da uzun \u00e7ar\u015f\u0131, Habibi Neccar Camisi, Kemalpa\u015fa ve Kurtulu\u015f caddeleri gibi tarihi alanlar\u0131n asl\u0131na uygun olarak yeniden ihya edildi\u011fini vurgulayan Erdo\u011fan, devletin t\u00fcm kurumlar\u0131yla afet b\u00f6lgelerinde kararl\u0131l\u0131kla \u00e7al\u0131\u015fmaya devam etti\u011fini belirtti.<\/p>\n<p>Cumhurba\u015fkan\u0131 Aliyev: Karde\u015fli\u011fimiz B\u00f6lgeye G\u00fc\u00e7 Kat\u0131yor<\/p>\n<p>T\u00f6rende konu\u015fan Azerbaycan Cumhurba\u015fkan\u0131 \u0130lham Aliyev ise, \u201cT\u00fcrkiye ve Azerbaycan karde\u015fli\u011fi sadece iki \u00fclke i\u00e7in de\u011fil, b\u00f6lge ve d\u00fcnya i\u00e7in de \u00f6nemli bir g\u00fc\u00e7 fakt\u00f6r\u00fcd\u00fcr. \u0130yi g\u00fcnlerde de k\u00f6t\u00fc g\u00fcnlerde de birbirimizin yan\u0131nday\u0131z. Bu dayan\u0131\u015fma g\u00fcc\u00fcm\u00fcz\u00fc art\u0131r\u0131yor,\u201d dedi.<\/p>\n<p>Hatay\u2019a Yo\u011fun Kat\u0131l\u0131m<\/p>\n<p>Hatay\u2019daki t\u00f6rene Vali Mustafa Masatl\u0131, AK Parti Genel Ba\u015fkan Yard\u0131mc\u0131s\u0131 H\u00fcseyin Yayman, AK Parti Hatay Milletvekili Abdulkadir \u00d6zel, MHP Hatay Milletvekili L\u00fctfi Ka\u015f\u0131k\u00e7\u0131, Hatay B\u00fcy\u00fck\u015fehir Belediye Ba\u015fkan\u0131 Mehmet \u00d6nt\u00fcrk, Antakya Belediye Ba\u015fkan\u0131 \u0130brahim Naci Yapar ve Defne Belediye Ba\u015fkan\u0131 Halil \u0130brahim \u00d6zg\u00fcn de kat\u0131ld\u0131.<\/p>\n<p>Di\u011fer \u0130llerde de Teslimatlar S\u00fcr\u00fcyor<\/p>\n<p>Hatay\u2019\u0131n ard\u0131ndan en fazla teslimat\u0131n yap\u0131ld\u0131\u011f\u0131 iller aras\u0131nda 9 bin 161 ba\u011f\u0131ms\u0131z b\u00f6l\u00fcmle Malatya ve 5 bin 277 ba\u011f\u0131ms\u0131z b\u00f6l\u00fcmle Ad\u0131yaman yer ald\u0131. E\u015f zamanl\u0131 olarak d\u00fczenlenen t\u00f6renlerde, depremzede vatanda\u015flara anahtarlar\u0131 teslim edildi.<\/p>\n<p>\u200bCumhurba\u015fkan\u0131 Recep Tayyip Erdo\u011fan, Azerbaycan Cumhurba\u015fkan\u0131 \u0130lham Aliyev ile birlikte Kahramanmara\u015f\u2019taki Azerbaycan Mahallesi\u2019nde d\u00fczenlenen 250 Bininci Afet Konutu Anahtar Teslimi ve Kura \u00c7ekim T\u00f6renine kat\u0131ld\u0131. \u201cBirlikte G\u00fc\u00e7l\u00fc Yar\u0131nlara\u201d slogan\u0131yla ger\u00e7ekle\u015ftirilen t\u00f6rende, Hatay\u2019\u0131n Defne il\u00e7esi Hanca\u011f\u0131z Mahallesi\u2019ndeki TOK\u0130 Afet Konutlar\u0131 Teslim T\u00f6reni\u2019ne de \u00e7evrim i\u00e7i ba\u011flant\u0131 ger\u00e7ekle\u015ftirildi.\u00a0<\/p>\n<p>\u200bHaberin Al\u0131nt\u0131land\u0131\u011f\u0131 Kaynak: www.iskenderun.org<\/p>","protected":false},"excerpt":{"rendered":"<p>Hatay&#8217;da 22 Bin 239 Ba\u011f\u0131ms\u0131z B\u00f6l\u00fcm\u00fcn Hak Sahibi Belirlendi T\u00f6rende Hatay\u2019da 21 bin 114 konut ve 1.125 i\u015f yerinin kuras\u0131 \u00e7ekilerek toplamda 22 bin 239 ba\u011f\u0131ms\u0131z b\u00f6l\u00fcm hak sahiplerine teslim edildi. B\u00f6ylece 7. kura ile birlikte Hatay genelinde teslim edilen toplam ba\u011f\u0131ms\u0131z b\u00f6l\u00fcm say\u0131s\u0131 68 bin 406\u2019ya ula\u015ft\u0131. \u0130l genelinde teslim edilen 67 bin 254 konut ve 1.152 i\u015f yerinin ard\u0131ndan Hatay, afet b\u00f6lgesinde en y\u00fcksek teslimat\u0131n yap\u0131ld\u0131\u011f\u0131 il oldu. Cumhurba\u015fkan\u0131 Erdo\u011fan: Avrupa \u00dclkesi B\u00fcy\u00fckl\u00fc\u011f\u00fcnde Alan \u0130mar Ettik Cumhurba\u015fkan\u0131 Erdo\u011fan t\u00f6rende yapt\u0131\u011f\u0131 a\u00e7\u0131klamada, \u201cHi\u00e7bir \u00fclke bu denli b\u00fcy\u00fck bir afetin alt\u0131ndan bu h\u0131zla kalkamazd\u0131. Felaketin ilk g\u00fcn\u00fcnden itibaren adeta bir Avrupa \u00fclkesi b\u00fcy\u00fckl\u00fc\u011f\u00fcnde alan\u0131 yeniden in\u015fa ettik. 11 ilimizde kurulan \u015fantiyelerde y\u00fcz binlerce mimar, m\u00fchendis ve i\u015f\u00e7i karde\u015fimiz gece g\u00fcnd\u00fcz \u00e7al\u0131\u015ft\u0131. Asr\u0131n in\u015fas\u0131 faaliyetlerinde teslim etti\u011fimiz yuvalar\u0131n say\u0131s\u0131 her ge\u00e7en g\u00fcn art\u0131yor,\u201d ifadelerini kulland\u0131. Hatay\u2019da uzun \u00e7ar\u015f\u0131, Habibi Neccar Camisi, Kemalpa\u015fa ve Kurtulu\u015f caddeleri gibi tarihi alanlar\u0131n asl\u0131na uygun olarak yeniden ihya edildi\u011fini vurgulayan Erdo\u011fan, devletin t\u00fcm kurumlar\u0131yla afet b\u00f6lgelerinde kararl\u0131l\u0131kla \u00e7al\u0131\u015fmaya devam etti\u011fini belirtti. Cumhurba\u015fkan\u0131 Aliyev: Karde\u015fli\u011fimiz B\u00f6lgeye G\u00fc\u00e7 Kat\u0131yor T\u00f6rende konu\u015fan Azerbaycan Cumhurba\u015fkan\u0131 \u0130lham Aliyev ise, \u201cT\u00fcrkiye ve Azerbaycan karde\u015fli\u011fi sadece iki \u00fclke i\u00e7in de\u011fil, b\u00f6lge ve d\u00fcnya i\u00e7in de \u00f6nemli bir g\u00fc\u00e7 fakt\u00f6r\u00fcd\u00fcr. \u0130yi g\u00fcnlerde de k\u00f6t\u00fc &hellip;<\/p>","protected":false},"author":1,"featured_media":0,"comment_status":"","ping_status":"open","sticky":false,"template":"","format":"standard","meta":{"_acf_changed":false,"footnotes":""},"categories":[24],"tags":[],"class_list":["post-120571","post","type-post","status-publish","format-standard","has-post-thumbnail","hentry","category-gundem"],"acf":[],"yoast_head":"<!-- This site is optimized with the Yoast SEO Premium plugin v26.6 (Yoast SEO v27.1.1) - https:\/\/yoast.com\/product\/yoast-seo-premium-wordpress\/ -->\n<title>Hatay\u2019da 21 Bin 114 Konutun Kuras\u0131 \u00c7ekildi - Av. Deniz Can K\u0131z\u0131l<\/title>\n<meta name=\"robots\" content=\"index, follow, max-snippet:-1, max-image-preview:large, max-video-preview:-1\" \/>\n<link rel=\"canonical\" href=\"http:\/\/denizcankizil.tr\/de\/haberler\/gundem\/hatayda-21-bin-114-konutun-kurasi-cekildi\/\" \/>\n<meta property=\"og:locale\" content=\"de_DE\" \/>\n<meta property=\"og:type\" content=\"article\" \/>\n<meta property=\"og:title\" content=\"Hatay\u2019da 21 Bin 114 Konutun Kuras\u0131 \u00c7ekildi\" \/>\n<meta property=\"og:description\" content=\"Hatay&#8217;da 22 Bin 239 Ba\u011f\u0131ms\u0131z B\u00f6l\u00fcm\u00fcn Hak Sahibi Belirlendi T\u00f6rende Hatay\u2019da 21 bin 114 konut ve 1.125 i\u015f yerinin kuras\u0131 \u00e7ekilerek toplamda 22 bin 239 ba\u011f\u0131ms\u0131z b\u00f6l\u00fcm hak sahiplerine teslim edildi. B\u00f6ylece 7. kura ile birlikte Hatay genelinde teslim edilen toplam ba\u011f\u0131ms\u0131z b\u00f6l\u00fcm say\u0131s\u0131 68 bin 406\u2019ya ula\u015ft\u0131. \u0130l genelinde teslim edilen 67 bin 254 konut ve 1.152 i\u015f yerinin ard\u0131ndan Hatay, afet b\u00f6lgesinde en y\u00fcksek teslimat\u0131n yap\u0131ld\u0131\u011f\u0131 il oldu. Cumhurba\u015fkan\u0131 Erdo\u011fan: Avrupa \u00dclkesi B\u00fcy\u00fckl\u00fc\u011f\u00fcnde Alan \u0130mar Ettik Cumhurba\u015fkan\u0131 Erdo\u011fan t\u00f6rende yapt\u0131\u011f\u0131 a\u00e7\u0131klamada, \u201cHi\u00e7bir \u00fclke bu denli b\u00fcy\u00fck bir afetin alt\u0131ndan bu h\u0131zla kalkamazd\u0131. Felaketin ilk g\u00fcn\u00fcnden itibaren adeta bir Avrupa \u00fclkesi b\u00fcy\u00fckl\u00fc\u011f\u00fcnde alan\u0131 yeniden in\u015fa ettik. 11 ilimizde kurulan \u015fantiyelerde y\u00fcz binlerce mimar, m\u00fchendis ve i\u015f\u00e7i karde\u015fimiz gece g\u00fcnd\u00fcz \u00e7al\u0131\u015ft\u0131. Asr\u0131n in\u015fas\u0131 faaliyetlerinde teslim etti\u011fimiz yuvalar\u0131n say\u0131s\u0131 her ge\u00e7en g\u00fcn art\u0131yor,\u201d ifadelerini kulland\u0131. Hatay\u2019da uzun \u00e7ar\u015f\u0131, Habibi Neccar Camisi, Kemalpa\u015fa ve Kurtulu\u015f caddeleri gibi tarihi alanlar\u0131n asl\u0131na uygun olarak yeniden ihya edildi\u011fini vurgulayan Erdo\u011fan, devletin t\u00fcm kurumlar\u0131yla afet b\u00f6lgelerinde kararl\u0131l\u0131kla \u00e7al\u0131\u015fmaya devam etti\u011fini belirtti. Cumhurba\u015fkan\u0131 Aliyev: Karde\u015fli\u011fimiz B\u00f6lgeye G\u00fc\u00e7 Kat\u0131yor T\u00f6rende konu\u015fan Azerbaycan Cumhurba\u015fkan\u0131 \u0130lham Aliyev ise, \u201cT\u00fcrkiye ve Azerbaycan karde\u015fli\u011fi sadece iki \u00fclke i\u00e7in de\u011fil, b\u00f6lge ve d\u00fcnya i\u00e7in de \u00f6nemli bir g\u00fc\u00e7 fakt\u00f6r\u00fcd\u00fcr. \u0130yi g\u00fcnlerde de k\u00f6t\u00fc &hellip;\" \/>\n<meta property=\"og:url\" content=\"http:\/\/denizcankizil.tr\/de\/haberler\/gundem\/hatayda-21-bin-114-konutun-kurasi-cekildi\/\" \/>\n<meta property=\"og:site_name\" content=\"Av. Deniz Can K\u0131z\u0131l\" \/>\n<meta property=\"article:published_time\" content=\"2025-06-19T17:41:57+00:00\" \/>\n<meta name=\"author\" content=\"admin\" \/>\n<meta name=\"twitter:card\" content=\"summary_large_image\" \/>\n<meta name=\"twitter:label1\" content=\"Verfasst von\" \/>\n\t<meta name=\"twitter:data1\" content=\"admin\" \/>\n\t<meta name=\"twitter:label2\" content=\"Gesch\u00e4tzte Lesezeit\" \/>\n\t<meta name=\"twitter:data2\" content=\"2\u00a0Minuten\" \/>\n<script type=\"application\/ld+json\" class=\"yoast-schema-graph\">{\"@context\":\"https:\/\/schema.org\",\"@graph\":[{\"@type\":\"Article\",\"@id\":\"http:\/\/denizcankizil.tr\/de\/haberler\/gundem\/hatayda-21-bin-114-konutun-kurasi-cekildi\/#article\",\"isPartOf\":{\"@id\":\"http:\/\/denizcankizil.tr\/de\/haberler\/gundem\/hatayda-21-bin-114-konutun-kurasi-cekildi\/\"},\"author\":{\"name\":\"admin\",\"@id\":\"https:\/\/denizcankizil.tr\/de\/#\/schema\/person\/be3c05fe6a12686905512445d8185489\"},\"headline\":\"Hatay\u2019da 21 Bin 114 Konutun Kuras\u0131 \u00c7ekildi\",\"datePublished\":\"2025-06-19T17:41:57+00:00\",\"mainEntityOfPage\":{\"@id\":\"http:\/\/denizcankizil.tr\/de\/haberler\/gundem\/hatayda-21-bin-114-konutun-kurasi-cekildi\/\"},\"wordCount\":503,\"publisher\":{\"@id\":\"https:\/\/denizcankizil.tr\/de\/#organization\"},\"articleSection\":[\"G\u00fcndem\"],\"inLanguage\":\"de\"},{\"@type\":\"WebPage\",\"@id\":\"http:\/\/denizcankizil.tr\/de\/haberler\/gundem\/hatayda-21-bin-114-konutun-kurasi-cekildi\/\",\"url\":\"http:\/\/denizcankizil.tr\/de\/haberler\/gundem\/hatayda-21-bin-114-konutun-kurasi-cekildi\/\",\"name\":\"Hatay\u2019da 21 Bin 114 Konutun Kuras\u0131 \u00c7ekildi - Av. Deniz Can K\u0131z\u0131l\",\"isPartOf\":{\"@id\":\"https:\/\/denizcankizil.tr\/de\/#website\"},\"datePublished\":\"2025-06-19T17:41:57+00:00\",\"breadcrumb\":{\"@id\":\"http:\/\/denizcankizil.tr\/de\/haberler\/gundem\/hatayda-21-bin-114-konutun-kurasi-cekildi\/#breadcrumb\"},\"inLanguage\":\"de\",\"potentialAction\":[{\"@type\":\"ReadAction\",\"target\":[\"http:\/\/denizcankizil.tr\/de\/haberler\/gundem\/hatayda-21-bin-114-konutun-kurasi-cekildi\/\"]}]},{\"@type\":\"BreadcrumbList\",\"@id\":\"http:\/\/denizcankizil.tr\/de\/haberler\/gundem\/hatayda-21-bin-114-konutun-kurasi-cekildi\/#breadcrumb\",\"itemListElement\":[{\"@type\":\"ListItem\",\"position\":1,\"name\":\"Home\",\"item\":\"https:\/\/denizcankizil.tr\/de\/\"},{\"@type\":\"ListItem\",\"position\":2,\"name\":\"Hatay\u2019da 21 Bin 114 Konutun Kuras\u0131 \u00c7ekildi\"}]},{\"@type\":\"WebSite\",\"@id\":\"https:\/\/denizcankizil.tr\/de\/#website\",\"url\":\"https:\/\/denizcankizil.tr\/de\/\",\"name\":\"Av. Deniz Can K\u0131z\u0131l\",\"description\":\"Avukat Deniz Can K\u0131z\u0131l Antalya Barosu\",\"publisher\":{\"@id\":\"https:\/\/denizcankizil.tr\/de\/#organization\"},\"potentialAction\":[{\"@type\":\"SearchAction\",\"target\":{\"@type\":\"EntryPoint\",\"urlTemplate\":\"https:\/\/denizcankizil.tr\/de\/?s={search_term_string}\"},\"query-input\":{\"@type\":\"PropertyValueSpecification\",\"valueRequired\":true,\"valueName\":\"search_term_string\"}}],\"inLanguage\":\"de\"},{\"@type\":\"Organization\",\"@id\":\"https:\/\/denizcankizil.tr\/de\/#organization\",\"name\":\"Av. Deniz Can K\u0131z\u0131l\",\"url\":\"https:\/\/denizcankizil.tr\/de\/\",\"logo\":{\"@type\":\"ImageObject\",\"inLanguage\":\"de\",\"@id\":\"https:\/\/denizcankizil.tr\/de\/#\/schema\/logo\/image\/\",\"url\":\"http:\/\/denizcankizil.tr\/wp-content\/uploads\/2024\/10\/siyah-logo-svg.svg\",\"contentUrl\":\"http:\/\/denizcankizil.tr\/wp-content\/uploads\/2024\/10\/siyah-logo-svg.svg\",\"width\":1080,\"height\":1080,\"caption\":\"Av. Deniz Can K\u0131z\u0131l\"},\"image\":{\"@id\":\"https:\/\/denizcankizil.tr\/de\/#\/schema\/logo\/image\/\"}},{\"@type\":\"Person\",\"@id\":\"https:\/\/denizcankizil.tr\/de\/#\/schema\/person\/be3c05fe6a12686905512445d8185489\",\"name\":\"admin\",\"image\":{\"@type\":\"ImageObject\",\"inLanguage\":\"de\",\"@id\":\"https:\/\/denizcankizil.tr\/de\/#\/schema\/person\/image\/\",\"url\":\"https:\/\/secure.gravatar.com\/avatar\/c1fce94c830dc79107e174f890d7210541c4a63e8e5d816341794a2151c9d58c?s=96&d=mm&r=g\",\"contentUrl\":\"https:\/\/secure.gravatar.com\/avatar\/c1fce94c830dc79107e174f890d7210541c4a63e8e5d816341794a2151c9d58c?s=96&d=mm&r=g\",\"caption\":\"admin\"},\"sameAs\":[\"http:\/\/denizcankizil.tr\"],\"url\":\"https:\/\/www.iskenderun.org\/hatayda-21-bin-114-konutun-kurasi-cekildi\"}]}<\/script>\n<!-- \/ Yoast SEO Premium plugin. -->","yoast_head_json":{"title":"Hatay\u2019da 21 Bin 114 Konutun Kuras\u0131 \u00c7ekildi - Av. Deniz Can K\u0131z\u0131l","robots":{"index":"index","follow":"follow","max-snippet":"max-snippet:-1","max-image-preview":"max-image-preview:large","max-video-preview":"max-video-preview:-1"},"canonical":"http:\/\/denizcankizil.tr\/de\/haberler\/gundem\/hatayda-21-bin-114-konutun-kurasi-cekildi\/","og_locale":"de_DE","og_type":"article","og_title":"Hatay\u2019da 21 Bin 114 Konutun Kuras\u0131 \u00c7ekildi","og_description":"Hatay&#8217;da 22 Bin 239 Ba\u011f\u0131ms\u0131z B\u00f6l\u00fcm\u00fcn Hak Sahibi Belirlendi T\u00f6rende Hatay\u2019da 21 bin 114 konut ve 1.125 i\u015f yerinin kuras\u0131 \u00e7ekilerek toplamda 22 bin 239 ba\u011f\u0131ms\u0131z b\u00f6l\u00fcm hak sahiplerine teslim edildi. B\u00f6ylece 7. kura ile birlikte Hatay genelinde teslim edilen toplam ba\u011f\u0131ms\u0131z b\u00f6l\u00fcm say\u0131s\u0131 68 bin 406\u2019ya ula\u015ft\u0131. \u0130l genelinde teslim edilen 67 bin 254 konut ve 1.152 i\u015f yerinin ard\u0131ndan Hatay, afet b\u00f6lgesinde en y\u00fcksek teslimat\u0131n yap\u0131ld\u0131\u011f\u0131 il oldu. Cumhurba\u015fkan\u0131 Erdo\u011fan: Avrupa \u00dclkesi B\u00fcy\u00fckl\u00fc\u011f\u00fcnde Alan \u0130mar Ettik Cumhurba\u015fkan\u0131 Erdo\u011fan t\u00f6rende yapt\u0131\u011f\u0131 a\u00e7\u0131klamada, \u201cHi\u00e7bir \u00fclke bu denli b\u00fcy\u00fck bir afetin alt\u0131ndan bu h\u0131zla kalkamazd\u0131. Felaketin ilk g\u00fcn\u00fcnden itibaren adeta bir Avrupa \u00fclkesi b\u00fcy\u00fckl\u00fc\u011f\u00fcnde alan\u0131 yeniden in\u015fa ettik. 11 ilimizde kurulan \u015fantiyelerde y\u00fcz binlerce mimar, m\u00fchendis ve i\u015f\u00e7i karde\u015fimiz gece g\u00fcnd\u00fcz \u00e7al\u0131\u015ft\u0131. Asr\u0131n in\u015fas\u0131 faaliyetlerinde teslim etti\u011fimiz yuvalar\u0131n say\u0131s\u0131 her ge\u00e7en g\u00fcn art\u0131yor,\u201d ifadelerini kulland\u0131. Hatay\u2019da uzun \u00e7ar\u015f\u0131, Habibi Neccar Camisi, Kemalpa\u015fa ve Kurtulu\u015f caddeleri gibi tarihi alanlar\u0131n asl\u0131na uygun olarak yeniden ihya edildi\u011fini vurgulayan Erdo\u011fan, devletin t\u00fcm kurumlar\u0131yla afet b\u00f6lgelerinde kararl\u0131l\u0131kla \u00e7al\u0131\u015fmaya devam etti\u011fini belirtti. Cumhurba\u015fkan\u0131 Aliyev: Karde\u015fli\u011fimiz B\u00f6lgeye G\u00fc\u00e7 Kat\u0131yor T\u00f6rende konu\u015fan Azerbaycan Cumhurba\u015fkan\u0131 \u0130lham Aliyev ise, \u201cT\u00fcrkiye ve Azerbaycan karde\u015fli\u011fi sadece iki \u00fclke i\u00e7in de\u011fil, b\u00f6lge ve d\u00fcnya i\u00e7in de \u00f6nemli bir g\u00fc\u00e7 fakt\u00f6r\u00fcd\u00fcr. \u0130yi g\u00fcnlerde de k\u00f6t\u00fc &hellip;","og_url":"http:\/\/denizcankizil.tr\/de\/haberler\/gundem\/hatayda-21-bin-114-konutun-kurasi-cekildi\/","og_site_name":"Av. Deniz Can K\u0131z\u0131l","article_published_time":"2025-06-19T17:41:57+00:00","author":"admin","twitter_card":"summary_large_image","twitter_misc":{"Verfasst von":"admin","Gesch\u00e4tzte Lesezeit":"2\u00a0Minuten"},"schema":{"@context":"https:\/\/schema.org","@graph":[{"@type":"Article","@id":"http:\/\/denizcankizil.tr\/de\/haberler\/gundem\/hatayda-21-bin-114-konutun-kurasi-cekildi\/#article","isPartOf":{"@id":"http:\/\/denizcankizil.tr\/de\/haberler\/gundem\/hatayda-21-bin-114-konutun-kurasi-cekildi\/"},"author":{"name":"admin","@id":"https:\/\/denizcankizil.tr\/de\/#\/schema\/person\/be3c05fe6a12686905512445d8185489"},"headline":"Hatay\u2019da 21 Bin 114 Konutun Kuras\u0131 \u00c7ekildi","datePublished":"2025-06-19T17:41:57+00:00","mainEntityOfPage":{"@id":"http:\/\/denizcankizil.tr\/de\/haberler\/gundem\/hatayda-21-bin-114-konutun-kurasi-cekildi\/"},"wordCount":503,"publisher":{"@id":"https:\/\/denizcankizil.tr\/de\/#organization"},"articleSection":["G\u00fcndem"],"inLanguage":"de"},{"@type":"WebPage","@id":"http:\/\/denizcankizil.tr\/de\/haberler\/gundem\/hatayda-21-bin-114-konutun-kurasi-cekildi\/","url":"http:\/\/denizcankizil.tr\/de\/haberler\/gundem\/hatayda-21-bin-114-konutun-kurasi-cekildi\/","name":"Hatay\u2019da 21 Bin 114 Konutun Kuras\u0131 \u00c7ekildi - Av. Deniz Can K\u0131z\u0131l","isPartOf":{"@id":"https:\/\/denizcankizil.tr\/de\/#website"},"datePublished":"2025-06-19T17:41:57+00:00","breadcrumb":{"@id":"http:\/\/denizcankizil.tr\/de\/haberler\/gundem\/hatayda-21-bin-114-konutun-kurasi-cekildi\/#breadcrumb"},"inLanguage":"de","potentialAction":[{"@type":"ReadAction","target":["http:\/\/denizcankizil.tr\/de\/haberler\/gundem\/hatayda-21-bin-114-konutun-kurasi-cekildi\/"]}]},{"@type":"BreadcrumbList","@id":"http:\/\/denizcankizil.tr\/de\/haberler\/gundem\/hatayda-21-bin-114-konutun-kurasi-cekildi\/#breadcrumb","itemListElement":[{"@type":"ListItem","position":1,"name":"Home","item":"https:\/\/denizcankizil.tr\/de\/"},{"@type":"ListItem","position":2,"name":"Hatay\u2019da 21 Bin 114 Konutun Kuras\u0131 \u00c7ekildi"}]},{"@type":"WebSite","@id":"https:\/\/denizcankizil.tr\/de\/#website","url":"https:\/\/denizcankizil.tr\/de\/","name":"Av. Deniz Can K\u0131z\u0131l","description":"Avukat Deniz Can K\u0131z\u0131l Antalya Barosu","publisher":{"@id":"https:\/\/denizcankizil.tr\/de\/#organization"},"potentialAction":[{"@type":"SearchAction","target":{"@type":"EntryPoint","urlTemplate":"https:\/\/denizcankizil.tr\/de\/?s={search_term_string}"},"query-input":{"@type":"PropertyValueSpecification","valueRequired":true,"valueName":"search_term_string"}}],"inLanguage":"de"},{"@type":"Organization","@id":"https:\/\/denizcankizil.tr\/de\/#organization","name":"Av. Deniz Can K\u0131z\u0131l","url":"https:\/\/denizcankizil.tr\/de\/","logo":{"@type":"ImageObject","inLanguage":"de","@id":"https:\/\/denizcankizil.tr\/de\/#\/schema\/logo\/image\/","url":"http:\/\/denizcankizil.tr\/wp-content\/uploads\/2024\/10\/siyah-logo-svg.svg","contentUrl":"http:\/\/denizcankizil.tr\/wp-content\/uploads\/2024\/10\/siyah-logo-svg.svg","width":1080,"height":1080,"caption":"Av. Deniz Can K\u0131z\u0131l"},"image":{"@id":"https:\/\/denizcankizil.tr\/de\/#\/schema\/logo\/image\/"}},{"@type":"Person","@id":"https:\/\/denizcankizil.tr\/de\/#\/schema\/person\/be3c05fe6a12686905512445d8185489","name":"Administrator","image":{"@type":"ImageObject","inLanguage":"de","@id":"https:\/\/denizcankizil.tr\/de\/#\/schema\/person\/image\/","url":"https:\/\/secure.gravatar.com\/avatar\/c1fce94c830dc79107e174f890d7210541c4a63e8e5d816341794a2151c9d58c?s=96&d=mm&r=g","contentUrl":"https:\/\/secure.gravatar.com\/avatar\/c1fce94c830dc79107e174f890d7210541c4a63e8e5d816341794a2151c9d58c?s=96&d=mm&r=g","caption":"admin"},"sameAs":["http:\/\/denizcankizil.tr"],"url":"https:\/\/www.iskenderun.org\/hatayda-21-bin-114-konutun-kurasi-cekildi"}]}},"_links":{"self":[{"href":"http:\/\/denizcankizil.tr\/de\/wp-json\/wp\/v2\/posts\/120571","targetHints":{"allow":["GET"]}}],"collection":[{"href":"http:\/\/denizcankizil.tr\/de\/wp-json\/wp\/v2\/posts"}],"about":[{"href":"http:\/\/denizcankizil.tr\/de\/wp-json\/wp\/v2\/types\/post"}],"author":[{"embeddable":true,"href":"http:\/\/denizcankizil.tr\/de\/wp-json\/wp\/v2\/users\/1"}],"replies":[{"embeddable":true,"href":"http:\/\/denizcankizil.tr\/de\/wp-json\/wp\/v2\/comments?post=120571"}],"version-history":[{"count":0,"href":"http:\/\/denizcankizil.tr\/de\/wp-json\/wp\/v2\/posts\/120571\/revisions"}],"wp:attachment":[{"href":"http:\/\/denizcankizil.tr\/de\/wp-json\/wp\/v2\/media?parent=120571"}],"wp:term":[{"taxonomy":"category","embeddable":true,"href":"http:\/\/denizcankizil.tr\/de\/wp-json\/wp\/v2\/categories?post=120571"},{"taxonomy":"post_tag","embeddable":true,"href":"http:\/\/denizcankizil.tr\/de\/wp-json\/wp\/v2\/tags?post=120571"}],"curies":[{"name":"wp","href":"https:\/\/api.w.org\/{rel}","templated":true}]}}