{"id":119427,"date":"2025-06-18T16:41:25","date_gmt":"2025-06-18T13:41:25","guid":{"rendered":"https:\/\/denizcankizil.tr\/uncategorized-tr\/alt-gecitte-takla-atti\/"},"modified":"2025-06-18T16:41:25","modified_gmt":"2025-06-18T13:41:25","slug":"alt-gecitte-takla-atti","status":"publish","type":"post","link":"http:\/\/denizcankizil.tr\/de\/haberler\/antalya\/alt-gecitte-takla-atti\/","title":{"rendered":"Alt ge\u00e7itte takla att\u0131"},"content":{"rendered":"<p>Kaza, saat 15.00 s\u0131ralar\u0131nda Muratpa\u015fa ile Kepez il\u00e7elerini birbirine ba\u011flayan G\u0131yaseddin Keyh\u00fcsrev Alt Ge\u00e7idi&#8217;nde meydana geldi. 07 P 6186 plakal\u0131 otomobille seyir halinde olan Feyza K\u00f6se bilinmeyen sebeple direksiyon hakimiyetini kaybetti. Savrulan ara\u00e7 alt ge\u00e7idin duvar\u0131na \u00e7arp\u0131p savrulduktan sonra takla att\u0131. Yolun ortas\u0131nda ters \u015fekilde durabilen ara\u00e7ta s\u00fcr\u00fcc\u00fc K\u00f6se s\u0131k\u0131\u015ft\u0131.<\/p>\n<p>Kazay\u0131 g\u00f6ren di\u011fer s\u00fcr\u00fcc\u00fclerin durumu 112 Acil \u00c7a\u011fr\u0131 Merkezi&#8217;ne bildirmesiyle olay yerine itfaiye, sa\u011fl\u0131k ve polis ekipleri sevk edildi. \u0130tfaiye ekipleri yapt\u0131klar\u0131 m\u00fcdahaleyle ara\u00e7ta s\u0131k\u0131\u015fan s\u00fcr\u00fcc\u00fcy\u00fc kurtard\u0131. Hafif yaralanan K\u00f6se ilk m\u00fcdahalenin ard\u0131ndan ambulansla hastaneye g\u00f6t\u00fcr\u00fcld\u00fc. Yolun ortas\u0131nda ters duran ara\u00e7 nedeniyle trafik durma noktas\u0131na geldi. Polis ekiplerinin \u00e7al\u0131\u015fmas\u0131n\u0131n ard\u0131ndan ara\u00e7 \u00e7ekici yard\u0131m\u0131yla g\u00f6t\u00fcr\u00fcld\u00fc.<\/p>\n<p>Kaynak: www.kanalv.com.tr Haber Sitesinden Al\u0131nm\u0131\u015ft\u0131r.<\/p>","protected":false},"excerpt":{"rendered":"<p>Kaza, saat 15.00 s\u0131ralar\u0131nda Muratpa\u015fa ile Kepez il\u00e7elerini birbirine ba\u011flayan G\u0131yaseddin Keyh\u00fcsrev Alt Ge\u00e7idi&#8217;nde meydana geldi. 07 P 6186 plakal\u0131 otomobille seyir halinde olan Feyza K\u00f6se bilinmeyen sebeple direksiyon hakimiyetini kaybetti. Savrulan ara\u00e7 alt ge\u00e7idin duvar\u0131na \u00e7arp\u0131p savrulduktan sonra takla att\u0131. Yolun ortas\u0131nda ters \u015fekilde durabilen ara\u00e7ta s\u00fcr\u00fcc\u00fc K\u00f6se s\u0131k\u0131\u015ft\u0131. Kazay\u0131 g\u00f6ren di\u011fer s\u00fcr\u00fcc\u00fclerin durumu 112 Acil \u00c7a\u011fr\u0131 Merkezi&#8217;ne bildirmesiyle olay yerine itfaiye, sa\u011fl\u0131k ve polis ekipleri sevk edildi. \u0130tfaiye ekipleri yapt\u0131klar\u0131 m\u00fcdahaleyle ara\u00e7ta s\u0131k\u0131\u015fan s\u00fcr\u00fcc\u00fcy\u00fc kurtard\u0131. Hafif yaralanan K\u00f6se ilk m\u00fcdahalenin ard\u0131ndan ambulansla hastaneye g\u00f6t\u00fcr\u00fcld\u00fc. Yolun ortas\u0131nda ters duran ara\u00e7 nedeniyle trafik durma noktas\u0131na geldi. Polis ekiplerinin \u00e7al\u0131\u015fmas\u0131n\u0131n ard\u0131ndan ara\u00e7 \u00e7ekici yard\u0131m\u0131yla g\u00f6t\u00fcr\u00fcld\u00fc. Kaynak: www.kanalv.com.tr Haber Sitesinden Al\u0131nm\u0131\u015ft\u0131r.<\/p>","protected":false},"author":4,"featured_media":119428,"comment_status":"","ping_status":"open","sticky":false,"template":"","format":"standard","meta":{"_acf_changed":false,"footnotes":""},"categories":[26],"tags":[],"class_list":["post-119427","post","type-post","status-publish","format-standard","has-post-thumbnail","hentry","category-antalya"],"acf":[],"yoast_head":"<!-- This site is optimized with the Yoast SEO Premium plugin v26.6 (Yoast SEO v27.1.1) - https:\/\/yoast.com\/product\/yoast-seo-premium-wordpress\/ -->\n<title>Alt ge\u00e7itte takla att\u0131 - Av. Deniz Can K\u0131z\u0131l<\/title>\n<meta name=\"robots\" content=\"index, follow, max-snippet:-1, max-image-preview:large, max-video-preview:-1\" \/>\n<link rel=\"canonical\" href=\"http:\/\/denizcankizil.tr\/de\/haberler\/antalya\/alt-gecitte-takla-atti\/\" \/>\n<meta property=\"og:locale\" content=\"de_DE\" \/>\n<meta property=\"og:type\" content=\"article\" \/>\n<meta property=\"og:title\" content=\"Alt ge\u00e7itte takla att\u0131\" \/>\n<meta property=\"og:description\" content=\"Kaza, saat 15.00 s\u0131ralar\u0131nda Muratpa\u015fa ile Kepez il\u00e7elerini birbirine ba\u011flayan G\u0131yaseddin Keyh\u00fcsrev Alt Ge\u00e7idi&#8217;nde meydana geldi. 07 P 6186 plakal\u0131 otomobille seyir halinde olan Feyza K\u00f6se bilinmeyen sebeple direksiyon hakimiyetini kaybetti. Savrulan ara\u00e7 alt ge\u00e7idin duvar\u0131na \u00e7arp\u0131p savrulduktan sonra takla att\u0131. Yolun ortas\u0131nda ters \u015fekilde durabilen ara\u00e7ta s\u00fcr\u00fcc\u00fc K\u00f6se s\u0131k\u0131\u015ft\u0131. Kazay\u0131 g\u00f6ren di\u011fer s\u00fcr\u00fcc\u00fclerin durumu 112 Acil \u00c7a\u011fr\u0131 Merkezi&#8217;ne bildirmesiyle olay yerine itfaiye, sa\u011fl\u0131k ve polis ekipleri sevk edildi. \u0130tfaiye ekipleri yapt\u0131klar\u0131 m\u00fcdahaleyle ara\u00e7ta s\u0131k\u0131\u015fan s\u00fcr\u00fcc\u00fcy\u00fc kurtard\u0131. Hafif yaralanan K\u00f6se ilk m\u00fcdahalenin ard\u0131ndan ambulansla hastaneye g\u00f6t\u00fcr\u00fcld\u00fc. Yolun ortas\u0131nda ters duran ara\u00e7 nedeniyle trafik durma noktas\u0131na geldi. Polis ekiplerinin \u00e7al\u0131\u015fmas\u0131n\u0131n ard\u0131ndan ara\u00e7 \u00e7ekici yard\u0131m\u0131yla g\u00f6t\u00fcr\u00fcld\u00fc. Kaynak: www.kanalv.com.tr Haber Sitesinden Al\u0131nm\u0131\u015ft\u0131r.\" \/>\n<meta property=\"og:url\" content=\"http:\/\/denizcankizil.tr\/de\/haberler\/antalya\/alt-gecitte-takla-atti\/\" \/>\n<meta property=\"og:site_name\" content=\"Av. Deniz Can K\u0131z\u0131l\" \/>\n<meta property=\"article:published_time\" content=\"2025-06-18T13:41:25+00:00\" \/>\n<meta property=\"og:image\" content=\"http:\/\/denizcankizil.tr\/wp-content\/uploads\/2025\/06\/6940-01-6cLHys.jpg\" \/>\n\t<meta property=\"og:image:width\" content=\"1280\" \/>\n\t<meta property=\"og:image:height\" content=\"720\" \/>\n\t<meta property=\"og:image:type\" content=\"image\/jpeg\" \/>\n<meta name=\"author\" content=\"Av. Deniz Can K\u0131z\u0131l\" \/>\n<meta name=\"twitter:card\" content=\"summary_large_image\" \/>\n<meta name=\"twitter:label1\" content=\"Verfasst von\" \/>\n\t<meta name=\"twitter:data1\" content=\"Av. Deniz Can K\u0131z\u0131l\" \/>\n\t<meta name=\"twitter:label2\" content=\"Gesch\u00e4tzte Lesezeit\" \/>\n\t<meta name=\"twitter:data2\" content=\"1\u00a0Minute\" \/>\n<script type=\"application\/ld+json\" class=\"yoast-schema-graph\">{\"@context\":\"https:\/\/schema.org\",\"@graph\":[{\"@type\":\"Article\",\"@id\":\"http:\/\/denizcankizil.tr\/de\/haberler\/antalya\/alt-gecitte-takla-atti\/#article\",\"isPartOf\":{\"@id\":\"http:\/\/denizcankizil.tr\/de\/haberler\/antalya\/alt-gecitte-takla-atti\/\"},\"author\":{\"name\":\"Av. Deniz Can K\u0131z\u0131l\",\"@id\":\"https:\/\/denizcankizil.tr\/de\/#\/schema\/person\/5dc1b22991bd7ac833867c10afc9b0ff\"},\"headline\":\"Alt ge\u00e7itte takla att\u0131\",\"datePublished\":\"2025-06-18T13:41:25+00:00\",\"mainEntityOfPage\":{\"@id\":\"http:\/\/denizcankizil.tr\/de\/haberler\/antalya\/alt-gecitte-takla-atti\/\"},\"wordCount\":170,\"publisher\":{\"@id\":\"https:\/\/denizcankizil.tr\/de\/#organization\"},\"image\":{\"@id\":\"http:\/\/denizcankizil.tr\/de\/haberler\/antalya\/alt-gecitte-takla-atti\/#primaryimage\"},\"thumbnailUrl\":\"http:\/\/denizcankizil.tr\/wp-content\/uploads\/2025\/06\/6940-01-6cLHys.jpg\",\"articleSection\":[\"Antalya\"],\"inLanguage\":\"de\"},{\"@type\":\"WebPage\",\"@id\":\"http:\/\/denizcankizil.tr\/de\/haberler\/antalya\/alt-gecitte-takla-atti\/\",\"url\":\"http:\/\/denizcankizil.tr\/de\/haberler\/antalya\/alt-gecitte-takla-atti\/\",\"name\":\"Alt ge\u00e7itte takla att\u0131 - Av. Deniz Can K\u0131z\u0131l\",\"isPartOf\":{\"@id\":\"https:\/\/denizcankizil.tr\/de\/#website\"},\"primaryImageOfPage\":{\"@id\":\"http:\/\/denizcankizil.tr\/de\/haberler\/antalya\/alt-gecitte-takla-atti\/#primaryimage\"},\"image\":{\"@id\":\"http:\/\/denizcankizil.tr\/de\/haberler\/antalya\/alt-gecitte-takla-atti\/#primaryimage\"},\"thumbnailUrl\":\"http:\/\/denizcankizil.tr\/wp-content\/uploads\/2025\/06\/6940-01-6cLHys.jpg\",\"datePublished\":\"2025-06-18T13:41:25+00:00\",\"breadcrumb\":{\"@id\":\"http:\/\/denizcankizil.tr\/de\/haberler\/antalya\/alt-gecitte-takla-atti\/#breadcrumb\"},\"inLanguage\":\"de\",\"potentialAction\":[{\"@type\":\"ReadAction\",\"target\":[\"http:\/\/denizcankizil.tr\/de\/haberler\/antalya\/alt-gecitte-takla-atti\/\"]}]},{\"@type\":\"ImageObject\",\"inLanguage\":\"de\",\"@id\":\"http:\/\/denizcankizil.tr\/de\/haberler\/antalya\/alt-gecitte-takla-atti\/#primaryimage\",\"url\":\"http:\/\/denizcankizil.tr\/wp-content\/uploads\/2025\/06\/6940-01-6cLHys.jpg\",\"contentUrl\":\"http:\/\/denizcankizil.tr\/wp-content\/uploads\/2025\/06\/6940-01-6cLHys.jpg\",\"width\":1280,\"height\":720},{\"@type\":\"BreadcrumbList\",\"@id\":\"http:\/\/denizcankizil.tr\/de\/haberler\/antalya\/alt-gecitte-takla-atti\/#breadcrumb\",\"itemListElement\":[{\"@type\":\"ListItem\",\"position\":1,\"name\":\"Home\",\"item\":\"https:\/\/denizcankizil.tr\/de\/\"},{\"@type\":\"ListItem\",\"position\":2,\"name\":\"Alt ge\u00e7itte takla att\u0131\"}]},{\"@type\":\"WebSite\",\"@id\":\"https:\/\/denizcankizil.tr\/de\/#website\",\"url\":\"https:\/\/denizcankizil.tr\/de\/\",\"name\":\"Av. Deniz Can K\u0131z\u0131l\",\"description\":\"Avukat Deniz Can K\u0131z\u0131l Antalya Barosu\",\"publisher\":{\"@id\":\"https:\/\/denizcankizil.tr\/de\/#organization\"},\"potentialAction\":[{\"@type\":\"SearchAction\",\"target\":{\"@type\":\"EntryPoint\",\"urlTemplate\":\"https:\/\/denizcankizil.tr\/de\/?s={search_term_string}\"},\"query-input\":{\"@type\":\"PropertyValueSpecification\",\"valueRequired\":true,\"valueName\":\"search_term_string\"}}],\"inLanguage\":\"de\"},{\"@type\":\"Organization\",\"@id\":\"https:\/\/denizcankizil.tr\/de\/#organization\",\"name\":\"Av. Deniz Can K\u0131z\u0131l\",\"url\":\"https:\/\/denizcankizil.tr\/de\/\",\"logo\":{\"@type\":\"ImageObject\",\"inLanguage\":\"de\",\"@id\":\"https:\/\/denizcankizil.tr\/de\/#\/schema\/logo\/image\/\",\"url\":\"http:\/\/denizcankizil.tr\/wp-content\/uploads\/2024\/10\/siyah-logo-svg.svg\",\"contentUrl\":\"http:\/\/denizcankizil.tr\/wp-content\/uploads\/2024\/10\/siyah-logo-svg.svg\",\"width\":1080,\"height\":1080,\"caption\":\"Av. Deniz Can K\u0131z\u0131l\"},\"image\":{\"@id\":\"https:\/\/denizcankizil.tr\/de\/#\/schema\/logo\/image\/\"}},{\"@type\":\"Person\",\"@id\":\"https:\/\/denizcankizil.tr\/de\/#\/schema\/person\/5dc1b22991bd7ac833867c10afc9b0ff\",\"name\":\"Av. Deniz Can K\u0131z\u0131l\",\"image\":{\"@type\":\"ImageObject\",\"inLanguage\":\"de\",\"@id\":\"https:\/\/denizcankizil.tr\/de\/#\/schema\/person\/image\/\",\"url\":\"https:\/\/secure.gravatar.com\/avatar\/a0b128fb9855c79efc976d5640eedb31dc35ec297594d6016d2cf7c60e975bb6?s=96&d=mm&r=g\",\"contentUrl\":\"https:\/\/secure.gravatar.com\/avatar\/a0b128fb9855c79efc976d5640eedb31dc35ec297594d6016d2cf7c60e975bb6?s=96&d=mm&r=g\",\"caption\":\"Av. Deniz Can K\u0131z\u0131l\"},\"sameAs\":[\"http:\/\/www.denizcankizil.tr\"],\"url\":\"http:\/\/denizcankizil.tr\/de\/author\/denizcankizil\/\"}]}<\/script>\n<!-- \/ Yoast SEO Premium plugin. -->","yoast_head_json":{"title":"Alt ge\u00e7itte takla att\u0131 - Av. Deniz Can K\u0131z\u0131l","robots":{"index":"index","follow":"follow","max-snippet":"max-snippet:-1","max-image-preview":"max-image-preview:large","max-video-preview":"max-video-preview:-1"},"canonical":"http:\/\/denizcankizil.tr\/de\/haberler\/antalya\/alt-gecitte-takla-atti\/","og_locale":"de_DE","og_type":"article","og_title":"Alt ge\u00e7itte takla att\u0131","og_description":"Kaza, saat 15.00 s\u0131ralar\u0131nda Muratpa\u015fa ile Kepez il\u00e7elerini birbirine ba\u011flayan G\u0131yaseddin Keyh\u00fcsrev Alt Ge\u00e7idi&#8217;nde meydana geldi. 07 P 6186 plakal\u0131 otomobille seyir halinde olan Feyza K\u00f6se bilinmeyen sebeple direksiyon hakimiyetini kaybetti. Savrulan ara\u00e7 alt ge\u00e7idin duvar\u0131na \u00e7arp\u0131p savrulduktan sonra takla att\u0131. Yolun ortas\u0131nda ters \u015fekilde durabilen ara\u00e7ta s\u00fcr\u00fcc\u00fc K\u00f6se s\u0131k\u0131\u015ft\u0131. Kazay\u0131 g\u00f6ren di\u011fer s\u00fcr\u00fcc\u00fclerin durumu 112 Acil \u00c7a\u011fr\u0131 Merkezi&#8217;ne bildirmesiyle olay yerine itfaiye, sa\u011fl\u0131k ve polis ekipleri sevk edildi. \u0130tfaiye ekipleri yapt\u0131klar\u0131 m\u00fcdahaleyle ara\u00e7ta s\u0131k\u0131\u015fan s\u00fcr\u00fcc\u00fcy\u00fc kurtard\u0131. Hafif yaralanan K\u00f6se ilk m\u00fcdahalenin ard\u0131ndan ambulansla hastaneye g\u00f6t\u00fcr\u00fcld\u00fc. Yolun ortas\u0131nda ters duran ara\u00e7 nedeniyle trafik durma noktas\u0131na geldi. Polis ekiplerinin \u00e7al\u0131\u015fmas\u0131n\u0131n ard\u0131ndan ara\u00e7 \u00e7ekici yard\u0131m\u0131yla g\u00f6t\u00fcr\u00fcld\u00fc. Kaynak: www.kanalv.com.tr Haber Sitesinden Al\u0131nm\u0131\u015ft\u0131r.","og_url":"http:\/\/denizcankizil.tr\/de\/haberler\/antalya\/alt-gecitte-takla-atti\/","og_site_name":"Av. Deniz Can K\u0131z\u0131l","article_published_time":"2025-06-18T13:41:25+00:00","og_image":[{"width":1280,"height":720,"url":"http:\/\/denizcankizil.tr\/wp-content\/uploads\/2025\/06\/6940-01-6cLHys.jpg","type":"image\/jpeg"}],"author":"Av. Deniz Can K\u0131z\u0131l","twitter_card":"summary_large_image","twitter_misc":{"Verfasst von":"Av. Deniz Can K\u0131z\u0131l","Gesch\u00e4tzte Lesezeit":"1\u00a0Minute"},"schema":{"@context":"https:\/\/schema.org","@graph":[{"@type":"Article","@id":"http:\/\/denizcankizil.tr\/de\/haberler\/antalya\/alt-gecitte-takla-atti\/#article","isPartOf":{"@id":"http:\/\/denizcankizil.tr\/de\/haberler\/antalya\/alt-gecitte-takla-atti\/"},"author":{"name":"Av. Deniz Can K\u0131z\u0131l","@id":"https:\/\/denizcankizil.tr\/de\/#\/schema\/person\/5dc1b22991bd7ac833867c10afc9b0ff"},"headline":"Alt ge\u00e7itte takla att\u0131","datePublished":"2025-06-18T13:41:25+00:00","mainEntityOfPage":{"@id":"http:\/\/denizcankizil.tr\/de\/haberler\/antalya\/alt-gecitte-takla-atti\/"},"wordCount":170,"publisher":{"@id":"https:\/\/denizcankizil.tr\/de\/#organization"},"image":{"@id":"http:\/\/denizcankizil.tr\/de\/haberler\/antalya\/alt-gecitte-takla-atti\/#primaryimage"},"thumbnailUrl":"http:\/\/denizcankizil.tr\/wp-content\/uploads\/2025\/06\/6940-01-6cLHys.jpg","articleSection":["Antalya"],"inLanguage":"de"},{"@type":"WebPage","@id":"http:\/\/denizcankizil.tr\/de\/haberler\/antalya\/alt-gecitte-takla-atti\/","url":"http:\/\/denizcankizil.tr\/de\/haberler\/antalya\/alt-gecitte-takla-atti\/","name":"Alt ge\u00e7itte takla att\u0131 - Av. Deniz Can K\u0131z\u0131l","isPartOf":{"@id":"https:\/\/denizcankizil.tr\/de\/#website"},"primaryImageOfPage":{"@id":"http:\/\/denizcankizil.tr\/de\/haberler\/antalya\/alt-gecitte-takla-atti\/#primaryimage"},"image":{"@id":"http:\/\/denizcankizil.tr\/de\/haberler\/antalya\/alt-gecitte-takla-atti\/#primaryimage"},"thumbnailUrl":"http:\/\/denizcankizil.tr\/wp-content\/uploads\/2025\/06\/6940-01-6cLHys.jpg","datePublished":"2025-06-18T13:41:25+00:00","breadcrumb":{"@id":"http:\/\/denizcankizil.tr\/de\/haberler\/antalya\/alt-gecitte-takla-atti\/#breadcrumb"},"inLanguage":"de","potentialAction":[{"@type":"ReadAction","target":["http:\/\/denizcankizil.tr\/de\/haberler\/antalya\/alt-gecitte-takla-atti\/"]}]},{"@type":"ImageObject","inLanguage":"de","@id":"http:\/\/denizcankizil.tr\/de\/haberler\/antalya\/alt-gecitte-takla-atti\/#primaryimage","url":"http:\/\/denizcankizil.tr\/wp-content\/uploads\/2025\/06\/6940-01-6cLHys.jpg","contentUrl":"http:\/\/denizcankizil.tr\/wp-content\/uploads\/2025\/06\/6940-01-6cLHys.jpg","width":1280,"height":720},{"@type":"BreadcrumbList","@id":"http:\/\/denizcankizil.tr\/de\/haberler\/antalya\/alt-gecitte-takla-atti\/#breadcrumb","itemListElement":[{"@type":"ListItem","position":1,"name":"Home","item":"https:\/\/denizcankizil.tr\/de\/"},{"@type":"ListItem","position":2,"name":"Alt ge\u00e7itte takla att\u0131"}]},{"@type":"WebSite","@id":"https:\/\/denizcankizil.tr\/de\/#website","url":"https:\/\/denizcankizil.tr\/de\/","name":"Av. Deniz Can K\u0131z\u0131l","description":"Avukat Deniz Can K\u0131z\u0131l Antalya Barosu","publisher":{"@id":"https:\/\/denizcankizil.tr\/de\/#organization"},"potentialAction":[{"@type":"SearchAction","target":{"@type":"EntryPoint","urlTemplate":"https:\/\/denizcankizil.tr\/de\/?s={search_term_string}"},"query-input":{"@type":"PropertyValueSpecification","valueRequired":true,"valueName":"search_term_string"}}],"inLanguage":"de"},{"@type":"Organization","@id":"https:\/\/denizcankizil.tr\/de\/#organization","name":"Av. Deniz Can K\u0131z\u0131l","url":"https:\/\/denizcankizil.tr\/de\/","logo":{"@type":"ImageObject","inLanguage":"de","@id":"https:\/\/denizcankizil.tr\/de\/#\/schema\/logo\/image\/","url":"http:\/\/denizcankizil.tr\/wp-content\/uploads\/2024\/10\/siyah-logo-svg.svg","contentUrl":"http:\/\/denizcankizil.tr\/wp-content\/uploads\/2024\/10\/siyah-logo-svg.svg","width":1080,"height":1080,"caption":"Av. Deniz Can K\u0131z\u0131l"},"image":{"@id":"https:\/\/denizcankizil.tr\/de\/#\/schema\/logo\/image\/"}},{"@type":"Person","@id":"https:\/\/denizcankizil.tr\/de\/#\/schema\/person\/5dc1b22991bd7ac833867c10afc9b0ff","name":"Av. Deniz Can K\u0131z\u0131l","image":{"@type":"ImageObject","inLanguage":"de","@id":"https:\/\/denizcankizil.tr\/de\/#\/schema\/person\/image\/","url":"https:\/\/secure.gravatar.com\/avatar\/a0b128fb9855c79efc976d5640eedb31dc35ec297594d6016d2cf7c60e975bb6?s=96&d=mm&r=g","contentUrl":"https:\/\/secure.gravatar.com\/avatar\/a0b128fb9855c79efc976d5640eedb31dc35ec297594d6016d2cf7c60e975bb6?s=96&d=mm&r=g","caption":"Av. Deniz Can K\u0131z\u0131l"},"sameAs":["http:\/\/www.denizcankizil.tr"],"url":"http:\/\/denizcankizil.tr\/de\/author\/denizcankizil\/"}]}},"_links":{"self":[{"href":"http:\/\/denizcankizil.tr\/de\/wp-json\/wp\/v2\/posts\/119427","targetHints":{"allow":["GET"]}}],"collection":[{"href":"http:\/\/denizcankizil.tr\/de\/wp-json\/wp\/v2\/posts"}],"about":[{"href":"http:\/\/denizcankizil.tr\/de\/wp-json\/wp\/v2\/types\/post"}],"author":[{"embeddable":true,"href":"http:\/\/denizcankizil.tr\/de\/wp-json\/wp\/v2\/users\/4"}],"replies":[{"embeddable":true,"href":"http:\/\/denizcankizil.tr\/de\/wp-json\/wp\/v2\/comments?post=119427"}],"version-history":[{"count":0,"href":"http:\/\/denizcankizil.tr\/de\/wp-json\/wp\/v2\/posts\/119427\/revisions"}],"wp:featuredmedia":[{"embeddable":true,"href":"http:\/\/denizcankizil.tr\/de\/wp-json\/wp\/v2\/media\/119428"}],"wp:attachment":[{"href":"http:\/\/denizcankizil.tr\/de\/wp-json\/wp\/v2\/media?parent=119427"}],"wp:term":[{"taxonomy":"category","embeddable":true,"href":"http:\/\/denizcankizil.tr\/de\/wp-json\/wp\/v2\/categories?post=119427"},{"taxonomy":"post_tag","embeddable":true,"href":"http:\/\/denizcankizil.tr\/de\/wp-json\/wp\/v2\/tags?post=119427"}],"curies":[{"name":"wp","href":"https:\/\/api.w.org\/{rel}","templated":true}]}}