{"id":119383,"date":"2025-06-18T14:43:43","date_gmt":"2025-06-18T11:43:43","guid":{"rendered":"https:\/\/denizcankizil.tr\/uncategorized-tr\/yksye-giden-yolda-kaygi-tuzagina-dusmeyin\/"},"modified":"2025-06-18T14:43:43","modified_gmt":"2025-06-18T11:43:43","slug":"yksye-giden-yolda-kaygi-tuzagina-dusmeyin","status":"publish","type":"post","link":"http:\/\/denizcankizil.tr\/de\/haberler\/gundem\/yksye-giden-yolda-kaygi-tuzagina-dusmeyin\/","title":{"rendered":"YKS\u2019ye giden yolda \u2018kayg\u0131\u2019 tuza\u011f\u0131na d\u00fc\u015fmeyin!"},"content":{"rendered":"<p>\u00dcsk\u00fcdar \u00dcniversitesi NP Feneryolu T\u0131p Merkezi\u00a0Uzman Klinik Psikolog \u00c7a\u011fr\u0131\u00a0Akyol\u00a0\u00c7evirir, s\u0131nav kayg\u0131s\u0131n\u0131n nedenleri, etkileri ve ba\u015fa \u00e7\u0131kma y\u00f6ntemleri ile \u00f6zellikle ebeveynlerin bu s\u00fcre\u00e7teki destekleyici rol\u00fcn\u00fcn \u00f6neminden bahsetti.<\/p>\n<p>\u200b\u00dcsk\u00fcdar \u00dcniversitesi NP Feneryolu T\u0131p Merkezi\u00a0Uzman Klinik Psikolog \u00c7a\u011fr\u0131\u00a0Akyol\u00a0\u00c7evirir, s\u0131nav kayg\u0131s\u0131n\u0131n nedenleri, etkileri ve ba\u015fa \u00e7\u0131kma y\u00f6ntemleri ile \u00f6zellikle ebeveynlerin bu s\u00fcre\u00e7teki destekleyici rol\u00fcn\u00fcn \u00f6neminden bahsetti.\u00a0<\/p>\n<p>\u200bHaberin Al\u0131nt\u0131land\u0131\u011f\u0131 Kaynak: www.iskenderun.org<\/p>","protected":false},"excerpt":{"rendered":"<p>\u00dcsk\u00fcdar \u00dcniversitesi NP Feneryolu T\u0131p Merkezi\u00a0Uzman Klinik Psikolog \u00c7a\u011fr\u0131\u00a0Akyol\u00a0\u00c7evirir, s\u0131nav kayg\u0131s\u0131n\u0131n nedenleri, etkileri ve ba\u015fa \u00e7\u0131kma y\u00f6ntemleri ile \u00f6zellikle ebeveynlerin bu s\u00fcre\u00e7teki destekleyici rol\u00fcn\u00fcn \u00f6neminden bahsetti. \u200b\u00dcsk\u00fcdar \u00dcniversitesi NP Feneryolu T\u0131p Merkezi\u00a0Uzman Klinik Psikolog \u00c7a\u011fr\u0131\u00a0Akyol\u00a0\u00c7evirir, s\u0131nav kayg\u0131s\u0131n\u0131n nedenleri, etkileri ve ba\u015fa \u00e7\u0131kma y\u00f6ntemleri ile \u00f6zellikle ebeveynlerin bu s\u00fcre\u00e7teki destekleyici rol\u00fcn\u00fcn \u00f6neminden bahsetti.\u00a0 \u200bHaberin Al\u0131nt\u0131land\u0131\u011f\u0131 Kaynak: www.iskenderun.org<\/p>","protected":false},"author":1,"featured_media":0,"comment_status":"","ping_status":"open","sticky":false,"template":"","format":"standard","meta":{"_acf_changed":false,"footnotes":""},"categories":[24],"tags":[],"class_list":["post-119383","post","type-post","status-publish","format-standard","has-post-thumbnail","hentry","category-gundem"],"acf":[],"yoast_head":"<!-- This site is optimized with the Yoast SEO Premium plugin v26.6 (Yoast SEO v27.1.1) - https:\/\/yoast.com\/product\/yoast-seo-premium-wordpress\/ -->\n<title>YKS\u2019ye giden yolda \u2018kayg\u0131\u2019 tuza\u011f\u0131na d\u00fc\u015fmeyin! - Av. Deniz Can K\u0131z\u0131l<\/title>\n<meta name=\"robots\" content=\"index, follow, max-snippet:-1, max-image-preview:large, max-video-preview:-1\" \/>\n<link rel=\"canonical\" href=\"http:\/\/denizcankizil.tr\/de\/haberler\/gundem\/yksye-giden-yolda-kaygi-tuzagina-dusmeyin\/\" \/>\n<meta property=\"og:locale\" content=\"de_DE\" \/>\n<meta property=\"og:type\" content=\"article\" \/>\n<meta property=\"og:title\" content=\"YKS\u2019ye giden yolda \u2018kayg\u0131\u2019 tuza\u011f\u0131na d\u00fc\u015fmeyin!\" \/>\n<meta property=\"og:description\" content=\"\u00dcsk\u00fcdar \u00dcniversitesi NP Feneryolu T\u0131p Merkezi\u00a0Uzman Klinik Psikolog \u00c7a\u011fr\u0131\u00a0Akyol\u00a0\u00c7evirir, s\u0131nav kayg\u0131s\u0131n\u0131n nedenleri, etkileri ve ba\u015fa \u00e7\u0131kma y\u00f6ntemleri ile \u00f6zellikle ebeveynlerin bu s\u00fcre\u00e7teki destekleyici rol\u00fcn\u00fcn \u00f6neminden bahsetti. \u200b\u00dcsk\u00fcdar \u00dcniversitesi NP Feneryolu T\u0131p Merkezi\u00a0Uzman Klinik Psikolog \u00c7a\u011fr\u0131\u00a0Akyol\u00a0\u00c7evirir, s\u0131nav kayg\u0131s\u0131n\u0131n nedenleri, etkileri ve ba\u015fa \u00e7\u0131kma y\u00f6ntemleri ile \u00f6zellikle ebeveynlerin bu s\u00fcre\u00e7teki destekleyici rol\u00fcn\u00fcn \u00f6neminden bahsetti.\u00a0 \u200bHaberin Al\u0131nt\u0131land\u0131\u011f\u0131 Kaynak: www.iskenderun.org\" \/>\n<meta property=\"og:url\" content=\"http:\/\/denizcankizil.tr\/de\/haberler\/gundem\/yksye-giden-yolda-kaygi-tuzagina-dusmeyin\/\" \/>\n<meta property=\"og:site_name\" content=\"Av. Deniz Can K\u0131z\u0131l\" \/>\n<meta property=\"article:published_time\" content=\"2025-06-18T11:43:43+00:00\" \/>\n<meta name=\"author\" content=\"admin\" \/>\n<meta name=\"twitter:card\" content=\"summary_large_image\" \/>\n<meta name=\"twitter:label1\" content=\"Verfasst von\" \/>\n\t<meta name=\"twitter:data1\" content=\"admin\" \/>\n<script type=\"application\/ld+json\" class=\"yoast-schema-graph\">{\"@context\":\"https:\/\/schema.org\",\"@graph\":[{\"@type\":\"Article\",\"@id\":\"http:\/\/denizcankizil.tr\/de\/haberler\/gundem\/yksye-giden-yolda-kaygi-tuzagina-dusmeyin\/#article\",\"isPartOf\":{\"@id\":\"http:\/\/denizcankizil.tr\/de\/haberler\/gundem\/yksye-giden-yolda-kaygi-tuzagina-dusmeyin\/\"},\"author\":{\"name\":\"admin\",\"@id\":\"https:\/\/denizcankizil.tr\/#\/schema\/person\/be3c05fe6a12686905512445d8185489\"},\"headline\":\"YKS\u2019ye giden yolda \u2018kayg\u0131\u2019 tuza\u011f\u0131na d\u00fc\u015fmeyin!\",\"datePublished\":\"2025-06-18T11:43:43+00:00\",\"mainEntityOfPage\":{\"@id\":\"http:\/\/denizcankizil.tr\/de\/haberler\/gundem\/yksye-giden-yolda-kaygi-tuzagina-dusmeyin\/\"},\"wordCount\":101,\"publisher\":{\"@id\":\"https:\/\/denizcankizil.tr\/#organization\"},\"articleSection\":[\"G\u00fcndem\"],\"inLanguage\":\"de\"},{\"@type\":\"WebPage\",\"@id\":\"http:\/\/denizcankizil.tr\/de\/haberler\/gundem\/yksye-giden-yolda-kaygi-tuzagina-dusmeyin\/\",\"url\":\"http:\/\/denizcankizil.tr\/de\/haberler\/gundem\/yksye-giden-yolda-kaygi-tuzagina-dusmeyin\/\",\"name\":\"YKS\u2019ye giden yolda \u2018kayg\u0131\u2019 tuza\u011f\u0131na d\u00fc\u015fmeyin! - Av. Deniz Can K\u0131z\u0131l\",\"isPartOf\":{\"@id\":\"https:\/\/denizcankizil.tr\/#website\"},\"datePublished\":\"2025-06-18T11:43:43+00:00\",\"breadcrumb\":{\"@id\":\"http:\/\/denizcankizil.tr\/de\/haberler\/gundem\/yksye-giden-yolda-kaygi-tuzagina-dusmeyin\/#breadcrumb\"},\"inLanguage\":\"de\",\"potentialAction\":[{\"@type\":\"ReadAction\",\"target\":[\"http:\/\/denizcankizil.tr\/de\/haberler\/gundem\/yksye-giden-yolda-kaygi-tuzagina-dusmeyin\/\"]}]},{\"@type\":\"BreadcrumbList\",\"@id\":\"http:\/\/denizcankizil.tr\/de\/haberler\/gundem\/yksye-giden-yolda-kaygi-tuzagina-dusmeyin\/#breadcrumb\",\"itemListElement\":[{\"@type\":\"ListItem\",\"position\":1,\"name\":\"Home\",\"item\":\"https:\/\/denizcankizil.tr\/de\/\"},{\"@type\":\"ListItem\",\"position\":2,\"name\":\"YKS\u2019ye giden yolda \u2018kayg\u0131\u2019 tuza\u011f\u0131na d\u00fc\u015fmeyin!\"}]},{\"@type\":\"WebSite\",\"@id\":\"https:\/\/denizcankizil.tr\/#website\",\"url\":\"https:\/\/denizcankizil.tr\/\",\"name\":\"Av. Deniz Can K\u0131z\u0131l\",\"description\":\"Avukat Deniz Can K\u0131z\u0131l Antalya Barosu\",\"publisher\":{\"@id\":\"https:\/\/denizcankizil.tr\/#organization\"},\"potentialAction\":[{\"@type\":\"SearchAction\",\"target\":{\"@type\":\"EntryPoint\",\"urlTemplate\":\"https:\/\/denizcankizil.tr\/?s={search_term_string}\"},\"query-input\":{\"@type\":\"PropertyValueSpecification\",\"valueRequired\":true,\"valueName\":\"search_term_string\"}}],\"inLanguage\":\"de\"},{\"@type\":\"Organization\",\"@id\":\"https:\/\/denizcankizil.tr\/#organization\",\"name\":\"Av. Deniz Can K\u0131z\u0131l\",\"url\":\"https:\/\/denizcankizil.tr\/\",\"logo\":{\"@type\":\"ImageObject\",\"inLanguage\":\"de\",\"@id\":\"https:\/\/denizcankizil.tr\/#\/schema\/logo\/image\/\",\"url\":\"http:\/\/denizcankizil.tr\/wp-content\/uploads\/2024\/10\/siyah-logo-svg.svg\",\"contentUrl\":\"http:\/\/denizcankizil.tr\/wp-content\/uploads\/2024\/10\/siyah-logo-svg.svg\",\"width\":1080,\"height\":1080,\"caption\":\"Av. Deniz Can K\u0131z\u0131l\"},\"image\":{\"@id\":\"https:\/\/denizcankizil.tr\/#\/schema\/logo\/image\/\"}},{\"@type\":\"Person\",\"@id\":\"https:\/\/denizcankizil.tr\/#\/schema\/person\/be3c05fe6a12686905512445d8185489\",\"name\":\"admin\",\"image\":{\"@type\":\"ImageObject\",\"inLanguage\":\"de\",\"@id\":\"https:\/\/denizcankizil.tr\/#\/schema\/person\/image\/\",\"url\":\"https:\/\/secure.gravatar.com\/avatar\/c1fce94c830dc79107e174f890d7210541c4a63e8e5d816341794a2151c9d58c?s=96&d=mm&r=g\",\"contentUrl\":\"https:\/\/secure.gravatar.com\/avatar\/c1fce94c830dc79107e174f890d7210541c4a63e8e5d816341794a2151c9d58c?s=96&d=mm&r=g\",\"caption\":\"admin\"},\"sameAs\":[\"http:\/\/denizcankizil.tr\"],\"url\":\"https:\/\/www.iskenderun.org\/yksye-giden-yolda-kaygi-tuzagina-dusmeyin\"}]}<\/script>\n<!-- \/ Yoast SEO Premium plugin. -->","yoast_head_json":{"title":"YKS\u2019ye giden yolda \u2018kayg\u0131\u2019 tuza\u011f\u0131na d\u00fc\u015fmeyin! - Av. Deniz Can K\u0131z\u0131l","robots":{"index":"index","follow":"follow","max-snippet":"max-snippet:-1","max-image-preview":"max-image-preview:large","max-video-preview":"max-video-preview:-1"},"canonical":"http:\/\/denizcankizil.tr\/de\/haberler\/gundem\/yksye-giden-yolda-kaygi-tuzagina-dusmeyin\/","og_locale":"de_DE","og_type":"article","og_title":"YKS\u2019ye giden yolda \u2018kayg\u0131\u2019 tuza\u011f\u0131na d\u00fc\u015fmeyin!","og_description":"\u00dcsk\u00fcdar \u00dcniversitesi NP Feneryolu T\u0131p Merkezi\u00a0Uzman Klinik Psikolog \u00c7a\u011fr\u0131\u00a0Akyol\u00a0\u00c7evirir, s\u0131nav kayg\u0131s\u0131n\u0131n nedenleri, etkileri ve ba\u015fa \u00e7\u0131kma y\u00f6ntemleri ile \u00f6zellikle ebeveynlerin bu s\u00fcre\u00e7teki destekleyici rol\u00fcn\u00fcn \u00f6neminden bahsetti. \u200b\u00dcsk\u00fcdar \u00dcniversitesi NP Feneryolu T\u0131p Merkezi\u00a0Uzman Klinik Psikolog \u00c7a\u011fr\u0131\u00a0Akyol\u00a0\u00c7evirir, s\u0131nav kayg\u0131s\u0131n\u0131n nedenleri, etkileri ve ba\u015fa \u00e7\u0131kma y\u00f6ntemleri ile \u00f6zellikle ebeveynlerin bu s\u00fcre\u00e7teki destekleyici rol\u00fcn\u00fcn \u00f6neminden bahsetti.\u00a0 \u200bHaberin Al\u0131nt\u0131land\u0131\u011f\u0131 Kaynak: www.iskenderun.org","og_url":"http:\/\/denizcankizil.tr\/de\/haberler\/gundem\/yksye-giden-yolda-kaygi-tuzagina-dusmeyin\/","og_site_name":"Av. Deniz Can K\u0131z\u0131l","article_published_time":"2025-06-18T11:43:43+00:00","author":"admin","twitter_card":"summary_large_image","twitter_misc":{"Verfasst von":"admin"},"schema":{"@context":"https:\/\/schema.org","@graph":[{"@type":"Article","@id":"http:\/\/denizcankizil.tr\/de\/haberler\/gundem\/yksye-giden-yolda-kaygi-tuzagina-dusmeyin\/#article","isPartOf":{"@id":"http:\/\/denizcankizil.tr\/de\/haberler\/gundem\/yksye-giden-yolda-kaygi-tuzagina-dusmeyin\/"},"author":{"name":"admin","@id":"https:\/\/denizcankizil.tr\/#\/schema\/person\/be3c05fe6a12686905512445d8185489"},"headline":"YKS\u2019ye giden yolda \u2018kayg\u0131\u2019 tuza\u011f\u0131na d\u00fc\u015fmeyin!","datePublished":"2025-06-18T11:43:43+00:00","mainEntityOfPage":{"@id":"http:\/\/denizcankizil.tr\/de\/haberler\/gundem\/yksye-giden-yolda-kaygi-tuzagina-dusmeyin\/"},"wordCount":101,"publisher":{"@id":"https:\/\/denizcankizil.tr\/#organization"},"articleSection":["G\u00fcndem"],"inLanguage":"de"},{"@type":"WebPage","@id":"http:\/\/denizcankizil.tr\/de\/haberler\/gundem\/yksye-giden-yolda-kaygi-tuzagina-dusmeyin\/","url":"http:\/\/denizcankizil.tr\/de\/haberler\/gundem\/yksye-giden-yolda-kaygi-tuzagina-dusmeyin\/","name":"YKS\u2019ye giden yolda \u2018kayg\u0131\u2019 tuza\u011f\u0131na d\u00fc\u015fmeyin! - Av. Deniz Can K\u0131z\u0131l","isPartOf":{"@id":"https:\/\/denizcankizil.tr\/#website"},"datePublished":"2025-06-18T11:43:43+00:00","breadcrumb":{"@id":"http:\/\/denizcankizil.tr\/de\/haberler\/gundem\/yksye-giden-yolda-kaygi-tuzagina-dusmeyin\/#breadcrumb"},"inLanguage":"de","potentialAction":[{"@type":"ReadAction","target":["http:\/\/denizcankizil.tr\/de\/haberler\/gundem\/yksye-giden-yolda-kaygi-tuzagina-dusmeyin\/"]}]},{"@type":"BreadcrumbList","@id":"http:\/\/denizcankizil.tr\/de\/haberler\/gundem\/yksye-giden-yolda-kaygi-tuzagina-dusmeyin\/#breadcrumb","itemListElement":[{"@type":"ListItem","position":1,"name":"Home","item":"https:\/\/denizcankizil.tr\/de\/"},{"@type":"ListItem","position":2,"name":"YKS\u2019ye giden yolda \u2018kayg\u0131\u2019 tuza\u011f\u0131na d\u00fc\u015fmeyin!"}]},{"@type":"WebSite","@id":"https:\/\/denizcankizil.tr\/#website","url":"https:\/\/denizcankizil.tr\/","name":"Av. Deniz Can K\u0131z\u0131l","description":"Avukat Deniz Can K\u0131z\u0131l Antalya Barosu","publisher":{"@id":"https:\/\/denizcankizil.tr\/#organization"},"potentialAction":[{"@type":"SearchAction","target":{"@type":"EntryPoint","urlTemplate":"https:\/\/denizcankizil.tr\/?s={search_term_string}"},"query-input":{"@type":"PropertyValueSpecification","valueRequired":true,"valueName":"search_term_string"}}],"inLanguage":"de"},{"@type":"Organization","@id":"https:\/\/denizcankizil.tr\/#organization","name":"Av. Deniz Can K\u0131z\u0131l","url":"https:\/\/denizcankizil.tr\/","logo":{"@type":"ImageObject","inLanguage":"de","@id":"https:\/\/denizcankizil.tr\/#\/schema\/logo\/image\/","url":"http:\/\/denizcankizil.tr\/wp-content\/uploads\/2024\/10\/siyah-logo-svg.svg","contentUrl":"http:\/\/denizcankizil.tr\/wp-content\/uploads\/2024\/10\/siyah-logo-svg.svg","width":1080,"height":1080,"caption":"Av. Deniz Can K\u0131z\u0131l"},"image":{"@id":"https:\/\/denizcankizil.tr\/#\/schema\/logo\/image\/"}},{"@type":"Person","@id":"https:\/\/denizcankizil.tr\/#\/schema\/person\/be3c05fe6a12686905512445d8185489","name":"Administrator","image":{"@type":"ImageObject","inLanguage":"de","@id":"https:\/\/denizcankizil.tr\/#\/schema\/person\/image\/","url":"https:\/\/secure.gravatar.com\/avatar\/c1fce94c830dc79107e174f890d7210541c4a63e8e5d816341794a2151c9d58c?s=96&d=mm&r=g","contentUrl":"https:\/\/secure.gravatar.com\/avatar\/c1fce94c830dc79107e174f890d7210541c4a63e8e5d816341794a2151c9d58c?s=96&d=mm&r=g","caption":"admin"},"sameAs":["http:\/\/denizcankizil.tr"],"url":"https:\/\/www.iskenderun.org\/yksye-giden-yolda-kaygi-tuzagina-dusmeyin"}]}},"_links":{"self":[{"href":"http:\/\/denizcankizil.tr\/de\/wp-json\/wp\/v2\/posts\/119383","targetHints":{"allow":["GET"]}}],"collection":[{"href":"http:\/\/denizcankizil.tr\/de\/wp-json\/wp\/v2\/posts"}],"about":[{"href":"http:\/\/denizcankizil.tr\/de\/wp-json\/wp\/v2\/types\/post"}],"author":[{"embeddable":true,"href":"http:\/\/denizcankizil.tr\/de\/wp-json\/wp\/v2\/users\/1"}],"replies":[{"embeddable":true,"href":"http:\/\/denizcankizil.tr\/de\/wp-json\/wp\/v2\/comments?post=119383"}],"version-history":[{"count":0,"href":"http:\/\/denizcankizil.tr\/de\/wp-json\/wp\/v2\/posts\/119383\/revisions"}],"wp:attachment":[{"href":"http:\/\/denizcankizil.tr\/de\/wp-json\/wp\/v2\/media?parent=119383"}],"wp:term":[{"taxonomy":"category","embeddable":true,"href":"http:\/\/denizcankizil.tr\/de\/wp-json\/wp\/v2\/categories?post=119383"},{"taxonomy":"post_tag","embeddable":true,"href":"http:\/\/denizcankizil.tr\/de\/wp-json\/wp\/v2\/tags?post=119383"}],"curies":[{"name":"wp","href":"https:\/\/api.w.org\/{rel}","templated":true}]}}