{"id":118375,"date":"2025-06-17T09:41:23","date_gmt":"2025-06-17T06:41:23","guid":{"rendered":"https:\/\/denizcankizil.tr\/uncategorized-tr\/balikci-barinaginda-7-metre-krizi-barinak-marina-mi-olacak\/"},"modified":"2025-06-17T09:41:23","modified_gmt":"2025-06-17T06:41:23","slug":"balikci-barinaginda-7-metre-krizi-barinak-marina-mi-olacak","status":"publish","type":"post","link":"http:\/\/denizcankizil.tr\/de\/haberler\/gundem\/balikci-barinaginda-7-metre-krizi-barinak-marina-mi-olacak\/","title":{"rendered":"Bal\u0131k\u00e7\u0131 bar\u0131na\u011f\u0131nda 7 metre krizi! Bar\u0131nak marina m\u0131 olacak?"},"content":{"rendered":"<p>Antalya\u2019da ad\u0131n\u0131 bal\u0131k\u00e7\u0131lardan alan ama l\u00fcks teknelerin adeta park merkezi haline gelen Antalya Bal\u0131k\u00e7\u0131 Bar\u0131na\u011f\u0131\u2019nda yeni bir kriz ya\u015fan\u0131yor. Antalya \u0130l Tar\u0131m ve Orman M\u00fcd\u00fcrl\u00fc\u011f\u00fc\u2019n\u00fcn 4 Haziran 2025 tarihli resmi yaz\u0131s\u0131 do\u011frultusunda, Antalya Bal\u0131k\u00e7\u0131 Bar\u0131na\u011f\u0131\u2019nda \u00f6nemli bir d\u00fczenlemeye gidildi. Boyu 7 metrenin alt\u0131nda olan teknelerin r\u00f6mork yard\u0131m\u0131yla karaya \u00e7\u0131kar\u0131lmas\u0131 ve kara park alan\u0131nda muhafaza edilmesi kararla\u015ft\u0131r\u0131ld\u0131. Krizin devam etti\u011fi bar\u0131nakta bal\u0131k\u00e7\u0131lara destek CHP Antalya Milletvekili Cavit Ar\u0131\u2019dan geldi. Ar\u0131 karar\u0131n bir an \u00f6nce geri \u00e7ekilmesini istedi.<\/p>\n<p>YER SIKINTISINA \u00c7\u00d6Z\u00dcM<\/p>\n<p>Antalya K\u00f6rfez Gazetesi muhabiri Ertu\u011frul G\u00fcn&#8217;\u00fcn haberine g\u00f6re, Antalya\u2019da Bal\u0131k\u00e7\u0131 Bar\u0131na\u011f\u0131 Y\u00f6netimi\u2019nin bar\u0131nakta 7 metreden k\u00fc\u00e7\u00fck teknelerin karaya \u00e7ekilmesi y\u00f6n\u00fcndeki karar\u0131 kriz yaratmaya devam ediyor. Yeni d\u00fczenleme ile deniz ba\u011flama alanlar\u0131n\u0131n bo\u015falt\u0131lmas\u0131 ve mevcut kapasitenin daha etkili \u015fekilde de\u011ferlendirilmesi ama\u00e7land\u0131\u011f\u0131 duyuruldu. B\u00f6ylece daha fazla tekneye hizmet verilmesinin \u00f6n\u00fcn\u00fcn a\u00e7\u0131laca\u011f\u0131 ve bar\u0131nakta y\u0131llard\u0131r ya\u015fanan yer s\u0131k\u0131nt\u0131s\u0131na da \u00e7\u00f6z\u00fcm \u00fcretilece\u011fi savunuldu.<\/p>\n<p>7 METRE ALTINI KAPSIYOR<\/p>\n<p>Uygulama, \u00f6zellikle Haziran 2025 ay\u0131 sonunda deniz ba\u011flama s\u00f6zle\u015fmesi sona erecek olan 7 metre alt\u0131ndaki tekneleri kapsad\u0131. Bu teknelerin belirlenen tarihe kadar karaya \u00e7\u0131kar\u0131lmas\u0131 gerekti\u011fine dikkat \u00e7ekildi. Karaya al\u0131nan tekneler i\u00e7in \u00fccretlendirme, al\u0131\u015f\u0131ld\u0131k \u201ck\u0131\u015flama\u201d tarifesi yerine deniz ba\u011flama s\u00f6zle\u015fme tarifesi \u00fczerinden yap\u0131laca\u011f\u0131 duyuruldu.<\/p>\n<p>TEKNE SAH\u0130PLER\u0130NDE KR\u0130Z<\/p>\n<p>Ancak belirlenen s\u00fcrede karaya \u00e7\u0131kar\u0131lmayan 7 metreden k\u00fc\u00e7\u00fck tekneler i\u00e7in 1 Temmuz 2025 itibar\u0131yla deniz ba\u011flama s\u00f6zle\u015fmesi yenilemesi yap\u0131lmayacak. Bu durumda kalan teknelerin bar\u0131nakta kalmalar\u0131 m\u00fcmk\u00fcn olmayacak. Karar bar\u0131naktaki tekne sahiplerini isyan ettirdi. Tekne sahipleri C\u0130MER ve Antalya Valili\u011fine dilek\u00e7e yazarak kayyumun ald\u0131\u011f\u0131 bu karardan geri d\u00f6n\u00fclmesini istedi.<\/p>\n<p>MAR\u0130NAYA \u00c7EVR\u0130LECEK<\/p>\n<p>Krizin devam etti\u011fi Bal\u0131k\u00e7\u0131 bar\u0131na\u011f\u0131nda CHP Antalya Milletvekili Cavit Ar\u0131, tekne sahiplerine destek verdi. Bar\u0131nakta bal\u0131k\u00e7\u0131lar ile bir araya gelerek sorunlar\u0131n\u0131 dinleyen Ar\u0131, sorunun bal\u0131k\u00e7\u0131lar lehine \u00e7\u00f6z\u00fclmesi i\u00e7in m\u00fccadele edeceklerini belirtti. Ziyaretin ard\u0131ndan bir a\u00e7\u0131klama yapan Ar\u0131, \u201cKayyum olarak atanan bar\u0131nak y\u00f6netimi ilk olarak teknelerin karaya \u00e7ekilmesini istedi. Peki onlar karaya \u00e7\u0131kt\u0131? Nas\u0131l olacak? Neden bu tekneleri karaya \u00e7\u0131karacaklar? Buradaki hesap bu liman\u0131n marinaya \u00e7evrilmesi y\u00f6n\u00fcnde at\u0131lan ad\u0131mlara benzer bir uygulamaya ge\u00e7mek.\u201d dedi.<\/p>\n<p>BALIK\u00c7ILAR ZARAR G\u00d6RECEK<\/p>\n<p>Ar\u0131, \u201cBir s\u00fcre sonra onlar\u0131n bo\u015faltt\u0131\u011f\u0131 alanlara b\u00fcy\u00fck tekneler gelecek. Bar\u0131nak amac\u0131 d\u0131\u015f\u0131na \u00e7\u0131kar\u0131lacak. O Antalya bal\u0131k\u00e7\u0131s\u0131 i\u00e7in ciddi bir risk yarat\u0131yor. Hatta sadece Antalya i\u00e7in T\u00fcrkiye\u2019deki bal\u0131k\u00e7\u0131lar bundan zarar g\u00f6recek. Antalya bal\u0131k\u00e7\u0131 bar\u0131na\u011f\u0131ndan ellerini \u00e7ekmelerini ve kayyumdan elini \u00e7ekmesini istiyoruz. Antalya Bal\u0131k\u00e7\u0131 bar\u0131na\u011f\u0131 tekrar sahibine, kooperatif y\u00f6netimine teslim edilsin\u201d s\u00f6zlerine yer verdi<\/p>\n<p>\u200bAntalya\u2019da Bal\u0131k\u00e7\u0131 Bar\u0131na\u011f\u0131 Y\u00f6netimi\u2019nin bar\u0131nakta 7 metreden k\u00fc\u00e7\u00fck teknelerin karaya \u00e7ekilmesi y\u00f6n\u00fcndeki karar\u0131 kriz yaratmaya devam ediyor. CHP Antalya Milletvekili Cavit Ar\u0131, karar\u0131n bal\u0131k\u00e7\u0131lara b\u00fcy\u00fck zarar verece\u011fini belirterek, bar\u0131na\u011f\u0131n bu kararla bir marinaya \u00e7evrilece\u011fini ileri s\u00fcrd\u00fc.\u00a0<\/p>\n<p>\u200bHaberin Al\u0131nt\u0131land\u0131\u011f\u0131 Kaynak: www.antalyakorfez.com<\/p>","protected":false},"excerpt":{"rendered":"<p>Antalya\u2019da ad\u0131n\u0131 bal\u0131k\u00e7\u0131lardan alan ama l\u00fcks teknelerin adeta park merkezi haline gelen Antalya Bal\u0131k\u00e7\u0131 Bar\u0131na\u011f\u0131\u2019nda yeni bir kriz ya\u015fan\u0131yor. Antalya \u0130l Tar\u0131m ve Orman M\u00fcd\u00fcrl\u00fc\u011f\u00fc\u2019n\u00fcn 4 Haziran 2025 tarihli resmi yaz\u0131s\u0131 do\u011frultusunda, Antalya Bal\u0131k\u00e7\u0131 Bar\u0131na\u011f\u0131\u2019nda \u00f6nemli bir d\u00fczenlemeye gidildi. Boyu 7 metrenin alt\u0131nda olan teknelerin r\u00f6mork yard\u0131m\u0131yla karaya \u00e7\u0131kar\u0131lmas\u0131 ve kara park alan\u0131nda muhafaza edilmesi kararla\u015ft\u0131r\u0131ld\u0131. Krizin devam etti\u011fi bar\u0131nakta bal\u0131k\u00e7\u0131lara destek CHP Antalya Milletvekili Cavit Ar\u0131\u2019dan geldi. Ar\u0131 karar\u0131n bir an \u00f6nce geri \u00e7ekilmesini istedi. YER SIKINTISINA \u00c7\u00d6Z\u00dcM Antalya K\u00f6rfez Gazetesi muhabiri Ertu\u011frul G\u00fcn&#8217;\u00fcn haberine g\u00f6re, Antalya\u2019da Bal\u0131k\u00e7\u0131 Bar\u0131na\u011f\u0131 Y\u00f6netimi\u2019nin bar\u0131nakta 7 metreden k\u00fc\u00e7\u00fck teknelerin karaya \u00e7ekilmesi y\u00f6n\u00fcndeki karar\u0131 kriz yaratmaya devam ediyor. Yeni d\u00fczenleme ile deniz ba\u011flama alanlar\u0131n\u0131n bo\u015falt\u0131lmas\u0131 ve mevcut kapasitenin daha etkili \u015fekilde de\u011ferlendirilmesi ama\u00e7land\u0131\u011f\u0131 duyuruldu. B\u00f6ylece daha fazla tekneye hizmet verilmesinin \u00f6n\u00fcn\u00fcn a\u00e7\u0131laca\u011f\u0131 ve bar\u0131nakta y\u0131llard\u0131r ya\u015fanan yer s\u0131k\u0131nt\u0131s\u0131na da \u00e7\u00f6z\u00fcm \u00fcretilece\u011fi savunuldu. 7 METRE ALTINI KAPSIYOR Uygulama, \u00f6zellikle Haziran 2025 ay\u0131 sonunda deniz ba\u011flama s\u00f6zle\u015fmesi sona erecek olan 7 metre alt\u0131ndaki tekneleri kapsad\u0131. Bu teknelerin belirlenen tarihe kadar karaya \u00e7\u0131kar\u0131lmas\u0131 gerekti\u011fine dikkat \u00e7ekildi. Karaya al\u0131nan tekneler i\u00e7in \u00fccretlendirme, al\u0131\u015f\u0131ld\u0131k \u201ck\u0131\u015flama\u201d tarifesi yerine deniz ba\u011flama s\u00f6zle\u015fme tarifesi \u00fczerinden yap\u0131laca\u011f\u0131 duyuruldu. TEKNE SAH\u0130PLER\u0130NDE KR\u0130Z Ancak belirlenen s\u00fcrede karaya \u00e7\u0131kar\u0131lmayan 7 metreden k\u00fc\u00e7\u00fck tekneler i\u00e7in 1 Temmuz &hellip;<\/p>","protected":false},"author":5,"featured_media":0,"comment_status":"","ping_status":"open","sticky":false,"template":"","format":"standard","meta":{"_acf_changed":false,"footnotes":""},"categories":[24],"tags":[],"class_list":["post-118375","post","type-post","status-publish","format-standard","has-post-thumbnail","hentry","category-gundem"],"acf":[],"yoast_head":"<!-- This site is optimized with the Yoast SEO Premium plugin v26.6 (Yoast SEO v27.1.1) - https:\/\/yoast.com\/product\/yoast-seo-premium-wordpress\/ -->\n<title>Bal\u0131k\u00e7\u0131 bar\u0131na\u011f\u0131nda 7 metre krizi! Bar\u0131nak marina m\u0131 olacak? - Av. Deniz Can K\u0131z\u0131l<\/title>\n<meta name=\"robots\" content=\"index, follow, max-snippet:-1, max-image-preview:large, max-video-preview:-1\" \/>\n<link rel=\"canonical\" href=\"https:\/\/denizcankizil.tr\/de\/haberler\/gundem\/balikci-barinaginda-7-metre-krizi-barinak-marina-mi-olacak\/\" \/>\n<meta property=\"og:locale\" content=\"de_DE\" \/>\n<meta property=\"og:type\" content=\"article\" \/>\n<meta property=\"og:title\" content=\"Bal\u0131k\u00e7\u0131 bar\u0131na\u011f\u0131nda 7 metre krizi! Bar\u0131nak marina m\u0131 olacak?\" \/>\n<meta property=\"og:description\" content=\"Antalya\u2019da ad\u0131n\u0131 bal\u0131k\u00e7\u0131lardan alan ama l\u00fcks teknelerin adeta park merkezi haline gelen Antalya Bal\u0131k\u00e7\u0131 Bar\u0131na\u011f\u0131\u2019nda yeni bir kriz ya\u015fan\u0131yor. Antalya \u0130l Tar\u0131m ve Orman M\u00fcd\u00fcrl\u00fc\u011f\u00fc\u2019n\u00fcn 4 Haziran 2025 tarihli resmi yaz\u0131s\u0131 do\u011frultusunda, Antalya Bal\u0131k\u00e7\u0131 Bar\u0131na\u011f\u0131\u2019nda \u00f6nemli bir d\u00fczenlemeye gidildi. Boyu 7 metrenin alt\u0131nda olan teknelerin r\u00f6mork yard\u0131m\u0131yla karaya \u00e7\u0131kar\u0131lmas\u0131 ve kara park alan\u0131nda muhafaza edilmesi kararla\u015ft\u0131r\u0131ld\u0131. Krizin devam etti\u011fi bar\u0131nakta bal\u0131k\u00e7\u0131lara destek CHP Antalya Milletvekili Cavit Ar\u0131\u2019dan geldi. Ar\u0131 karar\u0131n bir an \u00f6nce geri \u00e7ekilmesini istedi. YER SIKINTISINA \u00c7\u00d6Z\u00dcM Antalya K\u00f6rfez Gazetesi muhabiri Ertu\u011frul G\u00fcn&#8217;\u00fcn haberine g\u00f6re, Antalya\u2019da Bal\u0131k\u00e7\u0131 Bar\u0131na\u011f\u0131 Y\u00f6netimi\u2019nin bar\u0131nakta 7 metreden k\u00fc\u00e7\u00fck teknelerin karaya \u00e7ekilmesi y\u00f6n\u00fcndeki karar\u0131 kriz yaratmaya devam ediyor. Yeni d\u00fczenleme ile deniz ba\u011flama alanlar\u0131n\u0131n bo\u015falt\u0131lmas\u0131 ve mevcut kapasitenin daha etkili \u015fekilde de\u011ferlendirilmesi ama\u00e7land\u0131\u011f\u0131 duyuruldu. B\u00f6ylece daha fazla tekneye hizmet verilmesinin \u00f6n\u00fcn\u00fcn a\u00e7\u0131laca\u011f\u0131 ve bar\u0131nakta y\u0131llard\u0131r ya\u015fanan yer s\u0131k\u0131nt\u0131s\u0131na da \u00e7\u00f6z\u00fcm \u00fcretilece\u011fi savunuldu. 7 METRE ALTINI KAPSIYOR Uygulama, \u00f6zellikle Haziran 2025 ay\u0131 sonunda deniz ba\u011flama s\u00f6zle\u015fmesi sona erecek olan 7 metre alt\u0131ndaki tekneleri kapsad\u0131. Bu teknelerin belirlenen tarihe kadar karaya \u00e7\u0131kar\u0131lmas\u0131 gerekti\u011fine dikkat \u00e7ekildi. Karaya al\u0131nan tekneler i\u00e7in \u00fccretlendirme, al\u0131\u015f\u0131ld\u0131k \u201ck\u0131\u015flama\u201d tarifesi yerine deniz ba\u011flama s\u00f6zle\u015fme tarifesi \u00fczerinden yap\u0131laca\u011f\u0131 duyuruldu. TEKNE SAH\u0130PLER\u0130NDE KR\u0130Z Ancak belirlenen s\u00fcrede karaya \u00e7\u0131kar\u0131lmayan 7 metreden k\u00fc\u00e7\u00fck tekneler i\u00e7in 1 Temmuz &hellip;\" \/>\n<meta property=\"og:url\" content=\"https:\/\/denizcankizil.tr\/de\/haberler\/gundem\/balikci-barinaginda-7-metre-krizi-barinak-marina-mi-olacak\/\" \/>\n<meta property=\"og:site_name\" content=\"Av. Deniz Can K\u0131z\u0131l\" \/>\n<meta property=\"article:published_time\" content=\"2025-06-17T06:41:23+00:00\" \/>\n<meta name=\"author\" content=\"Antalya K\u00f6rfez\" \/>\n<meta name=\"twitter:card\" content=\"summary_large_image\" \/>\n<meta name=\"twitter:label1\" content=\"Verfasst von\" \/>\n\t<meta name=\"twitter:data1\" content=\"Antalya K\u00f6rfez\" \/>\n\t<meta name=\"twitter:label2\" content=\"Gesch\u00e4tzte Lesezeit\" \/>\n\t<meta name=\"twitter:data2\" content=\"3\u00a0Minuten\" \/>\n<script type=\"application\/ld+json\" class=\"yoast-schema-graph\">{\"@context\":\"https:\/\/schema.org\",\"@graph\":[{\"@type\":\"Article\",\"@id\":\"https:\/\/denizcankizil.tr\/uk\/haberler\/gundem\/balikci-barinaginda-7-metre-krizi-barinak-marina-mi-olacak\/#article\",\"isPartOf\":{\"@id\":\"https:\/\/denizcankizil.tr\/uk\/haberler\/gundem\/balikci-barinaginda-7-metre-krizi-barinak-marina-mi-olacak\/\"},\"author\":{\"name\":\"Antalya K\u00f6rfez\",\"@id\":\"https:\/\/denizcankizil.tr\/de\/#\/schema\/person\/e1eb71bb4dd684d46563f0af307e1234\"},\"headline\":\"Bal\u0131k\u00e7\u0131 bar\u0131na\u011f\u0131nda 7 metre krizi! Bar\u0131nak marina m\u0131 olacak?\",\"datePublished\":\"2025-06-17T06:41:23+00:00\",\"mainEntityOfPage\":{\"@id\":\"https:\/\/denizcankizil.tr\/uk\/haberler\/gundem\/balikci-barinaginda-7-metre-krizi-barinak-marina-mi-olacak\/\"},\"wordCount\":593,\"publisher\":{\"@id\":\"https:\/\/denizcankizil.tr\/de\/#organization\"},\"articleSection\":[\"G\u00fcndem\"],\"inLanguage\":\"de\"},{\"@type\":\"WebPage\",\"@id\":\"https:\/\/denizcankizil.tr\/uk\/haberler\/gundem\/balikci-barinaginda-7-metre-krizi-barinak-marina-mi-olacak\/\",\"url\":\"https:\/\/denizcankizil.tr\/uk\/haberler\/gundem\/balikci-barinaginda-7-metre-krizi-barinak-marina-mi-olacak\/\",\"name\":\"Bal\u0131k\u00e7\u0131 bar\u0131na\u011f\u0131nda 7 metre krizi! Bar\u0131nak marina m\u0131 olacak? - Av. Deniz Can K\u0131z\u0131l\",\"isPartOf\":{\"@id\":\"https:\/\/denizcankizil.tr\/de\/#website\"},\"datePublished\":\"2025-06-17T06:41:23+00:00\",\"breadcrumb\":{\"@id\":\"https:\/\/denizcankizil.tr\/uk\/haberler\/gundem\/balikci-barinaginda-7-metre-krizi-barinak-marina-mi-olacak\/#breadcrumb\"},\"inLanguage\":\"de\",\"potentialAction\":[{\"@type\":\"ReadAction\",\"target\":[\"https:\/\/denizcankizil.tr\/uk\/haberler\/gundem\/balikci-barinaginda-7-metre-krizi-barinak-marina-mi-olacak\/\"]}]},{\"@type\":\"BreadcrumbList\",\"@id\":\"https:\/\/denizcankizil.tr\/uk\/haberler\/gundem\/balikci-barinaginda-7-metre-krizi-barinak-marina-mi-olacak\/#breadcrumb\",\"itemListElement\":[{\"@type\":\"ListItem\",\"position\":1,\"name\":\"Home\",\"item\":\"https:\/\/denizcankizil.tr\/de\/\"},{\"@type\":\"ListItem\",\"position\":2,\"name\":\"Bal\u0131k\u00e7\u0131 bar\u0131na\u011f\u0131nda 7 metre krizi! Bar\u0131nak marina m\u0131 olacak?\"}]},{\"@type\":\"WebSite\",\"@id\":\"https:\/\/denizcankizil.tr\/de\/#website\",\"url\":\"https:\/\/denizcankizil.tr\/de\/\",\"name\":\"Av. Deniz Can K\u0131z\u0131l\",\"description\":\"Avukat Deniz Can K\u0131z\u0131l Antalya Barosu\",\"publisher\":{\"@id\":\"https:\/\/denizcankizil.tr\/de\/#organization\"},\"potentialAction\":[{\"@type\":\"SearchAction\",\"target\":{\"@type\":\"EntryPoint\",\"urlTemplate\":\"https:\/\/denizcankizil.tr\/de\/?s={search_term_string}\"},\"query-input\":{\"@type\":\"PropertyValueSpecification\",\"valueRequired\":true,\"valueName\":\"search_term_string\"}}],\"inLanguage\":\"de\"},{\"@type\":\"Organization\",\"@id\":\"https:\/\/denizcankizil.tr\/de\/#organization\",\"name\":\"Av. Deniz Can K\u0131z\u0131l\",\"url\":\"https:\/\/denizcankizil.tr\/de\/\",\"logo\":{\"@type\":\"ImageObject\",\"inLanguage\":\"de\",\"@id\":\"https:\/\/denizcankizil.tr\/de\/#\/schema\/logo\/image\/\",\"url\":\"http:\/\/denizcankizil.tr\/wp-content\/uploads\/2024\/10\/siyah-logo-svg.svg\",\"contentUrl\":\"http:\/\/denizcankizil.tr\/wp-content\/uploads\/2024\/10\/siyah-logo-svg.svg\",\"width\":1080,\"height\":1080,\"caption\":\"Av. Deniz Can K\u0131z\u0131l\"},\"image\":{\"@id\":\"https:\/\/denizcankizil.tr\/de\/#\/schema\/logo\/image\/\"}},{\"@type\":\"Person\",\"@id\":\"https:\/\/denizcankizil.tr\/de\/#\/schema\/person\/e1eb71bb4dd684d46563f0af307e1234\",\"name\":\"Antalya K\u00f6rfez\",\"image\":{\"@type\":\"ImageObject\",\"inLanguage\":\"de\",\"@id\":\"https:\/\/denizcankizil.tr\/de\/#\/schema\/person\/image\/\",\"url\":\"https:\/\/secure.gravatar.com\/avatar\/42b01982558a48a0b501fdcab6a408d3717ea5919095ee2e67b0e521799c5905?s=96&d=mm&r=g\",\"contentUrl\":\"https:\/\/secure.gravatar.com\/avatar\/42b01982558a48a0b501fdcab6a408d3717ea5919095ee2e67b0e521799c5905?s=96&d=mm&r=g\",\"caption\":\"Antalya K\u00f6rfez\"},\"sameAs\":[\"http:\/\/www.antalyakorfez.com\"],\"url\":\"https:\/\/www.antalyakorfez.com\/balikci-barinaginda-7-metre-krizi-barinak-marina-mi-olacak\"}]}<\/script>\n<!-- \/ Yoast SEO Premium plugin. -->","yoast_head_json":{"title":"Bal\u0131k\u00e7\u0131 bar\u0131na\u011f\u0131nda 7 metre krizi! Bar\u0131nak marina m\u0131 olacak? - Av. Deniz Can K\u0131z\u0131l","robots":{"index":"index","follow":"follow","max-snippet":"max-snippet:-1","max-image-preview":"max-image-preview:large","max-video-preview":"max-video-preview:-1"},"canonical":"https:\/\/denizcankizil.tr\/de\/haberler\/gundem\/balikci-barinaginda-7-metre-krizi-barinak-marina-mi-olacak\/","og_locale":"de_DE","og_type":"article","og_title":"Bal\u0131k\u00e7\u0131 bar\u0131na\u011f\u0131nda 7 metre krizi! Bar\u0131nak marina m\u0131 olacak?","og_description":"Antalya\u2019da ad\u0131n\u0131 bal\u0131k\u00e7\u0131lardan alan ama l\u00fcks teknelerin adeta park merkezi haline gelen Antalya Bal\u0131k\u00e7\u0131 Bar\u0131na\u011f\u0131\u2019nda yeni bir kriz ya\u015fan\u0131yor. Antalya \u0130l Tar\u0131m ve Orman M\u00fcd\u00fcrl\u00fc\u011f\u00fc\u2019n\u00fcn 4 Haziran 2025 tarihli resmi yaz\u0131s\u0131 do\u011frultusunda, Antalya Bal\u0131k\u00e7\u0131 Bar\u0131na\u011f\u0131\u2019nda \u00f6nemli bir d\u00fczenlemeye gidildi. Boyu 7 metrenin alt\u0131nda olan teknelerin r\u00f6mork yard\u0131m\u0131yla karaya \u00e7\u0131kar\u0131lmas\u0131 ve kara park alan\u0131nda muhafaza edilmesi kararla\u015ft\u0131r\u0131ld\u0131. Krizin devam etti\u011fi bar\u0131nakta bal\u0131k\u00e7\u0131lara destek CHP Antalya Milletvekili Cavit Ar\u0131\u2019dan geldi. Ar\u0131 karar\u0131n bir an \u00f6nce geri \u00e7ekilmesini istedi. YER SIKINTISINA \u00c7\u00d6Z\u00dcM Antalya K\u00f6rfez Gazetesi muhabiri Ertu\u011frul G\u00fcn&#8217;\u00fcn haberine g\u00f6re, Antalya\u2019da Bal\u0131k\u00e7\u0131 Bar\u0131na\u011f\u0131 Y\u00f6netimi\u2019nin bar\u0131nakta 7 metreden k\u00fc\u00e7\u00fck teknelerin karaya \u00e7ekilmesi y\u00f6n\u00fcndeki karar\u0131 kriz yaratmaya devam ediyor. Yeni d\u00fczenleme ile deniz ba\u011flama alanlar\u0131n\u0131n bo\u015falt\u0131lmas\u0131 ve mevcut kapasitenin daha etkili \u015fekilde de\u011ferlendirilmesi ama\u00e7land\u0131\u011f\u0131 duyuruldu. B\u00f6ylece daha fazla tekneye hizmet verilmesinin \u00f6n\u00fcn\u00fcn a\u00e7\u0131laca\u011f\u0131 ve bar\u0131nakta y\u0131llard\u0131r ya\u015fanan yer s\u0131k\u0131nt\u0131s\u0131na da \u00e7\u00f6z\u00fcm \u00fcretilece\u011fi savunuldu. 7 METRE ALTINI KAPSIYOR Uygulama, \u00f6zellikle Haziran 2025 ay\u0131 sonunda deniz ba\u011flama s\u00f6zle\u015fmesi sona erecek olan 7 metre alt\u0131ndaki tekneleri kapsad\u0131. Bu teknelerin belirlenen tarihe kadar karaya \u00e7\u0131kar\u0131lmas\u0131 gerekti\u011fine dikkat \u00e7ekildi. Karaya al\u0131nan tekneler i\u00e7in \u00fccretlendirme, al\u0131\u015f\u0131ld\u0131k \u201ck\u0131\u015flama\u201d tarifesi yerine deniz ba\u011flama s\u00f6zle\u015fme tarifesi \u00fczerinden yap\u0131laca\u011f\u0131 duyuruldu. TEKNE SAH\u0130PLER\u0130NDE KR\u0130Z Ancak belirlenen s\u00fcrede karaya \u00e7\u0131kar\u0131lmayan 7 metreden k\u00fc\u00e7\u00fck tekneler i\u00e7in 1 Temmuz &hellip;","og_url":"https:\/\/denizcankizil.tr\/de\/haberler\/gundem\/balikci-barinaginda-7-metre-krizi-barinak-marina-mi-olacak\/","og_site_name":"Av. Deniz Can K\u0131z\u0131l","article_published_time":"2025-06-17T06:41:23+00:00","author":"Antalya K\u00f6rfez","twitter_card":"summary_large_image","twitter_misc":{"Verfasst von":"Antalya K\u00f6rfez","Gesch\u00e4tzte Lesezeit":"3\u00a0Minuten"},"schema":{"@context":"https:\/\/schema.org","@graph":[{"@type":"Article","@id":"https:\/\/denizcankizil.tr\/uk\/haberler\/gundem\/balikci-barinaginda-7-metre-krizi-barinak-marina-mi-olacak\/#article","isPartOf":{"@id":"https:\/\/denizcankizil.tr\/uk\/haberler\/gundem\/balikci-barinaginda-7-metre-krizi-barinak-marina-mi-olacak\/"},"author":{"name":"Antalya K\u00f6rfez","@id":"https:\/\/denizcankizil.tr\/de\/#\/schema\/person\/e1eb71bb4dd684d46563f0af307e1234"},"headline":"Bal\u0131k\u00e7\u0131 bar\u0131na\u011f\u0131nda 7 metre krizi! Bar\u0131nak marina m\u0131 olacak?","datePublished":"2025-06-17T06:41:23+00:00","mainEntityOfPage":{"@id":"https:\/\/denizcankizil.tr\/uk\/haberler\/gundem\/balikci-barinaginda-7-metre-krizi-barinak-marina-mi-olacak\/"},"wordCount":593,"publisher":{"@id":"https:\/\/denizcankizil.tr\/de\/#organization"},"articleSection":["G\u00fcndem"],"inLanguage":"de"},{"@type":"WebPage","@id":"https:\/\/denizcankizil.tr\/uk\/haberler\/gundem\/balikci-barinaginda-7-metre-krizi-barinak-marina-mi-olacak\/","url":"https:\/\/denizcankizil.tr\/uk\/haberler\/gundem\/balikci-barinaginda-7-metre-krizi-barinak-marina-mi-olacak\/","name":"Bal\u0131k\u00e7\u0131 bar\u0131na\u011f\u0131nda 7 metre krizi! Bar\u0131nak marina m\u0131 olacak? - Av. Deniz Can K\u0131z\u0131l","isPartOf":{"@id":"https:\/\/denizcankizil.tr\/de\/#website"},"datePublished":"2025-06-17T06:41:23+00:00","breadcrumb":{"@id":"https:\/\/denizcankizil.tr\/uk\/haberler\/gundem\/balikci-barinaginda-7-metre-krizi-barinak-marina-mi-olacak\/#breadcrumb"},"inLanguage":"de","potentialAction":[{"@type":"ReadAction","target":["https:\/\/denizcankizil.tr\/uk\/haberler\/gundem\/balikci-barinaginda-7-metre-krizi-barinak-marina-mi-olacak\/"]}]},{"@type":"BreadcrumbList","@id":"https:\/\/denizcankizil.tr\/uk\/haberler\/gundem\/balikci-barinaginda-7-metre-krizi-barinak-marina-mi-olacak\/#breadcrumb","itemListElement":[{"@type":"ListItem","position":1,"name":"Home","item":"https:\/\/denizcankizil.tr\/de\/"},{"@type":"ListItem","position":2,"name":"Bal\u0131k\u00e7\u0131 bar\u0131na\u011f\u0131nda 7 metre krizi! Bar\u0131nak marina m\u0131 olacak?"}]},{"@type":"WebSite","@id":"https:\/\/denizcankizil.tr\/de\/#website","url":"https:\/\/denizcankizil.tr\/de\/","name":"Av. Deniz Can K\u0131z\u0131l","description":"Avukat Deniz Can K\u0131z\u0131l Antalya Barosu","publisher":{"@id":"https:\/\/denizcankizil.tr\/de\/#organization"},"potentialAction":[{"@type":"SearchAction","target":{"@type":"EntryPoint","urlTemplate":"https:\/\/denizcankizil.tr\/de\/?s={search_term_string}"},"query-input":{"@type":"PropertyValueSpecification","valueRequired":true,"valueName":"search_term_string"}}],"inLanguage":"de"},{"@type":"Organization","@id":"https:\/\/denizcankizil.tr\/de\/#organization","name":"Av. Deniz Can K\u0131z\u0131l","url":"https:\/\/denizcankizil.tr\/de\/","logo":{"@type":"ImageObject","inLanguage":"de","@id":"https:\/\/denizcankizil.tr\/de\/#\/schema\/logo\/image\/","url":"http:\/\/denizcankizil.tr\/wp-content\/uploads\/2024\/10\/siyah-logo-svg.svg","contentUrl":"http:\/\/denizcankizil.tr\/wp-content\/uploads\/2024\/10\/siyah-logo-svg.svg","width":1080,"height":1080,"caption":"Av. Deniz Can K\u0131z\u0131l"},"image":{"@id":"https:\/\/denizcankizil.tr\/de\/#\/schema\/logo\/image\/"}},{"@type":"Person","@id":"https:\/\/denizcankizil.tr\/de\/#\/schema\/person\/e1eb71bb4dd684d46563f0af307e1234","name":"Antalya K\u00f6rfez","image":{"@type":"ImageObject","inLanguage":"de","@id":"https:\/\/denizcankizil.tr\/de\/#\/schema\/person\/image\/","url":"https:\/\/secure.gravatar.com\/avatar\/42b01982558a48a0b501fdcab6a408d3717ea5919095ee2e67b0e521799c5905?s=96&d=mm&r=g","contentUrl":"https:\/\/secure.gravatar.com\/avatar\/42b01982558a48a0b501fdcab6a408d3717ea5919095ee2e67b0e521799c5905?s=96&d=mm&r=g","caption":"Antalya K\u00f6rfez"},"sameAs":["http:\/\/www.antalyakorfez.com"],"url":"https:\/\/www.antalyakorfez.com\/balikci-barinaginda-7-metre-krizi-barinak-marina-mi-olacak"}]}},"_links":{"self":[{"href":"http:\/\/denizcankizil.tr\/de\/wp-json\/wp\/v2\/posts\/118375","targetHints":{"allow":["GET"]}}],"collection":[{"href":"http:\/\/denizcankizil.tr\/de\/wp-json\/wp\/v2\/posts"}],"about":[{"href":"http:\/\/denizcankizil.tr\/de\/wp-json\/wp\/v2\/types\/post"}],"author":[{"embeddable":true,"href":"http:\/\/denizcankizil.tr\/de\/wp-json\/wp\/v2\/users\/5"}],"replies":[{"embeddable":true,"href":"http:\/\/denizcankizil.tr\/de\/wp-json\/wp\/v2\/comments?post=118375"}],"version-history":[{"count":0,"href":"http:\/\/denizcankizil.tr\/de\/wp-json\/wp\/v2\/posts\/118375\/revisions"}],"wp:attachment":[{"href":"http:\/\/denizcankizil.tr\/de\/wp-json\/wp\/v2\/media?parent=118375"}],"wp:term":[{"taxonomy":"category","embeddable":true,"href":"http:\/\/denizcankizil.tr\/de\/wp-json\/wp\/v2\/categories?post=118375"},{"taxonomy":"post_tag","embeddable":true,"href":"http:\/\/denizcankizil.tr\/de\/wp-json\/wp\/v2\/tags?post=118375"}],"curies":[{"name":"wp","href":"https:\/\/api.w.org\/{rel}","templated":true}]}}