{"id":117712,"date":"2025-06-16T15:57:00","date_gmt":"2025-06-16T12:57:00","guid":{"rendered":"https:\/\/denizcankizil.tr\/uncategorized-tr\/hskda-gorev-dagilimi-belli-oldu\/"},"modified":"2025-06-16T15:57:00","modified_gmt":"2025-06-16T12:57:00","slug":"hskda-gorev-dagilimi-belli-oldu","status":"publish","type":"post","link":"http:\/\/denizcankizil.tr\/de\/hukukihaber\/hskda-gorev-dagilimi-belli-oldu\/","title":{"rendered":"HSK&#8217;DA G\u00d6REV DA\u011eILIMI BELL\u0130 OLDU"},"content":{"rendered":"<p>BAKAN TUN\u00c7: SE\u00c7\u0130M\u0130N YARGI TE\u015eK\u0130LATI, \u00dcLKEM\u0130Z VE M\u0130LLET\u0130M\u0130Z \u0130\u00c7\u0130N HAYIRLI OLMASINI D\u0130L\u0130YORUM<\/p>\n<p>Adalet Bakan\u0131 Y\u0131lmaz Tun\u00e7, Hakimler ve Savc\u0131lar Kurulu\u2019nda g\u00f6rev da\u011f\u0131l\u0131m\u0131n\u0131n belli oldu\u011funu bildirerek, se\u00e7imin yarg\u0131 te\u015fkilat\u0131, \u00fclkemiz ve milletimiz i\u00e7in hay\u0131rlara vesile olmas\u0131n\u0131 diledi.<\/p>\n<p>Bakan Tun\u00e7, sosyal medya hesab\u0131ndan yapt\u0131\u011f\u0131 a\u00e7\u0131klamada, HSK Genel Kurul toplant\u0131s\u0131nda HSK Ba\u015fkanvekilli\u011fi ve 2. Daire Ba\u015fkanl\u0131\u011f\u0131na Fuzuli Aydo\u011fdu, 2. Daire \u00fcyeliklerine Cengiz Aydemir, Ali\u015fan Tiryaki, \u00c7etin Arslan, Serdar Ate\u015f ve Seyfi Han&#8217;\u0131n se\u00e7ildi\u011fini belirtti.<\/p>\n<p>Toplant\u0131da, HSK 1. Daire Ba\u015fkanl\u0131\u011f\u0131na Turan Kulo\u011flu&#8217;nun se\u00e7ildi\u011fini ifade eden Bakan Y\u0131lmaz Tun\u00e7, Daire \u00fcyelerinin de B\u00fclent K\u00fcf\u00fcd\u00fcr, Hakan Y\u00fcksel, Havvanur Yurtsever ve Sait \u00d6zdemir&#8217;den olu\u015ftu\u011funu duyurdu.<\/p>\n<p>Bakan Tun\u00e7, HSK daire ba\u015fkanlar\u0131na ve \u00fcyelerine g\u00f6revlerinde \u00fcst\u00fcn muvaffakiyetler diledi.<\/p>\n<p>YARGITAY VE DANI\u015eTAY\u2019A YEN\u0130 \u00dcYELER<\/p>\n<p>Adalet Bakan\u0131 Y\u0131lmaz Tun\u00e7, Hakimler ve Savc\u0131lar Kurulu (HSK) taraf\u0131ndan Yarg\u0131tay ve Dan\u0131\u015ftay \u00fcyeliklerine se\u00e7ilen isimleri de tebrik etti.<\/p>\n<p>Bakan Tun\u00e7, sosyal medya hesab\u0131ndan yapt\u0131\u011f\u0131 payla\u015f\u0131mda, &#8220;Hakimler ve Savc\u0131lar Kurulunca Yarg\u0131tay \u00fcyeliklerine se\u00e7ilen Mehmet Akif Ekinci, \u0130brahim Kolcu, \u00d6mer Faruk Y\u0131ld\u0131r\u0131m ile Dan\u0131\u015ftay \u00fcyeli\u011fine se\u00e7ilen Halil Ko\u00e7&#8217;u tebrik ediyor, yeni g\u00f6revlerinde ba\u015far\u0131lar diliyorum. Yarg\u0131 camiam\u0131z, \u00fclkemiz ve milletimiz i\u00e7in hay\u0131rl\u0131 olsun.&#8221; ifadelerine yer verdi.<\/p>\n<p>\u200bBAKAN TUN\u00c7: SE\u00c7\u0130M\u0130N YARGI TE\u015eK\u0130LATI, \u00dcLKEM\u0130Z VE M\u0130LLET\u0130M\u0130Z \u0130\u00c7\u0130N HAYIRLI OLMASINI D\u0130L\u0130YORUM<\/p>\n<p>Adalet Bakan\u0131 Y\u0131lmaz Tun\u00e7, Hakimler ve Savc\u0131lar Kurulu\u2019nda g\u00f6rev da\u011f\u0131l\u0131m\u0131n\u0131n belli oldu\u011funu bildirerek, se\u00e7imin yarg\u0131 te\u015fkilat\u0131, \u00fclkemiz ve milletimiz i\u00e7in hay\u0131rlara vesile olmas\u0131n\u0131 diledi.<\/p>\n<p>Bakan Tun\u00e7, sosyal medya hesab\u0131ndan yapt\u0131\u011f\u0131 a\u00e7\u0131klamada, HSK Genel Kurul toplant\u0131s\u0131nda HSK Ba\u015fkanvekilli\u011fi ve 2. Daire Ba\u015fkanl\u0131\u011f\u0131na Fuzuli Aydo\u011fdu, 2. Daire \u00fcyeliklerine Cengiz Aydemir, Ali\u015fan Tiryaki, \u00c7etin Arslan, Serdar Ate\u015f ve Seyfi Han&#8217;\u0131n se\u00e7ildi\u011fini belirtti.<\/p>\n<p>Toplant\u0131da, HSK 1. Daire Ba\u015fkanl\u0131\u011f\u0131na Turan Kulo\u011flu&#8217;nun se\u00e7ildi\u011fini ifade eden Bakan Y\u0131lmaz Tun\u00e7, Daire \u00fcyelerinin de B\u00fclent K\u00fcf\u00fcd\u00fcr, Hakan Y\u00fcksel, Havvanur Yurtsever ve Sait \u00d6zdemir&#8217;den olu\u015ftu\u011funu duyurdu.<\/p>\n<p>Bakan Tun\u00e7, HSK daire ba\u015fkanlar\u0131na ve \u00fcyelerine g\u00f6revlerinde \u00fcst\u00fcn muvaffakiyetler diledi.<\/p>\n<p>YARGITAY VE DANI\u015eTAY\u2019A YEN\u0130 \u00dcYELER<\/p>\n<p>Adalet Bakan\u0131 Y\u0131lmaz Tun\u00e7, Hakimler ve Savc\u0131lar Kurulu (HSK) taraf\u0131ndan Yarg\u0131tay ve Dan\u0131\u015ftay \u00fcyeliklerine se\u00e7ilen isimleri de tebrik etti.<\/p>\n<p>Bakan Tun\u00e7, sosyal medya hesab\u0131ndan yapt\u0131\u011f\u0131 payla\u015f\u0131mda, &#8220;Hakimler ve Savc\u0131lar Kurulunca Yarg\u0131tay \u00fcyeliklerine se\u00e7ilen Mehmet Akif Ekinci, \u0130brahim Kolcu, \u00d6mer Faruk Y\u0131ld\u0131r\u0131m ile Dan\u0131\u015ftay \u00fcyeli\u011fine se\u00e7ilen Halil Ko\u00e7&#8217;u tebrik ediyor, yeni g\u00f6revlerinde ba\u015far\u0131lar diliyorum. Yarg\u0131 camiam\u0131z, \u00fclkemiz ve milletimiz i\u00e7in hay\u0131rl\u0131 olsun.&#8221; ifadelerine yer verdi.\u00a0Hukuki Haber<\/p>","protected":false},"excerpt":{"rendered":"<p>BAKAN TUN\u00c7: SE\u00c7\u0130M\u0130N YARGI TE\u015eK\u0130LATI, \u00dcLKEM\u0130Z VE M\u0130LLET\u0130M\u0130Z \u0130\u00c7\u0130N HAYIRLI OLMASINI D\u0130L\u0130YORUM Adalet Bakan\u0131 Y\u0131lmaz Tun\u00e7, Hakimler ve Savc\u0131lar Kurulu\u2019nda g\u00f6rev da\u011f\u0131l\u0131m\u0131n\u0131n belli oldu\u011funu bildirerek, se\u00e7imin yarg\u0131 te\u015fkilat\u0131, \u00fclkemiz ve milletimiz i\u00e7in hay\u0131rlara vesile olmas\u0131n\u0131 diledi. Bakan Tun\u00e7, sosyal medya hesab\u0131ndan yapt\u0131\u011f\u0131 a\u00e7\u0131klamada, HSK Genel Kurul toplant\u0131s\u0131nda HSK Ba\u015fkanvekilli\u011fi ve 2. Daire Ba\u015fkanl\u0131\u011f\u0131na Fuzuli Aydo\u011fdu, 2. Daire \u00fcyeliklerine Cengiz Aydemir, Ali\u015fan Tiryaki, \u00c7etin Arslan, Serdar Ate\u015f ve Seyfi Han&#8217;\u0131n se\u00e7ildi\u011fini belirtti. Toplant\u0131da, HSK 1. Daire Ba\u015fkanl\u0131\u011f\u0131na Turan Kulo\u011flu&#8217;nun se\u00e7ildi\u011fini ifade eden Bakan Y\u0131lmaz Tun\u00e7, Daire \u00fcyelerinin de B\u00fclent K\u00fcf\u00fcd\u00fcr, Hakan Y\u00fcksel, Havvanur Yurtsever ve Sait \u00d6zdemir&#8217;den olu\u015ftu\u011funu duyurdu. Bakan Tun\u00e7, HSK daire ba\u015fkanlar\u0131na ve \u00fcyelerine g\u00f6revlerinde \u00fcst\u00fcn muvaffakiyetler diledi. YARGITAY VE DANI\u015eTAY\u2019A YEN\u0130 \u00dcYELER Adalet Bakan\u0131 Y\u0131lmaz Tun\u00e7, Hakimler ve Savc\u0131lar Kurulu (HSK) taraf\u0131ndan Yarg\u0131tay ve Dan\u0131\u015ftay \u00fcyeliklerine se\u00e7ilen isimleri de tebrik etti. Bakan Tun\u00e7, sosyal medya hesab\u0131ndan yapt\u0131\u011f\u0131 payla\u015f\u0131mda, &#8220;Hakimler ve Savc\u0131lar Kurulunca Yarg\u0131tay \u00fcyeliklerine se\u00e7ilen Mehmet Akif Ekinci, \u0130brahim Kolcu, \u00d6mer Faruk Y\u0131ld\u0131r\u0131m ile Dan\u0131\u015ftay \u00fcyeli\u011fine se\u00e7ilen Halil Ko\u00e7&#8217;u tebrik ediyor, yeni g\u00f6revlerinde ba\u015far\u0131lar diliyorum. Yarg\u0131 camiam\u0131z, \u00fclkemiz ve milletimiz i\u00e7in hay\u0131rl\u0131 olsun.&#8221; ifadelerine yer verdi. \u200bBAKAN TUN\u00c7: SE\u00c7\u0130M\u0130N YARGI TE\u015eK\u0130LATI, \u00dcLKEM\u0130Z VE M\u0130LLET\u0130M\u0130Z \u0130\u00c7\u0130N HAYIRLI OLMASINI D\u0130L\u0130YORUM Adalet Bakan\u0131 Y\u0131lmaz Tun\u00e7, Hakimler ve Savc\u0131lar Kurulu\u2019nda g\u00f6rev da\u011f\u0131l\u0131m\u0131n\u0131n &hellip;<\/p>","protected":false},"author":3,"featured_media":0,"comment_status":"","ping_status":"open","sticky":false,"template":"","format":"standard","meta":{"_acf_changed":false,"footnotes":""},"categories":[27],"tags":[],"class_list":["post-117712","post","type-post","status-publish","format-standard","has-post-thumbnail","hentry","category-hukukihaber"],"acf":[],"yoast_head":"<!-- This site is optimized with the Yoast SEO Premium plugin v26.6 (Yoast SEO v27.1.1) - https:\/\/yoast.com\/product\/yoast-seo-premium-wordpress\/ -->\n<title>HSK&#039;DA G\u00d6REV DA\u011eILIMI BELL\u0130 OLDU - Av. Deniz Can K\u0131z\u0131l<\/title>\n<meta name=\"robots\" content=\"index, follow, max-snippet:-1, max-image-preview:large, max-video-preview:-1\" \/>\n<link rel=\"canonical\" href=\"http:\/\/denizcankizil.tr\/de\/hukukihaber\/hskda-gorev-dagilimi-belli-oldu\/\" \/>\n<meta property=\"og:locale\" content=\"de_DE\" \/>\n<meta property=\"og:type\" content=\"article\" \/>\n<meta property=\"og:title\" content=\"HSK&#039;DA G\u00d6REV DA\u011eILIMI BELL\u0130 OLDU\" \/>\n<meta property=\"og:description\" content=\"BAKAN TUN\u00c7: SE\u00c7\u0130M\u0130N YARGI TE\u015eK\u0130LATI, \u00dcLKEM\u0130Z VE M\u0130LLET\u0130M\u0130Z \u0130\u00c7\u0130N HAYIRLI OLMASINI D\u0130L\u0130YORUM Adalet Bakan\u0131 Y\u0131lmaz Tun\u00e7, Hakimler ve Savc\u0131lar Kurulu\u2019nda g\u00f6rev da\u011f\u0131l\u0131m\u0131n\u0131n belli oldu\u011funu bildirerek, se\u00e7imin yarg\u0131 te\u015fkilat\u0131, \u00fclkemiz ve milletimiz i\u00e7in hay\u0131rlara vesile olmas\u0131n\u0131 diledi. Bakan Tun\u00e7, sosyal medya hesab\u0131ndan yapt\u0131\u011f\u0131 a\u00e7\u0131klamada, HSK Genel Kurul toplant\u0131s\u0131nda HSK Ba\u015fkanvekilli\u011fi ve 2. Daire Ba\u015fkanl\u0131\u011f\u0131na Fuzuli Aydo\u011fdu, 2. Daire \u00fcyeliklerine Cengiz Aydemir, Ali\u015fan Tiryaki, \u00c7etin Arslan, Serdar Ate\u015f ve Seyfi Han&#8217;\u0131n se\u00e7ildi\u011fini belirtti. Toplant\u0131da, HSK 1. Daire Ba\u015fkanl\u0131\u011f\u0131na Turan Kulo\u011flu&#8217;nun se\u00e7ildi\u011fini ifade eden Bakan Y\u0131lmaz Tun\u00e7, Daire \u00fcyelerinin de B\u00fclent K\u00fcf\u00fcd\u00fcr, Hakan Y\u00fcksel, Havvanur Yurtsever ve Sait \u00d6zdemir&#8217;den olu\u015ftu\u011funu duyurdu. Bakan Tun\u00e7, HSK daire ba\u015fkanlar\u0131na ve \u00fcyelerine g\u00f6revlerinde \u00fcst\u00fcn muvaffakiyetler diledi. YARGITAY VE DANI\u015eTAY\u2019A YEN\u0130 \u00dcYELER Adalet Bakan\u0131 Y\u0131lmaz Tun\u00e7, Hakimler ve Savc\u0131lar Kurulu (HSK) taraf\u0131ndan Yarg\u0131tay ve Dan\u0131\u015ftay \u00fcyeliklerine se\u00e7ilen isimleri de tebrik etti. Bakan Tun\u00e7, sosyal medya hesab\u0131ndan yapt\u0131\u011f\u0131 payla\u015f\u0131mda, &#8220;Hakimler ve Savc\u0131lar Kurulunca Yarg\u0131tay \u00fcyeliklerine se\u00e7ilen Mehmet Akif Ekinci, \u0130brahim Kolcu, \u00d6mer Faruk Y\u0131ld\u0131r\u0131m ile Dan\u0131\u015ftay \u00fcyeli\u011fine se\u00e7ilen Halil Ko\u00e7&#8217;u tebrik ediyor, yeni g\u00f6revlerinde ba\u015far\u0131lar diliyorum. Yarg\u0131 camiam\u0131z, \u00fclkemiz ve milletimiz i\u00e7in hay\u0131rl\u0131 olsun.&#8221; ifadelerine yer verdi. \u200bBAKAN TUN\u00c7: SE\u00c7\u0130M\u0130N YARGI TE\u015eK\u0130LATI, \u00dcLKEM\u0130Z VE M\u0130LLET\u0130M\u0130Z \u0130\u00c7\u0130N HAYIRLI OLMASINI D\u0130L\u0130YORUM Adalet Bakan\u0131 Y\u0131lmaz Tun\u00e7, Hakimler ve Savc\u0131lar Kurulu\u2019nda g\u00f6rev da\u011f\u0131l\u0131m\u0131n\u0131n &hellip;\" \/>\n<meta property=\"og:url\" content=\"http:\/\/denizcankizil.tr\/de\/hukukihaber\/hskda-gorev-dagilimi-belli-oldu\/\" \/>\n<meta property=\"og:site_name\" content=\"Av. Deniz Can K\u0131z\u0131l\" \/>\n<meta property=\"article:published_time\" content=\"2025-06-16T12:57:00+00:00\" \/>\n<meta name=\"author\" content=\"Hukuki Haber.net\" \/>\n<meta name=\"twitter:card\" content=\"summary_large_image\" \/>\n<meta name=\"twitter:label1\" content=\"Verfasst von\" \/>\n\t<meta name=\"twitter:data1\" content=\"Hukuki Haber.net\" \/>\n\t<meta name=\"twitter:label2\" content=\"Gesch\u00e4tzte Lesezeit\" \/>\n\t<meta name=\"twitter:data2\" content=\"3\u00a0Minuten\" \/>\n<script type=\"application\/ld+json\" class=\"yoast-schema-graph\">{\"@context\":\"https:\/\/schema.org\",\"@graph\":[{\"@type\":\"Article\",\"@id\":\"http:\/\/denizcankizil.tr\/de\/hukukihaber\/hskda-gorev-dagilimi-belli-oldu\/#article\",\"isPartOf\":{\"@id\":\"http:\/\/denizcankizil.tr\/de\/hukukihaber\/hskda-gorev-dagilimi-belli-oldu\/\"},\"author\":{\"name\":\"Hukuki Haber.net\",\"@id\":\"https:\/\/denizcankizil.tr\/#\/schema\/person\/001a271de994a0aa3f90eea084424822\"},\"headline\":\"HSK&#8217;DA G\u00d6REV DA\u011eILIMI BELL\u0130 OLDU\",\"datePublished\":\"2025-06-16T12:57:00+00:00\",\"mainEntityOfPage\":{\"@id\":\"http:\/\/denizcankizil.tr\/de\/hukukihaber\/hskda-gorev-dagilimi-belli-oldu\/\"},\"wordCount\":526,\"publisher\":{\"@id\":\"https:\/\/denizcankizil.tr\/#organization\"},\"articleSection\":[\"Hukuki Haberler\"],\"inLanguage\":\"de\"},{\"@type\":\"WebPage\",\"@id\":\"http:\/\/denizcankizil.tr\/de\/hukukihaber\/hskda-gorev-dagilimi-belli-oldu\/\",\"url\":\"http:\/\/denizcankizil.tr\/de\/hukukihaber\/hskda-gorev-dagilimi-belli-oldu\/\",\"name\":\"HSK'DA G\u00d6REV DA\u011eILIMI BELL\u0130 OLDU - Av. Deniz Can K\u0131z\u0131l\",\"isPartOf\":{\"@id\":\"https:\/\/denizcankizil.tr\/#website\"},\"datePublished\":\"2025-06-16T12:57:00+00:00\",\"breadcrumb\":{\"@id\":\"http:\/\/denizcankizil.tr\/de\/hukukihaber\/hskda-gorev-dagilimi-belli-oldu\/#breadcrumb\"},\"inLanguage\":\"de\",\"potentialAction\":[{\"@type\":\"ReadAction\",\"target\":[\"http:\/\/denizcankizil.tr\/de\/hukukihaber\/hskda-gorev-dagilimi-belli-oldu\/\"]}]},{\"@type\":\"BreadcrumbList\",\"@id\":\"http:\/\/denizcankizil.tr\/de\/hukukihaber\/hskda-gorev-dagilimi-belli-oldu\/#breadcrumb\",\"itemListElement\":[{\"@type\":\"ListItem\",\"position\":1,\"name\":\"Home\",\"item\":\"https:\/\/denizcankizil.tr\/de\/\"},{\"@type\":\"ListItem\",\"position\":2,\"name\":\"HSK&#8217;DA G\u00d6REV DA\u011eILIMI BELL\u0130 OLDU\"}]},{\"@type\":\"WebSite\",\"@id\":\"https:\/\/denizcankizil.tr\/#website\",\"url\":\"https:\/\/denizcankizil.tr\/\",\"name\":\"Av. Deniz Can K\u0131z\u0131l\",\"description\":\"Avukat Deniz Can K\u0131z\u0131l Antalya Barosu\",\"publisher\":{\"@id\":\"https:\/\/denizcankizil.tr\/#organization\"},\"potentialAction\":[{\"@type\":\"SearchAction\",\"target\":{\"@type\":\"EntryPoint\",\"urlTemplate\":\"https:\/\/denizcankizil.tr\/?s={search_term_string}\"},\"query-input\":{\"@type\":\"PropertyValueSpecification\",\"valueRequired\":true,\"valueName\":\"search_term_string\"}}],\"inLanguage\":\"de\"},{\"@type\":\"Organization\",\"@id\":\"https:\/\/denizcankizil.tr\/#organization\",\"name\":\"Av. Deniz Can K\u0131z\u0131l\",\"url\":\"https:\/\/denizcankizil.tr\/\",\"logo\":{\"@type\":\"ImageObject\",\"inLanguage\":\"de\",\"@id\":\"https:\/\/denizcankizil.tr\/#\/schema\/logo\/image\/\",\"url\":\"http:\/\/denizcankizil.tr\/wp-content\/uploads\/2024\/10\/siyah-logo-svg.svg\",\"contentUrl\":\"http:\/\/denizcankizil.tr\/wp-content\/uploads\/2024\/10\/siyah-logo-svg.svg\",\"width\":1080,\"height\":1080,\"caption\":\"Av. Deniz Can K\u0131z\u0131l\"},\"image\":{\"@id\":\"https:\/\/denizcankizil.tr\/#\/schema\/logo\/image\/\"}},{\"@type\":\"Person\",\"@id\":\"https:\/\/denizcankizil.tr\/#\/schema\/person\/001a271de994a0aa3f90eea084424822\",\"name\":\"Hukuki Haber.net\",\"image\":{\"@type\":\"ImageObject\",\"inLanguage\":\"de\",\"@id\":\"https:\/\/denizcankizil.tr\/#\/schema\/person\/image\/\",\"url\":\"https:\/\/secure.gravatar.com\/avatar\/57d8a49151495586611a149d29fc42865b951dc053a84709a3172ccb5abf3118?s=96&d=mm&r=g\",\"contentUrl\":\"https:\/\/secure.gravatar.com\/avatar\/57d8a49151495586611a149d29fc42865b951dc053a84709a3172ccb5abf3118?s=96&d=mm&r=g\",\"caption\":\"Hukuki Haber.net\"},\"sameAs\":[\"http:\/\/www.hukukihaber.net\"],\"url\":\"https:\/\/www.hukukihaber.net\/hskda-gorev-dagilimi-belli-oldu\"}]}<\/script>\n<!-- \/ Yoast SEO Premium plugin. -->","yoast_head_json":{"title":"HSK'DA G\u00d6REV DA\u011eILIMI BELL\u0130 OLDU - Av. Deniz Can K\u0131z\u0131l","robots":{"index":"index","follow":"follow","max-snippet":"max-snippet:-1","max-image-preview":"max-image-preview:large","max-video-preview":"max-video-preview:-1"},"canonical":"http:\/\/denizcankizil.tr\/de\/hukukihaber\/hskda-gorev-dagilimi-belli-oldu\/","og_locale":"de_DE","og_type":"article","og_title":"HSK'DA G\u00d6REV DA\u011eILIMI BELL\u0130 OLDU","og_description":"BAKAN TUN\u00c7: SE\u00c7\u0130M\u0130N YARGI TE\u015eK\u0130LATI, \u00dcLKEM\u0130Z VE M\u0130LLET\u0130M\u0130Z \u0130\u00c7\u0130N HAYIRLI OLMASINI D\u0130L\u0130YORUM Adalet Bakan\u0131 Y\u0131lmaz Tun\u00e7, Hakimler ve Savc\u0131lar Kurulu\u2019nda g\u00f6rev da\u011f\u0131l\u0131m\u0131n\u0131n belli oldu\u011funu bildirerek, se\u00e7imin yarg\u0131 te\u015fkilat\u0131, \u00fclkemiz ve milletimiz i\u00e7in hay\u0131rlara vesile olmas\u0131n\u0131 diledi. Bakan Tun\u00e7, sosyal medya hesab\u0131ndan yapt\u0131\u011f\u0131 a\u00e7\u0131klamada, HSK Genel Kurul toplant\u0131s\u0131nda HSK Ba\u015fkanvekilli\u011fi ve 2. Daire Ba\u015fkanl\u0131\u011f\u0131na Fuzuli Aydo\u011fdu, 2. Daire \u00fcyeliklerine Cengiz Aydemir, Ali\u015fan Tiryaki, \u00c7etin Arslan, Serdar Ate\u015f ve Seyfi Han&#8217;\u0131n se\u00e7ildi\u011fini belirtti. Toplant\u0131da, HSK 1. Daire Ba\u015fkanl\u0131\u011f\u0131na Turan Kulo\u011flu&#8217;nun se\u00e7ildi\u011fini ifade eden Bakan Y\u0131lmaz Tun\u00e7, Daire \u00fcyelerinin de B\u00fclent K\u00fcf\u00fcd\u00fcr, Hakan Y\u00fcksel, Havvanur Yurtsever ve Sait \u00d6zdemir&#8217;den olu\u015ftu\u011funu duyurdu. Bakan Tun\u00e7, HSK daire ba\u015fkanlar\u0131na ve \u00fcyelerine g\u00f6revlerinde \u00fcst\u00fcn muvaffakiyetler diledi. YARGITAY VE DANI\u015eTAY\u2019A YEN\u0130 \u00dcYELER Adalet Bakan\u0131 Y\u0131lmaz Tun\u00e7, Hakimler ve Savc\u0131lar Kurulu (HSK) taraf\u0131ndan Yarg\u0131tay ve Dan\u0131\u015ftay \u00fcyeliklerine se\u00e7ilen isimleri de tebrik etti. Bakan Tun\u00e7, sosyal medya hesab\u0131ndan yapt\u0131\u011f\u0131 payla\u015f\u0131mda, &#8220;Hakimler ve Savc\u0131lar Kurulunca Yarg\u0131tay \u00fcyeliklerine se\u00e7ilen Mehmet Akif Ekinci, \u0130brahim Kolcu, \u00d6mer Faruk Y\u0131ld\u0131r\u0131m ile Dan\u0131\u015ftay \u00fcyeli\u011fine se\u00e7ilen Halil Ko\u00e7&#8217;u tebrik ediyor, yeni g\u00f6revlerinde ba\u015far\u0131lar diliyorum. Yarg\u0131 camiam\u0131z, \u00fclkemiz ve milletimiz i\u00e7in hay\u0131rl\u0131 olsun.&#8221; ifadelerine yer verdi. \u200bBAKAN TUN\u00c7: SE\u00c7\u0130M\u0130N YARGI TE\u015eK\u0130LATI, \u00dcLKEM\u0130Z VE M\u0130LLET\u0130M\u0130Z \u0130\u00c7\u0130N HAYIRLI OLMASINI D\u0130L\u0130YORUM Adalet Bakan\u0131 Y\u0131lmaz Tun\u00e7, Hakimler ve Savc\u0131lar Kurulu\u2019nda g\u00f6rev da\u011f\u0131l\u0131m\u0131n\u0131n &hellip;","og_url":"http:\/\/denizcankizil.tr\/de\/hukukihaber\/hskda-gorev-dagilimi-belli-oldu\/","og_site_name":"Av. Deniz Can K\u0131z\u0131l","article_published_time":"2025-06-16T12:57:00+00:00","author":"Hukuki Haber.net","twitter_card":"summary_large_image","twitter_misc":{"Verfasst von":"Hukuki Haber.net","Gesch\u00e4tzte Lesezeit":"3\u00a0Minuten"},"schema":{"@context":"https:\/\/schema.org","@graph":[{"@type":"Article","@id":"http:\/\/denizcankizil.tr\/de\/hukukihaber\/hskda-gorev-dagilimi-belli-oldu\/#article","isPartOf":{"@id":"http:\/\/denizcankizil.tr\/de\/hukukihaber\/hskda-gorev-dagilimi-belli-oldu\/"},"author":{"name":"Hukuki Haber.net","@id":"https:\/\/denizcankizil.tr\/#\/schema\/person\/001a271de994a0aa3f90eea084424822"},"headline":"HSK&#8217;DA G\u00d6REV DA\u011eILIMI BELL\u0130 OLDU","datePublished":"2025-06-16T12:57:00+00:00","mainEntityOfPage":{"@id":"http:\/\/denizcankizil.tr\/de\/hukukihaber\/hskda-gorev-dagilimi-belli-oldu\/"},"wordCount":526,"publisher":{"@id":"https:\/\/denizcankizil.tr\/#organization"},"articleSection":["Hukuki Haberler"],"inLanguage":"de"},{"@type":"WebPage","@id":"http:\/\/denizcankizil.tr\/de\/hukukihaber\/hskda-gorev-dagilimi-belli-oldu\/","url":"http:\/\/denizcankizil.tr\/de\/hukukihaber\/hskda-gorev-dagilimi-belli-oldu\/","name":"HSK'DA G\u00d6REV DA\u011eILIMI BELL\u0130 OLDU - Av. Deniz Can K\u0131z\u0131l","isPartOf":{"@id":"https:\/\/denizcankizil.tr\/#website"},"datePublished":"2025-06-16T12:57:00+00:00","breadcrumb":{"@id":"http:\/\/denizcankizil.tr\/de\/hukukihaber\/hskda-gorev-dagilimi-belli-oldu\/#breadcrumb"},"inLanguage":"de","potentialAction":[{"@type":"ReadAction","target":["http:\/\/denizcankizil.tr\/de\/hukukihaber\/hskda-gorev-dagilimi-belli-oldu\/"]}]},{"@type":"BreadcrumbList","@id":"http:\/\/denizcankizil.tr\/de\/hukukihaber\/hskda-gorev-dagilimi-belli-oldu\/#breadcrumb","itemListElement":[{"@type":"ListItem","position":1,"name":"Home","item":"https:\/\/denizcankizil.tr\/de\/"},{"@type":"ListItem","position":2,"name":"HSK&#8217;DA G\u00d6REV DA\u011eILIMI BELL\u0130 OLDU"}]},{"@type":"WebSite","@id":"https:\/\/denizcankizil.tr\/#website","url":"https:\/\/denizcankizil.tr\/","name":"Av. Deniz Can K\u0131z\u0131l","description":"Avukat Deniz Can K\u0131z\u0131l Antalya Barosu","publisher":{"@id":"https:\/\/denizcankizil.tr\/#organization"},"potentialAction":[{"@type":"SearchAction","target":{"@type":"EntryPoint","urlTemplate":"https:\/\/denizcankizil.tr\/?s={search_term_string}"},"query-input":{"@type":"PropertyValueSpecification","valueRequired":true,"valueName":"search_term_string"}}],"inLanguage":"de"},{"@type":"Organization","@id":"https:\/\/denizcankizil.tr\/#organization","name":"Av. Deniz Can K\u0131z\u0131l","url":"https:\/\/denizcankizil.tr\/","logo":{"@type":"ImageObject","inLanguage":"de","@id":"https:\/\/denizcankizil.tr\/#\/schema\/logo\/image\/","url":"http:\/\/denizcankizil.tr\/wp-content\/uploads\/2024\/10\/siyah-logo-svg.svg","contentUrl":"http:\/\/denizcankizil.tr\/wp-content\/uploads\/2024\/10\/siyah-logo-svg.svg","width":1080,"height":1080,"caption":"Av. Deniz Can K\u0131z\u0131l"},"image":{"@id":"https:\/\/denizcankizil.tr\/#\/schema\/logo\/image\/"}},{"@type":"Person","@id":"https:\/\/denizcankizil.tr\/#\/schema\/person\/001a271de994a0aa3f90eea084424822","name":"Hukuki Haber.net","image":{"@type":"ImageObject","inLanguage":"de","@id":"https:\/\/denizcankizil.tr\/#\/schema\/person\/image\/","url":"https:\/\/secure.gravatar.com\/avatar\/57d8a49151495586611a149d29fc42865b951dc053a84709a3172ccb5abf3118?s=96&d=mm&r=g","contentUrl":"https:\/\/secure.gravatar.com\/avatar\/57d8a49151495586611a149d29fc42865b951dc053a84709a3172ccb5abf3118?s=96&d=mm&r=g","caption":"Hukuki Haber.net"},"sameAs":["http:\/\/www.hukukihaber.net"],"url":"https:\/\/www.hukukihaber.net\/hskda-gorev-dagilimi-belli-oldu"}]}},"_links":{"self":[{"href":"http:\/\/denizcankizil.tr\/de\/wp-json\/wp\/v2\/posts\/117712","targetHints":{"allow":["GET"]}}],"collection":[{"href":"http:\/\/denizcankizil.tr\/de\/wp-json\/wp\/v2\/posts"}],"about":[{"href":"http:\/\/denizcankizil.tr\/de\/wp-json\/wp\/v2\/types\/post"}],"author":[{"embeddable":true,"href":"http:\/\/denizcankizil.tr\/de\/wp-json\/wp\/v2\/users\/3"}],"replies":[{"embeddable":true,"href":"http:\/\/denizcankizil.tr\/de\/wp-json\/wp\/v2\/comments?post=117712"}],"version-history":[{"count":0,"href":"http:\/\/denizcankizil.tr\/de\/wp-json\/wp\/v2\/posts\/117712\/revisions"}],"wp:attachment":[{"href":"http:\/\/denizcankizil.tr\/de\/wp-json\/wp\/v2\/media?parent=117712"}],"wp:term":[{"taxonomy":"category","embeddable":true,"href":"http:\/\/denizcankizil.tr\/de\/wp-json\/wp\/v2\/categories?post=117712"},{"taxonomy":"post_tag","embeddable":true,"href":"http:\/\/denizcankizil.tr\/de\/wp-json\/wp\/v2\/tags?post=117712"}],"curies":[{"name":"wp","href":"https:\/\/api.w.org\/{rel}","templated":true}]}}