{"id":117692,"date":"2025-06-16T16:41:20","date_gmt":"2025-06-16T13:41:20","guid":{"rendered":"https:\/\/denizcankizil.tr\/uncategorized-tr\/baskan-bocekten-mecliste-gundem-yaratacak-cikis-bugune-kadar-cok-gunahimi-aldilar\/"},"modified":"2025-06-16T16:41:20","modified_gmt":"2025-06-16T13:41:20","slug":"baskan-bocekten-mecliste-gundem-yaratacak-cikis-bugune-kadar-cok-gunahimi-aldilar","status":"publish","type":"post","link":"http:\/\/denizcankizil.tr\/de\/haberler\/gundem\/baskan-bocekten-mecliste-gundem-yaratacak-cikis-bugune-kadar-cok-gunahimi-aldilar\/","title":{"rendered":"Ba\u015fkan B\u00f6cek\u2019ten mecliste g\u00fcndem yaratacak \u00e7\u0131k\u0131\u015f: Bug\u00fcne kadar \u00e7ok g\u00fcnah\u0131m\u0131 ald\u0131lar!"},"content":{"rendered":"<p>Antalya B\u00fcy\u00fck\u015fehir Belediyesi Haziran Ay\u0131 Ola\u011fan Meclis Toplant\u0131s\u0131 B\u00fcy\u00fck\u015fehir Belediye Ba\u015fkan\u0131 Muhittin B\u00f6cek\u2019in ba\u015fkanl\u0131\u011f\u0131nda ger\u00e7ekle\u015ftirildi. Mecliste ge\u00e7ti\u011fimiz g\u00fcnlerde elektrik ak\u0131m\u0131na kap\u0131larak hayat\u0131n\u0131 kaybeden ve b\u00fcy\u00fck bir \u00fcz\u00fcnt\u00fcye neden olan Manisa B\u00fcy\u00fck\u015fehir Belediye Ba\u015fkan\u0131 Ferdi Zeyrek unutulmad\u0131. Ba\u015fkan B\u00f6cek ve meclis \u00fcyeleri Zeyrek\u2019in foto\u011fraf\u0131n\u0131 yakalar\u0131na takarak meclise geldi. Mecliste \u00f6nerilerin de dahil edilmesi ile birlikte 153 maddeden olu\u015ftu.<\/p>\n<p>ZEYREK \u0130\u00c7\u0130N FAT\u0130HA OKUNDU<\/p>\n<p>Haziran Ay\u0131 Ola\u011fan Meclis Toplant\u0131s\u0131 B\u00fcy\u00fck\u015fehir Belediye Ba\u015fkan\u0131 Muhittin B\u00f6cek\u2019in ba\u015fkanl\u0131\u011f\u0131nda ger\u00e7ekle\u015ftirildi. Ba\u015fkan Muhittin B\u00f6cek, g\u00fcndem g\u00f6r\u00fc\u015fmelerine ge\u00e7ilmeden \u00f6nce s\u00f6z alarak, \u201cFerdi ba\u015fkan\u0131m\u0131z\u0131n elim bir kaza sonucu hayat\u0131n\u0131 kaybetmesi hepimizi derinden \u00fczd\u00fc. Kendileri ile haziran ay\u0131 ba\u015f\u0131nda bir protokol yapm\u0131\u015ft\u0131k. Her iki belediye birlikte g\u00fczel i\u015fler yapacakt\u0131. Karde\u015fim i\u00e7in bir Fatiha okunmas\u0131n\u0131 rica ediyorum\u201d dedi. Bu s\u00f6zler \u00fczerine meclis \u00fcyeleri Fatiha okuyarak dua dileklerini iletti.<\/p>\n<p>\u00c7OK G\u00dcNAHIMI ALDILAR<\/p>\n<p>Ba\u015fkan B\u00f6cek AK Parti Grup S\u00f6zc\u00fcs\u00fc Bahattin Bayrak\u2019\u0131n ba\u015fta ula\u015f\u0131m olmak \u00fczere \u00e7e\u015fitli konularda hizmetlerine cevap verdi. B\u00f6cek, \u201cKentimize \u00e7ivi \u00e7akan kim varsa te\u015fekk\u00fcr ettik. Atalar\u0131m\u0131z\u0131n kurdu\u011fu fabrikalar\u0131 hat\u0131rl\u0131yoruz. B\u00fct\u00fcn fabrikalar\u0131n ne hale geldi\u011fini unutmaman\u0131z\u0131 diliyorum. Siyasi polemik yapmayaca\u011f\u0131m. Al\u0131\u015ft\u0131k art\u0131k, video \u00e7ekerek yollar\u0131n durumu payla\u015f\u0131yorlar. Son zamanlarda \u00f6zellikle Aksu\u2019dan kent merkezine 4 saate geliyoruz y\u00f6n\u00fcnde payla\u015f\u0131mlar var. Bir g\u00fcnah ke\u00e7isi ar\u0131yorlar. Daha \u00f6nce yap\u0131lamayan kav\u015faklar \u00fczerinden \u00e7ok g\u00fcnah\u0131m\u0131 ald\u0131lar. \u015eimdi bir bak\u0131yoruz cumhurba\u015fkan\u0131na ve bakanl\u0131klara te\u015fekk\u00fcr afi\u015fleri var. Antalya siyaseti bu t\u00fcr polemikleri kald\u0131rmaz, d\u00fcnyan\u0131n d\u00f6rt bir taraf\u0131ndan bir\u00e7ok ki\u015fi a\u011f\u0131rl\u0131yoruz. Belediye olarak 24\u2019\u00fcnc\u00fc \u00e7evre \u00f6d\u00fcl\u00fcn\u00fc ald\u0131k. Asya Belediyeler Formu\u2019nda 2025 y\u0131l\u0131 Antalya \u00e7evre ba\u015fkenti ilan edildi\u201d s\u00f6zlerine yer verdi.<\/p>\n<p>RAYLI S\u0130STEM PLANLAMAYA ALINMADI<\/p>\n<p>Antalya K\u00f6rfez Gazetesi muhabiri Ertu\u011frul G\u00fcn&#8217;\u00fcn haberine g\u00f6re; son g\u00fcnlerde tart\u0131\u015fmal\u0131 maden ocaklar\u0131 hakk\u0131nda da konu\u015fan B\u00f6cek, \u201cDa\u011flara ta\u015flara yap\u0131lan ta\u015f ocaklar\u0131nda biraz daha dikkatli davran\u0131lmas\u0131 gerekir. 8 gemi at\u0131k istasyonu kurduk, 23 termal kamera ile 123 milyon \u00fczerinde ceza yazd\u0131k. \u00c7evre yollar\u0131 ne oldu? Bu eksik kalan \u00e7evreyollar\u0131 bir an \u00f6nce tamamlans\u0131n. 2025 y\u0131l\u0131nda rayl\u0131 sistem cumhurba\u015fkan\u0131m\u0131z\u0131n yat\u0131r\u0131m planlamas\u0131nda yer almad\u0131. D\u00f6\u015femealt\u0131\u2019nda proje uygulamas\u0131na geldik. 2025 y\u0131l\u0131na ek olarak al\u0131n\u0131rsa \u00e7ok seviniriz\u201d dedi.<\/p>\n<p>BAHANELERE SI\u011eINMADIM<\/p>\n<p>Sivrisinek \u015fikayetleri ile ilgili de bir a\u00e7\u0131klama yapan B\u00f6cek, \u201cHa\u015fere ile m\u00fccadelede \u00e7al\u0131\u015fmalar\u0131m\u0131z yap\u0131l\u0131yor. Bug\u00fcne kadar hi\u00e7bir zaman bahanelere s\u0131\u011f\u0131nmad\u0131m. Bu konuda da s\u0131\u011f\u0131nmam iki tane \u00f6nemli isimle \u00e7al\u0131\u015f\u0131yoruz. Bu konuda bizim belediye ba\u015fkanlar\u0131m\u0131z\u0131n da d\u00fc\u015f\u00fcncesi var. Yeni kald\u0131r\u0131mlar var, onlar\u0131 da yapaca\u011f\u0131z. Bu t\u00fcr isteklerinizi bize meclis d\u0131\u015f\u0131nda da iletebilirsiniz. Ben her \u015feye ra\u011fmen yap\u0131c\u0131 ele\u015ftiriler i\u00e7in te\u015fekk\u00fcr ederim\u201d ifadelerini kulland\u0131.<\/p>\n<p>ZEK\u0130R \u00d6ZER UNUTULMADI<\/p>\n<p>Mecliste an\u0131lan bir ba\u015fka isim ise \u00f6nceki g\u00fcn topra\u011fa verilen Gazeteci Zeki \u00d6zer oldu. CHP Grup S\u00f6zc\u00fcs\u00fc B\u00fc\u015fra \u00d6zdemir, AK Parti Grup S\u00f6zc\u00fcs\u00fc Bahattin Bayraktar, MHP Grup S\u00f6zc\u00fcs\u00fc Sel\u00e7uk Senirli de Zeyrek\u2019in \u00f6l\u00fcm\u00fc \u00fczerine bir konu\u015fma yaparak bir kez daha ba\u015fsa\u011fl\u0131\u011f\u0131 dileklerini iletti. 153 g\u00fcndem maddesinin g\u00f6r\u00fc\u015f\u00fcld\u00fc\u011f\u00fc mecliste \u00f6nemli kararlar al\u0131nd\u0131.<\/p>\n<p>MANAVGAT\u2019TA T\u0130CARET ALANI<\/p>\n<p>Mecliste dikkat \u00e7eken ba\u015fl\u0131klar aras\u0131nda Manavgat Belediyesi s\u0131n\u0131rlar\u0131 i\u00e7erisinde yer alan Dikmen Mahallesi 126 ada 2 parselin d\u00fc\u015f\u00fck yo\u011funluklu mevcut konut alan\u0131, ticaret + konut alan\u0131 (T\u0130CK), belediye hizmet alan\u0131, park ve ye\u015fil alan, otopark ve yol olarak planlanmas\u0131na ili\u015fkin komisyon raporu yer ald\u0131. Karara AK Parti ve MHP ret y\u00f6n\u00fcnde oylama yaparken CHP\u2019li meclis \u00fcyeleri evet karar\u0131 verdi. G\u00fcndem maddesi oy \u00e7oklu\u011fu ile ge\u00e7ti.<\/p>\n<p>B\u00dcY\u00dcK\u015eEH\u0130R H\u0130SSE SATACAK<\/p>\n<p>Toplant\u0131da ayr\u0131ca, Kepez \u00c7ankaya Mahallesi\u2019nde Antalya B\u00fcy\u00fck\u015fehir Belediyesi m\u00fclkiyetinde bulunan bir ta\u015f\u0131nmazdaki 200 metrekarelik hissenin sat\u0131\u015f\u0131 i\u00e7in belediye enc\u00fcmenine yetki verilmesi teklifi de ele al\u0131nd\u0131. G\u00fcndem maddesi oy birli\u011fi ile komisyona g\u00f6nderildi.<\/p>\n<p>S\u0130T ALANINA GES PROJES\u0130<\/p>\n<p>Elmal\u0131 il\u00e7esi Bay\u0131nd\u0131r Mahallesi\u2019nde, 3\u2019\u00fcnc\u00fc derece arkeolojik sit alan\u0131nda yer alan baz\u0131 parsellerin g\u00fcne\u015f enerji santrali kurulumu amac\u0131yla koruma ama\u00e7l\u0131 uygulama imar plan\u0131na i\u015flenmesi, meclisin de\u011ferlendirdi\u011fi yat\u0131r\u0131mlar\u0131 aras\u0131nda yer ald\u0131. G\u00fcndem maddesi CHP, AK Parti ve MHP\u2019nin \u201cevet\u201d y\u00f6n\u00fcndeki oylar\u0131 ile oy birli\u011fi ile kabul edildi.<\/p>\n<p>OTEL ALANINDA D\u00dcZENLEME<\/p>\n<p>Meclisin 25\u2019inci maddesi Kepez\u2019de yap\u0131lmas\u0131 d\u00fc\u015f\u00fcn\u00fclen otel alan\u0131 ile ilgili d\u00fczenleme oldu. Kepez Belediye Meclisinin 06.01.2025 tarih ve 38 say\u0131l\u0131 karar\u0131 ile uygun bulunan, Fabrikalar Mahallesi, 7196 ada 3 parselde yer alan otel alan\u0131n\u0131n yap\u0131 yakla\u015fma mesafelerinin d\u00fczenlenmesi ve otel alan\u0131na plan notu eklenmesine ili\u015fkin haz\u0131rlanan 1\/1000 \u00f6l\u00e7ekli uygulama imar plan\u0131 de\u011fi\u015fikli\u011fi ile ilgili \u0130mar ve Bay\u0131nd\u0131rl\u0131k Komisyonu Raporu g\u00f6r\u00fc\u015f\u00fcld\u00fc. AK Parti ve MHP komisyon raporuna ret karar\u0131 verirken CHP ise \u201cevet\u201d y\u00f6n\u00fcnde karar ald\u0131. G\u00fcndem maddesi oy \u00e7oklu\u011fu ile kabul edildi. G\u00fcndemin 55 ve 155 dahil teklif maddeleri ise komisyonlara sevk edildi.<\/p>\n<p>\u200bAntalya B\u00fcy\u00fck\u015fehir Belediyesi Haziran ay\u0131 Ola\u011fan Meclis Toplant\u0131s\u0131 yap\u0131ld\u0131. Mecliste AK Parti grubunun ele\u015ftirilerine cevap veren Ba\u015fkan B\u00f6cek\u2019in g\u00fcndeminde trafik sorunu vard\u0131. B\u00f6cek, bug\u00fcne kadar kendisinin \u00e7ok g\u00fcnah\u0131n\u0131n al\u0131nd\u0131\u011f\u0131n\u0131 ifade ederek, trafik \u00fczerinden y\u00fcr\u00fct\u00fclen siyasi polemiklerin do\u011fru olmad\u0131\u011f\u0131n\u0131 savundu.\u00a0<\/p>\n<p>\u200bHaberin Al\u0131nt\u0131land\u0131\u011f\u0131 Kaynak: www.antalyakorfez.com<\/p>","protected":false},"excerpt":{"rendered":"<p>Antalya B\u00fcy\u00fck\u015fehir Belediyesi Haziran Ay\u0131 Ola\u011fan Meclis Toplant\u0131s\u0131 B\u00fcy\u00fck\u015fehir Belediye Ba\u015fkan\u0131 Muhittin B\u00f6cek\u2019in ba\u015fkanl\u0131\u011f\u0131nda ger\u00e7ekle\u015ftirildi. Mecliste ge\u00e7ti\u011fimiz g\u00fcnlerde elektrik ak\u0131m\u0131na kap\u0131larak hayat\u0131n\u0131 kaybeden ve b\u00fcy\u00fck bir \u00fcz\u00fcnt\u00fcye neden olan Manisa B\u00fcy\u00fck\u015fehir Belediye Ba\u015fkan\u0131 Ferdi Zeyrek unutulmad\u0131. Ba\u015fkan B\u00f6cek ve meclis \u00fcyeleri Zeyrek\u2019in foto\u011fraf\u0131n\u0131 yakalar\u0131na takarak meclise geldi. Mecliste \u00f6nerilerin de dahil edilmesi ile birlikte 153 maddeden olu\u015ftu. ZEYREK \u0130\u00c7\u0130N FAT\u0130HA OKUNDU Haziran Ay\u0131 Ola\u011fan Meclis Toplant\u0131s\u0131 B\u00fcy\u00fck\u015fehir Belediye Ba\u015fkan\u0131 Muhittin B\u00f6cek\u2019in ba\u015fkanl\u0131\u011f\u0131nda ger\u00e7ekle\u015ftirildi. Ba\u015fkan Muhittin B\u00f6cek, g\u00fcndem g\u00f6r\u00fc\u015fmelerine ge\u00e7ilmeden \u00f6nce s\u00f6z alarak, \u201cFerdi ba\u015fkan\u0131m\u0131z\u0131n elim bir kaza sonucu hayat\u0131n\u0131 kaybetmesi hepimizi derinden \u00fczd\u00fc. Kendileri ile haziran ay\u0131 ba\u015f\u0131nda bir protokol yapm\u0131\u015ft\u0131k. Her iki belediye birlikte g\u00fczel i\u015fler yapacakt\u0131. Karde\u015fim i\u00e7in bir Fatiha okunmas\u0131n\u0131 rica ediyorum\u201d dedi. Bu s\u00f6zler \u00fczerine meclis \u00fcyeleri Fatiha okuyarak dua dileklerini iletti. \u00c7OK G\u00dcNAHIMI ALDILAR Ba\u015fkan B\u00f6cek AK Parti Grup S\u00f6zc\u00fcs\u00fc Bahattin Bayrak\u2019\u0131n ba\u015fta ula\u015f\u0131m olmak \u00fczere \u00e7e\u015fitli konularda hizmetlerine cevap verdi. B\u00f6cek, \u201cKentimize \u00e7ivi \u00e7akan kim varsa te\u015fekk\u00fcr ettik. Atalar\u0131m\u0131z\u0131n kurdu\u011fu fabrikalar\u0131 hat\u0131rl\u0131yoruz. B\u00fct\u00fcn fabrikalar\u0131n ne hale geldi\u011fini unutmaman\u0131z\u0131 diliyorum. Siyasi polemik yapmayaca\u011f\u0131m. Al\u0131\u015ft\u0131k art\u0131k, video \u00e7ekerek yollar\u0131n durumu payla\u015f\u0131yorlar. Son zamanlarda \u00f6zellikle Aksu\u2019dan kent merkezine 4 saate geliyoruz y\u00f6n\u00fcnde payla\u015f\u0131mlar var. Bir g\u00fcnah ke\u00e7isi ar\u0131yorlar. Daha \u00f6nce yap\u0131lamayan kav\u015faklar \u00fczerinden \u00e7ok g\u00fcnah\u0131m\u0131 ald\u0131lar. \u015eimdi &hellip;<\/p>","protected":false},"author":5,"featured_media":0,"comment_status":"","ping_status":"open","sticky":false,"template":"","format":"standard","meta":{"_acf_changed":false,"footnotes":""},"categories":[24],"tags":[],"class_list":["post-117692","post","type-post","status-publish","format-standard","has-post-thumbnail","hentry","category-gundem"],"acf":[],"yoast_head":"<!-- This site is optimized with the Yoast SEO Premium plugin v26.6 (Yoast SEO v27.1.1) - https:\/\/yoast.com\/product\/yoast-seo-premium-wordpress\/ -->\n<title>Ba\u015fkan B\u00f6cek\u2019ten mecliste g\u00fcndem yaratacak \u00e7\u0131k\u0131\u015f: Bug\u00fcne kadar \u00e7ok g\u00fcnah\u0131m\u0131 ald\u0131lar! - Av. Deniz Can K\u0131z\u0131l<\/title>\n<meta name=\"robots\" content=\"index, follow, max-snippet:-1, max-image-preview:large, max-video-preview:-1\" \/>\n<link rel=\"canonical\" href=\"http:\/\/denizcankizil.tr\/de\/haberler\/gundem\/baskan-bocekten-mecliste-gundem-yaratacak-cikis-bugune-kadar-cok-gunahimi-aldilar\/\" \/>\n<meta property=\"og:locale\" content=\"de_DE\" \/>\n<meta property=\"og:type\" content=\"article\" \/>\n<meta property=\"og:title\" content=\"Ba\u015fkan B\u00f6cek\u2019ten mecliste g\u00fcndem yaratacak \u00e7\u0131k\u0131\u015f: Bug\u00fcne kadar \u00e7ok g\u00fcnah\u0131m\u0131 ald\u0131lar!\" \/>\n<meta property=\"og:description\" content=\"Antalya B\u00fcy\u00fck\u015fehir Belediyesi Haziran Ay\u0131 Ola\u011fan Meclis Toplant\u0131s\u0131 B\u00fcy\u00fck\u015fehir Belediye Ba\u015fkan\u0131 Muhittin B\u00f6cek\u2019in ba\u015fkanl\u0131\u011f\u0131nda ger\u00e7ekle\u015ftirildi. Mecliste ge\u00e7ti\u011fimiz g\u00fcnlerde elektrik ak\u0131m\u0131na kap\u0131larak hayat\u0131n\u0131 kaybeden ve b\u00fcy\u00fck bir \u00fcz\u00fcnt\u00fcye neden olan Manisa B\u00fcy\u00fck\u015fehir Belediye Ba\u015fkan\u0131 Ferdi Zeyrek unutulmad\u0131. Ba\u015fkan B\u00f6cek ve meclis \u00fcyeleri Zeyrek\u2019in foto\u011fraf\u0131n\u0131 yakalar\u0131na takarak meclise geldi. Mecliste \u00f6nerilerin de dahil edilmesi ile birlikte 153 maddeden olu\u015ftu. ZEYREK \u0130\u00c7\u0130N FAT\u0130HA OKUNDU Haziran Ay\u0131 Ola\u011fan Meclis Toplant\u0131s\u0131 B\u00fcy\u00fck\u015fehir Belediye Ba\u015fkan\u0131 Muhittin B\u00f6cek\u2019in ba\u015fkanl\u0131\u011f\u0131nda ger\u00e7ekle\u015ftirildi. Ba\u015fkan Muhittin B\u00f6cek, g\u00fcndem g\u00f6r\u00fc\u015fmelerine ge\u00e7ilmeden \u00f6nce s\u00f6z alarak, \u201cFerdi ba\u015fkan\u0131m\u0131z\u0131n elim bir kaza sonucu hayat\u0131n\u0131 kaybetmesi hepimizi derinden \u00fczd\u00fc. Kendileri ile haziran ay\u0131 ba\u015f\u0131nda bir protokol yapm\u0131\u015ft\u0131k. Her iki belediye birlikte g\u00fczel i\u015fler yapacakt\u0131. Karde\u015fim i\u00e7in bir Fatiha okunmas\u0131n\u0131 rica ediyorum\u201d dedi. Bu s\u00f6zler \u00fczerine meclis \u00fcyeleri Fatiha okuyarak dua dileklerini iletti. \u00c7OK G\u00dcNAHIMI ALDILAR Ba\u015fkan B\u00f6cek AK Parti Grup S\u00f6zc\u00fcs\u00fc Bahattin Bayrak\u2019\u0131n ba\u015fta ula\u015f\u0131m olmak \u00fczere \u00e7e\u015fitli konularda hizmetlerine cevap verdi. B\u00f6cek, \u201cKentimize \u00e7ivi \u00e7akan kim varsa te\u015fekk\u00fcr ettik. Atalar\u0131m\u0131z\u0131n kurdu\u011fu fabrikalar\u0131 hat\u0131rl\u0131yoruz. B\u00fct\u00fcn fabrikalar\u0131n ne hale geldi\u011fini unutmaman\u0131z\u0131 diliyorum. Siyasi polemik yapmayaca\u011f\u0131m. Al\u0131\u015ft\u0131k art\u0131k, video \u00e7ekerek yollar\u0131n durumu payla\u015f\u0131yorlar. Son zamanlarda \u00f6zellikle Aksu\u2019dan kent merkezine 4 saate geliyoruz y\u00f6n\u00fcnde payla\u015f\u0131mlar var. Bir g\u00fcnah ke\u00e7isi ar\u0131yorlar. Daha \u00f6nce yap\u0131lamayan kav\u015faklar \u00fczerinden \u00e7ok g\u00fcnah\u0131m\u0131 ald\u0131lar. \u015eimdi &hellip;\" \/>\n<meta property=\"og:url\" content=\"http:\/\/denizcankizil.tr\/de\/haberler\/gundem\/baskan-bocekten-mecliste-gundem-yaratacak-cikis-bugune-kadar-cok-gunahimi-aldilar\/\" \/>\n<meta property=\"og:site_name\" content=\"Av. Deniz Can K\u0131z\u0131l\" \/>\n<meta property=\"article:published_time\" content=\"2025-06-16T13:41:20+00:00\" \/>\n<meta name=\"author\" content=\"Antalya K\u00f6rfez\" \/>\n<meta name=\"twitter:card\" content=\"summary_large_image\" \/>\n<meta name=\"twitter:label1\" content=\"Verfasst von\" \/>\n\t<meta name=\"twitter:data1\" content=\"Antalya K\u00f6rfez\" \/>\n\t<meta name=\"twitter:label2\" content=\"Gesch\u00e4tzte Lesezeit\" \/>\n\t<meta name=\"twitter:data2\" content=\"5\u00a0Minuten\" \/>\n<script type=\"application\/ld+json\" class=\"yoast-schema-graph\">{\"@context\":\"https:\/\/schema.org\",\"@graph\":[{\"@type\":\"Article\",\"@id\":\"http:\/\/denizcankizil.tr\/de\/haberler\/gundem\/baskan-bocekten-mecliste-gundem-yaratacak-cikis-bugune-kadar-cok-gunahimi-aldilar\/#article\",\"isPartOf\":{\"@id\":\"http:\/\/denizcankizil.tr\/de\/haberler\/gundem\/baskan-bocekten-mecliste-gundem-yaratacak-cikis-bugune-kadar-cok-gunahimi-aldilar\/\"},\"author\":{\"name\":\"Antalya K\u00f6rfez\",\"@id\":\"https:\/\/denizcankizil.tr\/de\/#\/schema\/person\/e1eb71bb4dd684d46563f0af307e1234\"},\"headline\":\"Ba\u015fkan B\u00f6cek\u2019ten mecliste g\u00fcndem yaratacak \u00e7\u0131k\u0131\u015f: Bug\u00fcne kadar \u00e7ok g\u00fcnah\u0131m\u0131 ald\u0131lar!\",\"datePublished\":\"2025-06-16T13:41:20+00:00\",\"mainEntityOfPage\":{\"@id\":\"http:\/\/denizcankizil.tr\/de\/haberler\/gundem\/baskan-bocekten-mecliste-gundem-yaratacak-cikis-bugune-kadar-cok-gunahimi-aldilar\/\"},\"wordCount\":1067,\"publisher\":{\"@id\":\"https:\/\/denizcankizil.tr\/de\/#organization\"},\"articleSection\":[\"G\u00fcndem\"],\"inLanguage\":\"de\"},{\"@type\":\"WebPage\",\"@id\":\"http:\/\/denizcankizil.tr\/de\/haberler\/gundem\/baskan-bocekten-mecliste-gundem-yaratacak-cikis-bugune-kadar-cok-gunahimi-aldilar\/\",\"url\":\"http:\/\/denizcankizil.tr\/de\/haberler\/gundem\/baskan-bocekten-mecliste-gundem-yaratacak-cikis-bugune-kadar-cok-gunahimi-aldilar\/\",\"name\":\"Ba\u015fkan B\u00f6cek\u2019ten mecliste g\u00fcndem yaratacak \u00e7\u0131k\u0131\u015f: Bug\u00fcne kadar \u00e7ok g\u00fcnah\u0131m\u0131 ald\u0131lar! - Av. Deniz Can K\u0131z\u0131l\",\"isPartOf\":{\"@id\":\"https:\/\/denizcankizil.tr\/de\/#website\"},\"datePublished\":\"2025-06-16T13:41:20+00:00\",\"breadcrumb\":{\"@id\":\"http:\/\/denizcankizil.tr\/de\/haberler\/gundem\/baskan-bocekten-mecliste-gundem-yaratacak-cikis-bugune-kadar-cok-gunahimi-aldilar\/#breadcrumb\"},\"inLanguage\":\"de\",\"potentialAction\":[{\"@type\":\"ReadAction\",\"target\":[\"http:\/\/denizcankizil.tr\/de\/haberler\/gundem\/baskan-bocekten-mecliste-gundem-yaratacak-cikis-bugune-kadar-cok-gunahimi-aldilar\/\"]}]},{\"@type\":\"BreadcrumbList\",\"@id\":\"http:\/\/denizcankizil.tr\/de\/haberler\/gundem\/baskan-bocekten-mecliste-gundem-yaratacak-cikis-bugune-kadar-cok-gunahimi-aldilar\/#breadcrumb\",\"itemListElement\":[{\"@type\":\"ListItem\",\"position\":1,\"name\":\"Home\",\"item\":\"https:\/\/denizcankizil.tr\/de\/\"},{\"@type\":\"ListItem\",\"position\":2,\"name\":\"Ba\u015fkan B\u00f6cek\u2019ten mecliste g\u00fcndem yaratacak \u00e7\u0131k\u0131\u015f: Bug\u00fcne kadar \u00e7ok g\u00fcnah\u0131m\u0131 ald\u0131lar!\"}]},{\"@type\":\"WebSite\",\"@id\":\"https:\/\/denizcankizil.tr\/de\/#website\",\"url\":\"https:\/\/denizcankizil.tr\/de\/\",\"name\":\"Av. Deniz Can K\u0131z\u0131l\",\"description\":\"Avukat Deniz Can K\u0131z\u0131l Antalya Barosu\",\"publisher\":{\"@id\":\"https:\/\/denizcankizil.tr\/de\/#organization\"},\"potentialAction\":[{\"@type\":\"SearchAction\",\"target\":{\"@type\":\"EntryPoint\",\"urlTemplate\":\"https:\/\/denizcankizil.tr\/de\/?s={search_term_string}\"},\"query-input\":{\"@type\":\"PropertyValueSpecification\",\"valueRequired\":true,\"valueName\":\"search_term_string\"}}],\"inLanguage\":\"de\"},{\"@type\":\"Organization\",\"@id\":\"https:\/\/denizcankizil.tr\/de\/#organization\",\"name\":\"Av. Deniz Can K\u0131z\u0131l\",\"url\":\"https:\/\/denizcankizil.tr\/de\/\",\"logo\":{\"@type\":\"ImageObject\",\"inLanguage\":\"de\",\"@id\":\"https:\/\/denizcankizil.tr\/de\/#\/schema\/logo\/image\/\",\"url\":\"http:\/\/denizcankizil.tr\/wp-content\/uploads\/2024\/10\/siyah-logo-svg.svg\",\"contentUrl\":\"http:\/\/denizcankizil.tr\/wp-content\/uploads\/2024\/10\/siyah-logo-svg.svg\",\"width\":1080,\"height\":1080,\"caption\":\"Av. Deniz Can K\u0131z\u0131l\"},\"image\":{\"@id\":\"https:\/\/denizcankizil.tr\/de\/#\/schema\/logo\/image\/\"}},{\"@type\":\"Person\",\"@id\":\"https:\/\/denizcankizil.tr\/de\/#\/schema\/person\/e1eb71bb4dd684d46563f0af307e1234\",\"name\":\"Antalya K\u00f6rfez\",\"image\":{\"@type\":\"ImageObject\",\"inLanguage\":\"de\",\"@id\":\"https:\/\/denizcankizil.tr\/de\/#\/schema\/person\/image\/\",\"url\":\"https:\/\/secure.gravatar.com\/avatar\/42b01982558a48a0b501fdcab6a408d3717ea5919095ee2e67b0e521799c5905?s=96&d=mm&r=g\",\"contentUrl\":\"https:\/\/secure.gravatar.com\/avatar\/42b01982558a48a0b501fdcab6a408d3717ea5919095ee2e67b0e521799c5905?s=96&d=mm&r=g\",\"caption\":\"Antalya K\u00f6rfez\"},\"sameAs\":[\"http:\/\/www.antalyakorfez.com\"],\"url\":\"https:\/\/www.antalyakorfez.com\/baskan-bocekten-mecliste-gundem-yaratacak-cikis-bugune-kadar-cok-gunahimi-aldilar\"}]}<\/script>\n<!-- \/ Yoast SEO Premium plugin. -->","yoast_head_json":{"title":"Ba\u015fkan B\u00f6cek\u2019ten mecliste g\u00fcndem yaratacak \u00e7\u0131k\u0131\u015f: Bug\u00fcne kadar \u00e7ok g\u00fcnah\u0131m\u0131 ald\u0131lar! - Av. Deniz Can K\u0131z\u0131l","robots":{"index":"index","follow":"follow","max-snippet":"max-snippet:-1","max-image-preview":"max-image-preview:large","max-video-preview":"max-video-preview:-1"},"canonical":"http:\/\/denizcankizil.tr\/de\/haberler\/gundem\/baskan-bocekten-mecliste-gundem-yaratacak-cikis-bugune-kadar-cok-gunahimi-aldilar\/","og_locale":"de_DE","og_type":"article","og_title":"Ba\u015fkan B\u00f6cek\u2019ten mecliste g\u00fcndem yaratacak \u00e7\u0131k\u0131\u015f: Bug\u00fcne kadar \u00e7ok g\u00fcnah\u0131m\u0131 ald\u0131lar!","og_description":"Antalya B\u00fcy\u00fck\u015fehir Belediyesi Haziran Ay\u0131 Ola\u011fan Meclis Toplant\u0131s\u0131 B\u00fcy\u00fck\u015fehir Belediye Ba\u015fkan\u0131 Muhittin B\u00f6cek\u2019in ba\u015fkanl\u0131\u011f\u0131nda ger\u00e7ekle\u015ftirildi. Mecliste ge\u00e7ti\u011fimiz g\u00fcnlerde elektrik ak\u0131m\u0131na kap\u0131larak hayat\u0131n\u0131 kaybeden ve b\u00fcy\u00fck bir \u00fcz\u00fcnt\u00fcye neden olan Manisa B\u00fcy\u00fck\u015fehir Belediye Ba\u015fkan\u0131 Ferdi Zeyrek unutulmad\u0131. Ba\u015fkan B\u00f6cek ve meclis \u00fcyeleri Zeyrek\u2019in foto\u011fraf\u0131n\u0131 yakalar\u0131na takarak meclise geldi. Mecliste \u00f6nerilerin de dahil edilmesi ile birlikte 153 maddeden olu\u015ftu. ZEYREK \u0130\u00c7\u0130N FAT\u0130HA OKUNDU Haziran Ay\u0131 Ola\u011fan Meclis Toplant\u0131s\u0131 B\u00fcy\u00fck\u015fehir Belediye Ba\u015fkan\u0131 Muhittin B\u00f6cek\u2019in ba\u015fkanl\u0131\u011f\u0131nda ger\u00e7ekle\u015ftirildi. Ba\u015fkan Muhittin B\u00f6cek, g\u00fcndem g\u00f6r\u00fc\u015fmelerine ge\u00e7ilmeden \u00f6nce s\u00f6z alarak, \u201cFerdi ba\u015fkan\u0131m\u0131z\u0131n elim bir kaza sonucu hayat\u0131n\u0131 kaybetmesi hepimizi derinden \u00fczd\u00fc. Kendileri ile haziran ay\u0131 ba\u015f\u0131nda bir protokol yapm\u0131\u015ft\u0131k. Her iki belediye birlikte g\u00fczel i\u015fler yapacakt\u0131. Karde\u015fim i\u00e7in bir Fatiha okunmas\u0131n\u0131 rica ediyorum\u201d dedi. Bu s\u00f6zler \u00fczerine meclis \u00fcyeleri Fatiha okuyarak dua dileklerini iletti. \u00c7OK G\u00dcNAHIMI ALDILAR Ba\u015fkan B\u00f6cek AK Parti Grup S\u00f6zc\u00fcs\u00fc Bahattin Bayrak\u2019\u0131n ba\u015fta ula\u015f\u0131m olmak \u00fczere \u00e7e\u015fitli konularda hizmetlerine cevap verdi. B\u00f6cek, \u201cKentimize \u00e7ivi \u00e7akan kim varsa te\u015fekk\u00fcr ettik. Atalar\u0131m\u0131z\u0131n kurdu\u011fu fabrikalar\u0131 hat\u0131rl\u0131yoruz. B\u00fct\u00fcn fabrikalar\u0131n ne hale geldi\u011fini unutmaman\u0131z\u0131 diliyorum. Siyasi polemik yapmayaca\u011f\u0131m. Al\u0131\u015ft\u0131k art\u0131k, video \u00e7ekerek yollar\u0131n durumu payla\u015f\u0131yorlar. Son zamanlarda \u00f6zellikle Aksu\u2019dan kent merkezine 4 saate geliyoruz y\u00f6n\u00fcnde payla\u015f\u0131mlar var. Bir g\u00fcnah ke\u00e7isi ar\u0131yorlar. Daha \u00f6nce yap\u0131lamayan kav\u015faklar \u00fczerinden \u00e7ok g\u00fcnah\u0131m\u0131 ald\u0131lar. \u015eimdi &hellip;","og_url":"http:\/\/denizcankizil.tr\/de\/haberler\/gundem\/baskan-bocekten-mecliste-gundem-yaratacak-cikis-bugune-kadar-cok-gunahimi-aldilar\/","og_site_name":"Av. Deniz Can K\u0131z\u0131l","article_published_time":"2025-06-16T13:41:20+00:00","author":"Antalya K\u00f6rfez","twitter_card":"summary_large_image","twitter_misc":{"Verfasst von":"Antalya K\u00f6rfez","Gesch\u00e4tzte Lesezeit":"5\u00a0Minuten"},"schema":{"@context":"https:\/\/schema.org","@graph":[{"@type":"Article","@id":"http:\/\/denizcankizil.tr\/de\/haberler\/gundem\/baskan-bocekten-mecliste-gundem-yaratacak-cikis-bugune-kadar-cok-gunahimi-aldilar\/#article","isPartOf":{"@id":"http:\/\/denizcankizil.tr\/de\/haberler\/gundem\/baskan-bocekten-mecliste-gundem-yaratacak-cikis-bugune-kadar-cok-gunahimi-aldilar\/"},"author":{"name":"Antalya K\u00f6rfez","@id":"https:\/\/denizcankizil.tr\/de\/#\/schema\/person\/e1eb71bb4dd684d46563f0af307e1234"},"headline":"Ba\u015fkan B\u00f6cek\u2019ten mecliste g\u00fcndem yaratacak \u00e7\u0131k\u0131\u015f: Bug\u00fcne kadar \u00e7ok g\u00fcnah\u0131m\u0131 ald\u0131lar!","datePublished":"2025-06-16T13:41:20+00:00","mainEntityOfPage":{"@id":"http:\/\/denizcankizil.tr\/de\/haberler\/gundem\/baskan-bocekten-mecliste-gundem-yaratacak-cikis-bugune-kadar-cok-gunahimi-aldilar\/"},"wordCount":1067,"publisher":{"@id":"https:\/\/denizcankizil.tr\/de\/#organization"},"articleSection":["G\u00fcndem"],"inLanguage":"de"},{"@type":"WebPage","@id":"http:\/\/denizcankizil.tr\/de\/haberler\/gundem\/baskan-bocekten-mecliste-gundem-yaratacak-cikis-bugune-kadar-cok-gunahimi-aldilar\/","url":"http:\/\/denizcankizil.tr\/de\/haberler\/gundem\/baskan-bocekten-mecliste-gundem-yaratacak-cikis-bugune-kadar-cok-gunahimi-aldilar\/","name":"Ba\u015fkan B\u00f6cek\u2019ten mecliste g\u00fcndem yaratacak \u00e7\u0131k\u0131\u015f: Bug\u00fcne kadar \u00e7ok g\u00fcnah\u0131m\u0131 ald\u0131lar! - Av. Deniz Can K\u0131z\u0131l","isPartOf":{"@id":"https:\/\/denizcankizil.tr\/de\/#website"},"datePublished":"2025-06-16T13:41:20+00:00","breadcrumb":{"@id":"http:\/\/denizcankizil.tr\/de\/haberler\/gundem\/baskan-bocekten-mecliste-gundem-yaratacak-cikis-bugune-kadar-cok-gunahimi-aldilar\/#breadcrumb"},"inLanguage":"de","potentialAction":[{"@type":"ReadAction","target":["http:\/\/denizcankizil.tr\/de\/haberler\/gundem\/baskan-bocekten-mecliste-gundem-yaratacak-cikis-bugune-kadar-cok-gunahimi-aldilar\/"]}]},{"@type":"BreadcrumbList","@id":"http:\/\/denizcankizil.tr\/de\/haberler\/gundem\/baskan-bocekten-mecliste-gundem-yaratacak-cikis-bugune-kadar-cok-gunahimi-aldilar\/#breadcrumb","itemListElement":[{"@type":"ListItem","position":1,"name":"Home","item":"https:\/\/denizcankizil.tr\/de\/"},{"@type":"ListItem","position":2,"name":"Ba\u015fkan B\u00f6cek\u2019ten mecliste g\u00fcndem yaratacak \u00e7\u0131k\u0131\u015f: Bug\u00fcne kadar \u00e7ok g\u00fcnah\u0131m\u0131 ald\u0131lar!"}]},{"@type":"WebSite","@id":"https:\/\/denizcankizil.tr\/de\/#website","url":"https:\/\/denizcankizil.tr\/de\/","name":"Av. Deniz Can K\u0131z\u0131l","description":"Avukat Deniz Can K\u0131z\u0131l Antalya Barosu","publisher":{"@id":"https:\/\/denizcankizil.tr\/de\/#organization"},"potentialAction":[{"@type":"SearchAction","target":{"@type":"EntryPoint","urlTemplate":"https:\/\/denizcankizil.tr\/de\/?s={search_term_string}"},"query-input":{"@type":"PropertyValueSpecification","valueRequired":true,"valueName":"search_term_string"}}],"inLanguage":"de"},{"@type":"Organization","@id":"https:\/\/denizcankizil.tr\/de\/#organization","name":"Av. Deniz Can K\u0131z\u0131l","url":"https:\/\/denizcankizil.tr\/de\/","logo":{"@type":"ImageObject","inLanguage":"de","@id":"https:\/\/denizcankizil.tr\/de\/#\/schema\/logo\/image\/","url":"http:\/\/denizcankizil.tr\/wp-content\/uploads\/2024\/10\/siyah-logo-svg.svg","contentUrl":"http:\/\/denizcankizil.tr\/wp-content\/uploads\/2024\/10\/siyah-logo-svg.svg","width":1080,"height":1080,"caption":"Av. Deniz Can K\u0131z\u0131l"},"image":{"@id":"https:\/\/denizcankizil.tr\/de\/#\/schema\/logo\/image\/"}},{"@type":"Person","@id":"https:\/\/denizcankizil.tr\/de\/#\/schema\/person\/e1eb71bb4dd684d46563f0af307e1234","name":"Antalya K\u00f6rfez","image":{"@type":"ImageObject","inLanguage":"de","@id":"https:\/\/denizcankizil.tr\/de\/#\/schema\/person\/image\/","url":"https:\/\/secure.gravatar.com\/avatar\/42b01982558a48a0b501fdcab6a408d3717ea5919095ee2e67b0e521799c5905?s=96&d=mm&r=g","contentUrl":"https:\/\/secure.gravatar.com\/avatar\/42b01982558a48a0b501fdcab6a408d3717ea5919095ee2e67b0e521799c5905?s=96&d=mm&r=g","caption":"Antalya K\u00f6rfez"},"sameAs":["http:\/\/www.antalyakorfez.com"],"url":"https:\/\/www.antalyakorfez.com\/baskan-bocekten-mecliste-gundem-yaratacak-cikis-bugune-kadar-cok-gunahimi-aldilar"}]}},"_links":{"self":[{"href":"http:\/\/denizcankizil.tr\/de\/wp-json\/wp\/v2\/posts\/117692","targetHints":{"allow":["GET"]}}],"collection":[{"href":"http:\/\/denizcankizil.tr\/de\/wp-json\/wp\/v2\/posts"}],"about":[{"href":"http:\/\/denizcankizil.tr\/de\/wp-json\/wp\/v2\/types\/post"}],"author":[{"embeddable":true,"href":"http:\/\/denizcankizil.tr\/de\/wp-json\/wp\/v2\/users\/5"}],"replies":[{"embeddable":true,"href":"http:\/\/denizcankizil.tr\/de\/wp-json\/wp\/v2\/comments?post=117692"}],"version-history":[{"count":0,"href":"http:\/\/denizcankizil.tr\/de\/wp-json\/wp\/v2\/posts\/117692\/revisions"}],"wp:attachment":[{"href":"http:\/\/denizcankizil.tr\/de\/wp-json\/wp\/v2\/media?parent=117692"}],"wp:term":[{"taxonomy":"category","embeddable":true,"href":"http:\/\/denizcankizil.tr\/de\/wp-json\/wp\/v2\/categories?post=117692"},{"taxonomy":"post_tag","embeddable":true,"href":"http:\/\/denizcankizil.tr\/de\/wp-json\/wp\/v2\/tags?post=117692"}],"curies":[{"name":"wp","href":"https:\/\/api.w.org\/{rel}","templated":true}]}}