{"id":117637,"date":"2025-06-16T14:42:06","date_gmt":"2025-06-16T11:42:06","guid":{"rendered":"https:\/\/denizcankizil.tr\/uncategorized-tr\/kalp-krizi-degil-kirik-kalp-sendromu\/"},"modified":"2025-06-16T14:42:06","modified_gmt":"2025-06-16T11:42:06","slug":"kalp-krizi-degil-kirik-kalp-sendromu","status":"publish","type":"post","link":"http:\/\/denizcankizil.tr\/de\/haberler\/gundem\/kalp-krizi-degil-kirik-kalp-sendromu\/","title":{"rendered":"Kalp krizi de\u011fil, \u2018K\u0131r\u0131k Kalp Sendromu\u2019!"},"content":{"rendered":"<p>\u00dcsk\u00fcdar \u00dcniversitesi NP\u0130STANBUL Hastanesi Uzman Klinik Psikolog Cumali\u00a0Ayd\u0131n, yo\u011fun stres veya duygusal travmalar\u0131n tetikledi\u011fi ve kalp krizine benzer belirtilerle ortaya \u00e7\u0131kan \u2018k\u0131r\u0131k kalp sendromu\u2019 hakk\u0131nda bilgi verdi.<\/p>\n<p>\u200b\u00dcsk\u00fcdar \u00dcniversitesi NP\u0130STANBUL Hastanesi Uzman Klinik Psikolog Cumali\u00a0Ayd\u0131n, yo\u011fun stres veya duygusal travmalar\u0131n tetikledi\u011fi ve kalp krizine benzer belirtilerle ortaya \u00e7\u0131kan \u2018k\u0131r\u0131k kalp sendromu\u2019 hakk\u0131nda bilgi verdi.\u00a0<\/p>\n<p>\u200bHaberin Al\u0131nt\u0131land\u0131\u011f\u0131 Kaynak: www.iskenderun.org<\/p>","protected":false},"excerpt":{"rendered":"<p>\u00dcsk\u00fcdar \u00dcniversitesi NP\u0130STANBUL Hastanesi Uzman Klinik Psikolog Cumali\u00a0Ayd\u0131n, yo\u011fun stres veya duygusal travmalar\u0131n tetikledi\u011fi ve kalp krizine benzer belirtilerle ortaya \u00e7\u0131kan \u2018k\u0131r\u0131k kalp sendromu\u2019 hakk\u0131nda bilgi verdi. \u200b\u00dcsk\u00fcdar \u00dcniversitesi NP\u0130STANBUL Hastanesi Uzman Klinik Psikolog Cumali\u00a0Ayd\u0131n, yo\u011fun stres veya duygusal travmalar\u0131n tetikledi\u011fi ve kalp krizine benzer belirtilerle ortaya \u00e7\u0131kan \u2018k\u0131r\u0131k kalp sendromu\u2019 hakk\u0131nda bilgi verdi.\u00a0 \u200bHaberin Al\u0131nt\u0131land\u0131\u011f\u0131 Kaynak: www.iskenderun.org<\/p>","protected":false},"author":1,"featured_media":0,"comment_status":"","ping_status":"open","sticky":false,"template":"","format":"standard","meta":{"_acf_changed":false,"footnotes":""},"categories":[24],"tags":[],"class_list":["post-117637","post","type-post","status-publish","format-standard","has-post-thumbnail","hentry","category-gundem"],"acf":[],"yoast_head":"<!-- This site is optimized with the Yoast SEO Premium plugin v26.6 (Yoast SEO v27.1.1) - https:\/\/yoast.com\/product\/yoast-seo-premium-wordpress\/ -->\n<title>Kalp krizi de\u011fil, \u2018K\u0131r\u0131k Kalp Sendromu\u2019! - Av. Deniz Can K\u0131z\u0131l<\/title>\n<meta name=\"robots\" content=\"index, follow, max-snippet:-1, max-image-preview:large, max-video-preview:-1\" \/>\n<link rel=\"canonical\" href=\"http:\/\/denizcankizil.tr\/de\/haberler\/gundem\/kalp-krizi-degil-kirik-kalp-sendromu\/\" \/>\n<meta property=\"og:locale\" content=\"de_DE\" \/>\n<meta property=\"og:type\" content=\"article\" \/>\n<meta property=\"og:title\" content=\"Kalp krizi de\u011fil, \u2018K\u0131r\u0131k Kalp Sendromu\u2019!\" \/>\n<meta property=\"og:description\" content=\"\u00dcsk\u00fcdar \u00dcniversitesi NP\u0130STANBUL Hastanesi Uzman Klinik Psikolog Cumali\u00a0Ayd\u0131n, yo\u011fun stres veya duygusal travmalar\u0131n tetikledi\u011fi ve kalp krizine benzer belirtilerle ortaya \u00e7\u0131kan \u2018k\u0131r\u0131k kalp sendromu\u2019 hakk\u0131nda bilgi verdi. \u200b\u00dcsk\u00fcdar \u00dcniversitesi NP\u0130STANBUL Hastanesi Uzman Klinik Psikolog Cumali\u00a0Ayd\u0131n, yo\u011fun stres veya duygusal travmalar\u0131n tetikledi\u011fi ve kalp krizine benzer belirtilerle ortaya \u00e7\u0131kan \u2018k\u0131r\u0131k kalp sendromu\u2019 hakk\u0131nda bilgi verdi.\u00a0 \u200bHaberin Al\u0131nt\u0131land\u0131\u011f\u0131 Kaynak: www.iskenderun.org\" \/>\n<meta property=\"og:url\" content=\"http:\/\/denizcankizil.tr\/de\/haberler\/gundem\/kalp-krizi-degil-kirik-kalp-sendromu\/\" \/>\n<meta property=\"og:site_name\" content=\"Av. Deniz Can K\u0131z\u0131l\" \/>\n<meta property=\"article:published_time\" content=\"2025-06-16T11:42:06+00:00\" \/>\n<meta name=\"author\" content=\"admin\" \/>\n<meta name=\"twitter:card\" content=\"summary_large_image\" \/>\n<meta name=\"twitter:label1\" content=\"Verfasst von\" \/>\n\t<meta name=\"twitter:data1\" content=\"admin\" \/>\n<script type=\"application\/ld+json\" class=\"yoast-schema-graph\">{\"@context\":\"https:\/\/schema.org\",\"@graph\":[{\"@type\":\"Article\",\"@id\":\"http:\/\/denizcankizil.tr\/de\/haberler\/gundem\/kalp-krizi-degil-kirik-kalp-sendromu\/#article\",\"isPartOf\":{\"@id\":\"http:\/\/denizcankizil.tr\/de\/haberler\/gundem\/kalp-krizi-degil-kirik-kalp-sendromu\/\"},\"author\":{\"name\":\"admin\",\"@id\":\"https:\/\/denizcankizil.tr\/de\/#\/schema\/person\/be3c05fe6a12686905512445d8185489\"},\"headline\":\"Kalp krizi de\u011fil, \u2018K\u0131r\u0131k Kalp Sendromu\u2019!\",\"datePublished\":\"2025-06-16T11:42:06+00:00\",\"mainEntityOfPage\":{\"@id\":\"http:\/\/denizcankizil.tr\/de\/haberler\/gundem\/kalp-krizi-degil-kirik-kalp-sendromu\/\"},\"wordCount\":91,\"publisher\":{\"@id\":\"https:\/\/denizcankizil.tr\/de\/#organization\"},\"articleSection\":[\"G\u00fcndem\"],\"inLanguage\":\"de\"},{\"@type\":\"WebPage\",\"@id\":\"http:\/\/denizcankizil.tr\/de\/haberler\/gundem\/kalp-krizi-degil-kirik-kalp-sendromu\/\",\"url\":\"http:\/\/denizcankizil.tr\/de\/haberler\/gundem\/kalp-krizi-degil-kirik-kalp-sendromu\/\",\"name\":\"Kalp krizi de\u011fil, \u2018K\u0131r\u0131k Kalp Sendromu\u2019! - Av. Deniz Can K\u0131z\u0131l\",\"isPartOf\":{\"@id\":\"https:\/\/denizcankizil.tr\/de\/#website\"},\"datePublished\":\"2025-06-16T11:42:06+00:00\",\"breadcrumb\":{\"@id\":\"http:\/\/denizcankizil.tr\/de\/haberler\/gundem\/kalp-krizi-degil-kirik-kalp-sendromu\/#breadcrumb\"},\"inLanguage\":\"de\",\"potentialAction\":[{\"@type\":\"ReadAction\",\"target\":[\"http:\/\/denizcankizil.tr\/de\/haberler\/gundem\/kalp-krizi-degil-kirik-kalp-sendromu\/\"]}]},{\"@type\":\"BreadcrumbList\",\"@id\":\"http:\/\/denizcankizil.tr\/de\/haberler\/gundem\/kalp-krizi-degil-kirik-kalp-sendromu\/#breadcrumb\",\"itemListElement\":[{\"@type\":\"ListItem\",\"position\":1,\"name\":\"Home\",\"item\":\"https:\/\/denizcankizil.tr\/de\/\"},{\"@type\":\"ListItem\",\"position\":2,\"name\":\"Kalp krizi de\u011fil, \u2018K\u0131r\u0131k Kalp Sendromu\u2019!\"}]},{\"@type\":\"WebSite\",\"@id\":\"https:\/\/denizcankizil.tr\/de\/#website\",\"url\":\"https:\/\/denizcankizil.tr\/de\/\",\"name\":\"Av. Deniz Can K\u0131z\u0131l\",\"description\":\"Avukat Deniz Can K\u0131z\u0131l Antalya Barosu\",\"publisher\":{\"@id\":\"https:\/\/denizcankizil.tr\/de\/#organization\"},\"potentialAction\":[{\"@type\":\"SearchAction\",\"target\":{\"@type\":\"EntryPoint\",\"urlTemplate\":\"https:\/\/denizcankizil.tr\/de\/?s={search_term_string}\"},\"query-input\":{\"@type\":\"PropertyValueSpecification\",\"valueRequired\":true,\"valueName\":\"search_term_string\"}}],\"inLanguage\":\"de\"},{\"@type\":\"Organization\",\"@id\":\"https:\/\/denizcankizil.tr\/de\/#organization\",\"name\":\"Av. Deniz Can K\u0131z\u0131l\",\"url\":\"https:\/\/denizcankizil.tr\/de\/\",\"logo\":{\"@type\":\"ImageObject\",\"inLanguage\":\"de\",\"@id\":\"https:\/\/denizcankizil.tr\/de\/#\/schema\/logo\/image\/\",\"url\":\"http:\/\/denizcankizil.tr\/wp-content\/uploads\/2024\/10\/siyah-logo-svg.svg\",\"contentUrl\":\"http:\/\/denizcankizil.tr\/wp-content\/uploads\/2024\/10\/siyah-logo-svg.svg\",\"width\":1080,\"height\":1080,\"caption\":\"Av. Deniz Can K\u0131z\u0131l\"},\"image\":{\"@id\":\"https:\/\/denizcankizil.tr\/de\/#\/schema\/logo\/image\/\"}},{\"@type\":\"Person\",\"@id\":\"https:\/\/denizcankizil.tr\/de\/#\/schema\/person\/be3c05fe6a12686905512445d8185489\",\"name\":\"admin\",\"image\":{\"@type\":\"ImageObject\",\"inLanguage\":\"de\",\"@id\":\"https:\/\/denizcankizil.tr\/de\/#\/schema\/person\/image\/\",\"url\":\"https:\/\/secure.gravatar.com\/avatar\/c1fce94c830dc79107e174f890d7210541c4a63e8e5d816341794a2151c9d58c?s=96&d=mm&r=g\",\"contentUrl\":\"https:\/\/secure.gravatar.com\/avatar\/c1fce94c830dc79107e174f890d7210541c4a63e8e5d816341794a2151c9d58c?s=96&d=mm&r=g\",\"caption\":\"admin\"},\"sameAs\":[\"http:\/\/denizcankizil.tr\"],\"url\":\"https:\/\/www.iskenderun.org\/kalp-krizi-degil-kirik-kalp-sendromu\"}]}<\/script>\n<!-- \/ Yoast SEO Premium plugin. -->","yoast_head_json":{"title":"Kalp krizi de\u011fil, \u2018K\u0131r\u0131k Kalp Sendromu\u2019! - Av. Deniz Can K\u0131z\u0131l","robots":{"index":"index","follow":"follow","max-snippet":"max-snippet:-1","max-image-preview":"max-image-preview:large","max-video-preview":"max-video-preview:-1"},"canonical":"http:\/\/denizcankizil.tr\/de\/haberler\/gundem\/kalp-krizi-degil-kirik-kalp-sendromu\/","og_locale":"de_DE","og_type":"article","og_title":"Kalp krizi de\u011fil, \u2018K\u0131r\u0131k Kalp Sendromu\u2019!","og_description":"\u00dcsk\u00fcdar \u00dcniversitesi NP\u0130STANBUL Hastanesi Uzman Klinik Psikolog Cumali\u00a0Ayd\u0131n, yo\u011fun stres veya duygusal travmalar\u0131n tetikledi\u011fi ve kalp krizine benzer belirtilerle ortaya \u00e7\u0131kan \u2018k\u0131r\u0131k kalp sendromu\u2019 hakk\u0131nda bilgi verdi. \u200b\u00dcsk\u00fcdar \u00dcniversitesi NP\u0130STANBUL Hastanesi Uzman Klinik Psikolog Cumali\u00a0Ayd\u0131n, yo\u011fun stres veya duygusal travmalar\u0131n tetikledi\u011fi ve kalp krizine benzer belirtilerle ortaya \u00e7\u0131kan \u2018k\u0131r\u0131k kalp sendromu\u2019 hakk\u0131nda bilgi verdi.\u00a0 \u200bHaberin Al\u0131nt\u0131land\u0131\u011f\u0131 Kaynak: www.iskenderun.org","og_url":"http:\/\/denizcankizil.tr\/de\/haberler\/gundem\/kalp-krizi-degil-kirik-kalp-sendromu\/","og_site_name":"Av. Deniz Can K\u0131z\u0131l","article_published_time":"2025-06-16T11:42:06+00:00","author":"admin","twitter_card":"summary_large_image","twitter_misc":{"Verfasst von":"admin"},"schema":{"@context":"https:\/\/schema.org","@graph":[{"@type":"Article","@id":"http:\/\/denizcankizil.tr\/de\/haberler\/gundem\/kalp-krizi-degil-kirik-kalp-sendromu\/#article","isPartOf":{"@id":"http:\/\/denizcankizil.tr\/de\/haberler\/gundem\/kalp-krizi-degil-kirik-kalp-sendromu\/"},"author":{"name":"admin","@id":"https:\/\/denizcankizil.tr\/de\/#\/schema\/person\/be3c05fe6a12686905512445d8185489"},"headline":"Kalp krizi de\u011fil, \u2018K\u0131r\u0131k Kalp Sendromu\u2019!","datePublished":"2025-06-16T11:42:06+00:00","mainEntityOfPage":{"@id":"http:\/\/denizcankizil.tr\/de\/haberler\/gundem\/kalp-krizi-degil-kirik-kalp-sendromu\/"},"wordCount":91,"publisher":{"@id":"https:\/\/denizcankizil.tr\/de\/#organization"},"articleSection":["G\u00fcndem"],"inLanguage":"de"},{"@type":"WebPage","@id":"http:\/\/denizcankizil.tr\/de\/haberler\/gundem\/kalp-krizi-degil-kirik-kalp-sendromu\/","url":"http:\/\/denizcankizil.tr\/de\/haberler\/gundem\/kalp-krizi-degil-kirik-kalp-sendromu\/","name":"Kalp krizi de\u011fil, \u2018K\u0131r\u0131k Kalp Sendromu\u2019! - Av. Deniz Can K\u0131z\u0131l","isPartOf":{"@id":"https:\/\/denizcankizil.tr\/de\/#website"},"datePublished":"2025-06-16T11:42:06+00:00","breadcrumb":{"@id":"http:\/\/denizcankizil.tr\/de\/haberler\/gundem\/kalp-krizi-degil-kirik-kalp-sendromu\/#breadcrumb"},"inLanguage":"de","potentialAction":[{"@type":"ReadAction","target":["http:\/\/denizcankizil.tr\/de\/haberler\/gundem\/kalp-krizi-degil-kirik-kalp-sendromu\/"]}]},{"@type":"BreadcrumbList","@id":"http:\/\/denizcankizil.tr\/de\/haberler\/gundem\/kalp-krizi-degil-kirik-kalp-sendromu\/#breadcrumb","itemListElement":[{"@type":"ListItem","position":1,"name":"Home","item":"https:\/\/denizcankizil.tr\/de\/"},{"@type":"ListItem","position":2,"name":"Kalp krizi de\u011fil, \u2018K\u0131r\u0131k Kalp Sendromu\u2019!"}]},{"@type":"WebSite","@id":"https:\/\/denizcankizil.tr\/de\/#website","url":"https:\/\/denizcankizil.tr\/de\/","name":"Av. Deniz Can K\u0131z\u0131l","description":"Avukat Deniz Can K\u0131z\u0131l Antalya Barosu","publisher":{"@id":"https:\/\/denizcankizil.tr\/de\/#organization"},"potentialAction":[{"@type":"SearchAction","target":{"@type":"EntryPoint","urlTemplate":"https:\/\/denizcankizil.tr\/de\/?s={search_term_string}"},"query-input":{"@type":"PropertyValueSpecification","valueRequired":true,"valueName":"search_term_string"}}],"inLanguage":"de"},{"@type":"Organization","@id":"https:\/\/denizcankizil.tr\/de\/#organization","name":"Av. Deniz Can K\u0131z\u0131l","url":"https:\/\/denizcankizil.tr\/de\/","logo":{"@type":"ImageObject","inLanguage":"de","@id":"https:\/\/denizcankizil.tr\/de\/#\/schema\/logo\/image\/","url":"http:\/\/denizcankizil.tr\/wp-content\/uploads\/2024\/10\/siyah-logo-svg.svg","contentUrl":"http:\/\/denizcankizil.tr\/wp-content\/uploads\/2024\/10\/siyah-logo-svg.svg","width":1080,"height":1080,"caption":"Av. Deniz Can K\u0131z\u0131l"},"image":{"@id":"https:\/\/denizcankizil.tr\/de\/#\/schema\/logo\/image\/"}},{"@type":"Person","@id":"https:\/\/denizcankizil.tr\/de\/#\/schema\/person\/be3c05fe6a12686905512445d8185489","name":"Administrator","image":{"@type":"ImageObject","inLanguage":"de","@id":"https:\/\/denizcankizil.tr\/de\/#\/schema\/person\/image\/","url":"https:\/\/secure.gravatar.com\/avatar\/c1fce94c830dc79107e174f890d7210541c4a63e8e5d816341794a2151c9d58c?s=96&d=mm&r=g","contentUrl":"https:\/\/secure.gravatar.com\/avatar\/c1fce94c830dc79107e174f890d7210541c4a63e8e5d816341794a2151c9d58c?s=96&d=mm&r=g","caption":"admin"},"sameAs":["http:\/\/denizcankizil.tr"],"url":"https:\/\/www.iskenderun.org\/kalp-krizi-degil-kirik-kalp-sendromu"}]}},"_links":{"self":[{"href":"http:\/\/denizcankizil.tr\/de\/wp-json\/wp\/v2\/posts\/117637","targetHints":{"allow":["GET"]}}],"collection":[{"href":"http:\/\/denizcankizil.tr\/de\/wp-json\/wp\/v2\/posts"}],"about":[{"href":"http:\/\/denizcankizil.tr\/de\/wp-json\/wp\/v2\/types\/post"}],"author":[{"embeddable":true,"href":"http:\/\/denizcankizil.tr\/de\/wp-json\/wp\/v2\/users\/1"}],"replies":[{"embeddable":true,"href":"http:\/\/denizcankizil.tr\/de\/wp-json\/wp\/v2\/comments?post=117637"}],"version-history":[{"count":0,"href":"http:\/\/denizcankizil.tr\/de\/wp-json\/wp\/v2\/posts\/117637\/revisions"}],"wp:attachment":[{"href":"http:\/\/denizcankizil.tr\/de\/wp-json\/wp\/v2\/media?parent=117637"}],"wp:term":[{"taxonomy":"category","embeddable":true,"href":"http:\/\/denizcankizil.tr\/de\/wp-json\/wp\/v2\/categories?post=117637"},{"taxonomy":"post_tag","embeddable":true,"href":"http:\/\/denizcankizil.tr\/de\/wp-json\/wp\/v2\/tags?post=117637"}],"curies":[{"name":"wp","href":"https:\/\/api.w.org\/{rel}","templated":true}]}}