{"id":116929,"date":"2025-06-15T15:41:16","date_gmt":"2025-06-15T12:41:16","guid":{"rendered":"https:\/\/denizcankizil.tr\/uncategorized-tr\/turizmde-skandal-istismara-izin-yok-o-goruntulerin-ardindan-gozaltina-alindi\/"},"modified":"2025-06-15T15:41:16","modified_gmt":"2025-06-15T12:41:16","slug":"turizmde-skandal-istismara-izin-yok-o-goruntulerin-ardindan-gozaltina-alindi","status":"publish","type":"post","link":"http:\/\/denizcankizil.tr\/de\/haberler\/gundem\/turizmde-skandal-istismara-izin-yok-o-goruntulerin-ardindan-gozaltina-alindi\/","title":{"rendered":"Turizmde skandal istismara izin yok! O g\u00f6r\u00fcnt\u00fclerin ard\u0131ndan g\u00f6zalt\u0131na al\u0131nd\u0131"},"content":{"rendered":"<p>T\u00fcrkiye, 2025 y\u0131l\u0131nda turizmde tarihi bir ba\u015far\u0131ya imza att\u0131. Y\u0131l boyunca ger\u00e7ekle\u015fen y\u0131lba\u015f\u0131, s\u00f6mestir ve Ramazan Bayram\u0131 gibi tatil d\u00f6nemlerinde ya\u015fanan yo\u011funluk, turizmcileri memnun etti. Erken rezervasyonlardaki art\u0131\u015fla birlikte yaz sezonunun da olduk\u00e7a hareketli ge\u00e7mesi bekleniyor. Turizmde ba\u015far\u0131dan ba\u015far\u0131ya ko\u015fulurken sekt\u00f6rde \u00e7al\u0131\u015fan bir ki\u015finin payla\u015f\u0131mlar\u0131 b\u00fcy\u00fck tepki \u00e7ekti.<\/p>\n<p>TUR\u0130ZM \u0130ST\u0130SMARINA TEPK\u0130<\/p>\n<p>Antalya K\u00f6rfez Gazetesi muhabiri Ertu\u011frul G\u00fcn&#8217;\u00fcn haberine g\u00f6re, T\u00fcrkiye, turizmde ge\u00e7en y\u0131l\u0131 62,3 milyon ziyaret\u00e7i ve 61,1 milyar dolar gelirle kapatarak t\u00fcm zamanlar\u0131n rekorunu k\u0131rd\u0131. Ancak elde edilen bu b\u00fcy\u00fck ba\u015far\u0131, sosyal medyada yay\u0131lan baz\u0131 etik d\u0131\u015f\u0131 i\u00e7eriklerle g\u00f6lgelenmeye ba\u015flad\u0131. Son g\u00fcnlerde sosyal medya platformu YouTube\u2019da yay\u0131n yapan bir i\u00e7erik \u00fcreticisinin payla\u015ft\u0131\u011f\u0131 g\u00f6r\u00fcnt\u00fcler, turizm camias\u0131nda ve kamuoyunda b\u00fcy\u00fck tepki toplam\u0131\u015ft\u0131.<\/p>\n<p>[related-posts id=&#8221;18101829&#8243; color=&#8221;bg-warning&#8221;][\/related-posts]<\/p>\n<p>ET\u0130K SINIRLAR H\u0130\u00c7E SAYILDI<\/p>\n<p>S\u00f6z konusu ki\u015finin, turistik b\u00f6lgelerde kad\u0131n ve \u00e7ocuk turistleri izinsiz bir \u015fekilde g\u00f6r\u00fcnt\u00fcleyerek videolar haz\u0131rlad\u0131\u011f\u0131 ve bu videolarda kad\u0131nlar\u0131n mahrem b\u00f6lgelerini kapak foto\u011fraf\u0131 olarak kulland\u0131\u011f\u0131 ortaya \u00e7\u0131kt\u0131. Bu t\u00fcr i\u00e7eriklerle dikkat \u00e7eken ve milyonlarca aboneye ula\u015fan i\u00e7erik \u00fcreticisinin, izlenme u\u011fruna etik s\u0131n\u0131rlar\u0131 hi\u00e7e sayd\u0131\u011f\u0131 g\u00f6r\u00fclm\u00fc\u015ft\u00fc. Antalya\u2019da K\u00f6rfez Gazetesinin bir s\u00fcre \u00f6nce \u201cTurizmde skandal istismar\u201d ba\u015fl\u0131kl\u0131 haberi ile g\u00fcndeme getirdi\u011fi sosyal medya kullan\u0131c\u0131s\u0131 Mu\u011fla\u2019da g\u00f6zalt\u0131na al\u0131nd\u0131.<\/p>\n<p>MARMAR\u0130S\u2019TE YAKALANDI<\/p>\n<p>Tatil yapan kad\u0131nlar\u0131n ve k\u0131z \u00e7ocuklar\u0131n\u0131n \u00f6zel b\u00f6lgelerinin g\u00f6r\u00fcnt\u00fclerini izinsiz \u015fekilde \u00e7ekip YouTube \u00fczerinden payla\u015fan \u015f\u00fcphelinin Marmaris\u2019te oldu\u011fu tespit edildi. Mu\u011fla Cumhuriyet Ba\u015fsavc\u0131l\u0131\u011f\u0131n\u0131n talimat\u0131yla, Marmaris Cumhuriyet Ba\u015fsavc\u0131l\u0131\u011f\u0131 taraf\u0131ndan ba\u015flat\u0131lan soru\u015fturma kapsam\u0131nda 4 milyon aboneye ve 1.6 milyar izlenmeye ula\u015fan kanal\u0131n sahibi oldu\u011fu belirlenen \u015f\u00fcpheli B. K. Marmaris\u2019te yakaland\u0131.<\/p>\n<p>\u00dcLKEM\u0130Z ADINA \u00dcZ\u00dcC\u00dc<\/p>\n<p>T\u00fcrkiye Seyahat Acentalar\u0131 Birli\u011fi (T\u00dcRSAB) Ba\u015fkan Ba\u015fdan\u0131\u015fman\u0131 Hamit Kuk, bu durumu \u201cutan\u00e7 verici\u201d olarak nitelendirmi\u015fti. Kuk, yapt\u0131\u011f\u0131 a\u00e7\u0131klamada, \u201cBu g\u00f6r\u00fcnt\u00fcleri kabul etmek m\u00fcmk\u00fcn de\u011fil. \u00d6zellikle kad\u0131nlar\u0131n mahremiyetinin hi\u00e7e say\u0131ld\u0131\u011f\u0131n\u0131 g\u00f6r\u00fcyoruz. Bu g\u00f6r\u00fcnt\u00fclerin \u00e7ekilmesinden bu kad\u0131nlar\u0131n haberi var m\u0131? Turizmde hedeflerimize do\u011fru ilerlerken bu t\u00fcr etik d\u0131\u015f\u0131 olaylarla u\u011fra\u015fmak \u00fclkemiz ad\u0131na \u00fcz\u00fcc\u00fc. Bu t\u00fcr hesaplar\u0131n mutlaka \u015fik\u00e2yet edilmesi gerekir. Ortada a\u00e7\u0131k bir te\u015fhir ve gayriahlaki bir durum var.\u201d ifadelerini kullanm\u0131\u015ft\u0131.<\/p>\n<p>\u200bAntalya\u2019da K\u00f6rfez gazetesinin bir s\u00fcre \u00f6nce \u201cTurizmde skandal istismar\u201d ba\u015fl\u0131kl\u0131 haberi ile g\u00fcndeme getirdi\u011fi sosyal medya kullan\u0131c\u0131s\u0131 Mu\u011fla\u2019da g\u00f6zalt\u0131na al\u0131nd\u0131. Tatil yapan kad\u0131nlar\u0131n ve k\u0131z \u00e7ocuklar\u0131n\u0131n \u00f6zel b\u00f6lgelerinin g\u00f6r\u00fcnt\u00fclerini izinsiz \u015fekilde \u00e7ekip YouTube \u00fczerinden payla\u015fan \u015f\u00fcpheli b\u00fcy\u00fck tepki \u00e7ekmi\u015fti.\u00a0<\/p>\n<p>\u200bHaberin Al\u0131nt\u0131land\u0131\u011f\u0131 Kaynak: www.antalyakorfez.com<\/p>","protected":false},"excerpt":{"rendered":"<p>T\u00fcrkiye, 2025 y\u0131l\u0131nda turizmde tarihi bir ba\u015far\u0131ya imza att\u0131. Y\u0131l boyunca ger\u00e7ekle\u015fen y\u0131lba\u015f\u0131, s\u00f6mestir ve Ramazan Bayram\u0131 gibi tatil d\u00f6nemlerinde ya\u015fanan yo\u011funluk, turizmcileri memnun etti. Erken rezervasyonlardaki art\u0131\u015fla birlikte yaz sezonunun da olduk\u00e7a hareketli ge\u00e7mesi bekleniyor. Turizmde ba\u015far\u0131dan ba\u015far\u0131ya ko\u015fulurken sekt\u00f6rde \u00e7al\u0131\u015fan bir ki\u015finin payla\u015f\u0131mlar\u0131 b\u00fcy\u00fck tepki \u00e7ekti. TUR\u0130ZM \u0130ST\u0130SMARINA TEPK\u0130 Antalya K\u00f6rfez Gazetesi muhabiri Ertu\u011frul G\u00fcn&#8217;\u00fcn haberine g\u00f6re, T\u00fcrkiye, turizmde ge\u00e7en y\u0131l\u0131 62,3 milyon ziyaret\u00e7i ve 61,1 milyar dolar gelirle kapatarak t\u00fcm zamanlar\u0131n rekorunu k\u0131rd\u0131. Ancak elde edilen bu b\u00fcy\u00fck ba\u015far\u0131, sosyal medyada yay\u0131lan baz\u0131 etik d\u0131\u015f\u0131 i\u00e7eriklerle g\u00f6lgelenmeye ba\u015flad\u0131. Son g\u00fcnlerde sosyal medya platformu YouTube\u2019da yay\u0131n yapan bir i\u00e7erik \u00fcreticisinin payla\u015ft\u0131\u011f\u0131 g\u00f6r\u00fcnt\u00fcler, turizm camias\u0131nda ve kamuoyunda b\u00fcy\u00fck tepki toplam\u0131\u015ft\u0131. [related-posts id=&#8221;18101829&#8243; color=&#8221;bg-warning&#8221;][\/related-posts] ET\u0130K SINIRLAR H\u0130\u00c7E SAYILDI S\u00f6z konusu ki\u015finin, turistik b\u00f6lgelerde kad\u0131n ve \u00e7ocuk turistleri izinsiz bir \u015fekilde g\u00f6r\u00fcnt\u00fcleyerek videolar haz\u0131rlad\u0131\u011f\u0131 ve bu videolarda kad\u0131nlar\u0131n mahrem b\u00f6lgelerini kapak foto\u011fraf\u0131 olarak kulland\u0131\u011f\u0131 ortaya \u00e7\u0131kt\u0131. Bu t\u00fcr i\u00e7eriklerle dikkat \u00e7eken ve milyonlarca aboneye ula\u015fan i\u00e7erik \u00fcreticisinin, izlenme u\u011fruna etik s\u0131n\u0131rlar\u0131 hi\u00e7e sayd\u0131\u011f\u0131 g\u00f6r\u00fclm\u00fc\u015ft\u00fc. Antalya\u2019da K\u00f6rfez Gazetesinin bir s\u00fcre \u00f6nce \u201cTurizmde skandal istismar\u201d ba\u015fl\u0131kl\u0131 haberi ile g\u00fcndeme getirdi\u011fi sosyal medya kullan\u0131c\u0131s\u0131 Mu\u011fla\u2019da g\u00f6zalt\u0131na al\u0131nd\u0131. MARMAR\u0130S\u2019TE YAKALANDI Tatil yapan kad\u0131nlar\u0131n ve k\u0131z \u00e7ocuklar\u0131n\u0131n \u00f6zel b\u00f6lgelerinin g\u00f6r\u00fcnt\u00fclerini izinsiz \u015fekilde \u00e7ekip YouTube \u00fczerinden payla\u015fan &hellip;<\/p>\n","protected":false},"author":5,"featured_media":0,"comment_status":"","ping_status":"open","sticky":false,"template":"","format":"standard","meta":{"_acf_changed":false,"footnotes":""},"categories":[24],"tags":[],"class_list":["post-116929","post","type-post","status-publish","format-standard","has-post-thumbnail","hentry","category-gundem"],"acf":[],"yoast_head":"<!-- This site is optimized with the Yoast SEO Premium plugin v26.6 (Yoast SEO v27.1.1) - https:\/\/yoast.com\/product\/yoast-seo-premium-wordpress\/ -->\n<title>Turizmde skandal istismara izin yok! O g\u00f6r\u00fcnt\u00fclerin ard\u0131ndan g\u00f6zalt\u0131na al\u0131nd\u0131 - Av. Deniz Can K\u0131z\u0131l<\/title>\n<meta name=\"robots\" content=\"index, follow, max-snippet:-1, max-image-preview:large, max-video-preview:-1\" \/>\n<link rel=\"canonical\" href=\"http:\/\/denizcankizil.tr\/de\/haberler\/gundem\/turizmde-skandal-istismara-izin-yok-o-goruntulerin-ardindan-gozaltina-alindi\/\" \/>\n<meta property=\"og:locale\" content=\"de_DE\" \/>\n<meta property=\"og:type\" content=\"article\" \/>\n<meta property=\"og:title\" content=\"Turizmde skandal istismara izin yok! O g\u00f6r\u00fcnt\u00fclerin ard\u0131ndan g\u00f6zalt\u0131na al\u0131nd\u0131\" \/>\n<meta property=\"og:description\" content=\"T\u00fcrkiye, 2025 y\u0131l\u0131nda turizmde tarihi bir ba\u015far\u0131ya imza att\u0131. Y\u0131l boyunca ger\u00e7ekle\u015fen y\u0131lba\u015f\u0131, s\u00f6mestir ve Ramazan Bayram\u0131 gibi tatil d\u00f6nemlerinde ya\u015fanan yo\u011funluk, turizmcileri memnun etti. Erken rezervasyonlardaki art\u0131\u015fla birlikte yaz sezonunun da olduk\u00e7a hareketli ge\u00e7mesi bekleniyor. Turizmde ba\u015far\u0131dan ba\u015far\u0131ya ko\u015fulurken sekt\u00f6rde \u00e7al\u0131\u015fan bir ki\u015finin payla\u015f\u0131mlar\u0131 b\u00fcy\u00fck tepki \u00e7ekti. TUR\u0130ZM \u0130ST\u0130SMARINA TEPK\u0130 Antalya K\u00f6rfez Gazetesi muhabiri Ertu\u011frul G\u00fcn&#8217;\u00fcn haberine g\u00f6re, T\u00fcrkiye, turizmde ge\u00e7en y\u0131l\u0131 62,3 milyon ziyaret\u00e7i ve 61,1 milyar dolar gelirle kapatarak t\u00fcm zamanlar\u0131n rekorunu k\u0131rd\u0131. Ancak elde edilen bu b\u00fcy\u00fck ba\u015far\u0131, sosyal medyada yay\u0131lan baz\u0131 etik d\u0131\u015f\u0131 i\u00e7eriklerle g\u00f6lgelenmeye ba\u015flad\u0131. Son g\u00fcnlerde sosyal medya platformu YouTube\u2019da yay\u0131n yapan bir i\u00e7erik \u00fcreticisinin payla\u015ft\u0131\u011f\u0131 g\u00f6r\u00fcnt\u00fcler, turizm camias\u0131nda ve kamuoyunda b\u00fcy\u00fck tepki toplam\u0131\u015ft\u0131. [related-posts id=&#8221;18101829&#8243; color=&#8221;bg-warning&#8221;][\/related-posts] ET\u0130K SINIRLAR H\u0130\u00c7E SAYILDI S\u00f6z konusu ki\u015finin, turistik b\u00f6lgelerde kad\u0131n ve \u00e7ocuk turistleri izinsiz bir \u015fekilde g\u00f6r\u00fcnt\u00fcleyerek videolar haz\u0131rlad\u0131\u011f\u0131 ve bu videolarda kad\u0131nlar\u0131n mahrem b\u00f6lgelerini kapak foto\u011fraf\u0131 olarak kulland\u0131\u011f\u0131 ortaya \u00e7\u0131kt\u0131. Bu t\u00fcr i\u00e7eriklerle dikkat \u00e7eken ve milyonlarca aboneye ula\u015fan i\u00e7erik \u00fcreticisinin, izlenme u\u011fruna etik s\u0131n\u0131rlar\u0131 hi\u00e7e sayd\u0131\u011f\u0131 g\u00f6r\u00fclm\u00fc\u015ft\u00fc. Antalya\u2019da K\u00f6rfez Gazetesinin bir s\u00fcre \u00f6nce \u201cTurizmde skandal istismar\u201d ba\u015fl\u0131kl\u0131 haberi ile g\u00fcndeme getirdi\u011fi sosyal medya kullan\u0131c\u0131s\u0131 Mu\u011fla\u2019da g\u00f6zalt\u0131na al\u0131nd\u0131. MARMAR\u0130S\u2019TE YAKALANDI Tatil yapan kad\u0131nlar\u0131n ve k\u0131z \u00e7ocuklar\u0131n\u0131n \u00f6zel b\u00f6lgelerinin g\u00f6r\u00fcnt\u00fclerini izinsiz \u015fekilde \u00e7ekip YouTube \u00fczerinden payla\u015fan &hellip;\" \/>\n<meta property=\"og:url\" content=\"http:\/\/denizcankizil.tr\/de\/haberler\/gundem\/turizmde-skandal-istismara-izin-yok-o-goruntulerin-ardindan-gozaltina-alindi\/\" \/>\n<meta property=\"og:site_name\" content=\"Av. Deniz Can K\u0131z\u0131l\" \/>\n<meta property=\"article:published_time\" content=\"2025-06-15T12:41:16+00:00\" \/>\n<meta name=\"author\" content=\"Antalya K\u00f6rfez\" \/>\n<meta name=\"twitter:card\" content=\"summary_large_image\" \/>\n<meta name=\"twitter:label1\" content=\"Verfasst von\" \/>\n\t<meta name=\"twitter:data1\" content=\"Antalya K\u00f6rfez\" \/>\n\t<meta name=\"twitter:label2\" content=\"Gesch\u00e4tzte Lesezeit\" \/>\n\t<meta name=\"twitter:data2\" content=\"3\u00a0Minuten\" \/>\n<script type=\"application\/ld+json\" class=\"yoast-schema-graph\">{\"@context\":\"https:\/\/schema.org\",\"@graph\":[{\"@type\":\"Article\",\"@id\":\"http:\/\/denizcankizil.tr\/uk\/haberler\/gundem\/turizmde-skandal-istismara-izin-yok-o-goruntulerin-ardindan-gozaltina-alindi\/#article\",\"isPartOf\":{\"@id\":\"http:\/\/denizcankizil.tr\/uk\/haberler\/gundem\/turizmde-skandal-istismara-izin-yok-o-goruntulerin-ardindan-gozaltina-alindi\/\"},\"author\":{\"name\":\"Antalya K\u00f6rfez\",\"@id\":\"https:\/\/denizcankizil.tr\/de\/#\/schema\/person\/e1eb71bb4dd684d46563f0af307e1234\"},\"headline\":\"Turizmde skandal istismara izin yok! O g\u00f6r\u00fcnt\u00fclerin ard\u0131ndan g\u00f6zalt\u0131na al\u0131nd\u0131\",\"datePublished\":\"2025-06-15T12:41:16+00:00\",\"mainEntityOfPage\":{\"@id\":\"http:\/\/denizcankizil.tr\/uk\/haberler\/gundem\/turizmde-skandal-istismara-izin-yok-o-goruntulerin-ardindan-gozaltina-alindi\/\"},\"wordCount\":563,\"publisher\":{\"@id\":\"https:\/\/denizcankizil.tr\/de\/#organization\"},\"articleSection\":[\"G\u00fcndem\"],\"inLanguage\":\"de\"},{\"@type\":\"WebPage\",\"@id\":\"http:\/\/denizcankizil.tr\/uk\/haberler\/gundem\/turizmde-skandal-istismara-izin-yok-o-goruntulerin-ardindan-gozaltina-alindi\/\",\"url\":\"http:\/\/denizcankizil.tr\/uk\/haberler\/gundem\/turizmde-skandal-istismara-izin-yok-o-goruntulerin-ardindan-gozaltina-alindi\/\",\"name\":\"Turizmde skandal istismara izin yok! O g\u00f6r\u00fcnt\u00fclerin ard\u0131ndan g\u00f6zalt\u0131na al\u0131nd\u0131 - Av. Deniz Can K\u0131z\u0131l\",\"isPartOf\":{\"@id\":\"https:\/\/denizcankizil.tr\/de\/#website\"},\"datePublished\":\"2025-06-15T12:41:16+00:00\",\"breadcrumb\":{\"@id\":\"http:\/\/denizcankizil.tr\/uk\/haberler\/gundem\/turizmde-skandal-istismara-izin-yok-o-goruntulerin-ardindan-gozaltina-alindi\/#breadcrumb\"},\"inLanguage\":\"de\",\"potentialAction\":[{\"@type\":\"ReadAction\",\"target\":[\"http:\/\/denizcankizil.tr\/uk\/haberler\/gundem\/turizmde-skandal-istismara-izin-yok-o-goruntulerin-ardindan-gozaltina-alindi\/\"]}]},{\"@type\":\"BreadcrumbList\",\"@id\":\"http:\/\/denizcankizil.tr\/uk\/haberler\/gundem\/turizmde-skandal-istismara-izin-yok-o-goruntulerin-ardindan-gozaltina-alindi\/#breadcrumb\",\"itemListElement\":[{\"@type\":\"ListItem\",\"position\":1,\"name\":\"Home\",\"item\":\"https:\/\/denizcankizil.tr\/de\/\"},{\"@type\":\"ListItem\",\"position\":2,\"name\":\"Turizmde skandal istismara izin yok! O g\u00f6r\u00fcnt\u00fclerin ard\u0131ndan g\u00f6zalt\u0131na al\u0131nd\u0131\"}]},{\"@type\":\"WebSite\",\"@id\":\"https:\/\/denizcankizil.tr\/de\/#website\",\"url\":\"https:\/\/denizcankizil.tr\/de\/\",\"name\":\"Av. Deniz Can K\u0131z\u0131l\",\"description\":\"Avukat Deniz Can K\u0131z\u0131l Antalya Barosu\",\"publisher\":{\"@id\":\"https:\/\/denizcankizil.tr\/de\/#organization\"},\"potentialAction\":[{\"@type\":\"SearchAction\",\"target\":{\"@type\":\"EntryPoint\",\"urlTemplate\":\"https:\/\/denizcankizil.tr\/de\/?s={search_term_string}\"},\"query-input\":{\"@type\":\"PropertyValueSpecification\",\"valueRequired\":true,\"valueName\":\"search_term_string\"}}],\"inLanguage\":\"de\"},{\"@type\":\"Organization\",\"@id\":\"https:\/\/denizcankizil.tr\/de\/#organization\",\"name\":\"Av. Deniz Can K\u0131z\u0131l\",\"url\":\"https:\/\/denizcankizil.tr\/de\/\",\"logo\":{\"@type\":\"ImageObject\",\"inLanguage\":\"de\",\"@id\":\"https:\/\/denizcankizil.tr\/de\/#\/schema\/logo\/image\/\",\"url\":\"http:\/\/denizcankizil.tr\/wp-content\/uploads\/2024\/10\/siyah-logo-svg.svg\",\"contentUrl\":\"http:\/\/denizcankizil.tr\/wp-content\/uploads\/2024\/10\/siyah-logo-svg.svg\",\"width\":1080,\"height\":1080,\"caption\":\"Av. Deniz Can K\u0131z\u0131l\"},\"image\":{\"@id\":\"https:\/\/denizcankizil.tr\/de\/#\/schema\/logo\/image\/\"}},{\"@type\":\"Person\",\"@id\":\"https:\/\/denizcankizil.tr\/de\/#\/schema\/person\/e1eb71bb4dd684d46563f0af307e1234\",\"name\":\"Antalya K\u00f6rfez\",\"image\":{\"@type\":\"ImageObject\",\"inLanguage\":\"de\",\"@id\":\"https:\/\/denizcankizil.tr\/de\/#\/schema\/person\/image\/\",\"url\":\"https:\/\/secure.gravatar.com\/avatar\/42b01982558a48a0b501fdcab6a408d3717ea5919095ee2e67b0e521799c5905?s=96&d=mm&r=g\",\"contentUrl\":\"https:\/\/secure.gravatar.com\/avatar\/42b01982558a48a0b501fdcab6a408d3717ea5919095ee2e67b0e521799c5905?s=96&d=mm&r=g\",\"caption\":\"Antalya K\u00f6rfez\"},\"sameAs\":[\"http:\/\/www.antalyakorfez.com\"],\"url\":\"https:\/\/www.antalyakorfez.com\/turizmde-skandal-istismara-izin-yok-polis-o-goruntulerin-ardindan-gozaltina-aldi\"}]}<\/script>\n<!-- \/ Yoast SEO Premium plugin. -->","yoast_head_json":{"title":"Turizmde skandal istismara izin yok! O g\u00f6r\u00fcnt\u00fclerin ard\u0131ndan g\u00f6zalt\u0131na al\u0131nd\u0131 - Av. Deniz Can K\u0131z\u0131l","robots":{"index":"index","follow":"follow","max-snippet":"max-snippet:-1","max-image-preview":"max-image-preview:large","max-video-preview":"max-video-preview:-1"},"canonical":"http:\/\/denizcankizil.tr\/de\/haberler\/gundem\/turizmde-skandal-istismara-izin-yok-o-goruntulerin-ardindan-gozaltina-alindi\/","og_locale":"de_DE","og_type":"article","og_title":"Turizmde skandal istismara izin yok! O g\u00f6r\u00fcnt\u00fclerin ard\u0131ndan g\u00f6zalt\u0131na al\u0131nd\u0131","og_description":"T\u00fcrkiye, 2025 y\u0131l\u0131nda turizmde tarihi bir ba\u015far\u0131ya imza att\u0131. Y\u0131l boyunca ger\u00e7ekle\u015fen y\u0131lba\u015f\u0131, s\u00f6mestir ve Ramazan Bayram\u0131 gibi tatil d\u00f6nemlerinde ya\u015fanan yo\u011funluk, turizmcileri memnun etti. Erken rezervasyonlardaki art\u0131\u015fla birlikte yaz sezonunun da olduk\u00e7a hareketli ge\u00e7mesi bekleniyor. Turizmde ba\u015far\u0131dan ba\u015far\u0131ya ko\u015fulurken sekt\u00f6rde \u00e7al\u0131\u015fan bir ki\u015finin payla\u015f\u0131mlar\u0131 b\u00fcy\u00fck tepki \u00e7ekti. TUR\u0130ZM \u0130ST\u0130SMARINA TEPK\u0130 Antalya K\u00f6rfez Gazetesi muhabiri Ertu\u011frul G\u00fcn&#8217;\u00fcn haberine g\u00f6re, T\u00fcrkiye, turizmde ge\u00e7en y\u0131l\u0131 62,3 milyon ziyaret\u00e7i ve 61,1 milyar dolar gelirle kapatarak t\u00fcm zamanlar\u0131n rekorunu k\u0131rd\u0131. Ancak elde edilen bu b\u00fcy\u00fck ba\u015far\u0131, sosyal medyada yay\u0131lan baz\u0131 etik d\u0131\u015f\u0131 i\u00e7eriklerle g\u00f6lgelenmeye ba\u015flad\u0131. Son g\u00fcnlerde sosyal medya platformu YouTube\u2019da yay\u0131n yapan bir i\u00e7erik \u00fcreticisinin payla\u015ft\u0131\u011f\u0131 g\u00f6r\u00fcnt\u00fcler, turizm camias\u0131nda ve kamuoyunda b\u00fcy\u00fck tepki toplam\u0131\u015ft\u0131. [related-posts id=&#8221;18101829&#8243; color=&#8221;bg-warning&#8221;][\/related-posts] ET\u0130K SINIRLAR H\u0130\u00c7E SAYILDI S\u00f6z konusu ki\u015finin, turistik b\u00f6lgelerde kad\u0131n ve \u00e7ocuk turistleri izinsiz bir \u015fekilde g\u00f6r\u00fcnt\u00fcleyerek videolar haz\u0131rlad\u0131\u011f\u0131 ve bu videolarda kad\u0131nlar\u0131n mahrem b\u00f6lgelerini kapak foto\u011fraf\u0131 olarak kulland\u0131\u011f\u0131 ortaya \u00e7\u0131kt\u0131. Bu t\u00fcr i\u00e7eriklerle dikkat \u00e7eken ve milyonlarca aboneye ula\u015fan i\u00e7erik \u00fcreticisinin, izlenme u\u011fruna etik s\u0131n\u0131rlar\u0131 hi\u00e7e sayd\u0131\u011f\u0131 g\u00f6r\u00fclm\u00fc\u015ft\u00fc. Antalya\u2019da K\u00f6rfez Gazetesinin bir s\u00fcre \u00f6nce \u201cTurizmde skandal istismar\u201d ba\u015fl\u0131kl\u0131 haberi ile g\u00fcndeme getirdi\u011fi sosyal medya kullan\u0131c\u0131s\u0131 Mu\u011fla\u2019da g\u00f6zalt\u0131na al\u0131nd\u0131. MARMAR\u0130S\u2019TE YAKALANDI Tatil yapan kad\u0131nlar\u0131n ve k\u0131z \u00e7ocuklar\u0131n\u0131n \u00f6zel b\u00f6lgelerinin g\u00f6r\u00fcnt\u00fclerini izinsiz \u015fekilde \u00e7ekip YouTube \u00fczerinden payla\u015fan &hellip;","og_url":"http:\/\/denizcankizil.tr\/de\/haberler\/gundem\/turizmde-skandal-istismara-izin-yok-o-goruntulerin-ardindan-gozaltina-alindi\/","og_site_name":"Av. Deniz Can K\u0131z\u0131l","article_published_time":"2025-06-15T12:41:16+00:00","author":"Antalya K\u00f6rfez","twitter_card":"summary_large_image","twitter_misc":{"Verfasst von":"Antalya K\u00f6rfez","Gesch\u00e4tzte Lesezeit":"3\u00a0Minuten"},"schema":{"@context":"https:\/\/schema.org","@graph":[{"@type":"Article","@id":"http:\/\/denizcankizil.tr\/uk\/haberler\/gundem\/turizmde-skandal-istismara-izin-yok-o-goruntulerin-ardindan-gozaltina-alindi\/#article","isPartOf":{"@id":"http:\/\/denizcankizil.tr\/uk\/haberler\/gundem\/turizmde-skandal-istismara-izin-yok-o-goruntulerin-ardindan-gozaltina-alindi\/"},"author":{"name":"Antalya K\u00f6rfez","@id":"https:\/\/denizcankizil.tr\/de\/#\/schema\/person\/e1eb71bb4dd684d46563f0af307e1234"},"headline":"Turizmde skandal istismara izin yok! O g\u00f6r\u00fcnt\u00fclerin ard\u0131ndan g\u00f6zalt\u0131na al\u0131nd\u0131","datePublished":"2025-06-15T12:41:16+00:00","mainEntityOfPage":{"@id":"http:\/\/denizcankizil.tr\/uk\/haberler\/gundem\/turizmde-skandal-istismara-izin-yok-o-goruntulerin-ardindan-gozaltina-alindi\/"},"wordCount":563,"publisher":{"@id":"https:\/\/denizcankizil.tr\/de\/#organization"},"articleSection":["G\u00fcndem"],"inLanguage":"de"},{"@type":"WebPage","@id":"http:\/\/denizcankizil.tr\/uk\/haberler\/gundem\/turizmde-skandal-istismara-izin-yok-o-goruntulerin-ardindan-gozaltina-alindi\/","url":"http:\/\/denizcankizil.tr\/uk\/haberler\/gundem\/turizmde-skandal-istismara-izin-yok-o-goruntulerin-ardindan-gozaltina-alindi\/","name":"Turizmde skandal istismara izin yok! O g\u00f6r\u00fcnt\u00fclerin ard\u0131ndan g\u00f6zalt\u0131na al\u0131nd\u0131 - Av. Deniz Can K\u0131z\u0131l","isPartOf":{"@id":"https:\/\/denizcankizil.tr\/de\/#website"},"datePublished":"2025-06-15T12:41:16+00:00","breadcrumb":{"@id":"http:\/\/denizcankizil.tr\/uk\/haberler\/gundem\/turizmde-skandal-istismara-izin-yok-o-goruntulerin-ardindan-gozaltina-alindi\/#breadcrumb"},"inLanguage":"de","potentialAction":[{"@type":"ReadAction","target":["http:\/\/denizcankizil.tr\/uk\/haberler\/gundem\/turizmde-skandal-istismara-izin-yok-o-goruntulerin-ardindan-gozaltina-alindi\/"]}]},{"@type":"BreadcrumbList","@id":"http:\/\/denizcankizil.tr\/uk\/haberler\/gundem\/turizmde-skandal-istismara-izin-yok-o-goruntulerin-ardindan-gozaltina-alindi\/#breadcrumb","itemListElement":[{"@type":"ListItem","position":1,"name":"Home","item":"https:\/\/denizcankizil.tr\/de\/"},{"@type":"ListItem","position":2,"name":"Turizmde skandal istismara izin yok! O g\u00f6r\u00fcnt\u00fclerin ard\u0131ndan g\u00f6zalt\u0131na al\u0131nd\u0131"}]},{"@type":"WebSite","@id":"https:\/\/denizcankizil.tr\/de\/#website","url":"https:\/\/denizcankizil.tr\/de\/","name":"Av. Deniz Can K\u0131z\u0131l","description":"Avukat Deniz Can K\u0131z\u0131l Antalya Barosu","publisher":{"@id":"https:\/\/denizcankizil.tr\/de\/#organization"},"potentialAction":[{"@type":"SearchAction","target":{"@type":"EntryPoint","urlTemplate":"https:\/\/denizcankizil.tr\/de\/?s={search_term_string}"},"query-input":{"@type":"PropertyValueSpecification","valueRequired":true,"valueName":"search_term_string"}}],"inLanguage":"de"},{"@type":"Organization","@id":"https:\/\/denizcankizil.tr\/de\/#organization","name":"Av. Deniz Can K\u0131z\u0131l","url":"https:\/\/denizcankizil.tr\/de\/","logo":{"@type":"ImageObject","inLanguage":"de","@id":"https:\/\/denizcankizil.tr\/de\/#\/schema\/logo\/image\/","url":"http:\/\/denizcankizil.tr\/wp-content\/uploads\/2024\/10\/siyah-logo-svg.svg","contentUrl":"http:\/\/denizcankizil.tr\/wp-content\/uploads\/2024\/10\/siyah-logo-svg.svg","width":1080,"height":1080,"caption":"Av. Deniz Can K\u0131z\u0131l"},"image":{"@id":"https:\/\/denizcankizil.tr\/de\/#\/schema\/logo\/image\/"}},{"@type":"Person","@id":"https:\/\/denizcankizil.tr\/de\/#\/schema\/person\/e1eb71bb4dd684d46563f0af307e1234","name":"Antalya K\u00f6rfez","image":{"@type":"ImageObject","inLanguage":"de","@id":"https:\/\/denizcankizil.tr\/de\/#\/schema\/person\/image\/","url":"https:\/\/secure.gravatar.com\/avatar\/42b01982558a48a0b501fdcab6a408d3717ea5919095ee2e67b0e521799c5905?s=96&d=mm&r=g","contentUrl":"https:\/\/secure.gravatar.com\/avatar\/42b01982558a48a0b501fdcab6a408d3717ea5919095ee2e67b0e521799c5905?s=96&d=mm&r=g","caption":"Antalya K\u00f6rfez"},"sameAs":["http:\/\/www.antalyakorfez.com"],"url":"https:\/\/www.antalyakorfez.com\/turizmde-skandal-istismara-izin-yok-polis-o-goruntulerin-ardindan-gozaltina-aldi"}]}},"_links":{"self":[{"href":"http:\/\/denizcankizil.tr\/de\/wp-json\/wp\/v2\/posts\/116929","targetHints":{"allow":["GET"]}}],"collection":[{"href":"http:\/\/denizcankizil.tr\/de\/wp-json\/wp\/v2\/posts"}],"about":[{"href":"http:\/\/denizcankizil.tr\/de\/wp-json\/wp\/v2\/types\/post"}],"author":[{"embeddable":true,"href":"http:\/\/denizcankizil.tr\/de\/wp-json\/wp\/v2\/users\/5"}],"replies":[{"embeddable":true,"href":"http:\/\/denizcankizil.tr\/de\/wp-json\/wp\/v2\/comments?post=116929"}],"version-history":[{"count":0,"href":"http:\/\/denizcankizil.tr\/de\/wp-json\/wp\/v2\/posts\/116929\/revisions"}],"wp:attachment":[{"href":"http:\/\/denizcankizil.tr\/de\/wp-json\/wp\/v2\/media?parent=116929"}],"wp:term":[{"taxonomy":"category","embeddable":true,"href":"http:\/\/denizcankizil.tr\/de\/wp-json\/wp\/v2\/categories?post=116929"},{"taxonomy":"post_tag","embeddable":true,"href":"http:\/\/denizcankizil.tr\/de\/wp-json\/wp\/v2\/tags?post=116929"}],"curies":[{"name":"wp","href":"https:\/\/api.w.org\/{rel}","templated":true}]}}