{"id":114396,"date":"2025-06-12T16:41:14","date_gmt":"2025-06-12T13:41:14","guid":{"rendered":"https:\/\/denizcankizil.tr\/uncategorized-tr\/defileli-yil-sonu-sergisi\/"},"modified":"2025-06-12T16:41:14","modified_gmt":"2025-06-12T13:41:14","slug":"defileli-yil-sonu-sergisi","status":"publish","type":"post","link":"http:\/\/denizcankizil.tr\/de\/haberler\/antalya\/defileli-yil-sonu-sergisi\/","title":{"rendered":"Defileli y\u0131l sonu sergisi"},"content":{"rendered":"<p>Naz\u0131m Hikmet K\u00fclt\u00fcr Merkezi&#8217;nde a\u00e7\u0131lan sezon sonu sergisinin kurdelesini Konyaalt\u0131 \u0130l\u00e7e Milli E\u011fitim M\u00fcd\u00fcr\u00fc Mehmet G\u00fcrcan, Konyaalt\u0131 HEM M\u00fcd\u00fcr\u00fc Nuray Ulu\u00e7ay, Azize Kahraman Halk E\u011fitimi Merkezi M\u00fcd\u00fcr\u00fc \u0130nci Bacak, \u00c7aml\u0131bel Halk E\u011fitimi Merkezi M\u00fcd\u00fcr\u00fc Canat Duru, \u015fube m\u00fcd\u00fcrleri birlikte kesti.<\/p>\n<p>\u015eenay Vurgun&#8217;un e\u011fitim verdi\u011fi halk oyunlar\u0131 kursiyerlerinin g\u00f6sterisi, Vedat \u00c7etinta\u015f&#8217;\u0131n e\u011fitim verdi\u011fi ba\u011flama kursiyerlerinin dinletisi, Kardelen \u00d6z\u00e7elik&#8217;in e\u011fitim verdi\u011fi gitar kursiyerlerinin dinletisinin ard\u0131ndan gen\u00e7 k\u0131z ve yeti\u015fkin kad\u0131nlar &#8216;Moda, zaman\u0131n ruhunu ta\u015f\u0131yan bir aynad\u0131r&#8217; slogan\u0131yla podyuma \u00e7\u0131kt\u0131. Hayal g\u00fc\u00e7lerini farkl\u0131 kuma\u015flar \u00fczerine aktar\u0131p sab\u0131r ve \u00f6zveriyle haz\u0131rlad\u0131klar\u0131 k\u0131yafetlerin tan\u0131t\u0131m\u0131 i\u00e7in mankenlik de yapan kursiyerler, yazl\u0131k-k\u0131\u015fl\u0131k tasar\u0131mlar\u0131n\u0131 kendi \u00fczerlerinde tan\u0131tt\u0131. Emek ve yarat\u0131c\u0131l\u0131klar\u0131n\u0131 sergileyen kursiyerler profesyonel mankenleri aratmad\u0131.<\/p>\n<p>Konyaalt\u0131 \u0130l\u00e7e Milli E\u011fitim M\u00fcd\u00fcr\u00fc Mehmet G\u00fcrcan, rengarenk resim, seramik, ah\u015fap boyama, \u00fc\u00e7 boyutlu tablo, tak\u0131 tasar\u0131mlar\u0131, dekoratif sepet, bi\u00e7ki-diki\u015f, \u00e7eyiz \u00fcr\u00fcnleri, geri d\u00f6n\u00fc\u015f\u00fcm gibi bir\u00e7ok dalda \u00e7al\u0131\u015fmalar\u0131n yer ald\u0131\u011f\u0131 stantlar\u0131 gezdi, kurum y\u00f6neticileri, \u00f6\u011fretmen ve kursiyerler ile sohbet etti. G\u00fcrcan, el eme\u011fi, g\u00f6z nuru sanat eserlerini hayranl\u0131kla inceledi, &#8220;Eserlerin hepsi birer sanat \u015faheserleri olmu\u015f&#8221; dedi.<\/p>\n<p>Konyaalt\u0131 HEM M\u00fcd\u00fcr\u00fc Nuray Ulu\u00e7ay, \u0130l\u00e7e Milli E\u011fitim M\u00fcd\u00fcr\u00fc Mehmet G\u00fcrcan&#8217;a, bir\u00e7ok dalda sanat ve mesleki kurslar a\u00e7t\u0131klar\u0131n\u0131, e\u011fitimlere gen\u00e7 ve yeti\u015fkinlerin ilgisinin her ge\u00e7en y\u0131l artt\u0131\u011f\u0131n\u0131, yeni d\u00f6nemde farkl\u0131 kurslar\u0131n eklenece\u011fini anlatt\u0131.<\/p>\n<p>Kaynak: www.kanalv.com.tr Haber Sitesinden Al\u0131nm\u0131\u015ft\u0131r.<\/p>","protected":false},"excerpt":{"rendered":"<p>Naz\u0131m Hikmet K\u00fclt\u00fcr Merkezi&#8217;nde a\u00e7\u0131lan sezon sonu sergisinin kurdelesini Konyaalt\u0131 \u0130l\u00e7e Milli E\u011fitim M\u00fcd\u00fcr\u00fc Mehmet G\u00fcrcan, Konyaalt\u0131 HEM M\u00fcd\u00fcr\u00fc Nuray Ulu\u00e7ay, Azize Kahraman Halk E\u011fitimi Merkezi M\u00fcd\u00fcr\u00fc \u0130nci Bacak, \u00c7aml\u0131bel Halk E\u011fitimi Merkezi M\u00fcd\u00fcr\u00fc Canat Duru, \u015fube m\u00fcd\u00fcrleri birlikte kesti. \u015eenay Vurgun&#8217;un e\u011fitim verdi\u011fi halk oyunlar\u0131 kursiyerlerinin g\u00f6sterisi, Vedat \u00c7etinta\u015f&#8217;\u0131n e\u011fitim verdi\u011fi ba\u011flama kursiyerlerinin dinletisi, Kardelen \u00d6z\u00e7elik&#8217;in e\u011fitim verdi\u011fi gitar kursiyerlerinin dinletisinin ard\u0131ndan gen\u00e7 k\u0131z ve yeti\u015fkin kad\u0131nlar &#8216;Moda, zaman\u0131n ruhunu ta\u015f\u0131yan bir aynad\u0131r&#8217; slogan\u0131yla podyuma \u00e7\u0131kt\u0131. Hayal g\u00fc\u00e7lerini farkl\u0131 kuma\u015flar \u00fczerine aktar\u0131p sab\u0131r ve \u00f6zveriyle haz\u0131rlad\u0131klar\u0131 k\u0131yafetlerin tan\u0131t\u0131m\u0131 i\u00e7in mankenlik de yapan kursiyerler, yazl\u0131k-k\u0131\u015fl\u0131k tasar\u0131mlar\u0131n\u0131 kendi \u00fczerlerinde tan\u0131tt\u0131. Emek ve yarat\u0131c\u0131l\u0131klar\u0131n\u0131 sergileyen kursiyerler profesyonel mankenleri aratmad\u0131. Konyaalt\u0131 \u0130l\u00e7e Milli E\u011fitim M\u00fcd\u00fcr\u00fc Mehmet G\u00fcrcan, rengarenk resim, seramik, ah\u015fap boyama, \u00fc\u00e7 boyutlu tablo, tak\u0131 tasar\u0131mlar\u0131, dekoratif sepet, bi\u00e7ki-diki\u015f, \u00e7eyiz \u00fcr\u00fcnleri, geri d\u00f6n\u00fc\u015f\u00fcm gibi bir\u00e7ok dalda \u00e7al\u0131\u015fmalar\u0131n yer ald\u0131\u011f\u0131 stantlar\u0131 gezdi, kurum y\u00f6neticileri, \u00f6\u011fretmen ve kursiyerler ile sohbet etti. G\u00fcrcan, el eme\u011fi, g\u00f6z nuru sanat eserlerini hayranl\u0131kla inceledi, &#8220;Eserlerin hepsi birer sanat \u015faheserleri olmu\u015f&#8221; dedi. Konyaalt\u0131 HEM M\u00fcd\u00fcr\u00fc Nuray Ulu\u00e7ay, \u0130l\u00e7e Milli E\u011fitim M\u00fcd\u00fcr\u00fc Mehmet G\u00fcrcan&#8217;a, bir\u00e7ok dalda sanat ve mesleki kurslar a\u00e7t\u0131klar\u0131n\u0131, e\u011fitimlere gen\u00e7 ve yeti\u015fkinlerin ilgisinin her ge\u00e7en y\u0131l artt\u0131\u011f\u0131n\u0131, yeni d\u00f6nemde farkl\u0131 kurslar\u0131n eklenece\u011fini anlatt\u0131. Kaynak: www.kanalv.com.tr Haber Sitesinden &hellip;<\/p>","protected":false},"author":4,"featured_media":0,"comment_status":"","ping_status":"open","sticky":false,"template":"","format":"standard","meta":{"_acf_changed":false,"footnotes":""},"categories":[26],"tags":[],"class_list":["post-114396","post","type-post","status-publish","format-standard","hentry","category-antalya"],"acf":[],"yoast_head":"<!-- This site is optimized with the Yoast SEO Premium plugin v26.6 (Yoast SEO v27.1.1) - https:\/\/yoast.com\/product\/yoast-seo-premium-wordpress\/ -->\n<title>Defileli y\u0131l sonu sergisi - Av. Deniz Can K\u0131z\u0131l<\/title>\n<meta name=\"robots\" content=\"index, follow, max-snippet:-1, max-image-preview:large, max-video-preview:-1\" \/>\n<link rel=\"canonical\" href=\"https:\/\/denizcankizil.tr\/de\/haberler\/antalya\/defileli-yil-sonu-sergisi\/\" \/>\n<meta property=\"og:locale\" content=\"de_DE\" \/>\n<meta property=\"og:type\" content=\"article\" \/>\n<meta property=\"og:title\" content=\"Defileli y\u0131l sonu sergisi\" \/>\n<meta property=\"og:description\" content=\"Naz\u0131m Hikmet K\u00fclt\u00fcr Merkezi&#8217;nde a\u00e7\u0131lan sezon sonu sergisinin kurdelesini Konyaalt\u0131 \u0130l\u00e7e Milli E\u011fitim M\u00fcd\u00fcr\u00fc Mehmet G\u00fcrcan, Konyaalt\u0131 HEM M\u00fcd\u00fcr\u00fc Nuray Ulu\u00e7ay, Azize Kahraman Halk E\u011fitimi Merkezi M\u00fcd\u00fcr\u00fc \u0130nci Bacak, \u00c7aml\u0131bel Halk E\u011fitimi Merkezi M\u00fcd\u00fcr\u00fc Canat Duru, \u015fube m\u00fcd\u00fcrleri birlikte kesti. \u015eenay Vurgun&#8217;un e\u011fitim verdi\u011fi halk oyunlar\u0131 kursiyerlerinin g\u00f6sterisi, Vedat \u00c7etinta\u015f&#8217;\u0131n e\u011fitim verdi\u011fi ba\u011flama kursiyerlerinin dinletisi, Kardelen \u00d6z\u00e7elik&#8217;in e\u011fitim verdi\u011fi gitar kursiyerlerinin dinletisinin ard\u0131ndan gen\u00e7 k\u0131z ve yeti\u015fkin kad\u0131nlar &#8216;Moda, zaman\u0131n ruhunu ta\u015f\u0131yan bir aynad\u0131r&#8217; slogan\u0131yla podyuma \u00e7\u0131kt\u0131. Hayal g\u00fc\u00e7lerini farkl\u0131 kuma\u015flar \u00fczerine aktar\u0131p sab\u0131r ve \u00f6zveriyle haz\u0131rlad\u0131klar\u0131 k\u0131yafetlerin tan\u0131t\u0131m\u0131 i\u00e7in mankenlik de yapan kursiyerler, yazl\u0131k-k\u0131\u015fl\u0131k tasar\u0131mlar\u0131n\u0131 kendi \u00fczerlerinde tan\u0131tt\u0131. Emek ve yarat\u0131c\u0131l\u0131klar\u0131n\u0131 sergileyen kursiyerler profesyonel mankenleri aratmad\u0131. Konyaalt\u0131 \u0130l\u00e7e Milli E\u011fitim M\u00fcd\u00fcr\u00fc Mehmet G\u00fcrcan, rengarenk resim, seramik, ah\u015fap boyama, \u00fc\u00e7 boyutlu tablo, tak\u0131 tasar\u0131mlar\u0131, dekoratif sepet, bi\u00e7ki-diki\u015f, \u00e7eyiz \u00fcr\u00fcnleri, geri d\u00f6n\u00fc\u015f\u00fcm gibi bir\u00e7ok dalda \u00e7al\u0131\u015fmalar\u0131n yer ald\u0131\u011f\u0131 stantlar\u0131 gezdi, kurum y\u00f6neticileri, \u00f6\u011fretmen ve kursiyerler ile sohbet etti. G\u00fcrcan, el eme\u011fi, g\u00f6z nuru sanat eserlerini hayranl\u0131kla inceledi, &#8220;Eserlerin hepsi birer sanat \u015faheserleri olmu\u015f&#8221; dedi. Konyaalt\u0131 HEM M\u00fcd\u00fcr\u00fc Nuray Ulu\u00e7ay, \u0130l\u00e7e Milli E\u011fitim M\u00fcd\u00fcr\u00fc Mehmet G\u00fcrcan&#8217;a, bir\u00e7ok dalda sanat ve mesleki kurslar a\u00e7t\u0131klar\u0131n\u0131, e\u011fitimlere gen\u00e7 ve yeti\u015fkinlerin ilgisinin her ge\u00e7en y\u0131l artt\u0131\u011f\u0131n\u0131, yeni d\u00f6nemde farkl\u0131 kurslar\u0131n eklenece\u011fini anlatt\u0131. Kaynak: www.kanalv.com.tr Haber Sitesinden &hellip;\" \/>\n<meta property=\"og:url\" content=\"https:\/\/denizcankizil.tr\/de\/haberler\/antalya\/defileli-yil-sonu-sergisi\/\" \/>\n<meta property=\"og:site_name\" content=\"Av. Deniz Can K\u0131z\u0131l\" \/>\n<meta property=\"article:published_time\" content=\"2025-06-12T13:41:14+00:00\" \/>\n<meta name=\"author\" content=\"Av. Deniz Can K\u0131z\u0131l\" \/>\n<meta name=\"twitter:card\" content=\"summary_large_image\" \/>\n<meta name=\"twitter:label1\" content=\"Verfasst von\" \/>\n\t<meta name=\"twitter:data1\" content=\"Av. Deniz Can K\u0131z\u0131l\" \/>\n\t<meta name=\"twitter:label2\" content=\"Gesch\u00e4tzte Lesezeit\" \/>\n\t<meta name=\"twitter:data2\" content=\"2\u00a0Minuten\" \/>\n<script type=\"application\/ld+json\" class=\"yoast-schema-graph\">{\"@context\":\"https:\/\/schema.org\",\"@graph\":[{\"@type\":\"Article\",\"@id\":\"https:\/\/denizcankizil.tr\/ru\/haberler\/antalya\/defileli-yil-sonu-sergisi\/#article\",\"isPartOf\":{\"@id\":\"https:\/\/denizcankizil.tr\/ru\/haberler\/antalya\/defileli-yil-sonu-sergisi\/\"},\"author\":{\"name\":\"Av. Deniz Can K\u0131z\u0131l\",\"@id\":\"https:\/\/denizcankizil.tr\/#\/schema\/person\/5dc1b22991bd7ac833867c10afc9b0ff\"},\"headline\":\"Defileli y\u0131l sonu sergisi\",\"datePublished\":\"2025-06-12T13:41:14+00:00\",\"mainEntityOfPage\":{\"@id\":\"https:\/\/denizcankizil.tr\/ru\/haberler\/antalya\/defileli-yil-sonu-sergisi\/\"},\"wordCount\":313,\"publisher\":{\"@id\":\"https:\/\/denizcankizil.tr\/#organization\"},\"articleSection\":[\"Antalya\"],\"inLanguage\":\"de\"},{\"@type\":\"WebPage\",\"@id\":\"https:\/\/denizcankizil.tr\/ru\/haberler\/antalya\/defileli-yil-sonu-sergisi\/\",\"url\":\"https:\/\/denizcankizil.tr\/ru\/haberler\/antalya\/defileli-yil-sonu-sergisi\/\",\"name\":\"Defileli y\u0131l sonu sergisi - Av. Deniz Can K\u0131z\u0131l\",\"isPartOf\":{\"@id\":\"https:\/\/denizcankizil.tr\/#website\"},\"datePublished\":\"2025-06-12T13:41:14+00:00\",\"breadcrumb\":{\"@id\":\"https:\/\/denizcankizil.tr\/ru\/haberler\/antalya\/defileli-yil-sonu-sergisi\/#breadcrumb\"},\"inLanguage\":\"de\",\"potentialAction\":[{\"@type\":\"ReadAction\",\"target\":[\"https:\/\/denizcankizil.tr\/ru\/haberler\/antalya\/defileli-yil-sonu-sergisi\/\"]}]},{\"@type\":\"BreadcrumbList\",\"@id\":\"https:\/\/denizcankizil.tr\/ru\/haberler\/antalya\/defileli-yil-sonu-sergisi\/#breadcrumb\",\"itemListElement\":[{\"@type\":\"ListItem\",\"position\":1,\"name\":\"Home\",\"item\":\"https:\/\/denizcankizil.tr\/de\/\"},{\"@type\":\"ListItem\",\"position\":2,\"name\":\"Defileli y\u0131l sonu sergisi\"}]},{\"@type\":\"WebSite\",\"@id\":\"https:\/\/denizcankizil.tr\/#website\",\"url\":\"https:\/\/denizcankizil.tr\/\",\"name\":\"Av. Deniz Can K\u0131z\u0131l\",\"description\":\"Avukat Deniz Can K\u0131z\u0131l Antalya Barosu\",\"publisher\":{\"@id\":\"https:\/\/denizcankizil.tr\/#organization\"},\"potentialAction\":[{\"@type\":\"SearchAction\",\"target\":{\"@type\":\"EntryPoint\",\"urlTemplate\":\"https:\/\/denizcankizil.tr\/?s={search_term_string}\"},\"query-input\":{\"@type\":\"PropertyValueSpecification\",\"valueRequired\":true,\"valueName\":\"search_term_string\"}}],\"inLanguage\":\"de\"},{\"@type\":\"Organization\",\"@id\":\"https:\/\/denizcankizil.tr\/#organization\",\"name\":\"Av. Deniz Can K\u0131z\u0131l\",\"url\":\"https:\/\/denizcankizil.tr\/\",\"logo\":{\"@type\":\"ImageObject\",\"inLanguage\":\"de\",\"@id\":\"https:\/\/denizcankizil.tr\/#\/schema\/logo\/image\/\",\"url\":\"http:\/\/denizcankizil.tr\/wp-content\/uploads\/2024\/10\/siyah-logo-svg.svg\",\"contentUrl\":\"http:\/\/denizcankizil.tr\/wp-content\/uploads\/2024\/10\/siyah-logo-svg.svg\",\"width\":1080,\"height\":1080,\"caption\":\"Av. Deniz Can K\u0131z\u0131l\"},\"image\":{\"@id\":\"https:\/\/denizcankizil.tr\/#\/schema\/logo\/image\/\"}},{\"@type\":\"Person\",\"@id\":\"https:\/\/denizcankizil.tr\/#\/schema\/person\/5dc1b22991bd7ac833867c10afc9b0ff\",\"name\":\"Av. Deniz Can K\u0131z\u0131l\",\"image\":{\"@type\":\"ImageObject\",\"inLanguage\":\"de\",\"@id\":\"https:\/\/denizcankizil.tr\/#\/schema\/person\/image\/\",\"url\":\"https:\/\/secure.gravatar.com\/avatar\/a0b128fb9855c79efc976d5640eedb31dc35ec297594d6016d2cf7c60e975bb6?s=96&d=mm&r=g\",\"contentUrl\":\"https:\/\/secure.gravatar.com\/avatar\/a0b128fb9855c79efc976d5640eedb31dc35ec297594d6016d2cf7c60e975bb6?s=96&d=mm&r=g\",\"caption\":\"Av. Deniz Can K\u0131z\u0131l\"},\"sameAs\":[\"http:\/\/www.denizcankizil.tr\"],\"url\":\"http:\/\/denizcankizil.tr\/de\/author\/denizcankizil\/\"}]}<\/script>\n<!-- \/ Yoast SEO Premium plugin. -->","yoast_head_json":{"title":"Defileli y\u0131l sonu sergisi - Av. Deniz Can K\u0131z\u0131l","robots":{"index":"index","follow":"follow","max-snippet":"max-snippet:-1","max-image-preview":"max-image-preview:large","max-video-preview":"max-video-preview:-1"},"canonical":"https:\/\/denizcankizil.tr\/de\/haberler\/antalya\/defileli-yil-sonu-sergisi\/","og_locale":"de_DE","og_type":"article","og_title":"Defileli y\u0131l sonu sergisi","og_description":"Naz\u0131m Hikmet K\u00fclt\u00fcr Merkezi&#8217;nde a\u00e7\u0131lan sezon sonu sergisinin kurdelesini Konyaalt\u0131 \u0130l\u00e7e Milli E\u011fitim M\u00fcd\u00fcr\u00fc Mehmet G\u00fcrcan, Konyaalt\u0131 HEM M\u00fcd\u00fcr\u00fc Nuray Ulu\u00e7ay, Azize Kahraman Halk E\u011fitimi Merkezi M\u00fcd\u00fcr\u00fc \u0130nci Bacak, \u00c7aml\u0131bel Halk E\u011fitimi Merkezi M\u00fcd\u00fcr\u00fc Canat Duru, \u015fube m\u00fcd\u00fcrleri birlikte kesti. \u015eenay Vurgun&#8217;un e\u011fitim verdi\u011fi halk oyunlar\u0131 kursiyerlerinin g\u00f6sterisi, Vedat \u00c7etinta\u015f&#8217;\u0131n e\u011fitim verdi\u011fi ba\u011flama kursiyerlerinin dinletisi, Kardelen \u00d6z\u00e7elik&#8217;in e\u011fitim verdi\u011fi gitar kursiyerlerinin dinletisinin ard\u0131ndan gen\u00e7 k\u0131z ve yeti\u015fkin kad\u0131nlar &#8216;Moda, zaman\u0131n ruhunu ta\u015f\u0131yan bir aynad\u0131r&#8217; slogan\u0131yla podyuma \u00e7\u0131kt\u0131. Hayal g\u00fc\u00e7lerini farkl\u0131 kuma\u015flar \u00fczerine aktar\u0131p sab\u0131r ve \u00f6zveriyle haz\u0131rlad\u0131klar\u0131 k\u0131yafetlerin tan\u0131t\u0131m\u0131 i\u00e7in mankenlik de yapan kursiyerler, yazl\u0131k-k\u0131\u015fl\u0131k tasar\u0131mlar\u0131n\u0131 kendi \u00fczerlerinde tan\u0131tt\u0131. Emek ve yarat\u0131c\u0131l\u0131klar\u0131n\u0131 sergileyen kursiyerler profesyonel mankenleri aratmad\u0131. Konyaalt\u0131 \u0130l\u00e7e Milli E\u011fitim M\u00fcd\u00fcr\u00fc Mehmet G\u00fcrcan, rengarenk resim, seramik, ah\u015fap boyama, \u00fc\u00e7 boyutlu tablo, tak\u0131 tasar\u0131mlar\u0131, dekoratif sepet, bi\u00e7ki-diki\u015f, \u00e7eyiz \u00fcr\u00fcnleri, geri d\u00f6n\u00fc\u015f\u00fcm gibi bir\u00e7ok dalda \u00e7al\u0131\u015fmalar\u0131n yer ald\u0131\u011f\u0131 stantlar\u0131 gezdi, kurum y\u00f6neticileri, \u00f6\u011fretmen ve kursiyerler ile sohbet etti. G\u00fcrcan, el eme\u011fi, g\u00f6z nuru sanat eserlerini hayranl\u0131kla inceledi, &#8220;Eserlerin hepsi birer sanat \u015faheserleri olmu\u015f&#8221; dedi. Konyaalt\u0131 HEM M\u00fcd\u00fcr\u00fc Nuray Ulu\u00e7ay, \u0130l\u00e7e Milli E\u011fitim M\u00fcd\u00fcr\u00fc Mehmet G\u00fcrcan&#8217;a, bir\u00e7ok dalda sanat ve mesleki kurslar a\u00e7t\u0131klar\u0131n\u0131, e\u011fitimlere gen\u00e7 ve yeti\u015fkinlerin ilgisinin her ge\u00e7en y\u0131l artt\u0131\u011f\u0131n\u0131, yeni d\u00f6nemde farkl\u0131 kurslar\u0131n eklenece\u011fini anlatt\u0131. Kaynak: www.kanalv.com.tr Haber Sitesinden &hellip;","og_url":"https:\/\/denizcankizil.tr\/de\/haberler\/antalya\/defileli-yil-sonu-sergisi\/","og_site_name":"Av. Deniz Can K\u0131z\u0131l","article_published_time":"2025-06-12T13:41:14+00:00","author":"Av. Deniz Can K\u0131z\u0131l","twitter_card":"summary_large_image","twitter_misc":{"Verfasst von":"Av. Deniz Can K\u0131z\u0131l","Gesch\u00e4tzte Lesezeit":"2\u00a0Minuten"},"schema":{"@context":"https:\/\/schema.org","@graph":[{"@type":"Article","@id":"https:\/\/denizcankizil.tr\/ru\/haberler\/antalya\/defileli-yil-sonu-sergisi\/#article","isPartOf":{"@id":"https:\/\/denizcankizil.tr\/ru\/haberler\/antalya\/defileli-yil-sonu-sergisi\/"},"author":{"name":"Av. Deniz Can K\u0131z\u0131l","@id":"https:\/\/denizcankizil.tr\/#\/schema\/person\/5dc1b22991bd7ac833867c10afc9b0ff"},"headline":"Defileli y\u0131l sonu sergisi","datePublished":"2025-06-12T13:41:14+00:00","mainEntityOfPage":{"@id":"https:\/\/denizcankizil.tr\/ru\/haberler\/antalya\/defileli-yil-sonu-sergisi\/"},"wordCount":313,"publisher":{"@id":"https:\/\/denizcankizil.tr\/#organization"},"articleSection":["Antalya"],"inLanguage":"de"},{"@type":"WebPage","@id":"https:\/\/denizcankizil.tr\/ru\/haberler\/antalya\/defileli-yil-sonu-sergisi\/","url":"https:\/\/denizcankizil.tr\/ru\/haberler\/antalya\/defileli-yil-sonu-sergisi\/","name":"Defileli y\u0131l sonu sergisi - Av. Deniz Can K\u0131z\u0131l","isPartOf":{"@id":"https:\/\/denizcankizil.tr\/#website"},"datePublished":"2025-06-12T13:41:14+00:00","breadcrumb":{"@id":"https:\/\/denizcankizil.tr\/ru\/haberler\/antalya\/defileli-yil-sonu-sergisi\/#breadcrumb"},"inLanguage":"de","potentialAction":[{"@type":"ReadAction","target":["https:\/\/denizcankizil.tr\/ru\/haberler\/antalya\/defileli-yil-sonu-sergisi\/"]}]},{"@type":"BreadcrumbList","@id":"https:\/\/denizcankizil.tr\/ru\/haberler\/antalya\/defileli-yil-sonu-sergisi\/#breadcrumb","itemListElement":[{"@type":"ListItem","position":1,"name":"Home","item":"https:\/\/denizcankizil.tr\/de\/"},{"@type":"ListItem","position":2,"name":"Defileli y\u0131l sonu sergisi"}]},{"@type":"WebSite","@id":"https:\/\/denizcankizil.tr\/#website","url":"https:\/\/denizcankizil.tr\/","name":"Av. Deniz Can K\u0131z\u0131l","description":"Avukat Deniz Can K\u0131z\u0131l Antalya Barosu","publisher":{"@id":"https:\/\/denizcankizil.tr\/#organization"},"potentialAction":[{"@type":"SearchAction","target":{"@type":"EntryPoint","urlTemplate":"https:\/\/denizcankizil.tr\/?s={search_term_string}"},"query-input":{"@type":"PropertyValueSpecification","valueRequired":true,"valueName":"search_term_string"}}],"inLanguage":"de"},{"@type":"Organization","@id":"https:\/\/denizcankizil.tr\/#organization","name":"Av. Deniz Can K\u0131z\u0131l","url":"https:\/\/denizcankizil.tr\/","logo":{"@type":"ImageObject","inLanguage":"de","@id":"https:\/\/denizcankizil.tr\/#\/schema\/logo\/image\/","url":"http:\/\/denizcankizil.tr\/wp-content\/uploads\/2024\/10\/siyah-logo-svg.svg","contentUrl":"http:\/\/denizcankizil.tr\/wp-content\/uploads\/2024\/10\/siyah-logo-svg.svg","width":1080,"height":1080,"caption":"Av. Deniz Can K\u0131z\u0131l"},"image":{"@id":"https:\/\/denizcankizil.tr\/#\/schema\/logo\/image\/"}},{"@type":"Person","@id":"https:\/\/denizcankizil.tr\/#\/schema\/person\/5dc1b22991bd7ac833867c10afc9b0ff","name":"Av. Deniz Can K\u0131z\u0131l","image":{"@type":"ImageObject","inLanguage":"de","@id":"https:\/\/denizcankizil.tr\/#\/schema\/person\/image\/","url":"https:\/\/secure.gravatar.com\/avatar\/a0b128fb9855c79efc976d5640eedb31dc35ec297594d6016d2cf7c60e975bb6?s=96&d=mm&r=g","contentUrl":"https:\/\/secure.gravatar.com\/avatar\/a0b128fb9855c79efc976d5640eedb31dc35ec297594d6016d2cf7c60e975bb6?s=96&d=mm&r=g","caption":"Av. Deniz Can K\u0131z\u0131l"},"sameAs":["http:\/\/www.denizcankizil.tr"],"url":"http:\/\/denizcankizil.tr\/de\/author\/denizcankizil\/"}]}},"_links":{"self":[{"href":"http:\/\/denizcankizil.tr\/de\/wp-json\/wp\/v2\/posts\/114396","targetHints":{"allow":["GET"]}}],"collection":[{"href":"http:\/\/denizcankizil.tr\/de\/wp-json\/wp\/v2\/posts"}],"about":[{"href":"http:\/\/denizcankizil.tr\/de\/wp-json\/wp\/v2\/types\/post"}],"author":[{"embeddable":true,"href":"http:\/\/denizcankizil.tr\/de\/wp-json\/wp\/v2\/users\/4"}],"replies":[{"embeddable":true,"href":"http:\/\/denizcankizil.tr\/de\/wp-json\/wp\/v2\/comments?post=114396"}],"version-history":[{"count":0,"href":"http:\/\/denizcankizil.tr\/de\/wp-json\/wp\/v2\/posts\/114396\/revisions"}],"wp:attachment":[{"href":"http:\/\/denizcankizil.tr\/de\/wp-json\/wp\/v2\/media?parent=114396"}],"wp:term":[{"taxonomy":"category","embeddable":true,"href":"http:\/\/denizcankizil.tr\/de\/wp-json\/wp\/v2\/categories?post=114396"},{"taxonomy":"post_tag","embeddable":true,"href":"http:\/\/denizcankizil.tr\/de\/wp-json\/wp\/v2\/tags?post=114396"}],"curies":[{"name":"wp","href":"https:\/\/api.w.org\/{rel}","templated":true}]}}