{"id":114262,"date":"2025-06-12T11:42:05","date_gmt":"2025-06-12T08:42:05","guid":{"rendered":"https:\/\/denizcankizil.tr\/uncategorized-tr\/antalya-barosu-umit-ozdagin-davasina-gozlemci-olarak-katildi\/"},"modified":"2025-06-12T11:42:05","modified_gmt":"2025-06-12T08:42:05","slug":"antalya-barosu-umit-ozdagin-davasina-gozlemci-olarak-katildi","status":"publish","type":"post","link":"http:\/\/denizcankizil.tr\/de\/haberler\/gundem\/antalya-barosu-umit-ozdagin-davasina-gozlemci-olarak-katildi\/","title":{"rendered":"Antalya Barosu, \u00dcmit \u00d6zda\u011f&#8217;\u0131n davas\u0131na g\u00f6zlemci olarak kat\u0131ld\u0131"},"content":{"rendered":"<p>Zafer Partisi Genel Ba\u015fkan\u0131 Prof. Dr. \u00dcmit \u00d6zda\u011f&#8217;\u0131n, &#8220;Halk\u0131 kin ve d\u00fc\u015fmanl\u0131\u011f\u0131 tahrik&#8221; su\u00e7lamas\u0131yla yarg\u0131land\u0131\u011f\u0131 davan\u0131n duru\u015fmas\u0131 Silivri&#8217;de g\u00f6r\u00fcld\u00fc. Antalya Barosu, duru\u015fmay\u0131 Toplumsal Olay ve Davalar\u0131 \u0130zleme Kurulu (TODAK) Ba\u015fkan\u0131 avukat Selim Berkay Aksu arac\u0131l\u0131\u011f\u0131yla g\u00f6zlemci olarak takip etti.<\/p>\n<p>&#8220;TUTUKLULUK KARARI \u00d6L\u00c7\u00dcS\u00dcZ VE V\u0130CDANA AYKIRI&#8221; <\/p>\n<p>Silivri Cezaevi&#8217;nde g\u00f6r\u00fclen duru\u015fmada, savc\u0131l\u0131k makam\u0131 esas hakk\u0131ndaki m\u00fctalaas\u0131nda, \u00d6zda\u011f&#8217;\u0131n T\u00fcrk Ceza Kanunu&#8217;nun 216. maddesi uyar\u0131nca &#8220;halk\u0131 kin ve d\u00fc\u015fmanl\u0131\u011fa alenen tahrik&#8221; su\u00e7unu zincirleme ve nitelikli \u015fekilde i\u015fledi\u011fini ileri s\u00fcrerek, cezaland\u0131r\u0131lmas\u0131n\u0131 ve tutuklulu\u011funun devam\u0131n\u0131 talep etti. Mahkeme heyeti, tutuklulu\u011fun devam\u0131na karar vererek duru\u015fmay\u0131 17 Haziran 2025 tarihine erteledi.<\/p>\n<p>Antalya Barosu g\u00f6zlemcisi avukat Selim Berkay Aksu, tutuklulu\u011fun devam\u0131 y\u00f6n\u00fcndeki karar\u0131n, su\u00e7un \u00fcst s\u0131n\u0131rlar\u0131n\u0131n yaln\u0131zca \u00fc\u00e7 y\u0131l oldu\u011fu dikkate al\u0131nd\u0131\u011f\u0131nda, &#8220;a\u00e7\u0131k\u00e7a \u00f6l\u00e7\u00fcs\u00fcz, hukuka ve vicdana ayk\u0131r\u0131&#8221; oldu\u011funu belirti.<\/p>\n<p>BARODAN DAYANI\u015eMA MESAJI<\/p>\n<p>Duru\u015fma sonras\u0131 avukat Aksu, cezaevinde tutuklu bulunan Hatay Milletvekili Avukat Can Atalay ve Avukat Sel\u00e7uk Koza\u011fa\u00e7l\u0131&#8217;y\u0131 ziyaret etti. Antalya Barosu yapt\u0131\u011f\u0131 a\u00e7\u0131klamada, &#8220;T\u00fcm siyasi tutuklular i\u00e7in adil yarg\u0131lama zemini sa\u011flay\u0131ncaya ve haks\u0131z tutuklamalar son buluncaya kadar hukuk ve adalet m\u00fccadelemiz s\u00fcrecektir&#8221; ifadelerine yer verdi.<\/p>\n<p>\u200bAntalya Barosu, Zafer Partisi Genel Ba\u015fkan\u0131 \u00dcmit \u00d6zda\u011f&#8217;\u0131n yarg\u0131land\u0131\u011f\u0131 davay\u0131 yerinde izledi. Baro temsilcisi Selim Berkay Aksu, yarg\u0131lamadaki tutukluluk karar\u0131n\u0131, &#8220;\u00f6l\u00e7\u00fcs\u00fcz ve hukuka ayk\u0131r\u0131&#8221; olarak nitelendirdi.\u00a0<\/p>\n<p>\u200bHaberin Al\u0131nt\u0131land\u0131\u011f\u0131 Kaynak: www.antalyakorfez.com<\/p>","protected":false},"excerpt":{"rendered":"<p>Zafer Partisi Genel Ba\u015fkan\u0131 Prof. Dr. \u00dcmit \u00d6zda\u011f&#8217;\u0131n, &#8220;Halk\u0131 kin ve d\u00fc\u015fmanl\u0131\u011f\u0131 tahrik&#8221; su\u00e7lamas\u0131yla yarg\u0131land\u0131\u011f\u0131 davan\u0131n duru\u015fmas\u0131 Silivri&#8217;de g\u00f6r\u00fcld\u00fc. Antalya Barosu, duru\u015fmay\u0131 Toplumsal Olay ve Davalar\u0131 \u0130zleme Kurulu (TODAK) Ba\u015fkan\u0131 avukat Selim Berkay Aksu arac\u0131l\u0131\u011f\u0131yla g\u00f6zlemci olarak takip etti. &#8220;TUTUKLULUK KARARI \u00d6L\u00c7\u00dcS\u00dcZ VE V\u0130CDANA AYKIRI&#8221; Silivri Cezaevi&#8217;nde g\u00f6r\u00fclen duru\u015fmada, savc\u0131l\u0131k makam\u0131 esas hakk\u0131ndaki m\u00fctalaas\u0131nda, \u00d6zda\u011f&#8217;\u0131n T\u00fcrk Ceza Kanunu&#8217;nun 216. maddesi uyar\u0131nca &#8220;halk\u0131 kin ve d\u00fc\u015fmanl\u0131\u011fa alenen tahrik&#8221; su\u00e7unu zincirleme ve nitelikli \u015fekilde i\u015fledi\u011fini ileri s\u00fcrerek, cezaland\u0131r\u0131lmas\u0131n\u0131 ve tutuklulu\u011funun devam\u0131n\u0131 talep etti. Mahkeme heyeti, tutuklulu\u011fun devam\u0131na karar vererek duru\u015fmay\u0131 17 Haziran 2025 tarihine erteledi. Antalya Barosu g\u00f6zlemcisi avukat Selim Berkay Aksu, tutuklulu\u011fun devam\u0131 y\u00f6n\u00fcndeki karar\u0131n, su\u00e7un \u00fcst s\u0131n\u0131rlar\u0131n\u0131n yaln\u0131zca \u00fc\u00e7 y\u0131l oldu\u011fu dikkate al\u0131nd\u0131\u011f\u0131nda, &#8220;a\u00e7\u0131k\u00e7a \u00f6l\u00e7\u00fcs\u00fcz, hukuka ve vicdana ayk\u0131r\u0131&#8221; oldu\u011funu belirti. BARODAN DAYANI\u015eMA MESAJI Duru\u015fma sonras\u0131 avukat Aksu, cezaevinde tutuklu bulunan Hatay Milletvekili Avukat Can Atalay ve Avukat Sel\u00e7uk Koza\u011fa\u00e7l\u0131&#8217;y\u0131 ziyaret etti. Antalya Barosu yapt\u0131\u011f\u0131 a\u00e7\u0131klamada, &#8220;T\u00fcm siyasi tutuklular i\u00e7in adil yarg\u0131lama zemini sa\u011flay\u0131ncaya ve haks\u0131z tutuklamalar son buluncaya kadar hukuk ve adalet m\u00fccadelemiz s\u00fcrecektir&#8221; ifadelerine yer verdi. \u200bAntalya Barosu, Zafer Partisi Genel Ba\u015fkan\u0131 \u00dcmit \u00d6zda\u011f&#8217;\u0131n yarg\u0131land\u0131\u011f\u0131 davay\u0131 yerinde izledi. Baro temsilcisi Selim Berkay Aksu, yarg\u0131lamadaki tutukluluk karar\u0131n\u0131, &#8220;\u00f6l\u00e7\u00fcs\u00fcz ve hukuka ayk\u0131r\u0131&#8221; olarak nitelendirdi.\u00a0 \u200bHaberin Al\u0131nt\u0131land\u0131\u011f\u0131 Kaynak: www.antalyakorfez.com<\/p>","protected":false},"author":5,"featured_media":0,"comment_status":"","ping_status":"open","sticky":false,"template":"","format":"standard","meta":{"_acf_changed":false,"footnotes":""},"categories":[24],"tags":[],"class_list":["post-114262","post","type-post","status-publish","format-standard","has-post-thumbnail","hentry","category-gundem"],"acf":[],"yoast_head":"<!-- This site is optimized with the Yoast SEO Premium plugin v26.6 (Yoast SEO v27.1.1) - https:\/\/yoast.com\/product\/yoast-seo-premium-wordpress\/ -->\n<title>Antalya Barosu, \u00dcmit \u00d6zda\u011f&#039;\u0131n davas\u0131na g\u00f6zlemci olarak kat\u0131ld\u0131 - Av. Deniz Can K\u0131z\u0131l<\/title>\n<meta name=\"robots\" content=\"index, follow, max-snippet:-1, max-image-preview:large, max-video-preview:-1\" \/>\n<link rel=\"canonical\" href=\"http:\/\/denizcankizil.tr\/de\/haberler\/gundem\/antalya-barosu-umit-ozdagin-davasina-gozlemci-olarak-katildi\/\" \/>\n<meta property=\"og:locale\" content=\"de_DE\" \/>\n<meta property=\"og:type\" content=\"article\" \/>\n<meta property=\"og:title\" content=\"Antalya Barosu, \u00dcmit \u00d6zda\u011f&#039;\u0131n davas\u0131na g\u00f6zlemci olarak kat\u0131ld\u0131\" \/>\n<meta property=\"og:description\" content=\"Zafer Partisi Genel Ba\u015fkan\u0131 Prof. Dr. \u00dcmit \u00d6zda\u011f&#8217;\u0131n, &#8220;Halk\u0131 kin ve d\u00fc\u015fmanl\u0131\u011f\u0131 tahrik&#8221; su\u00e7lamas\u0131yla yarg\u0131land\u0131\u011f\u0131 davan\u0131n duru\u015fmas\u0131 Silivri&#8217;de g\u00f6r\u00fcld\u00fc. Antalya Barosu, duru\u015fmay\u0131 Toplumsal Olay ve Davalar\u0131 \u0130zleme Kurulu (TODAK) Ba\u015fkan\u0131 avukat Selim Berkay Aksu arac\u0131l\u0131\u011f\u0131yla g\u00f6zlemci olarak takip etti. &#8220;TUTUKLULUK KARARI \u00d6L\u00c7\u00dcS\u00dcZ VE V\u0130CDANA AYKIRI&#8221; Silivri Cezaevi&#8217;nde g\u00f6r\u00fclen duru\u015fmada, savc\u0131l\u0131k makam\u0131 esas hakk\u0131ndaki m\u00fctalaas\u0131nda, \u00d6zda\u011f&#8217;\u0131n T\u00fcrk Ceza Kanunu&#8217;nun 216. maddesi uyar\u0131nca &#8220;halk\u0131 kin ve d\u00fc\u015fmanl\u0131\u011fa alenen tahrik&#8221; su\u00e7unu zincirleme ve nitelikli \u015fekilde i\u015fledi\u011fini ileri s\u00fcrerek, cezaland\u0131r\u0131lmas\u0131n\u0131 ve tutuklulu\u011funun devam\u0131n\u0131 talep etti. Mahkeme heyeti, tutuklulu\u011fun devam\u0131na karar vererek duru\u015fmay\u0131 17 Haziran 2025 tarihine erteledi. Antalya Barosu g\u00f6zlemcisi avukat Selim Berkay Aksu, tutuklulu\u011fun devam\u0131 y\u00f6n\u00fcndeki karar\u0131n, su\u00e7un \u00fcst s\u0131n\u0131rlar\u0131n\u0131n yaln\u0131zca \u00fc\u00e7 y\u0131l oldu\u011fu dikkate al\u0131nd\u0131\u011f\u0131nda, &#8220;a\u00e7\u0131k\u00e7a \u00f6l\u00e7\u00fcs\u00fcz, hukuka ve vicdana ayk\u0131r\u0131&#8221; oldu\u011funu belirti. BARODAN DAYANI\u015eMA MESAJI Duru\u015fma sonras\u0131 avukat Aksu, cezaevinde tutuklu bulunan Hatay Milletvekili Avukat Can Atalay ve Avukat Sel\u00e7uk Koza\u011fa\u00e7l\u0131&#8217;y\u0131 ziyaret etti. Antalya Barosu yapt\u0131\u011f\u0131 a\u00e7\u0131klamada, &#8220;T\u00fcm siyasi tutuklular i\u00e7in adil yarg\u0131lama zemini sa\u011flay\u0131ncaya ve haks\u0131z tutuklamalar son buluncaya kadar hukuk ve adalet m\u00fccadelemiz s\u00fcrecektir&#8221; ifadelerine yer verdi. \u200bAntalya Barosu, Zafer Partisi Genel Ba\u015fkan\u0131 \u00dcmit \u00d6zda\u011f&#8217;\u0131n yarg\u0131land\u0131\u011f\u0131 davay\u0131 yerinde izledi. Baro temsilcisi Selim Berkay Aksu, yarg\u0131lamadaki tutukluluk karar\u0131n\u0131, &#8220;\u00f6l\u00e7\u00fcs\u00fcz ve hukuka ayk\u0131r\u0131&#8221; olarak nitelendirdi.\u00a0 \u200bHaberin Al\u0131nt\u0131land\u0131\u011f\u0131 Kaynak: www.antalyakorfez.com\" \/>\n<meta property=\"og:url\" content=\"http:\/\/denizcankizil.tr\/de\/haberler\/gundem\/antalya-barosu-umit-ozdagin-davasina-gozlemci-olarak-katildi\/\" \/>\n<meta property=\"og:site_name\" content=\"Av. Deniz Can K\u0131z\u0131l\" \/>\n<meta property=\"article:published_time\" content=\"2025-06-12T08:42:05+00:00\" \/>\n<meta name=\"author\" content=\"Antalya K\u00f6rfez\" \/>\n<meta name=\"twitter:card\" content=\"summary_large_image\" \/>\n<meta name=\"twitter:label1\" content=\"Verfasst von\" \/>\n\t<meta name=\"twitter:data1\" content=\"Antalya K\u00f6rfez\" \/>\n\t<meta name=\"twitter:label2\" content=\"Gesch\u00e4tzte Lesezeit\" \/>\n\t<meta name=\"twitter:data2\" content=\"1\u00a0Minute\" \/>\n<script type=\"application\/ld+json\" class=\"yoast-schema-graph\">{\"@context\":\"https:\/\/schema.org\",\"@graph\":[{\"@type\":\"Article\",\"@id\":\"http:\/\/denizcankizil.tr\/uk\/haberler\/gundem\/antalya-barosu-umit-ozdagin-davasina-gozlemci-olarak-katildi\/#article\",\"isPartOf\":{\"@id\":\"http:\/\/denizcankizil.tr\/uk\/haberler\/gundem\/antalya-barosu-umit-ozdagin-davasina-gozlemci-olarak-katildi\/\"},\"author\":{\"name\":\"Antalya K\u00f6rfez\",\"@id\":\"https:\/\/denizcankizil.tr\/de\/#\/schema\/person\/e1eb71bb4dd684d46563f0af307e1234\"},\"headline\":\"Antalya Barosu, \u00dcmit \u00d6zda\u011f&#8217;\u0131n davas\u0131na g\u00f6zlemci olarak kat\u0131ld\u0131\",\"datePublished\":\"2025-06-12T08:42:05+00:00\",\"mainEntityOfPage\":{\"@id\":\"http:\/\/denizcankizil.tr\/uk\/haberler\/gundem\/antalya-barosu-umit-ozdagin-davasina-gozlemci-olarak-katildi\/\"},\"wordCount\":300,\"publisher\":{\"@id\":\"https:\/\/denizcankizil.tr\/de\/#organization\"},\"articleSection\":[\"G\u00fcndem\"],\"inLanguage\":\"de\"},{\"@type\":\"WebPage\",\"@id\":\"http:\/\/denizcankizil.tr\/uk\/haberler\/gundem\/antalya-barosu-umit-ozdagin-davasina-gozlemci-olarak-katildi\/\",\"url\":\"http:\/\/denizcankizil.tr\/uk\/haberler\/gundem\/antalya-barosu-umit-ozdagin-davasina-gozlemci-olarak-katildi\/\",\"name\":\"Antalya Barosu, \u00dcmit \u00d6zda\u011f'\u0131n davas\u0131na g\u00f6zlemci olarak kat\u0131ld\u0131 - Av. Deniz Can K\u0131z\u0131l\",\"isPartOf\":{\"@id\":\"https:\/\/denizcankizil.tr\/de\/#website\"},\"datePublished\":\"2025-06-12T08:42:05+00:00\",\"breadcrumb\":{\"@id\":\"http:\/\/denizcankizil.tr\/uk\/haberler\/gundem\/antalya-barosu-umit-ozdagin-davasina-gozlemci-olarak-katildi\/#breadcrumb\"},\"inLanguage\":\"de\",\"potentialAction\":[{\"@type\":\"ReadAction\",\"target\":[\"http:\/\/denizcankizil.tr\/uk\/haberler\/gundem\/antalya-barosu-umit-ozdagin-davasina-gozlemci-olarak-katildi\/\"]}]},{\"@type\":\"BreadcrumbList\",\"@id\":\"http:\/\/denizcankizil.tr\/uk\/haberler\/gundem\/antalya-barosu-umit-ozdagin-davasina-gozlemci-olarak-katildi\/#breadcrumb\",\"itemListElement\":[{\"@type\":\"ListItem\",\"position\":1,\"name\":\"Home\",\"item\":\"https:\/\/denizcankizil.tr\/de\/\"},{\"@type\":\"ListItem\",\"position\":2,\"name\":\"Antalya Barosu, \u00dcmit \u00d6zda\u011f&#8217;\u0131n davas\u0131na g\u00f6zlemci olarak kat\u0131ld\u0131\"}]},{\"@type\":\"WebSite\",\"@id\":\"https:\/\/denizcankizil.tr\/de\/#website\",\"url\":\"https:\/\/denizcankizil.tr\/de\/\",\"name\":\"Av. Deniz Can K\u0131z\u0131l\",\"description\":\"Avukat Deniz Can K\u0131z\u0131l Antalya Barosu\",\"publisher\":{\"@id\":\"https:\/\/denizcankizil.tr\/de\/#organization\"},\"potentialAction\":[{\"@type\":\"SearchAction\",\"target\":{\"@type\":\"EntryPoint\",\"urlTemplate\":\"https:\/\/denizcankizil.tr\/de\/?s={search_term_string}\"},\"query-input\":{\"@type\":\"PropertyValueSpecification\",\"valueRequired\":true,\"valueName\":\"search_term_string\"}}],\"inLanguage\":\"de\"},{\"@type\":\"Organization\",\"@id\":\"https:\/\/denizcankizil.tr\/de\/#organization\",\"name\":\"Av. Deniz Can K\u0131z\u0131l\",\"url\":\"https:\/\/denizcankizil.tr\/de\/\",\"logo\":{\"@type\":\"ImageObject\",\"inLanguage\":\"de\",\"@id\":\"https:\/\/denizcankizil.tr\/de\/#\/schema\/logo\/image\/\",\"url\":\"http:\/\/denizcankizil.tr\/wp-content\/uploads\/2024\/10\/siyah-logo-svg.svg\",\"contentUrl\":\"http:\/\/denizcankizil.tr\/wp-content\/uploads\/2024\/10\/siyah-logo-svg.svg\",\"width\":1080,\"height\":1080,\"caption\":\"Av. Deniz Can K\u0131z\u0131l\"},\"image\":{\"@id\":\"https:\/\/denizcankizil.tr\/de\/#\/schema\/logo\/image\/\"}},{\"@type\":\"Person\",\"@id\":\"https:\/\/denizcankizil.tr\/de\/#\/schema\/person\/e1eb71bb4dd684d46563f0af307e1234\",\"name\":\"Antalya K\u00f6rfez\",\"image\":{\"@type\":\"ImageObject\",\"inLanguage\":\"de\",\"@id\":\"https:\/\/denizcankizil.tr\/de\/#\/schema\/person\/image\/\",\"url\":\"https:\/\/secure.gravatar.com\/avatar\/42b01982558a48a0b501fdcab6a408d3717ea5919095ee2e67b0e521799c5905?s=96&d=mm&r=g\",\"contentUrl\":\"https:\/\/secure.gravatar.com\/avatar\/42b01982558a48a0b501fdcab6a408d3717ea5919095ee2e67b0e521799c5905?s=96&d=mm&r=g\",\"caption\":\"Antalya K\u00f6rfez\"},\"sameAs\":[\"http:\/\/www.antalyakorfez.com\"],\"url\":\"https:\/\/www.antalyakorfez.com\/antalya-barosu-umit-ozdagin-davasina-gozlemci-olarak-katildi\"}]}<\/script>\n<!-- \/ Yoast SEO Premium plugin. -->","yoast_head_json":{"title":"Antalya Barosu, \u00dcmit \u00d6zda\u011f'\u0131n davas\u0131na g\u00f6zlemci olarak kat\u0131ld\u0131 - Av. Deniz Can K\u0131z\u0131l","robots":{"index":"index","follow":"follow","max-snippet":"max-snippet:-1","max-image-preview":"max-image-preview:large","max-video-preview":"max-video-preview:-1"},"canonical":"http:\/\/denizcankizil.tr\/de\/haberler\/gundem\/antalya-barosu-umit-ozdagin-davasina-gozlemci-olarak-katildi\/","og_locale":"de_DE","og_type":"article","og_title":"Antalya Barosu, \u00dcmit \u00d6zda\u011f'\u0131n davas\u0131na g\u00f6zlemci olarak kat\u0131ld\u0131","og_description":"Zafer Partisi Genel Ba\u015fkan\u0131 Prof. Dr. \u00dcmit \u00d6zda\u011f&#8217;\u0131n, &#8220;Halk\u0131 kin ve d\u00fc\u015fmanl\u0131\u011f\u0131 tahrik&#8221; su\u00e7lamas\u0131yla yarg\u0131land\u0131\u011f\u0131 davan\u0131n duru\u015fmas\u0131 Silivri&#8217;de g\u00f6r\u00fcld\u00fc. Antalya Barosu, duru\u015fmay\u0131 Toplumsal Olay ve Davalar\u0131 \u0130zleme Kurulu (TODAK) Ba\u015fkan\u0131 avukat Selim Berkay Aksu arac\u0131l\u0131\u011f\u0131yla g\u00f6zlemci olarak takip etti. &#8220;TUTUKLULUK KARARI \u00d6L\u00c7\u00dcS\u00dcZ VE V\u0130CDANA AYKIRI&#8221; Silivri Cezaevi&#8217;nde g\u00f6r\u00fclen duru\u015fmada, savc\u0131l\u0131k makam\u0131 esas hakk\u0131ndaki m\u00fctalaas\u0131nda, \u00d6zda\u011f&#8217;\u0131n T\u00fcrk Ceza Kanunu&#8217;nun 216. maddesi uyar\u0131nca &#8220;halk\u0131 kin ve d\u00fc\u015fmanl\u0131\u011fa alenen tahrik&#8221; su\u00e7unu zincirleme ve nitelikli \u015fekilde i\u015fledi\u011fini ileri s\u00fcrerek, cezaland\u0131r\u0131lmas\u0131n\u0131 ve tutuklulu\u011funun devam\u0131n\u0131 talep etti. Mahkeme heyeti, tutuklulu\u011fun devam\u0131na karar vererek duru\u015fmay\u0131 17 Haziran 2025 tarihine erteledi. Antalya Barosu g\u00f6zlemcisi avukat Selim Berkay Aksu, tutuklulu\u011fun devam\u0131 y\u00f6n\u00fcndeki karar\u0131n, su\u00e7un \u00fcst s\u0131n\u0131rlar\u0131n\u0131n yaln\u0131zca \u00fc\u00e7 y\u0131l oldu\u011fu dikkate al\u0131nd\u0131\u011f\u0131nda, &#8220;a\u00e7\u0131k\u00e7a \u00f6l\u00e7\u00fcs\u00fcz, hukuka ve vicdana ayk\u0131r\u0131&#8221; oldu\u011funu belirti. BARODAN DAYANI\u015eMA MESAJI Duru\u015fma sonras\u0131 avukat Aksu, cezaevinde tutuklu bulunan Hatay Milletvekili Avukat Can Atalay ve Avukat Sel\u00e7uk Koza\u011fa\u00e7l\u0131&#8217;y\u0131 ziyaret etti. Antalya Barosu yapt\u0131\u011f\u0131 a\u00e7\u0131klamada, &#8220;T\u00fcm siyasi tutuklular i\u00e7in adil yarg\u0131lama zemini sa\u011flay\u0131ncaya ve haks\u0131z tutuklamalar son buluncaya kadar hukuk ve adalet m\u00fccadelemiz s\u00fcrecektir&#8221; ifadelerine yer verdi. \u200bAntalya Barosu, Zafer Partisi Genel Ba\u015fkan\u0131 \u00dcmit \u00d6zda\u011f&#8217;\u0131n yarg\u0131land\u0131\u011f\u0131 davay\u0131 yerinde izledi. Baro temsilcisi Selim Berkay Aksu, yarg\u0131lamadaki tutukluluk karar\u0131n\u0131, &#8220;\u00f6l\u00e7\u00fcs\u00fcz ve hukuka ayk\u0131r\u0131&#8221; olarak nitelendirdi.\u00a0 \u200bHaberin Al\u0131nt\u0131land\u0131\u011f\u0131 Kaynak: www.antalyakorfez.com","og_url":"http:\/\/denizcankizil.tr\/de\/haberler\/gundem\/antalya-barosu-umit-ozdagin-davasina-gozlemci-olarak-katildi\/","og_site_name":"Av. Deniz Can K\u0131z\u0131l","article_published_time":"2025-06-12T08:42:05+00:00","author":"Antalya K\u00f6rfez","twitter_card":"summary_large_image","twitter_misc":{"Verfasst von":"Antalya K\u00f6rfez","Gesch\u00e4tzte Lesezeit":"1\u00a0Minute"},"schema":{"@context":"https:\/\/schema.org","@graph":[{"@type":"Article","@id":"http:\/\/denizcankizil.tr\/uk\/haberler\/gundem\/antalya-barosu-umit-ozdagin-davasina-gozlemci-olarak-katildi\/#article","isPartOf":{"@id":"http:\/\/denizcankizil.tr\/uk\/haberler\/gundem\/antalya-barosu-umit-ozdagin-davasina-gozlemci-olarak-katildi\/"},"author":{"name":"Antalya K\u00f6rfez","@id":"https:\/\/denizcankizil.tr\/de\/#\/schema\/person\/e1eb71bb4dd684d46563f0af307e1234"},"headline":"Antalya Barosu, \u00dcmit \u00d6zda\u011f&#8217;\u0131n davas\u0131na g\u00f6zlemci olarak kat\u0131ld\u0131","datePublished":"2025-06-12T08:42:05+00:00","mainEntityOfPage":{"@id":"http:\/\/denizcankizil.tr\/uk\/haberler\/gundem\/antalya-barosu-umit-ozdagin-davasina-gozlemci-olarak-katildi\/"},"wordCount":300,"publisher":{"@id":"https:\/\/denizcankizil.tr\/de\/#organization"},"articleSection":["G\u00fcndem"],"inLanguage":"de"},{"@type":"WebPage","@id":"http:\/\/denizcankizil.tr\/uk\/haberler\/gundem\/antalya-barosu-umit-ozdagin-davasina-gozlemci-olarak-katildi\/","url":"http:\/\/denizcankizil.tr\/uk\/haberler\/gundem\/antalya-barosu-umit-ozdagin-davasina-gozlemci-olarak-katildi\/","name":"Antalya Barosu, \u00dcmit \u00d6zda\u011f'\u0131n davas\u0131na g\u00f6zlemci olarak kat\u0131ld\u0131 - Av. Deniz Can K\u0131z\u0131l","isPartOf":{"@id":"https:\/\/denizcankizil.tr\/de\/#website"},"datePublished":"2025-06-12T08:42:05+00:00","breadcrumb":{"@id":"http:\/\/denizcankizil.tr\/uk\/haberler\/gundem\/antalya-barosu-umit-ozdagin-davasina-gozlemci-olarak-katildi\/#breadcrumb"},"inLanguage":"de","potentialAction":[{"@type":"ReadAction","target":["http:\/\/denizcankizil.tr\/uk\/haberler\/gundem\/antalya-barosu-umit-ozdagin-davasina-gozlemci-olarak-katildi\/"]}]},{"@type":"BreadcrumbList","@id":"http:\/\/denizcankizil.tr\/uk\/haberler\/gundem\/antalya-barosu-umit-ozdagin-davasina-gozlemci-olarak-katildi\/#breadcrumb","itemListElement":[{"@type":"ListItem","position":1,"name":"Home","item":"https:\/\/denizcankizil.tr\/de\/"},{"@type":"ListItem","position":2,"name":"Antalya Barosu, \u00dcmit \u00d6zda\u011f&#8217;\u0131n davas\u0131na g\u00f6zlemci olarak kat\u0131ld\u0131"}]},{"@type":"WebSite","@id":"https:\/\/denizcankizil.tr\/de\/#website","url":"https:\/\/denizcankizil.tr\/de\/","name":"Av. Deniz Can K\u0131z\u0131l","description":"Avukat Deniz Can K\u0131z\u0131l Antalya Barosu","publisher":{"@id":"https:\/\/denizcankizil.tr\/de\/#organization"},"potentialAction":[{"@type":"SearchAction","target":{"@type":"EntryPoint","urlTemplate":"https:\/\/denizcankizil.tr\/de\/?s={search_term_string}"},"query-input":{"@type":"PropertyValueSpecification","valueRequired":true,"valueName":"search_term_string"}}],"inLanguage":"de"},{"@type":"Organization","@id":"https:\/\/denizcankizil.tr\/de\/#organization","name":"Av. Deniz Can K\u0131z\u0131l","url":"https:\/\/denizcankizil.tr\/de\/","logo":{"@type":"ImageObject","inLanguage":"de","@id":"https:\/\/denizcankizil.tr\/de\/#\/schema\/logo\/image\/","url":"http:\/\/denizcankizil.tr\/wp-content\/uploads\/2024\/10\/siyah-logo-svg.svg","contentUrl":"http:\/\/denizcankizil.tr\/wp-content\/uploads\/2024\/10\/siyah-logo-svg.svg","width":1080,"height":1080,"caption":"Av. Deniz Can K\u0131z\u0131l"},"image":{"@id":"https:\/\/denizcankizil.tr\/de\/#\/schema\/logo\/image\/"}},{"@type":"Person","@id":"https:\/\/denizcankizil.tr\/de\/#\/schema\/person\/e1eb71bb4dd684d46563f0af307e1234","name":"Antalya K\u00f6rfez","image":{"@type":"ImageObject","inLanguage":"de","@id":"https:\/\/denizcankizil.tr\/de\/#\/schema\/person\/image\/","url":"https:\/\/secure.gravatar.com\/avatar\/42b01982558a48a0b501fdcab6a408d3717ea5919095ee2e67b0e521799c5905?s=96&d=mm&r=g","contentUrl":"https:\/\/secure.gravatar.com\/avatar\/42b01982558a48a0b501fdcab6a408d3717ea5919095ee2e67b0e521799c5905?s=96&d=mm&r=g","caption":"Antalya K\u00f6rfez"},"sameAs":["http:\/\/www.antalyakorfez.com"],"url":"https:\/\/www.antalyakorfez.com\/antalya-barosu-umit-ozdagin-davasina-gozlemci-olarak-katildi"}]}},"_links":{"self":[{"href":"http:\/\/denizcankizil.tr\/de\/wp-json\/wp\/v2\/posts\/114262","targetHints":{"allow":["GET"]}}],"collection":[{"href":"http:\/\/denizcankizil.tr\/de\/wp-json\/wp\/v2\/posts"}],"about":[{"href":"http:\/\/denizcankizil.tr\/de\/wp-json\/wp\/v2\/types\/post"}],"author":[{"embeddable":true,"href":"http:\/\/denizcankizil.tr\/de\/wp-json\/wp\/v2\/users\/5"}],"replies":[{"embeddable":true,"href":"http:\/\/denizcankizil.tr\/de\/wp-json\/wp\/v2\/comments?post=114262"}],"version-history":[{"count":0,"href":"http:\/\/denizcankizil.tr\/de\/wp-json\/wp\/v2\/posts\/114262\/revisions"}],"wp:attachment":[{"href":"http:\/\/denizcankizil.tr\/de\/wp-json\/wp\/v2\/media?parent=114262"}],"wp:term":[{"taxonomy":"category","embeddable":true,"href":"http:\/\/denizcankizil.tr\/de\/wp-json\/wp\/v2\/categories?post=114262"},{"taxonomy":"post_tag","embeddable":true,"href":"http:\/\/denizcankizil.tr\/de\/wp-json\/wp\/v2\/tags?post=114262"}],"curies":[{"name":"wp","href":"https:\/\/api.w.org\/{rel}","templated":true}]}}