{"id":11273,"date":"2024-11-01T19:41:25","date_gmt":"2024-11-01T16:41:25","guid":{"rendered":"https:\/\/denizcankizil.tr\/uncategorized-tr\/milas-belediyesi-can-dostlarimizin-yardimina-kosuyor\/"},"modified":"2024-11-01T19:41:25","modified_gmt":"2024-11-01T16:41:25","slug":"milas-belediyesi-can-dostlarimizin-yardimina-kosuyor","status":"publish","type":"post","link":"http:\/\/denizcankizil.tr\/de\/haberler\/gundem\/milas-belediyesi-can-dostlarimizin-yardimina-kosuyor\/","title":{"rendered":"Milas Belediyesi Can Dostlar\u0131m\u0131z\u0131n Yard\u0131m\u0131na Ko\u015fuyor"},"content":{"rendered":"<p>Milas Belediyesi il\u00e7e genelinde sokak hayvanlar\u0131n\u0131n yard\u0131m\u0131na ko\u015fuyor. Yard\u0131ma muhta\u00e7, acil m\u00fcdahale edilmesi gereken can dostlar\u0131m\u0131z\u0131 belediye b\u00fcnyesinde bulunan Hayvan Bak\u0131mevi ve Rehabilitasyon Merkezi\u2019ne daha h\u0131zl\u0131 ve g\u00fcvenli bir \u015fekilde sevklerini sa\u011flamak i\u00e7in Milas Belediyesi taraf\u0131ndan yeni Canl\u0131 Hayvan Nakil Arac\u0131 hizmete ba\u015flat\u0131ld\u0131.\u00a0<\/p>\n<p>\u200bMilas Belediyesi il\u00e7e genelinde sokak hayvanlar\u0131n\u0131n yard\u0131m\u0131na ko\u015fuyor. Yard\u0131ma muhta\u00e7, acil m\u00fcdahale edilmesi gereken can dostlar\u0131m\u0131z\u0131 belediye b\u00fcnyesinde bulunan Hayvan Bak\u0131mevi ve Rehabilitasyon Merkezi\u2019ne daha h\u0131zl\u0131 ve g\u00fcvenli bir \u015fekilde sevklerini sa\u011flamak i\u00e7in Milas Belediyesi taraf\u0131ndan yeni Canl\u0131 Hayvan Nakil Arac\u0131 hizmete ba\u015flat\u0131ld\u0131.\u00a0\u00a0<\/p>\n<p>\u200bHaberin Al\u0131nt\u0131land\u0131\u011f\u0131 Kaynak: www.iskenderun.org<\/p>","protected":false},"excerpt":{"rendered":"<p>Milas Belediyesi il\u00e7e genelinde sokak hayvanlar\u0131n\u0131n yard\u0131m\u0131na ko\u015fuyor. Yard\u0131ma muhta\u00e7, acil m\u00fcdahale edilmesi gereken can dostlar\u0131m\u0131z\u0131 belediye b\u00fcnyesinde bulunan Hayvan Bak\u0131mevi ve Rehabilitasyon Merkezi\u2019ne daha h\u0131zl\u0131 ve g\u00fcvenli bir \u015fekilde sevklerini sa\u011flamak i\u00e7in Milas Belediyesi taraf\u0131ndan yeni Canl\u0131 Hayvan Nakil Arac\u0131 hizmete ba\u015flat\u0131ld\u0131.\u00a0 \u200bMilas Belediyesi il\u00e7e genelinde sokak hayvanlar\u0131n\u0131n yard\u0131m\u0131na ko\u015fuyor. Yard\u0131ma muhta\u00e7, acil m\u00fcdahale edilmesi gereken can dostlar\u0131m\u0131z\u0131 belediye b\u00fcnyesinde bulunan Hayvan Bak\u0131mevi ve Rehabilitasyon Merkezi\u2019ne daha h\u0131zl\u0131 ve g\u00fcvenli bir \u015fekilde sevklerini sa\u011flamak i\u00e7in Milas Belediyesi taraf\u0131ndan yeni Canl\u0131 Hayvan Nakil Arac\u0131 hizmete ba\u015flat\u0131ld\u0131.\u00a0\u00a0 \u200bHaberin Al\u0131nt\u0131land\u0131\u011f\u0131 Kaynak: www.iskenderun.org<\/p>","protected":false},"author":0,"featured_media":0,"comment_status":"open","ping_status":"open","sticky":false,"template":"","format":"standard","meta":{"_acf_changed":false,"footnotes":""},"categories":[24,535],"tags":[],"class_list":["post-11273","post","type-post","status-publish","format-standard","has-post-thumbnail","hentry","category-gundem","category-uncategorized-tr"],"acf":[],"yoast_head":"<!-- This site is optimized with the Yoast SEO Premium plugin v26.6 (Yoast SEO v27.1.1) - https:\/\/yoast.com\/product\/yoast-seo-premium-wordpress\/ -->\n<title>Milas Belediyesi Can Dostlar\u0131m\u0131z\u0131n Yard\u0131m\u0131na Ko\u015fuyor - Av. Deniz Can K\u0131z\u0131l<\/title>\n<meta name=\"robots\" content=\"index, follow, max-snippet:-1, max-image-preview:large, max-video-preview:-1\" \/>\n<link rel=\"canonical\" href=\"https:\/\/denizcankizil.tr\/de\/haberler\/gundem\/milas-belediyesi-can-dostlarimizin-yardimina-kosuyor\/\" \/>\n<meta property=\"og:locale\" content=\"de_DE\" \/>\n<meta property=\"og:type\" content=\"article\" \/>\n<meta property=\"og:title\" content=\"Milas Belediyesi Can Dostlar\u0131m\u0131z\u0131n Yard\u0131m\u0131na Ko\u015fuyor\" \/>\n<meta property=\"og:description\" content=\"Milas Belediyesi il\u00e7e genelinde sokak hayvanlar\u0131n\u0131n yard\u0131m\u0131na ko\u015fuyor. Yard\u0131ma muhta\u00e7, acil m\u00fcdahale edilmesi gereken can dostlar\u0131m\u0131z\u0131 belediye b\u00fcnyesinde bulunan Hayvan Bak\u0131mevi ve Rehabilitasyon Merkezi\u2019ne daha h\u0131zl\u0131 ve g\u00fcvenli bir \u015fekilde sevklerini sa\u011flamak i\u00e7in Milas Belediyesi taraf\u0131ndan yeni Canl\u0131 Hayvan Nakil Arac\u0131 hizmete ba\u015flat\u0131ld\u0131.\u00a0 \u200bMilas Belediyesi il\u00e7e genelinde sokak hayvanlar\u0131n\u0131n yard\u0131m\u0131na ko\u015fuyor. Yard\u0131ma muhta\u00e7, acil m\u00fcdahale edilmesi gereken can dostlar\u0131m\u0131z\u0131 belediye b\u00fcnyesinde bulunan Hayvan Bak\u0131mevi ve Rehabilitasyon Merkezi\u2019ne daha h\u0131zl\u0131 ve g\u00fcvenli bir \u015fekilde sevklerini sa\u011flamak i\u00e7in Milas Belediyesi taraf\u0131ndan yeni Canl\u0131 Hayvan Nakil Arac\u0131 hizmete ba\u015flat\u0131ld\u0131.\u00a0\u00a0 \u200bHaberin Al\u0131nt\u0131land\u0131\u011f\u0131 Kaynak: www.iskenderun.org\" \/>\n<meta property=\"og:url\" content=\"https:\/\/denizcankizil.tr\/de\/haberler\/gundem\/milas-belediyesi-can-dostlarimizin-yardimina-kosuyor\/\" \/>\n<meta property=\"og:site_name\" content=\"Av. Deniz Can K\u0131z\u0131l\" \/>\n<meta property=\"article:published_time\" content=\"2024-11-01T16:41:25+00:00\" \/>\n<meta name=\"twitter:card\" content=\"summary_large_image\" \/>\n<meta name=\"twitter:label1\" content=\"Gesch\u00e4tzte Lesezeit\" \/>\n\t<meta name=\"twitter:data1\" content=\"1\u00a0Minute\" \/>\n<script type=\"application\/ld+json\" class=\"yoast-schema-graph\">{\"@context\":\"https:\/\/schema.org\",\"@graph\":[{\"@type\":\"Article\",\"@id\":\"https:\/\/denizcankizil.tr\/ru\/haberler\/gundem\/milas-belediyesi-can-dostlarimizin-yardimina-kosuyor\/#article\",\"isPartOf\":{\"@id\":\"https:\/\/denizcankizil.tr\/ru\/haberler\/gundem\/milas-belediyesi-can-dostlarimizin-yardimina-kosuyor\/\"},\"author\":{\"name\":\"\",\"@id\":\"\"},\"headline\":\"Milas Belediyesi Can Dostlar\u0131m\u0131z\u0131n Yard\u0131m\u0131na Ko\u015fuyor\",\"datePublished\":\"2024-11-01T16:41:25+00:00\",\"mainEntityOfPage\":{\"@id\":\"https:\/\/denizcankizil.tr\/ru\/haberler\/gundem\/milas-belediyesi-can-dostlarimizin-yardimina-kosuyor\/\"},\"wordCount\":146,\"commentCount\":0,\"publisher\":{\"@id\":\"https:\/\/denizcankizil.tr\/de\/#organization\"},\"articleSection\":[\"G\u00fcndem\",\"Uncategorized\"],\"inLanguage\":\"de\",\"potentialAction\":[{\"@type\":\"CommentAction\",\"name\":\"Comment\",\"target\":[\"https:\/\/denizcankizil.tr\/ru\/haberler\/gundem\/milas-belediyesi-can-dostlarimizin-yardimina-kosuyor\/#respond\"]}]},{\"@type\":\"WebPage\",\"@id\":\"https:\/\/denizcankizil.tr\/ru\/haberler\/gundem\/milas-belediyesi-can-dostlarimizin-yardimina-kosuyor\/\",\"url\":\"https:\/\/denizcankizil.tr\/ru\/haberler\/gundem\/milas-belediyesi-can-dostlarimizin-yardimina-kosuyor\/\",\"name\":\"Milas Belediyesi Can Dostlar\u0131m\u0131z\u0131n Yard\u0131m\u0131na Ko\u015fuyor - Av. Deniz Can K\u0131z\u0131l\",\"isPartOf\":{\"@id\":\"https:\/\/denizcankizil.tr\/de\/#website\"},\"datePublished\":\"2024-11-01T16:41:25+00:00\",\"breadcrumb\":{\"@id\":\"https:\/\/denizcankizil.tr\/ru\/haberler\/gundem\/milas-belediyesi-can-dostlarimizin-yardimina-kosuyor\/#breadcrumb\"},\"inLanguage\":\"de\",\"potentialAction\":[{\"@type\":\"ReadAction\",\"target\":[\"https:\/\/denizcankizil.tr\/ru\/haberler\/gundem\/milas-belediyesi-can-dostlarimizin-yardimina-kosuyor\/\"]}]},{\"@type\":\"BreadcrumbList\",\"@id\":\"https:\/\/denizcankizil.tr\/ru\/haberler\/gundem\/milas-belediyesi-can-dostlarimizin-yardimina-kosuyor\/#breadcrumb\",\"itemListElement\":[{\"@type\":\"ListItem\",\"position\":1,\"name\":\"Home\",\"item\":\"https:\/\/denizcankizil.tr\/de\/\"},{\"@type\":\"ListItem\",\"position\":2,\"name\":\"Milas Belediyesi Can Dostlar\u0131m\u0131z\u0131n Yard\u0131m\u0131na Ko\u015fuyor\"}]},{\"@type\":\"WebSite\",\"@id\":\"https:\/\/denizcankizil.tr\/de\/#website\",\"url\":\"https:\/\/denizcankizil.tr\/de\/\",\"name\":\"Av. Deniz Can K\u0131z\u0131l\",\"description\":\"Avukat Deniz Can K\u0131z\u0131l Antalya Barosu\",\"publisher\":{\"@id\":\"https:\/\/denizcankizil.tr\/de\/#organization\"},\"potentialAction\":[{\"@type\":\"SearchAction\",\"target\":{\"@type\":\"EntryPoint\",\"urlTemplate\":\"https:\/\/denizcankizil.tr\/de\/?s={search_term_string}\"},\"query-input\":{\"@type\":\"PropertyValueSpecification\",\"valueRequired\":true,\"valueName\":\"search_term_string\"}}],\"inLanguage\":\"de\"},{\"@type\":\"Organization\",\"@id\":\"https:\/\/denizcankizil.tr\/de\/#organization\",\"name\":\"Av. Deniz Can K\u0131z\u0131l\",\"url\":\"https:\/\/denizcankizil.tr\/de\/\",\"logo\":{\"@type\":\"ImageObject\",\"inLanguage\":\"de\",\"@id\":\"https:\/\/denizcankizil.tr\/de\/#\/schema\/logo\/image\/\",\"url\":\"http:\/\/denizcankizil.tr\/wp-content\/uploads\/2024\/10\/siyah-logo-svg.svg\",\"contentUrl\":\"http:\/\/denizcankizil.tr\/wp-content\/uploads\/2024\/10\/siyah-logo-svg.svg\",\"width\":1080,\"height\":1080,\"caption\":\"Av. Deniz Can K\u0131z\u0131l\"},\"image\":{\"@id\":\"https:\/\/denizcankizil.tr\/de\/#\/schema\/logo\/image\/\"}}]}<\/script>\n<!-- \/ Yoast SEO Premium plugin. -->","yoast_head_json":{"title":"Milas Belediyesi Can Dostlar\u0131m\u0131z\u0131n Yard\u0131m\u0131na Ko\u015fuyor - Av. Deniz Can K\u0131z\u0131l","robots":{"index":"index","follow":"follow","max-snippet":"max-snippet:-1","max-image-preview":"max-image-preview:large","max-video-preview":"max-video-preview:-1"},"canonical":"https:\/\/denizcankizil.tr\/de\/haberler\/gundem\/milas-belediyesi-can-dostlarimizin-yardimina-kosuyor\/","og_locale":"de_DE","og_type":"article","og_title":"Milas Belediyesi Can Dostlar\u0131m\u0131z\u0131n Yard\u0131m\u0131na Ko\u015fuyor","og_description":"Milas Belediyesi il\u00e7e genelinde sokak hayvanlar\u0131n\u0131n yard\u0131m\u0131na ko\u015fuyor. Yard\u0131ma muhta\u00e7, acil m\u00fcdahale edilmesi gereken can dostlar\u0131m\u0131z\u0131 belediye b\u00fcnyesinde bulunan Hayvan Bak\u0131mevi ve Rehabilitasyon Merkezi\u2019ne daha h\u0131zl\u0131 ve g\u00fcvenli bir \u015fekilde sevklerini sa\u011flamak i\u00e7in Milas Belediyesi taraf\u0131ndan yeni Canl\u0131 Hayvan Nakil Arac\u0131 hizmete ba\u015flat\u0131ld\u0131.\u00a0 \u200bMilas Belediyesi il\u00e7e genelinde sokak hayvanlar\u0131n\u0131n yard\u0131m\u0131na ko\u015fuyor. Yard\u0131ma muhta\u00e7, acil m\u00fcdahale edilmesi gereken can dostlar\u0131m\u0131z\u0131 belediye b\u00fcnyesinde bulunan Hayvan Bak\u0131mevi ve Rehabilitasyon Merkezi\u2019ne daha h\u0131zl\u0131 ve g\u00fcvenli bir \u015fekilde sevklerini sa\u011flamak i\u00e7in Milas Belediyesi taraf\u0131ndan yeni Canl\u0131 Hayvan Nakil Arac\u0131 hizmete ba\u015flat\u0131ld\u0131.\u00a0\u00a0 \u200bHaberin Al\u0131nt\u0131land\u0131\u011f\u0131 Kaynak: www.iskenderun.org","og_url":"https:\/\/denizcankizil.tr\/de\/haberler\/gundem\/milas-belediyesi-can-dostlarimizin-yardimina-kosuyor\/","og_site_name":"Av. Deniz Can K\u0131z\u0131l","article_published_time":"2024-11-01T16:41:25+00:00","twitter_card":"summary_large_image","twitter_misc":{"Gesch\u00e4tzte Lesezeit":"1\u00a0Minute"},"schema":{"@context":"https:\/\/schema.org","@graph":[{"@type":"Article","@id":"https:\/\/denizcankizil.tr\/ru\/haberler\/gundem\/milas-belediyesi-can-dostlarimizin-yardimina-kosuyor\/#article","isPartOf":{"@id":"https:\/\/denizcankizil.tr\/ru\/haberler\/gundem\/milas-belediyesi-can-dostlarimizin-yardimina-kosuyor\/"},"author":{"name":"","@id":""},"headline":"Milas Belediyesi Can Dostlar\u0131m\u0131z\u0131n Yard\u0131m\u0131na Ko\u015fuyor","datePublished":"2024-11-01T16:41:25+00:00","mainEntityOfPage":{"@id":"https:\/\/denizcankizil.tr\/ru\/haberler\/gundem\/milas-belediyesi-can-dostlarimizin-yardimina-kosuyor\/"},"wordCount":146,"commentCount":0,"publisher":{"@id":"https:\/\/denizcankizil.tr\/de\/#organization"},"articleSection":["G\u00fcndem","Uncategorized"],"inLanguage":"de","potentialAction":[{"@type":"CommentAction","name":"Comment","target":["https:\/\/denizcankizil.tr\/ru\/haberler\/gundem\/milas-belediyesi-can-dostlarimizin-yardimina-kosuyor\/#respond"]}]},{"@type":"WebPage","@id":"https:\/\/denizcankizil.tr\/ru\/haberler\/gundem\/milas-belediyesi-can-dostlarimizin-yardimina-kosuyor\/","url":"https:\/\/denizcankizil.tr\/ru\/haberler\/gundem\/milas-belediyesi-can-dostlarimizin-yardimina-kosuyor\/","name":"Milas Belediyesi Can Dostlar\u0131m\u0131z\u0131n Yard\u0131m\u0131na Ko\u015fuyor - Av. Deniz Can K\u0131z\u0131l","isPartOf":{"@id":"https:\/\/denizcankizil.tr\/de\/#website"},"datePublished":"2024-11-01T16:41:25+00:00","breadcrumb":{"@id":"https:\/\/denizcankizil.tr\/ru\/haberler\/gundem\/milas-belediyesi-can-dostlarimizin-yardimina-kosuyor\/#breadcrumb"},"inLanguage":"de","potentialAction":[{"@type":"ReadAction","target":["https:\/\/denizcankizil.tr\/ru\/haberler\/gundem\/milas-belediyesi-can-dostlarimizin-yardimina-kosuyor\/"]}]},{"@type":"BreadcrumbList","@id":"https:\/\/denizcankizil.tr\/ru\/haberler\/gundem\/milas-belediyesi-can-dostlarimizin-yardimina-kosuyor\/#breadcrumb","itemListElement":[{"@type":"ListItem","position":1,"name":"Home","item":"https:\/\/denizcankizil.tr\/de\/"},{"@type":"ListItem","position":2,"name":"Milas Belediyesi Can Dostlar\u0131m\u0131z\u0131n Yard\u0131m\u0131na Ko\u015fuyor"}]},{"@type":"WebSite","@id":"https:\/\/denizcankizil.tr\/de\/#website","url":"https:\/\/denizcankizil.tr\/de\/","name":"Av. Deniz Can K\u0131z\u0131l","description":"Avukat Deniz Can K\u0131z\u0131l Antalya Barosu","publisher":{"@id":"https:\/\/denizcankizil.tr\/de\/#organization"},"potentialAction":[{"@type":"SearchAction","target":{"@type":"EntryPoint","urlTemplate":"https:\/\/denizcankizil.tr\/de\/?s={search_term_string}"},"query-input":{"@type":"PropertyValueSpecification","valueRequired":true,"valueName":"search_term_string"}}],"inLanguage":"de"},{"@type":"Organization","@id":"https:\/\/denizcankizil.tr\/de\/#organization","name":"Av. Deniz Can K\u0131z\u0131l","url":"https:\/\/denizcankizil.tr\/de\/","logo":{"@type":"ImageObject","inLanguage":"de","@id":"https:\/\/denizcankizil.tr\/de\/#\/schema\/logo\/image\/","url":"http:\/\/denizcankizil.tr\/wp-content\/uploads\/2024\/10\/siyah-logo-svg.svg","contentUrl":"http:\/\/denizcankizil.tr\/wp-content\/uploads\/2024\/10\/siyah-logo-svg.svg","width":1080,"height":1080,"caption":"Av. Deniz Can K\u0131z\u0131l"},"image":{"@id":"https:\/\/denizcankizil.tr\/de\/#\/schema\/logo\/image\/"}}]}},"_links":{"self":[{"href":"http:\/\/denizcankizil.tr\/de\/wp-json\/wp\/v2\/posts\/11273","targetHints":{"allow":["GET"]}}],"collection":[{"href":"http:\/\/denizcankizil.tr\/de\/wp-json\/wp\/v2\/posts"}],"about":[{"href":"http:\/\/denizcankizil.tr\/de\/wp-json\/wp\/v2\/types\/post"}],"replies":[{"embeddable":true,"href":"http:\/\/denizcankizil.tr\/de\/wp-json\/wp\/v2\/comments?post=11273"}],"version-history":[{"count":0,"href":"http:\/\/denizcankizil.tr\/de\/wp-json\/wp\/v2\/posts\/11273\/revisions"}],"wp:attachment":[{"href":"http:\/\/denizcankizil.tr\/de\/wp-json\/wp\/v2\/media?parent=11273"}],"wp:term":[{"taxonomy":"category","embeddable":true,"href":"http:\/\/denizcankizil.tr\/de\/wp-json\/wp\/v2\/categories?post=11273"},{"taxonomy":"post_tag","embeddable":true,"href":"http:\/\/denizcankizil.tr\/de\/wp-json\/wp\/v2\/tags?post=11273"}],"curies":[{"name":"wp","href":"https:\/\/api.w.org\/{rel}","templated":true}]}}