{"id":110446,"date":"2025-06-08T10:42:21","date_gmt":"2025-06-08T07:42:21","guid":{"rendered":"https:\/\/denizcankizil.tr\/uncategorized-tr\/ankara-kecioren-kesim-alanlarinda-temizligi-suruyor\/"},"modified":"2025-06-08T10:42:21","modified_gmt":"2025-06-08T07:42:21","slug":"ankara-kecioren-kesim-alanlarinda-temizligi-suruyor","status":"publish","type":"post","link":"http:\/\/denizcankizil.tr\/de\/haberler\/gundem\/ankara-kecioren-kesim-alanlarinda-temizligi-suruyor\/","title":{"rendered":"Ankara Ke\u00e7i\u00f6ren kesim alanlar\u0131nda temizli\u011fi s\u00fcr\u00fcyor"},"content":{"rendered":"<p>Ankara&#8217;n\u0131n Ke\u00e7i\u00f6ren il\u00e7esinde 16 kurban kesim noktas\u0131ndaki temizlik \u00e7al\u0131\u015fmalar\u0131 s\u00fcr\u00fcyor.ANKARA (\u0130GFA) &#8211; Ankara Ke\u00e7i\u00f6ren&#8217;de il\u00e7e sakinlerinin Kurban Bayram\u0131\u2019n\u0131 huzur i\u00e7inde ge\u00e7irmesi i\u00e7in t\u00fcm birimleriyle sahada olan Ke\u00e7i\u00f6ren Belediyesi, kurban kesim noktas\u0131 olarak belirlenen 16 farkl\u0131 noktada ve kesimhanede vatanda\u015flar kurban ibadetlerini tamamlad\u0131ktan sonra hummal\u0131 temizlik \u00e7al\u0131\u015fmas\u0131 y\u00fcr\u00fctt\u00fc.<br \/>\nSabah\u0131n erken saatlerinden itibaren g\u00f6rev ba\u015f\u0131nda olan temizlik personelleri, kesim noktalar\u0131n\u0131 tazyikli suyla y\u0131kad\u0131. Koku giderici ve dezenfektanlarla yap\u0131lan son temizlikle birlikte alanlar yeniden halk\u0131n kullan\u0131m\u0131na uygun hale getirildi.<br \/>\nKe\u00e7i\u00f6ren Belediyesi, kurban etlerinin muhafaza edilmesi i\u00e7in vatanda\u015flara kurban po\u015feti da\u011f\u0131t\u0131rken t\u00fcm kesim alanlar\u0131nda \u00e7orba ikram\u0131nda bulundu.<\/p>\n<p>Ke\u00e7i\u00f6renlilerin kurban ibadetlerini hijyenik bir ortamda ger\u00e7ekle\u015ftirmesi i\u00e7in temizlik \u00e7al\u0131\u015fmalar\u0131n\u0131n aral\u0131ks\u0131z devam etti\u011fini kaydeden Ke\u00e7i\u00f6ren Belediye Ba\u015fkan\u0131 Dr. Mesut \u00d6zarslan, \u201cKurban kesim alanlar\u0131m\u0131zdaki temizlik \u00e7al\u0131\u015fmalar\u0131m\u0131z\u0131 bayram boyunca yak\u0131ndan takip ediyoruz. Hem vatanda\u015flar\u0131m\u0131z\u0131n ibadetlerini sa\u011fl\u0131kl\u0131 ko\u015fullarda yerine getirmeleri hem de halk sa\u011fl\u0131\u011f\u0131n\u0131 korumak ad\u0131na temizlik \u00e7al\u0131\u015fmalar\u0131m\u0131za aral\u0131ks\u0131z devam ediyoruz. Ekiplerimiz gece g\u00fcnd\u00fcz demeden g\u00f6revlerinin ba\u015f\u0131nda olacak. T\u00fcm vatanda\u015flar\u0131m\u0131z\u0131n Kurban Bayram\u0131\u2019n\u0131 kutluyorum\u201d diye konu\u015ftu.<\/p>\n<p>\u200bAnkara&#8217;n\u0131n Ke\u00e7i\u00f6ren il\u00e7esinde 16 kurban kesim noktas\u0131ndaki temizlik \u00e7al\u0131\u015fmalar\u0131 s\u00fcr\u00fcyor.ANKARA (\u0130GFA) &#8211; Ankara Ke\u00e7i\u00f6ren&#8217;de il\u00e7e sakinlerinin Kurban Bayram\u0131\u2019n\u0131 huzur i\u00e7inde ge\u00e7irmesi i\u00e7in t\u00fcm birimleriyle sahada olan Ke\u00e7i\u00f6ren Belediyesi, kurban kesim noktas\u0131 olarak belirlenen 16 farkl\u0131 noktada ve kesimhanede vatanda\u015flar kurban ibadetlerini tamamlad\u0131ktan sonra hummal\u0131 temizlik \u00e7al\u0131\u015fmas\u0131 y\u00fcr\u00fctt\u00fc.<br \/>\nSabah\u0131n erken saatlerinden itibaren g\u00f6rev ba\u015f\u0131nda olan temizlik personelleri, kesim noktalar\u0131n\u0131 tazyikli suyla y\u0131kad\u0131. Koku giderici ve dezenfektanlarla yap\u0131lan son temizlikle birlikte alanlar yeniden halk\u0131n kullan\u0131m\u0131na uygun hale getirildi.<br \/>\nKe\u00e7i\u00f6ren Belediyesi, kurban etlerinin muhafaza edilmesi i\u00e7in vatanda\u015flara kurban po\u015feti da\u011f\u0131t\u0131rken t\u00fcm kesim alanlar\u0131nda \u00e7orba ikram\u0131nda bulundu.<\/p>\n<p>Ke\u00e7i\u00f6renlilerin kurban ibadetlerini hijyenik bir ortamda ger\u00e7ekle\u015ftirmesi i\u00e7in temizlik \u00e7al\u0131\u015fmalar\u0131n\u0131n aral\u0131ks\u0131z devam etti\u011fini kaydeden Ke\u00e7i\u00f6ren Belediye Ba\u015fkan\u0131 Dr. Mesut \u00d6zarslan, \u201cKurban kesim alanlar\u0131m\u0131zdaki temizlik \u00e7al\u0131\u015fmalar\u0131m\u0131z\u0131 bayram boyunca yak\u0131ndan takip ediyoruz. Hem vatanda\u015flar\u0131m\u0131z\u0131n ibadetlerini sa\u011fl\u0131kl\u0131 ko\u015fullarda yerine getirmeleri hem de halk sa\u011fl\u0131\u011f\u0131n\u0131 korumak ad\u0131na temizlik \u00e7al\u0131\u015fmalar\u0131m\u0131za aral\u0131ks\u0131z devam ediyoruz. Ekiplerimiz gece g\u00fcnd\u00fcz demeden g\u00f6revlerinin ba\u015f\u0131nda olacak. T\u00fcm vatanda\u015flar\u0131m\u0131z\u0131n Kurban Bayram\u0131\u2019n\u0131 kutluyorum\u201d diye konu\u015ftu.\u00a0<\/p>\n<p>\u200bHaberin Al\u0131nt\u0131land\u0131\u011f\u0131 Kaynak: www.iskenderun.org<\/p>","protected":false},"excerpt":{"rendered":"<p>Ankara&#8217;n\u0131n Ke\u00e7i\u00f6ren il\u00e7esinde 16 kurban kesim noktas\u0131ndaki temizlik \u00e7al\u0131\u015fmalar\u0131 s\u00fcr\u00fcyor.ANKARA (\u0130GFA) &#8211; Ankara Ke\u00e7i\u00f6ren&#8217;de il\u00e7e sakinlerinin Kurban Bayram\u0131\u2019n\u0131 huzur i\u00e7inde ge\u00e7irmesi i\u00e7in t\u00fcm birimleriyle sahada olan Ke\u00e7i\u00f6ren Belediyesi, kurban kesim noktas\u0131 olarak belirlenen 16 farkl\u0131 noktada ve kesimhanede vatanda\u015flar kurban ibadetlerini tamamlad\u0131ktan sonra hummal\u0131 temizlik \u00e7al\u0131\u015fmas\u0131 y\u00fcr\u00fctt\u00fc. Sabah\u0131n erken saatlerinden itibaren g\u00f6rev ba\u015f\u0131nda olan temizlik personelleri, kesim noktalar\u0131n\u0131 tazyikli suyla y\u0131kad\u0131. Koku giderici ve dezenfektanlarla yap\u0131lan son temizlikle birlikte alanlar yeniden halk\u0131n kullan\u0131m\u0131na uygun hale getirildi. Ke\u00e7i\u00f6ren Belediyesi, kurban etlerinin muhafaza edilmesi i\u00e7in vatanda\u015flara kurban po\u015feti da\u011f\u0131t\u0131rken t\u00fcm kesim alanlar\u0131nda \u00e7orba ikram\u0131nda bulundu. Ke\u00e7i\u00f6renlilerin kurban ibadetlerini hijyenik bir ortamda ger\u00e7ekle\u015ftirmesi i\u00e7in temizlik \u00e7al\u0131\u015fmalar\u0131n\u0131n aral\u0131ks\u0131z devam etti\u011fini kaydeden Ke\u00e7i\u00f6ren Belediye Ba\u015fkan\u0131 Dr. Mesut \u00d6zarslan, \u201cKurban kesim alanlar\u0131m\u0131zdaki temizlik \u00e7al\u0131\u015fmalar\u0131m\u0131z\u0131 bayram boyunca yak\u0131ndan takip ediyoruz. Hem vatanda\u015flar\u0131m\u0131z\u0131n ibadetlerini sa\u011fl\u0131kl\u0131 ko\u015fullarda yerine getirmeleri hem de halk sa\u011fl\u0131\u011f\u0131n\u0131 korumak ad\u0131na temizlik \u00e7al\u0131\u015fmalar\u0131m\u0131za aral\u0131ks\u0131z devam ediyoruz. Ekiplerimiz gece g\u00fcnd\u00fcz demeden g\u00f6revlerinin ba\u015f\u0131nda olacak. T\u00fcm vatanda\u015flar\u0131m\u0131z\u0131n Kurban Bayram\u0131\u2019n\u0131 kutluyorum\u201d diye konu\u015ftu. \u200bAnkara&#8217;n\u0131n Ke\u00e7i\u00f6ren il\u00e7esinde 16 kurban kesim noktas\u0131ndaki temizlik \u00e7al\u0131\u015fmalar\u0131 s\u00fcr\u00fcyor.ANKARA (\u0130GFA) &#8211; Ankara Ke\u00e7i\u00f6ren&#8217;de il\u00e7e sakinlerinin Kurban Bayram\u0131\u2019n\u0131 huzur i\u00e7inde ge\u00e7irmesi i\u00e7in t\u00fcm birimleriyle sahada olan Ke\u00e7i\u00f6ren Belediyesi, kurban kesim noktas\u0131 olarak belirlenen 16 farkl\u0131 noktada ve kesimhanede vatanda\u015flar kurban ibadetlerini tamamlad\u0131ktan sonra hummal\u0131 temizlik &hellip;<\/p>","protected":false},"author":1,"featured_media":0,"comment_status":"","ping_status":"open","sticky":false,"template":"","format":"standard","meta":{"_acf_changed":false,"footnotes":""},"categories":[24],"tags":[],"class_list":["post-110446","post","type-post","status-publish","format-standard","has-post-thumbnail","hentry","category-gundem"],"acf":[],"yoast_head":"<!-- This site is optimized with the Yoast SEO Premium plugin v26.6 (Yoast SEO v27.1.1) - https:\/\/yoast.com\/product\/yoast-seo-premium-wordpress\/ -->\n<title>Ankara Ke\u00e7i\u00f6ren kesim alanlar\u0131nda temizli\u011fi s\u00fcr\u00fcyor - Av. Deniz Can K\u0131z\u0131l<\/title>\n<meta name=\"robots\" content=\"index, follow, max-snippet:-1, max-image-preview:large, max-video-preview:-1\" \/>\n<link rel=\"canonical\" href=\"https:\/\/denizcankizil.tr\/de\/haberler\/gundem\/ankara-kecioren-kesim-alanlarinda-temizligi-suruyor\/\" \/>\n<meta property=\"og:locale\" content=\"de_DE\" \/>\n<meta property=\"og:type\" content=\"article\" \/>\n<meta property=\"og:title\" content=\"Ankara Ke\u00e7i\u00f6ren kesim alanlar\u0131nda temizli\u011fi s\u00fcr\u00fcyor\" \/>\n<meta property=\"og:description\" content=\"Ankara&#8217;n\u0131n Ke\u00e7i\u00f6ren il\u00e7esinde 16 kurban kesim noktas\u0131ndaki temizlik \u00e7al\u0131\u015fmalar\u0131 s\u00fcr\u00fcyor.ANKARA (\u0130GFA) &#8211; Ankara Ke\u00e7i\u00f6ren&#8217;de il\u00e7e sakinlerinin Kurban Bayram\u0131\u2019n\u0131 huzur i\u00e7inde ge\u00e7irmesi i\u00e7in t\u00fcm birimleriyle sahada olan Ke\u00e7i\u00f6ren Belediyesi, kurban kesim noktas\u0131 olarak belirlenen 16 farkl\u0131 noktada ve kesimhanede vatanda\u015flar kurban ibadetlerini tamamlad\u0131ktan sonra hummal\u0131 temizlik \u00e7al\u0131\u015fmas\u0131 y\u00fcr\u00fctt\u00fc. Sabah\u0131n erken saatlerinden itibaren g\u00f6rev ba\u015f\u0131nda olan temizlik personelleri, kesim noktalar\u0131n\u0131 tazyikli suyla y\u0131kad\u0131. Koku giderici ve dezenfektanlarla yap\u0131lan son temizlikle birlikte alanlar yeniden halk\u0131n kullan\u0131m\u0131na uygun hale getirildi. Ke\u00e7i\u00f6ren Belediyesi, kurban etlerinin muhafaza edilmesi i\u00e7in vatanda\u015flara kurban po\u015feti da\u011f\u0131t\u0131rken t\u00fcm kesim alanlar\u0131nda \u00e7orba ikram\u0131nda bulundu. Ke\u00e7i\u00f6renlilerin kurban ibadetlerini hijyenik bir ortamda ger\u00e7ekle\u015ftirmesi i\u00e7in temizlik \u00e7al\u0131\u015fmalar\u0131n\u0131n aral\u0131ks\u0131z devam etti\u011fini kaydeden Ke\u00e7i\u00f6ren Belediye Ba\u015fkan\u0131 Dr. Mesut \u00d6zarslan, \u201cKurban kesim alanlar\u0131m\u0131zdaki temizlik \u00e7al\u0131\u015fmalar\u0131m\u0131z\u0131 bayram boyunca yak\u0131ndan takip ediyoruz. Hem vatanda\u015flar\u0131m\u0131z\u0131n ibadetlerini sa\u011fl\u0131kl\u0131 ko\u015fullarda yerine getirmeleri hem de halk sa\u011fl\u0131\u011f\u0131n\u0131 korumak ad\u0131na temizlik \u00e7al\u0131\u015fmalar\u0131m\u0131za aral\u0131ks\u0131z devam ediyoruz. Ekiplerimiz gece g\u00fcnd\u00fcz demeden g\u00f6revlerinin ba\u015f\u0131nda olacak. T\u00fcm vatanda\u015flar\u0131m\u0131z\u0131n Kurban Bayram\u0131\u2019n\u0131 kutluyorum\u201d diye konu\u015ftu. \u200bAnkara&#8217;n\u0131n Ke\u00e7i\u00f6ren il\u00e7esinde 16 kurban kesim noktas\u0131ndaki temizlik \u00e7al\u0131\u015fmalar\u0131 s\u00fcr\u00fcyor.ANKARA (\u0130GFA) &#8211; Ankara Ke\u00e7i\u00f6ren&#8217;de il\u00e7e sakinlerinin Kurban Bayram\u0131\u2019n\u0131 huzur i\u00e7inde ge\u00e7irmesi i\u00e7in t\u00fcm birimleriyle sahada olan Ke\u00e7i\u00f6ren Belediyesi, kurban kesim noktas\u0131 olarak belirlenen 16 farkl\u0131 noktada ve kesimhanede vatanda\u015flar kurban ibadetlerini tamamlad\u0131ktan sonra hummal\u0131 temizlik &hellip;\" \/>\n<meta property=\"og:url\" content=\"https:\/\/denizcankizil.tr\/de\/haberler\/gundem\/ankara-kecioren-kesim-alanlarinda-temizligi-suruyor\/\" \/>\n<meta property=\"og:site_name\" content=\"Av. Deniz Can K\u0131z\u0131l\" \/>\n<meta property=\"article:published_time\" content=\"2025-06-08T07:42:21+00:00\" \/>\n<meta name=\"author\" content=\"admin\" \/>\n<meta name=\"twitter:card\" content=\"summary_large_image\" \/>\n<meta name=\"twitter:label1\" content=\"Verfasst von\" \/>\n\t<meta name=\"twitter:data1\" content=\"admin\" \/>\n\t<meta name=\"twitter:label2\" content=\"Gesch\u00e4tzte Lesezeit\" \/>\n\t<meta name=\"twitter:data2\" content=\"2\u00a0Minuten\" \/>\n<script type=\"application\/ld+json\" class=\"yoast-schema-graph\">{\"@context\":\"https:\/\/schema.org\",\"@graph\":[{\"@type\":\"Article\",\"@id\":\"https:\/\/denizcankizil.tr\/uk\/haberler\/gundem\/ankara-kecioren-kesim-alanlarinda-temizligi-suruyor\/#article\",\"isPartOf\":{\"@id\":\"https:\/\/denizcankizil.tr\/uk\/haberler\/gundem\/ankara-kecioren-kesim-alanlarinda-temizligi-suruyor\/\"},\"author\":{\"name\":\"admin\",\"@id\":\"https:\/\/denizcankizil.tr\/de\/#\/schema\/person\/be3c05fe6a12686905512445d8185489\"},\"headline\":\"Ankara Ke\u00e7i\u00f6ren kesim alanlar\u0131nda temizli\u011fi s\u00fcr\u00fcyor\",\"datePublished\":\"2025-06-08T07:42:21+00:00\",\"mainEntityOfPage\":{\"@id\":\"https:\/\/denizcankizil.tr\/uk\/haberler\/gundem\/ankara-kecioren-kesim-alanlarinda-temizligi-suruyor\/\"},\"wordCount\":508,\"publisher\":{\"@id\":\"https:\/\/denizcankizil.tr\/de\/#organization\"},\"articleSection\":[\"G\u00fcndem\"],\"inLanguage\":\"de\"},{\"@type\":\"WebPage\",\"@id\":\"https:\/\/denizcankizil.tr\/uk\/haberler\/gundem\/ankara-kecioren-kesim-alanlarinda-temizligi-suruyor\/\",\"url\":\"https:\/\/denizcankizil.tr\/uk\/haberler\/gundem\/ankara-kecioren-kesim-alanlarinda-temizligi-suruyor\/\",\"name\":\"Ankara Ke\u00e7i\u00f6ren kesim alanlar\u0131nda temizli\u011fi s\u00fcr\u00fcyor - Av. Deniz Can K\u0131z\u0131l\",\"isPartOf\":{\"@id\":\"https:\/\/denizcankizil.tr\/de\/#website\"},\"datePublished\":\"2025-06-08T07:42:21+00:00\",\"breadcrumb\":{\"@id\":\"https:\/\/denizcankizil.tr\/uk\/haberler\/gundem\/ankara-kecioren-kesim-alanlarinda-temizligi-suruyor\/#breadcrumb\"},\"inLanguage\":\"de\",\"potentialAction\":[{\"@type\":\"ReadAction\",\"target\":[\"https:\/\/denizcankizil.tr\/uk\/haberler\/gundem\/ankara-kecioren-kesim-alanlarinda-temizligi-suruyor\/\"]}]},{\"@type\":\"BreadcrumbList\",\"@id\":\"https:\/\/denizcankizil.tr\/uk\/haberler\/gundem\/ankara-kecioren-kesim-alanlarinda-temizligi-suruyor\/#breadcrumb\",\"itemListElement\":[{\"@type\":\"ListItem\",\"position\":1,\"name\":\"Home\",\"item\":\"https:\/\/denizcankizil.tr\/de\/\"},{\"@type\":\"ListItem\",\"position\":2,\"name\":\"Ankara Ke\u00e7i\u00f6ren kesim alanlar\u0131nda temizli\u011fi s\u00fcr\u00fcyor\"}]},{\"@type\":\"WebSite\",\"@id\":\"https:\/\/denizcankizil.tr\/de\/#website\",\"url\":\"https:\/\/denizcankizil.tr\/de\/\",\"name\":\"Av. Deniz Can K\u0131z\u0131l\",\"description\":\"Avukat Deniz Can K\u0131z\u0131l Antalya Barosu\",\"publisher\":{\"@id\":\"https:\/\/denizcankizil.tr\/de\/#organization\"},\"potentialAction\":[{\"@type\":\"SearchAction\",\"target\":{\"@type\":\"EntryPoint\",\"urlTemplate\":\"https:\/\/denizcankizil.tr\/de\/?s={search_term_string}\"},\"query-input\":{\"@type\":\"PropertyValueSpecification\",\"valueRequired\":true,\"valueName\":\"search_term_string\"}}],\"inLanguage\":\"de\"},{\"@type\":\"Organization\",\"@id\":\"https:\/\/denizcankizil.tr\/de\/#organization\",\"name\":\"Av. Deniz Can K\u0131z\u0131l\",\"url\":\"https:\/\/denizcankizil.tr\/de\/\",\"logo\":{\"@type\":\"ImageObject\",\"inLanguage\":\"de\",\"@id\":\"https:\/\/denizcankizil.tr\/de\/#\/schema\/logo\/image\/\",\"url\":\"http:\/\/denizcankizil.tr\/wp-content\/uploads\/2024\/10\/siyah-logo-svg.svg\",\"contentUrl\":\"http:\/\/denizcankizil.tr\/wp-content\/uploads\/2024\/10\/siyah-logo-svg.svg\",\"width\":1080,\"height\":1080,\"caption\":\"Av. Deniz Can K\u0131z\u0131l\"},\"image\":{\"@id\":\"https:\/\/denizcankizil.tr\/de\/#\/schema\/logo\/image\/\"}},{\"@type\":\"Person\",\"@id\":\"https:\/\/denizcankizil.tr\/de\/#\/schema\/person\/be3c05fe6a12686905512445d8185489\",\"name\":\"admin\",\"image\":{\"@type\":\"ImageObject\",\"inLanguage\":\"de\",\"@id\":\"https:\/\/denizcankizil.tr\/de\/#\/schema\/person\/image\/\",\"url\":\"https:\/\/secure.gravatar.com\/avatar\/c1fce94c830dc79107e174f890d7210541c4a63e8e5d816341794a2151c9d58c?s=96&d=mm&r=g\",\"contentUrl\":\"https:\/\/secure.gravatar.com\/avatar\/c1fce94c830dc79107e174f890d7210541c4a63e8e5d816341794a2151c9d58c?s=96&d=mm&r=g\",\"caption\":\"admin\"},\"sameAs\":[\"http:\/\/denizcankizil.tr\"],\"url\":\"https:\/\/www.iskenderun.org\/ankara-kecioren-kesim-alanlarinda-temizligi-suruyor\"}]}<\/script>\n<!-- \/ Yoast SEO Premium plugin. -->","yoast_head_json":{"title":"Ankara Ke\u00e7i\u00f6ren kesim alanlar\u0131nda temizli\u011fi s\u00fcr\u00fcyor - Av. Deniz Can K\u0131z\u0131l","robots":{"index":"index","follow":"follow","max-snippet":"max-snippet:-1","max-image-preview":"max-image-preview:large","max-video-preview":"max-video-preview:-1"},"canonical":"https:\/\/denizcankizil.tr\/de\/haberler\/gundem\/ankara-kecioren-kesim-alanlarinda-temizligi-suruyor\/","og_locale":"de_DE","og_type":"article","og_title":"Ankara Ke\u00e7i\u00f6ren kesim alanlar\u0131nda temizli\u011fi s\u00fcr\u00fcyor","og_description":"Ankara&#8217;n\u0131n Ke\u00e7i\u00f6ren il\u00e7esinde 16 kurban kesim noktas\u0131ndaki temizlik \u00e7al\u0131\u015fmalar\u0131 s\u00fcr\u00fcyor.ANKARA (\u0130GFA) &#8211; Ankara Ke\u00e7i\u00f6ren&#8217;de il\u00e7e sakinlerinin Kurban Bayram\u0131\u2019n\u0131 huzur i\u00e7inde ge\u00e7irmesi i\u00e7in t\u00fcm birimleriyle sahada olan Ke\u00e7i\u00f6ren Belediyesi, kurban kesim noktas\u0131 olarak belirlenen 16 farkl\u0131 noktada ve kesimhanede vatanda\u015flar kurban ibadetlerini tamamlad\u0131ktan sonra hummal\u0131 temizlik \u00e7al\u0131\u015fmas\u0131 y\u00fcr\u00fctt\u00fc. Sabah\u0131n erken saatlerinden itibaren g\u00f6rev ba\u015f\u0131nda olan temizlik personelleri, kesim noktalar\u0131n\u0131 tazyikli suyla y\u0131kad\u0131. Koku giderici ve dezenfektanlarla yap\u0131lan son temizlikle birlikte alanlar yeniden halk\u0131n kullan\u0131m\u0131na uygun hale getirildi. Ke\u00e7i\u00f6ren Belediyesi, kurban etlerinin muhafaza edilmesi i\u00e7in vatanda\u015flara kurban po\u015feti da\u011f\u0131t\u0131rken t\u00fcm kesim alanlar\u0131nda \u00e7orba ikram\u0131nda bulundu. Ke\u00e7i\u00f6renlilerin kurban ibadetlerini hijyenik bir ortamda ger\u00e7ekle\u015ftirmesi i\u00e7in temizlik \u00e7al\u0131\u015fmalar\u0131n\u0131n aral\u0131ks\u0131z devam etti\u011fini kaydeden Ke\u00e7i\u00f6ren Belediye Ba\u015fkan\u0131 Dr. Mesut \u00d6zarslan, \u201cKurban kesim alanlar\u0131m\u0131zdaki temizlik \u00e7al\u0131\u015fmalar\u0131m\u0131z\u0131 bayram boyunca yak\u0131ndan takip ediyoruz. Hem vatanda\u015flar\u0131m\u0131z\u0131n ibadetlerini sa\u011fl\u0131kl\u0131 ko\u015fullarda yerine getirmeleri hem de halk sa\u011fl\u0131\u011f\u0131n\u0131 korumak ad\u0131na temizlik \u00e7al\u0131\u015fmalar\u0131m\u0131za aral\u0131ks\u0131z devam ediyoruz. Ekiplerimiz gece g\u00fcnd\u00fcz demeden g\u00f6revlerinin ba\u015f\u0131nda olacak. T\u00fcm vatanda\u015flar\u0131m\u0131z\u0131n Kurban Bayram\u0131\u2019n\u0131 kutluyorum\u201d diye konu\u015ftu. \u200bAnkara&#8217;n\u0131n Ke\u00e7i\u00f6ren il\u00e7esinde 16 kurban kesim noktas\u0131ndaki temizlik \u00e7al\u0131\u015fmalar\u0131 s\u00fcr\u00fcyor.ANKARA (\u0130GFA) &#8211; Ankara Ke\u00e7i\u00f6ren&#8217;de il\u00e7e sakinlerinin Kurban Bayram\u0131\u2019n\u0131 huzur i\u00e7inde ge\u00e7irmesi i\u00e7in t\u00fcm birimleriyle sahada olan Ke\u00e7i\u00f6ren Belediyesi, kurban kesim noktas\u0131 olarak belirlenen 16 farkl\u0131 noktada ve kesimhanede vatanda\u015flar kurban ibadetlerini tamamlad\u0131ktan sonra hummal\u0131 temizlik &hellip;","og_url":"https:\/\/denizcankizil.tr\/de\/haberler\/gundem\/ankara-kecioren-kesim-alanlarinda-temizligi-suruyor\/","og_site_name":"Av. Deniz Can K\u0131z\u0131l","article_published_time":"2025-06-08T07:42:21+00:00","author":"admin","twitter_card":"summary_large_image","twitter_misc":{"Verfasst von":"admin","Gesch\u00e4tzte Lesezeit":"2\u00a0Minuten"},"schema":{"@context":"https:\/\/schema.org","@graph":[{"@type":"Article","@id":"https:\/\/denizcankizil.tr\/uk\/haberler\/gundem\/ankara-kecioren-kesim-alanlarinda-temizligi-suruyor\/#article","isPartOf":{"@id":"https:\/\/denizcankizil.tr\/uk\/haberler\/gundem\/ankara-kecioren-kesim-alanlarinda-temizligi-suruyor\/"},"author":{"name":"admin","@id":"https:\/\/denizcankizil.tr\/de\/#\/schema\/person\/be3c05fe6a12686905512445d8185489"},"headline":"Ankara Ke\u00e7i\u00f6ren kesim alanlar\u0131nda temizli\u011fi s\u00fcr\u00fcyor","datePublished":"2025-06-08T07:42:21+00:00","mainEntityOfPage":{"@id":"https:\/\/denizcankizil.tr\/uk\/haberler\/gundem\/ankara-kecioren-kesim-alanlarinda-temizligi-suruyor\/"},"wordCount":508,"publisher":{"@id":"https:\/\/denizcankizil.tr\/de\/#organization"},"articleSection":["G\u00fcndem"],"inLanguage":"de"},{"@type":"WebPage","@id":"https:\/\/denizcankizil.tr\/uk\/haberler\/gundem\/ankara-kecioren-kesim-alanlarinda-temizligi-suruyor\/","url":"https:\/\/denizcankizil.tr\/uk\/haberler\/gundem\/ankara-kecioren-kesim-alanlarinda-temizligi-suruyor\/","name":"Ankara Ke\u00e7i\u00f6ren kesim alanlar\u0131nda temizli\u011fi s\u00fcr\u00fcyor - Av. Deniz Can K\u0131z\u0131l","isPartOf":{"@id":"https:\/\/denizcankizil.tr\/de\/#website"},"datePublished":"2025-06-08T07:42:21+00:00","breadcrumb":{"@id":"https:\/\/denizcankizil.tr\/uk\/haberler\/gundem\/ankara-kecioren-kesim-alanlarinda-temizligi-suruyor\/#breadcrumb"},"inLanguage":"de","potentialAction":[{"@type":"ReadAction","target":["https:\/\/denizcankizil.tr\/uk\/haberler\/gundem\/ankara-kecioren-kesim-alanlarinda-temizligi-suruyor\/"]}]},{"@type":"BreadcrumbList","@id":"https:\/\/denizcankizil.tr\/uk\/haberler\/gundem\/ankara-kecioren-kesim-alanlarinda-temizligi-suruyor\/#breadcrumb","itemListElement":[{"@type":"ListItem","position":1,"name":"Home","item":"https:\/\/denizcankizil.tr\/de\/"},{"@type":"ListItem","position":2,"name":"Ankara Ke\u00e7i\u00f6ren kesim alanlar\u0131nda temizli\u011fi s\u00fcr\u00fcyor"}]},{"@type":"WebSite","@id":"https:\/\/denizcankizil.tr\/de\/#website","url":"https:\/\/denizcankizil.tr\/de\/","name":"Av. Deniz Can K\u0131z\u0131l","description":"Avukat Deniz Can K\u0131z\u0131l Antalya Barosu","publisher":{"@id":"https:\/\/denizcankizil.tr\/de\/#organization"},"potentialAction":[{"@type":"SearchAction","target":{"@type":"EntryPoint","urlTemplate":"https:\/\/denizcankizil.tr\/de\/?s={search_term_string}"},"query-input":{"@type":"PropertyValueSpecification","valueRequired":true,"valueName":"search_term_string"}}],"inLanguage":"de"},{"@type":"Organization","@id":"https:\/\/denizcankizil.tr\/de\/#organization","name":"Av. Deniz Can K\u0131z\u0131l","url":"https:\/\/denizcankizil.tr\/de\/","logo":{"@type":"ImageObject","inLanguage":"de","@id":"https:\/\/denizcankizil.tr\/de\/#\/schema\/logo\/image\/","url":"http:\/\/denizcankizil.tr\/wp-content\/uploads\/2024\/10\/siyah-logo-svg.svg","contentUrl":"http:\/\/denizcankizil.tr\/wp-content\/uploads\/2024\/10\/siyah-logo-svg.svg","width":1080,"height":1080,"caption":"Av. Deniz Can K\u0131z\u0131l"},"image":{"@id":"https:\/\/denizcankizil.tr\/de\/#\/schema\/logo\/image\/"}},{"@type":"Person","@id":"https:\/\/denizcankizil.tr\/de\/#\/schema\/person\/be3c05fe6a12686905512445d8185489","name":"Administrator","image":{"@type":"ImageObject","inLanguage":"de","@id":"https:\/\/denizcankizil.tr\/de\/#\/schema\/person\/image\/","url":"https:\/\/secure.gravatar.com\/avatar\/c1fce94c830dc79107e174f890d7210541c4a63e8e5d816341794a2151c9d58c?s=96&d=mm&r=g","contentUrl":"https:\/\/secure.gravatar.com\/avatar\/c1fce94c830dc79107e174f890d7210541c4a63e8e5d816341794a2151c9d58c?s=96&d=mm&r=g","caption":"admin"},"sameAs":["http:\/\/denizcankizil.tr"],"url":"https:\/\/www.iskenderun.org\/ankara-kecioren-kesim-alanlarinda-temizligi-suruyor"}]}},"_links":{"self":[{"href":"http:\/\/denizcankizil.tr\/de\/wp-json\/wp\/v2\/posts\/110446","targetHints":{"allow":["GET"]}}],"collection":[{"href":"http:\/\/denizcankizil.tr\/de\/wp-json\/wp\/v2\/posts"}],"about":[{"href":"http:\/\/denizcankizil.tr\/de\/wp-json\/wp\/v2\/types\/post"}],"author":[{"embeddable":true,"href":"http:\/\/denizcankizil.tr\/de\/wp-json\/wp\/v2\/users\/1"}],"replies":[{"embeddable":true,"href":"http:\/\/denizcankizil.tr\/de\/wp-json\/wp\/v2\/comments?post=110446"}],"version-history":[{"count":0,"href":"http:\/\/denizcankizil.tr\/de\/wp-json\/wp\/v2\/posts\/110446\/revisions"}],"wp:attachment":[{"href":"http:\/\/denizcankizil.tr\/de\/wp-json\/wp\/v2\/media?parent=110446"}],"wp:term":[{"taxonomy":"category","embeddable":true,"href":"http:\/\/denizcankizil.tr\/de\/wp-json\/wp\/v2\/categories?post=110446"},{"taxonomy":"post_tag","embeddable":true,"href":"http:\/\/denizcankizil.tr\/de\/wp-json\/wp\/v2\/tags?post=110446"}],"curies":[{"name":"wp","href":"https:\/\/api.w.org\/{rel}","templated":true}]}}