{"id":110402,"date":"2025-06-08T10:41:17","date_gmt":"2025-06-08T07:41:17","guid":{"rendered":"https:\/\/denizcankizil.tr\/uncategorized-tr\/cikacagiz-yola\/"},"modified":"2025-06-08T10:41:17","modified_gmt":"2025-06-08T07:41:17","slug":"cikacagiz-yola","status":"publish","type":"post","link":"http:\/\/denizcankizil.tr\/de\/haberler\/gundem\/cikacagiz-yola\/","title":{"rendered":"\u00c7\u0131kaca\u011f\u0131z yola!"},"content":{"rendered":"<p>\u0130leride T\u00fcrkiye i\u00e7in tarih kitaplar\u0131n\u0131 yazacak ki\u015filer, 19 Mart 2025 tarihine ayr\u0131 bir ba\u015fl\u0131k ya da b\u00f6l\u00fcm a\u00e7acaklar.<br \/>\n2019 yerel se\u00e7imleri sonras\u0131nda, \u2018T\u00fcrkiye narkozdan uyan\u0131yor\u2019 demi\u015ftim ve eklemi\u015ftim: \u201cNarkozdan uyanmak hemencecik olmaz. Narkozdan \u00e7\u0131kmak, a\u011fr\u0131lar\u0131 da beraberinde getirir. A\u011fr\u0131lara haz\u0131r olal\u0131m.\u201d<\/p>\n<p>\u0130\u015fte o a\u011fr\u0131l\u0131 d\u00f6nemlerin de sonu geliyor.<\/p>\n<p>T\u00fcrkiye aya\u011fa kalmaya, yola \u00e7\u0131kmaya iyiden iyiye haz\u0131r.<\/p>\n<p>Yola \u00e7\u0131kmak ayn\u0131 zamanda bir ideal, bir \u00fclk\u00fc bar\u0131nd\u0131r\u0131r. O ideal ya da \u00fclk\u00fc olgunla\u015fmam\u0131\u015fsa, yola \u00e7\u0131kamazs\u0131n. Yol sadece bir yere ula\u015fmak i\u00e7in gerekli bir ara\u00e7 olmaktan \u00e7\u0131kar, idealin, \u00fclk\u00fcn\u00fcn bir par\u00e7as\u0131 haline gelir. <\/p>\n<p>Ba\u015fka bir deyi\u015fle; ideal, \u00fclk\u00fc yolu, yol da ideali, \u00fclk\u00fcy\u00fc yeniden ve yeniden \u00fcretir. Birbirleri ile simbiyotik bir ili\u015fki kurarlar. Varl\u0131klar\u0131n\u0131 birbirlerine ba\u011flarlar. <\/p>\n<p>T\u00fcrkiye\u2019nin narkozdan \u00e7\u0131kma s\u00fcreci ayn\u0131 zamanda idealini, \u00fclk\u00fcs\u00fcn\u00fc de \u00fcretme s\u00fcreci olarak i\u015fledi. <\/p>\n<p>19 Mart\u2019ta bu d\u00fc\u015f\u00fcnsel \u00fcretim s\u00fcreci tamamland\u0131 ve T\u00fcrkiye de \u201cgayr\u0131k yeter\u201d dedi. <\/p>\n<p>Yani 19 Mart\u2019tan sonra hi\u00e7bir \u015fey eskisi gibi olmayacak. Dr. Hikmet K\u0131v\u0131lc\u0131ml\u0131, bu gibi olaylar i\u00e7in \u2018sosyal devrim\u2019 kavram\u0131n\u0131 kullan\u0131r. Burada devrim, bildi\u011fimiz anlamda bir sosyalist devrim de\u011fil, b\u00fcy\u00fck bir toplumsal d\u00f6n\u00fc\u015f\u00fcm\u00fc ifade eder.<\/p>\n<p>Yola \u00e7\u0131kmak da bu toplumsal d\u00f6n\u00fc\u015f\u00fcm\u00fcn ger\u00e7ekle\u015fmesi i\u00e7in gereken d\u00fc\u015f\u00fcnce ve eylem yeterlili\u011finin metaforik kar\u015f\u0131l\u0131\u011f\u0131d\u0131r. <\/p>\n<p>Erdem Bayaz\u0131t, sa\u011f, \u0130slami kesimin \u00f6nemli \u015fairlerindendir. Gelin, yola \u00e7\u0131kman\u0131n nas\u0131l bir haz\u0131rl\u0131\u011f\u0131n\u0131n oldu\u011funu, ne zaman yola \u00e7\u0131k\u0131laca\u011f\u0131n\u0131 onun \u015fiirinden de \u00f6\u011frenelim.<\/p>\n<p>***<\/p>\n<p>Ey bir emre haz\u0131rlanan simsiyah gecede<br \/>\nKaranl\u0131\u011f\u0131 emip emip de gebe kalan<br \/>\nEy her depremden sonra biraz daha do\u011frulan<br \/>\nHerkesin<\/p>\n<p>Veba girmi\u015f bir \u015fehrin hem halk\u0131<br \/>\nHem seyircisi oldu\u011fu bir g\u00fcnde<br \/>\nEy d\u00fc\u015ft\u00fc\u011f\u00fc yerden kalkmaya haz\u0131rlanan \u00fclke.<\/p>\n<p>Her damlas\u0131 bir zafer m\u00fcjdecisi<br \/>\nBir posta eri gibi<br \/>\nYa\u011fmur y\u00fcz\u00fcm\u00fcze de\u011fince<br \/>\n\u00c7\u0131kaca\u011f\u0131z yola.<\/p>\n<p>\u00c7\u0131kaca\u011f\u0131z yola<br \/>\nHesap g\u00fcn\u00fc gelince<br \/>\nYa\u011fmur y\u00fcz\u00fcm\u00fcze de\u011fince<br \/>\nG\u00fcne\u015f bir m\u0131zrak boyu y\u00fckselince.<\/p>\n<p>\u200b\u0130leride T\u00fcrkiye i\u00e7in tarih kitaplar\u0131n\u0131 yazacak ki\u015filer, 19 Mart 2025 tarihine ayr\u0131 bir ba\u015fl\u0131k ya da b\u00f6l\u00fcm a\u00e7acaklar.<br \/>\n2019 yerel se\u00e7imleri sonras\u0131nda, \u2018T\u00fcrkiye narkozdan uyan\u0131yor\u2019 demi\u015ftim ve eklemi\u015ftim: \u201cNarkozdan uyanmak hemencecik olmaz. Narkozdan \u00e7\u0131kmak, a\u011fr\u0131lar\u0131 da beraberinde getirir. A\u011fr\u0131lara haz\u0131r olal\u0131m.\u201d<\/p>\n<p>\u0130\u015fte o a\u011fr\u0131l\u0131 d\u00f6nemlerin de sonu geliyor.<\/p>\n<p>T\u00fcrkiye aya\u011fa kalmaya, yola \u00e7\u0131kmaya iyiden iyiye haz\u0131r.<\/p>\n<p>Yola \u00e7\u0131kmak ayn\u0131 zamanda bir ideal, bir \u00fclk\u00fc bar\u0131nd\u0131r\u0131r. O ideal ya da \u00fclk\u00fc olgunla\u015fmam\u0131\u015fsa, yola \u00e7\u0131kamazs\u0131n. Yol sadece bir yere ula\u015fmak i\u00e7in gerekli bir ara\u00e7 olmaktan \u00e7\u0131kar, idealin, \u00fclk\u00fcn\u00fcn bir par\u00e7as\u0131 haline gelir. <\/p>\n<p>Ba\u015fka bir deyi\u015fle; ideal, \u00fclk\u00fc yolu, yol da ideali, \u00fclk\u00fcy\u00fc yeniden ve yeniden \u00fcretir. Birbirleri ile simbiyotik bir ili\u015fki kurarlar. Varl\u0131klar\u0131n\u0131 birbirlerine ba\u011flarlar. <\/p>\n<p>T\u00fcrkiye\u2019nin narkozdan \u00e7\u0131kma s\u00fcreci ayn\u0131 zamanda idealini, \u00fclk\u00fcs\u00fcn\u00fc de \u00fcretme s\u00fcreci olarak i\u015fledi. <\/p>\n<p>19 Mart\u2019ta bu d\u00fc\u015f\u00fcnsel \u00fcretim s\u00fcreci tamamland\u0131 ve T\u00fcrkiye de \u201cgayr\u0131k yeter\u201d dedi. <\/p>\n<p>Yani 19 Mart\u2019tan sonra hi\u00e7bir \u015fey eskisi gibi olmayacak. Dr. Hikmet K\u0131v\u0131lc\u0131ml\u0131, bu gibi olaylar i\u00e7in \u2018sosyal devrim\u2019 kavram\u0131n\u0131 kullan\u0131r. Burada devrim, bildi\u011fimiz anlamda bir sosyalist devrim de\u011fil, b\u00fcy\u00fck bir toplumsal d\u00f6n\u00fc\u015f\u00fcm\u00fc ifade eder.<\/p>\n<p>Yola \u00e7\u0131kmak da bu toplumsal d\u00f6n\u00fc\u015f\u00fcm\u00fcn ger\u00e7ekle\u015fmesi i\u00e7in gereken d\u00fc\u015f\u00fcnce ve eylem yeterlili\u011finin metaforik kar\u015f\u0131l\u0131\u011f\u0131d\u0131r. <\/p>\n<p>Erdem Bayaz\u0131t, sa\u011f, \u0130slami kesimin \u00f6nemli \u015fairlerindendir. Gelin, yola \u00e7\u0131kman\u0131n nas\u0131l bir haz\u0131rl\u0131\u011f\u0131n\u0131n oldu\u011funu, ne zaman yola \u00e7\u0131k\u0131laca\u011f\u0131n\u0131 onun \u015fiirinden de \u00f6\u011frenelim.<\/p>\n<p>***<\/p>\n<p>Ey bir emre haz\u0131rlanan simsiyah gecede<br \/>\nKaranl\u0131\u011f\u0131 emip emip de gebe kalan<br \/>\nEy her depremden sonra biraz daha do\u011frulan<br \/>\nHerkesin<\/p>\n<p>Veba girmi\u015f bir \u015fehrin hem halk\u0131<br \/>\nHem seyircisi oldu\u011fu bir g\u00fcnde<br \/>\nEy d\u00fc\u015ft\u00fc\u011f\u00fc yerden kalkmaya haz\u0131rlanan \u00fclke.<\/p>\n<p>Her damlas\u0131 bir zafer m\u00fcjdecisi<br \/>\nBir posta eri gibi<br \/>\nYa\u011fmur y\u00fcz\u00fcm\u00fcze de\u011fince<br \/>\n\u00c7\u0131kaca\u011f\u0131z yola.<\/p>\n<p>\u00c7\u0131kaca\u011f\u0131z yola<br \/>\nHesap g\u00fcn\u00fc gelince<br \/>\nYa\u011fmur y\u00fcz\u00fcm\u00fcze de\u011fince<br \/>\nG\u00fcne\u015f bir m\u0131zrak boyu y\u00fckselince.\u00a0<\/p>\n<p>\u200bHaberin Al\u0131nt\u0131land\u0131\u011f\u0131 Kaynak: www.antalyakorfez.com<\/p>","protected":false},"excerpt":{"rendered":"<p>\u0130leride T\u00fcrkiye i\u00e7in tarih kitaplar\u0131n\u0131 yazacak ki\u015filer, 19 Mart 2025 tarihine ayr\u0131 bir ba\u015fl\u0131k ya da b\u00f6l\u00fcm a\u00e7acaklar. 2019 yerel se\u00e7imleri sonras\u0131nda, \u2018T\u00fcrkiye narkozdan uyan\u0131yor\u2019 demi\u015ftim ve eklemi\u015ftim: \u201cNarkozdan uyanmak hemencecik olmaz. Narkozdan \u00e7\u0131kmak, a\u011fr\u0131lar\u0131 da beraberinde getirir. A\u011fr\u0131lara haz\u0131r olal\u0131m.\u201d \u0130\u015fte o a\u011fr\u0131l\u0131 d\u00f6nemlerin de sonu geliyor. T\u00fcrkiye aya\u011fa kalmaya, yola \u00e7\u0131kmaya iyiden iyiye haz\u0131r. Yola \u00e7\u0131kmak ayn\u0131 zamanda bir ideal, bir \u00fclk\u00fc bar\u0131nd\u0131r\u0131r. O ideal ya da \u00fclk\u00fc olgunla\u015fmam\u0131\u015fsa, yola \u00e7\u0131kamazs\u0131n. Yol sadece bir yere ula\u015fmak i\u00e7in gerekli bir ara\u00e7 olmaktan \u00e7\u0131kar, idealin, \u00fclk\u00fcn\u00fcn bir par\u00e7as\u0131 haline gelir. Ba\u015fka bir deyi\u015fle; ideal, \u00fclk\u00fc yolu, yol da ideali, \u00fclk\u00fcy\u00fc yeniden ve yeniden \u00fcretir. Birbirleri ile simbiyotik bir ili\u015fki kurarlar. Varl\u0131klar\u0131n\u0131 birbirlerine ba\u011flarlar. T\u00fcrkiye\u2019nin narkozdan \u00e7\u0131kma s\u00fcreci ayn\u0131 zamanda idealini, \u00fclk\u00fcs\u00fcn\u00fc de \u00fcretme s\u00fcreci olarak i\u015fledi. 19 Mart\u2019ta bu d\u00fc\u015f\u00fcnsel \u00fcretim s\u00fcreci tamamland\u0131 ve T\u00fcrkiye de \u201cgayr\u0131k yeter\u201d dedi. Yani 19 Mart\u2019tan sonra hi\u00e7bir \u015fey eskisi gibi olmayacak. Dr. Hikmet K\u0131v\u0131lc\u0131ml\u0131, bu gibi olaylar i\u00e7in \u2018sosyal devrim\u2019 kavram\u0131n\u0131 kullan\u0131r. Burada devrim, bildi\u011fimiz anlamda bir sosyalist devrim de\u011fil, b\u00fcy\u00fck bir toplumsal d\u00f6n\u00fc\u015f\u00fcm\u00fc ifade eder. Yola \u00e7\u0131kmak da bu toplumsal d\u00f6n\u00fc\u015f\u00fcm\u00fcn ger\u00e7ekle\u015fmesi i\u00e7in gereken d\u00fc\u015f\u00fcnce ve eylem yeterlili\u011finin metaforik kar\u015f\u0131l\u0131\u011f\u0131d\u0131r. Erdem Bayaz\u0131t, sa\u011f, \u0130slami kesimin \u00f6nemli \u015fairlerindendir. Gelin, yola \u00e7\u0131kman\u0131n nas\u0131l bir &hellip;<\/p>","protected":false},"author":5,"featured_media":0,"comment_status":"","ping_status":"open","sticky":false,"template":"","format":"standard","meta":{"_acf_changed":false,"footnotes":""},"categories":[24],"tags":[],"class_list":["post-110402","post","type-post","status-publish","format-standard","has-post-thumbnail","hentry","category-gundem"],"acf":[],"yoast_head":"<!-- This site is optimized with the Yoast SEO Premium plugin v26.6 (Yoast SEO v27.1.1) - https:\/\/yoast.com\/product\/yoast-seo-premium-wordpress\/ -->\n<title>\u00c7\u0131kaca\u011f\u0131z yola! - Av. Deniz Can K\u0131z\u0131l<\/title>\n<meta name=\"robots\" content=\"index, follow, max-snippet:-1, max-image-preview:large, max-video-preview:-1\" \/>\n<link rel=\"canonical\" href=\"http:\/\/denizcankizil.tr\/de\/haberler\/gundem\/cikacagiz-yola\/\" \/>\n<meta property=\"og:locale\" content=\"de_DE\" \/>\n<meta property=\"og:type\" content=\"article\" \/>\n<meta property=\"og:title\" content=\"\u00c7\u0131kaca\u011f\u0131z yola!\" \/>\n<meta property=\"og:description\" content=\"\u0130leride T\u00fcrkiye i\u00e7in tarih kitaplar\u0131n\u0131 yazacak ki\u015filer, 19 Mart 2025 tarihine ayr\u0131 bir ba\u015fl\u0131k ya da b\u00f6l\u00fcm a\u00e7acaklar. 2019 yerel se\u00e7imleri sonras\u0131nda, \u2018T\u00fcrkiye narkozdan uyan\u0131yor\u2019 demi\u015ftim ve eklemi\u015ftim: \u201cNarkozdan uyanmak hemencecik olmaz. Narkozdan \u00e7\u0131kmak, a\u011fr\u0131lar\u0131 da beraberinde getirir. A\u011fr\u0131lara haz\u0131r olal\u0131m.\u201d \u0130\u015fte o a\u011fr\u0131l\u0131 d\u00f6nemlerin de sonu geliyor. T\u00fcrkiye aya\u011fa kalmaya, yola \u00e7\u0131kmaya iyiden iyiye haz\u0131r. Yola \u00e7\u0131kmak ayn\u0131 zamanda bir ideal, bir \u00fclk\u00fc bar\u0131nd\u0131r\u0131r. O ideal ya da \u00fclk\u00fc olgunla\u015fmam\u0131\u015fsa, yola \u00e7\u0131kamazs\u0131n. Yol sadece bir yere ula\u015fmak i\u00e7in gerekli bir ara\u00e7 olmaktan \u00e7\u0131kar, idealin, \u00fclk\u00fcn\u00fcn bir par\u00e7as\u0131 haline gelir. Ba\u015fka bir deyi\u015fle; ideal, \u00fclk\u00fc yolu, yol da ideali, \u00fclk\u00fcy\u00fc yeniden ve yeniden \u00fcretir. Birbirleri ile simbiyotik bir ili\u015fki kurarlar. Varl\u0131klar\u0131n\u0131 birbirlerine ba\u011flarlar. T\u00fcrkiye\u2019nin narkozdan \u00e7\u0131kma s\u00fcreci ayn\u0131 zamanda idealini, \u00fclk\u00fcs\u00fcn\u00fc de \u00fcretme s\u00fcreci olarak i\u015fledi. 19 Mart\u2019ta bu d\u00fc\u015f\u00fcnsel \u00fcretim s\u00fcreci tamamland\u0131 ve T\u00fcrkiye de \u201cgayr\u0131k yeter\u201d dedi. Yani 19 Mart\u2019tan sonra hi\u00e7bir \u015fey eskisi gibi olmayacak. Dr. Hikmet K\u0131v\u0131lc\u0131ml\u0131, bu gibi olaylar i\u00e7in \u2018sosyal devrim\u2019 kavram\u0131n\u0131 kullan\u0131r. Burada devrim, bildi\u011fimiz anlamda bir sosyalist devrim de\u011fil, b\u00fcy\u00fck bir toplumsal d\u00f6n\u00fc\u015f\u00fcm\u00fc ifade eder. Yola \u00e7\u0131kmak da bu toplumsal d\u00f6n\u00fc\u015f\u00fcm\u00fcn ger\u00e7ekle\u015fmesi i\u00e7in gereken d\u00fc\u015f\u00fcnce ve eylem yeterlili\u011finin metaforik kar\u015f\u0131l\u0131\u011f\u0131d\u0131r. Erdem Bayaz\u0131t, sa\u011f, \u0130slami kesimin \u00f6nemli \u015fairlerindendir. Gelin, yola \u00e7\u0131kman\u0131n nas\u0131l bir &hellip;\" \/>\n<meta property=\"og:url\" content=\"http:\/\/denizcankizil.tr\/de\/haberler\/gundem\/cikacagiz-yola\/\" \/>\n<meta property=\"og:site_name\" content=\"Av. Deniz Can K\u0131z\u0131l\" \/>\n<meta property=\"article:published_time\" content=\"2025-06-08T07:41:17+00:00\" \/>\n<meta name=\"author\" content=\"Antalya K\u00f6rfez\" \/>\n<meta name=\"twitter:card\" content=\"summary_large_image\" \/>\n<meta name=\"twitter:label1\" content=\"Verfasst von\" \/>\n\t<meta name=\"twitter:data1\" content=\"Antalya K\u00f6rfez\" \/>\n\t<meta name=\"twitter:label2\" content=\"Gesch\u00e4tzte Lesezeit\" \/>\n\t<meta name=\"twitter:data2\" content=\"4\u00a0Minuten\" \/>\n<script type=\"application\/ld+json\" class=\"yoast-schema-graph\">{\"@context\":\"https:\/\/schema.org\",\"@graph\":[{\"@type\":\"Article\",\"@id\":\"http:\/\/denizcankizil.tr\/de\/haberler\/gundem\/cikacagiz-yola\/#article\",\"isPartOf\":{\"@id\":\"http:\/\/denizcankizil.tr\/de\/haberler\/gundem\/cikacagiz-yola\/\"},\"author\":{\"name\":\"Antalya K\u00f6rfez\",\"@id\":\"https:\/\/denizcankizil.tr\/#\/schema\/person\/e1eb71bb4dd684d46563f0af307e1234\"},\"headline\":\"\u00c7\u0131kaca\u011f\u0131z yola!\",\"datePublished\":\"2025-06-08T07:41:17+00:00\",\"mainEntityOfPage\":{\"@id\":\"http:\/\/denizcankizil.tr\/de\/haberler\/gundem\/cikacagiz-yola\/\"},\"wordCount\":777,\"publisher\":{\"@id\":\"https:\/\/denizcankizil.tr\/#organization\"},\"articleSection\":[\"G\u00fcndem\"],\"inLanguage\":\"de\"},{\"@type\":\"WebPage\",\"@id\":\"http:\/\/denizcankizil.tr\/de\/haberler\/gundem\/cikacagiz-yola\/\",\"url\":\"http:\/\/denizcankizil.tr\/de\/haberler\/gundem\/cikacagiz-yola\/\",\"name\":\"\u00c7\u0131kaca\u011f\u0131z yola! - Av. Deniz Can K\u0131z\u0131l\",\"isPartOf\":{\"@id\":\"https:\/\/denizcankizil.tr\/#website\"},\"datePublished\":\"2025-06-08T07:41:17+00:00\",\"breadcrumb\":{\"@id\":\"http:\/\/denizcankizil.tr\/de\/haberler\/gundem\/cikacagiz-yola\/#breadcrumb\"},\"inLanguage\":\"de\",\"potentialAction\":[{\"@type\":\"ReadAction\",\"target\":[\"http:\/\/denizcankizil.tr\/de\/haberler\/gundem\/cikacagiz-yola\/\"]}]},{\"@type\":\"BreadcrumbList\",\"@id\":\"http:\/\/denizcankizil.tr\/de\/haberler\/gundem\/cikacagiz-yola\/#breadcrumb\",\"itemListElement\":[{\"@type\":\"ListItem\",\"position\":1,\"name\":\"Home\",\"item\":\"https:\/\/denizcankizil.tr\/de\/\"},{\"@type\":\"ListItem\",\"position\":2,\"name\":\"\u00c7\u0131kaca\u011f\u0131z yola!\"}]},{\"@type\":\"WebSite\",\"@id\":\"https:\/\/denizcankizil.tr\/#website\",\"url\":\"https:\/\/denizcankizil.tr\/\",\"name\":\"Av. Deniz Can K\u0131z\u0131l\",\"description\":\"Avukat Deniz Can K\u0131z\u0131l Antalya Barosu\",\"publisher\":{\"@id\":\"https:\/\/denizcankizil.tr\/#organization\"},\"potentialAction\":[{\"@type\":\"SearchAction\",\"target\":{\"@type\":\"EntryPoint\",\"urlTemplate\":\"https:\/\/denizcankizil.tr\/?s={search_term_string}\"},\"query-input\":{\"@type\":\"PropertyValueSpecification\",\"valueRequired\":true,\"valueName\":\"search_term_string\"}}],\"inLanguage\":\"de\"},{\"@type\":\"Organization\",\"@id\":\"https:\/\/denizcankizil.tr\/#organization\",\"name\":\"Av. Deniz Can K\u0131z\u0131l\",\"url\":\"https:\/\/denizcankizil.tr\/\",\"logo\":{\"@type\":\"ImageObject\",\"inLanguage\":\"de\",\"@id\":\"https:\/\/denizcankizil.tr\/#\/schema\/logo\/image\/\",\"url\":\"http:\/\/denizcankizil.tr\/wp-content\/uploads\/2024\/10\/siyah-logo-svg.svg\",\"contentUrl\":\"http:\/\/denizcankizil.tr\/wp-content\/uploads\/2024\/10\/siyah-logo-svg.svg\",\"width\":1080,\"height\":1080,\"caption\":\"Av. Deniz Can K\u0131z\u0131l\"},\"image\":{\"@id\":\"https:\/\/denizcankizil.tr\/#\/schema\/logo\/image\/\"}},{\"@type\":\"Person\",\"@id\":\"https:\/\/denizcankizil.tr\/#\/schema\/person\/e1eb71bb4dd684d46563f0af307e1234\",\"name\":\"Antalya K\u00f6rfez\",\"image\":{\"@type\":\"ImageObject\",\"inLanguage\":\"de\",\"@id\":\"https:\/\/denizcankizil.tr\/#\/schema\/person\/image\/\",\"url\":\"https:\/\/secure.gravatar.com\/avatar\/42b01982558a48a0b501fdcab6a408d3717ea5919095ee2e67b0e521799c5905?s=96&d=mm&r=g\",\"contentUrl\":\"https:\/\/secure.gravatar.com\/avatar\/42b01982558a48a0b501fdcab6a408d3717ea5919095ee2e67b0e521799c5905?s=96&d=mm&r=g\",\"caption\":\"Antalya K\u00f6rfez\"},\"sameAs\":[\"http:\/\/www.antalyakorfez.com\"],\"url\":\"https:\/\/www.antalyakorfez.com\/cikacagiz-yola\"}]}<\/script>\n<!-- \/ Yoast SEO Premium plugin. -->","yoast_head_json":{"title":"\u00c7\u0131kaca\u011f\u0131z yola! - Av. Deniz Can K\u0131z\u0131l","robots":{"index":"index","follow":"follow","max-snippet":"max-snippet:-1","max-image-preview":"max-image-preview:large","max-video-preview":"max-video-preview:-1"},"canonical":"http:\/\/denizcankizil.tr\/de\/haberler\/gundem\/cikacagiz-yola\/","og_locale":"de_DE","og_type":"article","og_title":"\u00c7\u0131kaca\u011f\u0131z yola!","og_description":"\u0130leride T\u00fcrkiye i\u00e7in tarih kitaplar\u0131n\u0131 yazacak ki\u015filer, 19 Mart 2025 tarihine ayr\u0131 bir ba\u015fl\u0131k ya da b\u00f6l\u00fcm a\u00e7acaklar. 2019 yerel se\u00e7imleri sonras\u0131nda, \u2018T\u00fcrkiye narkozdan uyan\u0131yor\u2019 demi\u015ftim ve eklemi\u015ftim: \u201cNarkozdan uyanmak hemencecik olmaz. Narkozdan \u00e7\u0131kmak, a\u011fr\u0131lar\u0131 da beraberinde getirir. A\u011fr\u0131lara haz\u0131r olal\u0131m.\u201d \u0130\u015fte o a\u011fr\u0131l\u0131 d\u00f6nemlerin de sonu geliyor. T\u00fcrkiye aya\u011fa kalmaya, yola \u00e7\u0131kmaya iyiden iyiye haz\u0131r. Yola \u00e7\u0131kmak ayn\u0131 zamanda bir ideal, bir \u00fclk\u00fc bar\u0131nd\u0131r\u0131r. O ideal ya da \u00fclk\u00fc olgunla\u015fmam\u0131\u015fsa, yola \u00e7\u0131kamazs\u0131n. Yol sadece bir yere ula\u015fmak i\u00e7in gerekli bir ara\u00e7 olmaktan \u00e7\u0131kar, idealin, \u00fclk\u00fcn\u00fcn bir par\u00e7as\u0131 haline gelir. Ba\u015fka bir deyi\u015fle; ideal, \u00fclk\u00fc yolu, yol da ideali, \u00fclk\u00fcy\u00fc yeniden ve yeniden \u00fcretir. Birbirleri ile simbiyotik bir ili\u015fki kurarlar. Varl\u0131klar\u0131n\u0131 birbirlerine ba\u011flarlar. T\u00fcrkiye\u2019nin narkozdan \u00e7\u0131kma s\u00fcreci ayn\u0131 zamanda idealini, \u00fclk\u00fcs\u00fcn\u00fc de \u00fcretme s\u00fcreci olarak i\u015fledi. 19 Mart\u2019ta bu d\u00fc\u015f\u00fcnsel \u00fcretim s\u00fcreci tamamland\u0131 ve T\u00fcrkiye de \u201cgayr\u0131k yeter\u201d dedi. Yani 19 Mart\u2019tan sonra hi\u00e7bir \u015fey eskisi gibi olmayacak. Dr. Hikmet K\u0131v\u0131lc\u0131ml\u0131, bu gibi olaylar i\u00e7in \u2018sosyal devrim\u2019 kavram\u0131n\u0131 kullan\u0131r. Burada devrim, bildi\u011fimiz anlamda bir sosyalist devrim de\u011fil, b\u00fcy\u00fck bir toplumsal d\u00f6n\u00fc\u015f\u00fcm\u00fc ifade eder. Yola \u00e7\u0131kmak da bu toplumsal d\u00f6n\u00fc\u015f\u00fcm\u00fcn ger\u00e7ekle\u015fmesi i\u00e7in gereken d\u00fc\u015f\u00fcnce ve eylem yeterlili\u011finin metaforik kar\u015f\u0131l\u0131\u011f\u0131d\u0131r. Erdem Bayaz\u0131t, sa\u011f, \u0130slami kesimin \u00f6nemli \u015fairlerindendir. Gelin, yola \u00e7\u0131kman\u0131n nas\u0131l bir &hellip;","og_url":"http:\/\/denizcankizil.tr\/de\/haberler\/gundem\/cikacagiz-yola\/","og_site_name":"Av. Deniz Can K\u0131z\u0131l","article_published_time":"2025-06-08T07:41:17+00:00","author":"Antalya K\u00f6rfez","twitter_card":"summary_large_image","twitter_misc":{"Verfasst von":"Antalya K\u00f6rfez","Gesch\u00e4tzte Lesezeit":"4\u00a0Minuten"},"schema":{"@context":"https:\/\/schema.org","@graph":[{"@type":"Article","@id":"http:\/\/denizcankizil.tr\/de\/haberler\/gundem\/cikacagiz-yola\/#article","isPartOf":{"@id":"http:\/\/denizcankizil.tr\/de\/haberler\/gundem\/cikacagiz-yola\/"},"author":{"name":"Antalya K\u00f6rfez","@id":"https:\/\/denizcankizil.tr\/#\/schema\/person\/e1eb71bb4dd684d46563f0af307e1234"},"headline":"\u00c7\u0131kaca\u011f\u0131z yola!","datePublished":"2025-06-08T07:41:17+00:00","mainEntityOfPage":{"@id":"http:\/\/denizcankizil.tr\/de\/haberler\/gundem\/cikacagiz-yola\/"},"wordCount":777,"publisher":{"@id":"https:\/\/denizcankizil.tr\/#organization"},"articleSection":["G\u00fcndem"],"inLanguage":"de"},{"@type":"WebPage","@id":"http:\/\/denizcankizil.tr\/de\/haberler\/gundem\/cikacagiz-yola\/","url":"http:\/\/denizcankizil.tr\/de\/haberler\/gundem\/cikacagiz-yola\/","name":"\u00c7\u0131kaca\u011f\u0131z yola! - Av. Deniz Can K\u0131z\u0131l","isPartOf":{"@id":"https:\/\/denizcankizil.tr\/#website"},"datePublished":"2025-06-08T07:41:17+00:00","breadcrumb":{"@id":"http:\/\/denizcankizil.tr\/de\/haberler\/gundem\/cikacagiz-yola\/#breadcrumb"},"inLanguage":"de","potentialAction":[{"@type":"ReadAction","target":["http:\/\/denizcankizil.tr\/de\/haberler\/gundem\/cikacagiz-yola\/"]}]},{"@type":"BreadcrumbList","@id":"http:\/\/denizcankizil.tr\/de\/haberler\/gundem\/cikacagiz-yola\/#breadcrumb","itemListElement":[{"@type":"ListItem","position":1,"name":"Home","item":"https:\/\/denizcankizil.tr\/de\/"},{"@type":"ListItem","position":2,"name":"\u00c7\u0131kaca\u011f\u0131z yola!"}]},{"@type":"WebSite","@id":"https:\/\/denizcankizil.tr\/#website","url":"https:\/\/denizcankizil.tr\/","name":"Av. Deniz Can K\u0131z\u0131l","description":"Avukat Deniz Can K\u0131z\u0131l Antalya Barosu","publisher":{"@id":"https:\/\/denizcankizil.tr\/#organization"},"potentialAction":[{"@type":"SearchAction","target":{"@type":"EntryPoint","urlTemplate":"https:\/\/denizcankizil.tr\/?s={search_term_string}"},"query-input":{"@type":"PropertyValueSpecification","valueRequired":true,"valueName":"search_term_string"}}],"inLanguage":"de"},{"@type":"Organization","@id":"https:\/\/denizcankizil.tr\/#organization","name":"Av. Deniz Can K\u0131z\u0131l","url":"https:\/\/denizcankizil.tr\/","logo":{"@type":"ImageObject","inLanguage":"de","@id":"https:\/\/denizcankizil.tr\/#\/schema\/logo\/image\/","url":"http:\/\/denizcankizil.tr\/wp-content\/uploads\/2024\/10\/siyah-logo-svg.svg","contentUrl":"http:\/\/denizcankizil.tr\/wp-content\/uploads\/2024\/10\/siyah-logo-svg.svg","width":1080,"height":1080,"caption":"Av. Deniz Can K\u0131z\u0131l"},"image":{"@id":"https:\/\/denizcankizil.tr\/#\/schema\/logo\/image\/"}},{"@type":"Person","@id":"https:\/\/denizcankizil.tr\/#\/schema\/person\/e1eb71bb4dd684d46563f0af307e1234","name":"Antalya K\u00f6rfez","image":{"@type":"ImageObject","inLanguage":"de","@id":"https:\/\/denizcankizil.tr\/#\/schema\/person\/image\/","url":"https:\/\/secure.gravatar.com\/avatar\/42b01982558a48a0b501fdcab6a408d3717ea5919095ee2e67b0e521799c5905?s=96&d=mm&r=g","contentUrl":"https:\/\/secure.gravatar.com\/avatar\/42b01982558a48a0b501fdcab6a408d3717ea5919095ee2e67b0e521799c5905?s=96&d=mm&r=g","caption":"Antalya K\u00f6rfez"},"sameAs":["http:\/\/www.antalyakorfez.com"],"url":"https:\/\/www.antalyakorfez.com\/cikacagiz-yola"}]}},"_links":{"self":[{"href":"http:\/\/denizcankizil.tr\/de\/wp-json\/wp\/v2\/posts\/110402","targetHints":{"allow":["GET"]}}],"collection":[{"href":"http:\/\/denizcankizil.tr\/de\/wp-json\/wp\/v2\/posts"}],"about":[{"href":"http:\/\/denizcankizil.tr\/de\/wp-json\/wp\/v2\/types\/post"}],"author":[{"embeddable":true,"href":"http:\/\/denizcankizil.tr\/de\/wp-json\/wp\/v2\/users\/5"}],"replies":[{"embeddable":true,"href":"http:\/\/denizcankizil.tr\/de\/wp-json\/wp\/v2\/comments?post=110402"}],"version-history":[{"count":0,"href":"http:\/\/denizcankizil.tr\/de\/wp-json\/wp\/v2\/posts\/110402\/revisions"}],"wp:attachment":[{"href":"http:\/\/denizcankizil.tr\/de\/wp-json\/wp\/v2\/media?parent=110402"}],"wp:term":[{"taxonomy":"category","embeddable":true,"href":"http:\/\/denizcankizil.tr\/de\/wp-json\/wp\/v2\/categories?post=110402"},{"taxonomy":"post_tag","embeddable":true,"href":"http:\/\/denizcankizil.tr\/de\/wp-json\/wp\/v2\/tags?post=110402"}],"curies":[{"name":"wp","href":"https:\/\/api.w.org\/{rel}","templated":true}]}}