{"id":10885,"date":"2023-12-14T09:41:00","date_gmt":"2023-12-14T06:41:00","guid":{"rendered":"https:\/\/denizcankizil.tr\/uncategorized-tr\/avukatin-adliyede-verdigi-pozlar-tepki-cekti\/"},"modified":"2023-12-14T09:41:00","modified_gmt":"2023-12-14T06:41:00","slug":"avukatin-adliyede-verdigi-pozlar-tepki-cekti","status":"publish","type":"post","link":"http:\/\/denizcankizil.tr\/de\/hukukihaber\/avukatin-adliyede-verdigi-pozlar-tepki-cekti\/","title":{"rendered":"Avukat\u0131n adliyede verdi\u011fi pozlar tepki \u00e7ekti"},"content":{"rendered":"<p>\u0130stanbul\u00a0Barosu&#8217;na \u00fcye olan avukat Buket Nur\u015fah Tek\u0131\u015f\u0131k, Instagram hesab\u0131ndan &#8220;Ben asla kaybetmem ya kazan\u0131r\u0131m, ya \u00f6\u011frenirim&#8221; notuyla foto\u011fraflar payla\u015ft\u0131. \u00c7a\u011flayan Adliyesi&#8217;nde bir savc\u0131n\u0131n odas\u0131nda \u00e7ekildi\u011fi\u00a0\u00f6ne s\u00fcr\u00fclen foto\u011fraflar tepkiye neden oldu. Tek\u0131\u015f\u0131k, tepkiler \u00fczerine Instagram hesab\u0131n\u0131 kapatt\u0131.<\/p>\n<p>Uluslararas\u0131 K\u0131br\u0131s \u00dcniversitesi&#8217;nden mezun olan Tek\u0131\u015f\u0131k, Patronlar D\u00fcnyas\u0131&#8217;na yapt\u0131\u011f\u0131 a\u00e7\u0131klamada\u00a0\u015funlar\u0131 s\u00f6yledi:<\/p>\n<p>&#8220;Ben tek ba\u015f\u0131na \u00e7al\u0131\u015fan ve \u0130stanbul\u2019da tek ba\u015f\u0131na ayakta durmaya \u00e7al\u0131\u015fan bir kad\u0131n\u0131m. Herhangi bir hakim ile savc\u0131 ile ba\u011flant\u0131m yok. O foto\u011fraf\u0131n alt\u0131nda payla\u015ft\u0131\u011f\u0131m s\u00f6zde bir kitap s\u00f6z\u00fc. \u0130steyen Google&#8217;da arats\u0131n. O foto\u011frafla bir mesajla alakas\u0131 yok. Benim iki foto\u011fraf\u0131m hatta savc\u0131n\u0131n odas\u0131nda de\u011fil adliyede \u00e7ektirdi\u011fim foto\u011fraflar\u0131m kullan\u0131ld\u0131. Ben sosyal medyay\u0131 aktif olarak herkes gibi kullan\u0131yorum. Payla\u015ft\u0131\u011f\u0131mda ne bir hakim ismi ne bir savc\u0131 ismi var. Ne de benim hakim ya da savc\u0131larla ba\u011flant\u0131m var. Beni takibe alabilirler ileti\u015fim tespiti yapabilirler. Benim adliyede \u00e7ektirdi\u011fim \u015fahsi foto\u011fraflar\u0131m bile payla\u015f\u0131ld\u0131. E\u011fer bu g\u00fcndem oluyorsa ben buna \u00e7ok \u00fcz\u00fcl\u00fcr\u00fcm.&#8221;<\/p>\n<p>&#8220;\u0130STED\u0130\u011e\u0130M G\u0130B\u0130 G\u0130RER, \u0130STED\u0130\u011e\u0130M G\u0130B\u0130 \u00c7IKARIM&#8221;<\/p>\n<p>&#8220;Bir avukat\u0131n savc\u0131n\u0131n odas\u0131na giremez diye bir kanun varsa siz s\u00f6yleyin&#8221; diyen Tek\u0131\u015f\u0131k, &#8220;Savc\u0131n\u0131n odas\u0131na istedi\u011fim gibi girer istedi\u011fim gibi \u00e7\u0131kar\u0131m. Orada payla\u015f\u0131lan foto\u011frafta oda dolu mu bo\u015f mu kime ait bunlar hi\u00e7 sorgulanmadan izinsiz \u015fekilde kullan\u0131ld\u0131. Ba\u015fka yerlere \u00e7ekilmek, alg\u0131 yarat\u0131lmak isteniyor. \u0130steyen benim hesaplar\u0131m\u0131 bakiyelerimi inceleyebilir. Bor\u00e7tan ba\u015fka bir \u015fey bulamazlar. Bu gibi \u015feyler benim hevesimi iste\u011fimi k\u0131r\u0131yor. Herkes gibi sosyal medyay\u0131 kullan\u0131yorum ama \u00e7ok farkl\u0131 alg\u0131 yarat\u0131ld\u0131. Bu foto\u011fraf\u0131 \u00e7ektirirken de payla\u015f\u0131rken de b\u00f6yle bir d\u00fc\u015f\u00fcncem olmad\u0131. Benim \u00e7ektirdi\u011fim foto\u011fraf bir hat\u0131ra foto\u011fraf\u0131 gibi. Onu da bir avukat arkada\u015f\u0131m \u00e7ekti. O s\u0131rada savc\u0131 odas\u0131nda de\u011fildi biz oda bo\u015fken bu foto\u011fraf\u0131 \u00e7ektirdik. Sadece bu kadar&#8221; dedi.<\/p>\n<p>SAVCI HAKKINDA SORU\u015eTURMA \u0130DD\u0130ASI<\/p>\n<p>\u00d6te yandan avukat\u00a0Buket Nur\u015fah Tek\u0131\u015f\u0131k&#8217;\u0131n odas\u0131nda foto\u011fraf \u00e7ektirdi\u011fi savc\u0131 hakk\u0131nda soru\u015fturma ba\u015flat\u0131ld\u0131\u011f\u0131 iddia edildi.<\/p>\n<p>\u200b\u0130stanbul&#8217;da avukat Buket Nur\u015fah Tek\u0131\u015f\u0131k, \u00c7a\u011flayan Adliyesi&#8217;nde savc\u0131 odas\u0131nda \u00e7ektirdi\u011fi foto\u011fraflar tepki \u00e7ekti. Avukat Tek\u0131\u015f\u0131k, gelen tepkiler \u00fczerine sosyal medya hesab\u0131n\u0131 kapat\u0131rken savc\u0131 hakk\u0131nda soru\u015fturma ba\u015flat\u0131ld\u0131\u011f\u0131 iddia edildi.\u00a0Hukuki Haber<\/p>\n<p>Haberin Al\u0131nt\u0131land\u0131\u011f\u0131 Kaynak: www.hukukihaber.net<\/p>","protected":false},"excerpt":{"rendered":"<p>\u0130stanbul\u00a0Barosu&#8217;na \u00fcye olan avukat Buket Nur\u015fah Tek\u0131\u015f\u0131k, Instagram hesab\u0131ndan &#8220;Ben asla kaybetmem ya kazan\u0131r\u0131m, ya \u00f6\u011frenirim&#8221; notuyla foto\u011fraflar payla\u015ft\u0131. \u00c7a\u011flayan Adliyesi&#8217;nde bir savc\u0131n\u0131n odas\u0131nda \u00e7ekildi\u011fi\u00a0\u00f6ne s\u00fcr\u00fclen foto\u011fraflar tepkiye neden oldu. Tek\u0131\u015f\u0131k, tepkiler \u00fczerine Instagram hesab\u0131n\u0131 kapatt\u0131. Uluslararas\u0131 K\u0131br\u0131s \u00dcniversitesi&#8217;nden mezun olan Tek\u0131\u015f\u0131k, Patronlar D\u00fcnyas\u0131&#8217;na yapt\u0131\u011f\u0131 a\u00e7\u0131klamada\u00a0\u015funlar\u0131 s\u00f6yledi: &#8220;Ben tek ba\u015f\u0131na \u00e7al\u0131\u015fan ve \u0130stanbul\u2019da tek ba\u015f\u0131na ayakta durmaya \u00e7al\u0131\u015fan bir kad\u0131n\u0131m. Herhangi bir hakim ile savc\u0131 ile ba\u011flant\u0131m yok. O foto\u011fraf\u0131n alt\u0131nda payla\u015ft\u0131\u011f\u0131m s\u00f6zde bir kitap s\u00f6z\u00fc. \u0130steyen Google&#8217;da arats\u0131n. O foto\u011frafla bir mesajla alakas\u0131 yok. Benim iki foto\u011fraf\u0131m hatta savc\u0131n\u0131n odas\u0131nda de\u011fil adliyede \u00e7ektirdi\u011fim foto\u011fraflar\u0131m kullan\u0131ld\u0131. Ben sosyal medyay\u0131 aktif olarak herkes gibi kullan\u0131yorum. Payla\u015ft\u0131\u011f\u0131mda ne bir hakim ismi ne bir savc\u0131 ismi var. Ne de benim hakim ya da savc\u0131larla ba\u011flant\u0131m var. Beni takibe alabilirler ileti\u015fim tespiti yapabilirler. Benim adliyede \u00e7ektirdi\u011fim \u015fahsi foto\u011fraflar\u0131m bile payla\u015f\u0131ld\u0131. E\u011fer bu g\u00fcndem oluyorsa ben buna \u00e7ok \u00fcz\u00fcl\u00fcr\u00fcm.&#8221; &#8220;\u0130STED\u0130\u011e\u0130M G\u0130B\u0130 G\u0130RER, \u0130STED\u0130\u011e\u0130M G\u0130B\u0130 \u00c7IKARIM&#8221; &#8220;Bir avukat\u0131n savc\u0131n\u0131n odas\u0131na giremez diye bir kanun varsa siz s\u00f6yleyin&#8221; diyen Tek\u0131\u015f\u0131k, &#8220;Savc\u0131n\u0131n odas\u0131na istedi\u011fim gibi girer istedi\u011fim gibi \u00e7\u0131kar\u0131m. Orada payla\u015f\u0131lan foto\u011frafta oda dolu mu bo\u015f mu kime ait bunlar hi\u00e7 sorgulanmadan izinsiz \u015fekilde kullan\u0131ld\u0131. Ba\u015fka yerlere \u00e7ekilmek, alg\u0131 yarat\u0131lmak isteniyor. \u0130steyen benim hesaplar\u0131m\u0131 bakiyelerimi inceleyebilir. Bor\u00e7tan ba\u015fka &hellip;<\/p>","protected":false},"author":0,"featured_media":0,"comment_status":"open","ping_status":"open","sticky":false,"template":"","format":"standard","meta":{"_acf_changed":false,"footnotes":""},"categories":[27,535],"tags":[],"class_list":["post-10885","post","type-post","status-publish","format-standard","has-post-thumbnail","hentry","category-hukukihaber","category-uncategorized-tr"],"acf":[],"yoast_head":"<!-- This site is optimized with the Yoast SEO Premium plugin v26.6 (Yoast SEO v27.1.1) - https:\/\/yoast.com\/product\/yoast-seo-premium-wordpress\/ -->\n<title>Avukat\u0131n adliyede verdi\u011fi pozlar tepki \u00e7ekti - Av. Deniz Can K\u0131z\u0131l<\/title>\n<meta name=\"robots\" content=\"index, follow, max-snippet:-1, max-image-preview:large, max-video-preview:-1\" \/>\n<link rel=\"canonical\" href=\"http:\/\/denizcankizil.tr\/de\/hukukihaber\/avukatin-adliyede-verdigi-pozlar-tepki-cekti\/\" \/>\n<meta property=\"og:locale\" content=\"de_DE\" \/>\n<meta property=\"og:type\" content=\"article\" \/>\n<meta property=\"og:title\" content=\"Avukat\u0131n adliyede verdi\u011fi pozlar tepki \u00e7ekti\" \/>\n<meta property=\"og:description\" content=\"\u0130stanbul\u00a0Barosu&#8217;na \u00fcye olan avukat Buket Nur\u015fah Tek\u0131\u015f\u0131k, Instagram hesab\u0131ndan &#8220;Ben asla kaybetmem ya kazan\u0131r\u0131m, ya \u00f6\u011frenirim&#8221; notuyla foto\u011fraflar payla\u015ft\u0131. \u00c7a\u011flayan Adliyesi&#8217;nde bir savc\u0131n\u0131n odas\u0131nda \u00e7ekildi\u011fi\u00a0\u00f6ne s\u00fcr\u00fclen foto\u011fraflar tepkiye neden oldu. Tek\u0131\u015f\u0131k, tepkiler \u00fczerine Instagram hesab\u0131n\u0131 kapatt\u0131. Uluslararas\u0131 K\u0131br\u0131s \u00dcniversitesi&#8217;nden mezun olan Tek\u0131\u015f\u0131k, Patronlar D\u00fcnyas\u0131&#8217;na yapt\u0131\u011f\u0131 a\u00e7\u0131klamada\u00a0\u015funlar\u0131 s\u00f6yledi: &#8220;Ben tek ba\u015f\u0131na \u00e7al\u0131\u015fan ve \u0130stanbul\u2019da tek ba\u015f\u0131na ayakta durmaya \u00e7al\u0131\u015fan bir kad\u0131n\u0131m. Herhangi bir hakim ile savc\u0131 ile ba\u011flant\u0131m yok. O foto\u011fraf\u0131n alt\u0131nda payla\u015ft\u0131\u011f\u0131m s\u00f6zde bir kitap s\u00f6z\u00fc. \u0130steyen Google&#8217;da arats\u0131n. O foto\u011frafla bir mesajla alakas\u0131 yok. Benim iki foto\u011fraf\u0131m hatta savc\u0131n\u0131n odas\u0131nda de\u011fil adliyede \u00e7ektirdi\u011fim foto\u011fraflar\u0131m kullan\u0131ld\u0131. Ben sosyal medyay\u0131 aktif olarak herkes gibi kullan\u0131yorum. Payla\u015ft\u0131\u011f\u0131mda ne bir hakim ismi ne bir savc\u0131 ismi var. Ne de benim hakim ya da savc\u0131larla ba\u011flant\u0131m var. Beni takibe alabilirler ileti\u015fim tespiti yapabilirler. Benim adliyede \u00e7ektirdi\u011fim \u015fahsi foto\u011fraflar\u0131m bile payla\u015f\u0131ld\u0131. E\u011fer bu g\u00fcndem oluyorsa ben buna \u00e7ok \u00fcz\u00fcl\u00fcr\u00fcm.&#8221; &#8220;\u0130STED\u0130\u011e\u0130M G\u0130B\u0130 G\u0130RER, \u0130STED\u0130\u011e\u0130M G\u0130B\u0130 \u00c7IKARIM&#8221; &#8220;Bir avukat\u0131n savc\u0131n\u0131n odas\u0131na giremez diye bir kanun varsa siz s\u00f6yleyin&#8221; diyen Tek\u0131\u015f\u0131k, &#8220;Savc\u0131n\u0131n odas\u0131na istedi\u011fim gibi girer istedi\u011fim gibi \u00e7\u0131kar\u0131m. Orada payla\u015f\u0131lan foto\u011frafta oda dolu mu bo\u015f mu kime ait bunlar hi\u00e7 sorgulanmadan izinsiz \u015fekilde kullan\u0131ld\u0131. Ba\u015fka yerlere \u00e7ekilmek, alg\u0131 yarat\u0131lmak isteniyor. \u0130steyen benim hesaplar\u0131m\u0131 bakiyelerimi inceleyebilir. Bor\u00e7tan ba\u015fka &hellip;\" \/>\n<meta property=\"og:url\" content=\"http:\/\/denizcankizil.tr\/de\/hukukihaber\/avukatin-adliyede-verdigi-pozlar-tepki-cekti\/\" \/>\n<meta property=\"og:site_name\" content=\"Av. Deniz Can K\u0131z\u0131l\" \/>\n<meta property=\"article:published_time\" content=\"2023-12-14T06:41:00+00:00\" \/>\n<meta name=\"twitter:card\" content=\"summary_large_image\" \/>\n<meta name=\"twitter:label1\" content=\"Gesch\u00e4tzte Lesezeit\" \/>\n\t<meta name=\"twitter:data1\" content=\"2\u00a0Minuten\" \/>\n<script type=\"application\/ld+json\" class=\"yoast-schema-graph\">{\"@context\":\"https:\/\/schema.org\",\"@graph\":[{\"@type\":\"Article\",\"@id\":\"http:\/\/denizcankizil.tr\/de\/hukukihaber\/avukatin-adliyede-verdigi-pozlar-tepki-cekti\/#article\",\"isPartOf\":{\"@id\":\"http:\/\/denizcankizil.tr\/de\/hukukihaber\/avukatin-adliyede-verdigi-pozlar-tepki-cekti\/\"},\"author\":{\"name\":\"\",\"@id\":\"\"},\"headline\":\"Avukat\u0131n adliyede verdi\u011fi pozlar tepki \u00e7ekti\",\"datePublished\":\"2023-12-14T06:41:00+00:00\",\"mainEntityOfPage\":{\"@id\":\"http:\/\/denizcankizil.tr\/de\/hukukihaber\/avukatin-adliyede-verdigi-pozlar-tepki-cekti\/\"},\"wordCount\":469,\"commentCount\":0,\"publisher\":{\"@id\":\"https:\/\/denizcankizil.tr\/#organization\"},\"articleSection\":[\"Hukuki Haberler\",\"Uncategorized\"],\"inLanguage\":\"de\",\"potentialAction\":[{\"@type\":\"CommentAction\",\"name\":\"Comment\",\"target\":[\"http:\/\/denizcankizil.tr\/de\/hukukihaber\/avukatin-adliyede-verdigi-pozlar-tepki-cekti\/#respond\"]}]},{\"@type\":\"WebPage\",\"@id\":\"http:\/\/denizcankizil.tr\/de\/hukukihaber\/avukatin-adliyede-verdigi-pozlar-tepki-cekti\/\",\"url\":\"http:\/\/denizcankizil.tr\/de\/hukukihaber\/avukatin-adliyede-verdigi-pozlar-tepki-cekti\/\",\"name\":\"Avukat\u0131n adliyede verdi\u011fi pozlar tepki \u00e7ekti - Av. Deniz Can K\u0131z\u0131l\",\"isPartOf\":{\"@id\":\"https:\/\/denizcankizil.tr\/#website\"},\"datePublished\":\"2023-12-14T06:41:00+00:00\",\"breadcrumb\":{\"@id\":\"http:\/\/denizcankizil.tr\/de\/hukukihaber\/avukatin-adliyede-verdigi-pozlar-tepki-cekti\/#breadcrumb\"},\"inLanguage\":\"de\",\"potentialAction\":[{\"@type\":\"ReadAction\",\"target\":[\"http:\/\/denizcankizil.tr\/de\/hukukihaber\/avukatin-adliyede-verdigi-pozlar-tepki-cekti\/\"]}]},{\"@type\":\"BreadcrumbList\",\"@id\":\"http:\/\/denizcankizil.tr\/de\/hukukihaber\/avukatin-adliyede-verdigi-pozlar-tepki-cekti\/#breadcrumb\",\"itemListElement\":[{\"@type\":\"ListItem\",\"position\":1,\"name\":\"Home\",\"item\":\"https:\/\/denizcankizil.tr\/de\/\"},{\"@type\":\"ListItem\",\"position\":2,\"name\":\"Avukat\u0131n adliyede verdi\u011fi pozlar tepki \u00e7ekti\"}]},{\"@type\":\"WebSite\",\"@id\":\"https:\/\/denizcankizil.tr\/#website\",\"url\":\"https:\/\/denizcankizil.tr\/\",\"name\":\"Av. Deniz Can K\u0131z\u0131l\",\"description\":\"Avukat Deniz Can K\u0131z\u0131l Antalya Barosu\",\"publisher\":{\"@id\":\"https:\/\/denizcankizil.tr\/#organization\"},\"potentialAction\":[{\"@type\":\"SearchAction\",\"target\":{\"@type\":\"EntryPoint\",\"urlTemplate\":\"https:\/\/denizcankizil.tr\/?s={search_term_string}\"},\"query-input\":{\"@type\":\"PropertyValueSpecification\",\"valueRequired\":true,\"valueName\":\"search_term_string\"}}],\"inLanguage\":\"de\"},{\"@type\":\"Organization\",\"@id\":\"https:\/\/denizcankizil.tr\/#organization\",\"name\":\"Av. Deniz Can K\u0131z\u0131l\",\"url\":\"https:\/\/denizcankizil.tr\/\",\"logo\":{\"@type\":\"ImageObject\",\"inLanguage\":\"de\",\"@id\":\"https:\/\/denizcankizil.tr\/#\/schema\/logo\/image\/\",\"url\":\"http:\/\/denizcankizil.tr\/wp-content\/uploads\/2024\/10\/siyah-logo-svg.svg\",\"contentUrl\":\"http:\/\/denizcankizil.tr\/wp-content\/uploads\/2024\/10\/siyah-logo-svg.svg\",\"width\":1080,\"height\":1080,\"caption\":\"Av. Deniz Can K\u0131z\u0131l\"},\"image\":{\"@id\":\"https:\/\/denizcankizil.tr\/#\/schema\/logo\/image\/\"}}]}<\/script>\n<!-- \/ Yoast SEO Premium plugin. -->","yoast_head_json":{"title":"Avukat\u0131n adliyede verdi\u011fi pozlar tepki \u00e7ekti - Av. Deniz Can K\u0131z\u0131l","robots":{"index":"index","follow":"follow","max-snippet":"max-snippet:-1","max-image-preview":"max-image-preview:large","max-video-preview":"max-video-preview:-1"},"canonical":"http:\/\/denizcankizil.tr\/de\/hukukihaber\/avukatin-adliyede-verdigi-pozlar-tepki-cekti\/","og_locale":"de_DE","og_type":"article","og_title":"Avukat\u0131n adliyede verdi\u011fi pozlar tepki \u00e7ekti","og_description":"\u0130stanbul\u00a0Barosu&#8217;na \u00fcye olan avukat Buket Nur\u015fah Tek\u0131\u015f\u0131k, Instagram hesab\u0131ndan &#8220;Ben asla kaybetmem ya kazan\u0131r\u0131m, ya \u00f6\u011frenirim&#8221; notuyla foto\u011fraflar payla\u015ft\u0131. \u00c7a\u011flayan Adliyesi&#8217;nde bir savc\u0131n\u0131n odas\u0131nda \u00e7ekildi\u011fi\u00a0\u00f6ne s\u00fcr\u00fclen foto\u011fraflar tepkiye neden oldu. Tek\u0131\u015f\u0131k, tepkiler \u00fczerine Instagram hesab\u0131n\u0131 kapatt\u0131. Uluslararas\u0131 K\u0131br\u0131s \u00dcniversitesi&#8217;nden mezun olan Tek\u0131\u015f\u0131k, Patronlar D\u00fcnyas\u0131&#8217;na yapt\u0131\u011f\u0131 a\u00e7\u0131klamada\u00a0\u015funlar\u0131 s\u00f6yledi: &#8220;Ben tek ba\u015f\u0131na \u00e7al\u0131\u015fan ve \u0130stanbul\u2019da tek ba\u015f\u0131na ayakta durmaya \u00e7al\u0131\u015fan bir kad\u0131n\u0131m. Herhangi bir hakim ile savc\u0131 ile ba\u011flant\u0131m yok. O foto\u011fraf\u0131n alt\u0131nda payla\u015ft\u0131\u011f\u0131m s\u00f6zde bir kitap s\u00f6z\u00fc. \u0130steyen Google&#8217;da arats\u0131n. O foto\u011frafla bir mesajla alakas\u0131 yok. Benim iki foto\u011fraf\u0131m hatta savc\u0131n\u0131n odas\u0131nda de\u011fil adliyede \u00e7ektirdi\u011fim foto\u011fraflar\u0131m kullan\u0131ld\u0131. Ben sosyal medyay\u0131 aktif olarak herkes gibi kullan\u0131yorum. Payla\u015ft\u0131\u011f\u0131mda ne bir hakim ismi ne bir savc\u0131 ismi var. Ne de benim hakim ya da savc\u0131larla ba\u011flant\u0131m var. Beni takibe alabilirler ileti\u015fim tespiti yapabilirler. Benim adliyede \u00e7ektirdi\u011fim \u015fahsi foto\u011fraflar\u0131m bile payla\u015f\u0131ld\u0131. E\u011fer bu g\u00fcndem oluyorsa ben buna \u00e7ok \u00fcz\u00fcl\u00fcr\u00fcm.&#8221; &#8220;\u0130STED\u0130\u011e\u0130M G\u0130B\u0130 G\u0130RER, \u0130STED\u0130\u011e\u0130M G\u0130B\u0130 \u00c7IKARIM&#8221; &#8220;Bir avukat\u0131n savc\u0131n\u0131n odas\u0131na giremez diye bir kanun varsa siz s\u00f6yleyin&#8221; diyen Tek\u0131\u015f\u0131k, &#8220;Savc\u0131n\u0131n odas\u0131na istedi\u011fim gibi girer istedi\u011fim gibi \u00e7\u0131kar\u0131m. Orada payla\u015f\u0131lan foto\u011frafta oda dolu mu bo\u015f mu kime ait bunlar hi\u00e7 sorgulanmadan izinsiz \u015fekilde kullan\u0131ld\u0131. Ba\u015fka yerlere \u00e7ekilmek, alg\u0131 yarat\u0131lmak isteniyor. \u0130steyen benim hesaplar\u0131m\u0131 bakiyelerimi inceleyebilir. Bor\u00e7tan ba\u015fka &hellip;","og_url":"http:\/\/denizcankizil.tr\/de\/hukukihaber\/avukatin-adliyede-verdigi-pozlar-tepki-cekti\/","og_site_name":"Av. Deniz Can K\u0131z\u0131l","article_published_time":"2023-12-14T06:41:00+00:00","twitter_card":"summary_large_image","twitter_misc":{"Gesch\u00e4tzte Lesezeit":"2\u00a0Minuten"},"schema":{"@context":"https:\/\/schema.org","@graph":[{"@type":"Article","@id":"http:\/\/denizcankizil.tr\/de\/hukukihaber\/avukatin-adliyede-verdigi-pozlar-tepki-cekti\/#article","isPartOf":{"@id":"http:\/\/denizcankizil.tr\/de\/hukukihaber\/avukatin-adliyede-verdigi-pozlar-tepki-cekti\/"},"author":{"name":"","@id":""},"headline":"Avukat\u0131n adliyede verdi\u011fi pozlar tepki \u00e7ekti","datePublished":"2023-12-14T06:41:00+00:00","mainEntityOfPage":{"@id":"http:\/\/denizcankizil.tr\/de\/hukukihaber\/avukatin-adliyede-verdigi-pozlar-tepki-cekti\/"},"wordCount":469,"commentCount":0,"publisher":{"@id":"https:\/\/denizcankizil.tr\/#organization"},"articleSection":["Hukuki Haberler","Uncategorized"],"inLanguage":"de","potentialAction":[{"@type":"CommentAction","name":"Comment","target":["http:\/\/denizcankizil.tr\/de\/hukukihaber\/avukatin-adliyede-verdigi-pozlar-tepki-cekti\/#respond"]}]},{"@type":"WebPage","@id":"http:\/\/denizcankizil.tr\/de\/hukukihaber\/avukatin-adliyede-verdigi-pozlar-tepki-cekti\/","url":"http:\/\/denizcankizil.tr\/de\/hukukihaber\/avukatin-adliyede-verdigi-pozlar-tepki-cekti\/","name":"Avukat\u0131n adliyede verdi\u011fi pozlar tepki \u00e7ekti - Av. Deniz Can K\u0131z\u0131l","isPartOf":{"@id":"https:\/\/denizcankizil.tr\/#website"},"datePublished":"2023-12-14T06:41:00+00:00","breadcrumb":{"@id":"http:\/\/denizcankizil.tr\/de\/hukukihaber\/avukatin-adliyede-verdigi-pozlar-tepki-cekti\/#breadcrumb"},"inLanguage":"de","potentialAction":[{"@type":"ReadAction","target":["http:\/\/denizcankizil.tr\/de\/hukukihaber\/avukatin-adliyede-verdigi-pozlar-tepki-cekti\/"]}]},{"@type":"BreadcrumbList","@id":"http:\/\/denizcankizil.tr\/de\/hukukihaber\/avukatin-adliyede-verdigi-pozlar-tepki-cekti\/#breadcrumb","itemListElement":[{"@type":"ListItem","position":1,"name":"Home","item":"https:\/\/denizcankizil.tr\/de\/"},{"@type":"ListItem","position":2,"name":"Avukat\u0131n adliyede verdi\u011fi pozlar tepki \u00e7ekti"}]},{"@type":"WebSite","@id":"https:\/\/denizcankizil.tr\/#website","url":"https:\/\/denizcankizil.tr\/","name":"Av. Deniz Can K\u0131z\u0131l","description":"Avukat Deniz Can K\u0131z\u0131l Antalya Barosu","publisher":{"@id":"https:\/\/denizcankizil.tr\/#organization"},"potentialAction":[{"@type":"SearchAction","target":{"@type":"EntryPoint","urlTemplate":"https:\/\/denizcankizil.tr\/?s={search_term_string}"},"query-input":{"@type":"PropertyValueSpecification","valueRequired":true,"valueName":"search_term_string"}}],"inLanguage":"de"},{"@type":"Organization","@id":"https:\/\/denizcankizil.tr\/#organization","name":"Av. Deniz Can K\u0131z\u0131l","url":"https:\/\/denizcankizil.tr\/","logo":{"@type":"ImageObject","inLanguage":"de","@id":"https:\/\/denizcankizil.tr\/#\/schema\/logo\/image\/","url":"http:\/\/denizcankizil.tr\/wp-content\/uploads\/2024\/10\/siyah-logo-svg.svg","contentUrl":"http:\/\/denizcankizil.tr\/wp-content\/uploads\/2024\/10\/siyah-logo-svg.svg","width":1080,"height":1080,"caption":"Av. Deniz Can K\u0131z\u0131l"},"image":{"@id":"https:\/\/denizcankizil.tr\/#\/schema\/logo\/image\/"}}]}},"_links":{"self":[{"href":"http:\/\/denizcankizil.tr\/de\/wp-json\/wp\/v2\/posts\/10885","targetHints":{"allow":["GET"]}}],"collection":[{"href":"http:\/\/denizcankizil.tr\/de\/wp-json\/wp\/v2\/posts"}],"about":[{"href":"http:\/\/denizcankizil.tr\/de\/wp-json\/wp\/v2\/types\/post"}],"replies":[{"embeddable":true,"href":"http:\/\/denizcankizil.tr\/de\/wp-json\/wp\/v2\/comments?post=10885"}],"version-history":[{"count":0,"href":"http:\/\/denizcankizil.tr\/de\/wp-json\/wp\/v2\/posts\/10885\/revisions"}],"wp:attachment":[{"href":"http:\/\/denizcankizil.tr\/de\/wp-json\/wp\/v2\/media?parent=10885"}],"wp:term":[{"taxonomy":"category","embeddable":true,"href":"http:\/\/denizcankizil.tr\/de\/wp-json\/wp\/v2\/categories?post=10885"},{"taxonomy":"post_tag","embeddable":true,"href":"http:\/\/denizcankizil.tr\/de\/wp-json\/wp\/v2\/tags?post=10885"}],"curies":[{"name":"wp","href":"https:\/\/api.w.org\/{rel}","templated":true}]}}