{"id":108198,"date":"2025-06-06T08:42:47","date_gmt":"2025-06-06T05:42:47","guid":{"rendered":"https:\/\/denizcankizil.tr\/uncategorized-tr\/duzcede-duyarlilik-canini-hice-sayip-mahsur-kalan-yavru-kediyi-kurtardi\/"},"modified":"2025-06-06T08:42:47","modified_gmt":"2025-06-06T05:42:47","slug":"duzcede-duyarlilik-canini-hice-sayip-mahsur-kalan-yavru-kediyi-kurtardi","status":"publish","type":"post","link":"http:\/\/denizcankizil.tr\/de\/haberler\/gundem\/duzcede-duyarlilik-canini-hice-sayip-mahsur-kalan-yavru-kediyi-kurtardi\/","title":{"rendered":"D\u00fczce&#8217;de duyarl\u0131l\u0131k&#8230; Can\u0131n\u0131 hi\u00e7e say\u0131p, mahsur kalan yavru kediyi kurtard\u0131!"},"content":{"rendered":"<p>D\u00fczce\u2019de duyarl\u0131 bir vatanda\u015f, k\u00f6pr\u00fcde mahsur kalan yavru kediyi kurtarmak i\u00e7in teredd\u00fcts\u00fcz harekete ge\u00e7ti ve itfaiye ekipleri ile birlikte ger\u00e7ekle\u015ftirdi\u011fi operasyonla kediyi kurtararak sahiplendi.Sefer DEM\u0130R \/ D\u00dcZCE (\u0130GFA) &#8211;  D\u00fczce\u2019nin \u00c7amk\u00f6y Mahallesi\u2019nde, Y\u0131\u011f\u0131lca ba\u011flant\u0131 yolu \u00fczerindeki k\u00f6pr\u00fcde mahsur kalan bir yavru kedi, Ay\u00e7a Ustao\u011flu\u2019nun cesareti ve duyarl\u0131l\u0131\u011f\u0131 sayesinde yeni bir yuvaya kavu\u015ftu.<br \/>\nK\u00f6pr\u00fcden ge\u00e7erken beton bariyerlerden gelen kedi sesini duyan Ustao\u011flu, hemen durarak sesin kayna\u011f\u0131n\u0131 aramaya ba\u015flad\u0131.<br \/>\nYavru kediyi bariyerlerin i\u00e7inde mahsur kalm\u0131\u015f halde bulan Ustao\u011flu, hi\u00e7 d\u00fc\u015f\u00fcnmeden a\u015fa\u011f\u0131 inerek kediyi kuca\u011f\u0131na ald\u0131. Ancak bulundu\u011fu noktadan yukar\u0131 \u00e7\u0131kamay\u0131nca D\u00fczce Belediyesi itfaiye ekiplerine haber verdi. Olay yerine h\u0131zla ula\u015fan ekipler, hem Ustao\u011flu\u2019nu, hem de yavru kediyi g\u00fcvenli bir \u015fekilde kurtard\u0131.<\/p>\n<p>Kurtarma operasyonunun ard\u0131ndan duygular\u0131n\u0131 payla\u015fan Ay\u00e7a Ustao\u011flu, \u201cOnu orada b\u0131rakamazd\u0131m. \u015eimdi evimizin ne\u015fesi oldu,\u201d diyerek kediyi sahiplendi\u011fini belirtti. \u0130tfaiye ekiplerine te\u015fekk\u00fcr eden Ustao\u011flu\u2019nun bu duyarl\u0131 hareketi, \u00e7evreden de b\u00fcy\u00fck takdir toplad\u0131.<\/p>\n<p>\u200bD\u00fczce\u2019de duyarl\u0131 bir vatanda\u015f, k\u00f6pr\u00fcde mahsur kalan yavru kediyi kurtarmak i\u00e7in teredd\u00fcts\u00fcz harekete ge\u00e7ti ve itfaiye ekipleri ile birlikte ger\u00e7ekle\u015ftirdi\u011fi operasyonla kediyi kurtararak sahiplendi.Sefer DEM\u0130R \/ D\u00dcZCE (\u0130GFA) &#8211;  D\u00fczce\u2019nin \u00c7amk\u00f6y Mahallesi\u2019nde, Y\u0131\u011f\u0131lca ba\u011flant\u0131 yolu \u00fczerindeki k\u00f6pr\u00fcde mahsur kalan bir yavru kedi, Ay\u00e7a Ustao\u011flu\u2019nun cesareti ve duyarl\u0131l\u0131\u011f\u0131 sayesinde yeni bir yuvaya kavu\u015ftu.<br \/>\nK\u00f6pr\u00fcden ge\u00e7erken beton bariyerlerden gelen kedi sesini duyan Ustao\u011flu, hemen durarak sesin kayna\u011f\u0131n\u0131 aramaya ba\u015flad\u0131.<br \/>\nYavru kediyi bariyerlerin i\u00e7inde mahsur kalm\u0131\u015f halde bulan Ustao\u011flu, hi\u00e7 d\u00fc\u015f\u00fcnmeden a\u015fa\u011f\u0131 inerek kediyi kuca\u011f\u0131na ald\u0131. Ancak bulundu\u011fu noktadan yukar\u0131 \u00e7\u0131kamay\u0131nca D\u00fczce Belediyesi itfaiye ekiplerine haber verdi. Olay yerine h\u0131zla ula\u015fan ekipler, hem Ustao\u011flu\u2019nu, hem de yavru kediyi g\u00fcvenli bir \u015fekilde kurtard\u0131.<\/p>\n<p>Kurtarma operasyonunun ard\u0131ndan duygular\u0131n\u0131 payla\u015fan Ay\u00e7a Ustao\u011flu, \u201cOnu orada b\u0131rakamazd\u0131m. \u015eimdi evimizin ne\u015fesi oldu,\u201d diyerek kediyi sahiplendi\u011fini belirtti. \u0130tfaiye ekiplerine te\u015fekk\u00fcr eden Ustao\u011flu\u2019nun bu duyarl\u0131 hareketi, \u00e7evreden de b\u00fcy\u00fck takdir toplad\u0131.\u00a0<\/p>\n<p>\u200bHaberin Al\u0131nt\u0131land\u0131\u011f\u0131 Kaynak: www.iskenderun.org<\/p>","protected":false},"excerpt":{"rendered":"<p>D\u00fczce\u2019de duyarl\u0131 bir vatanda\u015f, k\u00f6pr\u00fcde mahsur kalan yavru kediyi kurtarmak i\u00e7in teredd\u00fcts\u00fcz harekete ge\u00e7ti ve itfaiye ekipleri ile birlikte ger\u00e7ekle\u015ftirdi\u011fi operasyonla kediyi kurtararak sahiplendi.Sefer DEM\u0130R \/ D\u00dcZCE (\u0130GFA) &#8211; D\u00fczce\u2019nin \u00c7amk\u00f6y Mahallesi\u2019nde, Y\u0131\u011f\u0131lca ba\u011flant\u0131 yolu \u00fczerindeki k\u00f6pr\u00fcde mahsur kalan bir yavru kedi, Ay\u00e7a Ustao\u011flu\u2019nun cesareti ve duyarl\u0131l\u0131\u011f\u0131 sayesinde yeni bir yuvaya kavu\u015ftu. K\u00f6pr\u00fcden ge\u00e7erken beton bariyerlerden gelen kedi sesini duyan Ustao\u011flu, hemen durarak sesin kayna\u011f\u0131n\u0131 aramaya ba\u015flad\u0131. Yavru kediyi bariyerlerin i\u00e7inde mahsur kalm\u0131\u015f halde bulan Ustao\u011flu, hi\u00e7 d\u00fc\u015f\u00fcnmeden a\u015fa\u011f\u0131 inerek kediyi kuca\u011f\u0131na ald\u0131. Ancak bulundu\u011fu noktadan yukar\u0131 \u00e7\u0131kamay\u0131nca D\u00fczce Belediyesi itfaiye ekiplerine haber verdi. Olay yerine h\u0131zla ula\u015fan ekipler, hem Ustao\u011flu\u2019nu, hem de yavru kediyi g\u00fcvenli bir \u015fekilde kurtard\u0131. Kurtarma operasyonunun ard\u0131ndan duygular\u0131n\u0131 payla\u015fan Ay\u00e7a Ustao\u011flu, \u201cOnu orada b\u0131rakamazd\u0131m. \u015eimdi evimizin ne\u015fesi oldu,\u201d diyerek kediyi sahiplendi\u011fini belirtti. \u0130tfaiye ekiplerine te\u015fekk\u00fcr eden Ustao\u011flu\u2019nun bu duyarl\u0131 hareketi, \u00e7evreden de b\u00fcy\u00fck takdir toplad\u0131. \u200bD\u00fczce\u2019de duyarl\u0131 bir vatanda\u015f, k\u00f6pr\u00fcde mahsur kalan yavru kediyi kurtarmak i\u00e7in teredd\u00fcts\u00fcz harekete ge\u00e7ti ve itfaiye ekipleri ile birlikte ger\u00e7ekle\u015ftirdi\u011fi operasyonla kediyi kurtararak sahiplendi.Sefer DEM\u0130R \/ D\u00dcZCE (\u0130GFA) &#8211; D\u00fczce\u2019nin \u00c7amk\u00f6y Mahallesi\u2019nde, Y\u0131\u011f\u0131lca ba\u011flant\u0131 yolu \u00fczerindeki k\u00f6pr\u00fcde mahsur kalan bir yavru kedi, Ay\u00e7a Ustao\u011flu\u2019nun cesareti ve duyarl\u0131l\u0131\u011f\u0131 sayesinde yeni bir yuvaya kavu\u015ftu. K\u00f6pr\u00fcden ge\u00e7erken beton bariyerlerden gelen kedi sesini duyan &hellip;<\/p>","protected":false},"author":1,"featured_media":0,"comment_status":"","ping_status":"open","sticky":false,"template":"","format":"standard","meta":{"_acf_changed":false,"footnotes":""},"categories":[24],"tags":[],"class_list":["post-108198","post","type-post","status-publish","format-standard","has-post-thumbnail","hentry","category-gundem"],"acf":[],"yoast_head":"<!-- This site is optimized with the Yoast SEO Premium plugin v26.6 (Yoast SEO v27.1.1) - https:\/\/yoast.com\/product\/yoast-seo-premium-wordpress\/ -->\n<title>D\u00fczce&#039;de duyarl\u0131l\u0131k... Can\u0131n\u0131 hi\u00e7e say\u0131p, mahsur kalan yavru kediyi kurtard\u0131! - Av. Deniz Can K\u0131z\u0131l<\/title>\n<meta name=\"robots\" content=\"index, follow, max-snippet:-1, max-image-preview:large, max-video-preview:-1\" \/>\n<link rel=\"canonical\" href=\"http:\/\/denizcankizil.tr\/de\/haberler\/gundem\/duzcede-duyarlilik-canini-hice-sayip-mahsur-kalan-yavru-kediyi-kurtardi\/\" \/>\n<meta property=\"og:locale\" content=\"de_DE\" \/>\n<meta property=\"og:type\" content=\"article\" \/>\n<meta property=\"og:title\" content=\"D\u00fczce&#039;de duyarl\u0131l\u0131k... Can\u0131n\u0131 hi\u00e7e say\u0131p, mahsur kalan yavru kediyi kurtard\u0131!\" \/>\n<meta property=\"og:description\" content=\"D\u00fczce\u2019de duyarl\u0131 bir vatanda\u015f, k\u00f6pr\u00fcde mahsur kalan yavru kediyi kurtarmak i\u00e7in teredd\u00fcts\u00fcz harekete ge\u00e7ti ve itfaiye ekipleri ile birlikte ger\u00e7ekle\u015ftirdi\u011fi operasyonla kediyi kurtararak sahiplendi.Sefer DEM\u0130R \/ D\u00dcZCE (\u0130GFA) &#8211; D\u00fczce\u2019nin \u00c7amk\u00f6y Mahallesi\u2019nde, Y\u0131\u011f\u0131lca ba\u011flant\u0131 yolu \u00fczerindeki k\u00f6pr\u00fcde mahsur kalan bir yavru kedi, Ay\u00e7a Ustao\u011flu\u2019nun cesareti ve duyarl\u0131l\u0131\u011f\u0131 sayesinde yeni bir yuvaya kavu\u015ftu. K\u00f6pr\u00fcden ge\u00e7erken beton bariyerlerden gelen kedi sesini duyan Ustao\u011flu, hemen durarak sesin kayna\u011f\u0131n\u0131 aramaya ba\u015flad\u0131. Yavru kediyi bariyerlerin i\u00e7inde mahsur kalm\u0131\u015f halde bulan Ustao\u011flu, hi\u00e7 d\u00fc\u015f\u00fcnmeden a\u015fa\u011f\u0131 inerek kediyi kuca\u011f\u0131na ald\u0131. Ancak bulundu\u011fu noktadan yukar\u0131 \u00e7\u0131kamay\u0131nca D\u00fczce Belediyesi itfaiye ekiplerine haber verdi. Olay yerine h\u0131zla ula\u015fan ekipler, hem Ustao\u011flu\u2019nu, hem de yavru kediyi g\u00fcvenli bir \u015fekilde kurtard\u0131. Kurtarma operasyonunun ard\u0131ndan duygular\u0131n\u0131 payla\u015fan Ay\u00e7a Ustao\u011flu, \u201cOnu orada b\u0131rakamazd\u0131m. \u015eimdi evimizin ne\u015fesi oldu,\u201d diyerek kediyi sahiplendi\u011fini belirtti. \u0130tfaiye ekiplerine te\u015fekk\u00fcr eden Ustao\u011flu\u2019nun bu duyarl\u0131 hareketi, \u00e7evreden de b\u00fcy\u00fck takdir toplad\u0131. \u200bD\u00fczce\u2019de duyarl\u0131 bir vatanda\u015f, k\u00f6pr\u00fcde mahsur kalan yavru kediyi kurtarmak i\u00e7in teredd\u00fcts\u00fcz harekete ge\u00e7ti ve itfaiye ekipleri ile birlikte ger\u00e7ekle\u015ftirdi\u011fi operasyonla kediyi kurtararak sahiplendi.Sefer DEM\u0130R \/ D\u00dcZCE (\u0130GFA) &#8211; D\u00fczce\u2019nin \u00c7amk\u00f6y Mahallesi\u2019nde, Y\u0131\u011f\u0131lca ba\u011flant\u0131 yolu \u00fczerindeki k\u00f6pr\u00fcde mahsur kalan bir yavru kedi, Ay\u00e7a Ustao\u011flu\u2019nun cesareti ve duyarl\u0131l\u0131\u011f\u0131 sayesinde yeni bir yuvaya kavu\u015ftu. K\u00f6pr\u00fcden ge\u00e7erken beton bariyerlerden gelen kedi sesini duyan &hellip;\" \/>\n<meta property=\"og:url\" content=\"http:\/\/denizcankizil.tr\/de\/haberler\/gundem\/duzcede-duyarlilik-canini-hice-sayip-mahsur-kalan-yavru-kediyi-kurtardi\/\" \/>\n<meta property=\"og:site_name\" content=\"Av. Deniz Can K\u0131z\u0131l\" \/>\n<meta property=\"article:published_time\" content=\"2025-06-06T05:42:47+00:00\" \/>\n<meta name=\"author\" content=\"admin\" \/>\n<meta name=\"twitter:card\" content=\"summary_large_image\" \/>\n<meta name=\"twitter:label1\" content=\"Verfasst von\" \/>\n\t<meta name=\"twitter:data1\" content=\"admin\" \/>\n\t<meta name=\"twitter:label2\" content=\"Gesch\u00e4tzte Lesezeit\" \/>\n\t<meta name=\"twitter:data2\" content=\"2\u00a0Minuten\" \/>\n<script type=\"application\/ld+json\" class=\"yoast-schema-graph\">{\"@context\":\"https:\/\/schema.org\",\"@graph\":[{\"@type\":\"Article\",\"@id\":\"http:\/\/denizcankizil.tr\/de\/haberler\/gundem\/duzcede-duyarlilik-canini-hice-sayip-mahsur-kalan-yavru-kediyi-kurtardi\/#article\",\"isPartOf\":{\"@id\":\"http:\/\/denizcankizil.tr\/de\/haberler\/gundem\/duzcede-duyarlilik-canini-hice-sayip-mahsur-kalan-yavru-kediyi-kurtardi\/\"},\"author\":{\"name\":\"admin\",\"@id\":\"https:\/\/denizcankizil.tr\/de\/#\/schema\/person\/be3c05fe6a12686905512445d8185489\"},\"headline\":\"D\u00fczce&#8217;de duyarl\u0131l\u0131k&#8230; Can\u0131n\u0131 hi\u00e7e say\u0131p, mahsur kalan yavru kediyi kurtard\u0131!\",\"datePublished\":\"2025-06-06T05:42:47+00:00\",\"mainEntityOfPage\":{\"@id\":\"http:\/\/denizcankizil.tr\/de\/haberler\/gundem\/duzcede-duyarlilik-canini-hice-sayip-mahsur-kalan-yavru-kediyi-kurtardi\/\"},\"wordCount\":425,\"publisher\":{\"@id\":\"https:\/\/denizcankizil.tr\/de\/#organization\"},\"articleSection\":[\"G\u00fcndem\"],\"inLanguage\":\"de\"},{\"@type\":\"WebPage\",\"@id\":\"http:\/\/denizcankizil.tr\/de\/haberler\/gundem\/duzcede-duyarlilik-canini-hice-sayip-mahsur-kalan-yavru-kediyi-kurtardi\/\",\"url\":\"http:\/\/denizcankizil.tr\/de\/haberler\/gundem\/duzcede-duyarlilik-canini-hice-sayip-mahsur-kalan-yavru-kediyi-kurtardi\/\",\"name\":\"D\u00fczce'de duyarl\u0131l\u0131k... Can\u0131n\u0131 hi\u00e7e say\u0131p, mahsur kalan yavru kediyi kurtard\u0131! - Av. Deniz Can K\u0131z\u0131l\",\"isPartOf\":{\"@id\":\"https:\/\/denizcankizil.tr\/de\/#website\"},\"datePublished\":\"2025-06-06T05:42:47+00:00\",\"breadcrumb\":{\"@id\":\"http:\/\/denizcankizil.tr\/de\/haberler\/gundem\/duzcede-duyarlilik-canini-hice-sayip-mahsur-kalan-yavru-kediyi-kurtardi\/#breadcrumb\"},\"inLanguage\":\"de\",\"potentialAction\":[{\"@type\":\"ReadAction\",\"target\":[\"http:\/\/denizcankizil.tr\/de\/haberler\/gundem\/duzcede-duyarlilik-canini-hice-sayip-mahsur-kalan-yavru-kediyi-kurtardi\/\"]}]},{\"@type\":\"BreadcrumbList\",\"@id\":\"http:\/\/denizcankizil.tr\/de\/haberler\/gundem\/duzcede-duyarlilik-canini-hice-sayip-mahsur-kalan-yavru-kediyi-kurtardi\/#breadcrumb\",\"itemListElement\":[{\"@type\":\"ListItem\",\"position\":1,\"name\":\"Home\",\"item\":\"https:\/\/denizcankizil.tr\/de\/\"},{\"@type\":\"ListItem\",\"position\":2,\"name\":\"D\u00fczce&#8217;de duyarl\u0131l\u0131k&#8230; Can\u0131n\u0131 hi\u00e7e say\u0131p, mahsur kalan yavru kediyi kurtard\u0131!\"}]},{\"@type\":\"WebSite\",\"@id\":\"https:\/\/denizcankizil.tr\/de\/#website\",\"url\":\"https:\/\/denizcankizil.tr\/de\/\",\"name\":\"Av. Deniz Can K\u0131z\u0131l\",\"description\":\"Avukat Deniz Can K\u0131z\u0131l Antalya Barosu\",\"publisher\":{\"@id\":\"https:\/\/denizcankizil.tr\/de\/#organization\"},\"potentialAction\":[{\"@type\":\"SearchAction\",\"target\":{\"@type\":\"EntryPoint\",\"urlTemplate\":\"https:\/\/denizcankizil.tr\/de\/?s={search_term_string}\"},\"query-input\":{\"@type\":\"PropertyValueSpecification\",\"valueRequired\":true,\"valueName\":\"search_term_string\"}}],\"inLanguage\":\"de\"},{\"@type\":\"Organization\",\"@id\":\"https:\/\/denizcankizil.tr\/de\/#organization\",\"name\":\"Av. Deniz Can K\u0131z\u0131l\",\"url\":\"https:\/\/denizcankizil.tr\/de\/\",\"logo\":{\"@type\":\"ImageObject\",\"inLanguage\":\"de\",\"@id\":\"https:\/\/denizcankizil.tr\/de\/#\/schema\/logo\/image\/\",\"url\":\"http:\/\/denizcankizil.tr\/wp-content\/uploads\/2024\/10\/siyah-logo-svg.svg\",\"contentUrl\":\"http:\/\/denizcankizil.tr\/wp-content\/uploads\/2024\/10\/siyah-logo-svg.svg\",\"width\":1080,\"height\":1080,\"caption\":\"Av. Deniz Can K\u0131z\u0131l\"},\"image\":{\"@id\":\"https:\/\/denizcankizil.tr\/de\/#\/schema\/logo\/image\/\"}},{\"@type\":\"Person\",\"@id\":\"https:\/\/denizcankizil.tr\/de\/#\/schema\/person\/be3c05fe6a12686905512445d8185489\",\"name\":\"admin\",\"image\":{\"@type\":\"ImageObject\",\"inLanguage\":\"de\",\"@id\":\"https:\/\/denizcankizil.tr\/de\/#\/schema\/person\/image\/\",\"url\":\"https:\/\/secure.gravatar.com\/avatar\/c1fce94c830dc79107e174f890d7210541c4a63e8e5d816341794a2151c9d58c?s=96&d=mm&r=g\",\"contentUrl\":\"https:\/\/secure.gravatar.com\/avatar\/c1fce94c830dc79107e174f890d7210541c4a63e8e5d816341794a2151c9d58c?s=96&d=mm&r=g\",\"caption\":\"admin\"},\"sameAs\":[\"http:\/\/denizcankizil.tr\"],\"url\":\"https:\/\/www.iskenderun.org\/duzcede-duyarlilik-canini-hice-sayip-mahsur-kalan-yavru-kediyi-kurtardi\"}]}<\/script>\n<!-- \/ Yoast SEO Premium plugin. -->","yoast_head_json":{"title":"D\u00fczce'de duyarl\u0131l\u0131k... Can\u0131n\u0131 hi\u00e7e say\u0131p, mahsur kalan yavru kediyi kurtard\u0131! - Av. Deniz Can K\u0131z\u0131l","robots":{"index":"index","follow":"follow","max-snippet":"max-snippet:-1","max-image-preview":"max-image-preview:large","max-video-preview":"max-video-preview:-1"},"canonical":"http:\/\/denizcankizil.tr\/de\/haberler\/gundem\/duzcede-duyarlilik-canini-hice-sayip-mahsur-kalan-yavru-kediyi-kurtardi\/","og_locale":"de_DE","og_type":"article","og_title":"D\u00fczce'de duyarl\u0131l\u0131k... Can\u0131n\u0131 hi\u00e7e say\u0131p, mahsur kalan yavru kediyi kurtard\u0131!","og_description":"D\u00fczce\u2019de duyarl\u0131 bir vatanda\u015f, k\u00f6pr\u00fcde mahsur kalan yavru kediyi kurtarmak i\u00e7in teredd\u00fcts\u00fcz harekete ge\u00e7ti ve itfaiye ekipleri ile birlikte ger\u00e7ekle\u015ftirdi\u011fi operasyonla kediyi kurtararak sahiplendi.Sefer DEM\u0130R \/ D\u00dcZCE (\u0130GFA) &#8211; D\u00fczce\u2019nin \u00c7amk\u00f6y Mahallesi\u2019nde, Y\u0131\u011f\u0131lca ba\u011flant\u0131 yolu \u00fczerindeki k\u00f6pr\u00fcde mahsur kalan bir yavru kedi, Ay\u00e7a Ustao\u011flu\u2019nun cesareti ve duyarl\u0131l\u0131\u011f\u0131 sayesinde yeni bir yuvaya kavu\u015ftu. K\u00f6pr\u00fcden ge\u00e7erken beton bariyerlerden gelen kedi sesini duyan Ustao\u011flu, hemen durarak sesin kayna\u011f\u0131n\u0131 aramaya ba\u015flad\u0131. Yavru kediyi bariyerlerin i\u00e7inde mahsur kalm\u0131\u015f halde bulan Ustao\u011flu, hi\u00e7 d\u00fc\u015f\u00fcnmeden a\u015fa\u011f\u0131 inerek kediyi kuca\u011f\u0131na ald\u0131. Ancak bulundu\u011fu noktadan yukar\u0131 \u00e7\u0131kamay\u0131nca D\u00fczce Belediyesi itfaiye ekiplerine haber verdi. Olay yerine h\u0131zla ula\u015fan ekipler, hem Ustao\u011flu\u2019nu, hem de yavru kediyi g\u00fcvenli bir \u015fekilde kurtard\u0131. Kurtarma operasyonunun ard\u0131ndan duygular\u0131n\u0131 payla\u015fan Ay\u00e7a Ustao\u011flu, \u201cOnu orada b\u0131rakamazd\u0131m. \u015eimdi evimizin ne\u015fesi oldu,\u201d diyerek kediyi sahiplendi\u011fini belirtti. \u0130tfaiye ekiplerine te\u015fekk\u00fcr eden Ustao\u011flu\u2019nun bu duyarl\u0131 hareketi, \u00e7evreden de b\u00fcy\u00fck takdir toplad\u0131. \u200bD\u00fczce\u2019de duyarl\u0131 bir vatanda\u015f, k\u00f6pr\u00fcde mahsur kalan yavru kediyi kurtarmak i\u00e7in teredd\u00fcts\u00fcz harekete ge\u00e7ti ve itfaiye ekipleri ile birlikte ger\u00e7ekle\u015ftirdi\u011fi operasyonla kediyi kurtararak sahiplendi.Sefer DEM\u0130R \/ D\u00dcZCE (\u0130GFA) &#8211; D\u00fczce\u2019nin \u00c7amk\u00f6y Mahallesi\u2019nde, Y\u0131\u011f\u0131lca ba\u011flant\u0131 yolu \u00fczerindeki k\u00f6pr\u00fcde mahsur kalan bir yavru kedi, Ay\u00e7a Ustao\u011flu\u2019nun cesareti ve duyarl\u0131l\u0131\u011f\u0131 sayesinde yeni bir yuvaya kavu\u015ftu. K\u00f6pr\u00fcden ge\u00e7erken beton bariyerlerden gelen kedi sesini duyan &hellip;","og_url":"http:\/\/denizcankizil.tr\/de\/haberler\/gundem\/duzcede-duyarlilik-canini-hice-sayip-mahsur-kalan-yavru-kediyi-kurtardi\/","og_site_name":"Av. Deniz Can K\u0131z\u0131l","article_published_time":"2025-06-06T05:42:47+00:00","author":"admin","twitter_card":"summary_large_image","twitter_misc":{"Verfasst von":"admin","Gesch\u00e4tzte Lesezeit":"2\u00a0Minuten"},"schema":{"@context":"https:\/\/schema.org","@graph":[{"@type":"Article","@id":"http:\/\/denizcankizil.tr\/de\/haberler\/gundem\/duzcede-duyarlilik-canini-hice-sayip-mahsur-kalan-yavru-kediyi-kurtardi\/#article","isPartOf":{"@id":"http:\/\/denizcankizil.tr\/de\/haberler\/gundem\/duzcede-duyarlilik-canini-hice-sayip-mahsur-kalan-yavru-kediyi-kurtardi\/"},"author":{"name":"admin","@id":"https:\/\/denizcankizil.tr\/de\/#\/schema\/person\/be3c05fe6a12686905512445d8185489"},"headline":"D\u00fczce&#8217;de duyarl\u0131l\u0131k&#8230; Can\u0131n\u0131 hi\u00e7e say\u0131p, mahsur kalan yavru kediyi kurtard\u0131!","datePublished":"2025-06-06T05:42:47+00:00","mainEntityOfPage":{"@id":"http:\/\/denizcankizil.tr\/de\/haberler\/gundem\/duzcede-duyarlilik-canini-hice-sayip-mahsur-kalan-yavru-kediyi-kurtardi\/"},"wordCount":425,"publisher":{"@id":"https:\/\/denizcankizil.tr\/de\/#organization"},"articleSection":["G\u00fcndem"],"inLanguage":"de"},{"@type":"WebPage","@id":"http:\/\/denizcankizil.tr\/de\/haberler\/gundem\/duzcede-duyarlilik-canini-hice-sayip-mahsur-kalan-yavru-kediyi-kurtardi\/","url":"http:\/\/denizcankizil.tr\/de\/haberler\/gundem\/duzcede-duyarlilik-canini-hice-sayip-mahsur-kalan-yavru-kediyi-kurtardi\/","name":"D\u00fczce'de duyarl\u0131l\u0131k... Can\u0131n\u0131 hi\u00e7e say\u0131p, mahsur kalan yavru kediyi kurtard\u0131! - Av. Deniz Can K\u0131z\u0131l","isPartOf":{"@id":"https:\/\/denizcankizil.tr\/de\/#website"},"datePublished":"2025-06-06T05:42:47+00:00","breadcrumb":{"@id":"http:\/\/denizcankizil.tr\/de\/haberler\/gundem\/duzcede-duyarlilik-canini-hice-sayip-mahsur-kalan-yavru-kediyi-kurtardi\/#breadcrumb"},"inLanguage":"de","potentialAction":[{"@type":"ReadAction","target":["http:\/\/denizcankizil.tr\/de\/haberler\/gundem\/duzcede-duyarlilik-canini-hice-sayip-mahsur-kalan-yavru-kediyi-kurtardi\/"]}]},{"@type":"BreadcrumbList","@id":"http:\/\/denizcankizil.tr\/de\/haberler\/gundem\/duzcede-duyarlilik-canini-hice-sayip-mahsur-kalan-yavru-kediyi-kurtardi\/#breadcrumb","itemListElement":[{"@type":"ListItem","position":1,"name":"Home","item":"https:\/\/denizcankizil.tr\/de\/"},{"@type":"ListItem","position":2,"name":"D\u00fczce&#8217;de duyarl\u0131l\u0131k&#8230; Can\u0131n\u0131 hi\u00e7e say\u0131p, mahsur kalan yavru kediyi kurtard\u0131!"}]},{"@type":"WebSite","@id":"https:\/\/denizcankizil.tr\/de\/#website","url":"https:\/\/denizcankizil.tr\/de\/","name":"Av. Deniz Can K\u0131z\u0131l","description":"Avukat Deniz Can K\u0131z\u0131l Antalya Barosu","publisher":{"@id":"https:\/\/denizcankizil.tr\/de\/#organization"},"potentialAction":[{"@type":"SearchAction","target":{"@type":"EntryPoint","urlTemplate":"https:\/\/denizcankizil.tr\/de\/?s={search_term_string}"},"query-input":{"@type":"PropertyValueSpecification","valueRequired":true,"valueName":"search_term_string"}}],"inLanguage":"de"},{"@type":"Organization","@id":"https:\/\/denizcankizil.tr\/de\/#organization","name":"Av. Deniz Can K\u0131z\u0131l","url":"https:\/\/denizcankizil.tr\/de\/","logo":{"@type":"ImageObject","inLanguage":"de","@id":"https:\/\/denizcankizil.tr\/de\/#\/schema\/logo\/image\/","url":"http:\/\/denizcankizil.tr\/wp-content\/uploads\/2024\/10\/siyah-logo-svg.svg","contentUrl":"http:\/\/denizcankizil.tr\/wp-content\/uploads\/2024\/10\/siyah-logo-svg.svg","width":1080,"height":1080,"caption":"Av. Deniz Can K\u0131z\u0131l"},"image":{"@id":"https:\/\/denizcankizil.tr\/de\/#\/schema\/logo\/image\/"}},{"@type":"Person","@id":"https:\/\/denizcankizil.tr\/de\/#\/schema\/person\/be3c05fe6a12686905512445d8185489","name":"Administrator","image":{"@type":"ImageObject","inLanguage":"de","@id":"https:\/\/denizcankizil.tr\/de\/#\/schema\/person\/image\/","url":"https:\/\/secure.gravatar.com\/avatar\/c1fce94c830dc79107e174f890d7210541c4a63e8e5d816341794a2151c9d58c?s=96&d=mm&r=g","contentUrl":"https:\/\/secure.gravatar.com\/avatar\/c1fce94c830dc79107e174f890d7210541c4a63e8e5d816341794a2151c9d58c?s=96&d=mm&r=g","caption":"admin"},"sameAs":["http:\/\/denizcankizil.tr"],"url":"https:\/\/www.iskenderun.org\/duzcede-duyarlilik-canini-hice-sayip-mahsur-kalan-yavru-kediyi-kurtardi"}]}},"_links":{"self":[{"href":"http:\/\/denizcankizil.tr\/de\/wp-json\/wp\/v2\/posts\/108198","targetHints":{"allow":["GET"]}}],"collection":[{"href":"http:\/\/denizcankizil.tr\/de\/wp-json\/wp\/v2\/posts"}],"about":[{"href":"http:\/\/denizcankizil.tr\/de\/wp-json\/wp\/v2\/types\/post"}],"author":[{"embeddable":true,"href":"http:\/\/denizcankizil.tr\/de\/wp-json\/wp\/v2\/users\/1"}],"replies":[{"embeddable":true,"href":"http:\/\/denizcankizil.tr\/de\/wp-json\/wp\/v2\/comments?post=108198"}],"version-history":[{"count":0,"href":"http:\/\/denizcankizil.tr\/de\/wp-json\/wp\/v2\/posts\/108198\/revisions"}],"wp:attachment":[{"href":"http:\/\/denizcankizil.tr\/de\/wp-json\/wp\/v2\/media?parent=108198"}],"wp:term":[{"taxonomy":"category","embeddable":true,"href":"http:\/\/denizcankizil.tr\/de\/wp-json\/wp\/v2\/categories?post=108198"},{"taxonomy":"post_tag","embeddable":true,"href":"http:\/\/denizcankizil.tr\/de\/wp-json\/wp\/v2\/tags?post=108198"}],"curies":[{"name":"wp","href":"https:\/\/api.w.org\/{rel}","templated":true}]}}