{"id":107543,"date":"2025-06-05T18:41:14","date_gmt":"2025-06-05T15:41:14","guid":{"rendered":"https:\/\/denizcankizil.tr\/uncategorized-tr\/muglada-tatilcilere-orman-yangini-uyarisi\/"},"modified":"2025-06-05T18:41:14","modified_gmt":"2025-06-05T15:41:14","slug":"muglada-tatilcilere-orman-yangini-uyarisi","status":"publish","type":"post","link":"http:\/\/denizcankizil.tr\/de\/haberler\/gundem\/muglada-tatilcilere-orman-yangini-uyarisi\/","title":{"rendered":"Mu\u011fla&#8217;da tatilcilere orman yang\u0131n\u0131 uyar\u0131s\u0131"},"content":{"rendered":"<p>Kurban Bayram\u0131 nedeniyle ara\u00e7 ve insan trafi\u011finin en yo\u011fun oldu\u011fu Mu\u011fla ve il\u00e7elerinde yol kontrol noktalar\u0131nda tatilcilere, orman yang\u0131nlar\u0131na kar\u015f\u0131 uyar\u0131c\u0131 bro\u015f\u00fcr da\u011f\u0131t\u0131ld\u0131. Marmaris \u00c7etibeli jandarma kontrol noktas\u0131nda, Marmaris Orman \u0130\u015fletme M\u00fcd\u00fcrl\u00fc\u011f\u00fc ekipleri, el bro\u015f\u00fcr\u00fc da\u011f\u0131t\u0131m\u0131yla birlikte vatanda\u015flara \u015feker ve kolonya ikram\u0131nda bulundu.<\/p>\n<p>ORMAN YANGINLARINI \u00d6NLEMEK \u0130\u00c7\u0130N BRO\u015e\u00dcR DA\u011eITILDI <\/p>\n<p>Marmaris Orman \u0130\u015fletme M\u00fcd\u00fcr\u00fc G\u00f6khan \u015eahin ve \u0130\u015fletme \u015eefleri ekiplerle birlikte tatilcilere yang\u0131nlara kar\u015f\u0131 dikkatli olmalar\u0131 konusunda bilgilendirdi. Da\u011f\u0131t\u0131lan bro\u015f\u00fcrlerde, orman yang\u0131nlar\u0131na kar\u015f\u0131 dikkat edilmesi gereken konular ve al\u0131nmas\u0131 gereken tedbirler yer al\u0131rken, &#8216;Alo 177&#8217; Orman Yang\u0131n \u0130hbar Hatt\u0131 ve &#8216;Alo 112&#8217; Acil \u00c7a\u011fr\u0131 Merkezi numaralar\u0131 da hat\u0131rlat\u0131ld\u0131. Ayr\u0131ca bro\u015f\u00fcrlerde, ormanda ate\u015f yak\u0131lmamas\u0131, do\u011faya cam \u015fi\u015fe, bardak ve s\u00f6nmemi\u015f sigara izmariti at\u0131lmamas\u0131, r\u00fczgarl\u0131 ve kuru g\u00fcnlerde kesinlikle ate\u015f yak\u0131lmamas\u0131 uyar\u0131lar\u0131 yer ald\u0131.<\/p>\n<p>\u200bBayram tatilinde Mu\u011fla&#8217;ya gelen vatanda\u015flara, orman yang\u0131nlar\u0131na kar\u015f\u0131 dikkatli olunmas\u0131 y\u00f6n\u00fcnde bilgilendirme yap\u0131ld\u0131. Yol kontrol noktalar\u0131nda s\u00fcr\u00fcc\u00fclere bro\u015f\u00fcr, \u015feker ve kolonya ikram edildi.\u00a0<\/p>\n<p>\u200bHaberin Al\u0131nt\u0131land\u0131\u011f\u0131 Kaynak: www.antalyakorfez.com<\/p>","protected":false},"excerpt":{"rendered":"<p>Kurban Bayram\u0131 nedeniyle ara\u00e7 ve insan trafi\u011finin en yo\u011fun oldu\u011fu Mu\u011fla ve il\u00e7elerinde yol kontrol noktalar\u0131nda tatilcilere, orman yang\u0131nlar\u0131na kar\u015f\u0131 uyar\u0131c\u0131 bro\u015f\u00fcr da\u011f\u0131t\u0131ld\u0131. Marmaris \u00c7etibeli jandarma kontrol noktas\u0131nda, Marmaris Orman \u0130\u015fletme M\u00fcd\u00fcrl\u00fc\u011f\u00fc ekipleri, el bro\u015f\u00fcr\u00fc da\u011f\u0131t\u0131m\u0131yla birlikte vatanda\u015flara \u015feker ve kolonya ikram\u0131nda bulundu. ORMAN YANGINLARINI \u00d6NLEMEK \u0130\u00c7\u0130N BRO\u015e\u00dcR DA\u011eITILDI Marmaris Orman \u0130\u015fletme M\u00fcd\u00fcr\u00fc G\u00f6khan \u015eahin ve \u0130\u015fletme \u015eefleri ekiplerle birlikte tatilcilere yang\u0131nlara kar\u015f\u0131 dikkatli olmalar\u0131 konusunda bilgilendirdi. Da\u011f\u0131t\u0131lan bro\u015f\u00fcrlerde, orman yang\u0131nlar\u0131na kar\u015f\u0131 dikkat edilmesi gereken konular ve al\u0131nmas\u0131 gereken tedbirler yer al\u0131rken, &#8216;Alo 177&#8217; Orman Yang\u0131n \u0130hbar Hatt\u0131 ve &#8216;Alo 112&#8217; Acil \u00c7a\u011fr\u0131 Merkezi numaralar\u0131 da hat\u0131rlat\u0131ld\u0131. Ayr\u0131ca bro\u015f\u00fcrlerde, ormanda ate\u015f yak\u0131lmamas\u0131, do\u011faya cam \u015fi\u015fe, bardak ve s\u00f6nmemi\u015f sigara izmariti at\u0131lmamas\u0131, r\u00fczgarl\u0131 ve kuru g\u00fcnlerde kesinlikle ate\u015f yak\u0131lmamas\u0131 uyar\u0131lar\u0131 yer ald\u0131. \u200bBayram tatilinde Mu\u011fla&#8217;ya gelen vatanda\u015flara, orman yang\u0131nlar\u0131na kar\u015f\u0131 dikkatli olunmas\u0131 y\u00f6n\u00fcnde bilgilendirme yap\u0131ld\u0131. Yol kontrol noktalar\u0131nda s\u00fcr\u00fcc\u00fclere bro\u015f\u00fcr, \u015feker ve kolonya ikram edildi.\u00a0 \u200bHaberin Al\u0131nt\u0131land\u0131\u011f\u0131 Kaynak: www.antalyakorfez.com<\/p>","protected":false},"author":5,"featured_media":0,"comment_status":"","ping_status":"open","sticky":false,"template":"","format":"standard","meta":{"_acf_changed":false,"footnotes":""},"categories":[24],"tags":[],"class_list":["post-107543","post","type-post","status-publish","format-standard","has-post-thumbnail","hentry","category-gundem"],"acf":[],"yoast_head":"<!-- This site is optimized with the Yoast SEO Premium plugin v26.6 (Yoast SEO v27.1.1) - https:\/\/yoast.com\/product\/yoast-seo-premium-wordpress\/ -->\n<title>Mu\u011fla&#039;da tatilcilere orman yang\u0131n\u0131 uyar\u0131s\u0131 - Av. Deniz Can K\u0131z\u0131l<\/title>\n<meta name=\"robots\" content=\"index, follow, max-snippet:-1, max-image-preview:large, max-video-preview:-1\" \/>\n<link rel=\"canonical\" href=\"http:\/\/denizcankizil.tr\/de\/haberler\/gundem\/muglada-tatilcilere-orman-yangini-uyarisi\/\" \/>\n<meta property=\"og:locale\" content=\"de_DE\" \/>\n<meta property=\"og:type\" content=\"article\" \/>\n<meta property=\"og:title\" content=\"Mu\u011fla&#039;da tatilcilere orman yang\u0131n\u0131 uyar\u0131s\u0131\" \/>\n<meta property=\"og:description\" content=\"Kurban Bayram\u0131 nedeniyle ara\u00e7 ve insan trafi\u011finin en yo\u011fun oldu\u011fu Mu\u011fla ve il\u00e7elerinde yol kontrol noktalar\u0131nda tatilcilere, orman yang\u0131nlar\u0131na kar\u015f\u0131 uyar\u0131c\u0131 bro\u015f\u00fcr da\u011f\u0131t\u0131ld\u0131. Marmaris \u00c7etibeli jandarma kontrol noktas\u0131nda, Marmaris Orman \u0130\u015fletme M\u00fcd\u00fcrl\u00fc\u011f\u00fc ekipleri, el bro\u015f\u00fcr\u00fc da\u011f\u0131t\u0131m\u0131yla birlikte vatanda\u015flara \u015feker ve kolonya ikram\u0131nda bulundu. ORMAN YANGINLARINI \u00d6NLEMEK \u0130\u00c7\u0130N BRO\u015e\u00dcR DA\u011eITILDI Marmaris Orman \u0130\u015fletme M\u00fcd\u00fcr\u00fc G\u00f6khan \u015eahin ve \u0130\u015fletme \u015eefleri ekiplerle birlikte tatilcilere yang\u0131nlara kar\u015f\u0131 dikkatli olmalar\u0131 konusunda bilgilendirdi. Da\u011f\u0131t\u0131lan bro\u015f\u00fcrlerde, orman yang\u0131nlar\u0131na kar\u015f\u0131 dikkat edilmesi gereken konular ve al\u0131nmas\u0131 gereken tedbirler yer al\u0131rken, &#8216;Alo 177&#8217; Orman Yang\u0131n \u0130hbar Hatt\u0131 ve &#8216;Alo 112&#8217; Acil \u00c7a\u011fr\u0131 Merkezi numaralar\u0131 da hat\u0131rlat\u0131ld\u0131. Ayr\u0131ca bro\u015f\u00fcrlerde, ormanda ate\u015f yak\u0131lmamas\u0131, do\u011faya cam \u015fi\u015fe, bardak ve s\u00f6nmemi\u015f sigara izmariti at\u0131lmamas\u0131, r\u00fczgarl\u0131 ve kuru g\u00fcnlerde kesinlikle ate\u015f yak\u0131lmamas\u0131 uyar\u0131lar\u0131 yer ald\u0131. \u200bBayram tatilinde Mu\u011fla&#8217;ya gelen vatanda\u015flara, orman yang\u0131nlar\u0131na kar\u015f\u0131 dikkatli olunmas\u0131 y\u00f6n\u00fcnde bilgilendirme yap\u0131ld\u0131. Yol kontrol noktalar\u0131nda s\u00fcr\u00fcc\u00fclere bro\u015f\u00fcr, \u015feker ve kolonya ikram edildi.\u00a0 \u200bHaberin Al\u0131nt\u0131land\u0131\u011f\u0131 Kaynak: www.antalyakorfez.com\" \/>\n<meta property=\"og:url\" content=\"http:\/\/denizcankizil.tr\/de\/haberler\/gundem\/muglada-tatilcilere-orman-yangini-uyarisi\/\" \/>\n<meta property=\"og:site_name\" content=\"Av. Deniz Can K\u0131z\u0131l\" \/>\n<meta property=\"article:published_time\" content=\"2025-06-05T15:41:14+00:00\" \/>\n<meta name=\"author\" content=\"Antalya K\u00f6rfez\" \/>\n<meta name=\"twitter:card\" content=\"summary_large_image\" \/>\n<meta name=\"twitter:label1\" content=\"Verfasst von\" \/>\n\t<meta name=\"twitter:data1\" content=\"Antalya K\u00f6rfez\" \/>\n\t<meta name=\"twitter:label2\" content=\"Gesch\u00e4tzte Lesezeit\" \/>\n\t<meta name=\"twitter:data2\" content=\"1\u00a0Minute\" \/>\n<script type=\"application\/ld+json\" class=\"yoast-schema-graph\">{\"@context\":\"https:\/\/schema.org\",\"@graph\":[{\"@type\":\"Article\",\"@id\":\"http:\/\/denizcankizil.tr\/de\/haberler\/gundem\/muglada-tatilcilere-orman-yangini-uyarisi\/#article\",\"isPartOf\":{\"@id\":\"http:\/\/denizcankizil.tr\/de\/haberler\/gundem\/muglada-tatilcilere-orman-yangini-uyarisi\/\"},\"author\":{\"name\":\"Antalya K\u00f6rfez\",\"@id\":\"https:\/\/denizcankizil.tr\/#\/schema\/person\/e1eb71bb4dd684d46563f0af307e1234\"},\"headline\":\"Mu\u011fla&#8217;da tatilcilere orman yang\u0131n\u0131 uyar\u0131s\u0131\",\"datePublished\":\"2025-06-05T15:41:14+00:00\",\"mainEntityOfPage\":{\"@id\":\"http:\/\/denizcankizil.tr\/de\/haberler\/gundem\/muglada-tatilcilere-orman-yangini-uyarisi\/\"},\"wordCount\":221,\"publisher\":{\"@id\":\"https:\/\/denizcankizil.tr\/#organization\"},\"articleSection\":[\"G\u00fcndem\"],\"inLanguage\":\"de\"},{\"@type\":\"WebPage\",\"@id\":\"http:\/\/denizcankizil.tr\/de\/haberler\/gundem\/muglada-tatilcilere-orman-yangini-uyarisi\/\",\"url\":\"http:\/\/denizcankizil.tr\/de\/haberler\/gundem\/muglada-tatilcilere-orman-yangini-uyarisi\/\",\"name\":\"Mu\u011fla'da tatilcilere orman yang\u0131n\u0131 uyar\u0131s\u0131 - Av. Deniz Can K\u0131z\u0131l\",\"isPartOf\":{\"@id\":\"https:\/\/denizcankizil.tr\/#website\"},\"datePublished\":\"2025-06-05T15:41:14+00:00\",\"breadcrumb\":{\"@id\":\"http:\/\/denizcankizil.tr\/de\/haberler\/gundem\/muglada-tatilcilere-orman-yangini-uyarisi\/#breadcrumb\"},\"inLanguage\":\"de\",\"potentialAction\":[{\"@type\":\"ReadAction\",\"target\":[\"http:\/\/denizcankizil.tr\/de\/haberler\/gundem\/muglada-tatilcilere-orman-yangini-uyarisi\/\"]}]},{\"@type\":\"BreadcrumbList\",\"@id\":\"http:\/\/denizcankizil.tr\/de\/haberler\/gundem\/muglada-tatilcilere-orman-yangini-uyarisi\/#breadcrumb\",\"itemListElement\":[{\"@type\":\"ListItem\",\"position\":1,\"name\":\"Home\",\"item\":\"https:\/\/denizcankizil.tr\/de\/\"},{\"@type\":\"ListItem\",\"position\":2,\"name\":\"Mu\u011fla&#8217;da tatilcilere orman yang\u0131n\u0131 uyar\u0131s\u0131\"}]},{\"@type\":\"WebSite\",\"@id\":\"https:\/\/denizcankizil.tr\/#website\",\"url\":\"https:\/\/denizcankizil.tr\/\",\"name\":\"Av. Deniz Can K\u0131z\u0131l\",\"description\":\"Avukat Deniz Can K\u0131z\u0131l Antalya Barosu\",\"publisher\":{\"@id\":\"https:\/\/denizcankizil.tr\/#organization\"},\"potentialAction\":[{\"@type\":\"SearchAction\",\"target\":{\"@type\":\"EntryPoint\",\"urlTemplate\":\"https:\/\/denizcankizil.tr\/?s={search_term_string}\"},\"query-input\":{\"@type\":\"PropertyValueSpecification\",\"valueRequired\":true,\"valueName\":\"search_term_string\"}}],\"inLanguage\":\"de\"},{\"@type\":\"Organization\",\"@id\":\"https:\/\/denizcankizil.tr\/#organization\",\"name\":\"Av. Deniz Can K\u0131z\u0131l\",\"url\":\"https:\/\/denizcankizil.tr\/\",\"logo\":{\"@type\":\"ImageObject\",\"inLanguage\":\"de\",\"@id\":\"https:\/\/denizcankizil.tr\/#\/schema\/logo\/image\/\",\"url\":\"http:\/\/denizcankizil.tr\/wp-content\/uploads\/2024\/10\/siyah-logo-svg.svg\",\"contentUrl\":\"http:\/\/denizcankizil.tr\/wp-content\/uploads\/2024\/10\/siyah-logo-svg.svg\",\"width\":1080,\"height\":1080,\"caption\":\"Av. Deniz Can K\u0131z\u0131l\"},\"image\":{\"@id\":\"https:\/\/denizcankizil.tr\/#\/schema\/logo\/image\/\"}},{\"@type\":\"Person\",\"@id\":\"https:\/\/denizcankizil.tr\/#\/schema\/person\/e1eb71bb4dd684d46563f0af307e1234\",\"name\":\"Antalya K\u00f6rfez\",\"image\":{\"@type\":\"ImageObject\",\"inLanguage\":\"de\",\"@id\":\"https:\/\/denizcankizil.tr\/#\/schema\/person\/image\/\",\"url\":\"https:\/\/secure.gravatar.com\/avatar\/42b01982558a48a0b501fdcab6a408d3717ea5919095ee2e67b0e521799c5905?s=96&d=mm&r=g\",\"contentUrl\":\"https:\/\/secure.gravatar.com\/avatar\/42b01982558a48a0b501fdcab6a408d3717ea5919095ee2e67b0e521799c5905?s=96&d=mm&r=g\",\"caption\":\"Antalya K\u00f6rfez\"},\"sameAs\":[\"http:\/\/www.antalyakorfez.com\"],\"url\":\"https:\/\/www.antalyakorfez.com\/muglada-tatilcilere-orman-yangini-uyarisi\"}]}<\/script>\n<!-- \/ Yoast SEO Premium plugin. -->","yoast_head_json":{"title":"Mu\u011fla'da tatilcilere orman yang\u0131n\u0131 uyar\u0131s\u0131 - Av. Deniz Can K\u0131z\u0131l","robots":{"index":"index","follow":"follow","max-snippet":"max-snippet:-1","max-image-preview":"max-image-preview:large","max-video-preview":"max-video-preview:-1"},"canonical":"http:\/\/denizcankizil.tr\/de\/haberler\/gundem\/muglada-tatilcilere-orman-yangini-uyarisi\/","og_locale":"de_DE","og_type":"article","og_title":"Mu\u011fla'da tatilcilere orman yang\u0131n\u0131 uyar\u0131s\u0131","og_description":"Kurban Bayram\u0131 nedeniyle ara\u00e7 ve insan trafi\u011finin en yo\u011fun oldu\u011fu Mu\u011fla ve il\u00e7elerinde yol kontrol noktalar\u0131nda tatilcilere, orman yang\u0131nlar\u0131na kar\u015f\u0131 uyar\u0131c\u0131 bro\u015f\u00fcr da\u011f\u0131t\u0131ld\u0131. Marmaris \u00c7etibeli jandarma kontrol noktas\u0131nda, Marmaris Orman \u0130\u015fletme M\u00fcd\u00fcrl\u00fc\u011f\u00fc ekipleri, el bro\u015f\u00fcr\u00fc da\u011f\u0131t\u0131m\u0131yla birlikte vatanda\u015flara \u015feker ve kolonya ikram\u0131nda bulundu. ORMAN YANGINLARINI \u00d6NLEMEK \u0130\u00c7\u0130N BRO\u015e\u00dcR DA\u011eITILDI Marmaris Orman \u0130\u015fletme M\u00fcd\u00fcr\u00fc G\u00f6khan \u015eahin ve \u0130\u015fletme \u015eefleri ekiplerle birlikte tatilcilere yang\u0131nlara kar\u015f\u0131 dikkatli olmalar\u0131 konusunda bilgilendirdi. Da\u011f\u0131t\u0131lan bro\u015f\u00fcrlerde, orman yang\u0131nlar\u0131na kar\u015f\u0131 dikkat edilmesi gereken konular ve al\u0131nmas\u0131 gereken tedbirler yer al\u0131rken, &#8216;Alo 177&#8217; Orman Yang\u0131n \u0130hbar Hatt\u0131 ve &#8216;Alo 112&#8217; Acil \u00c7a\u011fr\u0131 Merkezi numaralar\u0131 da hat\u0131rlat\u0131ld\u0131. Ayr\u0131ca bro\u015f\u00fcrlerde, ormanda ate\u015f yak\u0131lmamas\u0131, do\u011faya cam \u015fi\u015fe, bardak ve s\u00f6nmemi\u015f sigara izmariti at\u0131lmamas\u0131, r\u00fczgarl\u0131 ve kuru g\u00fcnlerde kesinlikle ate\u015f yak\u0131lmamas\u0131 uyar\u0131lar\u0131 yer ald\u0131. \u200bBayram tatilinde Mu\u011fla&#8217;ya gelen vatanda\u015flara, orman yang\u0131nlar\u0131na kar\u015f\u0131 dikkatli olunmas\u0131 y\u00f6n\u00fcnde bilgilendirme yap\u0131ld\u0131. Yol kontrol noktalar\u0131nda s\u00fcr\u00fcc\u00fclere bro\u015f\u00fcr, \u015feker ve kolonya ikram edildi.\u00a0 \u200bHaberin Al\u0131nt\u0131land\u0131\u011f\u0131 Kaynak: www.antalyakorfez.com","og_url":"http:\/\/denizcankizil.tr\/de\/haberler\/gundem\/muglada-tatilcilere-orman-yangini-uyarisi\/","og_site_name":"Av. Deniz Can K\u0131z\u0131l","article_published_time":"2025-06-05T15:41:14+00:00","author":"Antalya K\u00f6rfez","twitter_card":"summary_large_image","twitter_misc":{"Verfasst von":"Antalya K\u00f6rfez","Gesch\u00e4tzte Lesezeit":"1\u00a0Minute"},"schema":{"@context":"https:\/\/schema.org","@graph":[{"@type":"Article","@id":"http:\/\/denizcankizil.tr\/de\/haberler\/gundem\/muglada-tatilcilere-orman-yangini-uyarisi\/#article","isPartOf":{"@id":"http:\/\/denizcankizil.tr\/de\/haberler\/gundem\/muglada-tatilcilere-orman-yangini-uyarisi\/"},"author":{"name":"Antalya K\u00f6rfez","@id":"https:\/\/denizcankizil.tr\/#\/schema\/person\/e1eb71bb4dd684d46563f0af307e1234"},"headline":"Mu\u011fla&#8217;da tatilcilere orman yang\u0131n\u0131 uyar\u0131s\u0131","datePublished":"2025-06-05T15:41:14+00:00","mainEntityOfPage":{"@id":"http:\/\/denizcankizil.tr\/de\/haberler\/gundem\/muglada-tatilcilere-orman-yangini-uyarisi\/"},"wordCount":221,"publisher":{"@id":"https:\/\/denizcankizil.tr\/#organization"},"articleSection":["G\u00fcndem"],"inLanguage":"de"},{"@type":"WebPage","@id":"http:\/\/denizcankizil.tr\/de\/haberler\/gundem\/muglada-tatilcilere-orman-yangini-uyarisi\/","url":"http:\/\/denizcankizil.tr\/de\/haberler\/gundem\/muglada-tatilcilere-orman-yangini-uyarisi\/","name":"Mu\u011fla'da tatilcilere orman yang\u0131n\u0131 uyar\u0131s\u0131 - Av. Deniz Can K\u0131z\u0131l","isPartOf":{"@id":"https:\/\/denizcankizil.tr\/#website"},"datePublished":"2025-06-05T15:41:14+00:00","breadcrumb":{"@id":"http:\/\/denizcankizil.tr\/de\/haberler\/gundem\/muglada-tatilcilere-orman-yangini-uyarisi\/#breadcrumb"},"inLanguage":"de","potentialAction":[{"@type":"ReadAction","target":["http:\/\/denizcankizil.tr\/de\/haberler\/gundem\/muglada-tatilcilere-orman-yangini-uyarisi\/"]}]},{"@type":"BreadcrumbList","@id":"http:\/\/denizcankizil.tr\/de\/haberler\/gundem\/muglada-tatilcilere-orman-yangini-uyarisi\/#breadcrumb","itemListElement":[{"@type":"ListItem","position":1,"name":"Home","item":"https:\/\/denizcankizil.tr\/de\/"},{"@type":"ListItem","position":2,"name":"Mu\u011fla&#8217;da tatilcilere orman yang\u0131n\u0131 uyar\u0131s\u0131"}]},{"@type":"WebSite","@id":"https:\/\/denizcankizil.tr\/#website","url":"https:\/\/denizcankizil.tr\/","name":"Av. Deniz Can K\u0131z\u0131l","description":"Avukat Deniz Can K\u0131z\u0131l Antalya Barosu","publisher":{"@id":"https:\/\/denizcankizil.tr\/#organization"},"potentialAction":[{"@type":"SearchAction","target":{"@type":"EntryPoint","urlTemplate":"https:\/\/denizcankizil.tr\/?s={search_term_string}"},"query-input":{"@type":"PropertyValueSpecification","valueRequired":true,"valueName":"search_term_string"}}],"inLanguage":"de"},{"@type":"Organization","@id":"https:\/\/denizcankizil.tr\/#organization","name":"Av. Deniz Can K\u0131z\u0131l","url":"https:\/\/denizcankizil.tr\/","logo":{"@type":"ImageObject","inLanguage":"de","@id":"https:\/\/denizcankizil.tr\/#\/schema\/logo\/image\/","url":"http:\/\/denizcankizil.tr\/wp-content\/uploads\/2024\/10\/siyah-logo-svg.svg","contentUrl":"http:\/\/denizcankizil.tr\/wp-content\/uploads\/2024\/10\/siyah-logo-svg.svg","width":1080,"height":1080,"caption":"Av. Deniz Can K\u0131z\u0131l"},"image":{"@id":"https:\/\/denizcankizil.tr\/#\/schema\/logo\/image\/"}},{"@type":"Person","@id":"https:\/\/denizcankizil.tr\/#\/schema\/person\/e1eb71bb4dd684d46563f0af307e1234","name":"Antalya K\u00f6rfez","image":{"@type":"ImageObject","inLanguage":"de","@id":"https:\/\/denizcankizil.tr\/#\/schema\/person\/image\/","url":"https:\/\/secure.gravatar.com\/avatar\/42b01982558a48a0b501fdcab6a408d3717ea5919095ee2e67b0e521799c5905?s=96&d=mm&r=g","contentUrl":"https:\/\/secure.gravatar.com\/avatar\/42b01982558a48a0b501fdcab6a408d3717ea5919095ee2e67b0e521799c5905?s=96&d=mm&r=g","caption":"Antalya K\u00f6rfez"},"sameAs":["http:\/\/www.antalyakorfez.com"],"url":"https:\/\/www.antalyakorfez.com\/muglada-tatilcilere-orman-yangini-uyarisi"}]}},"_links":{"self":[{"href":"http:\/\/denizcankizil.tr\/de\/wp-json\/wp\/v2\/posts\/107543","targetHints":{"allow":["GET"]}}],"collection":[{"href":"http:\/\/denizcankizil.tr\/de\/wp-json\/wp\/v2\/posts"}],"about":[{"href":"http:\/\/denizcankizil.tr\/de\/wp-json\/wp\/v2\/types\/post"}],"author":[{"embeddable":true,"href":"http:\/\/denizcankizil.tr\/de\/wp-json\/wp\/v2\/users\/5"}],"replies":[{"embeddable":true,"href":"http:\/\/denizcankizil.tr\/de\/wp-json\/wp\/v2\/comments?post=107543"}],"version-history":[{"count":0,"href":"http:\/\/denizcankizil.tr\/de\/wp-json\/wp\/v2\/posts\/107543\/revisions"}],"wp:attachment":[{"href":"http:\/\/denizcankizil.tr\/de\/wp-json\/wp\/v2\/media?parent=107543"}],"wp:term":[{"taxonomy":"category","embeddable":true,"href":"http:\/\/denizcankizil.tr\/de\/wp-json\/wp\/v2\/categories?post=107543"},{"taxonomy":"post_tag","embeddable":true,"href":"http:\/\/denizcankizil.tr\/de\/wp-json\/wp\/v2\/tags?post=107543"}],"curies":[{"name":"wp","href":"https:\/\/api.w.org\/{rel}","templated":true}]}}