{"id":107290,"date":"2025-06-05T12:43:30","date_gmt":"2025-06-05T09:43:30","guid":{"rendered":"https:\/\/denizcankizil.tr\/uncategorized-tr\/mergumder-baskani-orman-guven-tazeledi\/"},"modified":"2025-06-05T12:43:30","modified_gmt":"2025-06-05T09:43:30","slug":"mergumder-baskani-orman-guven-tazeledi","status":"publish","type":"post","link":"http:\/\/denizcankizil.tr\/de\/haberler\/gundem\/mergumder-baskani-orman-guven-tazeledi\/","title":{"rendered":"MERG\u00dcMDER Ba\u015fkan\u0131 Orman G\u00fcven Tazeledi"},"content":{"rendered":"<p>Y\u00f6netim Kurulu \u00fcyelerinde de\u011fi\u015fimin ya\u015fand\u0131\u011f\u0131 kongrede yeniden ba\u015fkanl\u0131\u011fa se\u00e7ilen Cebrail Orman ve dernek Y\u00f6netim Kurulu \u00fcyeleri tebrik ve alk\u0131\u015f toplad\u0131.\u00a0\u00a0 Yap\u0131lan se\u00e7imli ola\u011fan genel kurulda Cebrail Orman ve Osman Uysal yar\u0131\u015ft\u0131. Kat\u0131l\u0131m\u0131n y\u00fcksek oldu\u011fu se\u00e7imde 256 G\u00fcmr\u00fck M\u00fc\u015faviri oy kulland\u0131. Cebrail Orman 156 oy, Osman Uysal ise 89 oy ald\u0131.<\/p>\n<p>\u2018KAZANAN MESLE\u011e\u0130M\u0130Z VE MESLEKTA\u015eLARIMIZ OLMU\u015eTUR\u2019<\/p>\n<p>\u00dcyelerinin b\u00fcy\u00fck deste\u011fiyle g\u00fcven tazeleyen ve 3 y\u0131ld\u0131r g\u00f6revde olan Cebrail Orman se\u00e7imin \u00e7ok g\u00fczel bir atmosferde ge\u00e7ti\u011fini belirterek, sonu\u00e7lar\u0131n hay\u0131rl\u0131 olmas\u0131n\u0131 diledi.<\/p>\n<p>Ba\u015fkan Orman, \u201cKazanan mesle\u011fimiz ve t\u00fcm meslekta\u015flar\u0131m\u0131z olmu\u015ftur. Bizlere g\u00fcvenip tekrar g\u00f6reve lay\u0131k g\u00f6ren, kat\u0131l\u0131m sa\u011flayan t\u00fcm meslekta\u015flar\u0131ma te\u015fekk\u00fcr ediyorum\u201d dedi.<\/p>\n<p>HATAY TEMS\u0130LC\u0130S\u0130 MEHMET \u015eAH\u0130N KILI\u00c7 TEKRAR SE\u00c7\u0130LD\u0130<\/p>\n<p>Yap\u0131lan se\u00e7im sonucunda baz\u0131 y\u00f6netim kurulu \u00fcyeliklerinde yenilenmeye gidildi. \u00c7al\u0131\u015fmalar\u0131yla \u00f6ne \u00e7\u0131kan ve meslekta\u015flar\u0131n\u0131n da takdirini alan Hatay\u2019\u0131 temsilen Y\u00f6netim Kurulu \u00fcyeli\u011fine Mehmet \u015eahin K\u0131l\u0131\u00e7 tekrar se\u00e7ildi.<\/p>\n<p>Hatay temsilcisi G\u00fcmr\u00fck M\u00fc\u015faviri K\u0131l\u0131\u00e7, \u201cSe\u00e7im sonu\u00e7lar\u0131n\u0131n mesle\u011fimiz ad\u0131na hay\u0131rl\u0131 olmas\u0131n\u0131 diliyorum. Se\u00e7ime kat\u0131lan t\u00fcm meslekta\u015flar\u0131ma te\u015fekk\u00fcr ediyorum\u201d dedi.<\/p>\n<p>\u0130\u015eTE YEN\u0130 Y\u00d6NET\u0130M<\/p>\n<p>Mersin, Adana, Hatay, Gaziantep ve Mardin ba\u015fta olmak \u00fczere 20 ilde dernek ofisi bulunan MERG\u00dcMDER&#8217;in yeni y\u00f6netim kurulu listesi ise \u015fu isimlerden olu\u015ftu:<\/p>\n<p>Cebrail Orman (Ba\u015fkan), Ferudun G\u00fcnd\u00fcz, El\u00e7in Arslan, Mehmet Sabri Akb\u0131y\u0131k, N\u00fcket D\u00fclger, Mehmet \u015eahin K\u0131l\u0131\u00e7, Semih Ergin, Necdet Karada\u011f ve Fatih Gezginci.<\/p>\n<p>\u200bMersin G\u00fcmr\u00fck M\u00fc\u015favirleri Derne\u011fi (MERG\u00dcMDER) ola\u011fan genel kurul kongresini dernek salonlar\u0131nda ger\u00e7ekle\u015ftirdi. Yo\u011fun bir kat\u0131l\u0131mla ger\u00e7ekle\u015ftirilen kongre ile Cebrail Orman, yeniden ba\u015fkanl\u0131\u011fa se\u00e7ildi.\u00a0<\/p>\n<p>\u200bHaberin Al\u0131nt\u0131land\u0131\u011f\u0131 Kaynak: www.iskenderun.org<\/p>","protected":false},"excerpt":{"rendered":"<p>Y\u00f6netim Kurulu \u00fcyelerinde de\u011fi\u015fimin ya\u015fand\u0131\u011f\u0131 kongrede yeniden ba\u015fkanl\u0131\u011fa se\u00e7ilen Cebrail Orman ve dernek Y\u00f6netim Kurulu \u00fcyeleri tebrik ve alk\u0131\u015f toplad\u0131.\u00a0\u00a0 Yap\u0131lan se\u00e7imli ola\u011fan genel kurulda Cebrail Orman ve Osman Uysal yar\u0131\u015ft\u0131. Kat\u0131l\u0131m\u0131n y\u00fcksek oldu\u011fu se\u00e7imde 256 G\u00fcmr\u00fck M\u00fc\u015faviri oy kulland\u0131. Cebrail Orman 156 oy, Osman Uysal ise 89 oy ald\u0131. \u2018KAZANAN MESLE\u011e\u0130M\u0130Z VE MESLEKTA\u015eLARIMIZ OLMU\u015eTUR\u2019 \u00dcyelerinin b\u00fcy\u00fck deste\u011fiyle g\u00fcven tazeleyen ve 3 y\u0131ld\u0131r g\u00f6revde olan Cebrail Orman se\u00e7imin \u00e7ok g\u00fczel bir atmosferde ge\u00e7ti\u011fini belirterek, sonu\u00e7lar\u0131n hay\u0131rl\u0131 olmas\u0131n\u0131 diledi. Ba\u015fkan Orman, \u201cKazanan mesle\u011fimiz ve t\u00fcm meslekta\u015flar\u0131m\u0131z olmu\u015ftur. Bizlere g\u00fcvenip tekrar g\u00f6reve lay\u0131k g\u00f6ren, kat\u0131l\u0131m sa\u011flayan t\u00fcm meslekta\u015flar\u0131ma te\u015fekk\u00fcr ediyorum\u201d dedi. HATAY TEMS\u0130LC\u0130S\u0130 MEHMET \u015eAH\u0130N KILI\u00c7 TEKRAR SE\u00c7\u0130LD\u0130 Yap\u0131lan se\u00e7im sonucunda baz\u0131 y\u00f6netim kurulu \u00fcyeliklerinde yenilenmeye gidildi. \u00c7al\u0131\u015fmalar\u0131yla \u00f6ne \u00e7\u0131kan ve meslekta\u015flar\u0131n\u0131n da takdirini alan Hatay\u2019\u0131 temsilen Y\u00f6netim Kurulu \u00fcyeli\u011fine Mehmet \u015eahin K\u0131l\u0131\u00e7 tekrar se\u00e7ildi. Hatay temsilcisi G\u00fcmr\u00fck M\u00fc\u015faviri K\u0131l\u0131\u00e7, \u201cSe\u00e7im sonu\u00e7lar\u0131n\u0131n mesle\u011fimiz ad\u0131na hay\u0131rl\u0131 olmas\u0131n\u0131 diliyorum. Se\u00e7ime kat\u0131lan t\u00fcm meslekta\u015flar\u0131ma te\u015fekk\u00fcr ediyorum\u201d dedi. \u0130\u015eTE YEN\u0130 Y\u00d6NET\u0130M Mersin, Adana, Hatay, Gaziantep ve Mardin ba\u015fta olmak \u00fczere 20 ilde dernek ofisi bulunan MERG\u00dcMDER&#8217;in yeni y\u00f6netim kurulu listesi ise \u015fu isimlerden olu\u015ftu: Cebrail Orman (Ba\u015fkan), Ferudun G\u00fcnd\u00fcz, El\u00e7in Arslan, Mehmet Sabri Akb\u0131y\u0131k, N\u00fcket D\u00fclger, Mehmet \u015eahin K\u0131l\u0131\u00e7, Semih Ergin, Necdet Karada\u011f ve Fatih Gezginci. &hellip;<\/p>","protected":false},"author":1,"featured_media":0,"comment_status":"","ping_status":"open","sticky":false,"template":"","format":"standard","meta":{"_acf_changed":false,"footnotes":""},"categories":[24],"tags":[],"class_list":["post-107290","post","type-post","status-publish","format-standard","has-post-thumbnail","hentry","category-gundem"],"acf":[],"yoast_head":"<!-- This site is optimized with the Yoast SEO Premium plugin v26.6 (Yoast SEO v27.1.1) - https:\/\/yoast.com\/product\/yoast-seo-premium-wordpress\/ -->\n<title>MERG\u00dcMDER Ba\u015fkan\u0131 Orman G\u00fcven Tazeledi - Av. Deniz Can K\u0131z\u0131l<\/title>\n<meta name=\"robots\" content=\"index, follow, max-snippet:-1, max-image-preview:large, max-video-preview:-1\" \/>\n<link rel=\"canonical\" href=\"http:\/\/denizcankizil.tr\/de\/haberler\/gundem\/mergumder-baskani-orman-guven-tazeledi\/\" \/>\n<meta property=\"og:locale\" content=\"de_DE\" \/>\n<meta property=\"og:type\" content=\"article\" \/>\n<meta property=\"og:title\" content=\"MERG\u00dcMDER Ba\u015fkan\u0131 Orman G\u00fcven Tazeledi\" \/>\n<meta property=\"og:description\" content=\"Y\u00f6netim Kurulu \u00fcyelerinde de\u011fi\u015fimin ya\u015fand\u0131\u011f\u0131 kongrede yeniden ba\u015fkanl\u0131\u011fa se\u00e7ilen Cebrail Orman ve dernek Y\u00f6netim Kurulu \u00fcyeleri tebrik ve alk\u0131\u015f toplad\u0131.\u00a0\u00a0 Yap\u0131lan se\u00e7imli ola\u011fan genel kurulda Cebrail Orman ve Osman Uysal yar\u0131\u015ft\u0131. Kat\u0131l\u0131m\u0131n y\u00fcksek oldu\u011fu se\u00e7imde 256 G\u00fcmr\u00fck M\u00fc\u015faviri oy kulland\u0131. Cebrail Orman 156 oy, Osman Uysal ise 89 oy ald\u0131. \u2018KAZANAN MESLE\u011e\u0130M\u0130Z VE MESLEKTA\u015eLARIMIZ OLMU\u015eTUR\u2019 \u00dcyelerinin b\u00fcy\u00fck deste\u011fiyle g\u00fcven tazeleyen ve 3 y\u0131ld\u0131r g\u00f6revde olan Cebrail Orman se\u00e7imin \u00e7ok g\u00fczel bir atmosferde ge\u00e7ti\u011fini belirterek, sonu\u00e7lar\u0131n hay\u0131rl\u0131 olmas\u0131n\u0131 diledi. Ba\u015fkan Orman, \u201cKazanan mesle\u011fimiz ve t\u00fcm meslekta\u015flar\u0131m\u0131z olmu\u015ftur. Bizlere g\u00fcvenip tekrar g\u00f6reve lay\u0131k g\u00f6ren, kat\u0131l\u0131m sa\u011flayan t\u00fcm meslekta\u015flar\u0131ma te\u015fekk\u00fcr ediyorum\u201d dedi. HATAY TEMS\u0130LC\u0130S\u0130 MEHMET \u015eAH\u0130N KILI\u00c7 TEKRAR SE\u00c7\u0130LD\u0130 Yap\u0131lan se\u00e7im sonucunda baz\u0131 y\u00f6netim kurulu \u00fcyeliklerinde yenilenmeye gidildi. \u00c7al\u0131\u015fmalar\u0131yla \u00f6ne \u00e7\u0131kan ve meslekta\u015flar\u0131n\u0131n da takdirini alan Hatay\u2019\u0131 temsilen Y\u00f6netim Kurulu \u00fcyeli\u011fine Mehmet \u015eahin K\u0131l\u0131\u00e7 tekrar se\u00e7ildi. Hatay temsilcisi G\u00fcmr\u00fck M\u00fc\u015faviri K\u0131l\u0131\u00e7, \u201cSe\u00e7im sonu\u00e7lar\u0131n\u0131n mesle\u011fimiz ad\u0131na hay\u0131rl\u0131 olmas\u0131n\u0131 diliyorum. Se\u00e7ime kat\u0131lan t\u00fcm meslekta\u015flar\u0131ma te\u015fekk\u00fcr ediyorum\u201d dedi. \u0130\u015eTE YEN\u0130 Y\u00d6NET\u0130M Mersin, Adana, Hatay, Gaziantep ve Mardin ba\u015fta olmak \u00fczere 20 ilde dernek ofisi bulunan MERG\u00dcMDER&#8217;in yeni y\u00f6netim kurulu listesi ise \u015fu isimlerden olu\u015ftu: Cebrail Orman (Ba\u015fkan), Ferudun G\u00fcnd\u00fcz, El\u00e7in Arslan, Mehmet Sabri Akb\u0131y\u0131k, N\u00fcket D\u00fclger, Mehmet \u015eahin K\u0131l\u0131\u00e7, Semih Ergin, Necdet Karada\u011f ve Fatih Gezginci. &hellip;\" \/>\n<meta property=\"og:url\" content=\"http:\/\/denizcankizil.tr\/de\/haberler\/gundem\/mergumder-baskani-orman-guven-tazeledi\/\" \/>\n<meta property=\"og:site_name\" content=\"Av. Deniz Can K\u0131z\u0131l\" \/>\n<meta property=\"article:published_time\" content=\"2025-06-05T09:43:30+00:00\" \/>\n<meta name=\"author\" content=\"admin\" \/>\n<meta name=\"twitter:card\" content=\"summary_large_image\" \/>\n<meta name=\"twitter:label1\" content=\"Verfasst von\" \/>\n\t<meta name=\"twitter:data1\" content=\"admin\" \/>\n\t<meta name=\"twitter:label2\" content=\"Gesch\u00e4tzte Lesezeit\" \/>\n\t<meta name=\"twitter:data2\" content=\"2\u00a0Minuten\" \/>\n<script type=\"application\/ld+json\" class=\"yoast-schema-graph\">{\"@context\":\"https:\/\/schema.org\",\"@graph\":[{\"@type\":\"Article\",\"@id\":\"http:\/\/denizcankizil.tr\/de\/haberler\/gundem\/mergumder-baskani-orman-guven-tazeledi\/#article\",\"isPartOf\":{\"@id\":\"http:\/\/denizcankizil.tr\/de\/haberler\/gundem\/mergumder-baskani-orman-guven-tazeledi\/\"},\"author\":{\"name\":\"admin\",\"@id\":\"https:\/\/denizcankizil.tr\/#\/schema\/person\/be3c05fe6a12686905512445d8185489\"},\"headline\":\"MERG\u00dcMDER Ba\u015fkan\u0131 Orman G\u00fcven Tazeledi\",\"datePublished\":\"2025-06-05T09:43:30+00:00\",\"mainEntityOfPage\":{\"@id\":\"http:\/\/denizcankizil.tr\/de\/haberler\/gundem\/mergumder-baskani-orman-guven-tazeledi\/\"},\"wordCount\":361,\"publisher\":{\"@id\":\"https:\/\/denizcankizil.tr\/#organization\"},\"articleSection\":[\"G\u00fcndem\"],\"inLanguage\":\"de\"},{\"@type\":\"WebPage\",\"@id\":\"http:\/\/denizcankizil.tr\/de\/haberler\/gundem\/mergumder-baskani-orman-guven-tazeledi\/\",\"url\":\"http:\/\/denizcankizil.tr\/de\/haberler\/gundem\/mergumder-baskani-orman-guven-tazeledi\/\",\"name\":\"MERG\u00dcMDER Ba\u015fkan\u0131 Orman G\u00fcven Tazeledi - Av. Deniz Can K\u0131z\u0131l\",\"isPartOf\":{\"@id\":\"https:\/\/denizcankizil.tr\/#website\"},\"datePublished\":\"2025-06-05T09:43:30+00:00\",\"breadcrumb\":{\"@id\":\"http:\/\/denizcankizil.tr\/de\/haberler\/gundem\/mergumder-baskani-orman-guven-tazeledi\/#breadcrumb\"},\"inLanguage\":\"de\",\"potentialAction\":[{\"@type\":\"ReadAction\",\"target\":[\"http:\/\/denizcankizil.tr\/de\/haberler\/gundem\/mergumder-baskani-orman-guven-tazeledi\/\"]}]},{\"@type\":\"BreadcrumbList\",\"@id\":\"http:\/\/denizcankizil.tr\/de\/haberler\/gundem\/mergumder-baskani-orman-guven-tazeledi\/#breadcrumb\",\"itemListElement\":[{\"@type\":\"ListItem\",\"position\":1,\"name\":\"Home\",\"item\":\"https:\/\/denizcankizil.tr\/de\/\"},{\"@type\":\"ListItem\",\"position\":2,\"name\":\"MERG\u00dcMDER Ba\u015fkan\u0131 Orman G\u00fcven Tazeledi\"}]},{\"@type\":\"WebSite\",\"@id\":\"https:\/\/denizcankizil.tr\/#website\",\"url\":\"https:\/\/denizcankizil.tr\/\",\"name\":\"Av. Deniz Can K\u0131z\u0131l\",\"description\":\"Avukat Deniz Can K\u0131z\u0131l Antalya Barosu\",\"publisher\":{\"@id\":\"https:\/\/denizcankizil.tr\/#organization\"},\"potentialAction\":[{\"@type\":\"SearchAction\",\"target\":{\"@type\":\"EntryPoint\",\"urlTemplate\":\"https:\/\/denizcankizil.tr\/?s={search_term_string}\"},\"query-input\":{\"@type\":\"PropertyValueSpecification\",\"valueRequired\":true,\"valueName\":\"search_term_string\"}}],\"inLanguage\":\"de\"},{\"@type\":\"Organization\",\"@id\":\"https:\/\/denizcankizil.tr\/#organization\",\"name\":\"Av. Deniz Can K\u0131z\u0131l\",\"url\":\"https:\/\/denizcankizil.tr\/\",\"logo\":{\"@type\":\"ImageObject\",\"inLanguage\":\"de\",\"@id\":\"https:\/\/denizcankizil.tr\/#\/schema\/logo\/image\/\",\"url\":\"http:\/\/denizcankizil.tr\/wp-content\/uploads\/2024\/10\/siyah-logo-svg.svg\",\"contentUrl\":\"http:\/\/denizcankizil.tr\/wp-content\/uploads\/2024\/10\/siyah-logo-svg.svg\",\"width\":1080,\"height\":1080,\"caption\":\"Av. Deniz Can K\u0131z\u0131l\"},\"image\":{\"@id\":\"https:\/\/denizcankizil.tr\/#\/schema\/logo\/image\/\"}},{\"@type\":\"Person\",\"@id\":\"https:\/\/denizcankizil.tr\/#\/schema\/person\/be3c05fe6a12686905512445d8185489\",\"name\":\"admin\",\"image\":{\"@type\":\"ImageObject\",\"inLanguage\":\"de\",\"@id\":\"https:\/\/denizcankizil.tr\/#\/schema\/person\/image\/\",\"url\":\"https:\/\/secure.gravatar.com\/avatar\/c1fce94c830dc79107e174f890d7210541c4a63e8e5d816341794a2151c9d58c?s=96&d=mm&r=g\",\"contentUrl\":\"https:\/\/secure.gravatar.com\/avatar\/c1fce94c830dc79107e174f890d7210541c4a63e8e5d816341794a2151c9d58c?s=96&d=mm&r=g\",\"caption\":\"admin\"},\"sameAs\":[\"http:\/\/denizcankizil.tr\"],\"url\":\"https:\/\/www.iskenderun.org\/mergumder-baskani-orman-guven-tazeledi\"}]}<\/script>\n<!-- \/ Yoast SEO Premium plugin. -->","yoast_head_json":{"title":"MERG\u00dcMDER Ba\u015fkan\u0131 Orman G\u00fcven Tazeledi - Av. Deniz Can K\u0131z\u0131l","robots":{"index":"index","follow":"follow","max-snippet":"max-snippet:-1","max-image-preview":"max-image-preview:large","max-video-preview":"max-video-preview:-1"},"canonical":"http:\/\/denizcankizil.tr\/de\/haberler\/gundem\/mergumder-baskani-orman-guven-tazeledi\/","og_locale":"de_DE","og_type":"article","og_title":"MERG\u00dcMDER Ba\u015fkan\u0131 Orman G\u00fcven Tazeledi","og_description":"Y\u00f6netim Kurulu \u00fcyelerinde de\u011fi\u015fimin ya\u015fand\u0131\u011f\u0131 kongrede yeniden ba\u015fkanl\u0131\u011fa se\u00e7ilen Cebrail Orman ve dernek Y\u00f6netim Kurulu \u00fcyeleri tebrik ve alk\u0131\u015f toplad\u0131.\u00a0\u00a0 Yap\u0131lan se\u00e7imli ola\u011fan genel kurulda Cebrail Orman ve Osman Uysal yar\u0131\u015ft\u0131. Kat\u0131l\u0131m\u0131n y\u00fcksek oldu\u011fu se\u00e7imde 256 G\u00fcmr\u00fck M\u00fc\u015faviri oy kulland\u0131. Cebrail Orman 156 oy, Osman Uysal ise 89 oy ald\u0131. \u2018KAZANAN MESLE\u011e\u0130M\u0130Z VE MESLEKTA\u015eLARIMIZ OLMU\u015eTUR\u2019 \u00dcyelerinin b\u00fcy\u00fck deste\u011fiyle g\u00fcven tazeleyen ve 3 y\u0131ld\u0131r g\u00f6revde olan Cebrail Orman se\u00e7imin \u00e7ok g\u00fczel bir atmosferde ge\u00e7ti\u011fini belirterek, sonu\u00e7lar\u0131n hay\u0131rl\u0131 olmas\u0131n\u0131 diledi. Ba\u015fkan Orman, \u201cKazanan mesle\u011fimiz ve t\u00fcm meslekta\u015flar\u0131m\u0131z olmu\u015ftur. Bizlere g\u00fcvenip tekrar g\u00f6reve lay\u0131k g\u00f6ren, kat\u0131l\u0131m sa\u011flayan t\u00fcm meslekta\u015flar\u0131ma te\u015fekk\u00fcr ediyorum\u201d dedi. HATAY TEMS\u0130LC\u0130S\u0130 MEHMET \u015eAH\u0130N KILI\u00c7 TEKRAR SE\u00c7\u0130LD\u0130 Yap\u0131lan se\u00e7im sonucunda baz\u0131 y\u00f6netim kurulu \u00fcyeliklerinde yenilenmeye gidildi. \u00c7al\u0131\u015fmalar\u0131yla \u00f6ne \u00e7\u0131kan ve meslekta\u015flar\u0131n\u0131n da takdirini alan Hatay\u2019\u0131 temsilen Y\u00f6netim Kurulu \u00fcyeli\u011fine Mehmet \u015eahin K\u0131l\u0131\u00e7 tekrar se\u00e7ildi. Hatay temsilcisi G\u00fcmr\u00fck M\u00fc\u015faviri K\u0131l\u0131\u00e7, \u201cSe\u00e7im sonu\u00e7lar\u0131n\u0131n mesle\u011fimiz ad\u0131na hay\u0131rl\u0131 olmas\u0131n\u0131 diliyorum. Se\u00e7ime kat\u0131lan t\u00fcm meslekta\u015flar\u0131ma te\u015fekk\u00fcr ediyorum\u201d dedi. \u0130\u015eTE YEN\u0130 Y\u00d6NET\u0130M Mersin, Adana, Hatay, Gaziantep ve Mardin ba\u015fta olmak \u00fczere 20 ilde dernek ofisi bulunan MERG\u00dcMDER&#8217;in yeni y\u00f6netim kurulu listesi ise \u015fu isimlerden olu\u015ftu: Cebrail Orman (Ba\u015fkan), Ferudun G\u00fcnd\u00fcz, El\u00e7in Arslan, Mehmet Sabri Akb\u0131y\u0131k, N\u00fcket D\u00fclger, Mehmet \u015eahin K\u0131l\u0131\u00e7, Semih Ergin, Necdet Karada\u011f ve Fatih Gezginci. &hellip;","og_url":"http:\/\/denizcankizil.tr\/de\/haberler\/gundem\/mergumder-baskani-orman-guven-tazeledi\/","og_site_name":"Av. Deniz Can K\u0131z\u0131l","article_published_time":"2025-06-05T09:43:30+00:00","author":"admin","twitter_card":"summary_large_image","twitter_misc":{"Verfasst von":"admin","Gesch\u00e4tzte Lesezeit":"2\u00a0Minuten"},"schema":{"@context":"https:\/\/schema.org","@graph":[{"@type":"Article","@id":"http:\/\/denizcankizil.tr\/de\/haberler\/gundem\/mergumder-baskani-orman-guven-tazeledi\/#article","isPartOf":{"@id":"http:\/\/denizcankizil.tr\/de\/haberler\/gundem\/mergumder-baskani-orman-guven-tazeledi\/"},"author":{"name":"admin","@id":"https:\/\/denizcankizil.tr\/#\/schema\/person\/be3c05fe6a12686905512445d8185489"},"headline":"MERG\u00dcMDER Ba\u015fkan\u0131 Orman G\u00fcven Tazeledi","datePublished":"2025-06-05T09:43:30+00:00","mainEntityOfPage":{"@id":"http:\/\/denizcankizil.tr\/de\/haberler\/gundem\/mergumder-baskani-orman-guven-tazeledi\/"},"wordCount":361,"publisher":{"@id":"https:\/\/denizcankizil.tr\/#organization"},"articleSection":["G\u00fcndem"],"inLanguage":"de"},{"@type":"WebPage","@id":"http:\/\/denizcankizil.tr\/de\/haberler\/gundem\/mergumder-baskani-orman-guven-tazeledi\/","url":"http:\/\/denizcankizil.tr\/de\/haberler\/gundem\/mergumder-baskani-orman-guven-tazeledi\/","name":"MERG\u00dcMDER Ba\u015fkan\u0131 Orman G\u00fcven Tazeledi - Av. Deniz Can K\u0131z\u0131l","isPartOf":{"@id":"https:\/\/denizcankizil.tr\/#website"},"datePublished":"2025-06-05T09:43:30+00:00","breadcrumb":{"@id":"http:\/\/denizcankizil.tr\/de\/haberler\/gundem\/mergumder-baskani-orman-guven-tazeledi\/#breadcrumb"},"inLanguage":"de","potentialAction":[{"@type":"ReadAction","target":["http:\/\/denizcankizil.tr\/de\/haberler\/gundem\/mergumder-baskani-orman-guven-tazeledi\/"]}]},{"@type":"BreadcrumbList","@id":"http:\/\/denizcankizil.tr\/de\/haberler\/gundem\/mergumder-baskani-orman-guven-tazeledi\/#breadcrumb","itemListElement":[{"@type":"ListItem","position":1,"name":"Home","item":"https:\/\/denizcankizil.tr\/de\/"},{"@type":"ListItem","position":2,"name":"MERG\u00dcMDER Ba\u015fkan\u0131 Orman G\u00fcven Tazeledi"}]},{"@type":"WebSite","@id":"https:\/\/denizcankizil.tr\/#website","url":"https:\/\/denizcankizil.tr\/","name":"Av. Deniz Can K\u0131z\u0131l","description":"Avukat Deniz Can K\u0131z\u0131l Antalya Barosu","publisher":{"@id":"https:\/\/denizcankizil.tr\/#organization"},"potentialAction":[{"@type":"SearchAction","target":{"@type":"EntryPoint","urlTemplate":"https:\/\/denizcankizil.tr\/?s={search_term_string}"},"query-input":{"@type":"PropertyValueSpecification","valueRequired":true,"valueName":"search_term_string"}}],"inLanguage":"de"},{"@type":"Organization","@id":"https:\/\/denizcankizil.tr\/#organization","name":"Av. Deniz Can K\u0131z\u0131l","url":"https:\/\/denizcankizil.tr\/","logo":{"@type":"ImageObject","inLanguage":"de","@id":"https:\/\/denizcankizil.tr\/#\/schema\/logo\/image\/","url":"http:\/\/denizcankizil.tr\/wp-content\/uploads\/2024\/10\/siyah-logo-svg.svg","contentUrl":"http:\/\/denizcankizil.tr\/wp-content\/uploads\/2024\/10\/siyah-logo-svg.svg","width":1080,"height":1080,"caption":"Av. Deniz Can K\u0131z\u0131l"},"image":{"@id":"https:\/\/denizcankizil.tr\/#\/schema\/logo\/image\/"}},{"@type":"Person","@id":"https:\/\/denizcankizil.tr\/#\/schema\/person\/be3c05fe6a12686905512445d8185489","name":"Administrator","image":{"@type":"ImageObject","inLanguage":"de","@id":"https:\/\/denizcankizil.tr\/#\/schema\/person\/image\/","url":"https:\/\/secure.gravatar.com\/avatar\/c1fce94c830dc79107e174f890d7210541c4a63e8e5d816341794a2151c9d58c?s=96&d=mm&r=g","contentUrl":"https:\/\/secure.gravatar.com\/avatar\/c1fce94c830dc79107e174f890d7210541c4a63e8e5d816341794a2151c9d58c?s=96&d=mm&r=g","caption":"admin"},"sameAs":["http:\/\/denizcankizil.tr"],"url":"https:\/\/www.iskenderun.org\/mergumder-baskani-orman-guven-tazeledi"}]}},"_links":{"self":[{"href":"http:\/\/denizcankizil.tr\/de\/wp-json\/wp\/v2\/posts\/107290","targetHints":{"allow":["GET"]}}],"collection":[{"href":"http:\/\/denizcankizil.tr\/de\/wp-json\/wp\/v2\/posts"}],"about":[{"href":"http:\/\/denizcankizil.tr\/de\/wp-json\/wp\/v2\/types\/post"}],"author":[{"embeddable":true,"href":"http:\/\/denizcankizil.tr\/de\/wp-json\/wp\/v2\/users\/1"}],"replies":[{"embeddable":true,"href":"http:\/\/denizcankizil.tr\/de\/wp-json\/wp\/v2\/comments?post=107290"}],"version-history":[{"count":0,"href":"http:\/\/denizcankizil.tr\/de\/wp-json\/wp\/v2\/posts\/107290\/revisions"}],"wp:attachment":[{"href":"http:\/\/denizcankizil.tr\/de\/wp-json\/wp\/v2\/media?parent=107290"}],"wp:term":[{"taxonomy":"category","embeddable":true,"href":"http:\/\/denizcankizil.tr\/de\/wp-json\/wp\/v2\/categories?post=107290"},{"taxonomy":"post_tag","embeddable":true,"href":"http:\/\/denizcankizil.tr\/de\/wp-json\/wp\/v2\/tags?post=107290"}],"curies":[{"name":"wp","href":"https:\/\/api.w.org\/{rel}","templated":true}]}}