{"id":107160,"date":"2025-06-03T19:30:00","date_gmt":"2025-06-03T16:30:00","guid":{"rendered":"https:\/\/denizcankizil.tr\/uncategorized-tr\/cumhuriyet-savcisi-mutalaa-ile-bagli-midir\/"},"modified":"2025-06-03T19:30:00","modified_gmt":"2025-06-03T16:30:00","slug":"cumhuriyet-savcisi-mutalaa-ile-bagli-midir","status":"publish","type":"post","link":"http:\/\/denizcankizil.tr\/de\/hukukihaber\/cumhuriyet-savcisi-mutalaa-ile-bagli-midir\/","title":{"rendered":"Cumhuriyet Savc\u0131s\u0131 M\u00fctalaa ile Ba\u011fl\u0131 m\u0131d\u0131r?"},"content":{"rendered":"<p>Ceza yarg\u0131lamas\u0131n\u0131n esasl\u0131 unsurlar\u0131ndan birisi de Cumhuriyet savc\u0131s\u0131 yani iddia makam\u0131d\u0131r. Cumhuriyet savc\u0131s\u0131; soru\u015fturma a\u015famas\u0131ndaki g\u00f6revini iddianamenin d\u00fczenlenmesi ile tamamlay\u0131p, kovu\u015fturma a\u015famas\u0131na da iddia makam\u0131 olarak kat\u0131l\u0131r. Her ne kadar CMK m.160 gere\u011fince Cumhuriyet savc\u0131s\u0131, madd\u00ee ger\u00e7e\u011fin ara\u015ft\u0131r\u0131lmas\u0131 ve adil\/d\u00fcr\u00fcst bir yarg\u0131laman\u0131n yap\u0131labilmesi i\u00e7in, emrindeki adl\u00ee kolluk g\u00f6revlileri marifetiyle, \u015f\u00fcphelinin lehine ve aleyhine olan delilleri toplayarak muhafaza alt\u0131na almakla ve \u015f\u00fcphelinin haklar\u0131n\u0131 korumakla y\u00fck\u00fcml\u00fc oldu\u011fundan tarafs\u0131z g\u00f6r\u00fcnse de, genellikle kabul edilen g\u00f6r\u00fc\u015fe g\u00f6re, iddianamenin kabul edilmesi ve kovu\u015fturmaya ba\u015flanmas\u0131 ile birlikte taraf s\u0131fat\u0131n\u0131 kazanarak, iddian\u0131n savunucusu olur. Elbette Cumhuriyet savc\u0131s\u0131n\u0131n amac\u0131, hem soru\u015fturmada ve hem de kovu\u015fturmada maddi hakikate ve adalete ula\u015f\u0131lmas\u0131n\u0131 sa\u011flamakt\u0131r.<\/p>\n<p>\u0130deal olan, soru\u015fturmay\u0131 yap\u0131p iddianameyi d\u00fczenleyen Cumhuriyet savc\u0131s\u0131n\u0131n kovu\u015fturma a\u015famas\u0131nda da duru\u015fmalara kat\u0131larak iddianamesinin arkas\u0131nda durmas\u0131d\u0131r. Uygulamada ise genellikle kovu\u015fturma a\u015famas\u0131nda ba\u015fka bir Cumhuriyet Savc\u0131s\u0131 duru\u015fmalara kat\u0131lmakta, kendi haz\u0131rlamad\u0131\u011f\u0131 iddianamede g\u00f6sterilen iddia ve delilleri sahiplenmek durumunda kalmaktad\u0131r. Uzun s\u00fcren yarg\u0131lamalarda da s\u0131kl\u0131kla iddia makam\u0131nda bulunan Cumhuriyet savc\u0131lar\u0131n\u0131n de\u011fi\u015fti\u011fi g\u00f6r\u00fclmektedir.<\/p>\n<p>Bu yaz\u0131m\u0131zda k\u0131saca, a\u015fa\u011f\u0131da g\u00f6sterilen somut olay temelinde, Cumhuriyet savc\u0131s\u0131n\u0131n kendi m\u00fctalaas\u0131yla ba\u011fl\u0131 olup olmad\u0131\u011f\u0131 hususu tart\u0131\u015f\u0131lacakt\u0131r.<\/p>\n<p>\u00d6ncelikle belirtmeliyiz ki; Cumhuriyet savc\u0131s\u0131n\u0131n kovu\u015fturma a\u015famas\u0131ndaki g\u00f6revi her hal ve \u015fartta san\u0131\u011f\u0131n kar\u015f\u0131s\u0131nda, iddianame ve ma\u011fdur-kat\u0131lan\u0131n yan\u0131nda durmak de\u011fildir. \u0130ddianameyi d\u00fczenlemi\u015f dahi olsa, kovu\u015fturma sonunda olu\u015fan duruma g\u00f6re san\u0131k lehine de m\u00fctalaa verebilir, CMK m. 260\/3 gere\u011fince Cumhuriyet savc\u0131s\u0131, san\u0131k lehine olarak kanun yollar\u0131na da ba\u015fvurabilir.<\/p>\n<p>Soru:<\/p>\n<p>Bir ceza yarg\u0131lamas\u0131nda, iddia makam\u0131n\u0131n su\u00e7un s\u00fcbutu a\u00e7\u0131s\u0131ndan gerekli g\u00f6rd\u00fc\u011f\u00fc ve dinlenilmesini talep etti\u011fi tan\u0131k birden fazla celsede duru\u015fmaya getirilememi\u015f ve beyan\u0131 al\u0131namam\u0131\u015ft\u0131r. Yakla\u015f\u0131k 2 sene boyunca tan\u0131\u011fa ula\u015f\u0131lamam\u0131\u015f, tan\u0131\u011f\u0131n bulunamayaca\u011f\u0131 kanaati olu\u015ftu\u011funda da mahkeme bu tan\u0131\u011f\u0131n dinlenilmesine dair ara karar\u0131ndan d\u00f6nerek, iddia makam\u0131ndan esas hakk\u0131nda m\u00fctalaas\u0131n\u0131 istemi\u015ftir. Cumhuriyet savc\u0131s\u0131 esas hakk\u0131ndaki m\u00fctalaas\u0131nda CMK m. 223\/2-e maddesi gere\u011fince san\u0131\u011f\u0131n beraatine karar verilmesini talep etmi\u015f, ancak beraat h\u00fckm\u00fcne kar\u015f\u0131 san\u0131k aleyhine, tan\u0131\u011f\u0131n dinlenilmesi gerekti\u011fi gerek\u00e7esiyle istinaf kanun yoluna ba\u015fvurmu\u015ftur.<\/p>\n<p>Cevap:<\/p>\n<p>Burada \u00f6ncelikle incelenmesi gereken husus CMK m. 206\/3 h\u00fckm\u00fcd\u00fcr. Buna g\u00f6re Cumhuriyet savc\u0131s\u0131 ile san\u0131k veya m\u00fcdafii birlikte r\u0131za g\u00f6sterirlerse, tan\u0131\u011f\u0131n dinlenmesinden veya ba\u015fka herhangi bir delilin ortaya konulmas\u0131ndan vazge\u00e7ilebilir. Cumhuriyet savc\u0131s\u0131n\u0131n \u0131srarla dinlenilmesini talep etti\u011fi tan\u0131k delilinden, mahkeme tek tarafl\u0131 irade ile vazge\u00e7emez. Ancak gelinen a\u015famada; mevcut deliller itibar\u0131yla at\u0131l\u0131 su\u00e7 sabit olmu\u015f ve dinlenemeyen tan\u0131\u011f\u0131n beyan\u0131 hi\u00e7bir \u015fekilde sonucu de\u011fi\u015ftirmeyecekse mahkumiyet karar\u0131 verilebilir ve bu durum, bozmay\u0131 gerektirecek bir usuls\u00fczl\u00fck olarak kabul edilemez. Mevcut deliller san\u0131\u011f\u0131 cezaland\u0131rmak i\u00e7in yeterli de\u011filse ve tan\u0131k beyan\u0131 s\u00fcbuta etkili olabilecek mahiyetteyse, bu delilin ortaya koyulmas\u0131ndan vazge\u00e7ilerek beraat karar\u0131 verilemez.<\/p>\n<p>Somut olayda Cumhuriyet savc\u0131s\u0131 bir tan\u0131k beyan\u0131n\u0131 su\u00e7un s\u00fcbutuna etki edecek bir delil olarak g\u00f6rm\u00fc\u015f ve dinlenilmesini talep etmi\u015ftir. Yarg\u0131lamay\u0131 yapan mahkeme ise uzun s\u00fcre bu delile ula\u015fmaya \u00e7al\u0131\u015fm\u0131\u015f, yani delilin toplanmas\u0131na \u00e7abalam\u0131\u015f, fakat bu m\u00fcmk\u00fcn olmay\u0131nca da tan\u0131k beyan\u0131ndan vazge\u00e7mi\u015f, at\u0131l\u0131 su\u00e7un ispatlanamad\u0131\u011f\u0131 gerek\u00e7esiyle de CMK m.223\/2-e maddesi gere\u011fince san\u0131\u011f\u0131n beraatine h\u00fckmetmi\u015ftir. CMK m.216 gere\u011fince delillerin tart\u0131\u015f\u0131lmas\u0131 a\u015famas\u0131nda Cumhuriyet savc\u0131s\u0131 mevcut delil durumuna g\u00f6re g\u00f6r\u00fc\u015flerini ortaya koyar,  yani esas hakk\u0131nda m\u00fctalaas\u0131n\u0131 sunar. Su\u00e7un s\u00fcbutu i\u00e7in tan\u0131k beyan\u0131n\u0131 gerekli g\u00f6ren Cumhuriyet savc\u0131s\u0131, bu delil durumuna g\u00f6re su\u00e7un ispatlanamad\u0131\u011f\u0131 kanaatiyle beraat m\u00fctalaas\u0131 verebilir. H\u00fckm\u00fc ise, san\u0131k aleyhine delil olabilecek tan\u0131k dinlenilmeden beraat karar\u0131 verildi\u011fi i\u00e7in kanun yollar\u0131na ba\u015fvurabilir. Bu olayda, ne bir \u00e7eli\u015fkiden ve ne de bir hukuka ayk\u0131r\u0131l\u0131ktan bahsedilebilir.<\/p>\n<p>Son olarak \u015funu da belirtmek isteriz ki; Cumhuriyet savc\u0131s\u0131, kendisinden \u00f6nce ba\u015fka bir Cumhuriyet savc\u0131s\u0131 taraf\u0131ndan a\u00e7\u0131klanan m\u00fctalaa ve hatta kendi verdi\u011fi m\u00fctalaa ile de ba\u011fl\u0131 de\u011fildir. Kanaatine g\u00f6re, kendisinden \u00f6nce verilen m\u00fctalaan\u0131n do\u011fru olmad\u0131\u011f\u0131n\u0131 d\u00fc\u015f\u00fcnen Cumhuriyet savc\u0131s\u0131, farkl\u0131 m\u00fctalaa verebilece\u011fi gibi, kanaati de\u011fi\u015firse kendi m\u00fctalaas\u0131ndan da d\u00f6nebilir. Hatta; m\u00fctalaaya uygun olarak verilen h\u00fckme kar\u015f\u0131, kendi m\u00fctalaas\u0131na ayk\u0131r\u0131 olarak kanun yollar\u0131na ba\u015fvurmas\u0131n\u0131 engelleyen bir yasal d\u00fczenleme de mevcut de\u011fildir. Ancak belirtmeliyiz ki, m\u00fctalaa de\u011fi\u015fikliklerinde bir somut gerek\u00e7enin varl\u0131\u011f\u0131 aranmal\u0131d\u0131r. De\u011fi\u015fen bir durum olmad\u0131k\u00e7a veya esas hakk\u0131nda m\u00fctalaada bir hata tespit edilmedik\u00e7e, keyfi \u015fekilde ve gerek\u00e7e belirtilmeksizin bir delil tart\u0131\u015fmas\u0131 olan esas hakk\u0131nda m\u00fctalaan\u0131n de\u011fi\u015ftirilmesi de do\u011fru de\u011fildir.<\/p>\n<p>Prof. Dr. Ersan \u015een<\/p>\n<p>Av. Taner Ak\u0131nc\u0131<\/p>\n<p>(Bu makale, say\u0131n Prof. Dr. Ersan \u015eEN taraf\u0131ndan www.hukukihaber.net sitesinde yay\u0131nlanmas\u0131 i\u00e7in kaleme al\u0131nm\u0131\u015ft\u0131r. Kaynak g\u00f6sterilse dahi makalenin tamam\u0131 \u00f6zel izin al\u0131nmadan kullan\u0131lamaz. Ancak al\u0131nt\u0131lanan makalenin bir b\u00f6l\u00fcm\u00fc, aktif link verilerek kullan\u0131labilir. Yazar\u0131 ve kayna\u011f\u0131 g\u00f6sterilmeden k\u0131smen ya da tamamen yay\u0131nlanmas\u0131 \u015fahsi haklara ve fikri haklara ayk\u0131r\u0131l\u0131k te\u015fkil eder.)<\/p>\n<p>\u200bCeza yarg\u0131lamas\u0131n\u0131n esasl\u0131 unsurlar\u0131ndan birisi de Cumhuriyet savc\u0131s\u0131 yani iddia makam\u0131d\u0131r. Cumhuriyet savc\u0131s\u0131; soru\u015fturma a\u015famas\u0131ndaki g\u00f6revini iddianamenin d\u00fczenlenmesi ile tamamlay\u0131p, kovu\u015fturma a\u015famas\u0131na da iddia makam\u0131 olarak kat\u0131l\u0131r. Her ne kadar CMK m.160 gere\u011fince Cumhuriyet savc\u0131s\u0131, madd\u00ee ger\u00e7e\u011fin ara\u015ft\u0131r\u0131lmas\u0131 ve adil\/d\u00fcr\u00fcst bir yarg\u0131laman\u0131n yap\u0131labilmesi i\u00e7in, emrindeki adl\u00ee kolluk g\u00f6revlileri marifetiyle, \u015f\u00fcphelinin lehine ve aleyhine olan delilleri toplayarak muhafaza alt\u0131na almakla ve \u015f\u00fcphelinin haklar\u0131n\u0131 korumakla y\u00fck\u00fcml\u00fc oldu\u011fundan tarafs\u0131z g\u00f6r\u00fcnse de, genellikle kabul edilen g\u00f6r\u00fc\u015fe g\u00f6re, iddianamenin kabul edilmesi ve kovu\u015fturmaya ba\u015flanmas\u0131 ile birlikte taraf s\u0131fat\u0131n\u0131 kazanarak, iddian\u0131n savunucusu olur. Elbette Cumhuriyet savc\u0131s\u0131n\u0131n amac\u0131, hem soru\u015fturmada ve hem de kovu\u015fturmada maddi hakikate ve adalete ula\u015f\u0131lmas\u0131n\u0131 sa\u011flamakt\u0131r.<\/p>\n<p>\u0130deal olan, soru\u015fturmay\u0131 yap\u0131p iddianameyi d\u00fczenleyen Cumhuriyet savc\u0131s\u0131n\u0131n kovu\u015fturma a\u015famas\u0131nda da duru\u015fmalara kat\u0131larak iddianamesinin arkas\u0131nda durmas\u0131d\u0131r. Uygulamada ise genellikle kovu\u015fturma a\u015famas\u0131nda ba\u015fka bir Cumhuriyet Savc\u0131s\u0131 duru\u015fmalara kat\u0131lmakta, kendi haz\u0131rlamad\u0131\u011f\u0131 iddianamede g\u00f6sterilen iddia ve delilleri sahiplenmek durumunda kalmaktad\u0131r. Uzun s\u00fcren yarg\u0131lamalarda da s\u0131kl\u0131kla iddia makam\u0131nda bulunan Cumhuriyet savc\u0131lar\u0131n\u0131n de\u011fi\u015fti\u011fi g\u00f6r\u00fclmektedir.<\/p>\n<p>Bu yaz\u0131m\u0131zda k\u0131saca, a\u015fa\u011f\u0131da g\u00f6sterilen somut olay temelinde, Cumhuriyet savc\u0131s\u0131n\u0131n kendi m\u00fctalaas\u0131yla ba\u011fl\u0131 olup olmad\u0131\u011f\u0131 hususu tart\u0131\u015f\u0131lacakt\u0131r.<\/p>\n<p>\u00d6ncelikle belirtmeliyiz ki; Cumhuriyet savc\u0131s\u0131n\u0131n kovu\u015fturma a\u015famas\u0131ndaki g\u00f6revi her hal ve \u015fartta san\u0131\u011f\u0131n kar\u015f\u0131s\u0131nda, iddianame ve ma\u011fdur-kat\u0131lan\u0131n yan\u0131nda durmak de\u011fildir. \u0130ddianameyi d\u00fczenlemi\u015f dahi olsa, kovu\u015fturma sonunda olu\u015fan duruma g\u00f6re san\u0131k lehine de m\u00fctalaa verebilir, CMK m. 260\/3 gere\u011fince Cumhuriyet savc\u0131s\u0131, san\u0131k lehine olarak kanun yollar\u0131na da ba\u015fvurabilir.<\/p>\n<p>Soru:<\/p>\n<p>Bir ceza yarg\u0131lamas\u0131nda, iddia makam\u0131n\u0131n su\u00e7un s\u00fcbutu a\u00e7\u0131s\u0131ndan gerekli g\u00f6rd\u00fc\u011f\u00fc ve dinlenilmesini talep etti\u011fi tan\u0131k birden fazla celsede duru\u015fmaya getirilememi\u015f ve beyan\u0131 al\u0131namam\u0131\u015ft\u0131r. Yakla\u015f\u0131k 2 sene boyunca tan\u0131\u011fa ula\u015f\u0131lamam\u0131\u015f, tan\u0131\u011f\u0131n bulunamayaca\u011f\u0131 kanaati olu\u015ftu\u011funda da mahkeme bu tan\u0131\u011f\u0131n dinlenilmesine dair ara karar\u0131ndan d\u00f6nerek, iddia makam\u0131ndan esas hakk\u0131nda m\u00fctalaas\u0131n\u0131 istemi\u015ftir. Cumhuriyet savc\u0131s\u0131 esas hakk\u0131ndaki m\u00fctalaas\u0131nda CMK m. 223\/2-e maddesi gere\u011fince san\u0131\u011f\u0131n beraatine karar verilmesini talep etmi\u015f, ancak beraat h\u00fckm\u00fcne kar\u015f\u0131 san\u0131k aleyhine, tan\u0131\u011f\u0131n dinlenilmesi gerekti\u011fi gerek\u00e7esiyle istinaf kanun yoluna ba\u015fvurmu\u015ftur.<\/p>\n<p>Cevap:<\/p>\n<p>Burada \u00f6ncelikle incelenmesi gereken husus CMK m. 206\/3 h\u00fckm\u00fcd\u00fcr. Buna g\u00f6re Cumhuriyet savc\u0131s\u0131 ile san\u0131k veya m\u00fcdafii birlikte r\u0131za g\u00f6sterirlerse, tan\u0131\u011f\u0131n dinlenmesinden veya ba\u015fka herhangi bir delilin ortaya konulmas\u0131ndan vazge\u00e7ilebilir. Cumhuriyet savc\u0131s\u0131n\u0131n \u0131srarla dinlenilmesini talep etti\u011fi tan\u0131k delilinden, mahkeme tek tarafl\u0131 irade ile vazge\u00e7emez. Ancak gelinen a\u015famada; mevcut deliller itibar\u0131yla at\u0131l\u0131 su\u00e7 sabit olmu\u015f ve dinlenemeyen tan\u0131\u011f\u0131n beyan\u0131 hi\u00e7bir \u015fekilde sonucu de\u011fi\u015ftirmeyecekse mahkumiyet karar\u0131 verilebilir ve bu durum, bozmay\u0131 gerektirecek bir usuls\u00fczl\u00fck olarak kabul edilemez. Mevcut deliller san\u0131\u011f\u0131 cezaland\u0131rmak i\u00e7in yeterli de\u011filse ve tan\u0131k beyan\u0131 s\u00fcbuta etkili olabilecek mahiyetteyse, bu delilin ortaya koyulmas\u0131ndan vazge\u00e7ilerek beraat karar\u0131 verilemez.<\/p>\n<p>Somut olayda Cumhuriyet savc\u0131s\u0131 bir tan\u0131k beyan\u0131n\u0131 su\u00e7un s\u00fcbutuna etki edecek bir delil olarak g\u00f6rm\u00fc\u015f ve dinlenilmesini talep etmi\u015ftir. Yarg\u0131lamay\u0131 yapan mahkeme ise uzun s\u00fcre bu delile ula\u015fmaya \u00e7al\u0131\u015fm\u0131\u015f, yani delilin toplanmas\u0131na \u00e7abalam\u0131\u015f, fakat bu m\u00fcmk\u00fcn olmay\u0131nca da tan\u0131k beyan\u0131ndan vazge\u00e7mi\u015f, at\u0131l\u0131 su\u00e7un ispatlanamad\u0131\u011f\u0131 gerek\u00e7esiyle de CMK m.223\/2-e maddesi gere\u011fince san\u0131\u011f\u0131n beraatine h\u00fckmetmi\u015ftir. CMK m.216 gere\u011fince delillerin tart\u0131\u015f\u0131lmas\u0131 a\u015famas\u0131nda Cumhuriyet savc\u0131s\u0131 mevcut delil durumuna g\u00f6re g\u00f6r\u00fc\u015flerini ortaya koyar,  yani esas hakk\u0131nda m\u00fctalaas\u0131n\u0131 sunar. Su\u00e7un s\u00fcbutu i\u00e7in tan\u0131k beyan\u0131n\u0131 gerekli g\u00f6ren Cumhuriyet savc\u0131s\u0131, bu delil durumuna g\u00f6re su\u00e7un ispatlanamad\u0131\u011f\u0131 kanaatiyle beraat m\u00fctalaas\u0131 verebilir. H\u00fckm\u00fc ise, san\u0131k aleyhine delil olabilecek tan\u0131k dinlenilmeden beraat karar\u0131 verildi\u011fi i\u00e7in kanun yollar\u0131na ba\u015fvurabilir. Bu olayda, ne bir \u00e7eli\u015fkiden ve ne de bir hukuka ayk\u0131r\u0131l\u0131ktan bahsedilebilir.<\/p>\n<p>Son olarak \u015funu da belirtmek isteriz ki; Cumhuriyet savc\u0131s\u0131, kendisinden \u00f6nce ba\u015fka bir Cumhuriyet savc\u0131s\u0131 taraf\u0131ndan a\u00e7\u0131klanan m\u00fctalaa ve hatta kendi verdi\u011fi m\u00fctalaa ile de ba\u011fl\u0131 de\u011fildir. Kanaatine g\u00f6re, kendisinden \u00f6nce verilen m\u00fctalaan\u0131n do\u011fru olmad\u0131\u011f\u0131n\u0131 d\u00fc\u015f\u00fcnen Cumhuriyet savc\u0131s\u0131, farkl\u0131 m\u00fctalaa verebilece\u011fi gibi, kanaati de\u011fi\u015firse kendi m\u00fctalaas\u0131ndan da d\u00f6nebilir. Hatta; m\u00fctalaaya uygun olarak verilen h\u00fckme kar\u015f\u0131, kendi m\u00fctalaas\u0131na ayk\u0131r\u0131 olarak kanun yollar\u0131na ba\u015fvurmas\u0131n\u0131 engelleyen bir yasal d\u00fczenleme de mevcut de\u011fildir. Ancak belirtmeliyiz ki, m\u00fctalaa de\u011fi\u015fikliklerinde bir somut gerek\u00e7enin varl\u0131\u011f\u0131 aranmal\u0131d\u0131r. De\u011fi\u015fen bir durum olmad\u0131k\u00e7a veya esas hakk\u0131nda m\u00fctalaada bir hata tespit edilmedik\u00e7e, keyfi \u015fekilde ve gerek\u00e7e belirtilmeksizin bir delil tart\u0131\u015fmas\u0131 olan esas hakk\u0131nda m\u00fctalaan\u0131n de\u011fi\u015ftirilmesi de do\u011fru de\u011fildir.<\/p>\n<p>Prof. Dr. Ersan \u015een<\/p>\n<p>Av. Taner Ak\u0131nc\u0131<\/p>\n<p>(Bu makale, say\u0131n Prof. Dr. Ersan \u015eEN taraf\u0131ndan www.hukukihaber.net sitesinde yay\u0131nlanmas\u0131 i\u00e7in kaleme al\u0131nm\u0131\u015ft\u0131r. Kaynak g\u00f6sterilse dahi makalenin tamam\u0131 \u00f6zel izin al\u0131nmadan kullan\u0131lamaz. Ancak al\u0131nt\u0131lanan makalenin bir b\u00f6l\u00fcm\u00fc, aktif link verilerek kullan\u0131labilir. Yazar\u0131 ve kayna\u011f\u0131 g\u00f6sterilmeden k\u0131smen ya da tamamen yay\u0131nlanmas\u0131 \u015fahsi haklara ve fikri haklara ayk\u0131r\u0131l\u0131k te\u015fkil eder.)\u00a0Hukuki Haber<\/p>\n<p>Haberin Al\u0131nt\u0131land\u0131\u011f\u0131 Kaynak: www.hukukihaber.net<\/p>","protected":false},"excerpt":{"rendered":"<p>Ceza yarg\u0131lamas\u0131n\u0131n esasl\u0131 unsurlar\u0131ndan birisi de Cumhuriyet savc\u0131s\u0131 yani iddia makam\u0131d\u0131r. Cumhuriyet savc\u0131s\u0131; soru\u015fturma a\u015famas\u0131ndaki g\u00f6revini iddianamenin d\u00fczenlenmesi ile tamamlay\u0131p, kovu\u015fturma a\u015famas\u0131na da iddia makam\u0131 olarak kat\u0131l\u0131r. Her ne kadar CMK m.160 gere\u011fince Cumhuriyet savc\u0131s\u0131, madd\u00ee ger\u00e7e\u011fin ara\u015ft\u0131r\u0131lmas\u0131 ve adil\/d\u00fcr\u00fcst bir yarg\u0131laman\u0131n yap\u0131labilmesi i\u00e7in, emrindeki adl\u00ee kolluk g\u00f6revlileri marifetiyle, \u015f\u00fcphelinin lehine ve aleyhine olan delilleri toplayarak muhafaza alt\u0131na almakla ve \u015f\u00fcphelinin haklar\u0131n\u0131 korumakla y\u00fck\u00fcml\u00fc oldu\u011fundan tarafs\u0131z g\u00f6r\u00fcnse de, genellikle kabul edilen g\u00f6r\u00fc\u015fe g\u00f6re, iddianamenin kabul edilmesi ve kovu\u015fturmaya ba\u015flanmas\u0131 ile birlikte taraf s\u0131fat\u0131n\u0131 kazanarak, iddian\u0131n savunucusu olur. Elbette Cumhuriyet savc\u0131s\u0131n\u0131n amac\u0131, hem soru\u015fturmada ve hem de kovu\u015fturmada maddi hakikate ve adalete ula\u015f\u0131lmas\u0131n\u0131 sa\u011flamakt\u0131r. \u0130deal olan, soru\u015fturmay\u0131 yap\u0131p iddianameyi d\u00fczenleyen Cumhuriyet savc\u0131s\u0131n\u0131n kovu\u015fturma a\u015famas\u0131nda da duru\u015fmalara kat\u0131larak iddianamesinin arkas\u0131nda durmas\u0131d\u0131r. Uygulamada ise genellikle kovu\u015fturma a\u015famas\u0131nda ba\u015fka bir Cumhuriyet Savc\u0131s\u0131 duru\u015fmalara kat\u0131lmakta, kendi haz\u0131rlamad\u0131\u011f\u0131 iddianamede g\u00f6sterilen iddia ve delilleri sahiplenmek durumunda kalmaktad\u0131r. Uzun s\u00fcren yarg\u0131lamalarda da s\u0131kl\u0131kla iddia makam\u0131nda bulunan Cumhuriyet savc\u0131lar\u0131n\u0131n de\u011fi\u015fti\u011fi g\u00f6r\u00fclmektedir. Bu yaz\u0131m\u0131zda k\u0131saca, a\u015fa\u011f\u0131da g\u00f6sterilen somut olay temelinde, Cumhuriyet savc\u0131s\u0131n\u0131n kendi m\u00fctalaas\u0131yla ba\u011fl\u0131 olup olmad\u0131\u011f\u0131 hususu tart\u0131\u015f\u0131lacakt\u0131r. \u00d6ncelikle belirtmeliyiz ki; Cumhuriyet savc\u0131s\u0131n\u0131n kovu\u015fturma a\u015famas\u0131ndaki g\u00f6revi her hal ve \u015fartta san\u0131\u011f\u0131n kar\u015f\u0131s\u0131nda, iddianame ve ma\u011fdur-kat\u0131lan\u0131n yan\u0131nda durmak de\u011fildir. \u0130ddianameyi d\u00fczenlemi\u015f dahi olsa, kovu\u015fturma sonunda olu\u015fan duruma g\u00f6re san\u0131k lehine &hellip;<\/p>","protected":false},"author":3,"featured_media":0,"comment_status":"","ping_status":"open","sticky":false,"template":"","format":"standard","meta":{"_acf_changed":false,"footnotes":""},"categories":[27],"tags":[],"class_list":["post-107160","post","type-post","status-publish","format-standard","has-post-thumbnail","hentry","category-hukukihaber"],"acf":[],"yoast_head":"<!-- This site is optimized with the Yoast SEO Premium plugin v26.6 (Yoast SEO v27.1.1) - https:\/\/yoast.com\/product\/yoast-seo-premium-wordpress\/ -->\n<title>Cumhuriyet Savc\u0131s\u0131 M\u00fctalaa ile Ba\u011fl\u0131 m\u0131d\u0131r? - Av. Deniz Can K\u0131z\u0131l<\/title>\n<meta name=\"robots\" content=\"index, follow, max-snippet:-1, max-image-preview:large, max-video-preview:-1\" \/>\n<link rel=\"canonical\" href=\"http:\/\/denizcankizil.tr\/de\/hukukihaber\/cumhuriyet-savcisi-mutalaa-ile-bagli-midir\/\" \/>\n<meta property=\"og:locale\" content=\"de_DE\" \/>\n<meta property=\"og:type\" content=\"article\" \/>\n<meta property=\"og:title\" content=\"Cumhuriyet Savc\u0131s\u0131 M\u00fctalaa ile Ba\u011fl\u0131 m\u0131d\u0131r?\" \/>\n<meta property=\"og:description\" content=\"Ceza yarg\u0131lamas\u0131n\u0131n esasl\u0131 unsurlar\u0131ndan birisi de Cumhuriyet savc\u0131s\u0131 yani iddia makam\u0131d\u0131r. Cumhuriyet savc\u0131s\u0131; soru\u015fturma a\u015famas\u0131ndaki g\u00f6revini iddianamenin d\u00fczenlenmesi ile tamamlay\u0131p, kovu\u015fturma a\u015famas\u0131na da iddia makam\u0131 olarak kat\u0131l\u0131r. Her ne kadar CMK m.160 gere\u011fince Cumhuriyet savc\u0131s\u0131, madd\u00ee ger\u00e7e\u011fin ara\u015ft\u0131r\u0131lmas\u0131 ve adil\/d\u00fcr\u00fcst bir yarg\u0131laman\u0131n yap\u0131labilmesi i\u00e7in, emrindeki adl\u00ee kolluk g\u00f6revlileri marifetiyle, \u015f\u00fcphelinin lehine ve aleyhine olan delilleri toplayarak muhafaza alt\u0131na almakla ve \u015f\u00fcphelinin haklar\u0131n\u0131 korumakla y\u00fck\u00fcml\u00fc oldu\u011fundan tarafs\u0131z g\u00f6r\u00fcnse de, genellikle kabul edilen g\u00f6r\u00fc\u015fe g\u00f6re, iddianamenin kabul edilmesi ve kovu\u015fturmaya ba\u015flanmas\u0131 ile birlikte taraf s\u0131fat\u0131n\u0131 kazanarak, iddian\u0131n savunucusu olur. Elbette Cumhuriyet savc\u0131s\u0131n\u0131n amac\u0131, hem soru\u015fturmada ve hem de kovu\u015fturmada maddi hakikate ve adalete ula\u015f\u0131lmas\u0131n\u0131 sa\u011flamakt\u0131r. \u0130deal olan, soru\u015fturmay\u0131 yap\u0131p iddianameyi d\u00fczenleyen Cumhuriyet savc\u0131s\u0131n\u0131n kovu\u015fturma a\u015famas\u0131nda da duru\u015fmalara kat\u0131larak iddianamesinin arkas\u0131nda durmas\u0131d\u0131r. Uygulamada ise genellikle kovu\u015fturma a\u015famas\u0131nda ba\u015fka bir Cumhuriyet Savc\u0131s\u0131 duru\u015fmalara kat\u0131lmakta, kendi haz\u0131rlamad\u0131\u011f\u0131 iddianamede g\u00f6sterilen iddia ve delilleri sahiplenmek durumunda kalmaktad\u0131r. Uzun s\u00fcren yarg\u0131lamalarda da s\u0131kl\u0131kla iddia makam\u0131nda bulunan Cumhuriyet savc\u0131lar\u0131n\u0131n de\u011fi\u015fti\u011fi g\u00f6r\u00fclmektedir. Bu yaz\u0131m\u0131zda k\u0131saca, a\u015fa\u011f\u0131da g\u00f6sterilen somut olay temelinde, Cumhuriyet savc\u0131s\u0131n\u0131n kendi m\u00fctalaas\u0131yla ba\u011fl\u0131 olup olmad\u0131\u011f\u0131 hususu tart\u0131\u015f\u0131lacakt\u0131r. \u00d6ncelikle belirtmeliyiz ki; Cumhuriyet savc\u0131s\u0131n\u0131n kovu\u015fturma a\u015famas\u0131ndaki g\u00f6revi her hal ve \u015fartta san\u0131\u011f\u0131n kar\u015f\u0131s\u0131nda, iddianame ve ma\u011fdur-kat\u0131lan\u0131n yan\u0131nda durmak de\u011fildir. \u0130ddianameyi d\u00fczenlemi\u015f dahi olsa, kovu\u015fturma sonunda olu\u015fan duruma g\u00f6re san\u0131k lehine &hellip;\" \/>\n<meta property=\"og:url\" content=\"http:\/\/denizcankizil.tr\/de\/hukukihaber\/cumhuriyet-savcisi-mutalaa-ile-bagli-midir\/\" \/>\n<meta property=\"og:site_name\" content=\"Av. Deniz Can K\u0131z\u0131l\" \/>\n<meta property=\"article:published_time\" content=\"2025-06-03T16:30:00+00:00\" \/>\n<meta name=\"author\" content=\"Hukuki Haber.net\" \/>\n<meta name=\"twitter:card\" content=\"summary_large_image\" \/>\n<meta name=\"twitter:label1\" content=\"Verfasst von\" \/>\n\t<meta name=\"twitter:data1\" content=\"Hukuki Haber.net\" \/>\n\t<meta name=\"twitter:label2\" content=\"Gesch\u00e4tzte Lesezeit\" \/>\n\t<meta name=\"twitter:data2\" content=\"10\u00a0Minuten\" \/>\n<script type=\"application\/ld+json\" class=\"yoast-schema-graph\">{\"@context\":\"https:\/\/schema.org\",\"@graph\":[{\"@type\":\"Article\",\"@id\":\"http:\/\/denizcankizil.tr\/de\/hukukihaber\/cumhuriyet-savcisi-mutalaa-ile-bagli-midir\/#article\",\"isPartOf\":{\"@id\":\"http:\/\/denizcankizil.tr\/de\/hukukihaber\/cumhuriyet-savcisi-mutalaa-ile-bagli-midir\/\"},\"author\":{\"name\":\"Hukuki Haber.net\",\"@id\":\"https:\/\/denizcankizil.tr\/#\/schema\/person\/001a271de994a0aa3f90eea084424822\"},\"headline\":\"Cumhuriyet Savc\u0131s\u0131 M\u00fctalaa ile Ba\u011fl\u0131 m\u0131d\u0131r?\",\"datePublished\":\"2025-06-03T16:30:00+00:00\",\"mainEntityOfPage\":{\"@id\":\"http:\/\/denizcankizil.tr\/de\/hukukihaber\/cumhuriyet-savcisi-mutalaa-ile-bagli-midir\/\"},\"wordCount\":2071,\"publisher\":{\"@id\":\"https:\/\/denizcankizil.tr\/#organization\"},\"articleSection\":[\"Hukuki Haberler\"],\"inLanguage\":\"de\"},{\"@type\":\"WebPage\",\"@id\":\"http:\/\/denizcankizil.tr\/de\/hukukihaber\/cumhuriyet-savcisi-mutalaa-ile-bagli-midir\/\",\"url\":\"http:\/\/denizcankizil.tr\/de\/hukukihaber\/cumhuriyet-savcisi-mutalaa-ile-bagli-midir\/\",\"name\":\"Cumhuriyet Savc\u0131s\u0131 M\u00fctalaa ile Ba\u011fl\u0131 m\u0131d\u0131r? - Av. Deniz Can K\u0131z\u0131l\",\"isPartOf\":{\"@id\":\"https:\/\/denizcankizil.tr\/#website\"},\"datePublished\":\"2025-06-03T16:30:00+00:00\",\"breadcrumb\":{\"@id\":\"http:\/\/denizcankizil.tr\/de\/hukukihaber\/cumhuriyet-savcisi-mutalaa-ile-bagli-midir\/#breadcrumb\"},\"inLanguage\":\"de\",\"potentialAction\":[{\"@type\":\"ReadAction\",\"target\":[\"http:\/\/denizcankizil.tr\/de\/hukukihaber\/cumhuriyet-savcisi-mutalaa-ile-bagli-midir\/\"]}]},{\"@type\":\"BreadcrumbList\",\"@id\":\"http:\/\/denizcankizil.tr\/de\/hukukihaber\/cumhuriyet-savcisi-mutalaa-ile-bagli-midir\/#breadcrumb\",\"itemListElement\":[{\"@type\":\"ListItem\",\"position\":1,\"name\":\"Home\",\"item\":\"https:\/\/denizcankizil.tr\/de\/\"},{\"@type\":\"ListItem\",\"position\":2,\"name\":\"Cumhuriyet Savc\u0131s\u0131 M\u00fctalaa ile Ba\u011fl\u0131 m\u0131d\u0131r?\"}]},{\"@type\":\"WebSite\",\"@id\":\"https:\/\/denizcankizil.tr\/#website\",\"url\":\"https:\/\/denizcankizil.tr\/\",\"name\":\"Av. Deniz Can K\u0131z\u0131l\",\"description\":\"Avukat Deniz Can K\u0131z\u0131l Antalya Barosu\",\"publisher\":{\"@id\":\"https:\/\/denizcankizil.tr\/#organization\"},\"potentialAction\":[{\"@type\":\"SearchAction\",\"target\":{\"@type\":\"EntryPoint\",\"urlTemplate\":\"https:\/\/denizcankizil.tr\/?s={search_term_string}\"},\"query-input\":{\"@type\":\"PropertyValueSpecification\",\"valueRequired\":true,\"valueName\":\"search_term_string\"}}],\"inLanguage\":\"de\"},{\"@type\":\"Organization\",\"@id\":\"https:\/\/denizcankizil.tr\/#organization\",\"name\":\"Av. Deniz Can K\u0131z\u0131l\",\"url\":\"https:\/\/denizcankizil.tr\/\",\"logo\":{\"@type\":\"ImageObject\",\"inLanguage\":\"de\",\"@id\":\"https:\/\/denizcankizil.tr\/#\/schema\/logo\/image\/\",\"url\":\"http:\/\/denizcankizil.tr\/wp-content\/uploads\/2024\/10\/siyah-logo-svg.svg\",\"contentUrl\":\"http:\/\/denizcankizil.tr\/wp-content\/uploads\/2024\/10\/siyah-logo-svg.svg\",\"width\":1080,\"height\":1080,\"caption\":\"Av. Deniz Can K\u0131z\u0131l\"},\"image\":{\"@id\":\"https:\/\/denizcankizil.tr\/#\/schema\/logo\/image\/\"}},{\"@type\":\"Person\",\"@id\":\"https:\/\/denizcankizil.tr\/#\/schema\/person\/001a271de994a0aa3f90eea084424822\",\"name\":\"Hukuki Haber.net\",\"image\":{\"@type\":\"ImageObject\",\"inLanguage\":\"de\",\"@id\":\"https:\/\/denizcankizil.tr\/#\/schema\/person\/image\/\",\"url\":\"https:\/\/secure.gravatar.com\/avatar\/57d8a49151495586611a149d29fc42865b951dc053a84709a3172ccb5abf3118?s=96&d=mm&r=g\",\"contentUrl\":\"https:\/\/secure.gravatar.com\/avatar\/57d8a49151495586611a149d29fc42865b951dc053a84709a3172ccb5abf3118?s=96&d=mm&r=g\",\"caption\":\"Hukuki Haber.net\"},\"sameAs\":[\"http:\/\/www.hukukihaber.net\"],\"url\":\"https:\/\/www.hukukihaber.net\/cumhuriyet-savcisi-mutalaa-ile-bagli-midir\"}]}<\/script>\n<!-- \/ Yoast SEO Premium plugin. -->","yoast_head_json":{"title":"Cumhuriyet Savc\u0131s\u0131 M\u00fctalaa ile Ba\u011fl\u0131 m\u0131d\u0131r? - Av. Deniz Can K\u0131z\u0131l","robots":{"index":"index","follow":"follow","max-snippet":"max-snippet:-1","max-image-preview":"max-image-preview:large","max-video-preview":"max-video-preview:-1"},"canonical":"http:\/\/denizcankizil.tr\/de\/hukukihaber\/cumhuriyet-savcisi-mutalaa-ile-bagli-midir\/","og_locale":"de_DE","og_type":"article","og_title":"Cumhuriyet Savc\u0131s\u0131 M\u00fctalaa ile Ba\u011fl\u0131 m\u0131d\u0131r?","og_description":"Ceza yarg\u0131lamas\u0131n\u0131n esasl\u0131 unsurlar\u0131ndan birisi de Cumhuriyet savc\u0131s\u0131 yani iddia makam\u0131d\u0131r. Cumhuriyet savc\u0131s\u0131; soru\u015fturma a\u015famas\u0131ndaki g\u00f6revini iddianamenin d\u00fczenlenmesi ile tamamlay\u0131p, kovu\u015fturma a\u015famas\u0131na da iddia makam\u0131 olarak kat\u0131l\u0131r. Her ne kadar CMK m.160 gere\u011fince Cumhuriyet savc\u0131s\u0131, madd\u00ee ger\u00e7e\u011fin ara\u015ft\u0131r\u0131lmas\u0131 ve adil\/d\u00fcr\u00fcst bir yarg\u0131laman\u0131n yap\u0131labilmesi i\u00e7in, emrindeki adl\u00ee kolluk g\u00f6revlileri marifetiyle, \u015f\u00fcphelinin lehine ve aleyhine olan delilleri toplayarak muhafaza alt\u0131na almakla ve \u015f\u00fcphelinin haklar\u0131n\u0131 korumakla y\u00fck\u00fcml\u00fc oldu\u011fundan tarafs\u0131z g\u00f6r\u00fcnse de, genellikle kabul edilen g\u00f6r\u00fc\u015fe g\u00f6re, iddianamenin kabul edilmesi ve kovu\u015fturmaya ba\u015flanmas\u0131 ile birlikte taraf s\u0131fat\u0131n\u0131 kazanarak, iddian\u0131n savunucusu olur. Elbette Cumhuriyet savc\u0131s\u0131n\u0131n amac\u0131, hem soru\u015fturmada ve hem de kovu\u015fturmada maddi hakikate ve adalete ula\u015f\u0131lmas\u0131n\u0131 sa\u011flamakt\u0131r. \u0130deal olan, soru\u015fturmay\u0131 yap\u0131p iddianameyi d\u00fczenleyen Cumhuriyet savc\u0131s\u0131n\u0131n kovu\u015fturma a\u015famas\u0131nda da duru\u015fmalara kat\u0131larak iddianamesinin arkas\u0131nda durmas\u0131d\u0131r. Uygulamada ise genellikle kovu\u015fturma a\u015famas\u0131nda ba\u015fka bir Cumhuriyet Savc\u0131s\u0131 duru\u015fmalara kat\u0131lmakta, kendi haz\u0131rlamad\u0131\u011f\u0131 iddianamede g\u00f6sterilen iddia ve delilleri sahiplenmek durumunda kalmaktad\u0131r. Uzun s\u00fcren yarg\u0131lamalarda da s\u0131kl\u0131kla iddia makam\u0131nda bulunan Cumhuriyet savc\u0131lar\u0131n\u0131n de\u011fi\u015fti\u011fi g\u00f6r\u00fclmektedir. Bu yaz\u0131m\u0131zda k\u0131saca, a\u015fa\u011f\u0131da g\u00f6sterilen somut olay temelinde, Cumhuriyet savc\u0131s\u0131n\u0131n kendi m\u00fctalaas\u0131yla ba\u011fl\u0131 olup olmad\u0131\u011f\u0131 hususu tart\u0131\u015f\u0131lacakt\u0131r. \u00d6ncelikle belirtmeliyiz ki; Cumhuriyet savc\u0131s\u0131n\u0131n kovu\u015fturma a\u015famas\u0131ndaki g\u00f6revi her hal ve \u015fartta san\u0131\u011f\u0131n kar\u015f\u0131s\u0131nda, iddianame ve ma\u011fdur-kat\u0131lan\u0131n yan\u0131nda durmak de\u011fildir. \u0130ddianameyi d\u00fczenlemi\u015f dahi olsa, kovu\u015fturma sonunda olu\u015fan duruma g\u00f6re san\u0131k lehine &hellip;","og_url":"http:\/\/denizcankizil.tr\/de\/hukukihaber\/cumhuriyet-savcisi-mutalaa-ile-bagli-midir\/","og_site_name":"Av. Deniz Can K\u0131z\u0131l","article_published_time":"2025-06-03T16:30:00+00:00","author":"Hukuki Haber.net","twitter_card":"summary_large_image","twitter_misc":{"Verfasst von":"Hukuki Haber.net","Gesch\u00e4tzte Lesezeit":"10\u00a0Minuten"},"schema":{"@context":"https:\/\/schema.org","@graph":[{"@type":"Article","@id":"http:\/\/denizcankizil.tr\/de\/hukukihaber\/cumhuriyet-savcisi-mutalaa-ile-bagli-midir\/#article","isPartOf":{"@id":"http:\/\/denizcankizil.tr\/de\/hukukihaber\/cumhuriyet-savcisi-mutalaa-ile-bagli-midir\/"},"author":{"name":"Hukuki Haber.net","@id":"https:\/\/denizcankizil.tr\/#\/schema\/person\/001a271de994a0aa3f90eea084424822"},"headline":"Cumhuriyet Savc\u0131s\u0131 M\u00fctalaa ile Ba\u011fl\u0131 m\u0131d\u0131r?","datePublished":"2025-06-03T16:30:00+00:00","mainEntityOfPage":{"@id":"http:\/\/denizcankizil.tr\/de\/hukukihaber\/cumhuriyet-savcisi-mutalaa-ile-bagli-midir\/"},"wordCount":2071,"publisher":{"@id":"https:\/\/denizcankizil.tr\/#organization"},"articleSection":["Hukuki Haberler"],"inLanguage":"de"},{"@type":"WebPage","@id":"http:\/\/denizcankizil.tr\/de\/hukukihaber\/cumhuriyet-savcisi-mutalaa-ile-bagli-midir\/","url":"http:\/\/denizcankizil.tr\/de\/hukukihaber\/cumhuriyet-savcisi-mutalaa-ile-bagli-midir\/","name":"Cumhuriyet Savc\u0131s\u0131 M\u00fctalaa ile Ba\u011fl\u0131 m\u0131d\u0131r? - Av. Deniz Can K\u0131z\u0131l","isPartOf":{"@id":"https:\/\/denizcankizil.tr\/#website"},"datePublished":"2025-06-03T16:30:00+00:00","breadcrumb":{"@id":"http:\/\/denizcankizil.tr\/de\/hukukihaber\/cumhuriyet-savcisi-mutalaa-ile-bagli-midir\/#breadcrumb"},"inLanguage":"de","potentialAction":[{"@type":"ReadAction","target":["http:\/\/denizcankizil.tr\/de\/hukukihaber\/cumhuriyet-savcisi-mutalaa-ile-bagli-midir\/"]}]},{"@type":"BreadcrumbList","@id":"http:\/\/denizcankizil.tr\/de\/hukukihaber\/cumhuriyet-savcisi-mutalaa-ile-bagli-midir\/#breadcrumb","itemListElement":[{"@type":"ListItem","position":1,"name":"Home","item":"https:\/\/denizcankizil.tr\/de\/"},{"@type":"ListItem","position":2,"name":"Cumhuriyet Savc\u0131s\u0131 M\u00fctalaa ile Ba\u011fl\u0131 m\u0131d\u0131r?"}]},{"@type":"WebSite","@id":"https:\/\/denizcankizil.tr\/#website","url":"https:\/\/denizcankizil.tr\/","name":"Av. Deniz Can K\u0131z\u0131l","description":"Avukat Deniz Can K\u0131z\u0131l Antalya Barosu","publisher":{"@id":"https:\/\/denizcankizil.tr\/#organization"},"potentialAction":[{"@type":"SearchAction","target":{"@type":"EntryPoint","urlTemplate":"https:\/\/denizcankizil.tr\/?s={search_term_string}"},"query-input":{"@type":"PropertyValueSpecification","valueRequired":true,"valueName":"search_term_string"}}],"inLanguage":"de"},{"@type":"Organization","@id":"https:\/\/denizcankizil.tr\/#organization","name":"Av. Deniz Can K\u0131z\u0131l","url":"https:\/\/denizcankizil.tr\/","logo":{"@type":"ImageObject","inLanguage":"de","@id":"https:\/\/denizcankizil.tr\/#\/schema\/logo\/image\/","url":"http:\/\/denizcankizil.tr\/wp-content\/uploads\/2024\/10\/siyah-logo-svg.svg","contentUrl":"http:\/\/denizcankizil.tr\/wp-content\/uploads\/2024\/10\/siyah-logo-svg.svg","width":1080,"height":1080,"caption":"Av. Deniz Can K\u0131z\u0131l"},"image":{"@id":"https:\/\/denizcankizil.tr\/#\/schema\/logo\/image\/"}},{"@type":"Person","@id":"https:\/\/denizcankizil.tr\/#\/schema\/person\/001a271de994a0aa3f90eea084424822","name":"Hukuki Haber.net","image":{"@type":"ImageObject","inLanguage":"de","@id":"https:\/\/denizcankizil.tr\/#\/schema\/person\/image\/","url":"https:\/\/secure.gravatar.com\/avatar\/57d8a49151495586611a149d29fc42865b951dc053a84709a3172ccb5abf3118?s=96&d=mm&r=g","contentUrl":"https:\/\/secure.gravatar.com\/avatar\/57d8a49151495586611a149d29fc42865b951dc053a84709a3172ccb5abf3118?s=96&d=mm&r=g","caption":"Hukuki Haber.net"},"sameAs":["http:\/\/www.hukukihaber.net"],"url":"https:\/\/www.hukukihaber.net\/cumhuriyet-savcisi-mutalaa-ile-bagli-midir"}]}},"_links":{"self":[{"href":"http:\/\/denizcankizil.tr\/de\/wp-json\/wp\/v2\/posts\/107160","targetHints":{"allow":["GET"]}}],"collection":[{"href":"http:\/\/denizcankizil.tr\/de\/wp-json\/wp\/v2\/posts"}],"about":[{"href":"http:\/\/denizcankizil.tr\/de\/wp-json\/wp\/v2\/types\/post"}],"author":[{"embeddable":true,"href":"http:\/\/denizcankizil.tr\/de\/wp-json\/wp\/v2\/users\/3"}],"replies":[{"embeddable":true,"href":"http:\/\/denizcankizil.tr\/de\/wp-json\/wp\/v2\/comments?post=107160"}],"version-history":[{"count":0,"href":"http:\/\/denizcankizil.tr\/de\/wp-json\/wp\/v2\/posts\/107160\/revisions"}],"wp:attachment":[{"href":"http:\/\/denizcankizil.tr\/de\/wp-json\/wp\/v2\/media?parent=107160"}],"wp:term":[{"taxonomy":"category","embeddable":true,"href":"http:\/\/denizcankizil.tr\/de\/wp-json\/wp\/v2\/categories?post=107160"},{"taxonomy":"post_tag","embeddable":true,"href":"http:\/\/denizcankizil.tr\/de\/wp-json\/wp\/v2\/tags?post=107160"}],"curies":[{"name":"wp","href":"https:\/\/api.w.org\/{rel}","templated":true}]}}