{"id":106408,"date":"2025-06-04T16:44:27","date_gmt":"2025-06-04T13:44:27","guid":{"rendered":"https:\/\/denizcankizil.tr\/uncategorized-tr\/mugla-buyuksehir-belediyesi-bayram-hazirliklarini-tamamladi\/"},"modified":"2025-06-04T16:44:27","modified_gmt":"2025-06-04T13:44:27","slug":"mugla-buyuksehir-belediyesi-bayram-hazirliklarini-tamamladi","status":"publish","type":"post","link":"http:\/\/denizcankizil.tr\/de\/haberler\/gundem\/mugla-buyuksehir-belediyesi-bayram-hazirliklarini-tamamladi\/","title":{"rendered":"Mu\u011fla B\u00fcy\u00fck\u015fehir Belediyesi bayram haz\u0131rl\u0131klar\u0131n\u0131 tamamlad\u0131"},"content":{"rendered":"<p>Mu\u011fla B\u00fcy\u00fck\u015fehir Belediyesi, yakla\u015fan Kurban Bayram\u0131 \u00f6ncesinde il genelinde vatanda\u015flar\u0131n huzurlu, g\u00fcvenli ve sa\u011fl\u0131kl\u0131 bir bayram ge\u00e7irmesi i\u00e7in t\u00fcm birimleriyle kapsaml\u0131 haz\u0131rl\u0131klar\u0131n\u0131 tamamlad\u0131.MU\u011eLA (\u0130GFA) &#8211; Toplu ula\u015f\u0131mda \u00fccretsiz seferlerden mezarl\u0131k temizliklerine, sa\u011fl\u0131k desteklerinden zab\u0131ta denetimlerine kadar geni\u015f bir alanda y\u00fcr\u00fct\u00fclen \u00e7al\u0131\u015fmalarla, bayram s\u00fcresince olas\u0131 aksakl\u0131klar\u0131n \u00f6n\u00fcne ge\u00e7ilmesi hedefleniyor. Belediye ekipleri, 13 il\u00e7ede 7\/24 esas\u0131na g\u00f6re g\u00f6rev ba\u015f\u0131nda olacak.<br \/>\nTOPLU TA\u015eIMA \u00dcCRETS\u0130Z OLACAK<br \/>\nB\u00fcy\u00fck\u015fehir Belediyesi\u2019ne ba\u011fl\u0131 MUTTA\u015e toplu ta\u015f\u0131ma ara\u00e7lar\u0131 Kurban Bayram\u0131 s\u00fcresince \u00fccretsiz hizmet verecek. 6 Haziran Cuma g\u00fcn\u00fc ba\u015flayacak uygulama, 9 Haziran Pazartesi g\u00fcn\u00fc saat 00.00\u2019a kadar devam edecek. Sefer saatleri ve g\u00fczerg\u00e2hlarla ilgili detayl\u0131 bilgiye www.mugla.bel.tr adresinden ula\u015f\u0131labilecek.<br \/>\nSA\u011eLIK EK\u0130PLER\u0130 BAYRAMDA G\u00d6REV BA\u015eINDA<br \/>\nEvde bak\u0131m hizmeti kapsam\u0131nda hasta, engelli ve yata\u011fa ba\u011f\u0131ml\u0131 vatanda\u015flar\u0131n t\u0131ra\u015f, pansuman, enjeksiyon ve ila\u00e7 temini gibi ihtiya\u00e7lar\u0131 bayram boyunca kar\u015f\u0131lanacak. Hasta nakil ambulans\u0131 hizmetiyle acil hastalar evlerinden al\u0131narak hastaneye ula\u015ft\u0131r\u0131lacak, i\u015flemleri sonras\u0131 tekrar evlerine b\u0131rak\u0131lacak.<br \/>\nB\u00fcy\u00fck\u015fehir \u00c7a\u011fr\u0131 Merkezi ise bayram boyunca 7 g\u00fcn 24 saat kesintisiz hizmet verecek.<br \/>\nMEZARLIKLAR TEM\u0130ZLEND\u0130, BAKIMLAR TAMAMLANDI<br \/>\nMu\u011fla\u2019n\u0131n 13 il\u00e7esinde 1426 mezarl\u0131k alan\u0131nda temizlik, bak\u0131m, onar\u0131m ve yabani ot ila\u00e7lama \u00e7al\u0131\u015fmalar\u0131 tamamland\u0131. Bayram ziyaretleri \u00f6ncesinde yap\u0131lan bu \u00e7al\u0131\u015fmalarla mezarl\u0131k alanlar\u0131 daha d\u00fczenli ve ziyaret edilebilir hale getirildi.<br \/>\nMUSK\u0130 7\/24 N\u00d6BETTE<br \/>\nMu\u011fla Su ve Kanalizasyon \u0130daresi (MUSK\u0130), bayram s\u00fcresince meydana gelebilecek ar\u0131za ve su kesintilerine kar\u015f\u0131 t\u00fcm il\u00e7elerde n\u00f6bet\u00e7i ekiplerle haz\u0131r olacak. Depo ve \u015febeke hatlar\u0131nda bak\u0131m ve kontroller tamamlanarak olas\u0131 su sorunlar\u0131n\u0131n \u00f6n\u00fcne ge\u00e7ilmesi ama\u00e7land\u0131.<br \/>\nZABITA VE \u0130TFA\u0130YE EK\u0130PLER\u0130 DENET\u0130MDE VE G\u00d6REVDE<br \/>\nZab\u0131ta ekipleri, bayram \u00f6ncesinde ekmek ve pide f\u0131r\u0131nlar\u0131 ile pastanelerde hijyen, gramaj ve \u00fcr\u00fcn kalitesine y\u00f6nelik denetimlerini s\u0131kla\u015ft\u0131rd\u0131. \u0130tfaiye ekipleri de acil durumlara h\u0131zl\u0131 m\u00fcdahale i\u00e7in bayram s\u00fcresince g\u00f6rev ba\u015f\u0131nda olacak.<br \/>\nBA\u015eKAN ARAS: \u201cT\u00dcM HAZIRLIKLARIMIZ VATANDA\u015eLARIMIZIN HUZURU \u0130\u00c7\u0130N\u201d<br \/>\nK\u0131y\u0131 Ege Belediyeler Birli\u011fi ve Mu\u011fla B\u00fcy\u00fck\u015fehir Belediye Ba\u015fkan\u0131 Ahmet Aras, Kurban Bayram\u0131 \u00f6ncesi yap\u0131lan \u00e7al\u0131\u015fmalarla ilgili olarak \u015fu ifadeleri kulland\u0131: \u201cBayramlar, birlik ve beraberli\u011fin, dayan\u0131\u015fma ve karde\u015fli\u011fin en yo\u011fun \u015fekilde hissedildi\u011fi \u00f6zel g\u00fcnlerdir. Mu\u011fla B\u00fcy\u00fck\u015fehir Belediyesi olarak t\u00fcm birimlerimizle halk\u0131m\u0131z\u0131n huzurlu, g\u00fcvenli ve sa\u011fl\u0131kl\u0131 bir bayram ge\u00e7irmesi i\u00e7in haz\u0131rl\u0131klar\u0131m\u0131z\u0131 titizlikle tamamlad\u0131k. Toplu ula\u015f\u0131mdan sa\u011fl\u0131k hizmetlerine, mezarl\u0131k d\u00fczenlemelerinden zab\u0131ta denetimlerine kadar geni\u015f bir yelpazede kentimizin her k\u00f6\u015fesinde vatanda\u015flar\u0131m\u0131z\u0131n yan\u0131nday\u0131z. 13 il\u00e7emizde ekiplerimiz bayram s\u00fcresince 7 g\u00fcn 24 saat g\u00f6rev ba\u015f\u0131nda olacak. T\u00fcm vatanda\u015flar\u0131m\u0131z\u0131n Kurban Bayram\u0131\u2019n\u0131 en i\u00e7ten dileklerimle kutluyor, sa\u011fl\u0131k ve mutluluk i\u00e7inde bir bayram ge\u00e7irmelerini temenni ediyorum.\u201d<\/p>\n<p>\u200bMu\u011fla B\u00fcy\u00fck\u015fehir Belediyesi, yakla\u015fan Kurban Bayram\u0131 \u00f6ncesinde il genelinde vatanda\u015flar\u0131n huzurlu, g\u00fcvenli ve sa\u011fl\u0131kl\u0131 bir bayram ge\u00e7irmesi i\u00e7in t\u00fcm birimleriyle kapsaml\u0131 haz\u0131rl\u0131klar\u0131n\u0131 tamamlad\u0131.MU\u011eLA (\u0130GFA) &#8211; Toplu ula\u015f\u0131mda \u00fccretsiz seferlerden mezarl\u0131k temizliklerine, sa\u011fl\u0131k desteklerinden zab\u0131ta denetimlerine kadar geni\u015f bir alanda y\u00fcr\u00fct\u00fclen \u00e7al\u0131\u015fmalarla, bayram s\u00fcresince olas\u0131 aksakl\u0131klar\u0131n \u00f6n\u00fcne ge\u00e7ilmesi hedefleniyor. Belediye ekipleri, 13 il\u00e7ede 7\/24 esas\u0131na g\u00f6re g\u00f6rev ba\u015f\u0131nda olacak.<br \/>\nTOPLU TA\u015eIMA \u00dcCRETS\u0130Z OLACAK<br \/>\nB\u00fcy\u00fck\u015fehir Belediyesi\u2019ne ba\u011fl\u0131 MUTTA\u015e toplu ta\u015f\u0131ma ara\u00e7lar\u0131 Kurban Bayram\u0131 s\u00fcresince \u00fccretsiz hizmet verecek. 6 Haziran Cuma g\u00fcn\u00fc ba\u015flayacak uygulama, 9 Haziran Pazartesi g\u00fcn\u00fc saat 00.00\u2019a kadar devam edecek. Sefer saatleri ve g\u00fczerg\u00e2hlarla ilgili detayl\u0131 bilgiye www.mugla.bel.tr adresinden ula\u015f\u0131labilecek.<br \/>\nSA\u011eLIK EK\u0130PLER\u0130 BAYRAMDA G\u00d6REV BA\u015eINDA<br \/>\nEvde bak\u0131m hizmeti kapsam\u0131nda hasta, engelli ve yata\u011fa ba\u011f\u0131ml\u0131 vatanda\u015flar\u0131n t\u0131ra\u015f, pansuman, enjeksiyon ve ila\u00e7 temini gibi ihtiya\u00e7lar\u0131 bayram boyunca kar\u015f\u0131lanacak. Hasta nakil ambulans\u0131 hizmetiyle acil hastalar evlerinden al\u0131narak hastaneye ula\u015ft\u0131r\u0131lacak, i\u015flemleri sonras\u0131 tekrar evlerine b\u0131rak\u0131lacak.<br \/>\nB\u00fcy\u00fck\u015fehir \u00c7a\u011fr\u0131 Merkezi ise bayram boyunca 7 g\u00fcn 24 saat kesintisiz hizmet verecek.<br \/>\nMEZARLIKLAR TEM\u0130ZLEND\u0130, BAKIMLAR TAMAMLANDI<br \/>\nMu\u011fla\u2019n\u0131n 13 il\u00e7esinde 1426 mezarl\u0131k alan\u0131nda temizlik, bak\u0131m, onar\u0131m ve yabani ot ila\u00e7lama \u00e7al\u0131\u015fmalar\u0131 tamamland\u0131. Bayram ziyaretleri \u00f6ncesinde yap\u0131lan bu \u00e7al\u0131\u015fmalarla mezarl\u0131k alanlar\u0131 daha d\u00fczenli ve ziyaret edilebilir hale getirildi.<br \/>\nMUSK\u0130 7\/24 N\u00d6BETTE<br \/>\nMu\u011fla Su ve Kanalizasyon \u0130daresi (MUSK\u0130), bayram s\u00fcresince meydana gelebilecek ar\u0131za ve su kesintilerine kar\u015f\u0131 t\u00fcm il\u00e7elerde n\u00f6bet\u00e7i ekiplerle haz\u0131r olacak. Depo ve \u015febeke hatlar\u0131nda bak\u0131m ve kontroller tamamlanarak olas\u0131 su sorunlar\u0131n\u0131n \u00f6n\u00fcne ge\u00e7ilmesi ama\u00e7land\u0131.<br \/>\nZABITA VE \u0130TFA\u0130YE EK\u0130PLER\u0130 DENET\u0130MDE VE G\u00d6REVDE<br \/>\nZab\u0131ta ekipleri, bayram \u00f6ncesinde ekmek ve pide f\u0131r\u0131nlar\u0131 ile pastanelerde hijyen, gramaj ve \u00fcr\u00fcn kalitesine y\u00f6nelik denetimlerini s\u0131kla\u015ft\u0131rd\u0131. \u0130tfaiye ekipleri de acil durumlara h\u0131zl\u0131 m\u00fcdahale i\u00e7in bayram s\u00fcresince g\u00f6rev ba\u015f\u0131nda olacak.<br \/>\nBA\u015eKAN ARAS: \u201cT\u00dcM HAZIRLIKLARIMIZ VATANDA\u015eLARIMIZIN HUZURU \u0130\u00c7\u0130N\u201d<br \/>\nK\u0131y\u0131 Ege Belediyeler Birli\u011fi ve Mu\u011fla B\u00fcy\u00fck\u015fehir Belediye Ba\u015fkan\u0131 Ahmet Aras, Kurban Bayram\u0131 \u00f6ncesi yap\u0131lan \u00e7al\u0131\u015fmalarla ilgili olarak \u015fu ifadeleri kulland\u0131: \u201cBayramlar, birlik ve beraberli\u011fin, dayan\u0131\u015fma ve karde\u015fli\u011fin en yo\u011fun \u015fekilde hissedildi\u011fi \u00f6zel g\u00fcnlerdir. Mu\u011fla B\u00fcy\u00fck\u015fehir Belediyesi olarak t\u00fcm birimlerimizle halk\u0131m\u0131z\u0131n huzurlu, g\u00fcvenli ve sa\u011fl\u0131kl\u0131 bir bayram ge\u00e7irmesi i\u00e7in haz\u0131rl\u0131klar\u0131m\u0131z\u0131 titizlikle tamamlad\u0131k. Toplu ula\u015f\u0131mdan sa\u011fl\u0131k hizmetlerine, mezarl\u0131k d\u00fczenlemelerinden zab\u0131ta denetimlerine kadar geni\u015f bir yelpazede kentimizin her k\u00f6\u015fesinde vatanda\u015flar\u0131m\u0131z\u0131n yan\u0131nday\u0131z. 13 il\u00e7emizde ekiplerimiz bayram s\u00fcresince 7 g\u00fcn 24 saat g\u00f6rev ba\u015f\u0131nda olacak. T\u00fcm vatanda\u015flar\u0131m\u0131z\u0131n Kurban Bayram\u0131\u2019n\u0131 en i\u00e7ten dileklerimle kutluyor, sa\u011fl\u0131k ve mutluluk i\u00e7inde bir bayram ge\u00e7irmelerini temenni ediyorum.\u201d\u00a0<\/p>\n<p>\u200bHaberin Al\u0131nt\u0131land\u0131\u011f\u0131 Kaynak: www.iskenderun.org<\/p>","protected":false},"excerpt":{"rendered":"<p>Mu\u011fla B\u00fcy\u00fck\u015fehir Belediyesi, yakla\u015fan Kurban Bayram\u0131 \u00f6ncesinde il genelinde vatanda\u015flar\u0131n huzurlu, g\u00fcvenli ve sa\u011fl\u0131kl\u0131 bir bayram ge\u00e7irmesi i\u00e7in t\u00fcm birimleriyle kapsaml\u0131 haz\u0131rl\u0131klar\u0131n\u0131 tamamlad\u0131.MU\u011eLA (\u0130GFA) &#8211; Toplu ula\u015f\u0131mda \u00fccretsiz seferlerden mezarl\u0131k temizliklerine, sa\u011fl\u0131k desteklerinden zab\u0131ta denetimlerine kadar geni\u015f bir alanda y\u00fcr\u00fct\u00fclen \u00e7al\u0131\u015fmalarla, bayram s\u00fcresince olas\u0131 aksakl\u0131klar\u0131n \u00f6n\u00fcne ge\u00e7ilmesi hedefleniyor. Belediye ekipleri, 13 il\u00e7ede 7\/24 esas\u0131na g\u00f6re g\u00f6rev ba\u015f\u0131nda olacak. TOPLU TA\u015eIMA \u00dcCRETS\u0130Z OLACAK B\u00fcy\u00fck\u015fehir Belediyesi\u2019ne ba\u011fl\u0131 MUTTA\u015e toplu ta\u015f\u0131ma ara\u00e7lar\u0131 Kurban Bayram\u0131 s\u00fcresince \u00fccretsiz hizmet verecek. 6 Haziran Cuma g\u00fcn\u00fc ba\u015flayacak uygulama, 9 Haziran Pazartesi g\u00fcn\u00fc saat 00.00\u2019a kadar devam edecek. Sefer saatleri ve g\u00fczerg\u00e2hlarla ilgili detayl\u0131 bilgiye www.mugla.bel.tr adresinden ula\u015f\u0131labilecek. SA\u011eLIK EK\u0130PLER\u0130 BAYRAMDA G\u00d6REV BA\u015eINDA Evde bak\u0131m hizmeti kapsam\u0131nda hasta, engelli ve yata\u011fa ba\u011f\u0131ml\u0131 vatanda\u015flar\u0131n t\u0131ra\u015f, pansuman, enjeksiyon ve ila\u00e7 temini gibi ihtiya\u00e7lar\u0131 bayram boyunca kar\u015f\u0131lanacak. Hasta nakil ambulans\u0131 hizmetiyle acil hastalar evlerinden al\u0131narak hastaneye ula\u015ft\u0131r\u0131lacak, i\u015flemleri sonras\u0131 tekrar evlerine b\u0131rak\u0131lacak. B\u00fcy\u00fck\u015fehir \u00c7a\u011fr\u0131 Merkezi ise bayram boyunca 7 g\u00fcn 24 saat kesintisiz hizmet verecek. MEZARLIKLAR TEM\u0130ZLEND\u0130, BAKIMLAR TAMAMLANDI Mu\u011fla\u2019n\u0131n 13 il\u00e7esinde 1426 mezarl\u0131k alan\u0131nda temizlik, bak\u0131m, onar\u0131m ve yabani ot ila\u00e7lama \u00e7al\u0131\u015fmalar\u0131 tamamland\u0131. Bayram ziyaretleri \u00f6ncesinde yap\u0131lan bu \u00e7al\u0131\u015fmalarla mezarl\u0131k alanlar\u0131 daha d\u00fczenli ve ziyaret edilebilir hale getirildi. MUSK\u0130 7\/24 N\u00d6BETTE Mu\u011fla Su ve Kanalizasyon \u0130daresi (MUSK\u0130), bayram s\u00fcresince meydana &hellip;<\/p>","protected":false},"author":1,"featured_media":0,"comment_status":"","ping_status":"open","sticky":false,"template":"","format":"standard","meta":{"_acf_changed":false,"footnotes":""},"categories":[24],"tags":[],"class_list":["post-106408","post","type-post","status-publish","format-standard","has-post-thumbnail","hentry","category-gundem"],"acf":[],"yoast_head":"<!-- This site is optimized with the Yoast SEO Premium plugin v26.6 (Yoast SEO v27.1.1) - https:\/\/yoast.com\/product\/yoast-seo-premium-wordpress\/ -->\n<title>Mu\u011fla B\u00fcy\u00fck\u015fehir Belediyesi bayram haz\u0131rl\u0131klar\u0131n\u0131 tamamlad\u0131 - Av. Deniz Can K\u0131z\u0131l<\/title>\n<meta name=\"robots\" content=\"index, follow, max-snippet:-1, max-image-preview:large, max-video-preview:-1\" \/>\n<link rel=\"canonical\" href=\"http:\/\/denizcankizil.tr\/de\/haberler\/gundem\/mugla-buyuksehir-belediyesi-bayram-hazirliklarini-tamamladi\/\" \/>\n<meta property=\"og:locale\" content=\"de_DE\" \/>\n<meta property=\"og:type\" content=\"article\" \/>\n<meta property=\"og:title\" content=\"Mu\u011fla B\u00fcy\u00fck\u015fehir Belediyesi bayram haz\u0131rl\u0131klar\u0131n\u0131 tamamlad\u0131\" \/>\n<meta property=\"og:description\" content=\"Mu\u011fla B\u00fcy\u00fck\u015fehir Belediyesi, yakla\u015fan Kurban Bayram\u0131 \u00f6ncesinde il genelinde vatanda\u015flar\u0131n huzurlu, g\u00fcvenli ve sa\u011fl\u0131kl\u0131 bir bayram ge\u00e7irmesi i\u00e7in t\u00fcm birimleriyle kapsaml\u0131 haz\u0131rl\u0131klar\u0131n\u0131 tamamlad\u0131.MU\u011eLA (\u0130GFA) &#8211; Toplu ula\u015f\u0131mda \u00fccretsiz seferlerden mezarl\u0131k temizliklerine, sa\u011fl\u0131k desteklerinden zab\u0131ta denetimlerine kadar geni\u015f bir alanda y\u00fcr\u00fct\u00fclen \u00e7al\u0131\u015fmalarla, bayram s\u00fcresince olas\u0131 aksakl\u0131klar\u0131n \u00f6n\u00fcne ge\u00e7ilmesi hedefleniyor. Belediye ekipleri, 13 il\u00e7ede 7\/24 esas\u0131na g\u00f6re g\u00f6rev ba\u015f\u0131nda olacak. TOPLU TA\u015eIMA \u00dcCRETS\u0130Z OLACAK B\u00fcy\u00fck\u015fehir Belediyesi\u2019ne ba\u011fl\u0131 MUTTA\u015e toplu ta\u015f\u0131ma ara\u00e7lar\u0131 Kurban Bayram\u0131 s\u00fcresince \u00fccretsiz hizmet verecek. 6 Haziran Cuma g\u00fcn\u00fc ba\u015flayacak uygulama, 9 Haziran Pazartesi g\u00fcn\u00fc saat 00.00\u2019a kadar devam edecek. Sefer saatleri ve g\u00fczerg\u00e2hlarla ilgili detayl\u0131 bilgiye www.mugla.bel.tr adresinden ula\u015f\u0131labilecek. SA\u011eLIK EK\u0130PLER\u0130 BAYRAMDA G\u00d6REV BA\u015eINDA Evde bak\u0131m hizmeti kapsam\u0131nda hasta, engelli ve yata\u011fa ba\u011f\u0131ml\u0131 vatanda\u015flar\u0131n t\u0131ra\u015f, pansuman, enjeksiyon ve ila\u00e7 temini gibi ihtiya\u00e7lar\u0131 bayram boyunca kar\u015f\u0131lanacak. Hasta nakil ambulans\u0131 hizmetiyle acil hastalar evlerinden al\u0131narak hastaneye ula\u015ft\u0131r\u0131lacak, i\u015flemleri sonras\u0131 tekrar evlerine b\u0131rak\u0131lacak. B\u00fcy\u00fck\u015fehir \u00c7a\u011fr\u0131 Merkezi ise bayram boyunca 7 g\u00fcn 24 saat kesintisiz hizmet verecek. MEZARLIKLAR TEM\u0130ZLEND\u0130, BAKIMLAR TAMAMLANDI Mu\u011fla\u2019n\u0131n 13 il\u00e7esinde 1426 mezarl\u0131k alan\u0131nda temizlik, bak\u0131m, onar\u0131m ve yabani ot ila\u00e7lama \u00e7al\u0131\u015fmalar\u0131 tamamland\u0131. Bayram ziyaretleri \u00f6ncesinde yap\u0131lan bu \u00e7al\u0131\u015fmalarla mezarl\u0131k alanlar\u0131 daha d\u00fczenli ve ziyaret edilebilir hale getirildi. MUSK\u0130 7\/24 N\u00d6BETTE Mu\u011fla Su ve Kanalizasyon \u0130daresi (MUSK\u0130), bayram s\u00fcresince meydana &hellip;\" \/>\n<meta property=\"og:url\" content=\"http:\/\/denizcankizil.tr\/de\/haberler\/gundem\/mugla-buyuksehir-belediyesi-bayram-hazirliklarini-tamamladi\/\" \/>\n<meta property=\"og:site_name\" content=\"Av. Deniz Can K\u0131z\u0131l\" \/>\n<meta property=\"article:published_time\" content=\"2025-06-04T13:44:27+00:00\" \/>\n<meta name=\"author\" content=\"admin\" \/>\n<meta name=\"twitter:card\" content=\"summary_large_image\" \/>\n<meta name=\"twitter:label1\" content=\"Verfasst von\" \/>\n\t<meta name=\"twitter:data1\" content=\"admin\" \/>\n\t<meta name=\"twitter:label2\" content=\"Gesch\u00e4tzte Lesezeit\" \/>\n\t<meta name=\"twitter:data2\" content=\"6\u00a0Minuten\" \/>\n<script type=\"application\/ld+json\" class=\"yoast-schema-graph\">{\"@context\":\"https:\/\/schema.org\",\"@graph\":[{\"@type\":\"Article\",\"@id\":\"http:\/\/denizcankizil.tr\/uk\/haberler\/gundem\/mugla-buyuksehir-belediyesi-bayram-hazirliklarini-tamamladi\/#article\",\"isPartOf\":{\"@id\":\"http:\/\/denizcankizil.tr\/uk\/haberler\/gundem\/mugla-buyuksehir-belediyesi-bayram-hazirliklarini-tamamladi\/\"},\"author\":{\"name\":\"admin\",\"@id\":\"https:\/\/denizcankizil.tr\/de\/#\/schema\/person\/be3c05fe6a12686905512445d8185489\"},\"headline\":\"Mu\u011fla B\u00fcy\u00fck\u015fehir Belediyesi bayram haz\u0131rl\u0131klar\u0131n\u0131 tamamlad\u0131\",\"datePublished\":\"2025-06-04T13:44:27+00:00\",\"mainEntityOfPage\":{\"@id\":\"http:\/\/denizcankizil.tr\/uk\/haberler\/gundem\/mugla-buyuksehir-belediyesi-bayram-hazirliklarini-tamamladi\/\"},\"wordCount\":1127,\"publisher\":{\"@id\":\"https:\/\/denizcankizil.tr\/de\/#organization\"},\"articleSection\":[\"G\u00fcndem\"],\"inLanguage\":\"de\"},{\"@type\":\"WebPage\",\"@id\":\"http:\/\/denizcankizil.tr\/uk\/haberler\/gundem\/mugla-buyuksehir-belediyesi-bayram-hazirliklarini-tamamladi\/\",\"url\":\"http:\/\/denizcankizil.tr\/uk\/haberler\/gundem\/mugla-buyuksehir-belediyesi-bayram-hazirliklarini-tamamladi\/\",\"name\":\"Mu\u011fla B\u00fcy\u00fck\u015fehir Belediyesi bayram haz\u0131rl\u0131klar\u0131n\u0131 tamamlad\u0131 - Av. Deniz Can K\u0131z\u0131l\",\"isPartOf\":{\"@id\":\"https:\/\/denizcankizil.tr\/de\/#website\"},\"datePublished\":\"2025-06-04T13:44:27+00:00\",\"breadcrumb\":{\"@id\":\"http:\/\/denizcankizil.tr\/uk\/haberler\/gundem\/mugla-buyuksehir-belediyesi-bayram-hazirliklarini-tamamladi\/#breadcrumb\"},\"inLanguage\":\"de\",\"potentialAction\":[{\"@type\":\"ReadAction\",\"target\":[\"http:\/\/denizcankizil.tr\/uk\/haberler\/gundem\/mugla-buyuksehir-belediyesi-bayram-hazirliklarini-tamamladi\/\"]}]},{\"@type\":\"BreadcrumbList\",\"@id\":\"http:\/\/denizcankizil.tr\/uk\/haberler\/gundem\/mugla-buyuksehir-belediyesi-bayram-hazirliklarini-tamamladi\/#breadcrumb\",\"itemListElement\":[{\"@type\":\"ListItem\",\"position\":1,\"name\":\"Home\",\"item\":\"https:\/\/denizcankizil.tr\/de\/\"},{\"@type\":\"ListItem\",\"position\":2,\"name\":\"Mu\u011fla B\u00fcy\u00fck\u015fehir Belediyesi bayram haz\u0131rl\u0131klar\u0131n\u0131 tamamlad\u0131\"}]},{\"@type\":\"WebSite\",\"@id\":\"https:\/\/denizcankizil.tr\/de\/#website\",\"url\":\"https:\/\/denizcankizil.tr\/de\/\",\"name\":\"Av. Deniz Can K\u0131z\u0131l\",\"description\":\"Avukat Deniz Can K\u0131z\u0131l Antalya Barosu\",\"publisher\":{\"@id\":\"https:\/\/denizcankizil.tr\/de\/#organization\"},\"potentialAction\":[{\"@type\":\"SearchAction\",\"target\":{\"@type\":\"EntryPoint\",\"urlTemplate\":\"https:\/\/denizcankizil.tr\/de\/?s={search_term_string}\"},\"query-input\":{\"@type\":\"PropertyValueSpecification\",\"valueRequired\":true,\"valueName\":\"search_term_string\"}}],\"inLanguage\":\"de\"},{\"@type\":\"Organization\",\"@id\":\"https:\/\/denizcankizil.tr\/de\/#organization\",\"name\":\"Av. Deniz Can K\u0131z\u0131l\",\"url\":\"https:\/\/denizcankizil.tr\/de\/\",\"logo\":{\"@type\":\"ImageObject\",\"inLanguage\":\"de\",\"@id\":\"https:\/\/denizcankizil.tr\/de\/#\/schema\/logo\/image\/\",\"url\":\"http:\/\/denizcankizil.tr\/wp-content\/uploads\/2024\/10\/siyah-logo-svg.svg\",\"contentUrl\":\"http:\/\/denizcankizil.tr\/wp-content\/uploads\/2024\/10\/siyah-logo-svg.svg\",\"width\":1080,\"height\":1080,\"caption\":\"Av. Deniz Can K\u0131z\u0131l\"},\"image\":{\"@id\":\"https:\/\/denizcankizil.tr\/de\/#\/schema\/logo\/image\/\"}},{\"@type\":\"Person\",\"@id\":\"https:\/\/denizcankizil.tr\/de\/#\/schema\/person\/be3c05fe6a12686905512445d8185489\",\"name\":\"admin\",\"image\":{\"@type\":\"ImageObject\",\"inLanguage\":\"de\",\"@id\":\"https:\/\/denizcankizil.tr\/de\/#\/schema\/person\/image\/\",\"url\":\"https:\/\/secure.gravatar.com\/avatar\/c1fce94c830dc79107e174f890d7210541c4a63e8e5d816341794a2151c9d58c?s=96&d=mm&r=g\",\"contentUrl\":\"https:\/\/secure.gravatar.com\/avatar\/c1fce94c830dc79107e174f890d7210541c4a63e8e5d816341794a2151c9d58c?s=96&d=mm&r=g\",\"caption\":\"admin\"},\"sameAs\":[\"http:\/\/denizcankizil.tr\"],\"url\":\"https:\/\/www.iskenderun.org\/mugla-buyuksehir-belediyesi-bayram-hazirliklarini-tamamladi\"}]}<\/script>\n<!-- \/ Yoast SEO Premium plugin. -->","yoast_head_json":{"title":"Mu\u011fla B\u00fcy\u00fck\u015fehir Belediyesi bayram haz\u0131rl\u0131klar\u0131n\u0131 tamamlad\u0131 - Av. Deniz Can K\u0131z\u0131l","robots":{"index":"index","follow":"follow","max-snippet":"max-snippet:-1","max-image-preview":"max-image-preview:large","max-video-preview":"max-video-preview:-1"},"canonical":"http:\/\/denizcankizil.tr\/de\/haberler\/gundem\/mugla-buyuksehir-belediyesi-bayram-hazirliklarini-tamamladi\/","og_locale":"de_DE","og_type":"article","og_title":"Mu\u011fla B\u00fcy\u00fck\u015fehir Belediyesi bayram haz\u0131rl\u0131klar\u0131n\u0131 tamamlad\u0131","og_description":"Mu\u011fla B\u00fcy\u00fck\u015fehir Belediyesi, yakla\u015fan Kurban Bayram\u0131 \u00f6ncesinde il genelinde vatanda\u015flar\u0131n huzurlu, g\u00fcvenli ve sa\u011fl\u0131kl\u0131 bir bayram ge\u00e7irmesi i\u00e7in t\u00fcm birimleriyle kapsaml\u0131 haz\u0131rl\u0131klar\u0131n\u0131 tamamlad\u0131.MU\u011eLA (\u0130GFA) &#8211; Toplu ula\u015f\u0131mda \u00fccretsiz seferlerden mezarl\u0131k temizliklerine, sa\u011fl\u0131k desteklerinden zab\u0131ta denetimlerine kadar geni\u015f bir alanda y\u00fcr\u00fct\u00fclen \u00e7al\u0131\u015fmalarla, bayram s\u00fcresince olas\u0131 aksakl\u0131klar\u0131n \u00f6n\u00fcne ge\u00e7ilmesi hedefleniyor. Belediye ekipleri, 13 il\u00e7ede 7\/24 esas\u0131na g\u00f6re g\u00f6rev ba\u015f\u0131nda olacak. TOPLU TA\u015eIMA \u00dcCRETS\u0130Z OLACAK B\u00fcy\u00fck\u015fehir Belediyesi\u2019ne ba\u011fl\u0131 MUTTA\u015e toplu ta\u015f\u0131ma ara\u00e7lar\u0131 Kurban Bayram\u0131 s\u00fcresince \u00fccretsiz hizmet verecek. 6 Haziran Cuma g\u00fcn\u00fc ba\u015flayacak uygulama, 9 Haziran Pazartesi g\u00fcn\u00fc saat 00.00\u2019a kadar devam edecek. Sefer saatleri ve g\u00fczerg\u00e2hlarla ilgili detayl\u0131 bilgiye www.mugla.bel.tr adresinden ula\u015f\u0131labilecek. SA\u011eLIK EK\u0130PLER\u0130 BAYRAMDA G\u00d6REV BA\u015eINDA Evde bak\u0131m hizmeti kapsam\u0131nda hasta, engelli ve yata\u011fa ba\u011f\u0131ml\u0131 vatanda\u015flar\u0131n t\u0131ra\u015f, pansuman, enjeksiyon ve ila\u00e7 temini gibi ihtiya\u00e7lar\u0131 bayram boyunca kar\u015f\u0131lanacak. Hasta nakil ambulans\u0131 hizmetiyle acil hastalar evlerinden al\u0131narak hastaneye ula\u015ft\u0131r\u0131lacak, i\u015flemleri sonras\u0131 tekrar evlerine b\u0131rak\u0131lacak. B\u00fcy\u00fck\u015fehir \u00c7a\u011fr\u0131 Merkezi ise bayram boyunca 7 g\u00fcn 24 saat kesintisiz hizmet verecek. MEZARLIKLAR TEM\u0130ZLEND\u0130, BAKIMLAR TAMAMLANDI Mu\u011fla\u2019n\u0131n 13 il\u00e7esinde 1426 mezarl\u0131k alan\u0131nda temizlik, bak\u0131m, onar\u0131m ve yabani ot ila\u00e7lama \u00e7al\u0131\u015fmalar\u0131 tamamland\u0131. Bayram ziyaretleri \u00f6ncesinde yap\u0131lan bu \u00e7al\u0131\u015fmalarla mezarl\u0131k alanlar\u0131 daha d\u00fczenli ve ziyaret edilebilir hale getirildi. MUSK\u0130 7\/24 N\u00d6BETTE Mu\u011fla Su ve Kanalizasyon \u0130daresi (MUSK\u0130), bayram s\u00fcresince meydana &hellip;","og_url":"http:\/\/denizcankizil.tr\/de\/haberler\/gundem\/mugla-buyuksehir-belediyesi-bayram-hazirliklarini-tamamladi\/","og_site_name":"Av. Deniz Can K\u0131z\u0131l","article_published_time":"2025-06-04T13:44:27+00:00","author":"admin","twitter_card":"summary_large_image","twitter_misc":{"Verfasst von":"admin","Gesch\u00e4tzte Lesezeit":"6\u00a0Minuten"},"schema":{"@context":"https:\/\/schema.org","@graph":[{"@type":"Article","@id":"http:\/\/denizcankizil.tr\/uk\/haberler\/gundem\/mugla-buyuksehir-belediyesi-bayram-hazirliklarini-tamamladi\/#article","isPartOf":{"@id":"http:\/\/denizcankizil.tr\/uk\/haberler\/gundem\/mugla-buyuksehir-belediyesi-bayram-hazirliklarini-tamamladi\/"},"author":{"name":"admin","@id":"https:\/\/denizcankizil.tr\/de\/#\/schema\/person\/be3c05fe6a12686905512445d8185489"},"headline":"Mu\u011fla B\u00fcy\u00fck\u015fehir Belediyesi bayram haz\u0131rl\u0131klar\u0131n\u0131 tamamlad\u0131","datePublished":"2025-06-04T13:44:27+00:00","mainEntityOfPage":{"@id":"http:\/\/denizcankizil.tr\/uk\/haberler\/gundem\/mugla-buyuksehir-belediyesi-bayram-hazirliklarini-tamamladi\/"},"wordCount":1127,"publisher":{"@id":"https:\/\/denizcankizil.tr\/de\/#organization"},"articleSection":["G\u00fcndem"],"inLanguage":"de"},{"@type":"WebPage","@id":"http:\/\/denizcankizil.tr\/uk\/haberler\/gundem\/mugla-buyuksehir-belediyesi-bayram-hazirliklarini-tamamladi\/","url":"http:\/\/denizcankizil.tr\/uk\/haberler\/gundem\/mugla-buyuksehir-belediyesi-bayram-hazirliklarini-tamamladi\/","name":"Mu\u011fla B\u00fcy\u00fck\u015fehir Belediyesi bayram haz\u0131rl\u0131klar\u0131n\u0131 tamamlad\u0131 - Av. Deniz Can K\u0131z\u0131l","isPartOf":{"@id":"https:\/\/denizcankizil.tr\/de\/#website"},"datePublished":"2025-06-04T13:44:27+00:00","breadcrumb":{"@id":"http:\/\/denizcankizil.tr\/uk\/haberler\/gundem\/mugla-buyuksehir-belediyesi-bayram-hazirliklarini-tamamladi\/#breadcrumb"},"inLanguage":"de","potentialAction":[{"@type":"ReadAction","target":["http:\/\/denizcankizil.tr\/uk\/haberler\/gundem\/mugla-buyuksehir-belediyesi-bayram-hazirliklarini-tamamladi\/"]}]},{"@type":"BreadcrumbList","@id":"http:\/\/denizcankizil.tr\/uk\/haberler\/gundem\/mugla-buyuksehir-belediyesi-bayram-hazirliklarini-tamamladi\/#breadcrumb","itemListElement":[{"@type":"ListItem","position":1,"name":"Home","item":"https:\/\/denizcankizil.tr\/de\/"},{"@type":"ListItem","position":2,"name":"Mu\u011fla B\u00fcy\u00fck\u015fehir Belediyesi bayram haz\u0131rl\u0131klar\u0131n\u0131 tamamlad\u0131"}]},{"@type":"WebSite","@id":"https:\/\/denizcankizil.tr\/de\/#website","url":"https:\/\/denizcankizil.tr\/de\/","name":"Av. Deniz Can K\u0131z\u0131l","description":"Avukat Deniz Can K\u0131z\u0131l Antalya Barosu","publisher":{"@id":"https:\/\/denizcankizil.tr\/de\/#organization"},"potentialAction":[{"@type":"SearchAction","target":{"@type":"EntryPoint","urlTemplate":"https:\/\/denizcankizil.tr\/de\/?s={search_term_string}"},"query-input":{"@type":"PropertyValueSpecification","valueRequired":true,"valueName":"search_term_string"}}],"inLanguage":"de"},{"@type":"Organization","@id":"https:\/\/denizcankizil.tr\/de\/#organization","name":"Av. Deniz Can K\u0131z\u0131l","url":"https:\/\/denizcankizil.tr\/de\/","logo":{"@type":"ImageObject","inLanguage":"de","@id":"https:\/\/denizcankizil.tr\/de\/#\/schema\/logo\/image\/","url":"http:\/\/denizcankizil.tr\/wp-content\/uploads\/2024\/10\/siyah-logo-svg.svg","contentUrl":"http:\/\/denizcankizil.tr\/wp-content\/uploads\/2024\/10\/siyah-logo-svg.svg","width":1080,"height":1080,"caption":"Av. Deniz Can K\u0131z\u0131l"},"image":{"@id":"https:\/\/denizcankizil.tr\/de\/#\/schema\/logo\/image\/"}},{"@type":"Person","@id":"https:\/\/denizcankizil.tr\/de\/#\/schema\/person\/be3c05fe6a12686905512445d8185489","name":"Administrator","image":{"@type":"ImageObject","inLanguage":"de","@id":"https:\/\/denizcankizil.tr\/de\/#\/schema\/person\/image\/","url":"https:\/\/secure.gravatar.com\/avatar\/c1fce94c830dc79107e174f890d7210541c4a63e8e5d816341794a2151c9d58c?s=96&d=mm&r=g","contentUrl":"https:\/\/secure.gravatar.com\/avatar\/c1fce94c830dc79107e174f890d7210541c4a63e8e5d816341794a2151c9d58c?s=96&d=mm&r=g","caption":"admin"},"sameAs":["http:\/\/denizcankizil.tr"],"url":"https:\/\/www.iskenderun.org\/mugla-buyuksehir-belediyesi-bayram-hazirliklarini-tamamladi"}]}},"_links":{"self":[{"href":"http:\/\/denizcankizil.tr\/de\/wp-json\/wp\/v2\/posts\/106408","targetHints":{"allow":["GET"]}}],"collection":[{"href":"http:\/\/denizcankizil.tr\/de\/wp-json\/wp\/v2\/posts"}],"about":[{"href":"http:\/\/denizcankizil.tr\/de\/wp-json\/wp\/v2\/types\/post"}],"author":[{"embeddable":true,"href":"http:\/\/denizcankizil.tr\/de\/wp-json\/wp\/v2\/users\/1"}],"replies":[{"embeddable":true,"href":"http:\/\/denizcankizil.tr\/de\/wp-json\/wp\/v2\/comments?post=106408"}],"version-history":[{"count":0,"href":"http:\/\/denizcankizil.tr\/de\/wp-json\/wp\/v2\/posts\/106408\/revisions"}],"wp:attachment":[{"href":"http:\/\/denizcankizil.tr\/de\/wp-json\/wp\/v2\/media?parent=106408"}],"wp:term":[{"taxonomy":"category","embeddable":true,"href":"http:\/\/denizcankizil.tr\/de\/wp-json\/wp\/v2\/categories?post=106408"},{"taxonomy":"post_tag","embeddable":true,"href":"http:\/\/denizcankizil.tr\/de\/wp-json\/wp\/v2\/tags?post=106408"}],"curies":[{"name":"wp","href":"https:\/\/api.w.org\/{rel}","templated":true}]}}