{"id":106309,"date":"2025-06-04T15:42:08","date_gmt":"2025-06-04T12:42:08","guid":{"rendered":"https:\/\/denizcankizil.tr\/uncategorized-tr\/izmirde-grev-sona-mi-eriyor-isciler-tis-yetkisini-verdi\/"},"modified":"2025-06-04T15:42:08","modified_gmt":"2025-06-04T12:42:08","slug":"izmirde-grev-sona-mi-eriyor-isciler-tis-yetkisini-verdi","status":"publish","type":"post","link":"http:\/\/denizcankizil.tr\/de\/haberler\/gundem\/izmirde-grev-sona-mi-eriyor-isciler-tis-yetkisini-verdi\/","title":{"rendered":"\u0130zmir\u2019de grev sona m\u0131 eriyor? \u0130\u015f\u00e7iler T\u0130S yetkisini verdi"},"content":{"rendered":"<p>\u0130zmir B\u00fcy\u00fck\u015fehir Belediyesi&#8217;ne ba\u011fl\u0131 i\u015ftiraklerde \u00e7al\u0131\u015fan 23 bin i\u015f\u00e7inin 7 g\u00fcn \u00f6nce ba\u015flatt\u0131\u011f\u0131 grevle ilgili fla\u015f bir geli\u015fme ya\u015fand\u0131. Grevin devam\u0131 yada tamamlanmas\u0131 noktas\u0131nda oylama yapan i\u015f\u00e7iler toplu s\u00f6zle\u015fmenin imzalama yetkisini sendika \u015fube y\u00f6neticilerine vermeyi kararla\u015ft\u0131rd\u0131.<\/p>\n<p>7 G\u00dcND\u00dcR DEVAM ED\u0130YORDU<\/p>\n<p>\u0130zmir B\u00fcy\u00fck\u015fehir Belediyesi ile D\u0130SK Genel-\u0130\u015f aras\u0131nda 23 bin \u00e7al\u0131\u015fan\u0131 ilgilendiren toplu i\u015f s\u00f6zle\u015fmesi g\u00f6r\u00fc\u015fmelerinden sonu\u00e7 \u00e7\u0131kmay\u0131nca \u0130ZELMAN, \u0130ZENERJ\u0130 ve Ege\u015fehir&#8217;de \u00e7al\u0131\u015fan binlerce i\u015f\u00e7i 29 May\u0131s g\u00fcn\u00fc greve gitti. 7 g\u00fcnd\u00fcr devam eden grevde, i\u015f\u00e7iler yapt\u0131klar\u0131 y\u00fcr\u00fcy\u00fc\u015f ve toplant\u0131larla, eylemlerinde att\u0131klar\u0131 sloganlarla seslerini duyurmaya \u00e7al\u0131\u015ft\u0131. Di\u011fer yandan, ba\u015fta ula\u015f\u0131m olmak \u00fczere bir\u00e7ok hizmetin durma noktas\u0131na geldi\u011fi \u0130zmir&#8217;de, ula\u015f\u0131mla birlikte \u00e7\u00f6plerin de toplanmamas\u0131 da vatanda\u015f\u0131 ma\u011fdur etti.<\/p>\n<p>&#8220;\u00d6RG\u00dcT\u00dcN \u0130K\u0130YE B\u00d6L\u00dcNECE\u011e\u0130N\u0130 G\u00d6RD\u00dcK&#8221;<\/p>\n<p>K\u00fclt\u00fcrpark&#8217;ta bulunan B\u00fcy\u00fck\u015fehir Belediyesi binas\u0131 \u00f6n\u00fcnde a\u00e7\u0131klama yapan Genel \u0130\u015f \u0130zmir 2 Nolu \u015eube Ba\u015fkan\u0131 Ercan G\u00fcl, &#8220;\u00d6rg\u00fct\u00fcn ikiye b\u00f6l\u00fcnece\u011fini g\u00f6rd\u00fc\u011f\u00fcm\u00fcz yerde bir karar almak zorunday\u0131z. E\u011fer bize yetki verirseniz T\u0130S&#8217;i son a\u015famas\u0131n\u0131 birlikte sa\u011flayaca\u011f\u0131z. Yetki vermezseniz kimseye al\u0131nmay\u0131z. Ba\u015far\u0131s\u0131zl\u0131\u011f\u0131n sonucuna katlan\u0131r\u0131z. Buralarda g\u00fc\u00e7l\u00fc olmak istiyorsak i\u015fverenin yar\u0131nlar\u0131nda sald\u0131r\u0131lar\u0131na kar\u015f\u0131 durmak istiyorsak bir arada durmal\u0131y\u0131z. Yetkiyi verdiniz, hangi anlamda verdiyseniz sayg\u0131 duyuyorum ama ben burada yar\u0131nlar\u0131 d\u00fc\u015f\u00fcnerek, sizleri d\u00fc\u015f\u00fcnerek, ekme\u011fimizi d\u00fc\u015f\u00fcnerek, temsilci arkada\u015flar\u0131m\u0131zdan ald\u0131\u011f\u0131m\u0131z karar do\u011frultusunda yaln\u0131zla\u015fmamak ad\u0131na \u0130ZELMAN&#8217;\u0131n imzalad\u0131\u011f\u0131 gibi bu T\u0130S&#8217;i imzalamak istiyoruz&#8221; dedi.<\/p>\n<p>&#8220;TEK DERD\u0130M\u0130Z E\u015e\u0130T \u0130\u015eE, E\u015e\u0130T \u00dcCRET ALMAKTI&#8221;<\/p>\n<p>G\u00fcl, 1 ve 3 Nolu \u015eubelerin g\u00f6r\u00fc\u015fmeye gitti\u011fini, kendilerine de haber geldi\u011finde gideceklerini s\u00f6yleyerek, &#8220;D\u00fcnk\u00fc yapm\u0131\u015f oldu\u011fumuz g\u00f6r\u00fc\u015fme neticesinde biz temsilciler kurulunu ger\u00e7ekle\u015ftirdik. Ufak bir p\u00fcr\u00fcz vard\u0131. O p\u00fcr\u00fcz h\u00e2l\u00e2 devam ediyor. \u015eu an CHP Genel Ba\u015fkan Yard\u0131mc\u0131lar\u0131 ile toplant\u0131 yap\u0131l\u0131yor. Ger\u00e7ekten takdire \u015fayan, bize yak\u0131\u015f\u0131r bir m\u00fccadele verdik. Tek derdimiz e\u015fit i\u015fe, e\u015fit \u00fccret almakt\u0131. Geldi\u011fimiz yerde talep edilenler e\u015fitli\u011fin enflasyondaki 19&#8217;la beraber 50 TL gibi bir fark kal\u0131yor. Bir \u00e7\u0131kmaz\u0131n i\u00e7inde \u00e7\u0131kar yol ar\u0131yoruz \u00e7\u00fcnk\u00fc 3 ve 1 Nolu \u015eubelerimiz g\u00f6r\u00fc\u015fmeye gitti. \u00d6nce onlarla sonra bizimle g\u00f6r\u00fc\u015fecekler. Biz de haber geldi\u011finde gidece\u011fiz. Saatler ge\u00e7tik\u00e7e ortam geriliyor&#8221; dedi.<\/p>\n<p>&#8220;T\u0130S&#8217;\u0130 \u0130MZALAMAK \u0130ST\u0130YORUZ&#8221;<\/p>\n<p>Alandaki i\u015f\u00e7ilere \u2018yetkiyi veriyor musunuz?&#8217; diye seslenen G\u00fcl, a\u00e7\u0131klamas\u0131nda \u015fu ifadelere yer verdi &#8220;Ayk\u0131r\u0131 davrand\u0131\u011f\u0131m\u0131zda neyle kar\u015f\u0131 kar\u015f\u0131ya olaca\u011f\u0131m\u0131z\u0131 biliyoruz. Genel Merkez m\u00fcdahale eder kayg\u0131lar\u0131 vard\u0131, bunlar\u0131n yanl\u0131\u015f oldu\u011fu g\u00f6r\u00fcld\u00fc. Yar\u0131nlara daha g\u00fc\u00e7l\u00fc girmek istiyorsak \u00f6nce \u00f6rg\u00fctl\u00fcl\u00fc\u011f\u00fc korumal\u0131y\u0131z. Belki i\u00e7inizden tepki g\u00f6steren olacakt\u0131r ancak ben sand\u0131k kurulmas\u0131ndan yana de\u011filim ancak bu \u015fekilde \u00f6rg\u00fct\u00fcn ikiye b\u00f6l\u00fcnece\u011fini g\u00f6rd\u00fc\u011f\u00fcm\u00fcz yerde bir karar almak zorunday\u0131z. E\u011fer bize yetki verirseniz T\u0130S&#8217;i son noktaya getirece\u011fiz. Yetki vermezseniz de k\u0131r\u0131lmay\u0131z. Buralarda g\u00fc\u00e7l\u00fc olmak istiyorsak i\u015fverenin yar\u0131nlar\u0131nda sald\u0131r\u0131lar\u0131na kar\u015f\u0131 durmak istiyorsak bir arada durmal\u0131y\u0131z. Bize imza yetkisini veriyor musunuz? Yetkiyi verdiniz, hangi anlamda verdiyseniz sayg\u0131 duyuyorum ama ben burada yar\u0131nlar\u0131 d\u00fc\u015f\u00fcnerek, yaln\u0131zla\u015fmamak ad\u0131na \u0130ZELMAN&#8217;\u0131n imzalad\u0131\u011f\u0131 gibi bu T\u0130S&#8217;i imzalamak istiyoruz. Bu g\u00fcveninizi asla bo\u015fa \u00e7\u0131karmayaca\u011f\u0131m.&#8221;<\/p>\n<p>\u200b\u0130zmir B\u00fcy\u00fck\u015fehir Belediyesi\u2019ne ba\u011fl\u0131 \u0130ZELMAN, \u0130ZENERJ\u0130 ve Ege\u015fehir \u015firketlerinde \u00e7al\u0131\u015fan 23 bin i\u015f\u00e7inin 7 g\u00fcnd\u00fcr s\u00fcren grevinde \u00f6nemli bir geli\u015fme ya\u015fand\u0131. \u0130\u015f\u00e7iler, toplu i\u015f s\u00f6zle\u015fmesinin (T\u0130S) imzalanmas\u0131 i\u00e7in yetkiyi sendika \u015fube y\u00f6neticilerine verdi. Sendika temsilcileri, grevin sonlanabilece\u011fini belirtti.\u00a0<\/p>\n<p>\u200bHaberin Al\u0131nt\u0131land\u0131\u011f\u0131 Kaynak: www.antalyakorfez.com<\/p>","protected":false},"excerpt":{"rendered":"<p>\u0130zmir B\u00fcy\u00fck\u015fehir Belediyesi&#8217;ne ba\u011fl\u0131 i\u015ftiraklerde \u00e7al\u0131\u015fan 23 bin i\u015f\u00e7inin 7 g\u00fcn \u00f6nce ba\u015flatt\u0131\u011f\u0131 grevle ilgili fla\u015f bir geli\u015fme ya\u015fand\u0131. Grevin devam\u0131 yada tamamlanmas\u0131 noktas\u0131nda oylama yapan i\u015f\u00e7iler toplu s\u00f6zle\u015fmenin imzalama yetkisini sendika \u015fube y\u00f6neticilerine vermeyi kararla\u015ft\u0131rd\u0131. 7 G\u00dcND\u00dcR DEVAM ED\u0130YORDU \u0130zmir B\u00fcy\u00fck\u015fehir Belediyesi ile D\u0130SK Genel-\u0130\u015f aras\u0131nda 23 bin \u00e7al\u0131\u015fan\u0131 ilgilendiren toplu i\u015f s\u00f6zle\u015fmesi g\u00f6r\u00fc\u015fmelerinden sonu\u00e7 \u00e7\u0131kmay\u0131nca \u0130ZELMAN, \u0130ZENERJ\u0130 ve Ege\u015fehir&#8217;de \u00e7al\u0131\u015fan binlerce i\u015f\u00e7i 29 May\u0131s g\u00fcn\u00fc greve gitti. 7 g\u00fcnd\u00fcr devam eden grevde, i\u015f\u00e7iler yapt\u0131klar\u0131 y\u00fcr\u00fcy\u00fc\u015f ve toplant\u0131larla, eylemlerinde att\u0131klar\u0131 sloganlarla seslerini duyurmaya \u00e7al\u0131\u015ft\u0131. Di\u011fer yandan, ba\u015fta ula\u015f\u0131m olmak \u00fczere bir\u00e7ok hizmetin durma noktas\u0131na geldi\u011fi \u0130zmir&#8217;de, ula\u015f\u0131mla birlikte \u00e7\u00f6plerin de toplanmamas\u0131 da vatanda\u015f\u0131 ma\u011fdur etti. &#8220;\u00d6RG\u00dcT\u00dcN \u0130K\u0130YE B\u00d6L\u00dcNECE\u011e\u0130N\u0130 G\u00d6RD\u00dcK&#8221; K\u00fclt\u00fcrpark&#8217;ta bulunan B\u00fcy\u00fck\u015fehir Belediyesi binas\u0131 \u00f6n\u00fcnde a\u00e7\u0131klama yapan Genel \u0130\u015f \u0130zmir 2 Nolu \u015eube Ba\u015fkan\u0131 Ercan G\u00fcl, &#8220;\u00d6rg\u00fct\u00fcn ikiye b\u00f6l\u00fcnece\u011fini g\u00f6rd\u00fc\u011f\u00fcm\u00fcz yerde bir karar almak zorunday\u0131z. E\u011fer bize yetki verirseniz T\u0130S&#8217;i son a\u015famas\u0131n\u0131 birlikte sa\u011flayaca\u011f\u0131z. Yetki vermezseniz kimseye al\u0131nmay\u0131z. Ba\u015far\u0131s\u0131zl\u0131\u011f\u0131n sonucuna katlan\u0131r\u0131z. Buralarda g\u00fc\u00e7l\u00fc olmak istiyorsak i\u015fverenin yar\u0131nlar\u0131nda sald\u0131r\u0131lar\u0131na kar\u015f\u0131 durmak istiyorsak bir arada durmal\u0131y\u0131z. Yetkiyi verdiniz, hangi anlamda verdiyseniz sayg\u0131 duyuyorum ama ben burada yar\u0131nlar\u0131 d\u00fc\u015f\u00fcnerek, sizleri d\u00fc\u015f\u00fcnerek, ekme\u011fimizi d\u00fc\u015f\u00fcnerek, temsilci arkada\u015flar\u0131m\u0131zdan ald\u0131\u011f\u0131m\u0131z karar do\u011frultusunda yaln\u0131zla\u015fmamak ad\u0131na \u0130ZELMAN&#8217;\u0131n imzalad\u0131\u011f\u0131 gibi bu T\u0130S&#8217;i imzalamak istiyoruz&#8221; dedi. &#8220;TEK DERD\u0130M\u0130Z E\u015e\u0130T \u0130\u015eE, &hellip;<\/p>","protected":false},"author":5,"featured_media":0,"comment_status":"","ping_status":"open","sticky":false,"template":"","format":"standard","meta":{"_acf_changed":false,"footnotes":""},"categories":[24],"tags":[],"class_list":["post-106309","post","type-post","status-publish","format-standard","has-post-thumbnail","hentry","category-gundem"],"acf":[],"yoast_head":"<!-- This site is optimized with the Yoast SEO Premium plugin v26.6 (Yoast SEO v27.1.1) - https:\/\/yoast.com\/product\/yoast-seo-premium-wordpress\/ -->\n<title>\u0130zmir\u2019de grev sona m\u0131 eriyor? \u0130\u015f\u00e7iler T\u0130S yetkisini verdi - Av. Deniz Can K\u0131z\u0131l<\/title>\n<meta name=\"robots\" content=\"index, follow, max-snippet:-1, max-image-preview:large, max-video-preview:-1\" \/>\n<link rel=\"canonical\" href=\"http:\/\/denizcankizil.tr\/de\/haberler\/gundem\/izmirde-grev-sona-mi-eriyor-isciler-tis-yetkisini-verdi\/\" \/>\n<meta property=\"og:locale\" content=\"de_DE\" \/>\n<meta property=\"og:type\" content=\"article\" \/>\n<meta property=\"og:title\" content=\"\u0130zmir\u2019de grev sona m\u0131 eriyor? \u0130\u015f\u00e7iler T\u0130S yetkisini verdi\" \/>\n<meta property=\"og:description\" content=\"\u0130zmir B\u00fcy\u00fck\u015fehir Belediyesi&#8217;ne ba\u011fl\u0131 i\u015ftiraklerde \u00e7al\u0131\u015fan 23 bin i\u015f\u00e7inin 7 g\u00fcn \u00f6nce ba\u015flatt\u0131\u011f\u0131 grevle ilgili fla\u015f bir geli\u015fme ya\u015fand\u0131. Grevin devam\u0131 yada tamamlanmas\u0131 noktas\u0131nda oylama yapan i\u015f\u00e7iler toplu s\u00f6zle\u015fmenin imzalama yetkisini sendika \u015fube y\u00f6neticilerine vermeyi kararla\u015ft\u0131rd\u0131. 7 G\u00dcND\u00dcR DEVAM ED\u0130YORDU \u0130zmir B\u00fcy\u00fck\u015fehir Belediyesi ile D\u0130SK Genel-\u0130\u015f aras\u0131nda 23 bin \u00e7al\u0131\u015fan\u0131 ilgilendiren toplu i\u015f s\u00f6zle\u015fmesi g\u00f6r\u00fc\u015fmelerinden sonu\u00e7 \u00e7\u0131kmay\u0131nca \u0130ZELMAN, \u0130ZENERJ\u0130 ve Ege\u015fehir&#8217;de \u00e7al\u0131\u015fan binlerce i\u015f\u00e7i 29 May\u0131s g\u00fcn\u00fc greve gitti. 7 g\u00fcnd\u00fcr devam eden grevde, i\u015f\u00e7iler yapt\u0131klar\u0131 y\u00fcr\u00fcy\u00fc\u015f ve toplant\u0131larla, eylemlerinde att\u0131klar\u0131 sloganlarla seslerini duyurmaya \u00e7al\u0131\u015ft\u0131. Di\u011fer yandan, ba\u015fta ula\u015f\u0131m olmak \u00fczere bir\u00e7ok hizmetin durma noktas\u0131na geldi\u011fi \u0130zmir&#8217;de, ula\u015f\u0131mla birlikte \u00e7\u00f6plerin de toplanmamas\u0131 da vatanda\u015f\u0131 ma\u011fdur etti. &#8220;\u00d6RG\u00dcT\u00dcN \u0130K\u0130YE B\u00d6L\u00dcNECE\u011e\u0130N\u0130 G\u00d6RD\u00dcK&#8221; K\u00fclt\u00fcrpark&#8217;ta bulunan B\u00fcy\u00fck\u015fehir Belediyesi binas\u0131 \u00f6n\u00fcnde a\u00e7\u0131klama yapan Genel \u0130\u015f \u0130zmir 2 Nolu \u015eube Ba\u015fkan\u0131 Ercan G\u00fcl, &#8220;\u00d6rg\u00fct\u00fcn ikiye b\u00f6l\u00fcnece\u011fini g\u00f6rd\u00fc\u011f\u00fcm\u00fcz yerde bir karar almak zorunday\u0131z. E\u011fer bize yetki verirseniz T\u0130S&#8217;i son a\u015famas\u0131n\u0131 birlikte sa\u011flayaca\u011f\u0131z. Yetki vermezseniz kimseye al\u0131nmay\u0131z. Ba\u015far\u0131s\u0131zl\u0131\u011f\u0131n sonucuna katlan\u0131r\u0131z. Buralarda g\u00fc\u00e7l\u00fc olmak istiyorsak i\u015fverenin yar\u0131nlar\u0131nda sald\u0131r\u0131lar\u0131na kar\u015f\u0131 durmak istiyorsak bir arada durmal\u0131y\u0131z. Yetkiyi verdiniz, hangi anlamda verdiyseniz sayg\u0131 duyuyorum ama ben burada yar\u0131nlar\u0131 d\u00fc\u015f\u00fcnerek, sizleri d\u00fc\u015f\u00fcnerek, ekme\u011fimizi d\u00fc\u015f\u00fcnerek, temsilci arkada\u015flar\u0131m\u0131zdan ald\u0131\u011f\u0131m\u0131z karar do\u011frultusunda yaln\u0131zla\u015fmamak ad\u0131na \u0130ZELMAN&#8217;\u0131n imzalad\u0131\u011f\u0131 gibi bu T\u0130S&#8217;i imzalamak istiyoruz&#8221; dedi. &#8220;TEK DERD\u0130M\u0130Z E\u015e\u0130T \u0130\u015eE, &hellip;\" \/>\n<meta property=\"og:url\" content=\"http:\/\/denizcankizil.tr\/de\/haberler\/gundem\/izmirde-grev-sona-mi-eriyor-isciler-tis-yetkisini-verdi\/\" \/>\n<meta property=\"og:site_name\" content=\"Av. Deniz Can K\u0131z\u0131l\" \/>\n<meta property=\"article:published_time\" content=\"2025-06-04T12:42:08+00:00\" \/>\n<meta name=\"author\" content=\"Antalya K\u00f6rfez\" \/>\n<meta name=\"twitter:card\" content=\"summary_large_image\" \/>\n<meta name=\"twitter:label1\" content=\"Verfasst von\" \/>\n\t<meta name=\"twitter:data1\" content=\"Antalya K\u00f6rfez\" \/>\n\t<meta name=\"twitter:label2\" content=\"Gesch\u00e4tzte Lesezeit\" \/>\n\t<meta name=\"twitter:data2\" content=\"4\u00a0Minuten\" \/>\n<script type=\"application\/ld+json\" class=\"yoast-schema-graph\">{\"@context\":\"https:\/\/schema.org\",\"@graph\":[{\"@type\":\"Article\",\"@id\":\"http:\/\/denizcankizil.tr\/de\/haberler\/gundem\/izmirde-grev-sona-mi-eriyor-isciler-tis-yetkisini-verdi\/#article\",\"isPartOf\":{\"@id\":\"http:\/\/denizcankizil.tr\/de\/haberler\/gundem\/izmirde-grev-sona-mi-eriyor-isciler-tis-yetkisini-verdi\/\"},\"author\":{\"name\":\"Antalya K\u00f6rfez\",\"@id\":\"https:\/\/denizcankizil.tr\/#\/schema\/person\/e1eb71bb4dd684d46563f0af307e1234\"},\"headline\":\"\u0130zmir\u2019de grev sona m\u0131 eriyor? \u0130\u015f\u00e7iler T\u0130S yetkisini verdi\",\"datePublished\":\"2025-06-04T12:42:08+00:00\",\"mainEntityOfPage\":{\"@id\":\"http:\/\/denizcankizil.tr\/de\/haberler\/gundem\/izmirde-grev-sona-mi-eriyor-isciler-tis-yetkisini-verdi\/\"},\"wordCount\":721,\"publisher\":{\"@id\":\"https:\/\/denizcankizil.tr\/#organization\"},\"articleSection\":[\"G\u00fcndem\"],\"inLanguage\":\"de\"},{\"@type\":\"WebPage\",\"@id\":\"http:\/\/denizcankizil.tr\/de\/haberler\/gundem\/izmirde-grev-sona-mi-eriyor-isciler-tis-yetkisini-verdi\/\",\"url\":\"http:\/\/denizcankizil.tr\/de\/haberler\/gundem\/izmirde-grev-sona-mi-eriyor-isciler-tis-yetkisini-verdi\/\",\"name\":\"\u0130zmir\u2019de grev sona m\u0131 eriyor? \u0130\u015f\u00e7iler T\u0130S yetkisini verdi - Av. Deniz Can K\u0131z\u0131l\",\"isPartOf\":{\"@id\":\"https:\/\/denizcankizil.tr\/#website\"},\"datePublished\":\"2025-06-04T12:42:08+00:00\",\"breadcrumb\":{\"@id\":\"http:\/\/denizcankizil.tr\/de\/haberler\/gundem\/izmirde-grev-sona-mi-eriyor-isciler-tis-yetkisini-verdi\/#breadcrumb\"},\"inLanguage\":\"de\",\"potentialAction\":[{\"@type\":\"ReadAction\",\"target\":[\"http:\/\/denizcankizil.tr\/de\/haberler\/gundem\/izmirde-grev-sona-mi-eriyor-isciler-tis-yetkisini-verdi\/\"]}]},{\"@type\":\"BreadcrumbList\",\"@id\":\"http:\/\/denizcankizil.tr\/de\/haberler\/gundem\/izmirde-grev-sona-mi-eriyor-isciler-tis-yetkisini-verdi\/#breadcrumb\",\"itemListElement\":[{\"@type\":\"ListItem\",\"position\":1,\"name\":\"Home\",\"item\":\"https:\/\/denizcankizil.tr\/de\/\"},{\"@type\":\"ListItem\",\"position\":2,\"name\":\"\u0130zmir\u2019de grev sona m\u0131 eriyor? \u0130\u015f\u00e7iler T\u0130S yetkisini verdi\"}]},{\"@type\":\"WebSite\",\"@id\":\"https:\/\/denizcankizil.tr\/#website\",\"url\":\"https:\/\/denizcankizil.tr\/\",\"name\":\"Av. Deniz Can K\u0131z\u0131l\",\"description\":\"Avukat Deniz Can K\u0131z\u0131l Antalya Barosu\",\"publisher\":{\"@id\":\"https:\/\/denizcankizil.tr\/#organization\"},\"potentialAction\":[{\"@type\":\"SearchAction\",\"target\":{\"@type\":\"EntryPoint\",\"urlTemplate\":\"https:\/\/denizcankizil.tr\/?s={search_term_string}\"},\"query-input\":{\"@type\":\"PropertyValueSpecification\",\"valueRequired\":true,\"valueName\":\"search_term_string\"}}],\"inLanguage\":\"de\"},{\"@type\":\"Organization\",\"@id\":\"https:\/\/denizcankizil.tr\/#organization\",\"name\":\"Av. Deniz Can K\u0131z\u0131l\",\"url\":\"https:\/\/denizcankizil.tr\/\",\"logo\":{\"@type\":\"ImageObject\",\"inLanguage\":\"de\",\"@id\":\"https:\/\/denizcankizil.tr\/#\/schema\/logo\/image\/\",\"url\":\"http:\/\/denizcankizil.tr\/wp-content\/uploads\/2024\/10\/siyah-logo-svg.svg\",\"contentUrl\":\"http:\/\/denizcankizil.tr\/wp-content\/uploads\/2024\/10\/siyah-logo-svg.svg\",\"width\":1080,\"height\":1080,\"caption\":\"Av. Deniz Can K\u0131z\u0131l\"},\"image\":{\"@id\":\"https:\/\/denizcankizil.tr\/#\/schema\/logo\/image\/\"}},{\"@type\":\"Person\",\"@id\":\"https:\/\/denizcankizil.tr\/#\/schema\/person\/e1eb71bb4dd684d46563f0af307e1234\",\"name\":\"Antalya K\u00f6rfez\",\"image\":{\"@type\":\"ImageObject\",\"inLanguage\":\"de\",\"@id\":\"https:\/\/denizcankizil.tr\/#\/schema\/person\/image\/\",\"url\":\"https:\/\/secure.gravatar.com\/avatar\/42b01982558a48a0b501fdcab6a408d3717ea5919095ee2e67b0e521799c5905?s=96&d=mm&r=g\",\"contentUrl\":\"https:\/\/secure.gravatar.com\/avatar\/42b01982558a48a0b501fdcab6a408d3717ea5919095ee2e67b0e521799c5905?s=96&d=mm&r=g\",\"caption\":\"Antalya K\u00f6rfez\"},\"sameAs\":[\"http:\/\/www.antalyakorfez.com\"],\"url\":\"https:\/\/www.antalyakorfez.com\/izmirde-grev-sona-mi-eriyor-isciler-tis-yetkisini-verdi\"}]}<\/script>\n<!-- \/ Yoast SEO Premium plugin. -->","yoast_head_json":{"title":"\u0130zmir\u2019de grev sona m\u0131 eriyor? \u0130\u015f\u00e7iler T\u0130S yetkisini verdi - Av. Deniz Can K\u0131z\u0131l","robots":{"index":"index","follow":"follow","max-snippet":"max-snippet:-1","max-image-preview":"max-image-preview:large","max-video-preview":"max-video-preview:-1"},"canonical":"http:\/\/denizcankizil.tr\/de\/haberler\/gundem\/izmirde-grev-sona-mi-eriyor-isciler-tis-yetkisini-verdi\/","og_locale":"de_DE","og_type":"article","og_title":"\u0130zmir\u2019de grev sona m\u0131 eriyor? \u0130\u015f\u00e7iler T\u0130S yetkisini verdi","og_description":"\u0130zmir B\u00fcy\u00fck\u015fehir Belediyesi&#8217;ne ba\u011fl\u0131 i\u015ftiraklerde \u00e7al\u0131\u015fan 23 bin i\u015f\u00e7inin 7 g\u00fcn \u00f6nce ba\u015flatt\u0131\u011f\u0131 grevle ilgili fla\u015f bir geli\u015fme ya\u015fand\u0131. Grevin devam\u0131 yada tamamlanmas\u0131 noktas\u0131nda oylama yapan i\u015f\u00e7iler toplu s\u00f6zle\u015fmenin imzalama yetkisini sendika \u015fube y\u00f6neticilerine vermeyi kararla\u015ft\u0131rd\u0131. 7 G\u00dcND\u00dcR DEVAM ED\u0130YORDU \u0130zmir B\u00fcy\u00fck\u015fehir Belediyesi ile D\u0130SK Genel-\u0130\u015f aras\u0131nda 23 bin \u00e7al\u0131\u015fan\u0131 ilgilendiren toplu i\u015f s\u00f6zle\u015fmesi g\u00f6r\u00fc\u015fmelerinden sonu\u00e7 \u00e7\u0131kmay\u0131nca \u0130ZELMAN, \u0130ZENERJ\u0130 ve Ege\u015fehir&#8217;de \u00e7al\u0131\u015fan binlerce i\u015f\u00e7i 29 May\u0131s g\u00fcn\u00fc greve gitti. 7 g\u00fcnd\u00fcr devam eden grevde, i\u015f\u00e7iler yapt\u0131klar\u0131 y\u00fcr\u00fcy\u00fc\u015f ve toplant\u0131larla, eylemlerinde att\u0131klar\u0131 sloganlarla seslerini duyurmaya \u00e7al\u0131\u015ft\u0131. Di\u011fer yandan, ba\u015fta ula\u015f\u0131m olmak \u00fczere bir\u00e7ok hizmetin durma noktas\u0131na geldi\u011fi \u0130zmir&#8217;de, ula\u015f\u0131mla birlikte \u00e7\u00f6plerin de toplanmamas\u0131 da vatanda\u015f\u0131 ma\u011fdur etti. &#8220;\u00d6RG\u00dcT\u00dcN \u0130K\u0130YE B\u00d6L\u00dcNECE\u011e\u0130N\u0130 G\u00d6RD\u00dcK&#8221; K\u00fclt\u00fcrpark&#8217;ta bulunan B\u00fcy\u00fck\u015fehir Belediyesi binas\u0131 \u00f6n\u00fcnde a\u00e7\u0131klama yapan Genel \u0130\u015f \u0130zmir 2 Nolu \u015eube Ba\u015fkan\u0131 Ercan G\u00fcl, &#8220;\u00d6rg\u00fct\u00fcn ikiye b\u00f6l\u00fcnece\u011fini g\u00f6rd\u00fc\u011f\u00fcm\u00fcz yerde bir karar almak zorunday\u0131z. E\u011fer bize yetki verirseniz T\u0130S&#8217;i son a\u015famas\u0131n\u0131 birlikte sa\u011flayaca\u011f\u0131z. Yetki vermezseniz kimseye al\u0131nmay\u0131z. Ba\u015far\u0131s\u0131zl\u0131\u011f\u0131n sonucuna katlan\u0131r\u0131z. Buralarda g\u00fc\u00e7l\u00fc olmak istiyorsak i\u015fverenin yar\u0131nlar\u0131nda sald\u0131r\u0131lar\u0131na kar\u015f\u0131 durmak istiyorsak bir arada durmal\u0131y\u0131z. Yetkiyi verdiniz, hangi anlamda verdiyseniz sayg\u0131 duyuyorum ama ben burada yar\u0131nlar\u0131 d\u00fc\u015f\u00fcnerek, sizleri d\u00fc\u015f\u00fcnerek, ekme\u011fimizi d\u00fc\u015f\u00fcnerek, temsilci arkada\u015flar\u0131m\u0131zdan ald\u0131\u011f\u0131m\u0131z karar do\u011frultusunda yaln\u0131zla\u015fmamak ad\u0131na \u0130ZELMAN&#8217;\u0131n imzalad\u0131\u011f\u0131 gibi bu T\u0130S&#8217;i imzalamak istiyoruz&#8221; dedi. &#8220;TEK DERD\u0130M\u0130Z E\u015e\u0130T \u0130\u015eE, &hellip;","og_url":"http:\/\/denizcankizil.tr\/de\/haberler\/gundem\/izmirde-grev-sona-mi-eriyor-isciler-tis-yetkisini-verdi\/","og_site_name":"Av. Deniz Can K\u0131z\u0131l","article_published_time":"2025-06-04T12:42:08+00:00","author":"Antalya K\u00f6rfez","twitter_card":"summary_large_image","twitter_misc":{"Verfasst von":"Antalya K\u00f6rfez","Gesch\u00e4tzte Lesezeit":"4\u00a0Minuten"},"schema":{"@context":"https:\/\/schema.org","@graph":[{"@type":"Article","@id":"http:\/\/denizcankizil.tr\/de\/haberler\/gundem\/izmirde-grev-sona-mi-eriyor-isciler-tis-yetkisini-verdi\/#article","isPartOf":{"@id":"http:\/\/denizcankizil.tr\/de\/haberler\/gundem\/izmirde-grev-sona-mi-eriyor-isciler-tis-yetkisini-verdi\/"},"author":{"name":"Antalya K\u00f6rfez","@id":"https:\/\/denizcankizil.tr\/#\/schema\/person\/e1eb71bb4dd684d46563f0af307e1234"},"headline":"\u0130zmir\u2019de grev sona m\u0131 eriyor? \u0130\u015f\u00e7iler T\u0130S yetkisini verdi","datePublished":"2025-06-04T12:42:08+00:00","mainEntityOfPage":{"@id":"http:\/\/denizcankizil.tr\/de\/haberler\/gundem\/izmirde-grev-sona-mi-eriyor-isciler-tis-yetkisini-verdi\/"},"wordCount":721,"publisher":{"@id":"https:\/\/denizcankizil.tr\/#organization"},"articleSection":["G\u00fcndem"],"inLanguage":"de"},{"@type":"WebPage","@id":"http:\/\/denizcankizil.tr\/de\/haberler\/gundem\/izmirde-grev-sona-mi-eriyor-isciler-tis-yetkisini-verdi\/","url":"http:\/\/denizcankizil.tr\/de\/haberler\/gundem\/izmirde-grev-sona-mi-eriyor-isciler-tis-yetkisini-verdi\/","name":"\u0130zmir\u2019de grev sona m\u0131 eriyor? \u0130\u015f\u00e7iler T\u0130S yetkisini verdi - Av. Deniz Can K\u0131z\u0131l","isPartOf":{"@id":"https:\/\/denizcankizil.tr\/#website"},"datePublished":"2025-06-04T12:42:08+00:00","breadcrumb":{"@id":"http:\/\/denizcankizil.tr\/de\/haberler\/gundem\/izmirde-grev-sona-mi-eriyor-isciler-tis-yetkisini-verdi\/#breadcrumb"},"inLanguage":"de","potentialAction":[{"@type":"ReadAction","target":["http:\/\/denizcankizil.tr\/de\/haberler\/gundem\/izmirde-grev-sona-mi-eriyor-isciler-tis-yetkisini-verdi\/"]}]},{"@type":"BreadcrumbList","@id":"http:\/\/denizcankizil.tr\/de\/haberler\/gundem\/izmirde-grev-sona-mi-eriyor-isciler-tis-yetkisini-verdi\/#breadcrumb","itemListElement":[{"@type":"ListItem","position":1,"name":"Home","item":"https:\/\/denizcankizil.tr\/de\/"},{"@type":"ListItem","position":2,"name":"\u0130zmir\u2019de grev sona m\u0131 eriyor? \u0130\u015f\u00e7iler T\u0130S yetkisini verdi"}]},{"@type":"WebSite","@id":"https:\/\/denizcankizil.tr\/#website","url":"https:\/\/denizcankizil.tr\/","name":"Av. Deniz Can K\u0131z\u0131l","description":"Avukat Deniz Can K\u0131z\u0131l Antalya Barosu","publisher":{"@id":"https:\/\/denizcankizil.tr\/#organization"},"potentialAction":[{"@type":"SearchAction","target":{"@type":"EntryPoint","urlTemplate":"https:\/\/denizcankizil.tr\/?s={search_term_string}"},"query-input":{"@type":"PropertyValueSpecification","valueRequired":true,"valueName":"search_term_string"}}],"inLanguage":"de"},{"@type":"Organization","@id":"https:\/\/denizcankizil.tr\/#organization","name":"Av. Deniz Can K\u0131z\u0131l","url":"https:\/\/denizcankizil.tr\/","logo":{"@type":"ImageObject","inLanguage":"de","@id":"https:\/\/denizcankizil.tr\/#\/schema\/logo\/image\/","url":"http:\/\/denizcankizil.tr\/wp-content\/uploads\/2024\/10\/siyah-logo-svg.svg","contentUrl":"http:\/\/denizcankizil.tr\/wp-content\/uploads\/2024\/10\/siyah-logo-svg.svg","width":1080,"height":1080,"caption":"Av. Deniz Can K\u0131z\u0131l"},"image":{"@id":"https:\/\/denizcankizil.tr\/#\/schema\/logo\/image\/"}},{"@type":"Person","@id":"https:\/\/denizcankizil.tr\/#\/schema\/person\/e1eb71bb4dd684d46563f0af307e1234","name":"Antalya K\u00f6rfez","image":{"@type":"ImageObject","inLanguage":"de","@id":"https:\/\/denizcankizil.tr\/#\/schema\/person\/image\/","url":"https:\/\/secure.gravatar.com\/avatar\/42b01982558a48a0b501fdcab6a408d3717ea5919095ee2e67b0e521799c5905?s=96&d=mm&r=g","contentUrl":"https:\/\/secure.gravatar.com\/avatar\/42b01982558a48a0b501fdcab6a408d3717ea5919095ee2e67b0e521799c5905?s=96&d=mm&r=g","caption":"Antalya K\u00f6rfez"},"sameAs":["http:\/\/www.antalyakorfez.com"],"url":"https:\/\/www.antalyakorfez.com\/izmirde-grev-sona-mi-eriyor-isciler-tis-yetkisini-verdi"}]}},"_links":{"self":[{"href":"http:\/\/denizcankizil.tr\/de\/wp-json\/wp\/v2\/posts\/106309","targetHints":{"allow":["GET"]}}],"collection":[{"href":"http:\/\/denizcankizil.tr\/de\/wp-json\/wp\/v2\/posts"}],"about":[{"href":"http:\/\/denizcankizil.tr\/de\/wp-json\/wp\/v2\/types\/post"}],"author":[{"embeddable":true,"href":"http:\/\/denizcankizil.tr\/de\/wp-json\/wp\/v2\/users\/5"}],"replies":[{"embeddable":true,"href":"http:\/\/denizcankizil.tr\/de\/wp-json\/wp\/v2\/comments?post=106309"}],"version-history":[{"count":0,"href":"http:\/\/denizcankizil.tr\/de\/wp-json\/wp\/v2\/posts\/106309\/revisions"}],"wp:attachment":[{"href":"http:\/\/denizcankizil.tr\/de\/wp-json\/wp\/v2\/media?parent=106309"}],"wp:term":[{"taxonomy":"category","embeddable":true,"href":"http:\/\/denizcankizil.tr\/de\/wp-json\/wp\/v2\/categories?post=106309"},{"taxonomy":"post_tag","embeddable":true,"href":"http:\/\/denizcankizil.tr\/de\/wp-json\/wp\/v2\/tags?post=106309"}],"curies":[{"name":"wp","href":"https:\/\/api.w.org\/{rel}","templated":true}]}}