{"id":106067,"date":"2025-06-04T00:04:00","date_gmt":"2025-06-03T21:04:00","guid":{"rendered":"https:\/\/denizcankizil.tr\/uncategorized-tr\/yargitay-12-hukuk-dairesinin-2020-2970-e-2020-2982-k-sayili-karari-2\/"},"modified":"2025-06-04T00:04:00","modified_gmt":"2025-06-03T21:04:00","slug":"yargitay-12-hukuk-dairesinin-2020-2970-e-2020-2982-k-sayili-karari-2","status":"publish","type":"post","link":"http:\/\/denizcankizil.tr\/de\/hukukihaber\/yargitay-12-hukuk-dairesinin-2020-2970-e-2020-2982-k-sayili-karari-2\/","title":{"rendered":"Yarg\u0131tay 12. Hukuk Dairesi\u2019nin 2020\/2970 E., 2020\/2982 K. say\u0131l\u0131 karar\u0131"},"content":{"rendered":"<p>T.C.<\/p>\n<p>Yarg\u0131tay <\/p>\n<p>12. Hukuk Dairesi<\/p>\n<p>2020\/2970 E., 2020\/2982 K.<\/p>\n<p>&#8220;\u0130\u00e7tihat Metni&#8221;<\/p>\n<p>Mal beyan\u0131nda bulunmamak su\u00e7undan san\u0131k &#8230;&#8217;\u0131n, 2004 say\u0131l\u0131 \u0130cra ve \u0130flas Kanunu\u2019nun 76. maddesi gere\u011fince 3 ay\u0131 ge\u00e7memek \u00fczere tazyik hapsi cezas\u0131 ile cezaland\u0131r\u0131lmas\u0131na dair&#8230; 1. \u0130cra Ceza Mahkemesinin 29\/03\/2019 tarihli ve 2019\/12 de\u011fi\u015fik i\u015f say\u0131l\u0131 karar\u0131na kar\u015f\u0131 vek\u00e2let \u00fccreti y\u00f6n\u00fcnden yap\u0131lan itiraz\u0131n reddine ili\u015fkin&#8230; 2. \u0130cra Ceza Mahkemesinin 29\/05\/2019 tarihli ve 2019\/198 de\u011fi\u015fik i\u015f say\u0131l\u0131 karar\u0131 aleyhine, &#8230; Bakanl\u0131\u011f\u0131&#8217;n\u0131n 25\/02\/2020 g\u00fcn ve 94660652-105-03-18558-2019-Kyb say\u0131l\u0131 kanun yarar\u0131na bozma istemini i\u00e7eren yaz\u0131s\u0131 ekindeki dava dosyas\u0131, Yarg\u0131tay Cumhuriyet Ba\u015fsavc\u0131l\u0131\u011f\u0131n\u0131n 28\/02\/2020 g\u00fcn ve KYB. 2020-27507 say\u0131l\u0131 ihbarnamesi ile Dairemize g\u00f6nderilmekle okundu.<\/p>\n<p>An\u0131lan ihbarnamede,<\/p>\n<p>Dosya kapsam\u0131na g\u00f6re,<\/p>\n<p>1-Mal beyan\u0131nda bulunmamak su\u00e7undan yap\u0131lan yarg\u0131lama sonucunda bor\u00e7lu san\u0131\u011f\u0131n mal beyan\u0131nda bulununcaya kadar 3 ay\u0131 ge\u00e7memek \u00fczere hapsen tazyikine karar verildi\u011fi somut olayda, 5271 say\u0131l\u0131 Ceza Muhakemesi Kanunu&#8217;nun 325. maddesinde yer alan &#8220;(1) Cezaya veya g\u00fcvenlik tedbirine mahk\u00fbm edilmesi h\u00e2linde, b\u00fct\u00fcn yarg\u0131lama giderleri san\u0131\u011fa y\u00fcklenir.&#8221; \u015feklindeki d\u00fczenleme nazara al\u0131nd\u0131\u011f\u0131nda, yarg\u0131lama giderlerinin, zaman\u0131nda mal beyan\u0131nda bulunmamas\u0131 nedeniyle davan\u0131n a\u00e7\u0131lmas\u0131na sebebiyet veren bor\u00e7lu san\u0131k \u00fczerinde b\u0131rak\u0131lmas\u0131na karar verilmesi gerekirken yarg\u0131lama giderleri hakk\u0131nda olumlu veya olumsuz bir karar verilmemesinin yerinde olmad\u0131\u011f\u0131 g\u00f6zetilmeden, itiraz\u0131n bu y\u00f6nden kabul\u00fc yerine yaz\u0131l\u0131 \u015fekilde reddine karar verilmesinde,<\/p>\n<p>2- 1136 say\u0131l\u0131 Avukatl\u0131k Kanunu\u2019nun 168. maddesinin verdi\u011fi yetkiye dayan\u0131larak \u00e7\u0131kar\u0131lan Avukatl\u0131k Asgari \u00dccret Tarifesinin ekinde yer alan Avukatl\u0131k ikinci k\u0131sm\u0131n\u0131n ikinci b\u00f6l\u00fcm\u00fcn\u00fcn be\u015f s\u0131ra numaras\u0131nda g\u00f6sterilen, \u201c\u0130cra mahkemelerinde takip edilen ceza i\u015fleri i\u00e7in&#8221; 825.00 T\u00fcrk liras\u0131 maktu vek\u00e2let \u00fccretine h\u00fckmedilmesi gerekti\u011fi \u015feklindeki d\u00fczenleme nazara al\u0131nd\u0131\u011f\u0131nda, mal beyan\u0131nda bulunmamak su\u00e7undan san\u0131k hakk\u0131nda yap\u0131lan \u015fik\u00e2yet \u00fczerine s\u00fcresi i\u00e7inde mal beyan\u0131nda bulunmad\u0131\u011f\u0131 i\u00e7in 3 ay\u0131 ge\u00e7memek \u00fczere tazyik hapsine mahk\u00fbm edilen san\u0131k aleyhine, kendisini vekille temsil ettiren m\u00fc\u015fteki lehine vek\u00e2let \u00fccretine h\u00fckmedilmesi gerekirken, vek\u00e2let \u00fccreti takdirine yer olmad\u0131\u011f\u0131na karar verilmesinin yerinde olmad\u0131\u011f\u0131 g\u00f6zetilmeden, itiraz\u0131n bu y\u00f6nden kabul\u00fc yerine yaz\u0131l\u0131 \u015fekilde reddine karar verilmesinde, isabet g\u00f6r\u00fclmedi\u011fi gerek\u00e7esiyle 5271 say\u0131l\u0131 Ceza Muhakemesi Kanununun 309. maddesi uyar\u0131nca an\u0131lan karar\u0131n kanun yarar\u0131na bozulmas\u0131 isteminde bulunulmu\u015f ise de;<\/p>\n<p>Dosya incelendi\u011finde, \u015fikayet\u00e7i vekilinin dilek\u00e7esinde; &#8220;m\u00fc\u015fteki vekili lehine vekalet \u00fccretine h\u00fckmedilmemesi ve yarg\u0131lama giderlerinin \u015fikayet\u00e7i \u00fczerinde b\u0131rak\u0131lmas\u0131na karar verilmesi&#8221; gerek\u00e7esine dayand\u0131\u011f\u0131, bu nedenle Yarg\u0131tay Cumhuriyet Ba\u015fsavc\u0131l\u0131\u011f\u0131n\u0131n kanun yarar\u0131na bozma isteminin bu talebe y\u00f6nelik oldu\u011fu de\u011ferlendirilerek, gere\u011fi g\u00f6r\u00fc\u015f\u00fcl\u00fcp d\u00fc\u015f\u00fcn\u00fcld\u00fc:<\/p>\n<p>Ola\u011fan\u00fcst\u00fc kanun yolu olan ve \u00f6\u011fretide \u201cola\u011fan\u00fcst\u00fc temyiz\u201d olarak adland\u0131r\u0131lan kanun yarar\u0131na bozman\u0131n amac\u0131 hakim veya mahkeme taraf\u0131ndan verilen ve istinaf veya temyiz incelemesinden ge\u00e7meksizin kesinle\u015fen kararlar\u0131n Yarg\u0131tay\u2019ca incelenmesini, buna<br \/>\nba\u011fl\u0131 olarak da kanunlar\u0131n uygulanmas\u0131nda \u00fclke sath\u0131nda birli\u011fe ula\u015fmak, hakim veya mahkemelerce verilen cezaya ili\u015fkin karar veya h\u00fck\u00fcmlerdeki hukuka ayk\u0131r\u0131l\u0131klar\u0131 toplum ve birey a\u00e7\u0131s\u0131ndan hukuk yarar\u0131na gidermektir.<\/p>\n<p>Ola\u011fan\u00fcst\u00fc bir kanun yolu olan kanun yarar\u0131na bozma m\u00fcessesesinin konusunu olu\u015fturabilecek kanuna ayk\u0131r\u0131l\u0131k halleri, ola\u011fan kanun yolu olan temyiz nedenlerine g\u00f6re dar ve k\u0131s\u0131tl\u0131 tutuldu\u011funda kesin h\u00fckm\u00fcn otoritesi korunmu\u015f olur.<\/p>\n<p>26.10.1932 g\u00fcn ve 29\/12 say\u0131l\u0131 \u0130\u00e7tihad\u0131 Birle\u015ftirme Karar\u0131 ve bu karar esas al\u0131nmak suretiyle verilen Yarg\u0131tay Ceza Genel Kurulu ve \u00d6zel Dairelerin s\u00fcreklilik arz eden kararlar\u0131nda belirtildi\u011fi \u00fczere, kabul edip etmemenin hakim veya mahkemenin takdirine ba\u011fl\u0131 oldu\u011fu istekler hakk\u0131nda verilen kararlar ile kan\u0131tlar\u0131n de\u011ferlendirilmesine ve \u015fahsi hakka ili\u015fkin kararlar kanun yarar\u0131na bozma konusu olamaz.<\/p>\n<p>Bu a\u00e7\u0131klamalara ve yerle\u015fik yarg\u0131sal kararlara g\u00f6re (Yarg\u0131tay 1. CD\u2019nin 05\/11\/2008 tarih ve 2008\/9091-7078 E.K; 3. CD\u2019nin 14\/11\/2007 tarih ve 2007\/12330-8319 E.K; 11. CD\u2019nin 27\/02\/2013 tarih ve 2012\/28035 E., 2013\/3196 K. ve 12. CD\u2019nin 27\/12\/2012 tarih ve 2012\/21561-28771 E.K say\u0131l\u0131 kararlar\u0131) yarg\u0131lama giderlerinin \u015fahsi hakka ili\u015fkin olmas\u0131 nedeniyle bu hususta kanun yarar\u0131na bozma talebinde bulunulamayaca\u011f\u0131ndan, yerinde g\u00f6r\u00fclmeyen Yarg\u0131tay Cumhuriyet Ba\u015fsavc\u0131l\u0131\u011f\u0131n\u0131n kanun yarar\u0131na bozma isteminin REDD\u0130NE, 05\/05\/2020 tarihinde oy birli\u011fiyle karar verildi.<\/p>\n<p>\u200bYarg\u0131tay 12. Hukuk Dairesi\u2019nin 05\/05\/2020 tarihli, 2020\/2970 E., 2020\/2982 K. say\u0131l\u0131 karar\u0131\u00a0Hukuki Haber<\/p>\n<p>Haberin Al\u0131nt\u0131land\u0131\u011f\u0131 Kaynak: www.hukukihaber.net<\/p>","protected":false},"excerpt":{"rendered":"<p>T.C. Yarg\u0131tay 12. Hukuk Dairesi 2020\/2970 E., 2020\/2982 K. &#8220;\u0130\u00e7tihat Metni&#8221; Mal beyan\u0131nda bulunmamak su\u00e7undan san\u0131k &#8230;&#8217;\u0131n, 2004 say\u0131l\u0131 \u0130cra ve \u0130flas Kanunu\u2019nun 76. maddesi gere\u011fince 3 ay\u0131 ge\u00e7memek \u00fczere tazyik hapsi cezas\u0131 ile cezaland\u0131r\u0131lmas\u0131na dair&#8230; 1. \u0130cra Ceza Mahkemesinin 29\/03\/2019 tarihli ve 2019\/12 de\u011fi\u015fik i\u015f say\u0131l\u0131 karar\u0131na kar\u015f\u0131 vek\u00e2let \u00fccreti y\u00f6n\u00fcnden yap\u0131lan itiraz\u0131n reddine ili\u015fkin&#8230; 2. \u0130cra Ceza Mahkemesinin 29\/05\/2019 tarihli ve 2019\/198 de\u011fi\u015fik i\u015f say\u0131l\u0131 karar\u0131 aleyhine, &#8230; Bakanl\u0131\u011f\u0131&#8217;n\u0131n 25\/02\/2020 g\u00fcn ve 94660652-105-03-18558-2019-Kyb say\u0131l\u0131 kanun yarar\u0131na bozma istemini i\u00e7eren yaz\u0131s\u0131 ekindeki dava dosyas\u0131, Yarg\u0131tay Cumhuriyet Ba\u015fsavc\u0131l\u0131\u011f\u0131n\u0131n 28\/02\/2020 g\u00fcn ve KYB. 2020-27507 say\u0131l\u0131 ihbarnamesi ile Dairemize g\u00f6nderilmekle okundu. An\u0131lan ihbarnamede, Dosya kapsam\u0131na g\u00f6re, 1-Mal beyan\u0131nda bulunmamak su\u00e7undan yap\u0131lan yarg\u0131lama sonucunda bor\u00e7lu san\u0131\u011f\u0131n mal beyan\u0131nda bulununcaya kadar 3 ay\u0131 ge\u00e7memek \u00fczere hapsen tazyikine karar verildi\u011fi somut olayda, 5271 say\u0131l\u0131 Ceza Muhakemesi Kanunu&#8217;nun 325. maddesinde yer alan &#8220;(1) Cezaya veya g\u00fcvenlik tedbirine mahk\u00fbm edilmesi h\u00e2linde, b\u00fct\u00fcn yarg\u0131lama giderleri san\u0131\u011fa y\u00fcklenir.&#8221; \u015feklindeki d\u00fczenleme nazara al\u0131nd\u0131\u011f\u0131nda, yarg\u0131lama giderlerinin, zaman\u0131nda mal beyan\u0131nda bulunmamas\u0131 nedeniyle davan\u0131n a\u00e7\u0131lmas\u0131na sebebiyet veren bor\u00e7lu san\u0131k \u00fczerinde b\u0131rak\u0131lmas\u0131na karar verilmesi gerekirken yarg\u0131lama giderleri hakk\u0131nda olumlu veya olumsuz bir karar verilmemesinin yerinde olmad\u0131\u011f\u0131 g\u00f6zetilmeden, itiraz\u0131n bu y\u00f6nden kabul\u00fc yerine yaz\u0131l\u0131 \u015fekilde reddine karar verilmesinde, 2- 1136 say\u0131l\u0131 Avukatl\u0131k Kanunu\u2019nun 168. maddesinin &hellip;<\/p>","protected":false},"author":3,"featured_media":0,"comment_status":"","ping_status":"open","sticky":false,"template":"","format":"standard","meta":{"_acf_changed":false,"footnotes":""},"categories":[27],"tags":[],"class_list":["post-106067","post","type-post","status-publish","format-standard","has-post-thumbnail","hentry","category-hukukihaber"],"acf":[],"yoast_head":"<!-- This site is optimized with the Yoast SEO Premium plugin v26.6 (Yoast SEO v27.1.1) - https:\/\/yoast.com\/product\/yoast-seo-premium-wordpress\/ -->\n<title>Yarg\u0131tay 12. Hukuk Dairesi\u2019nin 2020\/2970 E., 2020\/2982 K. say\u0131l\u0131 karar\u0131 - Av. Deniz Can K\u0131z\u0131l<\/title>\n<meta name=\"robots\" content=\"index, follow, max-snippet:-1, max-image-preview:large, max-video-preview:-1\" \/>\n<link rel=\"canonical\" href=\"http:\/\/denizcankizil.tr\/de\/hukukihaber\/yargitay-12-hukuk-dairesinin-2020-2970-e-2020-2982-k-sayili-karari-2\/\" \/>\n<meta property=\"og:locale\" content=\"de_DE\" \/>\n<meta property=\"og:type\" content=\"article\" \/>\n<meta property=\"og:title\" content=\"Yarg\u0131tay 12. Hukuk Dairesi\u2019nin 2020\/2970 E., 2020\/2982 K. say\u0131l\u0131 karar\u0131\" \/>\n<meta property=\"og:description\" content=\"T.C. Yarg\u0131tay 12. Hukuk Dairesi 2020\/2970 E., 2020\/2982 K. &#8220;\u0130\u00e7tihat Metni&#8221; Mal beyan\u0131nda bulunmamak su\u00e7undan san\u0131k &#8230;&#8217;\u0131n, 2004 say\u0131l\u0131 \u0130cra ve \u0130flas Kanunu\u2019nun 76. maddesi gere\u011fince 3 ay\u0131 ge\u00e7memek \u00fczere tazyik hapsi cezas\u0131 ile cezaland\u0131r\u0131lmas\u0131na dair&#8230; 1. \u0130cra Ceza Mahkemesinin 29\/03\/2019 tarihli ve 2019\/12 de\u011fi\u015fik i\u015f say\u0131l\u0131 karar\u0131na kar\u015f\u0131 vek\u00e2let \u00fccreti y\u00f6n\u00fcnden yap\u0131lan itiraz\u0131n reddine ili\u015fkin&#8230; 2. \u0130cra Ceza Mahkemesinin 29\/05\/2019 tarihli ve 2019\/198 de\u011fi\u015fik i\u015f say\u0131l\u0131 karar\u0131 aleyhine, &#8230; Bakanl\u0131\u011f\u0131&#8217;n\u0131n 25\/02\/2020 g\u00fcn ve 94660652-105-03-18558-2019-Kyb say\u0131l\u0131 kanun yarar\u0131na bozma istemini i\u00e7eren yaz\u0131s\u0131 ekindeki dava dosyas\u0131, Yarg\u0131tay Cumhuriyet Ba\u015fsavc\u0131l\u0131\u011f\u0131n\u0131n 28\/02\/2020 g\u00fcn ve KYB. 2020-27507 say\u0131l\u0131 ihbarnamesi ile Dairemize g\u00f6nderilmekle okundu. An\u0131lan ihbarnamede, Dosya kapsam\u0131na g\u00f6re, 1-Mal beyan\u0131nda bulunmamak su\u00e7undan yap\u0131lan yarg\u0131lama sonucunda bor\u00e7lu san\u0131\u011f\u0131n mal beyan\u0131nda bulununcaya kadar 3 ay\u0131 ge\u00e7memek \u00fczere hapsen tazyikine karar verildi\u011fi somut olayda, 5271 say\u0131l\u0131 Ceza Muhakemesi Kanunu&#8217;nun 325. maddesinde yer alan &#8220;(1) Cezaya veya g\u00fcvenlik tedbirine mahk\u00fbm edilmesi h\u00e2linde, b\u00fct\u00fcn yarg\u0131lama giderleri san\u0131\u011fa y\u00fcklenir.&#8221; \u015feklindeki d\u00fczenleme nazara al\u0131nd\u0131\u011f\u0131nda, yarg\u0131lama giderlerinin, zaman\u0131nda mal beyan\u0131nda bulunmamas\u0131 nedeniyle davan\u0131n a\u00e7\u0131lmas\u0131na sebebiyet veren bor\u00e7lu san\u0131k \u00fczerinde b\u0131rak\u0131lmas\u0131na karar verilmesi gerekirken yarg\u0131lama giderleri hakk\u0131nda olumlu veya olumsuz bir karar verilmemesinin yerinde olmad\u0131\u011f\u0131 g\u00f6zetilmeden, itiraz\u0131n bu y\u00f6nden kabul\u00fc yerine yaz\u0131l\u0131 \u015fekilde reddine karar verilmesinde, 2- 1136 say\u0131l\u0131 Avukatl\u0131k Kanunu\u2019nun 168. maddesinin &hellip;\" \/>\n<meta property=\"og:url\" content=\"http:\/\/denizcankizil.tr\/de\/hukukihaber\/yargitay-12-hukuk-dairesinin-2020-2970-e-2020-2982-k-sayili-karari-2\/\" \/>\n<meta property=\"og:site_name\" content=\"Av. Deniz Can K\u0131z\u0131l\" \/>\n<meta property=\"article:published_time\" content=\"2025-06-03T21:04:00+00:00\" \/>\n<meta name=\"author\" content=\"Hukuki Haber.net\" \/>\n<meta name=\"twitter:card\" content=\"summary_large_image\" \/>\n<meta name=\"twitter:label1\" content=\"Verfasst von\" \/>\n\t<meta name=\"twitter:data1\" content=\"Hukuki Haber.net\" \/>\n\t<meta name=\"twitter:label2\" content=\"Gesch\u00e4tzte Lesezeit\" \/>\n\t<meta name=\"twitter:data2\" content=\"4\u00a0Minuten\" \/>\n<script type=\"application\/ld+json\" class=\"yoast-schema-graph\">{\"@context\":\"https:\/\/schema.org\",\"@graph\":[{\"@type\":\"Article\",\"@id\":\"http:\/\/denizcankizil.tr\/de\/hukukihaber\/yargitay-12-hukuk-dairesinin-2020-2970-e-2020-2982-k-sayili-karari-2\/#article\",\"isPartOf\":{\"@id\":\"http:\/\/denizcankizil.tr\/de\/hukukihaber\/yargitay-12-hukuk-dairesinin-2020-2970-e-2020-2982-k-sayili-karari-2\/\"},\"author\":{\"name\":\"Hukuki Haber.net\",\"@id\":\"https:\/\/denizcankizil.tr\/#\/schema\/person\/001a271de994a0aa3f90eea084424822\"},\"headline\":\"Yarg\u0131tay 12. Hukuk Dairesi\u2019nin 2020\/2970 E., 2020\/2982 K. say\u0131l\u0131 karar\u0131\",\"datePublished\":\"2025-06-03T21:04:00+00:00\",\"mainEntityOfPage\":{\"@id\":\"http:\/\/denizcankizil.tr\/de\/hukukihaber\/yargitay-12-hukuk-dairesinin-2020-2970-e-2020-2982-k-sayili-karari-2\/\"},\"wordCount\":814,\"publisher\":{\"@id\":\"https:\/\/denizcankizil.tr\/#organization\"},\"articleSection\":[\"Hukuki Haberler\"],\"inLanguage\":\"de\"},{\"@type\":\"WebPage\",\"@id\":\"http:\/\/denizcankizil.tr\/de\/hukukihaber\/yargitay-12-hukuk-dairesinin-2020-2970-e-2020-2982-k-sayili-karari-2\/\",\"url\":\"http:\/\/denizcankizil.tr\/de\/hukukihaber\/yargitay-12-hukuk-dairesinin-2020-2970-e-2020-2982-k-sayili-karari-2\/\",\"name\":\"Yarg\u0131tay 12. Hukuk Dairesi\u2019nin 2020\/2970 E., 2020\/2982 K. say\u0131l\u0131 karar\u0131 - Av. Deniz Can K\u0131z\u0131l\",\"isPartOf\":{\"@id\":\"https:\/\/denizcankizil.tr\/#website\"},\"datePublished\":\"2025-06-03T21:04:00+00:00\",\"breadcrumb\":{\"@id\":\"http:\/\/denizcankizil.tr\/de\/hukukihaber\/yargitay-12-hukuk-dairesinin-2020-2970-e-2020-2982-k-sayili-karari-2\/#breadcrumb\"},\"inLanguage\":\"de\",\"potentialAction\":[{\"@type\":\"ReadAction\",\"target\":[\"http:\/\/denizcankizil.tr\/de\/hukukihaber\/yargitay-12-hukuk-dairesinin-2020-2970-e-2020-2982-k-sayili-karari-2\/\"]}]},{\"@type\":\"BreadcrumbList\",\"@id\":\"http:\/\/denizcankizil.tr\/de\/hukukihaber\/yargitay-12-hukuk-dairesinin-2020-2970-e-2020-2982-k-sayili-karari-2\/#breadcrumb\",\"itemListElement\":[{\"@type\":\"ListItem\",\"position\":1,\"name\":\"Home\",\"item\":\"https:\/\/denizcankizil.tr\/uk\/\"},{\"@type\":\"ListItem\",\"position\":2,\"name\":\"Yarg\u0131tay 12. Hukuk Dairesi\u2019nin 2020\/2970 E., 2020\/2982 K. say\u0131l\u0131 karar\u0131\"}]},{\"@type\":\"WebSite\",\"@id\":\"https:\/\/denizcankizil.tr\/#website\",\"url\":\"https:\/\/denizcankizil.tr\/\",\"name\":\"Av. Deniz Can K\u0131z\u0131l\",\"description\":\"Avukat Deniz Can K\u0131z\u0131l Antalya Barosu\",\"publisher\":{\"@id\":\"https:\/\/denizcankizil.tr\/#organization\"},\"potentialAction\":[{\"@type\":\"SearchAction\",\"target\":{\"@type\":\"EntryPoint\",\"urlTemplate\":\"https:\/\/denizcankizil.tr\/?s={search_term_string}\"},\"query-input\":{\"@type\":\"PropertyValueSpecification\",\"valueRequired\":true,\"valueName\":\"search_term_string\"}}],\"inLanguage\":\"de\"},{\"@type\":\"Organization\",\"@id\":\"https:\/\/denizcankizil.tr\/#organization\",\"name\":\"Av. Deniz Can K\u0131z\u0131l\",\"url\":\"https:\/\/denizcankizil.tr\/\",\"logo\":{\"@type\":\"ImageObject\",\"inLanguage\":\"de\",\"@id\":\"https:\/\/denizcankizil.tr\/#\/schema\/logo\/image\/\",\"url\":\"http:\/\/denizcankizil.tr\/wp-content\/uploads\/2024\/10\/siyah-logo-svg.svg\",\"contentUrl\":\"http:\/\/denizcankizil.tr\/wp-content\/uploads\/2024\/10\/siyah-logo-svg.svg\",\"width\":1080,\"height\":1080,\"caption\":\"Av. Deniz Can K\u0131z\u0131l\"},\"image\":{\"@id\":\"https:\/\/denizcankizil.tr\/#\/schema\/logo\/image\/\"}},{\"@type\":\"Person\",\"@id\":\"https:\/\/denizcankizil.tr\/#\/schema\/person\/001a271de994a0aa3f90eea084424822\",\"name\":\"Hukuki Haber.net\",\"image\":{\"@type\":\"ImageObject\",\"inLanguage\":\"de\",\"@id\":\"https:\/\/denizcankizil.tr\/#\/schema\/person\/image\/\",\"url\":\"https:\/\/secure.gravatar.com\/avatar\/57d8a49151495586611a149d29fc42865b951dc053a84709a3172ccb5abf3118?s=96&d=mm&r=g\",\"contentUrl\":\"https:\/\/secure.gravatar.com\/avatar\/57d8a49151495586611a149d29fc42865b951dc053a84709a3172ccb5abf3118?s=96&d=mm&r=g\",\"caption\":\"Hukuki Haber.net\"},\"sameAs\":[\"http:\/\/www.hukukihaber.net\"],\"url\":\"http:\/\/denizcankizil.tr\/de\/author\/hukukihabernet\/\"}]}<\/script>\n<!-- \/ Yoast SEO Premium plugin. -->","yoast_head_json":{"title":"Yarg\u0131tay 12. Hukuk Dairesi\u2019nin 2020\/2970 E., 2020\/2982 K. say\u0131l\u0131 karar\u0131 - Av. Deniz Can K\u0131z\u0131l","robots":{"index":"index","follow":"follow","max-snippet":"max-snippet:-1","max-image-preview":"max-image-preview:large","max-video-preview":"max-video-preview:-1"},"canonical":"http:\/\/denizcankizil.tr\/de\/hukukihaber\/yargitay-12-hukuk-dairesinin-2020-2970-e-2020-2982-k-sayili-karari-2\/","og_locale":"de_DE","og_type":"article","og_title":"Yarg\u0131tay 12. Hukuk Dairesi\u2019nin 2020\/2970 E., 2020\/2982 K. say\u0131l\u0131 karar\u0131","og_description":"T.C. Yarg\u0131tay 12. Hukuk Dairesi 2020\/2970 E., 2020\/2982 K. &#8220;\u0130\u00e7tihat Metni&#8221; Mal beyan\u0131nda bulunmamak su\u00e7undan san\u0131k &#8230;&#8217;\u0131n, 2004 say\u0131l\u0131 \u0130cra ve \u0130flas Kanunu\u2019nun 76. maddesi gere\u011fince 3 ay\u0131 ge\u00e7memek \u00fczere tazyik hapsi cezas\u0131 ile cezaland\u0131r\u0131lmas\u0131na dair&#8230; 1. \u0130cra Ceza Mahkemesinin 29\/03\/2019 tarihli ve 2019\/12 de\u011fi\u015fik i\u015f say\u0131l\u0131 karar\u0131na kar\u015f\u0131 vek\u00e2let \u00fccreti y\u00f6n\u00fcnden yap\u0131lan itiraz\u0131n reddine ili\u015fkin&#8230; 2. \u0130cra Ceza Mahkemesinin 29\/05\/2019 tarihli ve 2019\/198 de\u011fi\u015fik i\u015f say\u0131l\u0131 karar\u0131 aleyhine, &#8230; Bakanl\u0131\u011f\u0131&#8217;n\u0131n 25\/02\/2020 g\u00fcn ve 94660652-105-03-18558-2019-Kyb say\u0131l\u0131 kanun yarar\u0131na bozma istemini i\u00e7eren yaz\u0131s\u0131 ekindeki dava dosyas\u0131, Yarg\u0131tay Cumhuriyet Ba\u015fsavc\u0131l\u0131\u011f\u0131n\u0131n 28\/02\/2020 g\u00fcn ve KYB. 2020-27507 say\u0131l\u0131 ihbarnamesi ile Dairemize g\u00f6nderilmekle okundu. An\u0131lan ihbarnamede, Dosya kapsam\u0131na g\u00f6re, 1-Mal beyan\u0131nda bulunmamak su\u00e7undan yap\u0131lan yarg\u0131lama sonucunda bor\u00e7lu san\u0131\u011f\u0131n mal beyan\u0131nda bulununcaya kadar 3 ay\u0131 ge\u00e7memek \u00fczere hapsen tazyikine karar verildi\u011fi somut olayda, 5271 say\u0131l\u0131 Ceza Muhakemesi Kanunu&#8217;nun 325. maddesinde yer alan &#8220;(1) Cezaya veya g\u00fcvenlik tedbirine mahk\u00fbm edilmesi h\u00e2linde, b\u00fct\u00fcn yarg\u0131lama giderleri san\u0131\u011fa y\u00fcklenir.&#8221; \u015feklindeki d\u00fczenleme nazara al\u0131nd\u0131\u011f\u0131nda, yarg\u0131lama giderlerinin, zaman\u0131nda mal beyan\u0131nda bulunmamas\u0131 nedeniyle davan\u0131n a\u00e7\u0131lmas\u0131na sebebiyet veren bor\u00e7lu san\u0131k \u00fczerinde b\u0131rak\u0131lmas\u0131na karar verilmesi gerekirken yarg\u0131lama giderleri hakk\u0131nda olumlu veya olumsuz bir karar verilmemesinin yerinde olmad\u0131\u011f\u0131 g\u00f6zetilmeden, itiraz\u0131n bu y\u00f6nden kabul\u00fc yerine yaz\u0131l\u0131 \u015fekilde reddine karar verilmesinde, 2- 1136 say\u0131l\u0131 Avukatl\u0131k Kanunu\u2019nun 168. maddesinin &hellip;","og_url":"http:\/\/denizcankizil.tr\/de\/hukukihaber\/yargitay-12-hukuk-dairesinin-2020-2970-e-2020-2982-k-sayili-karari-2\/","og_site_name":"Av. Deniz Can K\u0131z\u0131l","article_published_time":"2025-06-03T21:04:00+00:00","author":"Hukuki Haber.net","twitter_card":"summary_large_image","twitter_misc":{"Verfasst von":"Hukuki Haber.net","Gesch\u00e4tzte Lesezeit":"4\u00a0Minuten"},"schema":{"@context":"https:\/\/schema.org","@graph":[{"@type":"Article","@id":"http:\/\/denizcankizil.tr\/de\/hukukihaber\/yargitay-12-hukuk-dairesinin-2020-2970-e-2020-2982-k-sayili-karari-2\/#article","isPartOf":{"@id":"http:\/\/denizcankizil.tr\/de\/hukukihaber\/yargitay-12-hukuk-dairesinin-2020-2970-e-2020-2982-k-sayili-karari-2\/"},"author":{"name":"Hukuki Haber.net","@id":"https:\/\/denizcankizil.tr\/#\/schema\/person\/001a271de994a0aa3f90eea084424822"},"headline":"Yarg\u0131tay 12. Hukuk Dairesi\u2019nin 2020\/2970 E., 2020\/2982 K. say\u0131l\u0131 karar\u0131","datePublished":"2025-06-03T21:04:00+00:00","mainEntityOfPage":{"@id":"http:\/\/denizcankizil.tr\/de\/hukukihaber\/yargitay-12-hukuk-dairesinin-2020-2970-e-2020-2982-k-sayili-karari-2\/"},"wordCount":814,"publisher":{"@id":"https:\/\/denizcankizil.tr\/#organization"},"articleSection":["Hukuki Haberler"],"inLanguage":"de"},{"@type":"WebPage","@id":"http:\/\/denizcankizil.tr\/de\/hukukihaber\/yargitay-12-hukuk-dairesinin-2020-2970-e-2020-2982-k-sayili-karari-2\/","url":"http:\/\/denizcankizil.tr\/de\/hukukihaber\/yargitay-12-hukuk-dairesinin-2020-2970-e-2020-2982-k-sayili-karari-2\/","name":"Yarg\u0131tay 12. Hukuk Dairesi\u2019nin 2020\/2970 E., 2020\/2982 K. say\u0131l\u0131 karar\u0131 - Av. Deniz Can K\u0131z\u0131l","isPartOf":{"@id":"https:\/\/denizcankizil.tr\/#website"},"datePublished":"2025-06-03T21:04:00+00:00","breadcrumb":{"@id":"http:\/\/denizcankizil.tr\/de\/hukukihaber\/yargitay-12-hukuk-dairesinin-2020-2970-e-2020-2982-k-sayili-karari-2\/#breadcrumb"},"inLanguage":"de","potentialAction":[{"@type":"ReadAction","target":["http:\/\/denizcankizil.tr\/de\/hukukihaber\/yargitay-12-hukuk-dairesinin-2020-2970-e-2020-2982-k-sayili-karari-2\/"]}]},{"@type":"BreadcrumbList","@id":"http:\/\/denizcankizil.tr\/de\/hukukihaber\/yargitay-12-hukuk-dairesinin-2020-2970-e-2020-2982-k-sayili-karari-2\/#breadcrumb","itemListElement":[{"@type":"ListItem","position":1,"name":"Home","item":"https:\/\/denizcankizil.tr\/uk\/"},{"@type":"ListItem","position":2,"name":"Yarg\u0131tay 12. Hukuk Dairesi\u2019nin 2020\/2970 E., 2020\/2982 K. say\u0131l\u0131 karar\u0131"}]},{"@type":"WebSite","@id":"https:\/\/denizcankizil.tr\/#website","url":"https:\/\/denizcankizil.tr\/","name":"Av. Deniz Can K\u0131z\u0131l","description":"Avukat Deniz Can K\u0131z\u0131l Antalya Barosu","publisher":{"@id":"https:\/\/denizcankizil.tr\/#organization"},"potentialAction":[{"@type":"SearchAction","target":{"@type":"EntryPoint","urlTemplate":"https:\/\/denizcankizil.tr\/?s={search_term_string}"},"query-input":{"@type":"PropertyValueSpecification","valueRequired":true,"valueName":"search_term_string"}}],"inLanguage":"de"},{"@type":"Organization","@id":"https:\/\/denizcankizil.tr\/#organization","name":"Av. Deniz Can K\u0131z\u0131l","url":"https:\/\/denizcankizil.tr\/","logo":{"@type":"ImageObject","inLanguage":"de","@id":"https:\/\/denizcankizil.tr\/#\/schema\/logo\/image\/","url":"http:\/\/denizcankizil.tr\/wp-content\/uploads\/2024\/10\/siyah-logo-svg.svg","contentUrl":"http:\/\/denizcankizil.tr\/wp-content\/uploads\/2024\/10\/siyah-logo-svg.svg","width":1080,"height":1080,"caption":"Av. Deniz Can K\u0131z\u0131l"},"image":{"@id":"https:\/\/denizcankizil.tr\/#\/schema\/logo\/image\/"}},{"@type":"Person","@id":"https:\/\/denizcankizil.tr\/#\/schema\/person\/001a271de994a0aa3f90eea084424822","name":"Hukuki Haber.net","image":{"@type":"ImageObject","inLanguage":"de","@id":"https:\/\/denizcankizil.tr\/#\/schema\/person\/image\/","url":"https:\/\/secure.gravatar.com\/avatar\/57d8a49151495586611a149d29fc42865b951dc053a84709a3172ccb5abf3118?s=96&d=mm&r=g","contentUrl":"https:\/\/secure.gravatar.com\/avatar\/57d8a49151495586611a149d29fc42865b951dc053a84709a3172ccb5abf3118?s=96&d=mm&r=g","caption":"Hukuki Haber.net"},"sameAs":["http:\/\/www.hukukihaber.net"],"url":"http:\/\/denizcankizil.tr\/de\/author\/hukukihabernet\/"}]}},"_links":{"self":[{"href":"http:\/\/denizcankizil.tr\/de\/wp-json\/wp\/v2\/posts\/106067","targetHints":{"allow":["GET"]}}],"collection":[{"href":"http:\/\/denizcankizil.tr\/de\/wp-json\/wp\/v2\/posts"}],"about":[{"href":"http:\/\/denizcankizil.tr\/de\/wp-json\/wp\/v2\/types\/post"}],"author":[{"embeddable":true,"href":"http:\/\/denizcankizil.tr\/de\/wp-json\/wp\/v2\/users\/3"}],"replies":[{"embeddable":true,"href":"http:\/\/denizcankizil.tr\/de\/wp-json\/wp\/v2\/comments?post=106067"}],"version-history":[{"count":0,"href":"http:\/\/denizcankizil.tr\/de\/wp-json\/wp\/v2\/posts\/106067\/revisions"}],"wp:attachment":[{"href":"http:\/\/denizcankizil.tr\/de\/wp-json\/wp\/v2\/media?parent=106067"}],"wp:term":[{"taxonomy":"category","embeddable":true,"href":"http:\/\/denizcankizil.tr\/de\/wp-json\/wp\/v2\/categories?post=106067"},{"taxonomy":"post_tag","embeddable":true,"href":"http:\/\/denizcankizil.tr\/de\/wp-json\/wp\/v2\/tags?post=106067"}],"curies":[{"name":"wp","href":"https:\/\/api.w.org\/{rel}","templated":true}]}}