{"id":10376,"date":"2024-10-30T16:41:33","date_gmt":"2024-10-30T13:41:33","guid":{"rendered":"https:\/\/denizcankizil.tr\/uncategorized-tr\/beylikduzu-ve-paderborn-kardes-sehir-oldu-2\/"},"modified":"2024-10-30T16:41:33","modified_gmt":"2024-10-30T13:41:33","slug":"beylikduzu-ve-paderborn-kardes-sehir-oldu-2","status":"publish","type":"post","link":"http:\/\/denizcankizil.tr\/de\/haberler\/gundem\/beylikduzu-ve-paderborn-kardes-sehir-oldu-2\/","title":{"rendered":"Beylikd\u00fcz\u00fc ve Paderborn Karde\u015f \u015eehir Oldu"},"content":{"rendered":"<p>Beylikd\u00fcz\u00fc Belediyesi ve Paderborn Belediyesi aras\u0131nda karde\u015f \u015fehir protokol\u00fc imzaland\u0131.<\/p>\n<p>\u200bBeylikd\u00fcz\u00fc Belediyesi ve Paderborn Belediyesi aras\u0131nda karde\u015f \u015fehir protokol\u00fc imzaland\u0131.\u00a0<\/p>\n<p>\u200bHaberin Al\u0131nt\u0131land\u0131\u011f\u0131 Kaynak: www.iskenderun.org<\/p>","protected":false},"excerpt":{"rendered":"<p>Beylikd\u00fcz\u00fc Belediyesi ve Paderborn Belediyesi aras\u0131nda karde\u015f \u015fehir protokol\u00fc imzaland\u0131. \u200bBeylikd\u00fcz\u00fc Belediyesi ve Paderborn Belediyesi aras\u0131nda karde\u015f \u015fehir protokol\u00fc imzaland\u0131.\u00a0 \u200bHaberin Al\u0131nt\u0131land\u0131\u011f\u0131 Kaynak: www.iskenderun.org<\/p>","protected":false},"author":0,"featured_media":0,"comment_status":"open","ping_status":"open","sticky":false,"template":"","format":"standard","meta":{"_acf_changed":false,"footnotes":""},"categories":[24,535],"tags":[],"class_list":["post-10376","post","type-post","status-publish","format-standard","has-post-thumbnail","hentry","category-gundem","category-uncategorized-tr"],"acf":[],"yoast_head":"<!-- This site is optimized with the Yoast SEO Premium plugin v26.6 (Yoast SEO v27.1.1) - https:\/\/yoast.com\/product\/yoast-seo-premium-wordpress\/ -->\n<title>Beylikd\u00fcz\u00fc ve Paderborn Karde\u015f \u015eehir Oldu - Av. Deniz Can K\u0131z\u0131l<\/title>\n<meta name=\"robots\" content=\"index, follow, max-snippet:-1, max-image-preview:large, max-video-preview:-1\" \/>\n<link rel=\"canonical\" href=\"https:\/\/denizcankizil.tr\/de\/haberler\/gundem\/beylikduzu-ve-paderborn-kardes-sehir-oldu-2\/\" \/>\n<meta property=\"og:locale\" content=\"de_DE\" \/>\n<meta property=\"og:type\" content=\"article\" \/>\n<meta property=\"og:title\" content=\"Beylikd\u00fcz\u00fc ve Paderborn Karde\u015f \u015eehir Oldu\" \/>\n<meta property=\"og:description\" content=\"Beylikd\u00fcz\u00fc Belediyesi ve Paderborn Belediyesi aras\u0131nda karde\u015f \u015fehir protokol\u00fc imzaland\u0131. \u200bBeylikd\u00fcz\u00fc Belediyesi ve Paderborn Belediyesi aras\u0131nda karde\u015f \u015fehir protokol\u00fc imzaland\u0131.\u00a0 \u200bHaberin Al\u0131nt\u0131land\u0131\u011f\u0131 Kaynak: www.iskenderun.org\" \/>\n<meta property=\"og:url\" content=\"https:\/\/denizcankizil.tr\/de\/haberler\/gundem\/beylikduzu-ve-paderborn-kardes-sehir-oldu-2\/\" \/>\n<meta property=\"og:site_name\" content=\"Av. Deniz Can K\u0131z\u0131l\" \/>\n<meta property=\"article:published_time\" content=\"2024-10-30T13:41:33+00:00\" \/>\n<meta name=\"twitter:card\" content=\"summary_large_image\" \/>\n<script type=\"application\/ld+json\" class=\"yoast-schema-graph\">{\"@context\":\"https:\/\/schema.org\",\"@graph\":[{\"@type\":\"Article\",\"@id\":\"https:\/\/denizcankizil.tr\/ru\/haberler\/gundem\/beylikduzu-ve-paderborn-kardes-sehir-oldu-2\/#article\",\"isPartOf\":{\"@id\":\"https:\/\/denizcankizil.tr\/ru\/haberler\/gundem\/beylikduzu-ve-paderborn-kardes-sehir-oldu-2\/\"},\"author\":{\"name\":\"\",\"@id\":\"\"},\"headline\":\"Beylikd\u00fcz\u00fc ve Paderborn Karde\u015f \u015eehir Oldu\",\"datePublished\":\"2024-10-30T13:41:33+00:00\",\"mainEntityOfPage\":{\"@id\":\"https:\/\/denizcankizil.tr\/ru\/haberler\/gundem\/beylikduzu-ve-paderborn-kardes-sehir-oldu-2\/\"},\"wordCount\":39,\"commentCount\":0,\"publisher\":{\"@id\":\"https:\/\/denizcankizil.tr\/#organization\"},\"articleSection\":[\"G\u00fcndem\",\"Uncategorized\"],\"inLanguage\":\"de\",\"potentialAction\":[{\"@type\":\"CommentAction\",\"name\":\"Comment\",\"target\":[\"https:\/\/denizcankizil.tr\/ru\/haberler\/gundem\/beylikduzu-ve-paderborn-kardes-sehir-oldu-2\/#respond\"]}]},{\"@type\":\"WebPage\",\"@id\":\"https:\/\/denizcankizil.tr\/ru\/haberler\/gundem\/beylikduzu-ve-paderborn-kardes-sehir-oldu-2\/\",\"url\":\"https:\/\/denizcankizil.tr\/ru\/haberler\/gundem\/beylikduzu-ve-paderborn-kardes-sehir-oldu-2\/\",\"name\":\"Beylikd\u00fcz\u00fc ve Paderborn Karde\u015f \u015eehir Oldu - Av. Deniz Can K\u0131z\u0131l\",\"isPartOf\":{\"@id\":\"https:\/\/denizcankizil.tr\/#website\"},\"datePublished\":\"2024-10-30T13:41:33+00:00\",\"breadcrumb\":{\"@id\":\"https:\/\/denizcankizil.tr\/ru\/haberler\/gundem\/beylikduzu-ve-paderborn-kardes-sehir-oldu-2\/#breadcrumb\"},\"inLanguage\":\"de\",\"potentialAction\":[{\"@type\":\"ReadAction\",\"target\":[\"https:\/\/denizcankizil.tr\/ru\/haberler\/gundem\/beylikduzu-ve-paderborn-kardes-sehir-oldu-2\/\"]}]},{\"@type\":\"BreadcrumbList\",\"@id\":\"https:\/\/denizcankizil.tr\/ru\/haberler\/gundem\/beylikduzu-ve-paderborn-kardes-sehir-oldu-2\/#breadcrumb\",\"itemListElement\":[{\"@type\":\"ListItem\",\"position\":1,\"name\":\"Home\",\"item\":\"https:\/\/denizcankizil.tr\/de\/\"},{\"@type\":\"ListItem\",\"position\":2,\"name\":\"Beylikd\u00fcz\u00fc ve Paderborn Karde\u015f \u015eehir Oldu\"}]},{\"@type\":\"WebSite\",\"@id\":\"https:\/\/denizcankizil.tr\/#website\",\"url\":\"https:\/\/denizcankizil.tr\/\",\"name\":\"Av. Deniz Can K\u0131z\u0131l\",\"description\":\"Avukat Deniz Can K\u0131z\u0131l Antalya Barosu\",\"publisher\":{\"@id\":\"https:\/\/denizcankizil.tr\/#organization\"},\"potentialAction\":[{\"@type\":\"SearchAction\",\"target\":{\"@type\":\"EntryPoint\",\"urlTemplate\":\"https:\/\/denizcankizil.tr\/?s={search_term_string}\"},\"query-input\":{\"@type\":\"PropertyValueSpecification\",\"valueRequired\":true,\"valueName\":\"search_term_string\"}}],\"inLanguage\":\"de\"},{\"@type\":\"Organization\",\"@id\":\"https:\/\/denizcankizil.tr\/#organization\",\"name\":\"Av. Deniz Can K\u0131z\u0131l\",\"url\":\"https:\/\/denizcankizil.tr\/\",\"logo\":{\"@type\":\"ImageObject\",\"inLanguage\":\"de\",\"@id\":\"https:\/\/denizcankizil.tr\/#\/schema\/logo\/image\/\",\"url\":\"http:\/\/denizcankizil.tr\/wp-content\/uploads\/2024\/10\/siyah-logo-svg.svg\",\"contentUrl\":\"http:\/\/denizcankizil.tr\/wp-content\/uploads\/2024\/10\/siyah-logo-svg.svg\",\"width\":1080,\"height\":1080,\"caption\":\"Av. Deniz Can K\u0131z\u0131l\"},\"image\":{\"@id\":\"https:\/\/denizcankizil.tr\/#\/schema\/logo\/image\/\"}}]}<\/script>\n<!-- \/ Yoast SEO Premium plugin. -->","yoast_head_json":{"title":"Beylikd\u00fcz\u00fc ve Paderborn Karde\u015f \u015eehir Oldu - Av. Deniz Can K\u0131z\u0131l","robots":{"index":"index","follow":"follow","max-snippet":"max-snippet:-1","max-image-preview":"max-image-preview:large","max-video-preview":"max-video-preview:-1"},"canonical":"https:\/\/denizcankizil.tr\/de\/haberler\/gundem\/beylikduzu-ve-paderborn-kardes-sehir-oldu-2\/","og_locale":"de_DE","og_type":"article","og_title":"Beylikd\u00fcz\u00fc ve Paderborn Karde\u015f \u015eehir Oldu","og_description":"Beylikd\u00fcz\u00fc Belediyesi ve Paderborn Belediyesi aras\u0131nda karde\u015f \u015fehir protokol\u00fc imzaland\u0131. \u200bBeylikd\u00fcz\u00fc Belediyesi ve Paderborn Belediyesi aras\u0131nda karde\u015f \u015fehir protokol\u00fc imzaland\u0131.\u00a0 \u200bHaberin Al\u0131nt\u0131land\u0131\u011f\u0131 Kaynak: www.iskenderun.org","og_url":"https:\/\/denizcankizil.tr\/de\/haberler\/gundem\/beylikduzu-ve-paderborn-kardes-sehir-oldu-2\/","og_site_name":"Av. Deniz Can K\u0131z\u0131l","article_published_time":"2024-10-30T13:41:33+00:00","twitter_card":"summary_large_image","schema":{"@context":"https:\/\/schema.org","@graph":[{"@type":"Article","@id":"https:\/\/denizcankizil.tr\/ru\/haberler\/gundem\/beylikduzu-ve-paderborn-kardes-sehir-oldu-2\/#article","isPartOf":{"@id":"https:\/\/denizcankizil.tr\/ru\/haberler\/gundem\/beylikduzu-ve-paderborn-kardes-sehir-oldu-2\/"},"author":{"name":"","@id":""},"headline":"Beylikd\u00fcz\u00fc ve Paderborn Karde\u015f \u015eehir Oldu","datePublished":"2024-10-30T13:41:33+00:00","mainEntityOfPage":{"@id":"https:\/\/denizcankizil.tr\/ru\/haberler\/gundem\/beylikduzu-ve-paderborn-kardes-sehir-oldu-2\/"},"wordCount":39,"commentCount":0,"publisher":{"@id":"https:\/\/denizcankizil.tr\/#organization"},"articleSection":["G\u00fcndem","Uncategorized"],"inLanguage":"de","potentialAction":[{"@type":"CommentAction","name":"Comment","target":["https:\/\/denizcankizil.tr\/ru\/haberler\/gundem\/beylikduzu-ve-paderborn-kardes-sehir-oldu-2\/#respond"]}]},{"@type":"WebPage","@id":"https:\/\/denizcankizil.tr\/ru\/haberler\/gundem\/beylikduzu-ve-paderborn-kardes-sehir-oldu-2\/","url":"https:\/\/denizcankizil.tr\/ru\/haberler\/gundem\/beylikduzu-ve-paderborn-kardes-sehir-oldu-2\/","name":"Beylikd\u00fcz\u00fc ve Paderborn Karde\u015f \u015eehir Oldu - Av. Deniz Can K\u0131z\u0131l","isPartOf":{"@id":"https:\/\/denizcankizil.tr\/#website"},"datePublished":"2024-10-30T13:41:33+00:00","breadcrumb":{"@id":"https:\/\/denizcankizil.tr\/ru\/haberler\/gundem\/beylikduzu-ve-paderborn-kardes-sehir-oldu-2\/#breadcrumb"},"inLanguage":"de","potentialAction":[{"@type":"ReadAction","target":["https:\/\/denizcankizil.tr\/ru\/haberler\/gundem\/beylikduzu-ve-paderborn-kardes-sehir-oldu-2\/"]}]},{"@type":"BreadcrumbList","@id":"https:\/\/denizcankizil.tr\/ru\/haberler\/gundem\/beylikduzu-ve-paderborn-kardes-sehir-oldu-2\/#breadcrumb","itemListElement":[{"@type":"ListItem","position":1,"name":"Home","item":"https:\/\/denizcankizil.tr\/de\/"},{"@type":"ListItem","position":2,"name":"Beylikd\u00fcz\u00fc ve Paderborn Karde\u015f \u015eehir Oldu"}]},{"@type":"WebSite","@id":"https:\/\/denizcankizil.tr\/#website","url":"https:\/\/denizcankizil.tr\/","name":"Av. Deniz Can K\u0131z\u0131l","description":"Avukat Deniz Can K\u0131z\u0131l Antalya Barosu","publisher":{"@id":"https:\/\/denizcankizil.tr\/#organization"},"potentialAction":[{"@type":"SearchAction","target":{"@type":"EntryPoint","urlTemplate":"https:\/\/denizcankizil.tr\/?s={search_term_string}"},"query-input":{"@type":"PropertyValueSpecification","valueRequired":true,"valueName":"search_term_string"}}],"inLanguage":"de"},{"@type":"Organization","@id":"https:\/\/denizcankizil.tr\/#organization","name":"Av. Deniz Can K\u0131z\u0131l","url":"https:\/\/denizcankizil.tr\/","logo":{"@type":"ImageObject","inLanguage":"de","@id":"https:\/\/denizcankizil.tr\/#\/schema\/logo\/image\/","url":"http:\/\/denizcankizil.tr\/wp-content\/uploads\/2024\/10\/siyah-logo-svg.svg","contentUrl":"http:\/\/denizcankizil.tr\/wp-content\/uploads\/2024\/10\/siyah-logo-svg.svg","width":1080,"height":1080,"caption":"Av. Deniz Can K\u0131z\u0131l"},"image":{"@id":"https:\/\/denizcankizil.tr\/#\/schema\/logo\/image\/"}}]}},"_links":{"self":[{"href":"http:\/\/denizcankizil.tr\/de\/wp-json\/wp\/v2\/posts\/10376","targetHints":{"allow":["GET"]}}],"collection":[{"href":"http:\/\/denizcankizil.tr\/de\/wp-json\/wp\/v2\/posts"}],"about":[{"href":"http:\/\/denizcankizil.tr\/de\/wp-json\/wp\/v2\/types\/post"}],"replies":[{"embeddable":true,"href":"http:\/\/denizcankizil.tr\/de\/wp-json\/wp\/v2\/comments?post=10376"}],"version-history":[{"count":0,"href":"http:\/\/denizcankizil.tr\/de\/wp-json\/wp\/v2\/posts\/10376\/revisions"}],"wp:attachment":[{"href":"http:\/\/denizcankizil.tr\/de\/wp-json\/wp\/v2\/media?parent=10376"}],"wp:term":[{"taxonomy":"category","embeddable":true,"href":"http:\/\/denizcankizil.tr\/de\/wp-json\/wp\/v2\/categories?post=10376"},{"taxonomy":"post_tag","embeddable":true,"href":"http:\/\/denizcankizil.tr\/de\/wp-json\/wp\/v2\/tags?post=10376"}],"curies":[{"name":"wp","href":"https:\/\/api.w.org\/{rel}","templated":true}]}}