{"id":10375,"date":"2024-10-30T16:41:33","date_gmt":"2024-10-30T13:41:33","guid":{"rendered":"https:\/\/denizcankizil.tr\/uncategorized-tr\/bucada-cumhuriyet-coskusu-meydanlara-sigmadi\/"},"modified":"2024-10-30T16:41:33","modified_gmt":"2024-10-30T13:41:33","slug":"bucada-cumhuriyet-coskusu-meydanlara-sigmadi","status":"publish","type":"post","link":"http:\/\/denizcankizil.tr\/de\/haberler\/gundem\/bucada-cumhuriyet-coskusu-meydanlara-sigmadi\/","title":{"rendered":"Buca\u2019da Cumhuriyet co\u015fkusu meydanlara s\u0131\u011fmad\u0131"},"content":{"rendered":"<p>Buca, 29 Ekim Cumhuriyet Bayram\u0131\u2019n\u0131 co\u015fkuyla kutlad\u0131. 101. y\u0131la yak\u0131\u015f\u0131r bir kutlama program\u0131 haz\u0131rlayan Buca Belediye Ba\u015fkan\u0131 G\u00f6rkem Duman, belediye ba\u015fkan\u0131 olma gururunu Cumhuriyet\u2019e ve Mustafa Kemal Atat\u00fcrk\u2019e bor\u00e7lu oldu\u011funu s\u00f6yledi.<\/p>\n<p>\u200bBuca, 29 Ekim Cumhuriyet Bayram\u0131\u2019n\u0131 co\u015fkuyla kutlad\u0131. 101. y\u0131la yak\u0131\u015f\u0131r bir kutlama program\u0131 haz\u0131rlayan Buca Belediye Ba\u015fkan\u0131 G\u00f6rkem Duman, belediye ba\u015fkan\u0131 olma gururunu Cumhuriyet\u2019e ve Mustafa Kemal Atat\u00fcrk\u2019e bor\u00e7lu oldu\u011funu s\u00f6yledi.\u00a0<\/p>\n<p>\u200bHaberin Al\u0131nt\u0131land\u0131\u011f\u0131 Kaynak: www.iskenderun.org<\/p>","protected":false},"excerpt":{"rendered":"<p>Buca, 29 Ekim Cumhuriyet Bayram\u0131\u2019n\u0131 co\u015fkuyla kutlad\u0131. 101. y\u0131la yak\u0131\u015f\u0131r bir kutlama program\u0131 haz\u0131rlayan Buca Belediye Ba\u015fkan\u0131 G\u00f6rkem Duman, belediye ba\u015fkan\u0131 olma gururunu Cumhuriyet\u2019e ve Mustafa Kemal Atat\u00fcrk\u2019e bor\u00e7lu oldu\u011funu s\u00f6yledi. \u200bBuca, 29 Ekim Cumhuriyet Bayram\u0131\u2019n\u0131 co\u015fkuyla kutlad\u0131. 101. y\u0131la yak\u0131\u015f\u0131r bir kutlama program\u0131 haz\u0131rlayan Buca Belediye Ba\u015fkan\u0131 G\u00f6rkem Duman, belediye ba\u015fkan\u0131 olma gururunu Cumhuriyet\u2019e ve Mustafa Kemal Atat\u00fcrk\u2019e bor\u00e7lu oldu\u011funu s\u00f6yledi.\u00a0 \u200bHaberin Al\u0131nt\u0131land\u0131\u011f\u0131 Kaynak: www.iskenderun.org<\/p>","protected":false},"author":0,"featured_media":0,"comment_status":"open","ping_status":"open","sticky":false,"template":"","format":"standard","meta":{"_acf_changed":false,"footnotes":""},"categories":[24,535],"tags":[],"class_list":["post-10375","post","type-post","status-publish","format-standard","has-post-thumbnail","hentry","category-gundem","category-uncategorized-tr"],"acf":[],"yoast_head":"<!-- This site is optimized with the Yoast SEO Premium plugin v26.6 (Yoast SEO v27.1.1) - https:\/\/yoast.com\/product\/yoast-seo-premium-wordpress\/ -->\n<title>Buca\u2019da Cumhuriyet co\u015fkusu meydanlara s\u0131\u011fmad\u0131 - Av. Deniz Can K\u0131z\u0131l<\/title>\n<meta name=\"robots\" content=\"index, follow, max-snippet:-1, max-image-preview:large, max-video-preview:-1\" \/>\n<link rel=\"canonical\" href=\"http:\/\/denizcankizil.tr\/de\/haberler\/gundem\/bucada-cumhuriyet-coskusu-meydanlara-sigmadi\/\" \/>\n<meta property=\"og:locale\" content=\"de_DE\" \/>\n<meta property=\"og:type\" content=\"article\" \/>\n<meta property=\"og:title\" content=\"Buca\u2019da Cumhuriyet co\u015fkusu meydanlara s\u0131\u011fmad\u0131\" \/>\n<meta property=\"og:description\" content=\"Buca, 29 Ekim Cumhuriyet Bayram\u0131\u2019n\u0131 co\u015fkuyla kutlad\u0131. 101. y\u0131la yak\u0131\u015f\u0131r bir kutlama program\u0131 haz\u0131rlayan Buca Belediye Ba\u015fkan\u0131 G\u00f6rkem Duman, belediye ba\u015fkan\u0131 olma gururunu Cumhuriyet\u2019e ve Mustafa Kemal Atat\u00fcrk\u2019e bor\u00e7lu oldu\u011funu s\u00f6yledi. \u200bBuca, 29 Ekim Cumhuriyet Bayram\u0131\u2019n\u0131 co\u015fkuyla kutlad\u0131. 101. y\u0131la yak\u0131\u015f\u0131r bir kutlama program\u0131 haz\u0131rlayan Buca Belediye Ba\u015fkan\u0131 G\u00f6rkem Duman, belediye ba\u015fkan\u0131 olma gururunu Cumhuriyet\u2019e ve Mustafa Kemal Atat\u00fcrk\u2019e bor\u00e7lu oldu\u011funu s\u00f6yledi.\u00a0 \u200bHaberin Al\u0131nt\u0131land\u0131\u011f\u0131 Kaynak: www.iskenderun.org\" \/>\n<meta property=\"og:url\" content=\"http:\/\/denizcankizil.tr\/de\/haberler\/gundem\/bucada-cumhuriyet-coskusu-meydanlara-sigmadi\/\" \/>\n<meta property=\"og:site_name\" content=\"Av. Deniz Can K\u0131z\u0131l\" \/>\n<meta property=\"article:published_time\" content=\"2024-10-30T13:41:33+00:00\" \/>\n<meta name=\"twitter:card\" content=\"summary_large_image\" \/>\n<script type=\"application\/ld+json\" class=\"yoast-schema-graph\">{\"@context\":\"https:\/\/schema.org\",\"@graph\":[{\"@type\":\"Article\",\"@id\":\"http:\/\/denizcankizil.tr\/de\/haberler\/gundem\/bucada-cumhuriyet-coskusu-meydanlara-sigmadi\/#article\",\"isPartOf\":{\"@id\":\"http:\/\/denizcankizil.tr\/de\/haberler\/gundem\/bucada-cumhuriyet-coskusu-meydanlara-sigmadi\/\"},\"author\":{\"name\":\"\",\"@id\":\"\"},\"headline\":\"Buca\u2019da Cumhuriyet co\u015fkusu meydanlara s\u0131\u011fmad\u0131\",\"datePublished\":\"2024-10-30T13:41:33+00:00\",\"mainEntityOfPage\":{\"@id\":\"http:\/\/denizcankizil.tr\/de\/haberler\/gundem\/bucada-cumhuriyet-coskusu-meydanlara-sigmadi\/\"},\"wordCount\":102,\"commentCount\":0,\"publisher\":{\"@id\":\"https:\/\/denizcankizil.tr\/de\/#organization\"},\"articleSection\":[\"G\u00fcndem\",\"Uncategorized\"],\"inLanguage\":\"de\",\"potentialAction\":[{\"@type\":\"CommentAction\",\"name\":\"Comment\",\"target\":[\"http:\/\/denizcankizil.tr\/de\/haberler\/gundem\/bucada-cumhuriyet-coskusu-meydanlara-sigmadi\/#respond\"]}]},{\"@type\":\"WebPage\",\"@id\":\"http:\/\/denizcankizil.tr\/de\/haberler\/gundem\/bucada-cumhuriyet-coskusu-meydanlara-sigmadi\/\",\"url\":\"http:\/\/denizcankizil.tr\/de\/haberler\/gundem\/bucada-cumhuriyet-coskusu-meydanlara-sigmadi\/\",\"name\":\"Buca\u2019da Cumhuriyet co\u015fkusu meydanlara s\u0131\u011fmad\u0131 - Av. Deniz Can K\u0131z\u0131l\",\"isPartOf\":{\"@id\":\"https:\/\/denizcankizil.tr\/de\/#website\"},\"datePublished\":\"2024-10-30T13:41:33+00:00\",\"breadcrumb\":{\"@id\":\"http:\/\/denizcankizil.tr\/de\/haberler\/gundem\/bucada-cumhuriyet-coskusu-meydanlara-sigmadi\/#breadcrumb\"},\"inLanguage\":\"de\",\"potentialAction\":[{\"@type\":\"ReadAction\",\"target\":[\"http:\/\/denizcankizil.tr\/de\/haberler\/gundem\/bucada-cumhuriyet-coskusu-meydanlara-sigmadi\/\"]}]},{\"@type\":\"BreadcrumbList\",\"@id\":\"http:\/\/denizcankizil.tr\/de\/haberler\/gundem\/bucada-cumhuriyet-coskusu-meydanlara-sigmadi\/#breadcrumb\",\"itemListElement\":[{\"@type\":\"ListItem\",\"position\":1,\"name\":\"Home\",\"item\":\"https:\/\/denizcankizil.tr\/de\/\"},{\"@type\":\"ListItem\",\"position\":2,\"name\":\"Buca\u2019da Cumhuriyet co\u015fkusu meydanlara s\u0131\u011fmad\u0131\"}]},{\"@type\":\"WebSite\",\"@id\":\"https:\/\/denizcankizil.tr\/de\/#website\",\"url\":\"https:\/\/denizcankizil.tr\/de\/\",\"name\":\"Av. Deniz Can K\u0131z\u0131l\",\"description\":\"Avukat Deniz Can K\u0131z\u0131l Antalya Barosu\",\"publisher\":{\"@id\":\"https:\/\/denizcankizil.tr\/de\/#organization\"},\"potentialAction\":[{\"@type\":\"SearchAction\",\"target\":{\"@type\":\"EntryPoint\",\"urlTemplate\":\"https:\/\/denizcankizil.tr\/de\/?s={search_term_string}\"},\"query-input\":{\"@type\":\"PropertyValueSpecification\",\"valueRequired\":true,\"valueName\":\"search_term_string\"}}],\"inLanguage\":\"de\"},{\"@type\":\"Organization\",\"@id\":\"https:\/\/denizcankizil.tr\/de\/#organization\",\"name\":\"Av. Deniz Can K\u0131z\u0131l\",\"url\":\"https:\/\/denizcankizil.tr\/de\/\",\"logo\":{\"@type\":\"ImageObject\",\"inLanguage\":\"de\",\"@id\":\"https:\/\/denizcankizil.tr\/de\/#\/schema\/logo\/image\/\",\"url\":\"http:\/\/denizcankizil.tr\/wp-content\/uploads\/2024\/10\/siyah-logo-svg.svg\",\"contentUrl\":\"http:\/\/denizcankizil.tr\/wp-content\/uploads\/2024\/10\/siyah-logo-svg.svg\",\"width\":1080,\"height\":1080,\"caption\":\"Av. Deniz Can K\u0131z\u0131l\"},\"image\":{\"@id\":\"https:\/\/denizcankizil.tr\/de\/#\/schema\/logo\/image\/\"}}]}<\/script>\n<!-- \/ Yoast SEO Premium plugin. -->","yoast_head_json":{"title":"Buca\u2019da Cumhuriyet co\u015fkusu meydanlara s\u0131\u011fmad\u0131 - Av. Deniz Can K\u0131z\u0131l","robots":{"index":"index","follow":"follow","max-snippet":"max-snippet:-1","max-image-preview":"max-image-preview:large","max-video-preview":"max-video-preview:-1"},"canonical":"http:\/\/denizcankizil.tr\/de\/haberler\/gundem\/bucada-cumhuriyet-coskusu-meydanlara-sigmadi\/","og_locale":"de_DE","og_type":"article","og_title":"Buca\u2019da Cumhuriyet co\u015fkusu meydanlara s\u0131\u011fmad\u0131","og_description":"Buca, 29 Ekim Cumhuriyet Bayram\u0131\u2019n\u0131 co\u015fkuyla kutlad\u0131. 101. y\u0131la yak\u0131\u015f\u0131r bir kutlama program\u0131 haz\u0131rlayan Buca Belediye Ba\u015fkan\u0131 G\u00f6rkem Duman, belediye ba\u015fkan\u0131 olma gururunu Cumhuriyet\u2019e ve Mustafa Kemal Atat\u00fcrk\u2019e bor\u00e7lu oldu\u011funu s\u00f6yledi. \u200bBuca, 29 Ekim Cumhuriyet Bayram\u0131\u2019n\u0131 co\u015fkuyla kutlad\u0131. 101. y\u0131la yak\u0131\u015f\u0131r bir kutlama program\u0131 haz\u0131rlayan Buca Belediye Ba\u015fkan\u0131 G\u00f6rkem Duman, belediye ba\u015fkan\u0131 olma gururunu Cumhuriyet\u2019e ve Mustafa Kemal Atat\u00fcrk\u2019e bor\u00e7lu oldu\u011funu s\u00f6yledi.\u00a0 \u200bHaberin Al\u0131nt\u0131land\u0131\u011f\u0131 Kaynak: www.iskenderun.org","og_url":"http:\/\/denizcankizil.tr\/de\/haberler\/gundem\/bucada-cumhuriyet-coskusu-meydanlara-sigmadi\/","og_site_name":"Av. Deniz Can K\u0131z\u0131l","article_published_time":"2024-10-30T13:41:33+00:00","twitter_card":"summary_large_image","schema":{"@context":"https:\/\/schema.org","@graph":[{"@type":"Article","@id":"http:\/\/denizcankizil.tr\/de\/haberler\/gundem\/bucada-cumhuriyet-coskusu-meydanlara-sigmadi\/#article","isPartOf":{"@id":"http:\/\/denizcankizil.tr\/de\/haberler\/gundem\/bucada-cumhuriyet-coskusu-meydanlara-sigmadi\/"},"author":{"name":"","@id":""},"headline":"Buca\u2019da Cumhuriyet co\u015fkusu meydanlara s\u0131\u011fmad\u0131","datePublished":"2024-10-30T13:41:33+00:00","mainEntityOfPage":{"@id":"http:\/\/denizcankizil.tr\/de\/haberler\/gundem\/bucada-cumhuriyet-coskusu-meydanlara-sigmadi\/"},"wordCount":102,"commentCount":0,"publisher":{"@id":"https:\/\/denizcankizil.tr\/de\/#organization"},"articleSection":["G\u00fcndem","Uncategorized"],"inLanguage":"de","potentialAction":[{"@type":"CommentAction","name":"Comment","target":["http:\/\/denizcankizil.tr\/de\/haberler\/gundem\/bucada-cumhuriyet-coskusu-meydanlara-sigmadi\/#respond"]}]},{"@type":"WebPage","@id":"http:\/\/denizcankizil.tr\/de\/haberler\/gundem\/bucada-cumhuriyet-coskusu-meydanlara-sigmadi\/","url":"http:\/\/denizcankizil.tr\/de\/haberler\/gundem\/bucada-cumhuriyet-coskusu-meydanlara-sigmadi\/","name":"Buca\u2019da Cumhuriyet co\u015fkusu meydanlara s\u0131\u011fmad\u0131 - Av. Deniz Can K\u0131z\u0131l","isPartOf":{"@id":"https:\/\/denizcankizil.tr\/de\/#website"},"datePublished":"2024-10-30T13:41:33+00:00","breadcrumb":{"@id":"http:\/\/denizcankizil.tr\/de\/haberler\/gundem\/bucada-cumhuriyet-coskusu-meydanlara-sigmadi\/#breadcrumb"},"inLanguage":"de","potentialAction":[{"@type":"ReadAction","target":["http:\/\/denizcankizil.tr\/de\/haberler\/gundem\/bucada-cumhuriyet-coskusu-meydanlara-sigmadi\/"]}]},{"@type":"BreadcrumbList","@id":"http:\/\/denizcankizil.tr\/de\/haberler\/gundem\/bucada-cumhuriyet-coskusu-meydanlara-sigmadi\/#breadcrumb","itemListElement":[{"@type":"ListItem","position":1,"name":"Home","item":"https:\/\/denizcankizil.tr\/de\/"},{"@type":"ListItem","position":2,"name":"Buca\u2019da Cumhuriyet co\u015fkusu meydanlara s\u0131\u011fmad\u0131"}]},{"@type":"WebSite","@id":"https:\/\/denizcankizil.tr\/de\/#website","url":"https:\/\/denizcankizil.tr\/de\/","name":"Av. Deniz Can K\u0131z\u0131l","description":"Avukat Deniz Can K\u0131z\u0131l Antalya Barosu","publisher":{"@id":"https:\/\/denizcankizil.tr\/de\/#organization"},"potentialAction":[{"@type":"SearchAction","target":{"@type":"EntryPoint","urlTemplate":"https:\/\/denizcankizil.tr\/de\/?s={search_term_string}"},"query-input":{"@type":"PropertyValueSpecification","valueRequired":true,"valueName":"search_term_string"}}],"inLanguage":"de"},{"@type":"Organization","@id":"https:\/\/denizcankizil.tr\/de\/#organization","name":"Av. Deniz Can K\u0131z\u0131l","url":"https:\/\/denizcankizil.tr\/de\/","logo":{"@type":"ImageObject","inLanguage":"de","@id":"https:\/\/denizcankizil.tr\/de\/#\/schema\/logo\/image\/","url":"http:\/\/denizcankizil.tr\/wp-content\/uploads\/2024\/10\/siyah-logo-svg.svg","contentUrl":"http:\/\/denizcankizil.tr\/wp-content\/uploads\/2024\/10\/siyah-logo-svg.svg","width":1080,"height":1080,"caption":"Av. Deniz Can K\u0131z\u0131l"},"image":{"@id":"https:\/\/denizcankizil.tr\/de\/#\/schema\/logo\/image\/"}}]}},"_links":{"self":[{"href":"http:\/\/denizcankizil.tr\/de\/wp-json\/wp\/v2\/posts\/10375","targetHints":{"allow":["GET"]}}],"collection":[{"href":"http:\/\/denizcankizil.tr\/de\/wp-json\/wp\/v2\/posts"}],"about":[{"href":"http:\/\/denizcankizil.tr\/de\/wp-json\/wp\/v2\/types\/post"}],"replies":[{"embeddable":true,"href":"http:\/\/denizcankizil.tr\/de\/wp-json\/wp\/v2\/comments?post=10375"}],"version-history":[{"count":0,"href":"http:\/\/denizcankizil.tr\/de\/wp-json\/wp\/v2\/posts\/10375\/revisions"}],"wp:attachment":[{"href":"http:\/\/denizcankizil.tr\/de\/wp-json\/wp\/v2\/media?parent=10375"}],"wp:term":[{"taxonomy":"category","embeddable":true,"href":"http:\/\/denizcankizil.tr\/de\/wp-json\/wp\/v2\/categories?post=10375"},{"taxonomy":"post_tag","embeddable":true,"href":"http:\/\/denizcankizil.tr\/de\/wp-json\/wp\/v2\/tags?post=10375"}],"curies":[{"name":"wp","href":"https:\/\/api.w.org\/{rel}","templated":true}]}}