{"id":103608,"date":"2025-06-01T17:41:58","date_gmt":"2025-06-01T14:41:58","guid":{"rendered":"https:\/\/denizcankizil.tr\/uncategorized-tr\/gece-muzeciligi-basladi-muze-ve-oren-yerleri-ek-ucretle-ziyarete-aciliyor\/"},"modified":"2025-06-01T17:41:58","modified_gmt":"2025-06-01T14:41:58","slug":"gece-muzeciligi-basladi-muze-ve-oren-yerleri-ek-ucretle-ziyarete-aciliyor","status":"publish","type":"post","link":"http:\/\/denizcankizil.tr\/de\/haberler\/gundem\/gece-muzeciligi-basladi-muze-ve-oren-yerleri-ek-ucretle-ziyarete-aciliyor\/","title":{"rendered":"Gece m\u00fczecili\u011fi ba\u015flad\u0131&#8230; M\u00fcze ve \u00f6ren yerleri ek \u00fccretle ziyarete a\u00e7\u0131l\u0131yor"},"content":{"rendered":"<p>K\u00fclt\u00fcr ve Turizm Bakanl\u0131\u011f\u0131, \u201cGece M\u00fczecili\u011fi\u201d uygulamas\u0131yla m\u00fcze ve antik kentleri gece de ziyarete a\u00e7t\u0131. T.C. vatanda\u015f\u0131 M\u00fczekart sahipleri, 100 TL ek \u00fccretle 1 Haziran-1 Ekim 2025 aras\u0131nda ak\u015fam 19:00\u2019dan itibaren bu alanlar\u0131 gezebilecek. \u0130\u015fte o m\u00fczeler ve saatleri&#8230;ANKARA (\u0130GFA)  &#8211;  K\u00fclt\u00fcr ve Turizm Bakanl\u0131\u011f\u0131\u2019na ba\u011fl\u0131 K\u00fclt\u00fcr Varl\u0131klar\u0131 ve M\u00fczeler Genel M\u00fcd\u00fcrl\u00fc\u011f\u00fc, yo\u011fun ziyaret\u00e7i potansiyeline sahip m\u00fcze ve antik kentlerde \u201cGece M\u00fczecili\u011fi\u201d uygulamas\u0131n\u0131 ba\u015flatt\u0131.<br \/>\n1 Haziran 2025 itibar\u0131yla hayata ge\u00e7irilen proje, tarihi ve k\u00fclt\u00fcrel alanlar\u0131n ak\u015fam saatlerinde de gezilebilmesine olanak tan\u0131yor.<br \/>\nUygulama kapsam\u0131nda, m\u00fcze ve \u00f6ren yerlerinde \u00f6zel ziyaret rotalar\u0131 olu\u015fturuldu, \u00f6nemli yap\u0131lar \u0131\u015f\u0131kland\u0131r\u0131ld\u0131 ve ziyaret\u00e7i g\u00fcvenli\u011fi i\u00e7in gerekli \u00f6nlemler al\u0131nd\u0131.<br \/>\nProje, \u00f6zellikle yaz aylar\u0131nda a\u015f\u0131r\u0131 s\u0131caklar nedeniyle g\u00fcnd\u00fcz gezmekte zorlanan ziyaret\u00e7ilere daha geni\u015f bir zaman diliminde konforlu bir deneyim sunmay\u0131 ama\u00e7l\u0131yor. Ayr\u0131ca, \u00e7evredeki turizm faaliyetlerini canland\u0131rarak yerel ekonomiye katk\u0131 sa\u011flamas\u0131 hedefleniyor.<br \/>\nM\u00dcZEKART \u0130LE GECE Z\u0130YARET\u0130<br \/>\n1 Haziran-1 Ekim 2025 tarihleri aras\u0131nda T.C. vatanda\u015f\u0131 M\u00fczekart sahipleri, mevcut kartlar\u0131na ek olarak 100 TL \u00fccret \u00f6deyerek belirlenen m\u00fcze ve \u00f6ren yerlerini saat 19:00\u2019dan itibaren kapan\u0131\u015f saatine kadar ziyaret edebilecek. Uygulama, k\u00fclt\u00fcrel mirasa eri\u015fimi art\u0131r\u0131rken, gece saatlerinde e\u015fsiz bir atmosferde tarihle bulu\u015fma f\u0131rsat\u0131 sunuyor.<\/p>\n<p>K\u00fclt\u00fcr Varl\u0131klar\u0131 ve M\u00fczeler Genel M\u00fcd\u00fcrl\u00fc\u011f\u00fc, sosyal medya payla\u015f\u0131m\u0131nda, \u201cGece M\u00fczecili\u011fi ile tarih ve k\u00fclt\u00fcrle dolu alanlar\u0131m\u0131z ak\u015fam saatlerinde de sizleri bekliyor. Ziyaret\u00e7ilerimizin konforu ve g\u00fcvenli\u011fi i\u00e7in her detay\u0131 d\u00fc\u015f\u00fcnd\u00fck\u201d ifadelerine yer verdi.<\/p>\n<p>\u200bK\u00fclt\u00fcr ve Turizm Bakanl\u0131\u011f\u0131, \u201cGece M\u00fczecili\u011fi\u201d uygulamas\u0131yla m\u00fcze ve antik kentleri gece de ziyarete a\u00e7t\u0131. T.C. vatanda\u015f\u0131 M\u00fczekart sahipleri, 100 TL ek \u00fccretle 1 Haziran-1 Ekim 2025 aras\u0131nda ak\u015fam 19:00\u2019dan itibaren bu alanlar\u0131 gezebilecek. \u0130\u015fte o m\u00fczeler ve saatleri&#8230;ANKARA (\u0130GFA)  &#8211;  K\u00fclt\u00fcr ve Turizm Bakanl\u0131\u011f\u0131\u2019na ba\u011fl\u0131 K\u00fclt\u00fcr Varl\u0131klar\u0131 ve M\u00fczeler Genel M\u00fcd\u00fcrl\u00fc\u011f\u00fc, yo\u011fun ziyaret\u00e7i potansiyeline sahip m\u00fcze ve antik kentlerde \u201cGece M\u00fczecili\u011fi\u201d uygulamas\u0131n\u0131 ba\u015flatt\u0131.<br \/>\n1 Haziran 2025 itibar\u0131yla hayata ge\u00e7irilen proje, tarihi ve k\u00fclt\u00fcrel alanlar\u0131n ak\u015fam saatlerinde de gezilebilmesine olanak tan\u0131yor.<br \/>\nUygulama kapsam\u0131nda, m\u00fcze ve \u00f6ren yerlerinde \u00f6zel ziyaret rotalar\u0131 olu\u015fturuldu, \u00f6nemli yap\u0131lar \u0131\u015f\u0131kland\u0131r\u0131ld\u0131 ve ziyaret\u00e7i g\u00fcvenli\u011fi i\u00e7in gerekli \u00f6nlemler al\u0131nd\u0131.<br \/>\nProje, \u00f6zellikle yaz aylar\u0131nda a\u015f\u0131r\u0131 s\u0131caklar nedeniyle g\u00fcnd\u00fcz gezmekte zorlanan ziyaret\u00e7ilere daha geni\u015f bir zaman diliminde konforlu bir deneyim sunmay\u0131 ama\u00e7l\u0131yor. Ayr\u0131ca, \u00e7evredeki turizm faaliyetlerini canland\u0131rarak yerel ekonomiye katk\u0131 sa\u011flamas\u0131 hedefleniyor.<br \/>\nM\u00dcZEKART \u0130LE GECE Z\u0130YARET\u0130<br \/>\n1 Haziran-1 Ekim 2025 tarihleri aras\u0131nda T.C. vatanda\u015f\u0131 M\u00fczekart sahipleri, mevcut kartlar\u0131na ek olarak 100 TL \u00fccret \u00f6deyerek belirlenen m\u00fcze ve \u00f6ren yerlerini saat 19:00\u2019dan itibaren kapan\u0131\u015f saatine kadar ziyaret edebilecek. Uygulama, k\u00fclt\u00fcrel mirasa eri\u015fimi art\u0131r\u0131rken, gece saatlerinde e\u015fsiz bir atmosferde tarihle bulu\u015fma f\u0131rsat\u0131 sunuyor.<\/p>\n<p>K\u00fclt\u00fcr Varl\u0131klar\u0131 ve M\u00fczeler Genel M\u00fcd\u00fcrl\u00fc\u011f\u00fc, sosyal medya payla\u015f\u0131m\u0131nda, \u201cGece M\u00fczecili\u011fi ile tarih ve k\u00fclt\u00fcrle dolu alanlar\u0131m\u0131z ak\u015fam saatlerinde de sizleri bekliyor. Ziyaret\u00e7ilerimizin konforu ve g\u00fcvenli\u011fi i\u00e7in her detay\u0131 d\u00fc\u015f\u00fcnd\u00fck\u201d ifadelerine yer verdi.\u00a0<\/p>\n<p>\u200bHaberin Al\u0131nt\u0131land\u0131\u011f\u0131 Kaynak: www.iskenderun.org<\/p>","protected":false},"excerpt":{"rendered":"<p>K\u00fclt\u00fcr ve Turizm Bakanl\u0131\u011f\u0131, \u201cGece M\u00fczecili\u011fi\u201d uygulamas\u0131yla m\u00fcze ve antik kentleri gece de ziyarete a\u00e7t\u0131. T.C. vatanda\u015f\u0131 M\u00fczekart sahipleri, 100 TL ek \u00fccretle 1 Haziran-1 Ekim 2025 aras\u0131nda ak\u015fam 19:00\u2019dan itibaren bu alanlar\u0131 gezebilecek. \u0130\u015fte o m\u00fczeler ve saatleri&#8230;ANKARA (\u0130GFA) &#8211; K\u00fclt\u00fcr ve Turizm Bakanl\u0131\u011f\u0131\u2019na ba\u011fl\u0131 K\u00fclt\u00fcr Varl\u0131klar\u0131 ve M\u00fczeler Genel M\u00fcd\u00fcrl\u00fc\u011f\u00fc, yo\u011fun ziyaret\u00e7i potansiyeline sahip m\u00fcze ve antik kentlerde \u201cGece M\u00fczecili\u011fi\u201d uygulamas\u0131n\u0131 ba\u015flatt\u0131. 1 Haziran 2025 itibar\u0131yla hayata ge\u00e7irilen proje, tarihi ve k\u00fclt\u00fcrel alanlar\u0131n ak\u015fam saatlerinde de gezilebilmesine olanak tan\u0131yor. Uygulama kapsam\u0131nda, m\u00fcze ve \u00f6ren yerlerinde \u00f6zel ziyaret rotalar\u0131 olu\u015fturuldu, \u00f6nemli yap\u0131lar \u0131\u015f\u0131kland\u0131r\u0131ld\u0131 ve ziyaret\u00e7i g\u00fcvenli\u011fi i\u00e7in gerekli \u00f6nlemler al\u0131nd\u0131. Proje, \u00f6zellikle yaz aylar\u0131nda a\u015f\u0131r\u0131 s\u0131caklar nedeniyle g\u00fcnd\u00fcz gezmekte zorlanan ziyaret\u00e7ilere daha geni\u015f bir zaman diliminde konforlu bir deneyim sunmay\u0131 ama\u00e7l\u0131yor. Ayr\u0131ca, \u00e7evredeki turizm faaliyetlerini canland\u0131rarak yerel ekonomiye katk\u0131 sa\u011flamas\u0131 hedefleniyor. M\u00dcZEKART \u0130LE GECE Z\u0130YARET\u0130 1 Haziran-1 Ekim 2025 tarihleri aras\u0131nda T.C. vatanda\u015f\u0131 M\u00fczekart sahipleri, mevcut kartlar\u0131na ek olarak 100 TL \u00fccret \u00f6deyerek belirlenen m\u00fcze ve \u00f6ren yerlerini saat 19:00\u2019dan itibaren kapan\u0131\u015f saatine kadar ziyaret edebilecek. Uygulama, k\u00fclt\u00fcrel mirasa eri\u015fimi art\u0131r\u0131rken, gece saatlerinde e\u015fsiz bir atmosferde tarihle bulu\u015fma f\u0131rsat\u0131 sunuyor. K\u00fclt\u00fcr Varl\u0131klar\u0131 ve M\u00fczeler Genel M\u00fcd\u00fcrl\u00fc\u011f\u00fc, sosyal medya payla\u015f\u0131m\u0131nda, \u201cGece M\u00fczecili\u011fi ile tarih ve k\u00fclt\u00fcrle dolu alanlar\u0131m\u0131z ak\u015fam saatlerinde &hellip;<\/p>","protected":false},"author":1,"featured_media":0,"comment_status":"","ping_status":"open","sticky":false,"template":"","format":"standard","meta":{"_acf_changed":false,"footnotes":""},"categories":[24],"tags":[],"class_list":["post-103608","post","type-post","status-publish","format-standard","has-post-thumbnail","hentry","category-gundem"],"acf":[],"yoast_head":"<!-- This site is optimized with the Yoast SEO Premium plugin v26.6 (Yoast SEO v27.1.1) - https:\/\/yoast.com\/product\/yoast-seo-premium-wordpress\/ -->\n<title>Gece m\u00fczecili\u011fi ba\u015flad\u0131... M\u00fcze ve \u00f6ren yerleri ek \u00fccretle ziyarete a\u00e7\u0131l\u0131yor - Av. Deniz Can K\u0131z\u0131l<\/title>\n<meta name=\"robots\" content=\"index, follow, max-snippet:-1, max-image-preview:large, max-video-preview:-1\" \/>\n<link rel=\"canonical\" href=\"https:\/\/denizcankizil.tr\/de\/haberler\/gundem\/gece-muzeciligi-basladi-muze-ve-oren-yerleri-ek-ucretle-ziyarete-aciliyor\/\" \/>\n<meta property=\"og:locale\" content=\"de_DE\" \/>\n<meta property=\"og:type\" content=\"article\" \/>\n<meta property=\"og:title\" content=\"Gece m\u00fczecili\u011fi ba\u015flad\u0131... M\u00fcze ve \u00f6ren yerleri ek \u00fccretle ziyarete a\u00e7\u0131l\u0131yor\" \/>\n<meta property=\"og:description\" content=\"K\u00fclt\u00fcr ve Turizm Bakanl\u0131\u011f\u0131, \u201cGece M\u00fczecili\u011fi\u201d uygulamas\u0131yla m\u00fcze ve antik kentleri gece de ziyarete a\u00e7t\u0131. T.C. vatanda\u015f\u0131 M\u00fczekart sahipleri, 100 TL ek \u00fccretle 1 Haziran-1 Ekim 2025 aras\u0131nda ak\u015fam 19:00\u2019dan itibaren bu alanlar\u0131 gezebilecek. \u0130\u015fte o m\u00fczeler ve saatleri&#8230;ANKARA (\u0130GFA) &#8211; K\u00fclt\u00fcr ve Turizm Bakanl\u0131\u011f\u0131\u2019na ba\u011fl\u0131 K\u00fclt\u00fcr Varl\u0131klar\u0131 ve M\u00fczeler Genel M\u00fcd\u00fcrl\u00fc\u011f\u00fc, yo\u011fun ziyaret\u00e7i potansiyeline sahip m\u00fcze ve antik kentlerde \u201cGece M\u00fczecili\u011fi\u201d uygulamas\u0131n\u0131 ba\u015flatt\u0131. 1 Haziran 2025 itibar\u0131yla hayata ge\u00e7irilen proje, tarihi ve k\u00fclt\u00fcrel alanlar\u0131n ak\u015fam saatlerinde de gezilebilmesine olanak tan\u0131yor. Uygulama kapsam\u0131nda, m\u00fcze ve \u00f6ren yerlerinde \u00f6zel ziyaret rotalar\u0131 olu\u015fturuldu, \u00f6nemli yap\u0131lar \u0131\u015f\u0131kland\u0131r\u0131ld\u0131 ve ziyaret\u00e7i g\u00fcvenli\u011fi i\u00e7in gerekli \u00f6nlemler al\u0131nd\u0131. Proje, \u00f6zellikle yaz aylar\u0131nda a\u015f\u0131r\u0131 s\u0131caklar nedeniyle g\u00fcnd\u00fcz gezmekte zorlanan ziyaret\u00e7ilere daha geni\u015f bir zaman diliminde konforlu bir deneyim sunmay\u0131 ama\u00e7l\u0131yor. Ayr\u0131ca, \u00e7evredeki turizm faaliyetlerini canland\u0131rarak yerel ekonomiye katk\u0131 sa\u011flamas\u0131 hedefleniyor. M\u00dcZEKART \u0130LE GECE Z\u0130YARET\u0130 1 Haziran-1 Ekim 2025 tarihleri aras\u0131nda T.C. vatanda\u015f\u0131 M\u00fczekart sahipleri, mevcut kartlar\u0131na ek olarak 100 TL \u00fccret \u00f6deyerek belirlenen m\u00fcze ve \u00f6ren yerlerini saat 19:00\u2019dan itibaren kapan\u0131\u015f saatine kadar ziyaret edebilecek. Uygulama, k\u00fclt\u00fcrel mirasa eri\u015fimi art\u0131r\u0131rken, gece saatlerinde e\u015fsiz bir atmosferde tarihle bulu\u015fma f\u0131rsat\u0131 sunuyor. K\u00fclt\u00fcr Varl\u0131klar\u0131 ve M\u00fczeler Genel M\u00fcd\u00fcrl\u00fc\u011f\u00fc, sosyal medya payla\u015f\u0131m\u0131nda, \u201cGece M\u00fczecili\u011fi ile tarih ve k\u00fclt\u00fcrle dolu alanlar\u0131m\u0131z ak\u015fam saatlerinde &hellip;\" \/>\n<meta property=\"og:url\" content=\"https:\/\/denizcankizil.tr\/de\/haberler\/gundem\/gece-muzeciligi-basladi-muze-ve-oren-yerleri-ek-ucretle-ziyarete-aciliyor\/\" \/>\n<meta property=\"og:site_name\" content=\"Av. Deniz Can K\u0131z\u0131l\" \/>\n<meta property=\"article:published_time\" content=\"2025-06-01T14:41:58+00:00\" \/>\n<meta name=\"author\" content=\"admin\" \/>\n<meta name=\"twitter:card\" content=\"summary_large_image\" \/>\n<meta name=\"twitter:label1\" content=\"Verfasst von\" \/>\n\t<meta name=\"twitter:data1\" content=\"admin\" \/>\n\t<meta name=\"twitter:label2\" content=\"Gesch\u00e4tzte Lesezeit\" \/>\n\t<meta name=\"twitter:data2\" content=\"3\u00a0Minuten\" \/>\n<script type=\"application\/ld+json\" class=\"yoast-schema-graph\">{\"@context\":\"https:\/\/schema.org\",\"@graph\":[{\"@type\":\"Article\",\"@id\":\"https:\/\/denizcankizil.tr\/uk\/haberler\/gundem\/gece-muzeciligi-basladi-muze-ve-oren-yerleri-ek-ucretle-ziyarete-aciliyor\/#article\",\"isPartOf\":{\"@id\":\"https:\/\/denizcankizil.tr\/uk\/haberler\/gundem\/gece-muzeciligi-basladi-muze-ve-oren-yerleri-ek-ucretle-ziyarete-aciliyor\/\"},\"author\":{\"name\":\"admin\",\"@id\":\"https:\/\/denizcankizil.tr\/de\/#\/schema\/person\/be3c05fe6a12686905512445d8185489\"},\"headline\":\"Gece m\u00fczecili\u011fi ba\u015flad\u0131&#8230; M\u00fcze ve \u00f6ren yerleri ek \u00fccretle ziyarete a\u00e7\u0131l\u0131yor\",\"datePublished\":\"2025-06-01T14:41:58+00:00\",\"mainEntityOfPage\":{\"@id\":\"https:\/\/denizcankizil.tr\/uk\/haberler\/gundem\/gece-muzeciligi-basladi-muze-ve-oren-yerleri-ek-ucretle-ziyarete-aciliyor\/\"},\"wordCount\":627,\"publisher\":{\"@id\":\"https:\/\/denizcankizil.tr\/de\/#organization\"},\"articleSection\":[\"G\u00fcndem\"],\"inLanguage\":\"de\"},{\"@type\":\"WebPage\",\"@id\":\"https:\/\/denizcankizil.tr\/uk\/haberler\/gundem\/gece-muzeciligi-basladi-muze-ve-oren-yerleri-ek-ucretle-ziyarete-aciliyor\/\",\"url\":\"https:\/\/denizcankizil.tr\/uk\/haberler\/gundem\/gece-muzeciligi-basladi-muze-ve-oren-yerleri-ek-ucretle-ziyarete-aciliyor\/\",\"name\":\"Gece m\u00fczecili\u011fi ba\u015flad\u0131... M\u00fcze ve \u00f6ren yerleri ek \u00fccretle ziyarete a\u00e7\u0131l\u0131yor - Av. Deniz Can K\u0131z\u0131l\",\"isPartOf\":{\"@id\":\"https:\/\/denizcankizil.tr\/de\/#website\"},\"datePublished\":\"2025-06-01T14:41:58+00:00\",\"breadcrumb\":{\"@id\":\"https:\/\/denizcankizil.tr\/uk\/haberler\/gundem\/gece-muzeciligi-basladi-muze-ve-oren-yerleri-ek-ucretle-ziyarete-aciliyor\/#breadcrumb\"},\"inLanguage\":\"de\",\"potentialAction\":[{\"@type\":\"ReadAction\",\"target\":[\"https:\/\/denizcankizil.tr\/uk\/haberler\/gundem\/gece-muzeciligi-basladi-muze-ve-oren-yerleri-ek-ucretle-ziyarete-aciliyor\/\"]}]},{\"@type\":\"BreadcrumbList\",\"@id\":\"https:\/\/denizcankizil.tr\/uk\/haberler\/gundem\/gece-muzeciligi-basladi-muze-ve-oren-yerleri-ek-ucretle-ziyarete-aciliyor\/#breadcrumb\",\"itemListElement\":[{\"@type\":\"ListItem\",\"position\":1,\"name\":\"Home\",\"item\":\"https:\/\/denizcankizil.tr\/de\/\"},{\"@type\":\"ListItem\",\"position\":2,\"name\":\"Gece m\u00fczecili\u011fi ba\u015flad\u0131&#8230; M\u00fcze ve \u00f6ren yerleri ek \u00fccretle ziyarete a\u00e7\u0131l\u0131yor\"}]},{\"@type\":\"WebSite\",\"@id\":\"https:\/\/denizcankizil.tr\/de\/#website\",\"url\":\"https:\/\/denizcankizil.tr\/de\/\",\"name\":\"Av. Deniz Can K\u0131z\u0131l\",\"description\":\"Avukat Deniz Can K\u0131z\u0131l Antalya Barosu\",\"publisher\":{\"@id\":\"https:\/\/denizcankizil.tr\/de\/#organization\"},\"potentialAction\":[{\"@type\":\"SearchAction\",\"target\":{\"@type\":\"EntryPoint\",\"urlTemplate\":\"https:\/\/denizcankizil.tr\/de\/?s={search_term_string}\"},\"query-input\":{\"@type\":\"PropertyValueSpecification\",\"valueRequired\":true,\"valueName\":\"search_term_string\"}}],\"inLanguage\":\"de\"},{\"@type\":\"Organization\",\"@id\":\"https:\/\/denizcankizil.tr\/de\/#organization\",\"name\":\"Av. Deniz Can K\u0131z\u0131l\",\"url\":\"https:\/\/denizcankizil.tr\/de\/\",\"logo\":{\"@type\":\"ImageObject\",\"inLanguage\":\"de\",\"@id\":\"https:\/\/denizcankizil.tr\/de\/#\/schema\/logo\/image\/\",\"url\":\"http:\/\/denizcankizil.tr\/wp-content\/uploads\/2024\/10\/siyah-logo-svg.svg\",\"contentUrl\":\"http:\/\/denizcankizil.tr\/wp-content\/uploads\/2024\/10\/siyah-logo-svg.svg\",\"width\":1080,\"height\":1080,\"caption\":\"Av. Deniz Can K\u0131z\u0131l\"},\"image\":{\"@id\":\"https:\/\/denizcankizil.tr\/de\/#\/schema\/logo\/image\/\"}},{\"@type\":\"Person\",\"@id\":\"https:\/\/denizcankizil.tr\/de\/#\/schema\/person\/be3c05fe6a12686905512445d8185489\",\"name\":\"admin\",\"image\":{\"@type\":\"ImageObject\",\"inLanguage\":\"de\",\"@id\":\"https:\/\/denizcankizil.tr\/de\/#\/schema\/person\/image\/\",\"url\":\"https:\/\/secure.gravatar.com\/avatar\/c1fce94c830dc79107e174f890d7210541c4a63e8e5d816341794a2151c9d58c?s=96&d=mm&r=g\",\"contentUrl\":\"https:\/\/secure.gravatar.com\/avatar\/c1fce94c830dc79107e174f890d7210541c4a63e8e5d816341794a2151c9d58c?s=96&d=mm&r=g\",\"caption\":\"admin\"},\"sameAs\":[\"http:\/\/denizcankizil.tr\"],\"url\":\"https:\/\/www.iskenderun.org\/gece-muzeciligi-basladi-muze-ve-oren-yerleri-ek-ucretle-ziyarete-aciliyor\"}]}<\/script>\n<!-- \/ Yoast SEO Premium plugin. -->","yoast_head_json":{"title":"Gece m\u00fczecili\u011fi ba\u015flad\u0131... M\u00fcze ve \u00f6ren yerleri ek \u00fccretle ziyarete a\u00e7\u0131l\u0131yor - Av. Deniz Can K\u0131z\u0131l","robots":{"index":"index","follow":"follow","max-snippet":"max-snippet:-1","max-image-preview":"max-image-preview:large","max-video-preview":"max-video-preview:-1"},"canonical":"https:\/\/denizcankizil.tr\/de\/haberler\/gundem\/gece-muzeciligi-basladi-muze-ve-oren-yerleri-ek-ucretle-ziyarete-aciliyor\/","og_locale":"de_DE","og_type":"article","og_title":"Gece m\u00fczecili\u011fi ba\u015flad\u0131... M\u00fcze ve \u00f6ren yerleri ek \u00fccretle ziyarete a\u00e7\u0131l\u0131yor","og_description":"K\u00fclt\u00fcr ve Turizm Bakanl\u0131\u011f\u0131, \u201cGece M\u00fczecili\u011fi\u201d uygulamas\u0131yla m\u00fcze ve antik kentleri gece de ziyarete a\u00e7t\u0131. T.C. vatanda\u015f\u0131 M\u00fczekart sahipleri, 100 TL ek \u00fccretle 1 Haziran-1 Ekim 2025 aras\u0131nda ak\u015fam 19:00\u2019dan itibaren bu alanlar\u0131 gezebilecek. \u0130\u015fte o m\u00fczeler ve saatleri&#8230;ANKARA (\u0130GFA) &#8211; K\u00fclt\u00fcr ve Turizm Bakanl\u0131\u011f\u0131\u2019na ba\u011fl\u0131 K\u00fclt\u00fcr Varl\u0131klar\u0131 ve M\u00fczeler Genel M\u00fcd\u00fcrl\u00fc\u011f\u00fc, yo\u011fun ziyaret\u00e7i potansiyeline sahip m\u00fcze ve antik kentlerde \u201cGece M\u00fczecili\u011fi\u201d uygulamas\u0131n\u0131 ba\u015flatt\u0131. 1 Haziran 2025 itibar\u0131yla hayata ge\u00e7irilen proje, tarihi ve k\u00fclt\u00fcrel alanlar\u0131n ak\u015fam saatlerinde de gezilebilmesine olanak tan\u0131yor. Uygulama kapsam\u0131nda, m\u00fcze ve \u00f6ren yerlerinde \u00f6zel ziyaret rotalar\u0131 olu\u015fturuldu, \u00f6nemli yap\u0131lar \u0131\u015f\u0131kland\u0131r\u0131ld\u0131 ve ziyaret\u00e7i g\u00fcvenli\u011fi i\u00e7in gerekli \u00f6nlemler al\u0131nd\u0131. Proje, \u00f6zellikle yaz aylar\u0131nda a\u015f\u0131r\u0131 s\u0131caklar nedeniyle g\u00fcnd\u00fcz gezmekte zorlanan ziyaret\u00e7ilere daha geni\u015f bir zaman diliminde konforlu bir deneyim sunmay\u0131 ama\u00e7l\u0131yor. Ayr\u0131ca, \u00e7evredeki turizm faaliyetlerini canland\u0131rarak yerel ekonomiye katk\u0131 sa\u011flamas\u0131 hedefleniyor. M\u00dcZEKART \u0130LE GECE Z\u0130YARET\u0130 1 Haziran-1 Ekim 2025 tarihleri aras\u0131nda T.C. vatanda\u015f\u0131 M\u00fczekart sahipleri, mevcut kartlar\u0131na ek olarak 100 TL \u00fccret \u00f6deyerek belirlenen m\u00fcze ve \u00f6ren yerlerini saat 19:00\u2019dan itibaren kapan\u0131\u015f saatine kadar ziyaret edebilecek. Uygulama, k\u00fclt\u00fcrel mirasa eri\u015fimi art\u0131r\u0131rken, gece saatlerinde e\u015fsiz bir atmosferde tarihle bulu\u015fma f\u0131rsat\u0131 sunuyor. K\u00fclt\u00fcr Varl\u0131klar\u0131 ve M\u00fczeler Genel M\u00fcd\u00fcrl\u00fc\u011f\u00fc, sosyal medya payla\u015f\u0131m\u0131nda, \u201cGece M\u00fczecili\u011fi ile tarih ve k\u00fclt\u00fcrle dolu alanlar\u0131m\u0131z ak\u015fam saatlerinde &hellip;","og_url":"https:\/\/denizcankizil.tr\/de\/haberler\/gundem\/gece-muzeciligi-basladi-muze-ve-oren-yerleri-ek-ucretle-ziyarete-aciliyor\/","og_site_name":"Av. Deniz Can K\u0131z\u0131l","article_published_time":"2025-06-01T14:41:58+00:00","author":"admin","twitter_card":"summary_large_image","twitter_misc":{"Verfasst von":"admin","Gesch\u00e4tzte Lesezeit":"3\u00a0Minuten"},"schema":{"@context":"https:\/\/schema.org","@graph":[{"@type":"Article","@id":"https:\/\/denizcankizil.tr\/uk\/haberler\/gundem\/gece-muzeciligi-basladi-muze-ve-oren-yerleri-ek-ucretle-ziyarete-aciliyor\/#article","isPartOf":{"@id":"https:\/\/denizcankizil.tr\/uk\/haberler\/gundem\/gece-muzeciligi-basladi-muze-ve-oren-yerleri-ek-ucretle-ziyarete-aciliyor\/"},"author":{"name":"admin","@id":"https:\/\/denizcankizil.tr\/de\/#\/schema\/person\/be3c05fe6a12686905512445d8185489"},"headline":"Gece m\u00fczecili\u011fi ba\u015flad\u0131&#8230; M\u00fcze ve \u00f6ren yerleri ek \u00fccretle ziyarete a\u00e7\u0131l\u0131yor","datePublished":"2025-06-01T14:41:58+00:00","mainEntityOfPage":{"@id":"https:\/\/denizcankizil.tr\/uk\/haberler\/gundem\/gece-muzeciligi-basladi-muze-ve-oren-yerleri-ek-ucretle-ziyarete-aciliyor\/"},"wordCount":627,"publisher":{"@id":"https:\/\/denizcankizil.tr\/de\/#organization"},"articleSection":["G\u00fcndem"],"inLanguage":"de"},{"@type":"WebPage","@id":"https:\/\/denizcankizil.tr\/uk\/haberler\/gundem\/gece-muzeciligi-basladi-muze-ve-oren-yerleri-ek-ucretle-ziyarete-aciliyor\/","url":"https:\/\/denizcankizil.tr\/uk\/haberler\/gundem\/gece-muzeciligi-basladi-muze-ve-oren-yerleri-ek-ucretle-ziyarete-aciliyor\/","name":"Gece m\u00fczecili\u011fi ba\u015flad\u0131... M\u00fcze ve \u00f6ren yerleri ek \u00fccretle ziyarete a\u00e7\u0131l\u0131yor - Av. Deniz Can K\u0131z\u0131l","isPartOf":{"@id":"https:\/\/denizcankizil.tr\/de\/#website"},"datePublished":"2025-06-01T14:41:58+00:00","breadcrumb":{"@id":"https:\/\/denizcankizil.tr\/uk\/haberler\/gundem\/gece-muzeciligi-basladi-muze-ve-oren-yerleri-ek-ucretle-ziyarete-aciliyor\/#breadcrumb"},"inLanguage":"de","potentialAction":[{"@type":"ReadAction","target":["https:\/\/denizcankizil.tr\/uk\/haberler\/gundem\/gece-muzeciligi-basladi-muze-ve-oren-yerleri-ek-ucretle-ziyarete-aciliyor\/"]}]},{"@type":"BreadcrumbList","@id":"https:\/\/denizcankizil.tr\/uk\/haberler\/gundem\/gece-muzeciligi-basladi-muze-ve-oren-yerleri-ek-ucretle-ziyarete-aciliyor\/#breadcrumb","itemListElement":[{"@type":"ListItem","position":1,"name":"Home","item":"https:\/\/denizcankizil.tr\/de\/"},{"@type":"ListItem","position":2,"name":"Gece m\u00fczecili\u011fi ba\u015flad\u0131&#8230; M\u00fcze ve \u00f6ren yerleri ek \u00fccretle ziyarete a\u00e7\u0131l\u0131yor"}]},{"@type":"WebSite","@id":"https:\/\/denizcankizil.tr\/de\/#website","url":"https:\/\/denizcankizil.tr\/de\/","name":"Av. Deniz Can K\u0131z\u0131l","description":"Avukat Deniz Can K\u0131z\u0131l Antalya Barosu","publisher":{"@id":"https:\/\/denizcankizil.tr\/de\/#organization"},"potentialAction":[{"@type":"SearchAction","target":{"@type":"EntryPoint","urlTemplate":"https:\/\/denizcankizil.tr\/de\/?s={search_term_string}"},"query-input":{"@type":"PropertyValueSpecification","valueRequired":true,"valueName":"search_term_string"}}],"inLanguage":"de"},{"@type":"Organization","@id":"https:\/\/denizcankizil.tr\/de\/#organization","name":"Av. Deniz Can K\u0131z\u0131l","url":"https:\/\/denizcankizil.tr\/de\/","logo":{"@type":"ImageObject","inLanguage":"de","@id":"https:\/\/denizcankizil.tr\/de\/#\/schema\/logo\/image\/","url":"http:\/\/denizcankizil.tr\/wp-content\/uploads\/2024\/10\/siyah-logo-svg.svg","contentUrl":"http:\/\/denizcankizil.tr\/wp-content\/uploads\/2024\/10\/siyah-logo-svg.svg","width":1080,"height":1080,"caption":"Av. Deniz Can K\u0131z\u0131l"},"image":{"@id":"https:\/\/denizcankizil.tr\/de\/#\/schema\/logo\/image\/"}},{"@type":"Person","@id":"https:\/\/denizcankizil.tr\/de\/#\/schema\/person\/be3c05fe6a12686905512445d8185489","name":"Administrator","image":{"@type":"ImageObject","inLanguage":"de","@id":"https:\/\/denizcankizil.tr\/de\/#\/schema\/person\/image\/","url":"https:\/\/secure.gravatar.com\/avatar\/c1fce94c830dc79107e174f890d7210541c4a63e8e5d816341794a2151c9d58c?s=96&d=mm&r=g","contentUrl":"https:\/\/secure.gravatar.com\/avatar\/c1fce94c830dc79107e174f890d7210541c4a63e8e5d816341794a2151c9d58c?s=96&d=mm&r=g","caption":"admin"},"sameAs":["http:\/\/denizcankizil.tr"],"url":"https:\/\/www.iskenderun.org\/gece-muzeciligi-basladi-muze-ve-oren-yerleri-ek-ucretle-ziyarete-aciliyor"}]}},"_links":{"self":[{"href":"http:\/\/denizcankizil.tr\/de\/wp-json\/wp\/v2\/posts\/103608","targetHints":{"allow":["GET"]}}],"collection":[{"href":"http:\/\/denizcankizil.tr\/de\/wp-json\/wp\/v2\/posts"}],"about":[{"href":"http:\/\/denizcankizil.tr\/de\/wp-json\/wp\/v2\/types\/post"}],"author":[{"embeddable":true,"href":"http:\/\/denizcankizil.tr\/de\/wp-json\/wp\/v2\/users\/1"}],"replies":[{"embeddable":true,"href":"http:\/\/denizcankizil.tr\/de\/wp-json\/wp\/v2\/comments?post=103608"}],"version-history":[{"count":0,"href":"http:\/\/denizcankizil.tr\/de\/wp-json\/wp\/v2\/posts\/103608\/revisions"}],"wp:attachment":[{"href":"http:\/\/denizcankizil.tr\/de\/wp-json\/wp\/v2\/media?parent=103608"}],"wp:term":[{"taxonomy":"category","embeddable":true,"href":"http:\/\/denizcankizil.tr\/de\/wp-json\/wp\/v2\/categories?post=103608"},{"taxonomy":"post_tag","embeddable":true,"href":"http:\/\/denizcankizil.tr\/de\/wp-json\/wp\/v2\/tags?post=103608"}],"curies":[{"name":"wp","href":"https:\/\/api.w.org\/{rel}","templated":true}]}}