{"id":10353,"date":"2024-10-30T15:41:42","date_gmt":"2024-10-30T12:41:42","guid":{"rendered":"https:\/\/denizcankizil.tr\/uncategorized-tr\/en-ozel-cumhuriyet-kutlamasi\/"},"modified":"2024-10-30T15:41:42","modified_gmt":"2024-10-30T12:41:42","slug":"en-ozel-cumhuriyet-kutlamasi","status":"publish","type":"post","link":"http:\/\/denizcankizil.tr\/de\/haberler\/gundem\/en-ozel-cumhuriyet-kutlamasi\/","title":{"rendered":"En \u00f6zel Cumhuriyet kutlamas\u0131\u2026"},"content":{"rendered":"<p>E\u011fitilebilir \u00f6zel bireylere e\u011fitim hizmeti veren Merkez, Cumhuriyet\u2019imizin 101\u2019inci y\u0131ld\u00f6n\u00fcm\u00fcnde de \u00f6\u011frencileri, e\u011fitmenleri ve velileri de dahil etti\u011fi \u00f6zel bir kutlama etkinli\u011fi yapt\u0131.<\/p>\n<p>Kurucu M\u00fcd\u00fcr Tu\u011fba Kara nezaretinde E\u011fitim Merkezinin bah\u00e7esinde e\u011fitimciler taraf\u0131ndan haz\u0131rlanan program, sayg\u0131 duru\u015fu ve istiklal mar\u015f\u0131m\u0131z\u0131n okunmas\u0131yla ba\u015flad\u0131. Bayram etkinli\u011finde \u00f6zel bireyler m\u00fczik e\u015fli\u011finde b\u00fcy\u00fck bir keyif ve gururla Cumhuriyeti&#8217;mizin 101&#8217;inci y\u0131ld\u00f6n\u00fcm\u00fcn\u00fc kutlad\u0131.\u00a0<\/p>\n<p>\u00d6zel G\u00f6kmeydan Rehabilitasyon Merkezi Kurucu M\u00fcd\u00fcr\u00fc Tu\u011fba Kara, merkezde e\u011fitim hizmeti verdikleri \u00f6zel bireylerin fiziki rehabilitasyonuna da \u00f6nemli katk\u0131 sunduklar\u0131n\u0131 belirterek \u201cMerkezimizden hizmet alan \u00f6\u011frencilerimiz her alanda \u00f6\u011frenim g\u00f6r\u00fcrken, \u00f6nceliklerimiz aras\u0131nda milli \u015fuuru da vermek var\u201d dedi.<\/p>\n<p>Fiziki rehabilitasyon, e\u011fitim \u00f6\u011fretim m\u00fcfredatlar\u0131nda, milli bayramlar\u0131 \u00f6\u011frenciler ve velilerin kat\u0131l\u0131m\u0131yla ger\u00e7ekle\u015ftirmeye \u00f6zen g\u00f6sterdiklerini de ifade eden Tu\u011fba Kara, \u201c101. Y\u0131l\u0131n\u0131 kutlad\u0131\u011f\u0131m\u0131z Cumhuriyet Bayram\u0131 kutlama etkinliklerimiz hafta boyunca s\u00fcrd\u00fc. E\u011fitim \u00f6\u011fretim s\u00fcrecinde \u00f6zel \u00f6\u011frencilerimize Cumhuriyet\u2019i hem kavrama, hem de hissetme imkan\u0131 sunuldu. Cumhuriyet Haftas\u0131n\u0131 \u00e7ok etkin bir kutlamayla ge\u00e7irdik\u201d diye konu\u015ftu. \u00a0\u00a0<\/p>\n<p>\u200bHatay\u2019\u0131n Arsuz il\u00e7esinde sundu\u011fu nitelikli e\u011fitimle markala\u015fan \u00d6zel G\u00f6kmeydan Rehabilitasyon Merkezi, milli bayramlarda d\u00fczenledi\u011fi birbirinden renkli ve anlaml\u0131 etkinliklerden birini de Cumhuriyet Bayram\u0131nda da ger\u00e7ekle\u015ftirdi.\u00a0<\/p>\n<p>\u200bHaberin Al\u0131nt\u0131land\u0131\u011f\u0131 Kaynak: www.iskenderun.org<\/p>","protected":false},"excerpt":{"rendered":"<p>E\u011fitilebilir \u00f6zel bireylere e\u011fitim hizmeti veren Merkez, Cumhuriyet\u2019imizin 101\u2019inci y\u0131ld\u00f6n\u00fcm\u00fcnde de \u00f6\u011frencileri, e\u011fitmenleri ve velileri de dahil etti\u011fi \u00f6zel bir kutlama etkinli\u011fi yapt\u0131. Kurucu M\u00fcd\u00fcr Tu\u011fba Kara nezaretinde E\u011fitim Merkezinin bah\u00e7esinde e\u011fitimciler taraf\u0131ndan haz\u0131rlanan program, sayg\u0131 duru\u015fu ve istiklal mar\u015f\u0131m\u0131z\u0131n okunmas\u0131yla ba\u015flad\u0131. Bayram etkinli\u011finde \u00f6zel bireyler m\u00fczik e\u015fli\u011finde b\u00fcy\u00fck bir keyif ve gururla Cumhuriyeti&#8217;mizin 101&#8217;inci y\u0131ld\u00f6n\u00fcm\u00fcn\u00fc kutlad\u0131.\u00a0 \u00d6zel G\u00f6kmeydan Rehabilitasyon Merkezi Kurucu M\u00fcd\u00fcr\u00fc Tu\u011fba Kara, merkezde e\u011fitim hizmeti verdikleri \u00f6zel bireylerin fiziki rehabilitasyonuna da \u00f6nemli katk\u0131 sunduklar\u0131n\u0131 belirterek \u201cMerkezimizden hizmet alan \u00f6\u011frencilerimiz her alanda \u00f6\u011frenim g\u00f6r\u00fcrken, \u00f6nceliklerimiz aras\u0131nda milli \u015fuuru da vermek var\u201d dedi. Fiziki rehabilitasyon, e\u011fitim \u00f6\u011fretim m\u00fcfredatlar\u0131nda, milli bayramlar\u0131 \u00f6\u011frenciler ve velilerin kat\u0131l\u0131m\u0131yla ger\u00e7ekle\u015ftirmeye \u00f6zen g\u00f6sterdiklerini de ifade eden Tu\u011fba Kara, \u201c101. Y\u0131l\u0131n\u0131 kutlad\u0131\u011f\u0131m\u0131z Cumhuriyet Bayram\u0131 kutlama etkinliklerimiz hafta boyunca s\u00fcrd\u00fc. E\u011fitim \u00f6\u011fretim s\u00fcrecinde \u00f6zel \u00f6\u011frencilerimize Cumhuriyet\u2019i hem kavrama, hem de hissetme imkan\u0131 sunuldu. Cumhuriyet Haftas\u0131n\u0131 \u00e7ok etkin bir kutlamayla ge\u00e7irdik\u201d diye konu\u015ftu. \u00a0\u00a0 \u200bHatay\u2019\u0131n Arsuz il\u00e7esinde sundu\u011fu nitelikli e\u011fitimle markala\u015fan \u00d6zel G\u00f6kmeydan Rehabilitasyon Merkezi, milli bayramlarda d\u00fczenledi\u011fi birbirinden renkli ve anlaml\u0131 etkinliklerden birini de Cumhuriyet Bayram\u0131nda da ger\u00e7ekle\u015ftirdi.\u00a0 \u200bHaberin Al\u0131nt\u0131land\u0131\u011f\u0131 Kaynak: www.iskenderun.org<\/p>","protected":false},"author":0,"featured_media":0,"comment_status":"open","ping_status":"open","sticky":false,"template":"","format":"standard","meta":{"_acf_changed":false,"footnotes":""},"categories":[24,535],"tags":[],"class_list":["post-10353","post","type-post","status-publish","format-standard","has-post-thumbnail","hentry","category-gundem","category-uncategorized-tr"],"acf":[],"yoast_head":"<!-- This site is optimized with the Yoast SEO Premium plugin v26.6 (Yoast SEO v27.1.1) - https:\/\/yoast.com\/product\/yoast-seo-premium-wordpress\/ -->\n<title>En \u00f6zel Cumhuriyet kutlamas\u0131\u2026 - Av. Deniz Can K\u0131z\u0131l<\/title>\n<meta name=\"robots\" content=\"index, follow, max-snippet:-1, max-image-preview:large, max-video-preview:-1\" \/>\n<link rel=\"canonical\" href=\"http:\/\/denizcankizil.tr\/de\/haberler\/gundem\/en-ozel-cumhuriyet-kutlamasi\/\" \/>\n<meta property=\"og:locale\" content=\"de_DE\" \/>\n<meta property=\"og:type\" content=\"article\" \/>\n<meta property=\"og:title\" content=\"En \u00f6zel Cumhuriyet kutlamas\u0131\u2026\" \/>\n<meta property=\"og:description\" content=\"E\u011fitilebilir \u00f6zel bireylere e\u011fitim hizmeti veren Merkez, Cumhuriyet\u2019imizin 101\u2019inci y\u0131ld\u00f6n\u00fcm\u00fcnde de \u00f6\u011frencileri, e\u011fitmenleri ve velileri de dahil etti\u011fi \u00f6zel bir kutlama etkinli\u011fi yapt\u0131. Kurucu M\u00fcd\u00fcr Tu\u011fba Kara nezaretinde E\u011fitim Merkezinin bah\u00e7esinde e\u011fitimciler taraf\u0131ndan haz\u0131rlanan program, sayg\u0131 duru\u015fu ve istiklal mar\u015f\u0131m\u0131z\u0131n okunmas\u0131yla ba\u015flad\u0131. Bayram etkinli\u011finde \u00f6zel bireyler m\u00fczik e\u015fli\u011finde b\u00fcy\u00fck bir keyif ve gururla Cumhuriyeti&#8217;mizin 101&#8217;inci y\u0131ld\u00f6n\u00fcm\u00fcn\u00fc kutlad\u0131.\u00a0 \u00d6zel G\u00f6kmeydan Rehabilitasyon Merkezi Kurucu M\u00fcd\u00fcr\u00fc Tu\u011fba Kara, merkezde e\u011fitim hizmeti verdikleri \u00f6zel bireylerin fiziki rehabilitasyonuna da \u00f6nemli katk\u0131 sunduklar\u0131n\u0131 belirterek \u201cMerkezimizden hizmet alan \u00f6\u011frencilerimiz her alanda \u00f6\u011frenim g\u00f6r\u00fcrken, \u00f6nceliklerimiz aras\u0131nda milli \u015fuuru da vermek var\u201d dedi. Fiziki rehabilitasyon, e\u011fitim \u00f6\u011fretim m\u00fcfredatlar\u0131nda, milli bayramlar\u0131 \u00f6\u011frenciler ve velilerin kat\u0131l\u0131m\u0131yla ger\u00e7ekle\u015ftirmeye \u00f6zen g\u00f6sterdiklerini de ifade eden Tu\u011fba Kara, \u201c101. Y\u0131l\u0131n\u0131 kutlad\u0131\u011f\u0131m\u0131z Cumhuriyet Bayram\u0131 kutlama etkinliklerimiz hafta boyunca s\u00fcrd\u00fc. E\u011fitim \u00f6\u011fretim s\u00fcrecinde \u00f6zel \u00f6\u011frencilerimize Cumhuriyet\u2019i hem kavrama, hem de hissetme imkan\u0131 sunuldu. Cumhuriyet Haftas\u0131n\u0131 \u00e7ok etkin bir kutlamayla ge\u00e7irdik\u201d diye konu\u015ftu. \u00a0\u00a0 \u200bHatay\u2019\u0131n Arsuz il\u00e7esinde sundu\u011fu nitelikli e\u011fitimle markala\u015fan \u00d6zel G\u00f6kmeydan Rehabilitasyon Merkezi, milli bayramlarda d\u00fczenledi\u011fi birbirinden renkli ve anlaml\u0131 etkinliklerden birini de Cumhuriyet Bayram\u0131nda da ger\u00e7ekle\u015ftirdi.\u00a0 \u200bHaberin Al\u0131nt\u0131land\u0131\u011f\u0131 Kaynak: www.iskenderun.org\" \/>\n<meta property=\"og:url\" content=\"http:\/\/denizcankizil.tr\/de\/haberler\/gundem\/en-ozel-cumhuriyet-kutlamasi\/\" \/>\n<meta property=\"og:site_name\" content=\"Av. Deniz Can K\u0131z\u0131l\" \/>\n<meta property=\"article:published_time\" content=\"2024-10-30T12:41:42+00:00\" \/>\n<meta name=\"twitter:card\" content=\"summary_large_image\" \/>\n<meta name=\"twitter:label1\" content=\"Gesch\u00e4tzte Lesezeit\" \/>\n\t<meta name=\"twitter:data1\" content=\"1\u00a0Minute\" \/>\n<script type=\"application\/ld+json\" class=\"yoast-schema-graph\">{\"@context\":\"https:\/\/schema.org\",\"@graph\":[{\"@type\":\"Article\",\"@id\":\"http:\/\/denizcankizil.tr\/de\/haberler\/gundem\/en-ozel-cumhuriyet-kutlamasi\/#article\",\"isPartOf\":{\"@id\":\"http:\/\/denizcankizil.tr\/de\/haberler\/gundem\/en-ozel-cumhuriyet-kutlamasi\/\"},\"author\":{\"name\":\"\",\"@id\":\"\"},\"headline\":\"En \u00f6zel Cumhuriyet kutlamas\u0131\u2026\",\"datePublished\":\"2024-10-30T12:41:42+00:00\",\"mainEntityOfPage\":{\"@id\":\"http:\/\/denizcankizil.tr\/de\/haberler\/gundem\/en-ozel-cumhuriyet-kutlamasi\/\"},\"wordCount\":257,\"commentCount\":0,\"publisher\":{\"@id\":\"https:\/\/denizcankizil.tr\/de\/#organization\"},\"articleSection\":[\"G\u00fcndem\",\"Uncategorized\"],\"inLanguage\":\"de\",\"potentialAction\":[{\"@type\":\"CommentAction\",\"name\":\"Comment\",\"target\":[\"http:\/\/denizcankizil.tr\/de\/haberler\/gundem\/en-ozel-cumhuriyet-kutlamasi\/#respond\"]}]},{\"@type\":\"WebPage\",\"@id\":\"http:\/\/denizcankizil.tr\/de\/haberler\/gundem\/en-ozel-cumhuriyet-kutlamasi\/\",\"url\":\"http:\/\/denizcankizil.tr\/de\/haberler\/gundem\/en-ozel-cumhuriyet-kutlamasi\/\",\"name\":\"En \u00f6zel Cumhuriyet kutlamas\u0131\u2026 - Av. Deniz Can K\u0131z\u0131l\",\"isPartOf\":{\"@id\":\"https:\/\/denizcankizil.tr\/de\/#website\"},\"datePublished\":\"2024-10-30T12:41:42+00:00\",\"breadcrumb\":{\"@id\":\"http:\/\/denizcankizil.tr\/de\/haberler\/gundem\/en-ozel-cumhuriyet-kutlamasi\/#breadcrumb\"},\"inLanguage\":\"de\",\"potentialAction\":[{\"@type\":\"ReadAction\",\"target\":[\"http:\/\/denizcankizil.tr\/de\/haberler\/gundem\/en-ozel-cumhuriyet-kutlamasi\/\"]}]},{\"@type\":\"BreadcrumbList\",\"@id\":\"http:\/\/denizcankizil.tr\/de\/haberler\/gundem\/en-ozel-cumhuriyet-kutlamasi\/#breadcrumb\",\"itemListElement\":[{\"@type\":\"ListItem\",\"position\":1,\"name\":\"Home\",\"item\":\"https:\/\/denizcankizil.tr\/de\/\"},{\"@type\":\"ListItem\",\"position\":2,\"name\":\"En \u00f6zel Cumhuriyet kutlamas\u0131\u2026\"}]},{\"@type\":\"WebSite\",\"@id\":\"https:\/\/denizcankizil.tr\/de\/#website\",\"url\":\"https:\/\/denizcankizil.tr\/de\/\",\"name\":\"Av. Deniz Can K\u0131z\u0131l\",\"description\":\"Avukat Deniz Can K\u0131z\u0131l Antalya Barosu\",\"publisher\":{\"@id\":\"https:\/\/denizcankizil.tr\/de\/#organization\"},\"potentialAction\":[{\"@type\":\"SearchAction\",\"target\":{\"@type\":\"EntryPoint\",\"urlTemplate\":\"https:\/\/denizcankizil.tr\/de\/?s={search_term_string}\"},\"query-input\":{\"@type\":\"PropertyValueSpecification\",\"valueRequired\":true,\"valueName\":\"search_term_string\"}}],\"inLanguage\":\"de\"},{\"@type\":\"Organization\",\"@id\":\"https:\/\/denizcankizil.tr\/de\/#organization\",\"name\":\"Av. Deniz Can K\u0131z\u0131l\",\"url\":\"https:\/\/denizcankizil.tr\/de\/\",\"logo\":{\"@type\":\"ImageObject\",\"inLanguage\":\"de\",\"@id\":\"https:\/\/denizcankizil.tr\/de\/#\/schema\/logo\/image\/\",\"url\":\"http:\/\/denizcankizil.tr\/wp-content\/uploads\/2024\/10\/siyah-logo-svg.svg\",\"contentUrl\":\"http:\/\/denizcankizil.tr\/wp-content\/uploads\/2024\/10\/siyah-logo-svg.svg\",\"width\":1080,\"height\":1080,\"caption\":\"Av. Deniz Can K\u0131z\u0131l\"},\"image\":{\"@id\":\"https:\/\/denizcankizil.tr\/de\/#\/schema\/logo\/image\/\"}}]}<\/script>\n<!-- \/ Yoast SEO Premium plugin. -->","yoast_head_json":{"title":"En \u00f6zel Cumhuriyet kutlamas\u0131\u2026 - Av. Deniz Can K\u0131z\u0131l","robots":{"index":"index","follow":"follow","max-snippet":"max-snippet:-1","max-image-preview":"max-image-preview:large","max-video-preview":"max-video-preview:-1"},"canonical":"http:\/\/denizcankizil.tr\/de\/haberler\/gundem\/en-ozel-cumhuriyet-kutlamasi\/","og_locale":"de_DE","og_type":"article","og_title":"En \u00f6zel Cumhuriyet kutlamas\u0131\u2026","og_description":"E\u011fitilebilir \u00f6zel bireylere e\u011fitim hizmeti veren Merkez, Cumhuriyet\u2019imizin 101\u2019inci y\u0131ld\u00f6n\u00fcm\u00fcnde de \u00f6\u011frencileri, e\u011fitmenleri ve velileri de dahil etti\u011fi \u00f6zel bir kutlama etkinli\u011fi yapt\u0131. Kurucu M\u00fcd\u00fcr Tu\u011fba Kara nezaretinde E\u011fitim Merkezinin bah\u00e7esinde e\u011fitimciler taraf\u0131ndan haz\u0131rlanan program, sayg\u0131 duru\u015fu ve istiklal mar\u015f\u0131m\u0131z\u0131n okunmas\u0131yla ba\u015flad\u0131. Bayram etkinli\u011finde \u00f6zel bireyler m\u00fczik e\u015fli\u011finde b\u00fcy\u00fck bir keyif ve gururla Cumhuriyeti&#8217;mizin 101&#8217;inci y\u0131ld\u00f6n\u00fcm\u00fcn\u00fc kutlad\u0131.\u00a0 \u00d6zel G\u00f6kmeydan Rehabilitasyon Merkezi Kurucu M\u00fcd\u00fcr\u00fc Tu\u011fba Kara, merkezde e\u011fitim hizmeti verdikleri \u00f6zel bireylerin fiziki rehabilitasyonuna da \u00f6nemli katk\u0131 sunduklar\u0131n\u0131 belirterek \u201cMerkezimizden hizmet alan \u00f6\u011frencilerimiz her alanda \u00f6\u011frenim g\u00f6r\u00fcrken, \u00f6nceliklerimiz aras\u0131nda milli \u015fuuru da vermek var\u201d dedi. Fiziki rehabilitasyon, e\u011fitim \u00f6\u011fretim m\u00fcfredatlar\u0131nda, milli bayramlar\u0131 \u00f6\u011frenciler ve velilerin kat\u0131l\u0131m\u0131yla ger\u00e7ekle\u015ftirmeye \u00f6zen g\u00f6sterdiklerini de ifade eden Tu\u011fba Kara, \u201c101. Y\u0131l\u0131n\u0131 kutlad\u0131\u011f\u0131m\u0131z Cumhuriyet Bayram\u0131 kutlama etkinliklerimiz hafta boyunca s\u00fcrd\u00fc. E\u011fitim \u00f6\u011fretim s\u00fcrecinde \u00f6zel \u00f6\u011frencilerimize Cumhuriyet\u2019i hem kavrama, hem de hissetme imkan\u0131 sunuldu. Cumhuriyet Haftas\u0131n\u0131 \u00e7ok etkin bir kutlamayla ge\u00e7irdik\u201d diye konu\u015ftu. \u00a0\u00a0 \u200bHatay\u2019\u0131n Arsuz il\u00e7esinde sundu\u011fu nitelikli e\u011fitimle markala\u015fan \u00d6zel G\u00f6kmeydan Rehabilitasyon Merkezi, milli bayramlarda d\u00fczenledi\u011fi birbirinden renkli ve anlaml\u0131 etkinliklerden birini de Cumhuriyet Bayram\u0131nda da ger\u00e7ekle\u015ftirdi.\u00a0 \u200bHaberin Al\u0131nt\u0131land\u0131\u011f\u0131 Kaynak: www.iskenderun.org","og_url":"http:\/\/denizcankizil.tr\/de\/haberler\/gundem\/en-ozel-cumhuriyet-kutlamasi\/","og_site_name":"Av. Deniz Can K\u0131z\u0131l","article_published_time":"2024-10-30T12:41:42+00:00","twitter_card":"summary_large_image","twitter_misc":{"Gesch\u00e4tzte Lesezeit":"1\u00a0Minute"},"schema":{"@context":"https:\/\/schema.org","@graph":[{"@type":"Article","@id":"http:\/\/denizcankizil.tr\/de\/haberler\/gundem\/en-ozel-cumhuriyet-kutlamasi\/#article","isPartOf":{"@id":"http:\/\/denizcankizil.tr\/de\/haberler\/gundem\/en-ozel-cumhuriyet-kutlamasi\/"},"author":{"name":"","@id":""},"headline":"En \u00f6zel Cumhuriyet kutlamas\u0131\u2026","datePublished":"2024-10-30T12:41:42+00:00","mainEntityOfPage":{"@id":"http:\/\/denizcankizil.tr\/de\/haberler\/gundem\/en-ozel-cumhuriyet-kutlamasi\/"},"wordCount":257,"commentCount":0,"publisher":{"@id":"https:\/\/denizcankizil.tr\/de\/#organization"},"articleSection":["G\u00fcndem","Uncategorized"],"inLanguage":"de","potentialAction":[{"@type":"CommentAction","name":"Comment","target":["http:\/\/denizcankizil.tr\/de\/haberler\/gundem\/en-ozel-cumhuriyet-kutlamasi\/#respond"]}]},{"@type":"WebPage","@id":"http:\/\/denizcankizil.tr\/de\/haberler\/gundem\/en-ozel-cumhuriyet-kutlamasi\/","url":"http:\/\/denizcankizil.tr\/de\/haberler\/gundem\/en-ozel-cumhuriyet-kutlamasi\/","name":"En \u00f6zel Cumhuriyet kutlamas\u0131\u2026 - Av. Deniz Can K\u0131z\u0131l","isPartOf":{"@id":"https:\/\/denizcankizil.tr\/de\/#website"},"datePublished":"2024-10-30T12:41:42+00:00","breadcrumb":{"@id":"http:\/\/denizcankizil.tr\/de\/haberler\/gundem\/en-ozel-cumhuriyet-kutlamasi\/#breadcrumb"},"inLanguage":"de","potentialAction":[{"@type":"ReadAction","target":["http:\/\/denizcankizil.tr\/de\/haberler\/gundem\/en-ozel-cumhuriyet-kutlamasi\/"]}]},{"@type":"BreadcrumbList","@id":"http:\/\/denizcankizil.tr\/de\/haberler\/gundem\/en-ozel-cumhuriyet-kutlamasi\/#breadcrumb","itemListElement":[{"@type":"ListItem","position":1,"name":"Home","item":"https:\/\/denizcankizil.tr\/de\/"},{"@type":"ListItem","position":2,"name":"En \u00f6zel Cumhuriyet kutlamas\u0131\u2026"}]},{"@type":"WebSite","@id":"https:\/\/denizcankizil.tr\/de\/#website","url":"https:\/\/denizcankizil.tr\/de\/","name":"Av. Deniz Can K\u0131z\u0131l","description":"Avukat Deniz Can K\u0131z\u0131l Antalya Barosu","publisher":{"@id":"https:\/\/denizcankizil.tr\/de\/#organization"},"potentialAction":[{"@type":"SearchAction","target":{"@type":"EntryPoint","urlTemplate":"https:\/\/denizcankizil.tr\/de\/?s={search_term_string}"},"query-input":{"@type":"PropertyValueSpecification","valueRequired":true,"valueName":"search_term_string"}}],"inLanguage":"de"},{"@type":"Organization","@id":"https:\/\/denizcankizil.tr\/de\/#organization","name":"Av. Deniz Can K\u0131z\u0131l","url":"https:\/\/denizcankizil.tr\/de\/","logo":{"@type":"ImageObject","inLanguage":"de","@id":"https:\/\/denizcankizil.tr\/de\/#\/schema\/logo\/image\/","url":"http:\/\/denizcankizil.tr\/wp-content\/uploads\/2024\/10\/siyah-logo-svg.svg","contentUrl":"http:\/\/denizcankizil.tr\/wp-content\/uploads\/2024\/10\/siyah-logo-svg.svg","width":1080,"height":1080,"caption":"Av. Deniz Can K\u0131z\u0131l"},"image":{"@id":"https:\/\/denizcankizil.tr\/de\/#\/schema\/logo\/image\/"}}]}},"_links":{"self":[{"href":"http:\/\/denizcankizil.tr\/de\/wp-json\/wp\/v2\/posts\/10353","targetHints":{"allow":["GET"]}}],"collection":[{"href":"http:\/\/denizcankizil.tr\/de\/wp-json\/wp\/v2\/posts"}],"about":[{"href":"http:\/\/denizcankizil.tr\/de\/wp-json\/wp\/v2\/types\/post"}],"replies":[{"embeddable":true,"href":"http:\/\/denizcankizil.tr\/de\/wp-json\/wp\/v2\/comments?post=10353"}],"version-history":[{"count":0,"href":"http:\/\/denizcankizil.tr\/de\/wp-json\/wp\/v2\/posts\/10353\/revisions"}],"wp:attachment":[{"href":"http:\/\/denizcankizil.tr\/de\/wp-json\/wp\/v2\/media?parent=10353"}],"wp:term":[{"taxonomy":"category","embeddable":true,"href":"http:\/\/denizcankizil.tr\/de\/wp-json\/wp\/v2\/categories?post=10353"},{"taxonomy":"post_tag","embeddable":true,"href":"http:\/\/denizcankizil.tr\/de\/wp-json\/wp\/v2\/tags?post=10353"}],"curies":[{"name":"wp","href":"https:\/\/api.w.org\/{rel}","templated":true}]}}