{"id":100975,"date":"2025-05-29T11:45:00","date_gmt":"2025-05-29T08:45:00","guid":{"rendered":"https:\/\/denizcankizil.tr\/uncategorized-tr\/hakaret-suclarinda-onodeme-uygulanmasina-iliskin-hukumlere-yonelik-anayasa-mahkemesi-karari-uzerine\/"},"modified":"2025-05-29T11:45:00","modified_gmt":"2025-05-29T08:45:00","slug":"hakaret-suclarinda-onodeme-uygulanmasina-iliskin-hukumlere-yonelik-anayasa-mahkemesi-karari-uzerine","status":"publish","type":"post","link":"http:\/\/denizcankizil.tr\/de\/hukukihaber\/hakaret-suclarinda-onodeme-uygulanmasina-iliskin-hukumlere-yonelik-anayasa-mahkemesi-karari-uzerine\/","title":{"rendered":"HAKARET SU\u00c7LARINDA \u00d6N\u00d6DEME UYGULANMASINA \u0130L\u0130\u015eK\u0130N H\u00dcK\u00dcMLERE Y\u00d6NEL\u0130K ANAYASA MAHKEMES\u0130 KARARI \u00dcZER\u0130NE"},"content":{"rendered":"<p>Anayasa Mahkemesi (AYM) 7531 say\u0131l\u0131 Kanun ile yap\u0131lan de\u011fi\u015fiklikle hakaret su\u00e7unun baz\u0131 k\u0131s\u0131mlar\u0131n\u0131n \u00f6n\u00f6deme kapsam\u0131na al\u0131nmas\u0131na ili\u015fkin h\u00fck\u00fcmlerin Anayasaya ayk\u0131r\u0131l\u0131\u011f\u0131na y\u00f6nelik incelemesini tamamlam\u0131\u015f ve karar 29\/05\/2025 tarihli Resmi Gazete\u2019de yay\u0131mlanarak y\u00fcr\u00fcrl\u00fc\u011fe girmi\u015ftir. AYM\u2019nin iptale ili\u015fkin karalar\u0131n\u0131 oybirli\u011fi ile ald\u0131\u011f\u0131 g\u00f6zetildi\u011finde, iptaline karar verilen h\u00fck\u00fcmlerin Anayasa\u2019ya ayk\u0131r\u0131l\u0131\u011f\u0131 konusunda bir teredd\u00fct ya\u015fanmad\u0131\u011f\u0131 g\u00f6r\u00fclmektedir. Bu ba\u011flamda;<\/p>\n<p>1-  AYM, \u00f6n\u00f6deme kurumunda ma\u011fdur veya su\u00e7tan zarar g\u00f6renin iradesinin \u00f6nem ta\u015f\u0131mamas\u0131, fail ile ma\u011fdurun muhatap olmamas\u0131, taraflar aras\u0131nda herhangi bir m\u00fczakere ger\u00e7ekle\u015fmemesi, failin yap\u0131lan \u00f6n\u00f6deme \u00f6nerisini kabul etmesinin gerekli ve yeterli olmas\u0131 gibi gerek\u00e7elerle, bir su\u00e7 bak\u0131m\u0131ndan \u00f6n\u00f6deme h\u00fck\u00fcmlerinin uygulanmas\u0131n\u0131n uzla\u015ft\u0131rma h\u00fck\u00fcmlerinin uygulanmas\u0131na g\u00f6re failin lehine oldu\u011fu sonucuna ula\u015f\u0131lm\u0131\u015ft\u0131r. (Paragraf 114, 115, 116).<\/p>\n<p>2- AYM, soru\u015fturulmas\u0131 ve kovu\u015fturulmas\u0131 \u015fik\u00e2yete ba\u011fl\u0131 olan hakaret su\u00e7u bak\u0131m\u0131ndan \u015fik\u00e2yet s\u00fcresinin, her ne suretle olursa olsun fiilin ger\u00e7ekle\u015fti\u011fi tarihten itibaren iki y\u0131l\u0131 ge\u00e7emeyece\u011fine ili\u015fkin d\u00fczenlemenin, CMK\u2019ya 7531 Say\u0131l\u0131 Kanun ile eklenen Ge\u00e7ici 7\/1. maddesinin y\u00fcr\u00fcrl\u00fc\u011fe girdi\u011fi tarih itibar\u0131yla soru\u015fturma veya kovu\u015fturma evresine ge\u00e7ilmi\u015f dosyalar bak\u0131m\u0131ndan uygulanmayaca\u011f\u0131na ili\u015fkin h\u00fckm\u00fc Anayasa\u2019ya uygun bulmu\u015ftur. (TCK M. 73\/2, CMK M. Ge\u00e7ici 7\/1)<\/p>\n<p>3-  AYM, 7531 say\u0131l\u0131 Kanun ile CMK\u2019ya eklenen Ge\u00e7ici 7\/2. maddenin y\u00fcr\u00fcrl\u00fc\u011fe girdi\u011fi tarih itibar\u0131yla soru\u015fturma veya kovu\u015fturma evresinde bulunan dosyalar bak\u0131m\u0131ndan, \u00f6n\u00f6deme kurumunun uygulanamayaca\u011f\u0131 ve bu dosyalar\u0131n de\u011fi\u015fiklik \u00f6ncesi h\u00fck\u00fcmlere g\u00f6re sonu\u00e7land\u0131r\u0131laca\u011f\u0131, dolays\u0131yla bu kapsama giren su\u00e7lar\u0131n uzla\u015fmaya tabi olmaya devam edece\u011fi y\u00f6n\u00fcndeki h\u00fckm\u00fcn iptaline karar vermi\u015ftir. \u0130ptal karar\u0131nda y\u00fcr\u00fcrl\u00fc\u011fe ili\u015fkin farkl\u0131 bir d\u00fczenleme yap\u0131lmam\u0131\u015f ve iptal karar\u0131 resmi Gazete\u2019de yay\u0131m tarihi itibar\u0131yla y\u00fcr\u00fcrl\u00fc\u011fe girmi\u015ftir. Dolay\u0131s\u0131yla CMK\u2019n\u0131n Ge\u00e7ici 7\/2. Maddesinin y\u00fcr\u00fcrl\u00fc\u011fe girdi\u011fi tarih itibar\u0131yla soru\u015fturma veya kovu\u015fturma evresinde bulunan dosyalarda \u00f6n\u00f6deme kurumunun uygulanmas\u0131 olanakl\u0131 hale gelmi\u015ftir.<\/p>\n<p>4- AYM\u2019in en dikkat \u00e7ekici iptal gerek\u00e7esi ise, 7531 Say\u0131l\u0131 Kanun ile CMK\u2019n\u0131n 75\/6.a.2. alt bendine eklenen ve \u00f6n\u00f6demeye tabi hakaret su\u00e7unun uygulama alan\u0131n\u0131 s\u0131n\u0131rlayan \u201cHakaret (125 inci maddenin ikinci f\u0131kras\u0131, \u00fc\u00e7\u00fcnc\u00fc f\u0131kras\u0131n\u0131n (b) ve (c) bentleri ve d\u00f6rd\u00fcnc\u00fc f\u0131kras\u0131),\u201d h\u00fckm\u00fcn\u00fcn \u201cikinci f\u0131kras\u0131, \u00fc\u00e7\u00fcnc\u00fc f\u0131kras\u0131n\u0131n (b) ve (c) bentleri ve d\u00f6rd\u00fcnc\u00fc f\u0131kras\u0131\u201d k\u0131sm\u0131n\u0131 iptal etmesidir.<\/p>\n<p>5- AYM, CMK\u2019n\u0131n 75. Maddesine y\u00f6nelik iptali \u201cMa\u011fduru muhatap alan sesli, yaz\u0131l\u0131 veya g\u00f6r\u00fcnt\u00fcl\u00fc bir iletiyle hakaret su\u00e7unu i\u015fleyen fail ile do\u011frudan huzurda ya da g\u0131yapta hakaret su\u00e7unu i\u015fleyen failin benzer hukuki konumda olduklar\u0131 ve kar\u015f\u0131la\u015ft\u0131r\u0131lmaya m\u00fcsait olduklar\u0131, kural nedeniyle bunlar aras\u0131nda su\u00e7un i\u015fleni\u015f bi\u00e7imi g\u00f6zetilerek \u00f6n\u00f6deme h\u00fck\u00fcmlerinin uygulanmas\u0131 bak\u0131m\u0131ndan farkl\u0131l\u0131k meydana getirildi\u011fi anla\u015f\u0131lmaktad\u0131r\u2026 Dolay\u0131s\u0131yla ma\u011fdura muhatap alan sesli, yaz\u0131l\u0131 veya g\u00f6r\u00fcnt\u00fcl\u00fc bir iletiyle hakaret su\u00e7unu i\u015fleyen fail ile do\u011frudan huzurda ya da g\u0131yapta hakaret su\u00e7unu i\u015fleyen fail aras\u0131nda \u00f6n\u00f6deme h\u00fck\u00fcmlerinin uygulanmas\u0131 bak\u0131m\u0131ndan nesnel ve makul bir temele dayanmaks\u0131z\u0131n farkl\u0131l\u0131k olu\u015fturan kural\u0131n kanun \u00f6n\u00fcnde e\u015fitlik ilkesiyle ba\u011fda\u015ft\u0131\u011f\u0131 s\u00f6ylenemez.\u201d gerek\u00e7elerine dayand\u0131rm\u0131\u015ft\u0131r. (Paragraf 63, 73)<\/p>\n<p>6-  AYM, CMK\u2019n\u0131n 75\/6.a.2. alt bende y\u00f6nelik iptal karar\u0131n\u0131n Resmi Gazetede yay\u0131mlanmas\u0131ndan ba\u015flayarak 9 ay sonra y\u00fcr\u00fcrl\u00fc\u011fe girmesine de karar vermi\u015ftir.<\/p>\n<p>7-  CMK\u2019n\u0131n 75\/6.a.2. alt bentte y\u00f6nelik 9 ay i\u00e7erisinde yasal bir de\u011fi\u015fiklik yap\u0131lmamas\u0131 halinde, madde \u201cHakaret (125 inci maddenin) \u201c \u015feklini alaca\u011f\u0131 i\u00e7in hakaret su\u00e7unun t\u00fcm hallerinde \u00f6n\u00f6deme kurumunun uygulanmas\u0131 olanakl\u0131 hale gelecektir.<\/p>\n<p>8- Yukar\u0131da belirtilen (7. Maddede) halin ger\u00e7ekle\u015fmesi yani 9 ay i\u00e7erisinde yasal bir d\u00fczenleme yap\u0131lmamas\u0131 halinde TCK\u2019n\u0131n 125\/\/1. f\u0131kras\u0131nda yer alan su\u00e7 y\u00f6n\u00fcnden hem \u00f6n\u00f6deme hem de uzla\u015ft\u0131rma h\u00fck\u00fcmlerinin uygulanmas\u0131 olanakl\u0131 hale gelecektir. Bununla birlikte CMK\u2019n\u0131n 253\/3. maddesinin \u201cSoru\u015fturulmas\u0131 ve kovu\u015fturulmas\u0131 \u015fik\u00e2yete ba\u011fl\u0131 olsa bile, \u2026 hakaret su\u00e7unda (125 inci maddenin ikinci f\u0131kras\u0131), uzla\u015ft\u0131rma yoluna gidilemez.\u201d h\u00fckm\u00fc y\u00fcr\u00fcrl\u00fckte oldu\u011fundan, TCK\u2019n\u0131n 125\/2. F\u0131kras\u0131ndaki su\u00e7 y\u00f6n\u00fcnde sadece \u00f6n\u00f6deme uygulanabilecektir. Bu durum uzla\u015ft\u0131rma yasa\u011f\u0131 bulunan TCK\u2019n\u0131n 125\/2. maddesinde d\u00fczenlenen hakaret su\u00e7u a\u00e7\u0131s\u0131ndan yeni bir Anayasaya ayk\u0131r\u0131l\u0131k tart\u0131\u015fmas\u0131n\u0131 g\u00fcndeme getirecektir.<\/p>\n<p>&gt;&gt; AYM KARARININ TAM METN\u0130 \u0130\u00c7\u0130N TIKLAYINIZ<\/p>\n<p>\u200bAnayasa Mahkemesi (AYM) 7531 say\u0131l\u0131 Kanun ile yap\u0131lan de\u011fi\u015fiklikle hakaret su\u00e7unun baz\u0131 k\u0131s\u0131mlar\u0131n\u0131n \u00f6n\u00f6deme kapsam\u0131na al\u0131nmas\u0131na ili\u015fkin h\u00fck\u00fcmlerin Anayasaya ayk\u0131r\u0131l\u0131\u011f\u0131na y\u00f6nelik incelemesini tamamlam\u0131\u015f ve karar 29\/05\/2025 tarihli Resmi Gazete\u2019de yay\u0131mlanarak y\u00fcr\u00fcrl\u00fc\u011fe girmi\u015ftir. AYM\u2019nin iptale ili\u015fkin karalar\u0131n\u0131 oybirli\u011fi ile ald\u0131\u011f\u0131 g\u00f6zetildi\u011finde, iptaline karar verilen h\u00fck\u00fcmlerin Anayasa\u2019ya ayk\u0131r\u0131l\u0131\u011f\u0131 konusunda bir teredd\u00fct ya\u015fanmad\u0131\u011f\u0131 g\u00f6r\u00fclmektedir. Bu ba\u011flamda;<\/p>\n<p>1-  AYM, \u00f6n\u00f6deme kurumunda ma\u011fdur veya su\u00e7tan zarar g\u00f6renin iradesinin \u00f6nem ta\u015f\u0131mamas\u0131, fail ile ma\u011fdurun muhatap olmamas\u0131, taraflar aras\u0131nda herhangi bir m\u00fczakere ger\u00e7ekle\u015fmemesi, failin yap\u0131lan \u00f6n\u00f6deme \u00f6nerisini kabul etmesinin gerekli ve yeterli olmas\u0131 gibi gerek\u00e7elerle, bir su\u00e7 bak\u0131m\u0131ndan \u00f6n\u00f6deme h\u00fck\u00fcmlerinin uygulanmas\u0131n\u0131n uzla\u015ft\u0131rma h\u00fck\u00fcmlerinin uygulanmas\u0131na g\u00f6re failin lehine oldu\u011fu sonucuna ula\u015f\u0131lm\u0131\u015ft\u0131r. (Paragraf 114, 115, 116).<\/p>\n<p>2- AYM, soru\u015fturulmas\u0131 ve kovu\u015fturulmas\u0131 \u015fik\u00e2yete ba\u011fl\u0131 olan hakaret su\u00e7u bak\u0131m\u0131ndan \u015fik\u00e2yet s\u00fcresinin, her ne suretle olursa olsun fiilin ger\u00e7ekle\u015fti\u011fi tarihten itibaren iki y\u0131l\u0131 ge\u00e7emeyece\u011fine ili\u015fkin d\u00fczenlemenin, CMK\u2019ya 7531 Say\u0131l\u0131 Kanun ile eklenen Ge\u00e7ici 7\/1. maddesinin y\u00fcr\u00fcrl\u00fc\u011fe girdi\u011fi tarih itibar\u0131yla soru\u015fturma veya kovu\u015fturma evresine ge\u00e7ilmi\u015f dosyalar bak\u0131m\u0131ndan uygulanmayaca\u011f\u0131na ili\u015fkin h\u00fckm\u00fc Anayasa\u2019ya uygun bulmu\u015ftur. (TCK M. 73\/2, CMK M. Ge\u00e7ici 7\/1)<\/p>\n<p>3-  AYM, 7531 say\u0131l\u0131 Kanun ile CMK\u2019ya eklenen Ge\u00e7ici 7\/2. maddenin y\u00fcr\u00fcrl\u00fc\u011fe girdi\u011fi tarih itibar\u0131yla soru\u015fturma veya kovu\u015fturma evresinde bulunan dosyalar bak\u0131m\u0131ndan, \u00f6n\u00f6deme kurumunun uygulanamayaca\u011f\u0131 ve bu dosyalar\u0131n de\u011fi\u015fiklik \u00f6ncesi h\u00fck\u00fcmlere g\u00f6re sonu\u00e7land\u0131r\u0131laca\u011f\u0131, dolays\u0131yla bu kapsama giren su\u00e7lar\u0131n uzla\u015fmaya tabi olmaya devam edece\u011fi y\u00f6n\u00fcndeki h\u00fckm\u00fcn iptaline karar vermi\u015ftir. \u0130ptal karar\u0131nda y\u00fcr\u00fcrl\u00fc\u011fe ili\u015fkin farkl\u0131 bir d\u00fczenleme yap\u0131lmam\u0131\u015f ve iptal karar\u0131 resmi Gazete\u2019de yay\u0131m tarihi itibar\u0131yla y\u00fcr\u00fcrl\u00fc\u011fe girmi\u015ftir. Dolay\u0131s\u0131yla CMK\u2019n\u0131n Ge\u00e7ici 7\/2. Maddesinin y\u00fcr\u00fcrl\u00fc\u011fe girdi\u011fi tarih itibar\u0131yla soru\u015fturma veya kovu\u015fturma evresinde bulunan dosyalarda \u00f6n\u00f6deme kurumunun uygulanmas\u0131 olanakl\u0131 hale gelmi\u015ftir.<\/p>\n<p>4- AYM\u2019in en dikkat \u00e7ekici iptal gerek\u00e7esi ise, 7531 Say\u0131l\u0131 Kanun ile CMK\u2019n\u0131n 75\/6.a.2. alt bendine eklenen ve \u00f6n\u00f6demeye tabi hakaret su\u00e7unun uygulama alan\u0131n\u0131 s\u0131n\u0131rlayan \u201cHakaret (125 inci maddenin ikinci f\u0131kras\u0131, \u00fc\u00e7\u00fcnc\u00fc f\u0131kras\u0131n\u0131n (b) ve (c) bentleri ve d\u00f6rd\u00fcnc\u00fc f\u0131kras\u0131),\u201d h\u00fckm\u00fcn\u00fcn \u201cikinci f\u0131kras\u0131, \u00fc\u00e7\u00fcnc\u00fc f\u0131kras\u0131n\u0131n (b) ve (c) bentleri ve d\u00f6rd\u00fcnc\u00fc f\u0131kras\u0131\u201d k\u0131sm\u0131n\u0131 iptal etmesidir.<\/p>\n<p>5- AYM, CMK\u2019n\u0131n 75. Maddesine y\u00f6nelik iptali \u201cMa\u011fduru muhatap alan sesli, yaz\u0131l\u0131 veya g\u00f6r\u00fcnt\u00fcl\u00fc bir iletiyle hakaret su\u00e7unu i\u015fleyen fail ile do\u011frudan huzurda ya da g\u0131yapta hakaret su\u00e7unu i\u015fleyen failin benzer hukuki konumda olduklar\u0131 ve kar\u015f\u0131la\u015ft\u0131r\u0131lmaya m\u00fcsait olduklar\u0131, kural nedeniyle bunlar aras\u0131nda su\u00e7un i\u015fleni\u015f bi\u00e7imi g\u00f6zetilerek \u00f6n\u00f6deme h\u00fck\u00fcmlerinin uygulanmas\u0131 bak\u0131m\u0131ndan farkl\u0131l\u0131k meydana getirildi\u011fi anla\u015f\u0131lmaktad\u0131r\u2026 Dolay\u0131s\u0131yla ma\u011fdura muhatap alan sesli, yaz\u0131l\u0131 veya g\u00f6r\u00fcnt\u00fcl\u00fc bir iletiyle hakaret su\u00e7unu i\u015fleyen fail ile do\u011frudan huzurda ya da g\u0131yapta hakaret su\u00e7unu i\u015fleyen fail aras\u0131nda \u00f6n\u00f6deme h\u00fck\u00fcmlerinin uygulanmas\u0131 bak\u0131m\u0131ndan nesnel ve makul bir temele dayanmaks\u0131z\u0131n farkl\u0131l\u0131k olu\u015fturan kural\u0131n kanun \u00f6n\u00fcnde e\u015fitlik ilkesiyle ba\u011fda\u015ft\u0131\u011f\u0131 s\u00f6ylenemez.\u201d gerek\u00e7elerine dayand\u0131rm\u0131\u015ft\u0131r. (Paragraf 63, 73)<\/p>\n<p>6-  AYM, CMK\u2019n\u0131n 75\/6.a.2. alt bende y\u00f6nelik iptal karar\u0131n\u0131n Resmi Gazetede yay\u0131mlanmas\u0131ndan ba\u015flayarak 9 ay sonra y\u00fcr\u00fcrl\u00fc\u011fe girmesine de karar vermi\u015ftir.<\/p>\n<p>7-  CMK\u2019n\u0131n 75\/6.a.2. alt bentte y\u00f6nelik 9 ay i\u00e7erisinde yasal bir de\u011fi\u015fiklik yap\u0131lmamas\u0131 halinde, madde \u201cHakaret (125 inci maddenin) \u201c \u015feklini alaca\u011f\u0131 i\u00e7in hakaret su\u00e7unun t\u00fcm hallerinde \u00f6n\u00f6deme kurumunun uygulanmas\u0131 olanakl\u0131 hale gelecektir.<\/p>\n<p>8- Yukar\u0131da belirtilen (7. Maddede) halin ger\u00e7ekle\u015fmesi yani 9 ay i\u00e7erisinde yasal bir d\u00fczenleme yap\u0131lmamas\u0131 halinde TCK\u2019n\u0131n 125\/\/1. f\u0131kras\u0131nda yer alan su\u00e7 y\u00f6n\u00fcnden hem \u00f6n\u00f6deme hem de uzla\u015ft\u0131rma h\u00fck\u00fcmlerinin uygulanmas\u0131 olanakl\u0131 hale gelecektir. Bununla birlikte CMK\u2019n\u0131n 253\/3. maddesinin \u201cSoru\u015fturulmas\u0131 ve kovu\u015fturulmas\u0131 \u015fik\u00e2yete ba\u011fl\u0131 olsa bile, \u2026 hakaret su\u00e7unda (125 inci maddenin ikinci f\u0131kras\u0131), uzla\u015ft\u0131rma yoluna gidilemez.\u201d h\u00fckm\u00fc y\u00fcr\u00fcrl\u00fckte oldu\u011fundan, TCK\u2019n\u0131n 125\/2. F\u0131kras\u0131ndaki su\u00e7 y\u00f6n\u00fcnde sadece \u00f6n\u00f6deme uygulanabilecektir. Bu durum uzla\u015ft\u0131rma yasa\u011f\u0131 bulunan TCK\u2019n\u0131n 125\/2. maddesinde d\u00fczenlenen hakaret su\u00e7u a\u00e7\u0131s\u0131ndan yeni bir Anayasaya ayk\u0131r\u0131l\u0131k tart\u0131\u015fmas\u0131n\u0131 g\u00fcndeme getirecektir.<\/p>\n<p>&gt;&gt; AYM KARARININ TAM METN\u0130 \u0130\u00c7\u0130N TIKLAYINIZ\u00a0Hukuki Haber<\/p>","protected":false},"excerpt":{"rendered":"<p>Anayasa Mahkemesi (AYM) 7531 say\u0131l\u0131 Kanun ile yap\u0131lan de\u011fi\u015fiklikle hakaret su\u00e7unun baz\u0131 k\u0131s\u0131mlar\u0131n\u0131n \u00f6n\u00f6deme kapsam\u0131na al\u0131nmas\u0131na ili\u015fkin h\u00fck\u00fcmlerin Anayasaya ayk\u0131r\u0131l\u0131\u011f\u0131na y\u00f6nelik incelemesini tamamlam\u0131\u015f ve karar 29\/05\/2025 tarihli Resmi Gazete\u2019de yay\u0131mlanarak y\u00fcr\u00fcrl\u00fc\u011fe girmi\u015ftir. AYM\u2019nin iptale ili\u015fkin karalar\u0131n\u0131 oybirli\u011fi ile ald\u0131\u011f\u0131 g\u00f6zetildi\u011finde, iptaline karar verilen h\u00fck\u00fcmlerin Anayasa\u2019ya ayk\u0131r\u0131l\u0131\u011f\u0131 konusunda bir teredd\u00fct ya\u015fanmad\u0131\u011f\u0131 g\u00f6r\u00fclmektedir. Bu ba\u011flamda; 1- AYM, \u00f6n\u00f6deme kurumunda ma\u011fdur veya su\u00e7tan zarar g\u00f6renin iradesinin \u00f6nem ta\u015f\u0131mamas\u0131, fail ile ma\u011fdurun muhatap olmamas\u0131, taraflar aras\u0131nda herhangi bir m\u00fczakere ger\u00e7ekle\u015fmemesi, failin yap\u0131lan \u00f6n\u00f6deme \u00f6nerisini kabul etmesinin gerekli ve yeterli olmas\u0131 gibi gerek\u00e7elerle, bir su\u00e7 bak\u0131m\u0131ndan \u00f6n\u00f6deme h\u00fck\u00fcmlerinin uygulanmas\u0131n\u0131n uzla\u015ft\u0131rma h\u00fck\u00fcmlerinin uygulanmas\u0131na g\u00f6re failin lehine oldu\u011fu sonucuna ula\u015f\u0131lm\u0131\u015ft\u0131r. (Paragraf 114, 115, 116). 2- AYM, soru\u015fturulmas\u0131 ve kovu\u015fturulmas\u0131 \u015fik\u00e2yete ba\u011fl\u0131 olan hakaret su\u00e7u bak\u0131m\u0131ndan \u015fik\u00e2yet s\u00fcresinin, her ne suretle olursa olsun fiilin ger\u00e7ekle\u015fti\u011fi tarihten itibaren iki y\u0131l\u0131 ge\u00e7emeyece\u011fine ili\u015fkin d\u00fczenlemenin, CMK\u2019ya 7531 Say\u0131l\u0131 Kanun ile eklenen Ge\u00e7ici 7\/1. maddesinin y\u00fcr\u00fcrl\u00fc\u011fe girdi\u011fi tarih itibar\u0131yla soru\u015fturma veya kovu\u015fturma evresine ge\u00e7ilmi\u015f dosyalar bak\u0131m\u0131ndan uygulanmayaca\u011f\u0131na ili\u015fkin h\u00fckm\u00fc Anayasa\u2019ya uygun bulmu\u015ftur. (TCK M. 73\/2, CMK M. Ge\u00e7ici 7\/1) 3- AYM, 7531 say\u0131l\u0131 Kanun ile CMK\u2019ya eklenen Ge\u00e7ici 7\/2. maddenin y\u00fcr\u00fcrl\u00fc\u011fe girdi\u011fi tarih itibar\u0131yla soru\u015fturma veya kovu\u015fturma evresinde bulunan dosyalar bak\u0131m\u0131ndan, \u00f6n\u00f6deme kurumunun uygulanamayaca\u011f\u0131 ve bu dosyalar\u0131n de\u011fi\u015fiklik \u00f6ncesi h\u00fck\u00fcmlere g\u00f6re sonu\u00e7land\u0131r\u0131laca\u011f\u0131, &hellip;<\/p>","protected":false},"author":3,"featured_media":0,"comment_status":"","ping_status":"open","sticky":false,"template":"","format":"standard","meta":{"_acf_changed":false,"footnotes":""},"categories":[27],"tags":[],"class_list":["post-100975","post","type-post","status-publish","format-standard","has-post-thumbnail","hentry","category-hukukihaber"],"acf":[],"yoast_head":"<!-- This site is optimized with the Yoast SEO Premium plugin v26.6 (Yoast SEO v27.1.1) - https:\/\/yoast.com\/product\/yoast-seo-premium-wordpress\/ -->\n<title>HAKARET SU\u00c7LARINDA \u00d6N\u00d6DEME UYGULANMASINA \u0130L\u0130\u015eK\u0130N H\u00dcK\u00dcMLERE Y\u00d6NEL\u0130K ANAYASA MAHKEMES\u0130 KARARI \u00dcZER\u0130NE - Av. Deniz Can K\u0131z\u0131l<\/title>\n<meta name=\"robots\" content=\"index, follow, max-snippet:-1, max-image-preview:large, max-video-preview:-1\" \/>\n<link rel=\"canonical\" href=\"https:\/\/denizcankizil.tr\/de\/hukukihaber\/hakaret-suclarinda-onodeme-uygulanmasina-iliskin-hukumlere-yonelik-anayasa-mahkemesi-karari-uzerine\/\" \/>\n<meta property=\"og:locale\" content=\"de_DE\" \/>\n<meta property=\"og:type\" content=\"article\" \/>\n<meta property=\"og:title\" content=\"HAKARET SU\u00c7LARINDA \u00d6N\u00d6DEME UYGULANMASINA \u0130L\u0130\u015eK\u0130N H\u00dcK\u00dcMLERE Y\u00d6NEL\u0130K ANAYASA MAHKEMES\u0130 KARARI \u00dcZER\u0130NE\" \/>\n<meta property=\"og:description\" content=\"Anayasa Mahkemesi (AYM) 7531 say\u0131l\u0131 Kanun ile yap\u0131lan de\u011fi\u015fiklikle hakaret su\u00e7unun baz\u0131 k\u0131s\u0131mlar\u0131n\u0131n \u00f6n\u00f6deme kapsam\u0131na al\u0131nmas\u0131na ili\u015fkin h\u00fck\u00fcmlerin Anayasaya ayk\u0131r\u0131l\u0131\u011f\u0131na y\u00f6nelik incelemesini tamamlam\u0131\u015f ve karar 29\/05\/2025 tarihli Resmi Gazete\u2019de yay\u0131mlanarak y\u00fcr\u00fcrl\u00fc\u011fe girmi\u015ftir. AYM\u2019nin iptale ili\u015fkin karalar\u0131n\u0131 oybirli\u011fi ile ald\u0131\u011f\u0131 g\u00f6zetildi\u011finde, iptaline karar verilen h\u00fck\u00fcmlerin Anayasa\u2019ya ayk\u0131r\u0131l\u0131\u011f\u0131 konusunda bir teredd\u00fct ya\u015fanmad\u0131\u011f\u0131 g\u00f6r\u00fclmektedir. Bu ba\u011flamda; 1- AYM, \u00f6n\u00f6deme kurumunda ma\u011fdur veya su\u00e7tan zarar g\u00f6renin iradesinin \u00f6nem ta\u015f\u0131mamas\u0131, fail ile ma\u011fdurun muhatap olmamas\u0131, taraflar aras\u0131nda herhangi bir m\u00fczakere ger\u00e7ekle\u015fmemesi, failin yap\u0131lan \u00f6n\u00f6deme \u00f6nerisini kabul etmesinin gerekli ve yeterli olmas\u0131 gibi gerek\u00e7elerle, bir su\u00e7 bak\u0131m\u0131ndan \u00f6n\u00f6deme h\u00fck\u00fcmlerinin uygulanmas\u0131n\u0131n uzla\u015ft\u0131rma h\u00fck\u00fcmlerinin uygulanmas\u0131na g\u00f6re failin lehine oldu\u011fu sonucuna ula\u015f\u0131lm\u0131\u015ft\u0131r. (Paragraf 114, 115, 116). 2- AYM, soru\u015fturulmas\u0131 ve kovu\u015fturulmas\u0131 \u015fik\u00e2yete ba\u011fl\u0131 olan hakaret su\u00e7u bak\u0131m\u0131ndan \u015fik\u00e2yet s\u00fcresinin, her ne suretle olursa olsun fiilin ger\u00e7ekle\u015fti\u011fi tarihten itibaren iki y\u0131l\u0131 ge\u00e7emeyece\u011fine ili\u015fkin d\u00fczenlemenin, CMK\u2019ya 7531 Say\u0131l\u0131 Kanun ile eklenen Ge\u00e7ici 7\/1. maddesinin y\u00fcr\u00fcrl\u00fc\u011fe girdi\u011fi tarih itibar\u0131yla soru\u015fturma veya kovu\u015fturma evresine ge\u00e7ilmi\u015f dosyalar bak\u0131m\u0131ndan uygulanmayaca\u011f\u0131na ili\u015fkin h\u00fckm\u00fc Anayasa\u2019ya uygun bulmu\u015ftur. (TCK M. 73\/2, CMK M. Ge\u00e7ici 7\/1) 3- AYM, 7531 say\u0131l\u0131 Kanun ile CMK\u2019ya eklenen Ge\u00e7ici 7\/2. maddenin y\u00fcr\u00fcrl\u00fc\u011fe girdi\u011fi tarih itibar\u0131yla soru\u015fturma veya kovu\u015fturma evresinde bulunan dosyalar bak\u0131m\u0131ndan, \u00f6n\u00f6deme kurumunun uygulanamayaca\u011f\u0131 ve bu dosyalar\u0131n de\u011fi\u015fiklik \u00f6ncesi h\u00fck\u00fcmlere g\u00f6re sonu\u00e7land\u0131r\u0131laca\u011f\u0131, &hellip;\" \/>\n<meta property=\"og:url\" content=\"https:\/\/denizcankizil.tr\/de\/hukukihaber\/hakaret-suclarinda-onodeme-uygulanmasina-iliskin-hukumlere-yonelik-anayasa-mahkemesi-karari-uzerine\/\" \/>\n<meta property=\"og:site_name\" content=\"Av. Deniz Can K\u0131z\u0131l\" \/>\n<meta property=\"article:published_time\" content=\"2025-05-29T08:45:00+00:00\" \/>\n<meta name=\"author\" content=\"Hukuki Haber.net\" \/>\n<meta name=\"twitter:card\" content=\"summary_large_image\" \/>\n<meta name=\"twitter:label1\" content=\"Verfasst von\" \/>\n\t<meta name=\"twitter:data1\" content=\"Hukuki Haber.net\" \/>\n\t<meta name=\"twitter:label2\" content=\"Gesch\u00e4tzte Lesezeit\" \/>\n\t<meta name=\"twitter:data2\" content=\"9\u00a0Minuten\" \/>\n<script type=\"application\/ld+json\" class=\"yoast-schema-graph\">{\"@context\":\"https:\/\/schema.org\",\"@graph\":[{\"@type\":\"Article\",\"@id\":\"https:\/\/denizcankizil.tr\/en\/hukukihaber\/hakaret-suclarinda-onodeme-uygulanmasina-iliskin-hukumlere-yonelik-anayasa-mahkemesi-karari-uzerine\/#article\",\"isPartOf\":{\"@id\":\"https:\/\/denizcankizil.tr\/en\/hukukihaber\/hakaret-suclarinda-onodeme-uygulanmasina-iliskin-hukumlere-yonelik-anayasa-mahkemesi-karari-uzerine\/\"},\"author\":{\"name\":\"Hukuki Haber.net\",\"@id\":\"https:\/\/denizcankizil.tr\/de\/#\/schema\/person\/001a271de994a0aa3f90eea084424822\"},\"headline\":\"HAKARET SU\u00c7LARINDA \u00d6N\u00d6DEME UYGULANMASINA \u0130L\u0130\u015eK\u0130N H\u00dcK\u00dcMLERE Y\u00d6NEL\u0130K ANAYASA MAHKEMES\u0130 KARARI \u00dcZER\u0130NE\",\"datePublished\":\"2025-05-29T08:45:00+00:00\",\"mainEntityOfPage\":{\"@id\":\"https:\/\/denizcankizil.tr\/en\/hukukihaber\/hakaret-suclarinda-onodeme-uygulanmasina-iliskin-hukumlere-yonelik-anayasa-mahkemesi-karari-uzerine\/\"},\"wordCount\":1766,\"publisher\":{\"@id\":\"https:\/\/denizcankizil.tr\/de\/#organization\"},\"articleSection\":[\"Hukuki Haberler\"],\"inLanguage\":\"de\"},{\"@type\":\"WebPage\",\"@id\":\"https:\/\/denizcankizil.tr\/en\/hukukihaber\/hakaret-suclarinda-onodeme-uygulanmasina-iliskin-hukumlere-yonelik-anayasa-mahkemesi-karari-uzerine\/\",\"url\":\"https:\/\/denizcankizil.tr\/en\/hukukihaber\/hakaret-suclarinda-onodeme-uygulanmasina-iliskin-hukumlere-yonelik-anayasa-mahkemesi-karari-uzerine\/\",\"name\":\"HAKARET SU\u00c7LARINDA \u00d6N\u00d6DEME UYGULANMASINA \u0130L\u0130\u015eK\u0130N H\u00dcK\u00dcMLERE Y\u00d6NEL\u0130K ANAYASA MAHKEMES\u0130 KARARI \u00dcZER\u0130NE - Av. Deniz Can K\u0131z\u0131l\",\"isPartOf\":{\"@id\":\"https:\/\/denizcankizil.tr\/de\/#website\"},\"datePublished\":\"2025-05-29T08:45:00+00:00\",\"breadcrumb\":{\"@id\":\"https:\/\/denizcankizil.tr\/en\/hukukihaber\/hakaret-suclarinda-onodeme-uygulanmasina-iliskin-hukumlere-yonelik-anayasa-mahkemesi-karari-uzerine\/#breadcrumb\"},\"inLanguage\":\"de\",\"potentialAction\":[{\"@type\":\"ReadAction\",\"target\":[\"https:\/\/denizcankizil.tr\/en\/hukukihaber\/hakaret-suclarinda-onodeme-uygulanmasina-iliskin-hukumlere-yonelik-anayasa-mahkemesi-karari-uzerine\/\"]}]},{\"@type\":\"BreadcrumbList\",\"@id\":\"https:\/\/denizcankizil.tr\/en\/hukukihaber\/hakaret-suclarinda-onodeme-uygulanmasina-iliskin-hukumlere-yonelik-anayasa-mahkemesi-karari-uzerine\/#breadcrumb\",\"itemListElement\":[{\"@type\":\"ListItem\",\"position\":1,\"name\":\"Home\",\"item\":\"https:\/\/denizcankizil.tr\/de\/\"},{\"@type\":\"ListItem\",\"position\":2,\"name\":\"HAKARET SU\u00c7LARINDA \u00d6N\u00d6DEME UYGULANMASINA \u0130L\u0130\u015eK\u0130N H\u00dcK\u00dcMLERE Y\u00d6NEL\u0130K ANAYASA MAHKEMES\u0130 KARARI \u00dcZER\u0130NE\"}]},{\"@type\":\"WebSite\",\"@id\":\"https:\/\/denizcankizil.tr\/de\/#website\",\"url\":\"https:\/\/denizcankizil.tr\/de\/\",\"name\":\"Av. Deniz Can K\u0131z\u0131l\",\"description\":\"Avukat Deniz Can K\u0131z\u0131l Antalya Barosu\",\"publisher\":{\"@id\":\"https:\/\/denizcankizil.tr\/de\/#organization\"},\"potentialAction\":[{\"@type\":\"SearchAction\",\"target\":{\"@type\":\"EntryPoint\",\"urlTemplate\":\"https:\/\/denizcankizil.tr\/de\/?s={search_term_string}\"},\"query-input\":{\"@type\":\"PropertyValueSpecification\",\"valueRequired\":true,\"valueName\":\"search_term_string\"}}],\"inLanguage\":\"de\"},{\"@type\":\"Organization\",\"@id\":\"https:\/\/denizcankizil.tr\/de\/#organization\",\"name\":\"Av. Deniz Can K\u0131z\u0131l\",\"url\":\"https:\/\/denizcankizil.tr\/de\/\",\"logo\":{\"@type\":\"ImageObject\",\"inLanguage\":\"de\",\"@id\":\"https:\/\/denizcankizil.tr\/de\/#\/schema\/logo\/image\/\",\"url\":\"http:\/\/denizcankizil.tr\/wp-content\/uploads\/2024\/10\/siyah-logo-svg.svg\",\"contentUrl\":\"http:\/\/denizcankizil.tr\/wp-content\/uploads\/2024\/10\/siyah-logo-svg.svg\",\"width\":1080,\"height\":1080,\"caption\":\"Av. Deniz Can K\u0131z\u0131l\"},\"image\":{\"@id\":\"https:\/\/denizcankizil.tr\/de\/#\/schema\/logo\/image\/\"}},{\"@type\":\"Person\",\"@id\":\"https:\/\/denizcankizil.tr\/de\/#\/schema\/person\/001a271de994a0aa3f90eea084424822\",\"name\":\"Hukuki Haber.net\",\"image\":{\"@type\":\"ImageObject\",\"inLanguage\":\"de\",\"@id\":\"https:\/\/denizcankizil.tr\/de\/#\/schema\/person\/image\/\",\"url\":\"https:\/\/secure.gravatar.com\/avatar\/57d8a49151495586611a149d29fc42865b951dc053a84709a3172ccb5abf3118?s=96&d=mm&r=g\",\"contentUrl\":\"https:\/\/secure.gravatar.com\/avatar\/57d8a49151495586611a149d29fc42865b951dc053a84709a3172ccb5abf3118?s=96&d=mm&r=g\",\"caption\":\"Hukuki Haber.net\"},\"sameAs\":[\"http:\/\/www.hukukihaber.net\"],\"url\":\"https:\/\/www.hukukihaber.net\/hakaret-suclarinda-onodeme-uygulanmasina-iliskin-hukumlere-yonelik-anayasa-mahkemesi-karari\"}]}<\/script>\n<!-- \/ Yoast SEO Premium plugin. -->","yoast_head_json":{"title":"HAKARET SU\u00c7LARINDA \u00d6N\u00d6DEME UYGULANMASINA \u0130L\u0130\u015eK\u0130N H\u00dcK\u00dcMLERE Y\u00d6NEL\u0130K ANAYASA MAHKEMES\u0130 KARARI \u00dcZER\u0130NE - Av. Deniz Can K\u0131z\u0131l","robots":{"index":"index","follow":"follow","max-snippet":"max-snippet:-1","max-image-preview":"max-image-preview:large","max-video-preview":"max-video-preview:-1"},"canonical":"https:\/\/denizcankizil.tr\/de\/hukukihaber\/hakaret-suclarinda-onodeme-uygulanmasina-iliskin-hukumlere-yonelik-anayasa-mahkemesi-karari-uzerine\/","og_locale":"de_DE","og_type":"article","og_title":"HAKARET SU\u00c7LARINDA \u00d6N\u00d6DEME UYGULANMASINA \u0130L\u0130\u015eK\u0130N H\u00dcK\u00dcMLERE Y\u00d6NEL\u0130K ANAYASA MAHKEMES\u0130 KARARI \u00dcZER\u0130NE","og_description":"Anayasa Mahkemesi (AYM) 7531 say\u0131l\u0131 Kanun ile yap\u0131lan de\u011fi\u015fiklikle hakaret su\u00e7unun baz\u0131 k\u0131s\u0131mlar\u0131n\u0131n \u00f6n\u00f6deme kapsam\u0131na al\u0131nmas\u0131na ili\u015fkin h\u00fck\u00fcmlerin Anayasaya ayk\u0131r\u0131l\u0131\u011f\u0131na y\u00f6nelik incelemesini tamamlam\u0131\u015f ve karar 29\/05\/2025 tarihli Resmi Gazete\u2019de yay\u0131mlanarak y\u00fcr\u00fcrl\u00fc\u011fe girmi\u015ftir. AYM\u2019nin iptale ili\u015fkin karalar\u0131n\u0131 oybirli\u011fi ile ald\u0131\u011f\u0131 g\u00f6zetildi\u011finde, iptaline karar verilen h\u00fck\u00fcmlerin Anayasa\u2019ya ayk\u0131r\u0131l\u0131\u011f\u0131 konusunda bir teredd\u00fct ya\u015fanmad\u0131\u011f\u0131 g\u00f6r\u00fclmektedir. Bu ba\u011flamda; 1- AYM, \u00f6n\u00f6deme kurumunda ma\u011fdur veya su\u00e7tan zarar g\u00f6renin iradesinin \u00f6nem ta\u015f\u0131mamas\u0131, fail ile ma\u011fdurun muhatap olmamas\u0131, taraflar aras\u0131nda herhangi bir m\u00fczakere ger\u00e7ekle\u015fmemesi, failin yap\u0131lan \u00f6n\u00f6deme \u00f6nerisini kabul etmesinin gerekli ve yeterli olmas\u0131 gibi gerek\u00e7elerle, bir su\u00e7 bak\u0131m\u0131ndan \u00f6n\u00f6deme h\u00fck\u00fcmlerinin uygulanmas\u0131n\u0131n uzla\u015ft\u0131rma h\u00fck\u00fcmlerinin uygulanmas\u0131na g\u00f6re failin lehine oldu\u011fu sonucuna ula\u015f\u0131lm\u0131\u015ft\u0131r. (Paragraf 114, 115, 116). 2- AYM, soru\u015fturulmas\u0131 ve kovu\u015fturulmas\u0131 \u015fik\u00e2yete ba\u011fl\u0131 olan hakaret su\u00e7u bak\u0131m\u0131ndan \u015fik\u00e2yet s\u00fcresinin, her ne suretle olursa olsun fiilin ger\u00e7ekle\u015fti\u011fi tarihten itibaren iki y\u0131l\u0131 ge\u00e7emeyece\u011fine ili\u015fkin d\u00fczenlemenin, CMK\u2019ya 7531 Say\u0131l\u0131 Kanun ile eklenen Ge\u00e7ici 7\/1. maddesinin y\u00fcr\u00fcrl\u00fc\u011fe girdi\u011fi tarih itibar\u0131yla soru\u015fturma veya kovu\u015fturma evresine ge\u00e7ilmi\u015f dosyalar bak\u0131m\u0131ndan uygulanmayaca\u011f\u0131na ili\u015fkin h\u00fckm\u00fc Anayasa\u2019ya uygun bulmu\u015ftur. (TCK M. 73\/2, CMK M. Ge\u00e7ici 7\/1) 3- AYM, 7531 say\u0131l\u0131 Kanun ile CMK\u2019ya eklenen Ge\u00e7ici 7\/2. maddenin y\u00fcr\u00fcrl\u00fc\u011fe girdi\u011fi tarih itibar\u0131yla soru\u015fturma veya kovu\u015fturma evresinde bulunan dosyalar bak\u0131m\u0131ndan, \u00f6n\u00f6deme kurumunun uygulanamayaca\u011f\u0131 ve bu dosyalar\u0131n de\u011fi\u015fiklik \u00f6ncesi h\u00fck\u00fcmlere g\u00f6re sonu\u00e7land\u0131r\u0131laca\u011f\u0131, &hellip;","og_url":"https:\/\/denizcankizil.tr\/de\/hukukihaber\/hakaret-suclarinda-onodeme-uygulanmasina-iliskin-hukumlere-yonelik-anayasa-mahkemesi-karari-uzerine\/","og_site_name":"Av. Deniz Can K\u0131z\u0131l","article_published_time":"2025-05-29T08:45:00+00:00","author":"Hukuki Haber.net","twitter_card":"summary_large_image","twitter_misc":{"Verfasst von":"Hukuki Haber.net","Gesch\u00e4tzte Lesezeit":"9\u00a0Minuten"},"schema":{"@context":"https:\/\/schema.org","@graph":[{"@type":"Article","@id":"https:\/\/denizcankizil.tr\/en\/hukukihaber\/hakaret-suclarinda-onodeme-uygulanmasina-iliskin-hukumlere-yonelik-anayasa-mahkemesi-karari-uzerine\/#article","isPartOf":{"@id":"https:\/\/denizcankizil.tr\/en\/hukukihaber\/hakaret-suclarinda-onodeme-uygulanmasina-iliskin-hukumlere-yonelik-anayasa-mahkemesi-karari-uzerine\/"},"author":{"name":"Hukuki Haber.net","@id":"https:\/\/denizcankizil.tr\/de\/#\/schema\/person\/001a271de994a0aa3f90eea084424822"},"headline":"HAKARET SU\u00c7LARINDA \u00d6N\u00d6DEME UYGULANMASINA \u0130L\u0130\u015eK\u0130N H\u00dcK\u00dcMLERE Y\u00d6NEL\u0130K ANAYASA MAHKEMES\u0130 KARARI \u00dcZER\u0130NE","datePublished":"2025-05-29T08:45:00+00:00","mainEntityOfPage":{"@id":"https:\/\/denizcankizil.tr\/en\/hukukihaber\/hakaret-suclarinda-onodeme-uygulanmasina-iliskin-hukumlere-yonelik-anayasa-mahkemesi-karari-uzerine\/"},"wordCount":1766,"publisher":{"@id":"https:\/\/denizcankizil.tr\/de\/#organization"},"articleSection":["Hukuki Haberler"],"inLanguage":"de"},{"@type":"WebPage","@id":"https:\/\/denizcankizil.tr\/en\/hukukihaber\/hakaret-suclarinda-onodeme-uygulanmasina-iliskin-hukumlere-yonelik-anayasa-mahkemesi-karari-uzerine\/","url":"https:\/\/denizcankizil.tr\/en\/hukukihaber\/hakaret-suclarinda-onodeme-uygulanmasina-iliskin-hukumlere-yonelik-anayasa-mahkemesi-karari-uzerine\/","name":"HAKARET SU\u00c7LARINDA \u00d6N\u00d6DEME UYGULANMASINA \u0130L\u0130\u015eK\u0130N H\u00dcK\u00dcMLERE Y\u00d6NEL\u0130K ANAYASA MAHKEMES\u0130 KARARI \u00dcZER\u0130NE - Av. Deniz Can K\u0131z\u0131l","isPartOf":{"@id":"https:\/\/denizcankizil.tr\/de\/#website"},"datePublished":"2025-05-29T08:45:00+00:00","breadcrumb":{"@id":"https:\/\/denizcankizil.tr\/en\/hukukihaber\/hakaret-suclarinda-onodeme-uygulanmasina-iliskin-hukumlere-yonelik-anayasa-mahkemesi-karari-uzerine\/#breadcrumb"},"inLanguage":"de","potentialAction":[{"@type":"ReadAction","target":["https:\/\/denizcankizil.tr\/en\/hukukihaber\/hakaret-suclarinda-onodeme-uygulanmasina-iliskin-hukumlere-yonelik-anayasa-mahkemesi-karari-uzerine\/"]}]},{"@type":"BreadcrumbList","@id":"https:\/\/denizcankizil.tr\/en\/hukukihaber\/hakaret-suclarinda-onodeme-uygulanmasina-iliskin-hukumlere-yonelik-anayasa-mahkemesi-karari-uzerine\/#breadcrumb","itemListElement":[{"@type":"ListItem","position":1,"name":"Home","item":"https:\/\/denizcankizil.tr\/de\/"},{"@type":"ListItem","position":2,"name":"HAKARET SU\u00c7LARINDA \u00d6N\u00d6DEME UYGULANMASINA \u0130L\u0130\u015eK\u0130N H\u00dcK\u00dcMLERE Y\u00d6NEL\u0130K ANAYASA MAHKEMES\u0130 KARARI \u00dcZER\u0130NE"}]},{"@type":"WebSite","@id":"https:\/\/denizcankizil.tr\/de\/#website","url":"https:\/\/denizcankizil.tr\/de\/","name":"Av. Deniz Can K\u0131z\u0131l","description":"Avukat Deniz Can K\u0131z\u0131l Antalya Barosu","publisher":{"@id":"https:\/\/denizcankizil.tr\/de\/#organization"},"potentialAction":[{"@type":"SearchAction","target":{"@type":"EntryPoint","urlTemplate":"https:\/\/denizcankizil.tr\/de\/?s={search_term_string}"},"query-input":{"@type":"PropertyValueSpecification","valueRequired":true,"valueName":"search_term_string"}}],"inLanguage":"de"},{"@type":"Organization","@id":"https:\/\/denizcankizil.tr\/de\/#organization","name":"Av. Deniz Can K\u0131z\u0131l","url":"https:\/\/denizcankizil.tr\/de\/","logo":{"@type":"ImageObject","inLanguage":"de","@id":"https:\/\/denizcankizil.tr\/de\/#\/schema\/logo\/image\/","url":"http:\/\/denizcankizil.tr\/wp-content\/uploads\/2024\/10\/siyah-logo-svg.svg","contentUrl":"http:\/\/denizcankizil.tr\/wp-content\/uploads\/2024\/10\/siyah-logo-svg.svg","width":1080,"height":1080,"caption":"Av. Deniz Can K\u0131z\u0131l"},"image":{"@id":"https:\/\/denizcankizil.tr\/de\/#\/schema\/logo\/image\/"}},{"@type":"Person","@id":"https:\/\/denizcankizil.tr\/de\/#\/schema\/person\/001a271de994a0aa3f90eea084424822","name":"Hukuki Haber.net","image":{"@type":"ImageObject","inLanguage":"de","@id":"https:\/\/denizcankizil.tr\/de\/#\/schema\/person\/image\/","url":"https:\/\/secure.gravatar.com\/avatar\/57d8a49151495586611a149d29fc42865b951dc053a84709a3172ccb5abf3118?s=96&d=mm&r=g","contentUrl":"https:\/\/secure.gravatar.com\/avatar\/57d8a49151495586611a149d29fc42865b951dc053a84709a3172ccb5abf3118?s=96&d=mm&r=g","caption":"Hukuki Haber.net"},"sameAs":["http:\/\/www.hukukihaber.net"],"url":"https:\/\/www.hukukihaber.net\/hakaret-suclarinda-onodeme-uygulanmasina-iliskin-hukumlere-yonelik-anayasa-mahkemesi-karari"}]}},"_links":{"self":[{"href":"http:\/\/denizcankizil.tr\/de\/wp-json\/wp\/v2\/posts\/100975","targetHints":{"allow":["GET"]}}],"collection":[{"href":"http:\/\/denizcankizil.tr\/de\/wp-json\/wp\/v2\/posts"}],"about":[{"href":"http:\/\/denizcankizil.tr\/de\/wp-json\/wp\/v2\/types\/post"}],"author":[{"embeddable":true,"href":"http:\/\/denizcankizil.tr\/de\/wp-json\/wp\/v2\/users\/3"}],"replies":[{"embeddable":true,"href":"http:\/\/denizcankizil.tr\/de\/wp-json\/wp\/v2\/comments?post=100975"}],"version-history":[{"count":0,"href":"http:\/\/denizcankizil.tr\/de\/wp-json\/wp\/v2\/posts\/100975\/revisions"}],"wp:attachment":[{"href":"http:\/\/denizcankizil.tr\/de\/wp-json\/wp\/v2\/media?parent=100975"}],"wp:term":[{"taxonomy":"category","embeddable":true,"href":"http:\/\/denizcankizil.tr\/de\/wp-json\/wp\/v2\/categories?post=100975"},{"taxonomy":"post_tag","embeddable":true,"href":"http:\/\/denizcankizil.tr\/de\/wp-json\/wp\/v2\/tags?post=100975"}],"curies":[{"name":"wp","href":"https:\/\/api.w.org\/{rel}","templated":true}]}}