{"id":100430,"date":"2025-05-29T10:43:45","date_gmt":"2025-05-29T07:43:45","guid":{"rendered":"https:\/\/denizcankizil.tr\/uncategorized-tr\/hskya-yeni-uyeler-atandi-bakan-tunctan-hayirli-olsun-mesaji\/"},"modified":"2025-05-29T10:43:45","modified_gmt":"2025-05-29T07:43:45","slug":"hskya-yeni-uyeler-atandi-bakan-tunctan-hayirli-olsun-mesaji","status":"publish","type":"post","link":"http:\/\/denizcankizil.tr\/de\/haberler\/gundem\/hskya-yeni-uyeler-atandi-bakan-tunctan-hayirli-olsun-mesaji\/","title":{"rendered":"HSK\u2019ya yeni \u00fcyeler atand\u0131&#8230; Bakan Tun\u00e7\u2019tan &#8216;hay\u0131rl\u0131 olsun&#8217; mesaj\u0131"},"content":{"rendered":"<p>Adalet Bakan\u0131 Y\u0131lmaz Tun\u00e7, Cumhurba\u015fkan\u0131 Recep Tayyip Erdo\u011fan\u2019\u0131n oluruylaH\u00e2kimler ve Savc\u0131lar Kurulu\u2019na (HSK) se\u00e7ilen d\u00f6rt yeni \u00fcyenin atamas\u0131n\u0131 duyurdu. Bakan Tun\u00e7, yeni \u00fcyelerin adaletin tecellisi i\u00e7in \u00f6nemli \u00e7al\u0131\u015fmalara imza ataca\u011f\u0131na inand\u0131\u011f\u0131n\u0131 belirtti.ANKARA (\u0130GFA) &#8211; Adalet Bakan\u0131 Y\u0131lmaz Tun\u00e7, sosyal medya hesab\u0131ndan yapt\u0131\u011f\u0131 payla\u015f\u0131mla, H\u00e2kimler ve Savc\u0131lar Kurulu\u2019na (HSK) yeni \u00fcyelerin atand\u0131\u011f\u0131n\u0131 kamuoyuyla payla\u015ft\u0131.<br \/>\nBakan Tun\u00e7, yeni HSK \u00fcyelerine g\u00f6revlerinde ba\u015far\u0131lar dileyerek, \u201cHukukun \u00fcst\u00fcnl\u00fc\u011f\u00fcnden ayr\u0131lmadan adil, ba\u011f\u0131ms\u0131z, tarafs\u0131z, g\u00fcvenilir ve etkin yarg\u0131 sisteminin daha da g\u00fc\u00e7lendirilmesi ad\u0131na \u00fcstlendikleri bu \u00f6nemli g\u00f6revde kendilerine muvaffakiyetler diliyorum,\u201d dedi. Tun\u00e7, yeni \u00fcyelerin adaletin tecellisi yolunda ba\u015far\u0131l\u0131 \u00e7al\u0131\u015fmalara imza ataca\u011f\u0131na olan inanc\u0131n\u0131 vurgulad\u0131.<br \/>\nBakan Tun\u00e7, atamalar\u0131n yarg\u0131 camias\u0131, \u00fclke ve millet i\u00e7in hay\u0131rl\u0131 olmas\u0131n\u0131 temenni ederek, HSK\u2019n\u0131n yeni \u00fcyelerinin T\u00fcrkiye\u2019nin yarg\u0131 sistemini daha da g\u00fc\u00e7lendirece\u011fine olan g\u00fcvenini ifade etti.<\/p>\n<p>Cumhurba\u015fkan\u0131 Recep Tayyip Erdo\u011fan\u2019\u0131n onay\u0131yla HSK \u00fcyeliklerine se\u00e7ilen ve bug\u00fcnk\u00fc Resmi Gazete&#8217;de yay\u0131mlanan isimler \u015f\u00f6yle oldu:<br \/>\nAdalet Bakanl\u0131\u011f\u0131 Personel Genel M\u00fcd\u00fcr\u00fc Turan Kulo\u011flu, Adalet Bakanl\u0131\u011f\u0131 Hukuk Hizmetleri Genel M\u00fcd\u00fcr\u00fc Serdar Ate\u015f, \u0130stanbul Adli Yarg\u0131 \u0130lk Derece Mahkemesi Adalet Komisyonu Ba\u015fkan\u0131 Sait \u00d6zdemir, Ankara B\u00f6lge \u0130dare Mahkemesi Ba\u015fkan\u0131 B\u00fclent K\u00fcf\u00fcd\u00fcr.<\/p>\n<p>\u200bAdalet Bakan\u0131 Y\u0131lmaz Tun\u00e7, Cumhurba\u015fkan\u0131 Recep Tayyip Erdo\u011fan\u2019\u0131n oluruylaH\u00e2kimler ve Savc\u0131lar Kurulu\u2019na (HSK) se\u00e7ilen d\u00f6rt yeni \u00fcyenin atamas\u0131n\u0131 duyurdu. Bakan Tun\u00e7, yeni \u00fcyelerin adaletin tecellisi i\u00e7in \u00f6nemli \u00e7al\u0131\u015fmalara imza ataca\u011f\u0131na inand\u0131\u011f\u0131n\u0131 belirtti.ANKARA (\u0130GFA) &#8211; Adalet Bakan\u0131 Y\u0131lmaz Tun\u00e7, sosyal medya hesab\u0131ndan yapt\u0131\u011f\u0131 payla\u015f\u0131mla, H\u00e2kimler ve Savc\u0131lar Kurulu\u2019na (HSK) yeni \u00fcyelerin atand\u0131\u011f\u0131n\u0131 kamuoyuyla payla\u015ft\u0131.<br \/>\nBakan Tun\u00e7, yeni HSK \u00fcyelerine g\u00f6revlerinde ba\u015far\u0131lar dileyerek, \u201cHukukun \u00fcst\u00fcnl\u00fc\u011f\u00fcnden ayr\u0131lmadan adil, ba\u011f\u0131ms\u0131z, tarafs\u0131z, g\u00fcvenilir ve etkin yarg\u0131 sisteminin daha da g\u00fc\u00e7lendirilmesi ad\u0131na \u00fcstlendikleri bu \u00f6nemli g\u00f6revde kendilerine muvaffakiyetler diliyorum,\u201d dedi. Tun\u00e7, yeni \u00fcyelerin adaletin tecellisi yolunda ba\u015far\u0131l\u0131 \u00e7al\u0131\u015fmalara imza ataca\u011f\u0131na olan inanc\u0131n\u0131 vurgulad\u0131.<br \/>\nBakan Tun\u00e7, atamalar\u0131n yarg\u0131 camias\u0131, \u00fclke ve millet i\u00e7in hay\u0131rl\u0131 olmas\u0131n\u0131 temenni ederek, HSK\u2019n\u0131n yeni \u00fcyelerinin T\u00fcrkiye\u2019nin yarg\u0131 sistemini daha da g\u00fc\u00e7lendirece\u011fine olan g\u00fcvenini ifade etti.<\/p>\n<p>Cumhurba\u015fkan\u0131 Recep Tayyip Erdo\u011fan\u2019\u0131n onay\u0131yla HSK \u00fcyeliklerine se\u00e7ilen ve bug\u00fcnk\u00fc Resmi Gazete&#8217;de yay\u0131mlanan isimler \u015f\u00f6yle oldu:<br \/>\nAdalet Bakanl\u0131\u011f\u0131 Personel Genel M\u00fcd\u00fcr\u00fc Turan Kulo\u011flu, Adalet Bakanl\u0131\u011f\u0131 Hukuk Hizmetleri Genel M\u00fcd\u00fcr\u00fc Serdar Ate\u015f, \u0130stanbul Adli Yarg\u0131 \u0130lk Derece Mahkemesi Adalet Komisyonu Ba\u015fkan\u0131 Sait \u00d6zdemir, Ankara B\u00f6lge \u0130dare Mahkemesi Ba\u015fkan\u0131 B\u00fclent K\u00fcf\u00fcd\u00fcr.\u00a0<\/p>\n<p>\u200bHaberin Al\u0131nt\u0131land\u0131\u011f\u0131 Kaynak: www.iskenderun.org<\/p>","protected":false},"excerpt":{"rendered":"<p>Adalet Bakan\u0131 Y\u0131lmaz Tun\u00e7, Cumhurba\u015fkan\u0131 Recep Tayyip Erdo\u011fan\u2019\u0131n oluruylaH\u00e2kimler ve Savc\u0131lar Kurulu\u2019na (HSK) se\u00e7ilen d\u00f6rt yeni \u00fcyenin atamas\u0131n\u0131 duyurdu. Bakan Tun\u00e7, yeni \u00fcyelerin adaletin tecellisi i\u00e7in \u00f6nemli \u00e7al\u0131\u015fmalara imza ataca\u011f\u0131na inand\u0131\u011f\u0131n\u0131 belirtti.ANKARA (\u0130GFA) &#8211; Adalet Bakan\u0131 Y\u0131lmaz Tun\u00e7, sosyal medya hesab\u0131ndan yapt\u0131\u011f\u0131 payla\u015f\u0131mla, H\u00e2kimler ve Savc\u0131lar Kurulu\u2019na (HSK) yeni \u00fcyelerin atand\u0131\u011f\u0131n\u0131 kamuoyuyla payla\u015ft\u0131. Bakan Tun\u00e7, yeni HSK \u00fcyelerine g\u00f6revlerinde ba\u015far\u0131lar dileyerek, \u201cHukukun \u00fcst\u00fcnl\u00fc\u011f\u00fcnden ayr\u0131lmadan adil, ba\u011f\u0131ms\u0131z, tarafs\u0131z, g\u00fcvenilir ve etkin yarg\u0131 sisteminin daha da g\u00fc\u00e7lendirilmesi ad\u0131na \u00fcstlendikleri bu \u00f6nemli g\u00f6revde kendilerine muvaffakiyetler diliyorum,\u201d dedi. Tun\u00e7, yeni \u00fcyelerin adaletin tecellisi yolunda ba\u015far\u0131l\u0131 \u00e7al\u0131\u015fmalara imza ataca\u011f\u0131na olan inanc\u0131n\u0131 vurgulad\u0131. Bakan Tun\u00e7, atamalar\u0131n yarg\u0131 camias\u0131, \u00fclke ve millet i\u00e7in hay\u0131rl\u0131 olmas\u0131n\u0131 temenni ederek, HSK\u2019n\u0131n yeni \u00fcyelerinin T\u00fcrkiye\u2019nin yarg\u0131 sistemini daha da g\u00fc\u00e7lendirece\u011fine olan g\u00fcvenini ifade etti. Cumhurba\u015fkan\u0131 Recep Tayyip Erdo\u011fan\u2019\u0131n onay\u0131yla HSK \u00fcyeliklerine se\u00e7ilen ve bug\u00fcnk\u00fc Resmi Gazete&#8217;de yay\u0131mlanan isimler \u015f\u00f6yle oldu: Adalet Bakanl\u0131\u011f\u0131 Personel Genel M\u00fcd\u00fcr\u00fc Turan Kulo\u011flu, Adalet Bakanl\u0131\u011f\u0131 Hukuk Hizmetleri Genel M\u00fcd\u00fcr\u00fc Serdar Ate\u015f, \u0130stanbul Adli Yarg\u0131 \u0130lk Derece Mahkemesi Adalet Komisyonu Ba\u015fkan\u0131 Sait \u00d6zdemir, Ankara B\u00f6lge \u0130dare Mahkemesi Ba\u015fkan\u0131 B\u00fclent K\u00fcf\u00fcd\u00fcr. \u200bAdalet Bakan\u0131 Y\u0131lmaz Tun\u00e7, Cumhurba\u015fkan\u0131 Recep Tayyip Erdo\u011fan\u2019\u0131n oluruylaH\u00e2kimler ve Savc\u0131lar Kurulu\u2019na (HSK) se\u00e7ilen d\u00f6rt yeni \u00fcyenin atamas\u0131n\u0131 duyurdu. Bakan Tun\u00e7, yeni \u00fcyelerin adaletin tecellisi i\u00e7in \u00f6nemli \u00e7al\u0131\u015fmalara &hellip;<\/p>","protected":false},"author":1,"featured_media":0,"comment_status":"","ping_status":"open","sticky":false,"template":"","format":"standard","meta":{"_acf_changed":false,"footnotes":""},"categories":[24],"tags":[],"class_list":["post-100430","post","type-post","status-publish","format-standard","has-post-thumbnail","hentry","category-gundem"],"acf":[],"yoast_head":"<!-- This site is optimized with the Yoast SEO Premium plugin v26.6 (Yoast SEO v27.1.1) - https:\/\/yoast.com\/product\/yoast-seo-premium-wordpress\/ -->\n<title>HSK\u2019ya yeni \u00fcyeler atand\u0131... Bakan Tun\u00e7\u2019tan &#039;hay\u0131rl\u0131 olsun&#039; mesaj\u0131 - Av. Deniz Can K\u0131z\u0131l<\/title>\n<meta name=\"robots\" content=\"index, follow, max-snippet:-1, max-image-preview:large, max-video-preview:-1\" \/>\n<link rel=\"canonical\" href=\"http:\/\/denizcankizil.tr\/de\/haberler\/gundem\/hskya-yeni-uyeler-atandi-bakan-tunctan-hayirli-olsun-mesaji\/\" \/>\n<meta property=\"og:locale\" content=\"de_DE\" \/>\n<meta property=\"og:type\" content=\"article\" \/>\n<meta property=\"og:title\" content=\"HSK\u2019ya yeni \u00fcyeler atand\u0131... Bakan Tun\u00e7\u2019tan &#039;hay\u0131rl\u0131 olsun&#039; mesaj\u0131\" \/>\n<meta property=\"og:description\" content=\"Adalet Bakan\u0131 Y\u0131lmaz Tun\u00e7, Cumhurba\u015fkan\u0131 Recep Tayyip Erdo\u011fan\u2019\u0131n oluruylaH\u00e2kimler ve Savc\u0131lar Kurulu\u2019na (HSK) se\u00e7ilen d\u00f6rt yeni \u00fcyenin atamas\u0131n\u0131 duyurdu. Bakan Tun\u00e7, yeni \u00fcyelerin adaletin tecellisi i\u00e7in \u00f6nemli \u00e7al\u0131\u015fmalara imza ataca\u011f\u0131na inand\u0131\u011f\u0131n\u0131 belirtti.ANKARA (\u0130GFA) &#8211; Adalet Bakan\u0131 Y\u0131lmaz Tun\u00e7, sosyal medya hesab\u0131ndan yapt\u0131\u011f\u0131 payla\u015f\u0131mla, H\u00e2kimler ve Savc\u0131lar Kurulu\u2019na (HSK) yeni \u00fcyelerin atand\u0131\u011f\u0131n\u0131 kamuoyuyla payla\u015ft\u0131. Bakan Tun\u00e7, yeni HSK \u00fcyelerine g\u00f6revlerinde ba\u015far\u0131lar dileyerek, \u201cHukukun \u00fcst\u00fcnl\u00fc\u011f\u00fcnden ayr\u0131lmadan adil, ba\u011f\u0131ms\u0131z, tarafs\u0131z, g\u00fcvenilir ve etkin yarg\u0131 sisteminin daha da g\u00fc\u00e7lendirilmesi ad\u0131na \u00fcstlendikleri bu \u00f6nemli g\u00f6revde kendilerine muvaffakiyetler diliyorum,\u201d dedi. Tun\u00e7, yeni \u00fcyelerin adaletin tecellisi yolunda ba\u015far\u0131l\u0131 \u00e7al\u0131\u015fmalara imza ataca\u011f\u0131na olan inanc\u0131n\u0131 vurgulad\u0131. Bakan Tun\u00e7, atamalar\u0131n yarg\u0131 camias\u0131, \u00fclke ve millet i\u00e7in hay\u0131rl\u0131 olmas\u0131n\u0131 temenni ederek, HSK\u2019n\u0131n yeni \u00fcyelerinin T\u00fcrkiye\u2019nin yarg\u0131 sistemini daha da g\u00fc\u00e7lendirece\u011fine olan g\u00fcvenini ifade etti. Cumhurba\u015fkan\u0131 Recep Tayyip Erdo\u011fan\u2019\u0131n onay\u0131yla HSK \u00fcyeliklerine se\u00e7ilen ve bug\u00fcnk\u00fc Resmi Gazete&#8217;de yay\u0131mlanan isimler \u015f\u00f6yle oldu: Adalet Bakanl\u0131\u011f\u0131 Personel Genel M\u00fcd\u00fcr\u00fc Turan Kulo\u011flu, Adalet Bakanl\u0131\u011f\u0131 Hukuk Hizmetleri Genel M\u00fcd\u00fcr\u00fc Serdar Ate\u015f, \u0130stanbul Adli Yarg\u0131 \u0130lk Derece Mahkemesi Adalet Komisyonu Ba\u015fkan\u0131 Sait \u00d6zdemir, Ankara B\u00f6lge \u0130dare Mahkemesi Ba\u015fkan\u0131 B\u00fclent K\u00fcf\u00fcd\u00fcr. \u200bAdalet Bakan\u0131 Y\u0131lmaz Tun\u00e7, Cumhurba\u015fkan\u0131 Recep Tayyip Erdo\u011fan\u2019\u0131n oluruylaH\u00e2kimler ve Savc\u0131lar Kurulu\u2019na (HSK) se\u00e7ilen d\u00f6rt yeni \u00fcyenin atamas\u0131n\u0131 duyurdu. Bakan Tun\u00e7, yeni \u00fcyelerin adaletin tecellisi i\u00e7in \u00f6nemli \u00e7al\u0131\u015fmalara &hellip;\" \/>\n<meta property=\"og:url\" content=\"http:\/\/denizcankizil.tr\/de\/haberler\/gundem\/hskya-yeni-uyeler-atandi-bakan-tunctan-hayirli-olsun-mesaji\/\" \/>\n<meta property=\"og:site_name\" content=\"Av. Deniz Can K\u0131z\u0131l\" \/>\n<meta property=\"article:published_time\" content=\"2025-05-29T07:43:45+00:00\" \/>\n<meta name=\"author\" content=\"admin\" \/>\n<meta name=\"twitter:card\" content=\"summary_large_image\" \/>\n<meta name=\"twitter:label1\" content=\"Verfasst von\" \/>\n\t<meta name=\"twitter:data1\" content=\"admin\" \/>\n\t<meta name=\"twitter:label2\" content=\"Gesch\u00e4tzte Lesezeit\" \/>\n\t<meta name=\"twitter:data2\" content=\"2\u00a0Minuten\" \/>\n<script type=\"application\/ld+json\" class=\"yoast-schema-graph\">{\"@context\":\"https:\/\/schema.org\",\"@graph\":[{\"@type\":\"Article\",\"@id\":\"http:\/\/denizcankizil.tr\/ru\/haberler\/gundem\/hskya-yeni-uyeler-atandi-bakan-tunctan-hayirli-olsun-mesaji\/#article\",\"isPartOf\":{\"@id\":\"http:\/\/denizcankizil.tr\/ru\/haberler\/gundem\/hskya-yeni-uyeler-atandi-bakan-tunctan-hayirli-olsun-mesaji\/\"},\"author\":{\"name\":\"admin\",\"@id\":\"https:\/\/denizcankizil.tr\/de\/#\/schema\/person\/be3c05fe6a12686905512445d8185489\"},\"headline\":\"HSK\u2019ya yeni \u00fcyeler atand\u0131&#8230; Bakan Tun\u00e7\u2019tan &#8216;hay\u0131rl\u0131 olsun&#8217; mesaj\u0131\",\"datePublished\":\"2025-05-29T07:43:45+00:00\",\"mainEntityOfPage\":{\"@id\":\"http:\/\/denizcankizil.tr\/ru\/haberler\/gundem\/hskya-yeni-uyeler-atandi-bakan-tunctan-hayirli-olsun-mesaji\/\"},\"wordCount\":508,\"publisher\":{\"@id\":\"https:\/\/denizcankizil.tr\/de\/#organization\"},\"articleSection\":[\"G\u00fcndem\"],\"inLanguage\":\"de\"},{\"@type\":\"WebPage\",\"@id\":\"http:\/\/denizcankizil.tr\/ru\/haberler\/gundem\/hskya-yeni-uyeler-atandi-bakan-tunctan-hayirli-olsun-mesaji\/\",\"url\":\"http:\/\/denizcankizil.tr\/ru\/haberler\/gundem\/hskya-yeni-uyeler-atandi-bakan-tunctan-hayirli-olsun-mesaji\/\",\"name\":\"HSK\u2019ya yeni \u00fcyeler atand\u0131... Bakan Tun\u00e7\u2019tan 'hay\u0131rl\u0131 olsun' mesaj\u0131 - Av. Deniz Can K\u0131z\u0131l\",\"isPartOf\":{\"@id\":\"https:\/\/denizcankizil.tr\/de\/#website\"},\"datePublished\":\"2025-05-29T07:43:45+00:00\",\"breadcrumb\":{\"@id\":\"http:\/\/denizcankizil.tr\/ru\/haberler\/gundem\/hskya-yeni-uyeler-atandi-bakan-tunctan-hayirli-olsun-mesaji\/#breadcrumb\"},\"inLanguage\":\"de\",\"potentialAction\":[{\"@type\":\"ReadAction\",\"target\":[\"http:\/\/denizcankizil.tr\/ru\/haberler\/gundem\/hskya-yeni-uyeler-atandi-bakan-tunctan-hayirli-olsun-mesaji\/\"]}]},{\"@type\":\"BreadcrumbList\",\"@id\":\"http:\/\/denizcankizil.tr\/ru\/haberler\/gundem\/hskya-yeni-uyeler-atandi-bakan-tunctan-hayirli-olsun-mesaji\/#breadcrumb\",\"itemListElement\":[{\"@type\":\"ListItem\",\"position\":1,\"name\":\"Home\",\"item\":\"https:\/\/denizcankizil.tr\/de\/\"},{\"@type\":\"ListItem\",\"position\":2,\"name\":\"HSK\u2019ya yeni \u00fcyeler atand\u0131&#8230; Bakan Tun\u00e7\u2019tan &#8216;hay\u0131rl\u0131 olsun&#8217; mesaj\u0131\"}]},{\"@type\":\"WebSite\",\"@id\":\"https:\/\/denizcankizil.tr\/de\/#website\",\"url\":\"https:\/\/denizcankizil.tr\/de\/\",\"name\":\"Av. Deniz Can K\u0131z\u0131l\",\"description\":\"Avukat Deniz Can K\u0131z\u0131l Antalya Barosu\",\"publisher\":{\"@id\":\"https:\/\/denizcankizil.tr\/de\/#organization\"},\"potentialAction\":[{\"@type\":\"SearchAction\",\"target\":{\"@type\":\"EntryPoint\",\"urlTemplate\":\"https:\/\/denizcankizil.tr\/de\/?s={search_term_string}\"},\"query-input\":{\"@type\":\"PropertyValueSpecification\",\"valueRequired\":true,\"valueName\":\"search_term_string\"}}],\"inLanguage\":\"de\"},{\"@type\":\"Organization\",\"@id\":\"https:\/\/denizcankizil.tr\/de\/#organization\",\"name\":\"Av. Deniz Can K\u0131z\u0131l\",\"url\":\"https:\/\/denizcankizil.tr\/de\/\",\"logo\":{\"@type\":\"ImageObject\",\"inLanguage\":\"de\",\"@id\":\"https:\/\/denizcankizil.tr\/de\/#\/schema\/logo\/image\/\",\"url\":\"http:\/\/denizcankizil.tr\/wp-content\/uploads\/2024\/10\/siyah-logo-svg.svg\",\"contentUrl\":\"http:\/\/denizcankizil.tr\/wp-content\/uploads\/2024\/10\/siyah-logo-svg.svg\",\"width\":1080,\"height\":1080,\"caption\":\"Av. Deniz Can K\u0131z\u0131l\"},\"image\":{\"@id\":\"https:\/\/denizcankizil.tr\/de\/#\/schema\/logo\/image\/\"}},{\"@type\":\"Person\",\"@id\":\"https:\/\/denizcankizil.tr\/de\/#\/schema\/person\/be3c05fe6a12686905512445d8185489\",\"name\":\"admin\",\"image\":{\"@type\":\"ImageObject\",\"inLanguage\":\"de\",\"@id\":\"https:\/\/denizcankizil.tr\/de\/#\/schema\/person\/image\/\",\"url\":\"https:\/\/secure.gravatar.com\/avatar\/c1fce94c830dc79107e174f890d7210541c4a63e8e5d816341794a2151c9d58c?s=96&d=mm&r=g\",\"contentUrl\":\"https:\/\/secure.gravatar.com\/avatar\/c1fce94c830dc79107e174f890d7210541c4a63e8e5d816341794a2151c9d58c?s=96&d=mm&r=g\",\"caption\":\"admin\"},\"sameAs\":[\"http:\/\/denizcankizil.tr\"],\"url\":\"https:\/\/www.iskenderun.org\/hskya-yeni-uyeler-atandi-bakan-tunctan-hayirli-olsun-mesaji\"}]}<\/script>\n<!-- \/ Yoast SEO Premium plugin. -->","yoast_head_json":{"title":"HSK\u2019ya yeni \u00fcyeler atand\u0131... Bakan Tun\u00e7\u2019tan 'hay\u0131rl\u0131 olsun' mesaj\u0131 - Av. Deniz Can K\u0131z\u0131l","robots":{"index":"index","follow":"follow","max-snippet":"max-snippet:-1","max-image-preview":"max-image-preview:large","max-video-preview":"max-video-preview:-1"},"canonical":"http:\/\/denizcankizil.tr\/de\/haberler\/gundem\/hskya-yeni-uyeler-atandi-bakan-tunctan-hayirli-olsun-mesaji\/","og_locale":"de_DE","og_type":"article","og_title":"HSK\u2019ya yeni \u00fcyeler atand\u0131... Bakan Tun\u00e7\u2019tan 'hay\u0131rl\u0131 olsun' mesaj\u0131","og_description":"Adalet Bakan\u0131 Y\u0131lmaz Tun\u00e7, Cumhurba\u015fkan\u0131 Recep Tayyip Erdo\u011fan\u2019\u0131n oluruylaH\u00e2kimler ve Savc\u0131lar Kurulu\u2019na (HSK) se\u00e7ilen d\u00f6rt yeni \u00fcyenin atamas\u0131n\u0131 duyurdu. Bakan Tun\u00e7, yeni \u00fcyelerin adaletin tecellisi i\u00e7in \u00f6nemli \u00e7al\u0131\u015fmalara imza ataca\u011f\u0131na inand\u0131\u011f\u0131n\u0131 belirtti.ANKARA (\u0130GFA) &#8211; Adalet Bakan\u0131 Y\u0131lmaz Tun\u00e7, sosyal medya hesab\u0131ndan yapt\u0131\u011f\u0131 payla\u015f\u0131mla, H\u00e2kimler ve Savc\u0131lar Kurulu\u2019na (HSK) yeni \u00fcyelerin atand\u0131\u011f\u0131n\u0131 kamuoyuyla payla\u015ft\u0131. Bakan Tun\u00e7, yeni HSK \u00fcyelerine g\u00f6revlerinde ba\u015far\u0131lar dileyerek, \u201cHukukun \u00fcst\u00fcnl\u00fc\u011f\u00fcnden ayr\u0131lmadan adil, ba\u011f\u0131ms\u0131z, tarafs\u0131z, g\u00fcvenilir ve etkin yarg\u0131 sisteminin daha da g\u00fc\u00e7lendirilmesi ad\u0131na \u00fcstlendikleri bu \u00f6nemli g\u00f6revde kendilerine muvaffakiyetler diliyorum,\u201d dedi. Tun\u00e7, yeni \u00fcyelerin adaletin tecellisi yolunda ba\u015far\u0131l\u0131 \u00e7al\u0131\u015fmalara imza ataca\u011f\u0131na olan inanc\u0131n\u0131 vurgulad\u0131. Bakan Tun\u00e7, atamalar\u0131n yarg\u0131 camias\u0131, \u00fclke ve millet i\u00e7in hay\u0131rl\u0131 olmas\u0131n\u0131 temenni ederek, HSK\u2019n\u0131n yeni \u00fcyelerinin T\u00fcrkiye\u2019nin yarg\u0131 sistemini daha da g\u00fc\u00e7lendirece\u011fine olan g\u00fcvenini ifade etti. Cumhurba\u015fkan\u0131 Recep Tayyip Erdo\u011fan\u2019\u0131n onay\u0131yla HSK \u00fcyeliklerine se\u00e7ilen ve bug\u00fcnk\u00fc Resmi Gazete&#8217;de yay\u0131mlanan isimler \u015f\u00f6yle oldu: Adalet Bakanl\u0131\u011f\u0131 Personel Genel M\u00fcd\u00fcr\u00fc Turan Kulo\u011flu, Adalet Bakanl\u0131\u011f\u0131 Hukuk Hizmetleri Genel M\u00fcd\u00fcr\u00fc Serdar Ate\u015f, \u0130stanbul Adli Yarg\u0131 \u0130lk Derece Mahkemesi Adalet Komisyonu Ba\u015fkan\u0131 Sait \u00d6zdemir, Ankara B\u00f6lge \u0130dare Mahkemesi Ba\u015fkan\u0131 B\u00fclent K\u00fcf\u00fcd\u00fcr. \u200bAdalet Bakan\u0131 Y\u0131lmaz Tun\u00e7, Cumhurba\u015fkan\u0131 Recep Tayyip Erdo\u011fan\u2019\u0131n oluruylaH\u00e2kimler ve Savc\u0131lar Kurulu\u2019na (HSK) se\u00e7ilen d\u00f6rt yeni \u00fcyenin atamas\u0131n\u0131 duyurdu. Bakan Tun\u00e7, yeni \u00fcyelerin adaletin tecellisi i\u00e7in \u00f6nemli \u00e7al\u0131\u015fmalara &hellip;","og_url":"http:\/\/denizcankizil.tr\/de\/haberler\/gundem\/hskya-yeni-uyeler-atandi-bakan-tunctan-hayirli-olsun-mesaji\/","og_site_name":"Av. Deniz Can K\u0131z\u0131l","article_published_time":"2025-05-29T07:43:45+00:00","author":"admin","twitter_card":"summary_large_image","twitter_misc":{"Verfasst von":"admin","Gesch\u00e4tzte Lesezeit":"2\u00a0Minuten"},"schema":{"@context":"https:\/\/schema.org","@graph":[{"@type":"Article","@id":"http:\/\/denizcankizil.tr\/ru\/haberler\/gundem\/hskya-yeni-uyeler-atandi-bakan-tunctan-hayirli-olsun-mesaji\/#article","isPartOf":{"@id":"http:\/\/denizcankizil.tr\/ru\/haberler\/gundem\/hskya-yeni-uyeler-atandi-bakan-tunctan-hayirli-olsun-mesaji\/"},"author":{"name":"admin","@id":"https:\/\/denizcankizil.tr\/de\/#\/schema\/person\/be3c05fe6a12686905512445d8185489"},"headline":"HSK\u2019ya yeni \u00fcyeler atand\u0131&#8230; Bakan Tun\u00e7\u2019tan &#8216;hay\u0131rl\u0131 olsun&#8217; mesaj\u0131","datePublished":"2025-05-29T07:43:45+00:00","mainEntityOfPage":{"@id":"http:\/\/denizcankizil.tr\/ru\/haberler\/gundem\/hskya-yeni-uyeler-atandi-bakan-tunctan-hayirli-olsun-mesaji\/"},"wordCount":508,"publisher":{"@id":"https:\/\/denizcankizil.tr\/de\/#organization"},"articleSection":["G\u00fcndem"],"inLanguage":"de"},{"@type":"WebPage","@id":"http:\/\/denizcankizil.tr\/ru\/haberler\/gundem\/hskya-yeni-uyeler-atandi-bakan-tunctan-hayirli-olsun-mesaji\/","url":"http:\/\/denizcankizil.tr\/ru\/haberler\/gundem\/hskya-yeni-uyeler-atandi-bakan-tunctan-hayirli-olsun-mesaji\/","name":"HSK\u2019ya yeni \u00fcyeler atand\u0131... Bakan Tun\u00e7\u2019tan 'hay\u0131rl\u0131 olsun' mesaj\u0131 - Av. Deniz Can K\u0131z\u0131l","isPartOf":{"@id":"https:\/\/denizcankizil.tr\/de\/#website"},"datePublished":"2025-05-29T07:43:45+00:00","breadcrumb":{"@id":"http:\/\/denizcankizil.tr\/ru\/haberler\/gundem\/hskya-yeni-uyeler-atandi-bakan-tunctan-hayirli-olsun-mesaji\/#breadcrumb"},"inLanguage":"de","potentialAction":[{"@type":"ReadAction","target":["http:\/\/denizcankizil.tr\/ru\/haberler\/gundem\/hskya-yeni-uyeler-atandi-bakan-tunctan-hayirli-olsun-mesaji\/"]}]},{"@type":"BreadcrumbList","@id":"http:\/\/denizcankizil.tr\/ru\/haberler\/gundem\/hskya-yeni-uyeler-atandi-bakan-tunctan-hayirli-olsun-mesaji\/#breadcrumb","itemListElement":[{"@type":"ListItem","position":1,"name":"Home","item":"https:\/\/denizcankizil.tr\/de\/"},{"@type":"ListItem","position":2,"name":"HSK\u2019ya yeni \u00fcyeler atand\u0131&#8230; Bakan Tun\u00e7\u2019tan &#8216;hay\u0131rl\u0131 olsun&#8217; mesaj\u0131"}]},{"@type":"WebSite","@id":"https:\/\/denizcankizil.tr\/de\/#website","url":"https:\/\/denizcankizil.tr\/de\/","name":"Av. Deniz Can K\u0131z\u0131l","description":"Avukat Deniz Can K\u0131z\u0131l Antalya Barosu","publisher":{"@id":"https:\/\/denizcankizil.tr\/de\/#organization"},"potentialAction":[{"@type":"SearchAction","target":{"@type":"EntryPoint","urlTemplate":"https:\/\/denizcankizil.tr\/de\/?s={search_term_string}"},"query-input":{"@type":"PropertyValueSpecification","valueRequired":true,"valueName":"search_term_string"}}],"inLanguage":"de"},{"@type":"Organization","@id":"https:\/\/denizcankizil.tr\/de\/#organization","name":"Av. Deniz Can K\u0131z\u0131l","url":"https:\/\/denizcankizil.tr\/de\/","logo":{"@type":"ImageObject","inLanguage":"de","@id":"https:\/\/denizcankizil.tr\/de\/#\/schema\/logo\/image\/","url":"http:\/\/denizcankizil.tr\/wp-content\/uploads\/2024\/10\/siyah-logo-svg.svg","contentUrl":"http:\/\/denizcankizil.tr\/wp-content\/uploads\/2024\/10\/siyah-logo-svg.svg","width":1080,"height":1080,"caption":"Av. Deniz Can K\u0131z\u0131l"},"image":{"@id":"https:\/\/denizcankizil.tr\/de\/#\/schema\/logo\/image\/"}},{"@type":"Person","@id":"https:\/\/denizcankizil.tr\/de\/#\/schema\/person\/be3c05fe6a12686905512445d8185489","name":"Administrator","image":{"@type":"ImageObject","inLanguage":"de","@id":"https:\/\/denizcankizil.tr\/de\/#\/schema\/person\/image\/","url":"https:\/\/secure.gravatar.com\/avatar\/c1fce94c830dc79107e174f890d7210541c4a63e8e5d816341794a2151c9d58c?s=96&d=mm&r=g","contentUrl":"https:\/\/secure.gravatar.com\/avatar\/c1fce94c830dc79107e174f890d7210541c4a63e8e5d816341794a2151c9d58c?s=96&d=mm&r=g","caption":"admin"},"sameAs":["http:\/\/denizcankizil.tr"],"url":"https:\/\/www.iskenderun.org\/hskya-yeni-uyeler-atandi-bakan-tunctan-hayirli-olsun-mesaji"}]}},"_links":{"self":[{"href":"http:\/\/denizcankizil.tr\/de\/wp-json\/wp\/v2\/posts\/100430","targetHints":{"allow":["GET"]}}],"collection":[{"href":"http:\/\/denizcankizil.tr\/de\/wp-json\/wp\/v2\/posts"}],"about":[{"href":"http:\/\/denizcankizil.tr\/de\/wp-json\/wp\/v2\/types\/post"}],"author":[{"embeddable":true,"href":"http:\/\/denizcankizil.tr\/de\/wp-json\/wp\/v2\/users\/1"}],"replies":[{"embeddable":true,"href":"http:\/\/denizcankizil.tr\/de\/wp-json\/wp\/v2\/comments?post=100430"}],"version-history":[{"count":0,"href":"http:\/\/denizcankizil.tr\/de\/wp-json\/wp\/v2\/posts\/100430\/revisions"}],"wp:attachment":[{"href":"http:\/\/denizcankizil.tr\/de\/wp-json\/wp\/v2\/media?parent=100430"}],"wp:term":[{"taxonomy":"category","embeddable":true,"href":"http:\/\/denizcankizil.tr\/de\/wp-json\/wp\/v2\/categories?post=100430"},{"taxonomy":"post_tag","embeddable":true,"href":"http:\/\/denizcankizil.tr\/de\/wp-json\/wp\/v2\/tags?post=100430"}],"curies":[{"name":"wp","href":"https:\/\/api.w.org\/{rel}","templated":true}]}}